{"id":90802,"date":"2026-08-31T08:17:36","date_gmt":"2026-08-31T11:17:36","guid":{"rendered":"https:\/\/noticiasribeiraopreto.com.br\/index.php\/2026\/08\/31\/morre-marcelo-gasparini-da-dupla-sertaneja-mauricio-e-marcelo\/"},"modified":"2026-08-31T08:17:36","modified_gmt":"2026-08-31T11:17:36","slug":"morre-marcelo-gasparini-da-dupla-sertaneja-mauricio-e-marcelo","status":"publish","type":"post","link":"https:\/\/noticiasribeiraopreto.com.br\/index.php\/2026\/08\/31\/morre-marcelo-gasparini-da-dupla-sertaneja-mauricio-e-marcelo\/","title":{"rendered":"Morre Marcelo Gasparini, da dupla sertaneja Maur\u00edcio e Marcelo"},"content":{"rendered":"<div class='code-block code-block-1' style='margin: 8px 0 8px auto; text-align: right; display: block; clear: both;'>\n<p><a href=\"https:\/\/wa.link\/vpicfd\"><img data-recalc-dims=\"1\" class=\"wp-image-4922\" style=\"aspect-ratio: 2.0253164556962027; width: 561px; height: auto;\" src=\"https:\/\/i0.wp.com\/ismaelcolosi.com.br\/wp-content\/uploads\/2023\/11\/grupo-de-empregos-whatsapp-e-facebook-ismael-colosi-vagas.jpg?ssl=1\" alt=\"\" \/><\/a><\/p>\n<!-- \/wp:image -->\n<\/div>\n<p> <br \/>\n<\/p>\n<div id=\"\">&#13;<br \/>\n\t\t\t\t\t\t\t\t&#13;<\/p>\n<p>&#13;<br \/>\n\t\t\t\t\t\t\t\t\t<span class=\"entry-meta-item penci-posted-on\"><i class=\"fa fa-clock-o\"\/><time class=\"entry-date published updated\" datetime=\"2026-08-31T08:15:12-03:00\">31 de agosto de 2026 08:15<\/time><\/span><span class=\"entry-meta-item penci-post-countview\"\/>\t\t\t\t\t\t\t\t<\/p>\n<p><!-- .entry-meta -->&#13;<br \/>\n\t\t\t\t\t\t\t\t<span class=\"penci-social-buttons penci-social-share-footer\"><span class=\"penci-social-share-text\">Compartilhar<\/span><a href=\"#\" class=\"penci-post-like penci_post-meta_item  single-like-button penci-social-item like\" data-post_id=\"475559\" title=\"Like\" data-like=\"Like\" data-unlike=\"Unlike\"><i class=\"fa fa-thumbs-o-up\"\/><span class=\"penci-share-number\">0<\/span><\/a><i class=\"fa fa-facebook\"\/><a class=\"penci-social-item twitter\" target=\"_blank\" rel=\"noopener\" title=\"\" href=\"https:\/\/twitter.com\/intent\/tweet?text=Morre%20Marcelo%20Gasparini,%20da%20dupla%20sertaneja%20Maur\u00edcio%20e%20Marcelo%20-%20https:\/\/www.tribunaribeirao.com.br\/morre-marcelo-gasparini-da-dupla-sertaneja-mauricio-e-marcelo\/\"><i class=\"fa fa-twitter\"\/><\/a><i class=\"fa fa-linkedin\"\/><i class=\"fa fa-whatsapp\"\/><i class=\"fa fa-telegram\"\/><i class=\"fa fa-envelope\"\/><\/span>\t\t\t\t\t\t\t<\/div>\n<div>\n<p>Faleceu nesta segunda-feira (31), aos 54 anos, o cantor sertanejo Marcelo Gasparini, integrante da dupla Maur\u00edcio e Marcelo.\u00a0Marcelo lutava contra um c\u00e2ncer e havia sido diagnosticado, em fevereiro deste ano, com Leucemia Miel\u00f3ide Aguda (LMA).<\/p>\n<p>Ao lado do irm\u00e3o g\u00eameo, Maur\u00edcio Gasparini, Marcelo construiu uma trajet\u00f3ria marcada pela m\u00fasica, pela alegria e pela simpatia, conquistando o carinho do p\u00fablico desde o in\u00edcio da carreira. Os dois come\u00e7aram a cantar ainda jovens e, juntos, levaram a m\u00fasica sertaneja a diferentes p\u00fablicos e palcos.<\/p>\n<p>Marcelo tamb\u00e9m integrava o projeto Clube da Viola, que atualmente celebrava uma importante marca: 30 anos de estrada, em uma turn\u00ea que reunia grandes nomes da m\u00fasica sertaneja e valorizava a cultura e a tradi\u00e7\u00e3o da viola.<\/p>\n<p>Filho do ex-prefeito de Ribeir\u00e3o Preto e ex-deputado estadual Welson Gasparini, Marcelo deixa a esposa e um filho, al\u00e9m de familiares, amigos e uma legi\u00e3o de admiradores que acompanharam sua hist\u00f3ria.<\/p>\n<p>Neste momento de profunda dor, a fam\u00edlia Gasparini agradece todas as manifesta\u00e7\u00f5es de carinho, solidariedade e ora\u00e7\u00f5es recebidas e pede respeito \u00e0 privacidade dos familiares.<\/p>\n<p>Marcelo deixa como legado a m\u00fasica, a alegria e as mem\u00f3rias de uma vida dedicada \u00e0 fam\u00edlia, aos amigos e aos palcos.<\/p>\n<p class=\"PDq2pG_selectionAnchorContainer\" data-start=\"140\" data-end=\"263\">As homenagens ser\u00e3o realizadas no <strong data-start=\"174\" data-end=\"192\">Vel\u00f3rio da Paz<\/strong>, na <strong data-start=\"197\" data-end=\"230\">Av. das L\u00e1grimas, 245, Sala 1<\/strong>, com in\u00edcio em <strong data-start=\"246\" data-end=\"262\">31\/08, \u00e0s 9h<\/strong>.\u00a0O sepultamento ser\u00e1 no <strong data-start=\"288\" data-end=\"312\">Cemit\u00e9rio Bom Pastor<\/strong>, \u00e0s <strong data-start=\"317\" data-end=\"324\">15h<\/strong>.<\/p>\n<div style=\"background-color: #f4f4f5; border: 1px solid #d4d4d8; padding: 15px; margin: 20px 0; border-radius: 6px; font-family: sans-serif; line-height: 1.5;\">\n    <span style=\"color: #27272a;\">Inscreva-se em nosso Canal no Whatsapp e fique por dentro de tudo que acontece na regi\u00e3o. <\/span><br \/>\n    <a href=\"https:\/\/whatsapp.com\/channel\/0029VanuE2o7z4kYjo0XVS3u\" target=\"_blank\" rel=\"noopener noreferrer\" style=\"color: #16a34a; font-weight: bold; text-decoration: underline;\">Clique Aqui!<\/a>\n<\/div>\n<\/div>\n<p><script async src=\"\/\/platform.twitter.com\/widgets.js\" charset=\"utf-8\"><\/script><br \/>\n<br \/><br \/>\n<br \/><a href=\"https:\/\/www.tribunaribeirao.com.br\/morre-marcelo-gasparini-da-dupla-sertaneja-mauricio-e-marcelo\/\">Texto original daqui <\/a><\/p>\n<!-- CONTENT END 1 -->\n","protected":false},"excerpt":{"rendered":"<p>&#13; &#13; &#13; 31 de agosto de 2026 08:15 &#13; Compartilhar0 Faleceu nesta segunda-feira (31), aos 54 anos, o cantor sertanejo Marcelo Gasparini, integrante da&#8230;<\/p>\n","protected":false},"author":1,"featured_media":90803,"comment_status":"","ping_status":"","sticky":false,"template":"","format":"standard","meta":{"advanced_seo_description":"","jetpack_seo_html_title":"","jetpack_seo_noindex":false,"jetpack_seo_schema_type":"","_jetpack_newsletter_access":"","_jetpack_dont_email_post_to_subs":false,"_jetpack_newsletter_tier_id":0,"_jetpack_memberships_contains_paywalled_content":false,"_jetpack_feature_clip_id":0,"_jetpack_memberships_contains_paid_content":false,"footnotes":"","jetpack_publicize_message":"","jetpack_publicize_feature_enabled":true,"jetpack_social_post_already_shared":true,"jetpack_social_options":{"image_generator_settings":{"template":"highway","default_image_id":0,"font":"","enabled":false},"version":2},"jetpack_post_was_ever_published":false},"categories":[11],"tags":[1140,4730,1583,363,271,3582],"class_list":["post-90802","post","type-post","status-publish","format-standard","has-post-thumbnail","hentry","category-noticias-de-ribeirao-preto-sp-e-regiao-ismael-colosi","tag-dupla","tag-gasparini","tag-marcelo","tag-mauricio","tag-morre","tag-sertaneja"],"jetpack_publicize_connections":[],"jetpack-related-posts":[{"id":90798,"url":"https:\/\/noticiasribeiraopreto.com.br\/index.php\/2026\/08\/31\/morre-cantor-marcelo-gasparini-apos-luta-contra-o-cancer\/","url_meta":{"origin":90802,"position":0},"title":"Morre cantor Marcelo Gasparini ap\u00f3s luta contra o c\u00e2ncer","author":"noticiasribeiraopreto.com.br","date":"31 de August de 2026","format":false,"excerpt":"O cantor sertanejo Marcelo Gasparini, integrante da dupla Maur\u00edcio e Marcelo, morreu, nesta segunfa-feira (31), aos 54 anos.Marcelo lutava contra um c\u00e2ncer e havia sido diagnosticado, em fevereiro deste ano, com Leucemia Mieloide Aguda (LMA).Ao lado do irm\u00e3o g\u00eameo, Maur\u00edcio Gasparini, Marcelo construiu uma trajet\u00f3ria marcada pela m\u00fasica, pela alegria\u2026","rel":"","context":"In &quot;Not\u00edcias de Ribeir\u00e3o Preto-SP e Regi\u00e3o&quot;","block_context":{"text":"Not\u00edcias de Ribeir\u00e3o Preto-SP e Regi\u00e3o","link":"https:\/\/noticiasribeiraopreto.com.br\/index.php\/category\/noticias-de-ribeirao-preto-sp-e-regiao-ismael-colosi\/"},"img":{"alt_text":"","src":"https:\/\/i0.wp.com\/noticiasribeiraopreto.com.br\/wp-content\/uploads\/2026\/08\/WhatsApp-Image-2026-08-31-at-06.25.58-1-e1788171077509.jpeg?fit=1075%2C850&ssl=1&resize=350%2C200","width":350,"height":200,"srcset":"https:\/\/i0.wp.com\/noticiasribeiraopreto.com.br\/wp-content\/uploads\/2026\/08\/WhatsApp-Image-2026-08-31-at-06.25.58-1-e1788171077509.jpeg?fit=1075%2C850&ssl=1&resize=350%2C200 1x, https:\/\/i0.wp.com\/noticiasribeiraopreto.com.br\/wp-content\/uploads\/2026\/08\/WhatsApp-Image-2026-08-31-at-06.25.58-1-e1788171077509.jpeg?fit=1075%2C850&ssl=1&resize=525%2C300 1.5x, https:\/\/i0.wp.com\/noticiasribeiraopreto.com.br\/wp-content\/uploads\/2026\/08\/WhatsApp-Image-2026-08-31-at-06.25.58-1-e1788171077509.jpeg?fit=1075%2C850&ssl=1&resize=700%2C400 2x, https:\/\/i0.wp.com\/noticiasribeiraopreto.com.br\/wp-content\/uploads\/2026\/08\/WhatsApp-Image-2026-08-31-at-06.25.58-1-e1788171077509.jpeg?fit=1075%2C850&ssl=1&resize=1050%2C600 3x"},"classes":[]},{"id":90794,"url":"https:\/\/noticiasribeiraopreto.com.br\/index.php\/2026\/08\/31\/rascunho-automatico\/","url_meta":{"origin":90802,"position":1},"title":"Cantor sertanejo morre aos 54 anos em Ribeir\u00e3o Preto","author":"noticiasribeiraopreto.com.br","date":"31 de August de 2026","format":false,"excerpt":"Morreu na madrugada desta segunda-feira (31), aos 54 anos, o cantor sertanejo Marcelo Gasparini. O artista havia sido diagnosticado com com\u00a0leucemia mieloide aguda (LMA) no dia 17 de mar\u00e7o de 2026. O artista \u00e9 irm\u00e3o do\u00a0vereador Maur\u00edcio Gasparini (Uni\u00e3o)\u00a0e\u00a0filho do ex-prefeito Welson Gasparini, nomes conhecidos na\u00a0pol\u00edtica de Ribeir\u00e3o Preto. As\u2026","rel":"","context":"In &quot;Not\u00edcias de Ribeir\u00e3o Preto-SP e Regi\u00e3o&quot;","block_context":{"text":"Not\u00edcias de Ribeir\u00e3o Preto-SP e Regi\u00e3o","link":"https:\/\/noticiasribeiraopreto.com.br\/index.php\/category\/noticias-de-ribeirao-preto-sp-e-regiao-ismael-colosi\/"},"img":{"alt_text":"","src":"https:\/\/i0.wp.com\/noticiasribeiraopreto.com.br\/wp-content\/uploads\/2026\/08\/gasparini-morte-ribeirao.jpeg?fit=1200%2C675&ssl=1&resize=350%2C200","width":350,"height":200,"srcset":"https:\/\/i0.wp.com\/noticiasribeiraopreto.com.br\/wp-content\/uploads\/2026\/08\/gasparini-morte-ribeirao.jpeg?fit=1200%2C675&ssl=1&resize=350%2C200 1x, https:\/\/i0.wp.com\/noticiasribeiraopreto.com.br\/wp-content\/uploads\/2026\/08\/gasparini-morte-ribeirao.jpeg?fit=1200%2C675&ssl=1&resize=525%2C300 1.5x, https:\/\/i0.wp.com\/noticiasribeiraopreto.com.br\/wp-content\/uploads\/2026\/08\/gasparini-morte-ribeirao.jpeg?fit=1200%2C675&ssl=1&resize=700%2C400 2x, https:\/\/i0.wp.com\/noticiasribeiraopreto.com.br\/wp-content\/uploads\/2026\/08\/gasparini-morte-ribeirao.jpeg?fit=1200%2C675&ssl=1&resize=1050%2C600 3x"},"classes":[]},{"id":68620,"url":"https:\/\/noticiasribeiraopreto.com.br\/index.php\/2025\/04\/27\/pelos-palcos-da-vida-tribuna-ribeirao\/","url_meta":{"origin":90802,"position":2},"title":"Pelos palcos da vida\u00a0 &#8211; Tribuna Ribeir\u00e3o","author":"noticiasribeiraopreto.com.br","date":"27 de April de 2025","format":false,"excerpt":"Reeleito no ano passado com 3.380 votos e em seu quarto mandato parlamentar, o vereador Maur\u00edcio Gasparini (Uni\u00e3o Brasil), afirma que atualmente a pol\u00edtica ficou mais din\u00e2mica, com maior participa\u00e7\u00e3o popular e uma cobran\u00e7a mais intensa por parte da sociedade, o que ele considera extremamente positivo.\u00a0 Filho do ex-prefeito \u2013\u2026","rel":"","context":"In &quot;Not\u00edcias de Ribeir\u00e3o Preto-SP e Regi\u00e3o&quot;","block_context":{"text":"Not\u00edcias de Ribeir\u00e3o Preto-SP e Regi\u00e3o","link":"https:\/\/noticiasribeiraopreto.com.br\/index.php\/category\/noticias-de-ribeirao-preto-sp-e-regiao-ismael-colosi\/"},"img":{"alt_text":"","src":"https:\/\/i0.wp.com\/noticiasribeiraopreto.com.br\/wp-content\/uploads\/2025\/04\/1-mauricio-gasparini_alfredo_risk-4-scaled.jpg?fit=750%2C500&ssl=1&resize=350%2C200","width":350,"height":200,"srcset":"https:\/\/i0.wp.com\/noticiasribeiraopreto.com.br\/wp-content\/uploads\/2025\/04\/1-mauricio-gasparini_alfredo_risk-4-scaled.jpg?fit=750%2C500&ssl=1&resize=350%2C200 1x, https:\/\/i0.wp.com\/noticiasribeiraopreto.com.br\/wp-content\/uploads\/2025\/04\/1-mauricio-gasparini_alfredo_risk-4-scaled.jpg?fit=750%2C500&ssl=1&resize=525%2C300 1.5x, https:\/\/i0.wp.com\/noticiasribeiraopreto.com.br\/wp-content\/uploads\/2025\/04\/1-mauricio-gasparini_alfredo_risk-4-scaled.jpg?fit=750%2C500&ssl=1&resize=700%2C400 2x"},"classes":[]},{"id":40507,"url":"https:\/\/noticiasribeiraopreto.com.br\/index.php\/2024\/03\/04\/morre-o-ex-prefeito-de-ribeirao-preto-welson-gasparini-aos-87-anos\/","url_meta":{"origin":90802,"position":3},"title":"Morre o ex-prefeito de Ribeir\u00e3o Preto Welson Gasparini, aos 87 anos","author":"noticiasribeiraopreto.com.br","date":"4 de March de 2024","format":false,"excerpt":"Morreu nesta segunda-feira (4), o ex-prefeito de Ribeir\u00e3o Preto, Welson Gasparini, aos 87 anos. Gasparini estava internado no Hospital Unimed, em Bonfim Paulista, h\u00e1 duas semanas. A informa\u00e7\u00e3o foi confirmada pelo vereador Maur\u00edcio Gasparini (Uni\u00e3o), filho do ex-prefeito. Gasparini sofria de problemas card\u00edacos e chegou a passar por uma cirurgia\u2026","rel":"","context":"In &quot;Not\u00edcias de Ribeir\u00e3o Preto-SP e Regi\u00e3o&quot;","block_context":{"text":"Not\u00edcias de Ribeir\u00e3o Preto-SP e Regi\u00e3o","link":"https:\/\/noticiasribeiraopreto.com.br\/index.php\/category\/noticias-de-ribeirao-preto-sp-e-regiao-ismael-colosi\/"},"img":{"alt_text":"","src":"https:\/\/i0.wp.com\/noticiasribeiraopreto.com.br\/wp-content\/uploads\/2024\/03\/gasparini.jpg?fit=1200%2C800&ssl=1&resize=350%2C200","width":350,"height":200,"srcset":"https:\/\/i0.wp.com\/noticiasribeiraopreto.com.br\/wp-content\/uploads\/2024\/03\/gasparini.jpg?fit=1200%2C800&ssl=1&resize=350%2C200 1x, https:\/\/i0.wp.com\/noticiasribeiraopreto.com.br\/wp-content\/uploads\/2024\/03\/gasparini.jpg?fit=1200%2C800&ssl=1&resize=525%2C300 1.5x, https:\/\/i0.wp.com\/noticiasribeiraopreto.com.br\/wp-content\/uploads\/2024\/03\/gasparini.jpg?fit=1200%2C800&ssl=1&resize=700%2C400 2x, https:\/\/i0.wp.com\/noticiasribeiraopreto.com.br\/wp-content\/uploads\/2024\/03\/gasparini.jpg?fit=1200%2C800&ssl=1&resize=1050%2C600 3x"},"classes":[]},{"id":40526,"url":"https:\/\/noticiasribeiraopreto.com.br\/index.php\/2024\/03\/04\/relembre-a-trajetoria-do-ex-prefeito-de-ribeirao-preto-welson-gasparini\/","url_meta":{"origin":90802,"position":4},"title":"Relembre a trajet\u00f3ria do ex-prefeito de Ribeir\u00e3o Preto Welson Gasparini","author":"noticiasribeiraopreto.com.br","date":"4 de March de 2024","format":false,"excerpt":"O ex-prefeito de Ribeir\u00e3o Preto Welson Gasparini morreu nesta segunda-feira (4), aos 87 anos. Gasparini nasceu em Batatais em 1\u00ba de dezembro de 1937, filho de Vict\u00f3rio Gasparini e Deolinda Breguerilli. Al\u00e9m de pol\u00edtico, tamb\u00e9m foi jornalista, radialista, professor e advogado. De acordo com a Unimed Ribeir\u00e3o Preto, o ex-prefeito\u2026","rel":"","context":"In &quot;Not\u00edcias de Ribeir\u00e3o Preto-SP e Regi\u00e3o&quot;","block_context":{"text":"Not\u00edcias de Ribeir\u00e3o Preto-SP e Regi\u00e3o","link":"https:\/\/noticiasribeiraopreto.com.br\/index.php\/category\/noticias-de-ribeirao-preto-sp-e-regiao-ismael-colosi\/"},"img":{"alt_text":"","src":"https:\/\/i0.wp.com\/noticiasribeiraopreto.com.br\/wp-content\/uploads\/2024\/03\/AnyConv.com__gasparini-scaled.webp.webp?fit=1200%2C798&ssl=1&resize=350%2C200","width":350,"height":200,"srcset":"https:\/\/i0.wp.com\/noticiasribeiraopreto.com.br\/wp-content\/uploads\/2024\/03\/AnyConv.com__gasparini-scaled.webp.webp?fit=1200%2C798&ssl=1&resize=350%2C200 1x, https:\/\/i0.wp.com\/noticiasribeiraopreto.com.br\/wp-content\/uploads\/2024\/03\/AnyConv.com__gasparini-scaled.webp.webp?fit=1200%2C798&ssl=1&resize=525%2C300 1.5x, https:\/\/i0.wp.com\/noticiasribeiraopreto.com.br\/wp-content\/uploads\/2024\/03\/AnyConv.com__gasparini-scaled.webp.webp?fit=1200%2C798&ssl=1&resize=700%2C400 2x, https:\/\/i0.wp.com\/noticiasribeiraopreto.com.br\/wp-content\/uploads\/2024\/03\/AnyConv.com__gasparini-scaled.webp.webp?fit=1200%2C798&ssl=1&resize=1050%2C600 3x"},"classes":[]},{"id":73212,"url":"https:\/\/noticiasribeiraopreto.com.br\/index.php\/2025\/06\/27\/morre-o-advogado-marcelo-viana-salomao\/","url_meta":{"origin":90802,"position":5},"title":"Morre o advogado Marcelo Viana Salom\u00e3o","author":"noticiasribeiraopreto.com.br","date":"27 de June de 2025","format":false,"excerpt":"27 de junho de 2025 09:193 Compartilhar0 O escrit\u00f3rio Brasil Salom\u00e3o e Matthes Advocacia informou, por meio de sua assessoria de comunica\u00e7\u00e3o, o falecimento de seu s\u00f3cio-presidente, Marcelo Viana Salom\u00e3o. Advogado renomado, Marcelo atuava na \u00e1rea tribut\u00e1ria e h\u00e1 d\u00e9cadas estava na lideran\u00e7a do escrit\u00f3rio, um dos mais tradicionais do\u2026","rel":"","context":"In &quot;Not\u00edcias de Ribeir\u00e3o Preto-SP e Regi\u00e3o&quot;","block_context":{"text":"Not\u00edcias de Ribeir\u00e3o Preto-SP e Regi\u00e3o","link":"https:\/\/noticiasribeiraopreto.com.br\/index.php\/category\/noticias-de-ribeirao-preto-sp-e-regiao-ismael-colosi\/"},"img":{"alt_text":"","src":"https:\/\/i0.wp.com\/noticiasribeiraopreto.com.br\/wp-content\/uploads\/2025\/06\/MARCELOSALOMAO.jpg?fit=1000%2C625&ssl=1&resize=350%2C200","width":350,"height":200,"srcset":"https:\/\/i0.wp.com\/noticiasribeiraopreto.com.br\/wp-content\/uploads\/2025\/06\/MARCELOSALOMAO.jpg?fit=1000%2C625&ssl=1&resize=350%2C200 1x, https:\/\/i0.wp.com\/noticiasribeiraopreto.com.br\/wp-content\/uploads\/2025\/06\/MARCELOSALOMAO.jpg?fit=1000%2C625&ssl=1&resize=525%2C300 1.5x, https:\/\/i0.wp.com\/noticiasribeiraopreto.com.br\/wp-content\/uploads\/2025\/06\/MARCELOSALOMAO.jpg?fit=1000%2C625&ssl=1&resize=700%2C400 2x"},"classes":[]}],"jetpack_sharing_enabled":true,"jetpack_shortlink":"https:\/\/wp.me\/peQAOb-nCy","jetpack_featured_media_url":"https:\/\/i0.wp.com\/noticiasribeiraopreto.com.br\/wp-content\/uploads\/2026\/08\/m-gasparini.jpeg?fit=599%2C469&ssl=1","_links":{"self":[{"href":"https:\/\/noticiasribeiraopreto.com.br\/index.php\/wp-json\/wp\/v2\/posts\/90802","targetHints":{"allow":["GET"]}}],"collection":[{"href":"https:\/\/noticiasribeiraopreto.com.br\/index.php\/wp-json\/wp\/v2\/posts"}],"about":[{"href":"https:\/\/noticiasribeiraopreto.com.br\/index.php\/wp-json\/wp\/v2\/types\/post"}],"author":[{"embeddable":true,"href":"https:\/\/noticiasribeiraopreto.com.br\/index.php\/wp-json\/wp\/v2\/users\/1"}],"replies":[{"embeddable":true,"href":"https:\/\/noticiasribeiraopreto.com.br\/index.php\/wp-json\/wp\/v2\/comments?post=90802"}],"version-history":[{"count":0,"href":"https:\/\/noticiasribeiraopreto.com.br\/index.php\/wp-json\/wp\/v2\/posts\/90802\/revisions"}],"wp:featuredmedia":[{"embeddable":true,"href":"https:\/\/noticiasribeiraopreto.com.br\/index.php\/wp-json\/wp\/v2\/media\/90803"}],"wp:attachment":[{"href":"https:\/\/noticiasribeiraopreto.com.br\/index.php\/wp-json\/wp\/v2\/media?parent=90802"}],"wp:term":[{"taxonomy":"category","embeddable":true,"href":"https:\/\/noticiasribeiraopreto.com.br\/index.php\/wp-json\/wp\/v2\/categories?post=90802"},{"taxonomy":"post_tag","embeddable":true,"href":"https:\/\/noticiasribeiraopreto.com.br\/index.php\/wp-json\/wp\/v2\/tags?post=90802"}],"curies":[{"name":"wp","href":"https:\/\/api.w.org\/{rel}","templated":true}]}}