{"id":90804,"date":"2026-08-31T08:47:12","date_gmt":"2026-08-31T11:47:12","guid":{"rendered":"https:\/\/noticiasribeiraopreto.com.br\/index.php\/2026\/08\/31\/chitaozinho-e-xororo-serao-embaixadores-da-festa-do-peao-de-barretos-em-2027\/"},"modified":"2026-08-31T08:47:12","modified_gmt":"2026-08-31T11:47:12","slug":"chitaozinho-e-xororo-serao-embaixadores-da-festa-do-peao-de-barretos-em-2027","status":"publish","type":"post","link":"https:\/\/noticiasribeiraopreto.com.br\/index.php\/2026\/08\/31\/chitaozinho-e-xororo-serao-embaixadores-da-festa-do-peao-de-barretos-em-2027\/","title":{"rendered":"Chit\u00e3ozinho e Xoror\u00f3 ser\u00e3o embaixadores da Festa do Pe\u00e3o de Barretos em 2027"},"content":{"rendered":"<div class='code-block code-block-1' style='margin: 8px 0 8px auto; text-align: right; display: block; clear: both;'>\n<p><a href=\"https:\/\/wa.link\/vpicfd\"><img data-recalc-dims=\"1\" class=\"wp-image-4922\" style=\"aspect-ratio: 2.0253164556962027; width: 561px; height: auto;\" src=\"https:\/\/i0.wp.com\/ismaelcolosi.com.br\/wp-content\/uploads\/2023\/11\/grupo-de-empregos-whatsapp-e-facebook-ismael-colosi-vagas.jpg?ssl=1\" alt=\"\" \/><\/a><\/p>\n<!-- \/wp:image -->\n<\/div>\n<p> <br \/>\n<\/p>\n<p>Chegou ao fim a <strong>71\u00aa edi\u00e7\u00e3o da Festa do Pe\u00e3o de Barretos<\/strong> neste domingo (30). Mas, antes do encerramento, os f\u00e3s da festa receberam uma surpresa: <strong>o an\u00fancio da dupla Chit\u00e3ozinho e Xoror\u00f3 como embaixadora do evento no pr\u00f3ximo ano<\/strong>.<\/p>\n<p>A revela\u00e7\u00e3o aconteceu de surpresa, com a presen\u00e7a dos artistas no palco do est\u00e1dio durante as semifinais do <strong>Barretos International Rodeo<\/strong>. <strong><mark class=\"has-inline-color\">A 72\u00aa Festa do Pe\u00e3o de Barretos acontecer\u00e1 entre os dias 19 e 29 de agosto de 2027.<\/mark><\/strong><\/p>\n<p>Al\u00e9m da novidade, a organiza\u00e7\u00e3o da festa tamb\u00e9m anunciou que, pela primeira vez na hist\u00f3ria do Barret\u00e3o, o evento ter\u00e1 <strong>uma m\u00fasica como inspira\u00e7\u00e3o para o tema de uma edi\u00e7\u00e3o<\/strong>.<\/p>\n<p>Em 2027, a frase \u201c<strong>s\u00f3 quero ouvir dizer que sim<\/strong>\u201d, trecho da m\u00fasica \u201c<strong>Evid\u00eancias<\/strong>\u201d, interpretada pela dupla <strong>Chit\u00e3ozinho e Xoror\u00f3<\/strong> e considerada \u201cum hino sertanejo\u201d, ser\u00e1 a assinatura do evento.<\/p>\n<blockquote class=\"wp-block-quote is-layout-flow wp-block-quote-is-layout-flow\">\n<p>\u201cA escolha de ter como embaixadores Chit\u00e3ozinho &amp; Xoror\u00f3 nos honra muito. Afinal, a hist\u00f3ria deles se mistura com a de Barretos e \u00e9 permeada por cap\u00edtulos marcados por amor, dedica\u00e7\u00e3o e excel\u00eancia. Eles s\u00e3o \u00edcones incontest\u00e1veis da cultura sertaneja em todo o Brasil\u201d, disse o presidente da Festa, Jer\u00f4nimo Luiz Muzetti.<\/p>\n<\/blockquote>\n<figure class=\"wp-block-image size-large\"><figcaption class=\"wp-element-caption\">Chit\u00e3ozinho e Xoror\u00f3 durante apresenta\u00e7\u00e3o no Palco Est\u00e1dio da Festa do Pe\u00e3o de Barretos \u2013 Foto: Thais Ministro.<\/figcaption><\/figure>\n<p class=\"has-text-align-center has-cyan-bluish-gray-background-color has-background\"><em>Receba not\u00edcias do\u00a0<strong>acidade on Ribeir\u00e3o\u00a0<\/strong>no WhatsApp e fique por dentro de tudo! Basta acessar o link<a href=\"https:\/\/chat.whatsapp.com\/DfXwcjKVIddHUT3BvnQuPZ?mode=hqctshi\" target=\"_blank\" rel=\"noreferrer noopener\">\u00a0aqui<\/a>!<\/em><\/p>\n<h2 class=\"wp-block-heading\"><strong>Chit\u00e3ozinho e Xoror\u00f3 s\u00e3o os novos embaixadores <\/strong><\/h2>\n<p>Com mais de cinco d\u00e9cadas de carreira, <strong>Chit\u00e3ozinho e Xoror\u00f3<\/strong> t\u00eam uma liga\u00e7\u00e3o antiga com a <strong>Festa do Pe\u00e3o de Barretos<\/strong>. <mark class=\"has-inline-color\">A dupla j\u00e1 se apresentou mais de 40 vezes no evento e tamb\u00e9m foi embaixadora em 2013, ao lado de Bruno &amp; Marrone.<\/mark><\/p>\n<p>Para os artistas, que s\u00e3o um dos principais nomes do sertanejo no Brasil, o t\u00edtulo <strong>refor\u00e7a uma rela\u00e7\u00e3o constru\u00edda ao longo de d\u00e9cadas <\/strong>com o evento e <strong>com o p\u00fablico de Barretos<\/strong>.<\/p>\n<p>\u201c\u00c9 sempre uma emo\u00e7\u00e3o estar em Barretos e receber o t\u00edtulo de Embaixadores da festa de 2027 \u00e9 uma honra imensa e, para n\u00f3s, tem um significado muito especial. \u00c9 um reconhecimento que nos emociona e que vamos guardar com muito carinho, porque vem de um lugar que sempre nos recebeu com tanto respeito e amor\u201d, afirma <strong>Chit\u00e3ozinho<\/strong>.<\/p>\n<p>\u201cBarretos sempre foi um palco de muita responsabilidade, mas tamb\u00e9m de muito orgulho para n\u00f3s. Ser escolhido como Embaixador nos emociona muito, porque representa a for\u00e7a de uma hist\u00f3ria constru\u00edda ao longo de tantos anos e momentos inesquec\u00edveis. No ano que vem, estaremos ali novamente, n\u00e3o apenas para subir ao palco, mas para celebrar essa hist\u00f3ria e honrar, com a nossa m\u00fasica, tudo o que Barretos representa\u201d, completa <strong>Xoror\u00f3<\/strong>.<\/p>\n<figure class=\"wp-block-gallery has-nested-images columns-default is-cropped wp-block-gallery-1 is-layout-flex wp-block-gallery-is-layout-flex\">\n<figure class=\"wp-block-image size-large\"><img data-recalc-dims=\"1\" loading=\"lazy\" decoding=\"async\" width=\"1024\" height=\"599\" data-id=\"115121\" src=\"https:\/\/i0.wp.com\/www.acidadeon.com\/ribeiraopreto\/wp-content\/uploads\/sites\/3\/2025\/04\/chitaozinho-e-xororo_2025-04-30_12-37-39-1024x599.webp?resize=1024%2C599&#038;ssl=1\" alt=\"Chit\u00e3ozinho e Xoror\u00f3 voltam s\u00e3o os novos embaixadores de Barretos - Foto: Studio Brammer.\" class=\"wp-image-115121\" title=\"Chit\u00e3ozinho e Xoror\u00f3 ser\u00e3o embaixadores da Festa do Pe\u00e3o de Barretos em 2027 2\"><figcaption class=\"wp-element-caption\">Chit\u00e3ozinho e Xoror\u00f3 voltam s\u00e3o os novos embaixadores de Barretos \u2013 Foto: Studio Brammer.<\/figcaption><\/figure>\n<figure class=\"wp-block-image size-large\"><img data-recalc-dims=\"1\" loading=\"lazy\" decoding=\"async\" width=\"1024\" height=\"797\" data-id=\"79814\" src=\"https:\/\/i0.wp.com\/www.acidadeon.com\/ribeiraopreto\/wp-content\/uploads\/sites\/3\/2024\/04\/chitaozinho-xororo_2024-04-29_16-49-14_jpg.webp?resize=1024%2C797&#038;ssl=1\" alt=\"Chit\u00e3ozinho e Xoror\u00f3 voltam s\u00e3o os novos embaixadores de Barretos - Foto: Studio Brammer.\" class=\"wp-image-79814\" title=\"Chit\u00e3ozinho e Xoror\u00f3 ser\u00e3o embaixadores da Festa do Pe\u00e3o de Barretos em 2027 3\"><figcaption class=\"wp-element-caption\">Chit\u00e3ozinho e Xoror\u00f3 voltam s\u00e3o os novos embaixadores de Barretos \u2013 Foto: Studio Brammer.<\/figcaption><\/figure>\n<\/figure>\n<p class=\"has-text-align-center has-cyan-bluish-gray-background-color has-background\"><em>Fa\u00e7a uma den\u00fancia ou sugira uma reportagem sobre\u00a0<strong>Ribeir\u00e3o Preto\u00a0<\/strong>e regi\u00e3o por meio do WhatsApp do\u00a0<strong>acidade on Ribeir\u00e3o<\/strong>: (16) 99117-7802.<\/em><\/p>\n<\/p>\n<p>O post Chit\u00e3ozinho e Xoror\u00f3 ser\u00e3o embaixadores da Festa do Pe\u00e3o de Barretos em 2027 apareceu primeiro em ACidade ON Ribeir\u00e3o Preto.<\/p>\n<p><br \/>\n<br \/><a href=\"https:\/\/www.acidadeon.com\/ribeiraopreto\/lazer-e-cultura\/festa-do-peao-de-barretos\/chitaozinho-e-xororo-serao-embaixadores-da-festa-do-peao-de-barretos-em-2027\/\">Link para o texto original aqui <\/a><\/p>\n<!-- CONTENT END 1 -->\n","protected":false},"excerpt":{"rendered":"<p>Chegou ao fim a 71\u00aa edi\u00e7\u00e3o da Festa do Pe\u00e3o de Barretos neste domingo (30). Mas, antes do encerramento, os f\u00e3s da festa receberam uma&#8230;<\/p>\n","protected":false},"author":1,"featured_media":90805,"comment_status":"","ping_status":"","sticky":false,"template":"","format":"standard","meta":{"advanced_seo_description":"","jetpack_seo_html_title":"","jetpack_seo_noindex":false,"jetpack_seo_schema_type":"","_jetpack_newsletter_access":"","_jetpack_dont_email_post_to_subs":false,"_jetpack_newsletter_tier_id":0,"_jetpack_memberships_contains_paywalled_content":false,"_jetpack_feature_clip_id":0,"_jetpack_memberships_contains_paid_content":false,"footnotes":"","jetpack_publicize_message":"","jetpack_publicize_feature_enabled":true,"jetpack_social_post_already_shared":true,"jetpack_social_options":{"image_generator_settings":{"template":"highway","default_image_id":0,"font":"","enabled":false},"version":2},"jetpack_post_was_ever_published":false},"categories":[11],"tags":[3023,5550,8824,5149,2017,3641,2462,5551],"class_list":["post-90804","post","type-post","status-publish","format-standard","has-post-thumbnail","hentry","category-noticias-de-ribeirao-preto-sp-e-regiao-ismael-colosi","tag-barretos","tag-chitaozinho","tag-chitaozinho-e-xororo","tag-embaixadores","tag-festa","tag-peao","tag-serao","tag-xororo"],"jetpack_publicize_connections":[],"jetpack-related-posts":[{"id":46466,"url":"https:\/\/noticiasribeiraopreto.com.br\/index.php\/2024\/04\/11\/chitaozinho-e-xororo-estao-confirmados-na-festa-do-peao-de-barretos-veja-atracoes\/","url_meta":{"origin":90804,"position":0},"title":"Chit\u00e3ozinho e Xoror\u00f3 est\u00e3o confirmados na Festa do Pe\u00e3o de Barretos; Veja atra\u00e7\u00f5es","author":"noticiasribeiraopreto.com.br","date":"11 de April de 2024","format":false,"excerpt":"Os cantores Chit\u00e3ozinho e Xoror\u00f3, considerados \u2018\u00edcones\u2019 do mundo sertanejo, est\u00e3o confirmados na programa\u00e7\u00e3o de shows da Festa do Pe\u00e3o de Barretos, que acontece entre os dias 15 e 25 de agosto, no Parque Permanente de Exposi\u00e7\u00f5es do munic\u00edpio. A dupla se apresenta no dia 24 de agosto, com sua\u2026","rel":"","context":"In &quot;Not\u00edcias de Ribeir\u00e3o Preto-SP e Regi\u00e3o&quot;","block_context":{"text":"Not\u00edcias de Ribeir\u00e3o Preto-SP e Regi\u00e3o","link":"https:\/\/noticiasribeiraopreto.com.br\/index.php\/category\/noticias-de-ribeirao-preto-sp-e-regiao-ismael-colosi\/"},"img":{"alt_text":"","src":"https:\/\/i0.wp.com\/noticiasribeiraopreto.com.br\/wp-content\/uploads\/2024\/04\/ffc834adec60a26990ee21a8c5053e6e-scaled.jpeg?fit=1200%2C800&ssl=1&resize=350%2C200","width":350,"height":200,"srcset":"https:\/\/i0.wp.com\/noticiasribeiraopreto.com.br\/wp-content\/uploads\/2024\/04\/ffc834adec60a26990ee21a8c5053e6e-scaled.jpeg?fit=1200%2C800&ssl=1&resize=350%2C200 1x, https:\/\/i0.wp.com\/noticiasribeiraopreto.com.br\/wp-content\/uploads\/2024\/04\/ffc834adec60a26990ee21a8c5053e6e-scaled.jpeg?fit=1200%2C800&ssl=1&resize=525%2C300 1.5x, https:\/\/i0.wp.com\/noticiasribeiraopreto.com.br\/wp-content\/uploads\/2024\/04\/ffc834adec60a26990ee21a8c5053e6e-scaled.jpeg?fit=1200%2C800&ssl=1&resize=700%2C400 2x, https:\/\/i0.wp.com\/noticiasribeiraopreto.com.br\/wp-content\/uploads\/2024\/04\/ffc834adec60a26990ee21a8c5053e6e-scaled.jpeg?fit=1200%2C800&ssl=1&resize=1050%2C600 3x"},"classes":[]},{"id":86827,"url":"https:\/\/noticiasribeiraopreto.com.br\/index.php\/2026\/06\/22\/gusttavo-lima-anuncia-cavalgada-durante-a-festa-do-peao-de-barretos\/","url_meta":{"origin":90804,"position":1},"title":"Gusttavo Lima anuncia cavalgada durante a Festa do Pe\u00e3o de Barretos","author":"noticiasribeiraopreto.com.br","date":"22 de June de 2026","format":false,"excerpt":"O cantor Gusttavo Lima, embaixador da 71\u00aa Festa do Pe\u00e3o de Barretos, anunciou mais uma edi\u00e7\u00e3o da \u201cCavalgada do Embaixador\u201d. O evento acontece no dia 25 de agosto, em Barretos, durante a programa\u00e7\u00e3o do maior rodeio da Am\u00e9rica Latina. A primeira edi\u00e7\u00e3o da cavalgada aconteceu em abril deste ano, em\u2026","rel":"","context":"In &quot;Not\u00edcias de Ribeir\u00e3o Preto-SP e Regi\u00e3o&quot;","block_context":{"text":"Not\u00edcias de Ribeir\u00e3o Preto-SP e Regi\u00e3o","link":"https:\/\/noticiasribeiraopreto.com.br\/index.php\/category\/noticias-de-ribeirao-preto-sp-e-regiao-ismael-colosi\/"},"img":{"alt_text":"","src":"https:\/\/i0.wp.com\/noticiasribeiraopreto.com.br\/wp-content\/uploads\/2026\/06\/cavalgada-do-embaixador-2_2026-06-22_14-00-26.webp.webp?fit=1200%2C675&ssl=1&resize=350%2C200","width":350,"height":200,"srcset":"https:\/\/i0.wp.com\/noticiasribeiraopreto.com.br\/wp-content\/uploads\/2026\/06\/cavalgada-do-embaixador-2_2026-06-22_14-00-26.webp.webp?fit=1200%2C675&ssl=1&resize=350%2C200 1x, https:\/\/i0.wp.com\/noticiasribeiraopreto.com.br\/wp-content\/uploads\/2026\/06\/cavalgada-do-embaixador-2_2026-06-22_14-00-26.webp.webp?fit=1200%2C675&ssl=1&resize=525%2C300 1.5x, https:\/\/i0.wp.com\/noticiasribeiraopreto.com.br\/wp-content\/uploads\/2026\/06\/cavalgada-do-embaixador-2_2026-06-22_14-00-26.webp.webp?fit=1200%2C675&ssl=1&resize=700%2C400 2x, https:\/\/i0.wp.com\/noticiasribeiraopreto.com.br\/wp-content\/uploads\/2026\/06\/cavalgada-do-embaixador-2_2026-06-22_14-00-26.webp.webp?fit=1200%2C675&ssl=1&resize=1050%2C600 3x"},"classes":[]},{"id":90742,"url":"https:\/\/noticiasribeiraopreto.com.br\/index.php\/2026\/08\/28\/fotos-bruno-marrone-gustavo-mioto-e-rionegro-solimoes-comandam-a-quinta-feira-na-festa-do-peao-de-barretos\/","url_meta":{"origin":90804,"position":2},"title":"FOTOS: Bruno &amp; Marrone, Gustavo Mioto e Rionegro &amp; Solim\u00f5es comandam a quinta-feira na Festa do Pe\u00e3o de Barretos","author":"noticiasribeiraopreto.com.br","date":"28 de August de 2026","format":false,"excerpt":"A \u00faltima quinta-feira da 71\u00aa edi\u00e7\u00e3o da Festa do Pe\u00e3o de Barretos teve grandes nomes da m\u00fasica sertaneja. Bruno & Marrone, Gustavo Mioto e Rionegro & Solim\u00f5es comandaram os shows no Palco Est\u00e1dio \u2013 veja as fotos abaixo. Veja a galeria de fotos Festa do Pe\u00e3o de Barretos, na noite\u2026","rel":"","context":"In &quot;Not\u00edcias de Ribeir\u00e3o Preto-SP e Regi\u00e3o&quot;","block_context":{"text":"Not\u00edcias de Ribeir\u00e3o Preto-SP e Regi\u00e3o","link":"https:\/\/noticiasribeiraopreto.com.br\/index.php\/category\/noticias-de-ribeirao-preto-sp-e-regiao-ismael-colosi\/"},"img":{"alt_text":"","src":"https:\/\/i0.wp.com\/noticiasribeiraopreto.com.br\/wp-content\/uploads\/2026\/08\/festa-peao-barretos-13.jpeg?fit=1200%2C800&ssl=1&resize=350%2C200","width":350,"height":200,"srcset":"https:\/\/i0.wp.com\/noticiasribeiraopreto.com.br\/wp-content\/uploads\/2026\/08\/festa-peao-barretos-13.jpeg?fit=1200%2C800&ssl=1&resize=350%2C200 1x, https:\/\/i0.wp.com\/noticiasribeiraopreto.com.br\/wp-content\/uploads\/2026\/08\/festa-peao-barretos-13.jpeg?fit=1200%2C800&ssl=1&resize=525%2C300 1.5x, https:\/\/i0.wp.com\/noticiasribeiraopreto.com.br\/wp-content\/uploads\/2026\/08\/festa-peao-barretos-13.jpeg?fit=1200%2C800&ssl=1&resize=700%2C400 2x, https:\/\/i0.wp.com\/noticiasribeiraopreto.com.br\/wp-content\/uploads\/2026\/08\/festa-peao-barretos-13.jpeg?fit=1200%2C800&ssl=1&resize=1050%2C600 3x"},"classes":[]},{"id":88098,"url":"https:\/\/noticiasribeiraopreto.com.br\/index.php\/2026\/07\/14\/rainha-da-festa-do-peao-de-barretos-como-funciona-o-concurso-e-o-que-faz-a-vencedora\/","url_meta":{"origin":90804,"position":3},"title":"Rainha da Festa do Pe\u00e3o de Barretos: como funciona o concurso e o que faz a vencedora?","author":"noticiasribeiraopreto.com.br","date":"14 de July de 2026","format":false,"excerpt":"A final do concurso que escolher\u00e1 a rainha da Festa do Pe\u00e3o de Barretos 2026 acontece nesta sexta-feira (17), \u00e0s 20h, no North Shopping Barretos \u2013 clique aqui e conhe\u00e7a as candidatas. Al\u00e9m da nova representante da festa, o evento tamb\u00e9m vai eleger a princesa, que ao lado da vencedora\u2026","rel":"","context":"In &quot;Not\u00edcias de Ribeir\u00e3o Preto-SP e Regi\u00e3o&quot;","block_context":{"text":"Not\u00edcias de Ribeir\u00e3o Preto-SP e Regi\u00e3o","link":"https:\/\/noticiasribeiraopreto.com.br\/index.php\/category\/noticias-de-ribeirao-preto-sp-e-regiao-ismael-colosi\/"},"img":{"alt_text":"","src":"https:\/\/i0.wp.com\/noticiasribeiraopreto.com.br\/wp-content\/uploads\/2026\/07\/rainha-festa-do-peao-1.jpg?fit=1200%2C675&ssl=1&resize=350%2C200","width":350,"height":200,"srcset":"https:\/\/i0.wp.com\/noticiasribeiraopreto.com.br\/wp-content\/uploads\/2026\/07\/rainha-festa-do-peao-1.jpg?fit=1200%2C675&ssl=1&resize=350%2C200 1x, https:\/\/i0.wp.com\/noticiasribeiraopreto.com.br\/wp-content\/uploads\/2026\/07\/rainha-festa-do-peao-1.jpg?fit=1200%2C675&ssl=1&resize=525%2C300 1.5x, https:\/\/i0.wp.com\/noticiasribeiraopreto.com.br\/wp-content\/uploads\/2026\/07\/rainha-festa-do-peao-1.jpg?fit=1200%2C675&ssl=1&resize=700%2C400 2x, https:\/\/i0.wp.com\/noticiasribeiraopreto.com.br\/wp-content\/uploads\/2026\/07\/rainha-festa-do-peao-1.jpg?fit=1200%2C675&ssl=1&resize=1050%2C600 3x"},"classes":[]},{"id":90315,"url":"https:\/\/noticiasribeiraopreto.com.br\/index.php\/2026\/08\/20\/panda-e-matheus-kauan-inauguram-festa-do-peao-de-barretos-de-2026-veja-destaques\/","url_meta":{"origin":90804,"position":4},"title":"Panda e Matheus &amp; Kauan inauguram Festa do Pe\u00e3o de Barretos de 2026; veja destaques","author":"noticiasribeiraopreto.com.br","date":"20 de August de 2026","format":false,"excerpt":"Panda e Matheus & Kauan inauguram, nesta quinta-feira (20), a programa\u00e7\u00e3o musical da 71\u00aa Festa do Pe\u00e3o de Boiadeiro de Barretos. Os artistas se apresentam no Palco Est\u00e1dio, principal espa\u00e7o de shows do Parque do Pe\u00e3o. Receba not\u00edcias do\u00a0acidade on Ribeir\u00e3o\u00a0no WhatsApp e fique por dentro de tudo! Basta acessar\u2026","rel":"","context":"In &quot;Not\u00edcias de Ribeir\u00e3o Preto-SP e Regi\u00e3o&quot;","block_context":{"text":"Not\u00edcias de Ribeir\u00e3o Preto-SP e Regi\u00e3o","link":"https:\/\/noticiasribeiraopreto.com.br\/index.php\/category\/noticias-de-ribeirao-preto-sp-e-regiao-ismael-colosi\/"},"img":{"alt_text":"","src":"https:\/\/i0.wp.com\/noticiasribeiraopreto.com.br\/wp-content\/uploads\/2026\/08\/matheus-e-kauan_2025-08-25_13-20-22.webp.webp?fit=1075%2C826&ssl=1&resize=350%2C200","width":350,"height":200,"srcset":"https:\/\/i0.wp.com\/noticiasribeiraopreto.com.br\/wp-content\/uploads\/2026\/08\/matheus-e-kauan_2025-08-25_13-20-22.webp.webp?fit=1075%2C826&ssl=1&resize=350%2C200 1x, https:\/\/i0.wp.com\/noticiasribeiraopreto.com.br\/wp-content\/uploads\/2026\/08\/matheus-e-kauan_2025-08-25_13-20-22.webp.webp?fit=1075%2C826&ssl=1&resize=525%2C300 1.5x, https:\/\/i0.wp.com\/noticiasribeiraopreto.com.br\/wp-content\/uploads\/2026\/08\/matheus-e-kauan_2025-08-25_13-20-22.webp.webp?fit=1075%2C826&ssl=1&resize=700%2C400 2x, https:\/\/i0.wp.com\/noticiasribeiraopreto.com.br\/wp-content\/uploads\/2026\/08\/matheus-e-kauan_2025-08-25_13-20-22.webp.webp?fit=1075%2C826&ssl=1&resize=1050%2C600 3x"},"classes":[]},{"id":87624,"url":"https:\/\/noticiasribeiraopreto.com.br\/index.php\/2026\/07\/06\/barretao-eletrico-tera-jammil-durval-lelys-xanddy-e-chiclete-com-banana\/","url_meta":{"origin":90804,"position":5},"title":"\u2018Barret\u00e3o El\u00e9trico\u2019 ter\u00e1 Jammil, Durval Lelys, Xanddy e Chiclete com Banana","author":"noticiasribeiraopreto.com.br","date":"6 de July de 2026","format":false,"excerpt":"Com Jammil, Durval Lelys, Xanddy Harmonia e Chiclete com Banana, o \u201cBarret\u00e3o El\u00e9trico\u201d retorna para a 71\u00aa edi\u00e7\u00e3o Festa do Pe\u00e3o de Barretos, que acontece entre os dias 20 e 30 de agosto. Nesta edi\u00e7\u00e3o, o trio el\u00e9trico ter\u00e1 in\u00edcio \u00e0s 19h e passa a sair do Camping do Parque\u2026","rel":"","context":"In &quot;Not\u00edcias de Ribeir\u00e3o Preto-SP e Regi\u00e3o&quot;","block_context":{"text":"Not\u00edcias de Ribeir\u00e3o Preto-SP e Regi\u00e3o","link":"https:\/\/noticiasribeiraopreto.com.br\/index.php\/category\/noticias-de-ribeirao-preto-sp-e-regiao-ismael-colosi\/"},"img":{"alt_text":"","src":"https:\/\/i0.wp.com\/noticiasribeiraopreto.com.br\/wp-content\/uploads\/2026\/07\/barretao-eletrico-capa_2026-07-06_19-30-57.webp.webp?fit=1200%2C675&ssl=1&resize=350%2C200","width":350,"height":200,"srcset":"https:\/\/i0.wp.com\/noticiasribeiraopreto.com.br\/wp-content\/uploads\/2026\/07\/barretao-eletrico-capa_2026-07-06_19-30-57.webp.webp?fit=1200%2C675&ssl=1&resize=350%2C200 1x, https:\/\/i0.wp.com\/noticiasribeiraopreto.com.br\/wp-content\/uploads\/2026\/07\/barretao-eletrico-capa_2026-07-06_19-30-57.webp.webp?fit=1200%2C675&ssl=1&resize=525%2C300 1.5x, https:\/\/i0.wp.com\/noticiasribeiraopreto.com.br\/wp-content\/uploads\/2026\/07\/barretao-eletrico-capa_2026-07-06_19-30-57.webp.webp?fit=1200%2C675&ssl=1&resize=700%2C400 2x, https:\/\/i0.wp.com\/noticiasribeiraopreto.com.br\/wp-content\/uploads\/2026\/07\/barretao-eletrico-capa_2026-07-06_19-30-57.webp.webp?fit=1200%2C675&ssl=1&resize=1050%2C600 3x"},"classes":[]}],"jetpack_sharing_enabled":true,"jetpack_shortlink":"https:\/\/wp.me\/peQAOb-nCA","jetpack_featured_media_url":"https:\/\/i0.wp.com\/noticiasribeiraopreto.com.br\/wp-content\/uploads\/2026\/08\/embaixadores-barretos.jpg?fit=1200%2C675&ssl=1","_links":{"self":[{"href":"https:\/\/noticiasribeiraopreto.com.br\/index.php\/wp-json\/wp\/v2\/posts\/90804","targetHints":{"allow":["GET"]}}],"collection":[{"href":"https:\/\/noticiasribeiraopreto.com.br\/index.php\/wp-json\/wp\/v2\/posts"}],"about":[{"href":"https:\/\/noticiasribeiraopreto.com.br\/index.php\/wp-json\/wp\/v2\/types\/post"}],"author":[{"embeddable":true,"href":"https:\/\/noticiasribeiraopreto.com.br\/index.php\/wp-json\/wp\/v2\/users\/1"}],"replies":[{"embeddable":true,"href":"https:\/\/noticiasribeiraopreto.com.br\/index.php\/wp-json\/wp\/v2\/comments?post=90804"}],"version-history":[{"count":0,"href":"https:\/\/noticiasribeiraopreto.com.br\/index.php\/wp-json\/wp\/v2\/posts\/90804\/revisions"}],"wp:featuredmedia":[{"embeddable":true,"href":"https:\/\/noticiasribeiraopreto.com.br\/index.php\/wp-json\/wp\/v2\/media\/90805"}],"wp:attachment":[{"href":"https:\/\/noticiasribeiraopreto.com.br\/index.php\/wp-json\/wp\/v2\/media?parent=90804"}],"wp:term":[{"taxonomy":"category","embeddable":true,"href":"https:\/\/noticiasribeiraopreto.com.br\/index.php\/wp-json\/wp\/v2\/categories?post=90804"},{"taxonomy":"post_tag","embeddable":true,"href":"https:\/\/noticiasribeiraopreto.com.br\/index.php\/wp-json\/wp\/v2\/tags?post=90804"}],"curies":[{"name":"wp","href":"https:\/\/api.w.org\/{rel}","templated":true}]}}