{"id":90806,"date":"2026-08-31T09:33:02","date_gmt":"2026-08-31T12:33:02","guid":{"rendered":"https:\/\/noticiasribeiraopreto.com.br\/index.php\/2026\/08\/31\/prefeitura-no-interior-de-sp-abre-processo-seletivo-com-salarios-de-ate-r-187-mil\/"},"modified":"2026-08-31T09:33:02","modified_gmt":"2026-08-31T12:33:02","slug":"prefeitura-no-interior-de-sp-abre-processo-seletivo-com-salarios-de-ate-r-187-mil","status":"publish","type":"post","link":"https:\/\/noticiasribeiraopreto.com.br\/index.php\/2026\/08\/31\/prefeitura-no-interior-de-sp-abre-processo-seletivo-com-salarios-de-ate-r-187-mil\/","title":{"rendered":"Prefeitura no interior de SP abre processo seletivo com sal\u00e1rios de at\u00e9 R$ 18,7 mil"},"content":{"rendered":"<div class='code-block code-block-1' style='margin: 8px 0 8px auto; text-align: right; display: block; clear: both;'>\n<p><a href=\"https:\/\/wa.link\/vpicfd\"><img data-recalc-dims=\"1\" class=\"wp-image-4922\" style=\"aspect-ratio: 2.0253164556962027; width: 561px; height: auto;\" src=\"https:\/\/i0.wp.com\/ismaelcolosi.com.br\/wp-content\/uploads\/2023\/11\/grupo-de-empregos-whatsapp-e-facebook-ismael-colosi-vagas.jpg?ssl=1\" alt=\"\" \/><\/a><\/p>\n<!-- \/wp:image -->\n<\/div>\n<p> <br \/>\n<\/p>\n<p>A <strong>Prefeitura de Barretos<\/strong>, cidade no <strong>interior de S\u00e3o Paulo<\/strong>, abriu inscri\u00e7\u00f5es para um<strong> processo seletivo simplificado <\/strong>que pretende contratar profissionais de n\u00edvel superior e formar cadastro de reserva.<\/p>\n<p>As oportunidades s\u00e3o para <strong>contrata\u00e7\u00e3o tempor\u00e1ria de profissionais da \u00e1rea da sa\u00fade e assistentes sociais<\/strong> \u2013 veja as vagas logo abaixo.<\/p>\n<p>Segundo a <strong>Administra\u00e7\u00e3o Municipal<\/strong>, as remunera\u00e7\u00f5es previstas no edital s\u00e3o de <strong>R$ 5.595,22<\/strong>. <mark class=\"has-inline-color\">Para as <strong>especialidades m\u00e9dicas<\/strong>, os sal\u00e1rios podem chegar a R$ 18.702, considerando a carga hor\u00e1ria m\u00e1xima de 120 horas semanais.<\/mark><\/p>\n<figure class=\"wp-block-image size-large\"><figcaption class=\"wp-element-caption\">Prefeitura de Barretos est\u00e1 com inscri\u00e7\u00f5es para processo seletivo simplificado \u2013 Foto: reprodu\u00e7\u00e3o\/ EPTV.<\/figcaption><\/figure>\n<p class=\"has-text-align-center has-cyan-bluish-gray-background-color has-background\"><em>Receba not\u00edcias do\u00a0<strong>acidade on Ribeir\u00e3o\u00a0<\/strong>no WhatsApp e fique por dentro de tudo! Basta acessar o link<a href=\"https:\/\/chat.whatsapp.com\/DfXwcjKVIddHUT3BvnQuPZ?mode=hqctshi\" target=\"_blank\" rel=\"noreferrer noopener\">\u00a0aqui<\/a>!<\/em><\/p>\n<h2 class=\"wp-block-heading\"><strong>Como se inscrever?<\/strong><\/h2>\n<p>Os interessados em participar do processo seletivo <strong>devem se inscrever de forma online (<a href=\"https:\/\/zed.barretos.sp.gov.br\/sinc\/register\" target=\"_blank\" data-type=\"link\" data-id=\"https:\/\/zed.barretos.sp.gov.br\/sinc\/register\" rel=\"noreferrer noopener\">clique aqui<\/a>)<\/strong>, at\u00e9 <strong>o dia 13 de setembro<\/strong>.<\/p>\n<p>A sele\u00e7\u00e3o ser\u00e1 feita por avalia\u00e7\u00e3o de experi\u00eancia profissional e avalia\u00e7\u00e3o de t\u00edtulos. O edital completo pode ser conferido <a href=\"https:\/\/www.barretos.sp.gov.br\/noticia\/18268\/prefeitura-de-barretos-esta-com-processo-seletivo-aberto-para-a-saude-com-remuneracao-de-ate-r-18-mil\" target=\"_blank\" data-type=\"link\" data-id=\"https:\/\/www.barretos.sp.gov.br\/noticia\/18268\/prefeitura-de-barretos-esta-com-processo-seletivo-aberto-para-a-saude-com-remuneracao-de-ate-r-18-mil\" rel=\"noreferrer noopener\">clicando aqui<\/a>.<\/p>\n<h2 class=\"wp-block-heading\"><strong>Confira as vagas na Prefeitura de Barretos<\/strong><\/h2>\n<h3 class=\"wp-block-heading\"><strong>Equipe Multiprofissional da Sa\u00fade<\/strong><\/h3>\n<ul class=\"wp-block-list\">\n<li><strong>Assistente Social <\/strong>\u2013 20h semanais \u2013 R$ 5.595,22<\/li>\n<li><strong>Farmac\u00eautico <\/strong>\u2013 20h semanais \u2013 R$ 5.595,22<\/li>\n<li><strong>Fisioterapeuta <\/strong>\u2013 20h semanais \u2013 R$ 5.595,22<\/li>\n<li><strong>Fonoaudi\u00f3logo <\/strong>\u2013 20h semanais \u2013 R$ 5.595,22<\/li>\n<li><strong>Nutricionista<\/strong> \u2013 20h semanais \u2013 R$ 5.595,22<\/li>\n<li><strong>Psic\u00f3logo<\/strong> \u2013 20h semanais \u2013 R$ 5.595,22<\/li>\n<li><strong>Terapeuta Ocupacional<\/strong> \u2013 20h semanais \u2013 R$ 5.595,22<\/li>\n<\/ul>\n<figure class=\"wp-block-image size-large\"><img data-recalc-dims=\"1\" loading=\"lazy\" decoding=\"async\" width=\"1024\" height=\"683\" src=\"https:\/\/i0.wp.com\/www.acidadeon.com\/ribeiraopreto\/wp-content\/uploads\/sites\/3\/2026\/06\/female-nurse-with-mask-putting-gloves_2026-06-05_18-54-47-1024x683.webp?resize=1024%2C683&#038;ssl=1\" alt=\"Processo seletivo da Prefeitura de Barretos abrange \u00e1reas de sa\u00fade e assist\u00eancia social - Foto: Governo de SP.\" class=\"wp-image-159751\" title=\"Prefeitura no interior de SP abre processo seletivo com sal\u00e1rios de at\u00e9 R$ 18,7 mil 2\"><figcaption class=\"wp-element-caption\">Processo seletivo da Prefeitura de Barretos abrange \u00e1reas de sa\u00fade e assist\u00eancia social \u2013 Foto: Governo de SP.<\/figcaption><\/figure>\n<h3 class=\"wp-block-heading\"><strong>M\u00e9dicos Especialistas<\/strong><\/h3>\n<ul class=\"wp-block-list\">\n<li><strong>Cardiologista<\/strong> \u2013 carga hor\u00e1ria mensal m\u00ednima de 80 horas e carga hor\u00e1ria m\u00e1xima de 120 horas \u2013 R$ 155,85 por hora<\/li>\n<\/ul>\n<ul class=\"wp-block-list\">\n<li><strong>Cirurgi\u00e3o Vascular<\/strong> \u2013 carga hor\u00e1ria mensal m\u00ednima de 80 horas e carga hor\u00e1ria m\u00e1xima de 120 horas \u2013 R$ 155,85 por hora<\/li>\n<\/ul>\n<ul class=\"wp-block-list\">\n<li><strong>Dermatologista <\/strong>\u2013 carga hor\u00e1ria mensal m\u00ednima de 80 horas e carga hor\u00e1ria m\u00e1xima de 120 horas \u2013 R$ 155,85 por hora<\/li>\n<\/ul>\n<ul class=\"wp-block-list\">\n<li><strong>Endocrinologista <\/strong>\u2013 carga hor\u00e1ria mensal m\u00ednima de 80 horas e carga hor\u00e1ria m\u00e1xima de 120 horas \u2013 R$ 155,85 por hora<\/li>\n<\/ul>\n<ul class=\"wp-block-list\">\n<li><strong>Endocrinologista Pedi\u00e1trico<\/strong> \u2013 carga hor\u00e1ria mensal m\u00ednima de 80 horas e carga hor\u00e1ria m\u00e1xima de 120 horas \u2013 R$ 155,85 por hora<\/li>\n<\/ul>\n<ul class=\"wp-block-list\">\n<li><strong>Gastroenterologista <\/strong>\u2013 carga hor\u00e1ria mensal m\u00ednima de 80 horas e carga hor\u00e1ria m\u00e1xima de 120 horas \u2013 R$ 155,85 por hora<\/li>\n<\/ul>\n<ul class=\"wp-block-list\">\n<li><strong>Geriatra <\/strong>\u2013 carga hor\u00e1ria mensal m\u00ednima de 80 horas e carga hor\u00e1ria m\u00e1xima de 120 horas \u2013 R$ 155,85 por hora<\/li>\n<\/ul>\n<ul class=\"wp-block-list\">\n<li><strong>Ginecologista\/Obstetra<\/strong> \u2013 carga hor\u00e1ria mensal m\u00ednima de 80 horas e carga hor\u00e1ria m\u00e1xima de 120 horas \u2013 R$ 155,85 por hora<\/li>\n<\/ul>\n<ul class=\"wp-block-list\">\n<li><strong>Infectologista <\/strong>\u2013 carga hor\u00e1ria mensal m\u00ednima de 80 horas e carga hor\u00e1ria m\u00e1xima de 120 horas \u2013 R$ 155,85 por hora<\/li>\n<\/ul>\n<ul class=\"wp-block-list\">\n<li><strong>Nefrologista<\/strong> \u2013 carga hor\u00e1ria mensal m\u00ednima de 80 horas e carga hor\u00e1ria m\u00e1xima de 120 horas \u2013 R$ 155,85 por hora<\/li>\n<\/ul>\n<ul class=\"wp-block-list\">\n<li><strong>Neurocirurgi\u00e3o <\/strong>\u2013 carga hor\u00e1ria mensal m\u00ednima de 80 horas e carga hor\u00e1ria m\u00e1xima de 120 horas \u2013 R$ 155,85 por hora<\/li>\n<\/ul>\n<ul class=\"wp-block-list\">\n<li><strong>Neurologista <\/strong>\u2013 carga hor\u00e1ria mensal m\u00ednima de 80 horas e carga hor\u00e1ria m\u00e1xima de 120 horas \u2013 R$ 155,85 por hora<\/li>\n<\/ul>\n<ul class=\"wp-block-list\">\n<li><strong>Neuropediatra <\/strong>\u2013 carga hor\u00e1ria mensal m\u00ednima de 80 horas e carga hor\u00e1ria m\u00e1xima de 120 horas \u2013 R$ 155,85 por hora<\/li>\n<\/ul>\n<ul class=\"wp-block-list\">\n<li><strong>Nutr\u00f3logo<\/strong> \u2013 carga hor\u00e1ria mensal m\u00ednima de 80 horas e carga hor\u00e1ria m\u00e1xima de 120 horas \u2013 R$ 155,85 por hora<\/li>\n<\/ul>\n<ul class=\"wp-block-list\">\n<li><strong>Oftalmologista<\/strong> \u2013 carga hor\u00e1ria mensal m\u00ednima de 80 horas e carga hor\u00e1ria m\u00e1xima de 120 horas \u2013 R$ 155,85 por hora<\/li>\n<\/ul>\n<ul class=\"wp-block-list\">\n<li><strong>Ortopedista<\/strong> \u2013 carga hor\u00e1ria mensal m\u00ednima de 80 horas e carga hor\u00e1ria m\u00e1xima de 120 horas \u2013 R$ 155,85 por hora<\/li>\n<\/ul>\n<ul class=\"wp-block-list\">\n<li><strong>Otorrinolaringologista <\/strong>\u2013 carga hor\u00e1ria mensal m\u00ednima de 80 horas e carga hor\u00e1ria m\u00e1xima de 120 horas \u2013 R$ 155,85 por hora<\/li>\n<\/ul>\n<ul class=\"wp-block-list\">\n<li><strong>Pediatra<\/strong> \u2013 carga hor\u00e1ria mensal m\u00ednima de 80 horas e carga hor\u00e1ria m\u00e1xima de 120 horas \u2013 R$ 155,85 por hora<\/li>\n<\/ul>\n<ul class=\"wp-block-list\">\n<li><strong>Pneumologista <\/strong>\u2013 carga hor\u00e1ria mensal m\u00ednima de 80 horas e carga hor\u00e1ria m\u00e1xima de 120 horas \u2013 R$ 155,85 por hora<\/li>\n<\/ul>\n<ul class=\"wp-block-list\">\n<li><strong>Psiquiatra <\/strong>\u2013 carga hor\u00e1ria mensal m\u00ednima de 80 horas e carga hor\u00e1ria m\u00e1xima de 120 horas \u2013 R$ 175,39 por hora<\/li>\n<\/ul>\n<ul class=\"wp-block-list\">\n<li><strong>Psiquiatra Infantil <\/strong>\u2013 carga hor\u00e1ria mensal m\u00ednima de 80 horas e carga hor\u00e1ria m\u00e1xima de 120 R$ 175,39 por hora<\/li>\n<\/ul>\n<ul class=\"wp-block-list\">\n<li><strong>Radiologista <\/strong>\u2013 carga hor\u00e1ria mensal m\u00ednima de 80 horas e carga hor\u00e1ria m\u00e1xima de 120 horas \u2013 R$ 155,85 por hora<\/li>\n<\/ul>\n<ul class=\"wp-block-list\">\n<li><strong>Reumatologista<\/strong> \u2013 carga hor\u00e1ria mensal m\u00ednima de 80 horas e carga hor\u00e1ria m\u00e1xima de 120 horas \u2013 R$ 155,85 por hora<\/li>\n<\/ul>\n<ul class=\"wp-block-list\">\n<li><strong>Urologista <\/strong>\u2013 carga hor\u00e1ria mensal m\u00ednima de 80 horas e carga hor\u00e1ria m\u00e1xima de 120 horas \u2013 R$ 155,85 por hora<\/li>\n<\/ul>\n<figure class=\"wp-block-gallery has-nested-images columns-default is-cropped wp-block-gallery-1 is-layout-flex wp-block-gallery-is-layout-flex\">\n<figure class=\"wp-block-image size-large\"><img data-recalc-dims=\"1\" loading=\"lazy\" decoding=\"async\" width=\"1024\" height=\"576\" data-id=\"79068\" src=\"https:\/\/i0.wp.com\/www.acidadeon.com\/ribeiraopreto\/wp-content\/uploads\/sites\/3\/2024\/04\/Copia-de-Copia-de-TAMANHO-EXATO-PARA-FOTOS-NO-SISTEMA-NOVO-14-1-1024x576.webp?resize=1024%2C576&#038;ssl=1\" alt=\"Inscri\u00e7\u00f5es para processo seletivo devem ser realizada de forma online - Foto: reprodu\u00e7\u00e3o\/ Freepik.\" class=\"wp-image-79068\" title=\"Prefeitura no interior de SP abre processo seletivo com sal\u00e1rios de at\u00e9 R$ 18,7 mil 3\"><figcaption class=\"wp-element-caption\">Inscri\u00e7\u00f5es para processo seletivo devem ser realizada de forma online \u2013 Foto: reprodu\u00e7\u00e3o\/ Freepik.<\/figcaption><\/figure>\n<figure class=\"wp-block-image size-large\"><img data-recalc-dims=\"1\" loading=\"lazy\" decoding=\"async\" width=\"1024\" height=\"683\" data-id=\"58604\" src=\"https:\/\/i0.wp.com\/www.acidadeon.com\/ribeiraopreto\/wp-content\/uploads\/sites\/3\/2023\/10\/processo-seletivo-1024x683.jpg?resize=1024%2C683&#038;ssl=1\" alt=\"Inscri\u00e7\u00f5es para processo seletivo devem ser realizada de forma online - Foto: reprodu\u00e7\u00e3o\/ Freepik.\" class=\"wp-image-58604\" title=\"Prefeitura no interior de SP abre processo seletivo com sal\u00e1rios de at\u00e9 R$ 18,7 mil 4\"><figcaption class=\"wp-element-caption\">Inscri\u00e7\u00f5es para processo seletivo devem ser realizada de forma online \u2013 Foto: reprodu\u00e7\u00e3o\/ Freepik.<\/figcaption><\/figure>\n<\/figure>\n<p class=\"has-text-align-center has-cyan-bluish-gray-background-color has-background\"><em>Fa\u00e7a uma den\u00fancia ou sugira uma reportagem sobre\u00a0<strong>Ribeir\u00e3o Preto\u00a0<\/strong>e regi\u00e3o por meio do WhatsApp do\u00a0<strong>acidade on Ribeir\u00e3o<\/strong>: (16) 99117-7802.<\/em><\/p>\n<\/p>\n<p>O post Prefeitura no interior de SP abre processo seletivo com sal\u00e1rios de at\u00e9 R$ 18,7 mil apareceu primeiro em ACidade ON Ribeir\u00e3o Preto.<\/p>\n<p><br \/>\n<br \/><a href=\"https:\/\/www.acidadeon.com\/ribeiraopreto\/economia\/prefeitura-no-interior-de-sp-abre-processo-seletivo-com-salarios-de-ate-r-187-mil\/\">Link para o texto original aqui <\/a><\/p>\n<!-- CONTENT END 1 -->\n","protected":false},"excerpt":{"rendered":"<p>A Prefeitura de Barretos, cidade no interior de S\u00e3o Paulo, abriu inscri\u00e7\u00f5es para um processo seletivo simplificado que pretende contratar profissionais de n\u00edvel superior e&#8230;<\/p>\n","protected":false},"author":1,"featured_media":52908,"comment_status":"","ping_status":"","sticky":false,"template":"","format":"standard","meta":{"advanced_seo_description":"","jetpack_seo_html_title":"","jetpack_seo_noindex":false,"jetpack_seo_schema_type":"","_jetpack_newsletter_access":"","_jetpack_dont_email_post_to_subs":false,"_jetpack_newsletter_tier_id":0,"_jetpack_memberships_contains_paywalled_content":false,"_jetpack_feature_clip_id":0,"_jetpack_memberships_contains_paid_content":false,"footnotes":"","jetpack_publicize_message":"","jetpack_publicize_feature_enabled":true,"jetpack_social_post_already_shared":true,"jetpack_social_options":{"image_generator_settings":{"template":"highway","default_image_id":0,"font":"","enabled":false},"version":2},"jetpack_post_was_ever_published":false},"categories":[11],"tags":[210,103,237,402,244,245,7599,768,246],"class_list":["post-90806","post","type-post","status-publish","format-standard","has-post-thumbnail","hentry","category-noticias-de-ribeirao-preto-sp-e-regiao-ismael-colosi","tag-abre","tag-ate","tag-interior","tag-mil","tag-prefeitura","tag-processo","tag-processo-seletivo","tag-salarios","tag-seletivo"],"jetpack_publicize_connections":[],"jetpack-related-posts":[{"id":82602,"url":"https:\/\/noticiasribeiraopreto.com.br\/index.php\/2026\/02\/20\/prefeitura-no-interior-de-sp-abre-processo-seletivo-com-salarios-de-ate-r-54-mil\/","url_meta":{"origin":90806,"position":0},"title":"Prefeitura no interior de SP abre processo seletivo com sal\u00e1rios de at\u00e9 R$ 5,4 mil","author":"noticiasribeiraopreto.com.br","date":"20 de February de 2026","format":false,"excerpt":"A Prefeitura de Ituverava, no interior de S\u00e3o Paulo, publicou um edital de processo seletivo que pretende contratar profissionais de n\u00edvel m\u00e9dio e superior. As vagas s\u00e3o para diferentes cargos e os sal\u00e1rios variam entre R$ 2.008,43 e R$ 5.495,96 \u2013 veja abaixo. A remunera\u00e7\u00e3o para as oportunidades de professor\u2026","rel":"","context":"In &quot;Not\u00edcias de Ribeir\u00e3o Preto-SP e Regi\u00e3o&quot;","block_context":{"text":"Not\u00edcias de Ribeir\u00e3o Preto-SP e Regi\u00e3o","link":"https:\/\/noticiasribeiraopreto.com.br\/index.php\/category\/noticias-de-ribeirao-preto-sp-e-regiao-ismael-colosi\/"},"img":{"alt_text":"","src":"https:\/\/i0.wp.com\/noticiasribeiraopreto.com.br\/wp-content\/uploads\/2026\/02\/Copia-de-Copia-de-TAMANHO-EXATO-PARA-FOTOS-NO-SISTEMA-NOVO-53_2024-05-27_20-53-10_jpg_2024-05-27_20-53-10.webp.webp?fit=1200%2C675&ssl=1&resize=350%2C200","width":350,"height":200,"srcset":"https:\/\/i0.wp.com\/noticiasribeiraopreto.com.br\/wp-content\/uploads\/2026\/02\/Copia-de-Copia-de-TAMANHO-EXATO-PARA-FOTOS-NO-SISTEMA-NOVO-53_2024-05-27_20-53-10_jpg_2024-05-27_20-53-10.webp.webp?fit=1200%2C675&ssl=1&resize=350%2C200 1x, https:\/\/i0.wp.com\/noticiasribeiraopreto.com.br\/wp-content\/uploads\/2026\/02\/Copia-de-Copia-de-TAMANHO-EXATO-PARA-FOTOS-NO-SISTEMA-NOVO-53_2024-05-27_20-53-10_jpg_2024-05-27_20-53-10.webp.webp?fit=1200%2C675&ssl=1&resize=525%2C300 1.5x, https:\/\/i0.wp.com\/noticiasribeiraopreto.com.br\/wp-content\/uploads\/2026\/02\/Copia-de-Copia-de-TAMANHO-EXATO-PARA-FOTOS-NO-SISTEMA-NOVO-53_2024-05-27_20-53-10_jpg_2024-05-27_20-53-10.webp.webp?fit=1200%2C675&ssl=1&resize=700%2C400 2x, https:\/\/i0.wp.com\/noticiasribeiraopreto.com.br\/wp-content\/uploads\/2026\/02\/Copia-de-Copia-de-TAMANHO-EXATO-PARA-FOTOS-NO-SISTEMA-NOVO-53_2024-05-27_20-53-10_jpg_2024-05-27_20-53-10.webp.webp?fit=1200%2C675&ssl=1&resize=1050%2C600 3x"},"classes":[]},{"id":88906,"url":"https:\/\/noticiasribeiraopreto.com.br\/index.php\/2026\/07\/27\/cidade-do-interior-de-sp-abre-concurso-com-salarios-de-ate-r-6-mil-veja-oportunidades\/","url_meta":{"origin":90806,"position":1},"title":"Cidade do interior de SP abre concurso com sal\u00e1rios de at\u00e9 R$ 6 mil; Veja oportunidades","author":"noticiasribeiraopreto.com.br","date":"27 de July de 2026","format":false,"excerpt":"A BebedouroPrev, autarquia respons\u00e1vel pela gest\u00e3o previdenci\u00e1ria dos servidores municipais de Bebedouro, no interior de S\u00e3o Paulo, abriu inscri\u00e7\u00f5es para um concurso p\u00fablico com cinco vagas em diferentes \u00e1reas. As oportunidades s\u00e3o para candidatos de n\u00edvel fundamental, m\u00e9dio, t\u00e9cnico e superior, com sal\u00e1rios de at\u00e9 R$ 6 mil \u2013 veja\u2026","rel":"","context":"In &quot;Not\u00edcias de Ribeir\u00e3o Preto-SP e Regi\u00e3o&quot;","block_context":{"text":"Not\u00edcias de Ribeir\u00e3o Preto-SP e Regi\u00e3o","link":"https:\/\/noticiasribeiraopreto.com.br\/index.php\/category\/noticias-de-ribeirao-preto-sp-e-regiao-ismael-colosi\/"},"img":{"alt_text":"","src":"https:\/\/i0.wp.com\/noticiasribeiraopreto.com.br\/wp-content\/uploads\/2026\/07\/concurso-publico-2_2026-05-26_12-52-19.webp.webp?fit=1200%2C800&ssl=1&resize=350%2C200","width":350,"height":200,"srcset":"https:\/\/i0.wp.com\/noticiasribeiraopreto.com.br\/wp-content\/uploads\/2026\/07\/concurso-publico-2_2026-05-26_12-52-19.webp.webp?fit=1200%2C800&ssl=1&resize=350%2C200 1x, https:\/\/i0.wp.com\/noticiasribeiraopreto.com.br\/wp-content\/uploads\/2026\/07\/concurso-publico-2_2026-05-26_12-52-19.webp.webp?fit=1200%2C800&ssl=1&resize=525%2C300 1.5x, https:\/\/i0.wp.com\/noticiasribeiraopreto.com.br\/wp-content\/uploads\/2026\/07\/concurso-publico-2_2026-05-26_12-52-19.webp.webp?fit=1200%2C800&ssl=1&resize=700%2C400 2x, https:\/\/i0.wp.com\/noticiasribeiraopreto.com.br\/wp-content\/uploads\/2026\/07\/concurso-publico-2_2026-05-26_12-52-19.webp.webp?fit=1200%2C800&ssl=1&resize=1050%2C600 3x"},"classes":[]},{"id":89063,"url":"https:\/\/noticiasribeiraopreto.com.br\/index.php\/2026\/07\/29\/faepa-abre-processo-com-salarios-de-ate-r-128-mil-veja-os-cargos\/","url_meta":{"origin":90806,"position":2},"title":"Faepa abre processo com sal\u00e1rios de at\u00e9 R$ 12,8 mil; Veja os cargos","author":"noticiasribeiraopreto.com.br","date":"29 de July de 2026","format":false,"excerpt":"A Faepa (Funda\u00e7\u00e3o de Apoio ao Ensino, Pesquisa e Assist\u00eancia do Hospital das Cl\u00ednicas) publicou novos editais de processos seletivos que pretendem contratar profissionais de n\u00edvel m\u00e9dio e superior. As oportunidades s\u00e3o para diferentes cargos e os sal\u00e1rios variam entre R$ 5.366,31 e R$ 12.882,38 \u2013 confira logo abaixo. Al\u00e9m\u2026","rel":"","context":"In &quot;Not\u00edcias de Ribeir\u00e3o Preto-SP e Regi\u00e3o&quot;","block_context":{"text":"Not\u00edcias de Ribeir\u00e3o Preto-SP e Regi\u00e3o","link":"https:\/\/noticiasribeiraopreto.com.br\/index.php\/category\/noticias-de-ribeirao-preto-sp-e-regiao-ismael-colosi\/"},"img":{"alt_text":"","src":"https:\/\/i0.wp.com\/noticiasribeiraopreto.com.br\/wp-content\/uploads\/2026\/07\/faepa.jpg?fit=1200%2C675&ssl=1&resize=350%2C200","width":350,"height":200,"srcset":"https:\/\/i0.wp.com\/noticiasribeiraopreto.com.br\/wp-content\/uploads\/2026\/07\/faepa.jpg?fit=1200%2C675&ssl=1&resize=350%2C200 1x, https:\/\/i0.wp.com\/noticiasribeiraopreto.com.br\/wp-content\/uploads\/2026\/07\/faepa.jpg?fit=1200%2C675&ssl=1&resize=525%2C300 1.5x, https:\/\/i0.wp.com\/noticiasribeiraopreto.com.br\/wp-content\/uploads\/2026\/07\/faepa.jpg?fit=1200%2C675&ssl=1&resize=700%2C400 2x, https:\/\/i0.wp.com\/noticiasribeiraopreto.com.br\/wp-content\/uploads\/2026\/07\/faepa.jpg?fit=1200%2C675&ssl=1&resize=1050%2C600 3x"},"classes":[]},{"id":81569,"url":"https:\/\/noticiasribeiraopreto.com.br\/index.php\/2026\/01\/10\/prefeitura-de-sertaozinho-abre-inscricoes-para-processo-seletivo-na-area-da-educacao-veja-oportunidades\/","url_meta":{"origin":90806,"position":3},"title":"Prefeitura de Sert\u00e3ozinho abre inscri\u00e7\u00f5es para processo seletivo na \u00e1rea da educa\u00e7\u00e3o; Veja oportunidades","author":"noticiasribeiraopreto.com.br","date":"10 de January de 2026","format":false,"excerpt":"A Prefeitura de Sert\u00e3ozinho, cidade na regi\u00e3o de Ribeir\u00e3o Preto, abriu inscri\u00e7\u00f5es para um processo seletivo simplificado destinado ao preenchimento de vagas e \u00e0 forma\u00e7\u00e3o de cadastro de reserva de profissionais de ensino m\u00e9dio e superior. As oportunidades s\u00e3o para a contrata\u00e7\u00e3o tempor\u00e1ria de Educador de Apoio e Inclus\u00e3o Escolar\u2026","rel":"","context":"In &quot;Not\u00edcias de Ribeir\u00e3o Preto-SP e Regi\u00e3o&quot;","block_context":{"text":"Not\u00edcias de Ribeir\u00e3o Preto-SP e Regi\u00e3o","link":"https:\/\/noticiasribeiraopreto.com.br\/index.php\/category\/noticias-de-ribeirao-preto-sp-e-regiao-ismael-colosi\/"},"img":{"alt_text":"","src":"https:\/\/i0.wp.com\/noticiasribeiraopreto.com.br\/wp-content\/uploads\/2025\/06\/concurso-publico-7_2025-01-22_20-01-23_jpg_2025-01-22_20-01-23.webp.webp?fit=1200%2C800&ssl=1&resize=350%2C200","width":350,"height":200,"srcset":"https:\/\/i0.wp.com\/noticiasribeiraopreto.com.br\/wp-content\/uploads\/2025\/06\/concurso-publico-7_2025-01-22_20-01-23_jpg_2025-01-22_20-01-23.webp.webp?fit=1200%2C800&ssl=1&resize=350%2C200 1x, https:\/\/i0.wp.com\/noticiasribeiraopreto.com.br\/wp-content\/uploads\/2025\/06\/concurso-publico-7_2025-01-22_20-01-23_jpg_2025-01-22_20-01-23.webp.webp?fit=1200%2C800&ssl=1&resize=525%2C300 1.5x, https:\/\/i0.wp.com\/noticiasribeiraopreto.com.br\/wp-content\/uploads\/2025\/06\/concurso-publico-7_2025-01-22_20-01-23_jpg_2025-01-22_20-01-23.webp.webp?fit=1200%2C800&ssl=1&resize=700%2C400 2x, https:\/\/i0.wp.com\/noticiasribeiraopreto.com.br\/wp-content\/uploads\/2025\/06\/concurso-publico-7_2025-01-22_20-01-23_jpg_2025-01-22_20-01-23.webp.webp?fit=1200%2C800&ssl=1&resize=1050%2C600 3x"},"classes":[]},{"id":87932,"url":"https:\/\/noticiasribeiraopreto.com.br\/index.php\/2026\/07\/11\/faepa-abre-vagas-com-salarios-de-ate-r-99-mil-veja-cargos\/","url_meta":{"origin":90806,"position":4},"title":"Faepa abre vagas com sal\u00e1rios de at\u00e9 R$ 9,9 mil; Veja cargos","author":"noticiasribeiraopreto.com.br","date":"11 de July de 2026","format":false,"excerpt":"A Faepa (Funda\u00e7\u00e3o de Apoio ao Ensino, Pesquisa e Assist\u00eancia do Hospital das Cl\u00ednicas) publicou novos editais de processos seletivos que pretendem contratar profissionais de n\u00edveis superiores. As oportunidades s\u00e3o para diferentes cargos e os sal\u00e1rios variam entre R$ 4.309,55 e R$ 9.932,13 \u2013 veja abaixo. Al\u00e9m da remunera\u00e7\u00e3o, os\u2026","rel":"","context":"In &quot;Not\u00edcias de Ribeir\u00e3o Preto-SP e Regi\u00e3o&quot;","block_context":{"text":"Not\u00edcias de Ribeir\u00e3o Preto-SP e Regi\u00e3o","link":"https:\/\/noticiasribeiraopreto.com.br\/index.php\/category\/noticias-de-ribeirao-preto-sp-e-regiao-ismael-colosi\/"},"img":{"alt_text":"","src":"https:\/\/i0.wp.com\/noticiasribeiraopreto.com.br\/wp-content\/uploads\/2025\/01\/Copia-de-Copia-de-TAMANHO-EXATO-PARA-FOTOS-NO-SISTEMA-NOVO_2024-07-10_14-29-47_jpg_2024-07-10_14-29-47.webp.webp?fit=1200%2C675&ssl=1&resize=350%2C200","width":350,"height":200,"srcset":"https:\/\/i0.wp.com\/noticiasribeiraopreto.com.br\/wp-content\/uploads\/2025\/01\/Copia-de-Copia-de-TAMANHO-EXATO-PARA-FOTOS-NO-SISTEMA-NOVO_2024-07-10_14-29-47_jpg_2024-07-10_14-29-47.webp.webp?fit=1200%2C675&ssl=1&resize=350%2C200 1x, https:\/\/i0.wp.com\/noticiasribeiraopreto.com.br\/wp-content\/uploads\/2025\/01\/Copia-de-Copia-de-TAMANHO-EXATO-PARA-FOTOS-NO-SISTEMA-NOVO_2024-07-10_14-29-47_jpg_2024-07-10_14-29-47.webp.webp?fit=1200%2C675&ssl=1&resize=525%2C300 1.5x, https:\/\/i0.wp.com\/noticiasribeiraopreto.com.br\/wp-content\/uploads\/2025\/01\/Copia-de-Copia-de-TAMANHO-EXATO-PARA-FOTOS-NO-SISTEMA-NOVO_2024-07-10_14-29-47_jpg_2024-07-10_14-29-47.webp.webp?fit=1200%2C675&ssl=1&resize=700%2C400 2x, https:\/\/i0.wp.com\/noticiasribeiraopreto.com.br\/wp-content\/uploads\/2025\/01\/Copia-de-Copia-de-TAMANHO-EXATO-PARA-FOTOS-NO-SISTEMA-NOVO_2024-07-10_14-29-47_jpg_2024-07-10_14-29-47.webp.webp?fit=1200%2C675&ssl=1&resize=1050%2C600 3x"},"classes":[]},{"id":7566,"url":"https:\/\/noticiasribeiraopreto.com.br\/index.php\/2023\/11\/28\/prefeitura-na-regiao-de-ribeirao-abre-processo-seletivo-com-salarios-de-r-35-mil\/","url_meta":{"origin":90806,"position":5},"title":"Prefeitura na regi\u00e3o de Ribeir\u00e3o abre processo seletivo com sal\u00e1rios de R$ 3,5 mil","author":"noticiasribeiraopreto.com.br","date":"28 de November de 2023","format":false,"excerpt":"A Prefeitura de Barrinha, na regi\u00e3o de Ribeir\u00e3o Preto, est\u00e1 com as inscri\u00e7\u00f5es abertas em processo seletivo para o cadastro de reserva. Ao todo, s\u00e3o 28 fun\u00e7\u00f5es dispon\u00edveis com sal\u00e1rios de at\u00e9 R$ 3.562,50. As inscri\u00e7\u00f5es devem ser realizadas pela internet (clique aqui) at\u00e9 o dia 14 de dezembro de\u2026","rel":"","context":"In &quot;Not\u00edcias de Ribeir\u00e3o Preto-SP e Regi\u00e3o&quot;","block_context":{"text":"Not\u00edcias de Ribeir\u00e3o Preto-SP e Regi\u00e3o","link":"https:\/\/noticiasribeiraopreto.com.br\/index.php\/category\/noticias-de-ribeirao-preto-sp-e-regiao-ismael-colosi\/"},"img":{"alt_text":"","src":"https:\/\/i0.wp.com\/noticiasribeiraopreto.com.br\/wp-content\/uploads\/2023\/11\/1701185859_prova-concurso-publico-3.jpg?fit=1200%2C800&ssl=1&resize=350%2C200","width":350,"height":200,"srcset":"https:\/\/i0.wp.com\/noticiasribeiraopreto.com.br\/wp-content\/uploads\/2023\/11\/1701185859_prova-concurso-publico-3.jpg?fit=1200%2C800&ssl=1&resize=350%2C200 1x, https:\/\/i0.wp.com\/noticiasribeiraopreto.com.br\/wp-content\/uploads\/2023\/11\/1701185859_prova-concurso-publico-3.jpg?fit=1200%2C800&ssl=1&resize=525%2C300 1.5x, https:\/\/i0.wp.com\/noticiasribeiraopreto.com.br\/wp-content\/uploads\/2023\/11\/1701185859_prova-concurso-publico-3.jpg?fit=1200%2C800&ssl=1&resize=700%2C400 2x, https:\/\/i0.wp.com\/noticiasribeiraopreto.com.br\/wp-content\/uploads\/2023\/11\/1701185859_prova-concurso-publico-3.jpg?fit=1200%2C800&ssl=1&resize=1050%2C600 3x"},"classes":[]}],"jetpack_sharing_enabled":true,"jetpack_shortlink":"https:\/\/wp.me\/peQAOb-nCC","jetpack_featured_media_url":"https:\/\/i0.wp.com\/noticiasribeiraopreto.com.br\/wp-content\/uploads\/2024\/06\/Copia-de-Copia-de-TAMANHO-EXATO-PARA-FOTOS-NO-SISTEMA-NOVO-2_2024-06-13_21-46-25_jpg_2024-06-13_21-46-26.webp.webp?fit=1200%2C675&ssl=1","_links":{"self":[{"href":"https:\/\/noticiasribeiraopreto.com.br\/index.php\/wp-json\/wp\/v2\/posts\/90806","targetHints":{"allow":["GET"]}}],"collection":[{"href":"https:\/\/noticiasribeiraopreto.com.br\/index.php\/wp-json\/wp\/v2\/posts"}],"about":[{"href":"https:\/\/noticiasribeiraopreto.com.br\/index.php\/wp-json\/wp\/v2\/types\/post"}],"author":[{"embeddable":true,"href":"https:\/\/noticiasribeiraopreto.com.br\/index.php\/wp-json\/wp\/v2\/users\/1"}],"replies":[{"embeddable":true,"href":"https:\/\/noticiasribeiraopreto.com.br\/index.php\/wp-json\/wp\/v2\/comments?post=90806"}],"version-history":[{"count":0,"href":"https:\/\/noticiasribeiraopreto.com.br\/index.php\/wp-json\/wp\/v2\/posts\/90806\/revisions"}],"wp:featuredmedia":[{"embeddable":true,"href":"https:\/\/noticiasribeiraopreto.com.br\/index.php\/wp-json\/wp\/v2\/media\/52908"}],"wp:attachment":[{"href":"https:\/\/noticiasribeiraopreto.com.br\/index.php\/wp-json\/wp\/v2\/media?parent=90806"}],"wp:term":[{"taxonomy":"category","embeddable":true,"href":"https:\/\/noticiasribeiraopreto.com.br\/index.php\/wp-json\/wp\/v2\/categories?post=90806"},{"taxonomy":"post_tag","embeddable":true,"href":"https:\/\/noticiasribeiraopreto.com.br\/index.php\/wp-json\/wp\/v2\/tags?post=90806"}],"curies":[{"name":"wp","href":"https:\/\/api.w.org\/{rel}","templated":true}]}}