{"id":90807,"date":"2026-08-31T09:52:14","date_gmt":"2026-08-31T12:52:14","guid":{"rendered":"https:\/\/noticiasribeiraopreto.com.br\/index.php\/2026\/08\/31\/pesquisas-para-presidente-lula-e-flavio-lideram-e-novo-nome-assume-o-3o-lugar\/"},"modified":"2026-08-31T09:52:14","modified_gmt":"2026-08-31T12:52:14","slug":"pesquisas-para-presidente-lula-e-flavio-lideram-e-novo-nome-assume-o-3o-lugar","status":"publish","type":"post","link":"https:\/\/noticiasribeiraopreto.com.br\/index.php\/2026\/08\/31\/pesquisas-para-presidente-lula-e-flavio-lideram-e-novo-nome-assume-o-3o-lugar\/","title":{"rendered":"Pesquisas para presidente: Lula e Fl\u00e1vio lideram e novo nome assume o 3\u00ba lugar"},"content":{"rendered":"<div class='code-block code-block-1' style='margin: 8px 0 8px auto; text-align: right; display: block; clear: both;'>\n<p><a href=\"https:\/\/wa.link\/vpicfd\"><img data-recalc-dims=\"1\" class=\"wp-image-4922\" style=\"aspect-ratio: 2.0253164556962027; width: 561px; height: auto;\" src=\"https:\/\/i0.wp.com\/ismaelcolosi.com.br\/wp-content\/uploads\/2023\/11\/grupo-de-empregos-whatsapp-e-facebook-ismael-colosi-vagas.jpg?ssl=1\" alt=\"\" \/><\/a><\/p>\n<!-- \/wp:image -->\n<\/div>\n<p> <br \/>\n<\/p>\n<p>Duas pesquisas eleitorais para a disputa da Presid\u00eancia da Rep\u00fablica nas<strong> Elei\u00e7\u00f5es 2026 <\/strong>foram divulgadas nesta segunda-feira (31). Segundo os levantamentos da <strong>Atlas\/Bloomberg<\/strong> e da <strong>BTG\/Nexus<\/strong>, o escritor <strong>Augusto Cury (Avante) <\/strong>aparece na terceira coloca\u00e7\u00e3o das pesquisas, que seguem lideradas por <strong>Luiz In\u00e1cio Lula da Silva (PT)<\/strong> e <strong>Fl\u00e1vio Bolsonaro (PL)<\/strong>.<\/p>\n<p class=\"has-cyan-bluish-gray-background-color has-background\"><em>Receba not\u00edcias do\u00a0<strong>acidade on Ribeir\u00e3o\u00a0<\/strong>no WhatsApp e fique por dentro de tudo! Basta acessar o link<a href=\"https:\/\/chat.whatsapp.com\/DfXwcjKVIddHUT3BvnQuPZ?mode=hqctshi\" target=\"_blank\" rel=\"noreferrer noopener\">\u00a0aqui<\/a>!<\/em><\/p>\n<h2 class=\"wp-block-heading\"><strong>Confira\u00a0as pesquisas<\/strong><\/h2>\n<h3 class=\"wp-block-heading\">Pesquisa Atlas\/Bloomberg<\/h3>\n<p>A vantagem do presidente Lula em um prov\u00e1vel segundo turno contra o senador Fl\u00e1vio Bolsonaro caiu 1,8 ponto porcentual, segundo a pesquisa Atlas\/Bloomberg divulgada na manh\u00e3 desta segunda-feira. Lula, que no levantamento do fim de julho tinha 49,2% das inten\u00e7\u00f5es de voto, agora registra 47,1%. Fl\u00e1vio Bolsonaro, por sua vez, ficou quase est\u00e1vel: de 42,9% passou a 42,6%.\u00a0<\/p>\n<p>Com isso, a diferen\u00e7a entre ambos recuou de 6,3 pontos para 4,5, uma oscila\u00e7\u00e3o acima da margem de erro de um ponto porcentual para cima ou para baixo.<\/p>\n<p>Na disputa do primeiro turno, o levantamento indica tamb\u00e9m uma oscila\u00e7\u00e3o negativa dos candidatos do PT e do PL e o crescimento de Augusto Cury (Avante) para a terceira posi\u00e7\u00e3o.\u00a0<\/p>\n<p>O petista tem 43,4% das inten\u00e7\u00f5es de voto, seguido de Fl\u00e1vio, com 33,7%, no primeiro turno. Depois, v\u00eam Cury (7,8%); Renan Santos, do Miss\u00e3o, (7,6%); Ronaldo Caiado, do PSD, (3,3%); e Romeu Zema, do Novo (1%).<\/p>\n<p>Em rela\u00e7\u00e3o \u00e0 pesquisa anterior, referente ao m\u00eas de julho, Lula caiu 1,6 ponto porcentual, e Fl\u00e1vio perdeu 2,3 pontos porcentuais.<\/p>\n<p>Cury, com 7,8%, cresceu 6,2 pontos porcentuais no 1\u00ba turno em rela\u00e7\u00e3o ao \u00faltimo levantamento, quando aparecia com 1,6%. At\u00e9 ent\u00e3o, ele figurava sempre atr\u00e1s de Renan Santos (Miss\u00e3o), Ronaldo Caiado (PSD) e Romeu Zema (Novo).<\/p>\n<p>Nos \u00faltimos dias, o candidato teve um \u201cboom\u201d de seguidores em suas redes sociais.<\/p>\n<p>Os dados da pesquisa foram coletados entre os dias 25 e 30 de agosto de 2026, ap\u00f3s o debate presidencial promovido por Band e Estad\u00e3o, com parceria de TV Cultura, Gazeta e Jovem Pan (23), as sabatinas promovidas pela TV Globo (25 a 30) e o in\u00edcio do hor\u00e1rio gratuito eleitoral (28).<\/p>\n<h3 class=\"wp-block-heading\"><strong>Inten\u00e7\u00e3o de voto no 1\u00ba turno, segundo pesquisa Atlas\/Bloomberg (31\/8):<\/strong><\/h3>\n<p>\u2013 43,4% \u2013 Lula (PT)<\/p>\n<p>\u2013 33,7% \u2013 Fl\u00e1vio Bolsonaro (PL)<\/p>\n<p>\u2013 7,8% \u2013 Augusto Cury (Avante)<\/p>\n<p>\u2013 7,6% \u2013 Renan Santos (Miss\u00e3o)<\/p>\n<p>\u2013 3,3% \u2013 Ronaldo Caiado (PSD)<\/p>\n<p>\u2013 1,9% \u2013 Pablo Mar\u00e7al (PRTB)<\/p>\n<p>\u2013 1,0% \u2013 Romeu Zema (Novo)<\/p>\n<p>\u2013 0,9% \u2013 Samara (UP)<\/p>\n<p>\u2013 0,1% \u2013 Rui Costa Pimenta (PCO)<\/p>\n<p>\u2013 0,1% \u2013 Wilson Grassi (Democrata)<\/p>\n<p>\u2013 0,1% \u2013 Branco\/Nulo<\/p>\n<p>\u2013 0,2% \u2013 N\u00e3o sei<\/p>\n<h3 class=\"wp-block-heading\"><strong>Cen\u00e1rios de 2\u00ba turno conforme pesquisa Atlas\/Bloomberg (31\/8):<\/strong><\/h3>\n<p><strong>2\u00ba Turno: Lula x Fl\u00e1vio Bolsonaro<\/strong><\/p>\n<p>\u2013 47,1% \u2013 Lula<\/p>\n<p>\u2013 42,6% \u2013 Fl\u00e1vio Bolsonaro<\/p>\n<p>\u2013 10,3% \u2013 Branco\/Nulo\/N\u00e3o sei<\/p>\n<p><strong>2\u00ba Turno: Lula x Caiado<\/strong><\/p>\n<p>\u2013 46,6% \u2013 Lula<\/p>\n<p>\u2013 41,0% \u2013 Caiado<\/p>\n<p>\u2013 12,3% \u2013 Branco\/Nulo\/N\u00e3o sei<\/p>\n<p><strong>2\u00ba Turno: Lula x Zema<\/strong><\/p>\n<p>\u2013 47% \u2013 Lula<\/p>\n<p>\u2013 40,7% \u2013 Zema<\/p>\n<p>\u2013 12,3% \u2013 Branco\/Nulo\/N\u00e3o sei<\/p>\n<p><strong>2\u00ba Turno: Lula x Renan Santos<\/strong><\/p>\n<p>\u2013 47,5% \u2013 Lula<\/p>\n<p>\u2013 26,0% \u2013 Renan Santos<\/p>\n<p>\u2013 26,6% \u2013 Branco\/Nulo\/N\u00e3o sei<\/p>\n<h3 class=\"wp-block-heading\"><strong>Registro da pesquisa<\/strong><\/h3>\n<p>A pesquisa AtlasIntel\/Bloomberg foi feita entre os dias 25 e 30 de agosto de 2026, com base numa amostra de 5.014 pessoas respondentes e margem de erro de 1% para mais ou para menos e n\u00edvel de confian\u00e7a de 95%. Est\u00e1 registrada no Tribunal Superior Eleitoral (TSE) sob o c\u00f3digo BR-07972\/2026.<\/p>\n<h3 class=\"wp-block-heading\"><strong>Pesquisa BTG\/Nexus<\/strong><\/h3>\n<p>A pesquisa<strong> BTG\/Nexus<\/strong> desta segunda-feira tamb\u00e9m mostra que o escritor Augusto Cury subiu para o terceiro lugar nas inten\u00e7\u00f5es de voto para a elei\u00e7\u00e3o presidencial. De 2% na semana passada, Cury saltou para 11% das inten\u00e7\u00f5es de voto.\u00a0<\/p>\n<p>J\u00e1 o presidente Lula continua liderando as inten\u00e7\u00f5es de voto para o primeiro turno, mas caiu de 41% na semana passada para 39% na pesquisa divulgada nesta segunda-feira. A oscila\u00e7\u00e3o est\u00e1 dentro da margem de erro de 2%.<\/p>\n<p>Em seguida aparece o senador Fl\u00e1vio Bolsonaro, que caiu de 37% das inten\u00e7\u00f5es de voto na semana passada para 33% no levantamento desta segunda-feira. A vantagem do petista sobre o filho do presidente Jair Bolsonaro voltou a subir para 6 pontos porcentuais.<\/p>\n<p>O ex-governador de Goi\u00e1s Ronaldo Caiado aparece em quarto lugar, com 5%. Em seguida, com 3%, vem o ativista Renan Santos. O ex-governador de Minas Gerais Romeu Zema registrou 1%. Brancos e nulos somam 3% e n\u00e3o sabem ou n\u00e3o responderam 3%. Em outra proje\u00e7\u00e3o de 1\u00ba turno, o coach Pablo Mar\u00e7al, que est\u00e1 ineleg\u00edvel por decis\u00e3o da Justi\u00e7a Eleitoral, pontua 3%.<\/p>\n<h2 class=\"wp-block-heading\"><strong>Registro da pesquisa<\/strong><\/h2>\n<p>A Nexus ouviu 2.005 pessoas com 16 anos ou mais, por telefone. A margem de erro \u00e9 de 2 p.p., para mais ou para menos, com um n\u00edvel de confian\u00e7a de 95%. A pesquisa est\u00e1 registrada no Tribunal Superior Eleitoral (TSE) sob o c\u00f3digo BR-08900\/2026.<\/p>\n<p><em>Por Andr\u00e9 Carlos Zorzi, Lav\u00ednia Kaucz e Elizabeth Lopes\/Estad\u00e3o Conte\u00fado.<\/em><\/p>\n<figure class=\"wp-block-gallery has-nested-images columns-default is-cropped wp-block-gallery-1 is-layout-flex wp-block-gallery-is-layout-flex\">\n<figure class=\"wp-block-image size-large\"><figcaption class=\"wp-element-caption\">Escritor Augusto Cury (Foto: reprodu\u00e7\u00e3o\/Instagram)<\/figcaption><\/figure>\n<figure class=\"wp-block-image size-large\"><img data-recalc-dims=\"1\" loading=\"lazy\" decoding=\"async\" width=\"1024\" height=\"683\" data-id=\"173037\" src=\"https:\/\/i0.wp.com\/www.acidadeon.com\/ribeiraopreto\/wp-content\/uploads\/sites\/3\/2026\/08\/flavio-bolsonaro-1024x683.jpg?resize=1024%2C683&#038;ssl=1\" alt=\"flavio bolsonaro\" class=\"wp-image-173037\" title=\"Pesquisas para presidente: Lula e Fl\u00e1vio lideram e novo nome assume o 3\u00ba lugar 2\"><figcaption class=\"wp-element-caption\">Fl\u00e1vio Bolsonaro (Foto: Geraldo Magela\/Ag\u00eancia Senado)<\/figcaption><\/figure>\n<figure class=\"wp-block-image size-large\"><img data-recalc-dims=\"1\" loading=\"lazy\" decoding=\"async\" width=\"768\" height=\"576\" data-id=\"173038\" src=\"https:\/\/i0.wp.com\/www.acidadeon.com\/ribeiraopreto\/wp-content\/uploads\/sites\/3\/2026\/08\/lula.webp?resize=768%2C576&#038;ssl=1\" alt=\"pesquisas\" class=\"wp-image-173038\" title=\"Pesquisas para presidente: Lula e Fl\u00e1vio lideram e novo nome assume o 3\u00ba lugar 3\"><figcaption class=\"wp-element-caption\">Lula (Foto: Ricardo Stuckert)<\/figcaption><\/figure>\n<\/figure>\n<p class=\"has-cyan-bluish-gray-background-color has-background\"><em>Fa\u00e7a uma den\u00fancia ou sugira uma reportagem sobre\u00a0<strong>Ribeir\u00e3o Preto\u00a0<\/strong>e regi\u00e3o por meio do WhatsApp do\u00a0<strong>acidade on Ribeir\u00e3o<\/strong>: (16) 99117-7802.<\/em><\/p>\n<p>O post Pesquisas para presidente: Lula e Fl\u00e1vio lideram e novo nome assume o 3\u00ba lugar apareceu primeiro em ACidade ON Ribeir\u00e3o Preto.<\/p>\n<p><br \/>\n<br \/><a href=\"https:\/\/www.acidadeon.com\/ribeiraopreto\/politica\/eleicoes\/pesquisas-para-presidente-lula-e-flavio-lideram-e-novo-nome-assume-o-3o-lugar\/\">Link para o texto original aqui <\/a><\/p>\n<!-- CONTENT END 1 -->\n","protected":false},"excerpt":{"rendered":"<p>Duas pesquisas eleitorais para a disputa da Presid\u00eancia da Rep\u00fablica nas Elei\u00e7\u00f5es 2026 foram divulgadas nesta segunda-feira (31). Segundo os levantamentos da Atlas\/Bloomberg e da&#8230;<\/p>\n","protected":false},"author":1,"featured_media":90808,"comment_status":"","ping_status":"","sticky":false,"template":"","format":"standard","meta":{"advanced_seo_description":"","jetpack_seo_html_title":"","jetpack_seo_noindex":false,"jetpack_seo_schema_type":"","_jetpack_newsletter_access":"","_jetpack_dont_email_post_to_subs":false,"_jetpack_newsletter_tier_id":0,"_jetpack_memberships_contains_paywalled_content":false,"_jetpack_feature_clip_id":0,"_jetpack_memberships_contains_paid_content":false,"footnotes":"","jetpack_publicize_message":"","jetpack_publicize_feature_enabled":true,"jetpack_social_post_already_shared":true,"jetpack_social_options":{"image_generator_settings":{"template":"highway","default_image_id":0,"font":"","enabled":false},"version":2},"jetpack_post_was_ever_published":false},"categories":[11],"tags":[899,4613,890,8825,1061,750,1804,381,71,2888,487],"class_list":["post-90807","post","type-post","status-publish","format-standard","has-post-thumbnail","hentry","category-noticias-de-ribeirao-preto-sp-e-regiao-ismael-colosi","tag-3o","tag-assume","tag-flavio","tag-lideram","tag-lugar","tag-lula","tag-nome","tag-novo","tag-para","tag-pesquisas","tag-presidente"],"jetpack_publicize_connections":[],"jetpack-related-posts":[{"id":87782,"url":"https:\/\/noticiasribeiraopreto.com.br\/index.php\/2026\/07\/09\/lula-e-flavio-bolsonaro-empatam-em-sp-para-presidente-mas-petista-tem-rejeicao-maior-aponta-datafolha\/","url_meta":{"origin":90807,"position":0},"title":"Lula e Fl\u00e1vio Bolsonaro empatam em SP para presidente, mas petista tem rejei\u00e7\u00e3o maior, aponta Datafolha","author":"noticiasribeiraopreto.com.br","date":"9 de July de 2026","format":false,"excerpt":"O presidente Lula (PT) e o senador Fl\u00e1vio Bolsonaro (PL-RJ) empatam nas inten\u00e7\u00f5es de voto em S\u00e3o Paulo para a disputa ao Pal\u00e1cio do Planalto no primeiro e no segundo turno, mas o petista tem rejei\u00e7\u00e3o maior entre o eleitorado paulista, segundo nova pesquisa Datafolha.Tanto Lula quanto o filho do\u2026","rel":"","context":"In &quot;Not\u00edcias de Ribeir\u00e3o Preto-SP e Regi\u00e3o&quot;","block_context":{"text":"Not\u00edcias de Ribeir\u00e3o Preto-SP e Regi\u00e3o","link":"https:\/\/noticiasribeiraopreto.com.br\/index.php\/category\/noticias-de-ribeirao-preto-sp-e-regiao-ismael-colosi\/"},"img":{"alt_text":"","src":"https:\/\/i0.wp.com\/noticiasribeiraopreto.com.br\/wp-content\/uploads\/2026\/07\/TH-PORTAL-IMAGEM-2.png?fit=1200%2C675&ssl=1&resize=350%2C200","width":350,"height":200,"srcset":"https:\/\/i0.wp.com\/noticiasribeiraopreto.com.br\/wp-content\/uploads\/2026\/07\/TH-PORTAL-IMAGEM-2.png?fit=1200%2C675&ssl=1&resize=350%2C200 1x, https:\/\/i0.wp.com\/noticiasribeiraopreto.com.br\/wp-content\/uploads\/2026\/07\/TH-PORTAL-IMAGEM-2.png?fit=1200%2C675&ssl=1&resize=525%2C300 1.5x, https:\/\/i0.wp.com\/noticiasribeiraopreto.com.br\/wp-content\/uploads\/2026\/07\/TH-PORTAL-IMAGEM-2.png?fit=1200%2C675&ssl=1&resize=700%2C400 2x, https:\/\/i0.wp.com\/noticiasribeiraopreto.com.br\/wp-content\/uploads\/2026\/07\/TH-PORTAL-IMAGEM-2.png?fit=1200%2C675&ssl=1&resize=1050%2C600 3x"},"classes":[]},{"id":88916,"url":"https:\/\/noticiasribeiraopreto.com.br\/index.php\/2026\/07\/27\/salles-diz-que-decisao-de-flavio-bolsonaro-para-presidencia-nao-foi-uma-boa-escolha\/","url_meta":{"origin":90807,"position":1},"title":"Salles diz que decis\u00e3o de Fl\u00e1vio Bolsonaro para Presid\u00eancia \u2018n\u00e3o foi uma boa escolha\u2019","author":"noticiasribeiraopreto.com.br","date":"27 de July de 2026","format":false,"excerpt":"O pr\u00e9-candidato ao Senado por S\u00e3o Paulo, Ricardo Salles (Novo), afirmou que a escolha de Fl\u00e1vio Bolsonaro (PL) como pr\u00e9-candidato da direita \u00e0 Presid\u00eancia da Rep\u00fablica em 2026 \u201cn\u00e3o foi uma boa escolha\u201d. Durante entrevista realizada em Ribeir\u00e3o Preto, Salles disse que considera Eduardo Bolsonaro (PL) mais preparado entre os\u2026","rel":"","context":"In &quot;Not\u00edcias de Ribeir\u00e3o Preto-SP e Regi\u00e3o&quot;","block_context":{"text":"Not\u00edcias de Ribeir\u00e3o Preto-SP e Regi\u00e3o","link":"https:\/\/noticiasribeiraopreto.com.br\/index.php\/category\/noticias-de-ribeirao-preto-sp-e-regiao-ismael-colosi\/"},"img":{"alt_text":"","src":"https:\/\/i0.wp.com\/noticiasribeiraopreto.com.br\/wp-content\/uploads\/2026\/07\/ricardo-salles-camara-dos-deputados.jpg?fit=1200%2C675&ssl=1&resize=350%2C200","width":350,"height":200,"srcset":"https:\/\/i0.wp.com\/noticiasribeiraopreto.com.br\/wp-content\/uploads\/2026\/07\/ricardo-salles-camara-dos-deputados.jpg?fit=1200%2C675&ssl=1&resize=350%2C200 1x, https:\/\/i0.wp.com\/noticiasribeiraopreto.com.br\/wp-content\/uploads\/2026\/07\/ricardo-salles-camara-dos-deputados.jpg?fit=1200%2C675&ssl=1&resize=525%2C300 1.5x, https:\/\/i0.wp.com\/noticiasribeiraopreto.com.br\/wp-content\/uploads\/2026\/07\/ricardo-salles-camara-dos-deputados.jpg?fit=1200%2C675&ssl=1&resize=700%2C400 2x, https:\/\/i0.wp.com\/noticiasribeiraopreto.com.br\/wp-content\/uploads\/2026\/07\/ricardo-salles-camara-dos-deputados.jpg?fit=1200%2C675&ssl=1&resize=1050%2C600 3x"},"classes":[]},{"id":32005,"url":"https:\/\/noticiasribeiraopreto.com.br\/index.php\/2024\/01\/23\/esta-agradando-pesquisa-mostra-a-taxa-de-aprovacao-do-governo-lula-e-o-que-o-petista-precisa-fazer-para-uma-possivel-reeleicao\/","url_meta":{"origin":90807,"position":2},"title":"Est\u00e1 agradando? Pesquisa mostra a taxa de aprova\u00e7\u00e3o do governo Lula e o que o petista precisa fazer para uma poss\u00edvel reelei\u00e7\u00e3o","author":"noticiasribeiraopreto.com.br","date":"23 de January de 2024","format":false,"excerpt":"O governo Lula completou o primeiro ano da terceira gest\u00e3o do petista na virada do ano e uma pesquisa da Confedera\u00e7\u00e3o Nacional do Transporte (CNT) divulgada nesta ter\u00e7a-feira (23) mostrou que 42,7% dos entrevistados avaliam a atual administra\u00e7\u00e3o como \u00f3tima ou boa, enquanto 27,9% consideram ruim ou p\u00e9ssimo. De acordo\u2026","rel":"","context":"In &quot;Dinheiro e Investimento&quot;","block_context":{"text":"Dinheiro e Investimento","link":"https:\/\/noticiasribeiraopreto.com.br\/index.php\/category\/dinheiro-e-investimento-como-fazer-como-ganhar\/"},"img":{"alt_text":"","src":"https:\/\/i0.wp.com\/noticiasribeiraopreto.com.br\/wp-content\/uploads\/2024\/01\/image1-4-715x402.png?fit=715%2C402&ssl=1&resize=350%2C200","width":350,"height":200,"srcset":"https:\/\/i0.wp.com\/noticiasribeiraopreto.com.br\/wp-content\/uploads\/2024\/01\/image1-4-715x402.png?fit=715%2C402&ssl=1&resize=350%2C200 1x, https:\/\/i0.wp.com\/noticiasribeiraopreto.com.br\/wp-content\/uploads\/2024\/01\/image1-4-715x402.png?fit=715%2C402&ssl=1&resize=525%2C300 1.5x, https:\/\/i0.wp.com\/noticiasribeiraopreto.com.br\/wp-content\/uploads\/2024\/01\/image1-4-715x402.png?fit=715%2C402&ssl=1&resize=700%2C400 2x"},"classes":[]},{"id":90078,"url":"https:\/\/noticiasribeiraopreto.com.br\/index.php\/2026\/08\/17\/candidatos-iniciam-campanha-presidencial-em-redutos-eleitorais\/","url_meta":{"origin":90807,"position":3},"title":"Candidatos iniciaram campanha presidencial em redutos eleitorais","author":"noticiasribeiraopreto.com.br","date":"17 de August de 2026","format":false,"excerpt":"Os candidatos \u00e0 presid\u00eancia da Rep\u00fablica iniciaram neste domingo (16) a campanha nas ruas do pa\u00eds,liberada no domingo,\u00a0pelo calend\u00e1rio da Justi\u00e7a Eleitoral.\u00a0 De acordo com a\u00a0Lei das Elei\u00e7\u00f5es\u00a0e resolu\u00e7\u00f5es do\u00a0Tribunal Superior Eleitoral (TSE), os atos est\u00e3o permitidos at\u00e9 3 de outubro, um dia antes do primeiro turno. Os com\u00edcios est\u00e3o\u2026","rel":"","context":"In &quot;Not\u00edcias de Ribeir\u00e3o Preto-SP e Regi\u00e3o&quot;","block_context":{"text":"Not\u00edcias de Ribeir\u00e3o Preto-SP e Regi\u00e3o","link":"https:\/\/noticiasribeiraopreto.com.br\/index.php\/category\/noticias-de-ribeirao-preto-sp-e-regiao-ismael-colosi\/"},"img":{"alt_text":"","src":"https:\/\/i0.wp.com\/noticiasribeiraopreto.com.br\/wp-content\/uploads\/2026\/08\/photo-2026-08-16-17-03-29.jpg?fit=1170%2C700&ssl=1&resize=350%2C200","width":350,"height":200,"srcset":"https:\/\/i0.wp.com\/noticiasribeiraopreto.com.br\/wp-content\/uploads\/2026\/08\/photo-2026-08-16-17-03-29.jpg?fit=1170%2C700&ssl=1&resize=350%2C200 1x, https:\/\/i0.wp.com\/noticiasribeiraopreto.com.br\/wp-content\/uploads\/2026\/08\/photo-2026-08-16-17-03-29.jpg?fit=1170%2C700&ssl=1&resize=525%2C300 1.5x, https:\/\/i0.wp.com\/noticiasribeiraopreto.com.br\/wp-content\/uploads\/2026\/08\/photo-2026-08-16-17-03-29.jpg?fit=1170%2C700&ssl=1&resize=700%2C400 2x, https:\/\/i0.wp.com\/noticiasribeiraopreto.com.br\/wp-content\/uploads\/2026\/08\/photo-2026-08-16-17-03-29.jpg?fit=1170%2C700&ssl=1&resize=1050%2C600 3x"},"classes":[]},{"id":27293,"url":"https:\/\/noticiasribeiraopreto.com.br\/index.php\/2024\/01\/11\/ricardo-lewandowski-sera-o-novo-ministro-da-justica\/","url_meta":{"origin":90807,"position":4},"title":"Ricardo Lewandowski ser\u00e1 o novo ministro da Justi\u00e7a \u2013 Folha de Ribeir\u00e3o","author":"noticiasribeiraopreto.com.br","date":"11 de January de 2024","format":false,"excerpt":"O ex-ministro do Supremo Tribunal Federal (STF) Ricardo Lewandowski assumir\u00e1 o Minist\u00e9rio da Justi\u00e7a e Seguran\u00e7a P\u00fablica. O an\u00fancio foi feito nesta quinta-feira (11) pelo presidente Luiz In\u00e1cio Lula da Silva em pronunciamento no Pal\u00e1cio do Planalto. Lewandowski ocupar\u00e1 a vaga deixada por\u00a0Fl\u00e1vio Dino, indicado de Lula ao STF para\u2026","rel":"","context":"In &quot;Not\u00edcias de Ribeir\u00e3o Preto-SP e Regi\u00e3o&quot;","block_context":{"text":"Not\u00edcias de Ribeir\u00e3o Preto-SP e Regi\u00e3o","link":"https:\/\/noticiasribeiraopreto.com.br\/index.php\/category\/noticias-de-ribeirao-preto-sp-e-regiao-ismael-colosi\/"},"img":{"alt_text":"","src":"","width":0,"height":0},"classes":[]},{"id":38887,"url":"https:\/\/noticiasribeiraopreto.com.br\/index.php\/2024\/02\/22\/flavio-dino-toma-posse-no-supremo-tribunal-federal\/","url_meta":{"origin":90807,"position":5},"title":"Flavio Dino toma posse no Supremo Tribunal Federal","author":"noticiasribeiraopreto.com.br","date":"22 de February de 2024","format":false,"excerpt":"22 de fevereiro de 2024 | 9:3022 de fevereiro de 2024 | 8:44 0O ex-ministro da Justi\u00e7a e Seguran\u00e7a P\u00fablica Fl\u00e1vio Dino ser\u00e1 empossado nesta quinta-feira (22) no cargo de ministro do Supremo Tribunal Federal (STF).A cerim\u00f4nia de posse est\u00e1 prevista para come\u00e7ar \u00e0s 16h e contar\u00e1 com a presen\u00e7a\u2026","rel":"","context":"In &quot;Not\u00edcias de Ribeir\u00e3o Preto-SP e Regi\u00e3o&quot;","block_context":{"text":"Not\u00edcias de Ribeir\u00e3o Preto-SP e Regi\u00e3o","link":"https:\/\/noticiasribeiraopreto.com.br\/index.php\/category\/noticias-de-ribeirao-preto-sp-e-regiao-ismael-colosi\/"},"img":{"alt_text":"","src":"https:\/\/i0.wp.com\/noticiasribeiraopreto.com.br\/wp-content\/uploads\/2024\/02\/ebf396ec-b8a4-40ba-aa1c-e659cd648301-scaled.jpg?fit=1000%2C598&ssl=1&resize=350%2C200","width":350,"height":200,"srcset":"https:\/\/i0.wp.com\/noticiasribeiraopreto.com.br\/wp-content\/uploads\/2024\/02\/ebf396ec-b8a4-40ba-aa1c-e659cd648301-scaled.jpg?fit=1000%2C598&ssl=1&resize=350%2C200 1x, https:\/\/i0.wp.com\/noticiasribeiraopreto.com.br\/wp-content\/uploads\/2024\/02\/ebf396ec-b8a4-40ba-aa1c-e659cd648301-scaled.jpg?fit=1000%2C598&ssl=1&resize=525%2C300 1.5x, https:\/\/i0.wp.com\/noticiasribeiraopreto.com.br\/wp-content\/uploads\/2024\/02\/ebf396ec-b8a4-40ba-aa1c-e659cd648301-scaled.jpg?fit=1000%2C598&ssl=1&resize=700%2C400 2x"},"classes":[]}],"jetpack_sharing_enabled":true,"jetpack_shortlink":"https:\/\/wp.me\/peQAOb-nCD","jetpack_featured_media_url":"https:\/\/i0.wp.com\/noticiasribeiraopreto.com.br\/wp-content\/uploads\/2026\/08\/lula-flavio-pesquisa.jpeg?fit=1600%2C899&ssl=1","_links":{"self":[{"href":"https:\/\/noticiasribeiraopreto.com.br\/index.php\/wp-json\/wp\/v2\/posts\/90807","targetHints":{"allow":["GET"]}}],"collection":[{"href":"https:\/\/noticiasribeiraopreto.com.br\/index.php\/wp-json\/wp\/v2\/posts"}],"about":[{"href":"https:\/\/noticiasribeiraopreto.com.br\/index.php\/wp-json\/wp\/v2\/types\/post"}],"author":[{"embeddable":true,"href":"https:\/\/noticiasribeiraopreto.com.br\/index.php\/wp-json\/wp\/v2\/users\/1"}],"replies":[{"embeddable":true,"href":"https:\/\/noticiasribeiraopreto.com.br\/index.php\/wp-json\/wp\/v2\/comments?post=90807"}],"version-history":[{"count":0,"href":"https:\/\/noticiasribeiraopreto.com.br\/index.php\/wp-json\/wp\/v2\/posts\/90807\/revisions"}],"wp:featuredmedia":[{"embeddable":true,"href":"https:\/\/noticiasribeiraopreto.com.br\/index.php\/wp-json\/wp\/v2\/media\/90808"}],"wp:attachment":[{"href":"https:\/\/noticiasribeiraopreto.com.br\/index.php\/wp-json\/wp\/v2\/media?parent=90807"}],"wp:term":[{"taxonomy":"category","embeddable":true,"href":"https:\/\/noticiasribeiraopreto.com.br\/index.php\/wp-json\/wp\/v2\/categories?post=90807"},{"taxonomy":"post_tag","embeddable":true,"href":"https:\/\/noticiasribeiraopreto.com.br\/index.php\/wp-json\/wp\/v2\/tags?post=90807"}],"curies":[{"name":"wp","href":"https:\/\/api.w.org\/{rel}","templated":true}]}}