{"id":90809,"date":"2026-08-31T10:00:44","date_gmt":"2026-08-31T13:00:44","guid":{"rendered":"https:\/\/noticiasribeiraopreto.com.br\/index.php\/2026\/08\/31\/restituicao-do-ir-2026-receita-paga-ultimo-lote-nesta-segunda-feira\/"},"modified":"2026-08-31T10:00:44","modified_gmt":"2026-08-31T13:00:44","slug":"restituicao-do-ir-2026-receita-paga-ultimo-lote-nesta-segunda-feira","status":"publish","type":"post","link":"https:\/\/noticiasribeiraopreto.com.br\/index.php\/2026\/08\/31\/restituicao-do-ir-2026-receita-paga-ultimo-lote-nesta-segunda-feira\/","title":{"rendered":"Restitui\u00e7\u00e3o do IR 2026: Receita paga \u00faltimo lote nesta segunda-feira"},"content":{"rendered":"<div class='code-block code-block-1' style='margin: 8px 0 8px auto; text-align: right; display: block; clear: both;'>\n<p><a href=\"https:\/\/wa.link\/vpicfd\"><img data-recalc-dims=\"1\" class=\"wp-image-4922\" style=\"aspect-ratio: 2.0253164556962027; width: 561px; height: auto;\" src=\"https:\/\/i0.wp.com\/ismaelcolosi.com.br\/wp-content\/uploads\/2023\/11\/grupo-de-empregos-whatsapp-e-facebook-ismael-colosi-vagas.jpg?ssl=1\" alt=\"\" \/><\/a><\/p>\n<!-- \/wp:image -->\n<\/div>\n<p> <br \/>\n<\/p>\n<p>A <strong><a href=\"https:\/\/www.gov.br\/receitafederal\/pt-br\" target=\"_blank\" data-type=\"link\" data-id=\"https:\/\/www.gov.br\/receitafederal\/pt-br\" rel=\"noreferrer noopener\">Receita Federal<\/a><\/strong> paga nesta segunda-feira (31), o quarto e \u00faltimo lote de restitui\u00e7\u00e3o do<strong> Imposto de Renda 2026<\/strong>.<\/p>\n<p><strong>Ao longo do dia, o \u00f3rg\u00e3o vai liberar R$ 1,24 bilh\u00e3o a 521.935 pessoas<\/strong>. O pagamento tamb\u00e9m contempla restitui\u00e7\u00f5es residuais de anos anteriores.<\/p>\n<p>A consulta de restitui\u00e7\u00e3o est\u00e1 dispon\u00edvel desde o \u00faltimo dia 24, na <strong>p\u00e1gina da Receita Federal na internet<\/strong>.<\/p>\n<p>Para acessar, basta o contribuinte clicar em \u201cMeu Imposto de Renda\u201d e, em seguida, no bot\u00e3o \u201cConsultar a Restitui\u00e7\u00e3o\u201d. Tamb\u00e9m \u00e9 poss\u00edvel fazer a consulta no aplicativo da Receita Federal para tablets e smartphones.<\/p>\n<ul class=\"wp-block-list\">\n<li>Do R$ 1,24 bilh\u00e3o desse lote, R$ 704,12 milh\u00f5es ir\u00e3o para contribuintes com prioridade legal no reembolso. As restitui\u00e7\u00f5es est\u00e3o distribu\u00eddas da seguinte forma:<\/li>\n<\/ul>\n<ul class=\"wp-block-list\">\n<li>338.912 contribuintes que usaram a declara\u00e7\u00e3o pr\u00e9-preenchida e\/ou optaram simultaneamente por receber a restitui\u00e7\u00e3o via Pix (prioridade n\u00e3o determinada por lei);<\/li>\n<\/ul>\n<ul class=\"wp-block-list\">\n<li>86.873 contribuintes de 60 a 79 anos (prioridade legal);<\/li>\n<\/ul>\n<ul class=\"wp-block-list\">\n<li>43.502 contribuintes n\u00e3o priorit\u00e1rios;<\/li>\n<\/ul>\n<ul class=\"wp-block-list\">\n<li>26.769 contribuintes cuja maior fonte de renda seja o magist\u00e9rio (prioridade legal);<\/li>\n<\/ul>\n<ul class=\"wp-block-list\">\n<li>16.850 contribuintes acima de 80 anos (prioridade legal);<\/li>\n<\/ul>\n<ul class=\"wp-block-list\">\n<li>9.029 contribuintes com defici\u00eancia f\u00edsica ou mental ou doen\u00e7a grave (prioridade legal).<\/li>\n<\/ul>\n<figure class=\"wp-block-image size-full\"><figcaption class=\"wp-element-caption\">Receita Federal paga \u00faltimo lote de restitui\u00e7\u00e3o nessa segunda-feira (31) \u2013 Foto: Marcelo Casal\/ Ag\u00eancia Brasil.<\/figcaption><\/figure>\n<p class=\"has-text-align-center has-cyan-bluish-gray-background-color has-background\"><em>Receba not\u00edcias do\u00a0<strong>acidade on Ribeir\u00e3o\u00a0<\/strong>no WhatsApp e fique por dentro de tudo! Basta acessar o link<a href=\"https:\/\/chat.whatsapp.com\/DfXwcjKVIddHUT3BvnQuPZ?mode=hqctshi\" target=\"_blank\" rel=\"noreferrer noopener\">\u00a0aqui<\/a>!<\/em><\/p>\n<h2 class=\"wp-block-heading\"><strong>Menos lotes de restitui\u00e7\u00e3o<\/strong><\/h2>\n<p>Neste ano, a Receita <strong>reduziu de cinco para quatro o n\u00famero de lotes regulares de restitui\u00e7\u00f5es da declara\u00e7\u00e3o<\/strong>, com pagamentos no fim de maio, de junho, de julho e de agosto.<\/p>\n<p>Os dois primeiros lotes de 2026, de maio e de junho, representaram 80% das restitui\u00e7\u00f5es previstas para serem pagas este ano, tanto em valores quanto em n\u00famero de contribuintes.<\/p>\n<p>Segundo o Fisco, a agilidade no processamento das declara\u00e7\u00f5es e no avan\u00e7o das ferramentas de moderniza\u00e7\u00e3o e automa\u00e7\u00e3o permitiram a concentra\u00e7\u00e3o dos pagamentos nos dois primeiros lotes.<\/p>\n<h2 class=\"wp-block-heading\"><strong>Pagamento<\/strong><\/h2>\n<p>O pagamento ser\u00e1 feito na conta ou na chave Pix do tipo CPF informada na declara\u00e7\u00e3o do Imposto de Renda. Caso o contribuinte n\u00e3o esteja na lista, dever\u00e1 entrar no Centro Virtual de Atendimento ao Contribuinte (e-CAC) e tirar o extrato da declara\u00e7\u00e3o.<\/p>\n<p><strong>Se verificar uma pend\u00eancia, pode enviar uma declara\u00e7\u00e3o retificadora e esperar os pr\u00f3ximos lotes.<\/strong><\/p>\n<p><mark class=\"has-inline-color\">Se, por algum motivo, a restitui\u00e7\u00e3o n\u00e3o for depositada na conta informada na declara\u00e7\u00e3o, como no caso de conta desativada, os valores ficar\u00e3o dispon\u00edveis para resgate por at\u00e9 um ano no Banco do Brasil.<\/mark><\/p>\n<p>Nesse caso, o cidad\u00e3o poder\u00e1 agendar o cr\u00e9dito em qualquer conta banc\u00e1ria em seu nome, por meio do Portal BB ou ligando para a <strong>Central de Relacionamento do banco, nos telefones 4004-0001 (capitais)<\/strong>, <strong>0800-729-0001 (demais localidades)<\/strong> e<strong> 0800-729-0088 (telefone especial exclusivo para deficientes auditivos)<\/strong>.<\/p>\n<p>Caso o contribuinte n\u00e3o resgate o valor de sua restitui\u00e7\u00e3o depois de um ano,<strong> dever\u00e1 requerer o valor no Portal e-CAC.<\/strong><\/p>\n<p>Ao entrar na p\u00e1gina, o cidad\u00e3o deve acessando o menu \u201cDeclara\u00e7\u00f5es e Demonstrativos\u201d, clicar em \u201cMeu Imposto de Renda\u201d e, em seguida, no campo \u201cSolicitar restitui\u00e7\u00e3o n\u00e3o resgatada na rede banc\u00e1ria\u201d.<\/p>\n<figure class=\"wp-block-gallery has-nested-images columns-default is-cropped wp-block-gallery-1 is-layout-flex wp-block-gallery-is-layout-flex\">\n<figure class=\"wp-block-image size-large\"><img data-recalc-dims=\"1\" decoding=\"async\" data-id=\"29187\" src=\"https:\/\/i0.wp.com\/www.acidadeon.com\/ribeiraopreto\/wp-content\/uploads\/sites\/3\/2023\/08\/tamanho_exato_para_fotos_no_sistema_novo_x4x.png?ssl=1\" alt=\"Receita Federal libera \u00faltimo lote de restitui\u00e7\u00e3o - Foto: Marcelo Camargo \/ Ag\u00eancia Brasil\" class=\"wp-image-29187\" title=\"Restitui\u00e7\u00e3o do IR 2026: Receita paga \u00faltimo lote nesta segunda-feira 2\"><figcaption class=\"wp-element-caption\">Receita Federal libera \u00faltimo lote de restitui\u00e7\u00e3o \u2013 Foto: Marcelo Camargo \/ Ag\u00eancia Brasil<\/figcaption><\/figure>\n<figure class=\"wp-block-image size-large\"><img data-recalc-dims=\"1\" decoding=\"async\" data-id=\"30985\" src=\"https:\/\/i0.wp.com\/www.acidadeon.com\/ribeiraopreto\/wp-content\/uploads\/sites\/3\/2023\/08\/imoposto_renda.jpg?ssl=1\" alt=\"Receita Federal libera \u00faltimo lote de restitui\u00e7\u00e3o - Foto: Marcelo Camargo \/ Ag\u00eancia Brasil\" class=\"wp-image-30985\" title=\"Restitui\u00e7\u00e3o do IR 2026: Receita paga \u00faltimo lote nesta segunda-feira 3\"><figcaption class=\"wp-element-caption\">Receita Federal libera \u00faltimo lote de restitui\u00e7\u00e3o \u2013 Foto: Marcelo Camargo \/ Ag\u00eancia Brasil<\/figcaption><\/figure>\n<\/figure>\n<p class=\"has-text-align-center has-cyan-bluish-gray-background-color has-background\"><em>Fa\u00e7a uma den\u00fancia ou sugira uma reportagem sobre\u00a0<strong>Ribeir\u00e3o Preto\u00a0<\/strong>e regi\u00e3o por meio do WhatsApp do\u00a0<strong>acidade on Ribeir\u00e3o<\/strong>: (16) 99117-7802.<\/em><\/p>\n<\/p>\n<p>O post Restitui\u00e7\u00e3o do IR 2026: Receita paga \u00faltimo lote nesta segunda-feira apareceu primeiro em ACidade ON Ribeir\u00e3o Preto.<\/p>\n<p><br \/>\n<br \/><a href=\"https:\/\/www.acidadeon.com\/ribeiraopreto\/economia\/restituicao-do-ir-2026-receita-paga-ultimo-lote-nesta-segunda-feira\/\">Link para o texto original aqui <\/a><\/p>\n<!-- CONTENT END 1 -->\n","protected":false},"excerpt":{"rendered":"<p>A Receita Federal paga nesta segunda-feira (31), o quarto e \u00faltimo lote de restitui\u00e7\u00e3o do Imposto de Renda 2026. Ao longo do dia, o \u00f3rg\u00e3o&#8230;<\/p>\n","protected":false},"author":1,"featured_media":90810,"comment_status":"","ping_status":"","sticky":false,"template":"","format":"standard","meta":{"advanced_seo_description":"","jetpack_seo_html_title":"","jetpack_seo_noindex":false,"jetpack_seo_schema_type":"","_jetpack_newsletter_access":"","_jetpack_dont_email_post_to_subs":false,"_jetpack_newsletter_tier_id":0,"_jetpack_memberships_contains_paywalled_content":false,"_jetpack_feature_clip_id":0,"_jetpack_memberships_contains_paid_content":false,"footnotes":"","jetpack_publicize_message":"","jetpack_publicize_feature_enabled":true,"jetpack_social_post_already_shared":true,"jetpack_social_options":{"image_generator_settings":{"template":"highway","default_image_id":0,"font":"","enabled":false},"version":2},"jetpack_post_was_ever_published":false},"categories":[11],"tags":[1959,207,2242,1131,5144,208,1977],"class_list":["post-90809","post","type-post","status-publish","format-standard","has-post-thumbnail","hentry","category-noticias-de-ribeirao-preto-sp-e-regiao-ismael-colosi","tag-lote","tag-nesta","tag-paga","tag-receita","tag-restituicao","tag-segundafeira","tag-ultimo"],"jetpack_publicize_connections":[],"jetpack-related-posts":[{"id":90514,"url":"https:\/\/noticiasribeiraopreto.com.br\/index.php\/2026\/08\/24\/vai-receber-a-restituicao-do-imposto-de-renda-receita-libera-consulta-ao-4o-lote\/","url_meta":{"origin":90809,"position":0},"title":"Vai receber a restitui\u00e7\u00e3o do Imposto de Renda? Receita libera consulta ao 4\u00ba lote\u00a0","author":"noticiasribeiraopreto.com.br","date":"24 de August de 2026","format":false,"excerpt":"A Receita Federal libera, nesta segunda-feira (24), a consulta ao quarto e \u00faltimo lote de restitui\u00e7\u00e3o do Imposto de Renda 2026. Um total de R$ 1,24 bilh\u00e3o ser\u00e1 pago a 521.935 contribuintes. O pagamento tamb\u00e9m contempla restitui\u00e7\u00f5es residuais de anos anteriores. Receba not\u00edcias do\u00a0acidade on Ribeir\u00e3o\u00a0no WhatsApp e fique por\u2026","rel":"","context":"In &quot;Not\u00edcias de Ribeir\u00e3o Preto-SP e Regi\u00e3o&quot;","block_context":{"text":"Not\u00edcias de Ribeir\u00e3o Preto-SP e Regi\u00e3o","link":"https:\/\/noticiasribeiraopreto.com.br\/index.php\/category\/noticias-de-ribeirao-preto-sp-e-regiao-ismael-colosi\/"},"img":{"alt_text":"","src":"https:\/\/i0.wp.com\/noticiasribeiraopreto.com.br\/wp-content\/uploads\/2026\/07\/mg_7893.webp.webp?fit=1170%2C700&ssl=1&resize=350%2C200","width":350,"height":200,"srcset":"https:\/\/i0.wp.com\/noticiasribeiraopreto.com.br\/wp-content\/uploads\/2026\/07\/mg_7893.webp.webp?fit=1170%2C700&ssl=1&resize=350%2C200 1x, https:\/\/i0.wp.com\/noticiasribeiraopreto.com.br\/wp-content\/uploads\/2026\/07\/mg_7893.webp.webp?fit=1170%2C700&ssl=1&resize=525%2C300 1.5x, https:\/\/i0.wp.com\/noticiasribeiraopreto.com.br\/wp-content\/uploads\/2026\/07\/mg_7893.webp.webp?fit=1170%2C700&ssl=1&resize=700%2C400 2x, https:\/\/i0.wp.com\/noticiasribeiraopreto.com.br\/wp-content\/uploads\/2026\/07\/mg_7893.webp.webp?fit=1170%2C700&ssl=1&resize=1050%2C600 3x"},"classes":[]},{"id":74911,"url":"https:\/\/noticiasribeiraopreto.com.br\/index.php\/2025\/07\/31\/receita-federal-paga-3o-lote-de-restituicao-do-imposto-de-renda-veja-quem-recebe\/","url_meta":{"origin":90809,"position":1},"title":"Receita Federal paga 3\u00ba lote de restitui\u00e7\u00e3o do imposto de renda; Veja quem recebe","author":"noticiasribeiraopreto.com.br","date":"31 de July de 2025","format":false,"excerpt":"A Receita Federal libera, nesta quinta-feira (31), o terceiro dos cinco lotes de restitui\u00e7\u00e3o deste ano, o maior da hist\u00f3ria em n\u00famero de contribuintes e o segundo maior em valor.\u00a0O lote tamb\u00e9m contempla restitui\u00e7\u00f5es residuais de anos anteriores. Ao todo, 7.219.048 contribuintes receber\u00e3o R$ 10 bilh\u00f5es.\u00a0A maior parte do valor,\u2026","rel":"","context":"In &quot;Not\u00edcias de Ribeir\u00e3o Preto-SP e Regi\u00e3o&quot;","block_context":{"text":"Not\u00edcias de Ribeir\u00e3o Preto-SP e Regi\u00e3o","link":"https:\/\/noticiasribeiraopreto.com.br\/index.php\/category\/noticias-de-ribeirao-preto-sp-e-regiao-ismael-colosi\/"},"img":{"alt_text":"","src":"https:\/\/i0.wp.com\/noticiasribeiraopreto.com.br\/wp-content\/uploads\/2025\/07\/ballots-1195046_1920.jpg?fit=1200%2C800&ssl=1&resize=350%2C200","width":350,"height":200,"srcset":"https:\/\/i0.wp.com\/noticiasribeiraopreto.com.br\/wp-content\/uploads\/2025\/07\/ballots-1195046_1920.jpg?fit=1200%2C800&ssl=1&resize=350%2C200 1x, https:\/\/i0.wp.com\/noticiasribeiraopreto.com.br\/wp-content\/uploads\/2025\/07\/ballots-1195046_1920.jpg?fit=1200%2C800&ssl=1&resize=525%2C300 1.5x, https:\/\/i0.wp.com\/noticiasribeiraopreto.com.br\/wp-content\/uploads\/2025\/07\/ballots-1195046_1920.jpg?fit=1200%2C800&ssl=1&resize=700%2C400 2x, https:\/\/i0.wp.com\/noticiasribeiraopreto.com.br\/wp-content\/uploads\/2025\/07\/ballots-1195046_1920.jpg?fit=1200%2C800&ssl=1&resize=1050%2C600 3x"},"classes":[]},{"id":87227,"url":"https:\/\/noticiasribeiraopreto.com.br\/index.php\/2026\/06\/30\/imposto-de-renda-receita-paga-nesta-terca-o-maior-lote-de-restituicao-da-historia\/","url_meta":{"origin":90809,"position":2},"title":"Imposto de Renda: Receita paga nesta ter\u00e7a o maior lote de restitui\u00e7\u00e3o da hist\u00f3ria","author":"noticiasribeiraopreto.com.br","date":"30 de June de 2026","format":false,"excerpt":"Cerca de 9,5 milh\u00f5es de contribuintes recebem nesta ter\u00e7a-feira (30) o maior lote de restitui\u00e7\u00e3o do Imposto de Renda da hist\u00f3ria.\u00a0Ao longo do dia, a Receita Federal pagar\u00e1 R$ 16 bilh\u00f5es a 9.585.797 pessoas.\u00a0O pagamento contempla o segundo lote da Declara\u00e7\u00e3o do Imposto de Renda Pessoa F\u00edsica de 2026 e\u2026","rel":"","context":"In &quot;Not\u00edcias de Ribeir\u00e3o Preto-SP e Regi\u00e3o&quot;","block_context":{"text":"Not\u00edcias de Ribeir\u00e3o Preto-SP e Regi\u00e3o","link":"https:\/\/noticiasribeiraopreto.com.br\/index.php\/category\/noticias-de-ribeirao-preto-sp-e-regiao-ismael-colosi\/"},"img":{"alt_text":"","src":"https:\/\/i0.wp.com\/noticiasribeiraopreto.com.br\/wp-content\/uploads\/2026\/06\/mg_6811_2026-06-30_11-01-41.webp.webp?fit=1200%2C800&ssl=1&resize=350%2C200","width":350,"height":200,"srcset":"https:\/\/i0.wp.com\/noticiasribeiraopreto.com.br\/wp-content\/uploads\/2026\/06\/mg_6811_2026-06-30_11-01-41.webp.webp?fit=1200%2C800&ssl=1&resize=350%2C200 1x, https:\/\/i0.wp.com\/noticiasribeiraopreto.com.br\/wp-content\/uploads\/2026\/06\/mg_6811_2026-06-30_11-01-41.webp.webp?fit=1200%2C800&ssl=1&resize=525%2C300 1.5x, https:\/\/i0.wp.com\/noticiasribeiraopreto.com.br\/wp-content\/uploads\/2026\/06\/mg_6811_2026-06-30_11-01-41.webp.webp?fit=1200%2C800&ssl=1&resize=700%2C400 2x, https:\/\/i0.wp.com\/noticiasribeiraopreto.com.br\/wp-content\/uploads\/2026\/06\/mg_6811_2026-06-30_11-01-41.webp.webp?fit=1200%2C800&ssl=1&resize=1050%2C600 3x"},"classes":[]},{"id":66348,"url":"https:\/\/noticiasribeiraopreto.com.br\/index.php\/2025\/03\/31\/receita-paga-lote-da-malha-fina-do-imposto-de-renda-nesta-segunda\/","url_meta":{"origin":90809,"position":3},"title":"Receita paga lote da malha fina do Imposto de Renda nesta segunda","author":"noticiasribeiraopreto.com.br","date":"31 de March de 2025","format":false,"excerpt":"A Receita Federal pagar\u00e1, nesta segunda-feira (31), o lote residual de restitui\u00e7\u00f5es do Imposto de Renda, beneficiando 120.039 contribuintes que regularizaram pend\u00eancias com o Fisco. O montante total a ser distribu\u00eddo \u00e9 de R$ 253,88 milh\u00f5es. Prioridades no Reembolso Do valor total, R$ 168,86 milh\u00f5es ser\u00e3o destinados a contribuintes com\u2026","rel":"","context":"In &quot;Not\u00edcias de Ribeir\u00e3o Preto-SP e Regi\u00e3o&quot;","block_context":{"text":"Not\u00edcias de Ribeir\u00e3o Preto-SP e Regi\u00e3o","link":"https:\/\/noticiasribeiraopreto.com.br\/index.php\/category\/noticias-de-ribeirao-preto-sp-e-regiao-ismael-colosi\/"},"img":{"alt_text":"","src":"https:\/\/i0.wp.com\/noticiasribeiraopreto.com.br\/wp-content\/uploads\/2025\/03\/real_nota_moedas_8.webp.webp?fit=1170%2C700&ssl=1&resize=350%2C200","width":350,"height":200,"srcset":"https:\/\/i0.wp.com\/noticiasribeiraopreto.com.br\/wp-content\/uploads\/2025\/03\/real_nota_moedas_8.webp.webp?fit=1170%2C700&ssl=1&resize=350%2C200 1x, https:\/\/i0.wp.com\/noticiasribeiraopreto.com.br\/wp-content\/uploads\/2025\/03\/real_nota_moedas_8.webp.webp?fit=1170%2C700&ssl=1&resize=525%2C300 1.5x, https:\/\/i0.wp.com\/noticiasribeiraopreto.com.br\/wp-content\/uploads\/2025\/03\/real_nota_moedas_8.webp.webp?fit=1170%2C700&ssl=1&resize=700%2C400 2x, https:\/\/i0.wp.com\/noticiasribeiraopreto.com.br\/wp-content\/uploads\/2025\/03\/real_nota_moedas_8.webp.webp?fit=1170%2C700&ssl=1&resize=1050%2C600 3x"},"classes":[]},{"id":86682,"url":"https:\/\/noticiasribeiraopreto.com.br\/index.php\/2026\/06\/18\/receita-paga-lote-especial-de-restituicao-automatica-em-julho\/","url_meta":{"origin":90809,"position":4},"title":"Receita paga lote especial de restitui\u00e7\u00e3o autom\u00e1tica em julho","author":"noticiasribeiraopreto.com.br","date":"18 de June de 2026","format":false,"excerpt":"A Receita Federal pagar\u00e1, em 15 de julho, um lote especial de restitui\u00e7\u00e3o autom\u00e1tica do IRPF (Imposto de Renda da Pessoa F\u00edsica). A medida contempla contribuintes que tiveram imposto retido na fonte ao longo de 2024, mas n\u00e3o se enquadram nos crit\u00e9rios de obrigatoriedade de entrega da declara\u00e7\u00e3o. Receba not\u00edcias\u2026","rel":"","context":"In &quot;Not\u00edcias de Ribeir\u00e3o Preto-SP e Regi\u00e3o&quot;","block_context":{"text":"Not\u00edcias de Ribeir\u00e3o Preto-SP e Regi\u00e3o","link":"https:\/\/noticiasribeiraopreto.com.br\/index.php\/category\/noticias-de-ribeirao-preto-sp-e-regiao-ismael-colosi\/"},"img":{"alt_text":"","src":"https:\/\/i0.wp.com\/noticiasribeiraopreto.com.br\/wp-content\/uploads\/2026\/03\/imposto-de-renda_2026-03-20_12-43-21.webp.webp?fit=1170%2C700&ssl=1&resize=350%2C200","width":350,"height":200,"srcset":"https:\/\/i0.wp.com\/noticiasribeiraopreto.com.br\/wp-content\/uploads\/2026\/03\/imposto-de-renda_2026-03-20_12-43-21.webp.webp?fit=1170%2C700&ssl=1&resize=350%2C200 1x, https:\/\/i0.wp.com\/noticiasribeiraopreto.com.br\/wp-content\/uploads\/2026\/03\/imposto-de-renda_2026-03-20_12-43-21.webp.webp?fit=1170%2C700&ssl=1&resize=525%2C300 1.5x, https:\/\/i0.wp.com\/noticiasribeiraopreto.com.br\/wp-content\/uploads\/2026\/03\/imposto-de-renda_2026-03-20_12-43-21.webp.webp?fit=1170%2C700&ssl=1&resize=700%2C400 2x, https:\/\/i0.wp.com\/noticiasribeiraopreto.com.br\/wp-content\/uploads\/2026\/03\/imposto-de-renda_2026-03-20_12-43-21.webp.webp?fit=1170%2C700&ssl=1&resize=1050%2C600 3x"},"classes":[]},{"id":72917,"url":"https:\/\/noticiasribeiraopreto.com.br\/index.php\/2025\/06\/23\/jornal-da-franca-receita-federal-abre-consulta-ao-2o-lote-de-restituicao-do-ir-2025-nesta-segunda-23\/","url_meta":{"origin":90809,"position":5},"title":"Jornal da Franca &#8211; Receita Federal abre consulta ao 2\u00ba lote de restitui\u00e7\u00e3o do IR 2025 nesta segunda, 23","author":"noticiasribeiraopreto.com.br","date":"23 de June de 2025","format":false,"excerpt":"compartilhar no whatsapp compartilhar no telegram compartilhar no facebook compartilhar no linkedin Receita Federal abre nesta segunda-feira, 23, a partir das 10h, consulta ao segundo lote de restitui\u00e7\u00e3o do Imposto de Renda Receita Federal abre a partir das 10h desta segunda-feira, 23, consulta ao 2\u00ba lote de restitui\u00e7\u00e3o do Imposto\u2026","rel":"","context":"In &quot;Not\u00edcias de Franca-SP&quot;","block_context":{"text":"Not\u00edcias de Franca-SP","link":"https:\/\/noticiasribeiraopreto.com.br\/index.php\/category\/noticias-de-ribeirao-preto-sp-e-regiao-ismael-colosi\/noticias-franca-sp\/"},"img":{"alt_text":"","src":"https:\/\/i0.wp.com\/noticiasribeiraopreto.com.br\/wp-content\/uploads\/2025\/06\/Imposto-de-Renda-restituicao-antecipada.jpg?fit=1000%2C563&ssl=1&resize=350%2C200","width":350,"height":200,"srcset":"https:\/\/i0.wp.com\/noticiasribeiraopreto.com.br\/wp-content\/uploads\/2025\/06\/Imposto-de-Renda-restituicao-antecipada.jpg?fit=1000%2C563&ssl=1&resize=350%2C200 1x, https:\/\/i0.wp.com\/noticiasribeiraopreto.com.br\/wp-content\/uploads\/2025\/06\/Imposto-de-Renda-restituicao-antecipada.jpg?fit=1000%2C563&ssl=1&resize=525%2C300 1.5x, https:\/\/i0.wp.com\/noticiasribeiraopreto.com.br\/wp-content\/uploads\/2025\/06\/Imposto-de-Renda-restituicao-antecipada.jpg?fit=1000%2C563&ssl=1&resize=700%2C400 2x"},"classes":[]}],"jetpack_sharing_enabled":true,"jetpack_shortlink":"https:\/\/wp.me\/peQAOb-nCF","jetpack_featured_media_url":"https:\/\/i0.wp.com\/noticiasribeiraopreto.com.br\/wp-content\/uploads\/2026\/08\/receita-federal-ultimo-lote.jpg?fit=1200%2C675&ssl=1","_links":{"self":[{"href":"https:\/\/noticiasribeiraopreto.com.br\/index.php\/wp-json\/wp\/v2\/posts\/90809","targetHints":{"allow":["GET"]}}],"collection":[{"href":"https:\/\/noticiasribeiraopreto.com.br\/index.php\/wp-json\/wp\/v2\/posts"}],"about":[{"href":"https:\/\/noticiasribeiraopreto.com.br\/index.php\/wp-json\/wp\/v2\/types\/post"}],"author":[{"embeddable":true,"href":"https:\/\/noticiasribeiraopreto.com.br\/index.php\/wp-json\/wp\/v2\/users\/1"}],"replies":[{"embeddable":true,"href":"https:\/\/noticiasribeiraopreto.com.br\/index.php\/wp-json\/wp\/v2\/comments?post=90809"}],"version-history":[{"count":0,"href":"https:\/\/noticiasribeiraopreto.com.br\/index.php\/wp-json\/wp\/v2\/posts\/90809\/revisions"}],"wp:featuredmedia":[{"embeddable":true,"href":"https:\/\/noticiasribeiraopreto.com.br\/index.php\/wp-json\/wp\/v2\/media\/90810"}],"wp:attachment":[{"href":"https:\/\/noticiasribeiraopreto.com.br\/index.php\/wp-json\/wp\/v2\/media?parent=90809"}],"wp:term":[{"taxonomy":"category","embeddable":true,"href":"https:\/\/noticiasribeiraopreto.com.br\/index.php\/wp-json\/wp\/v2\/categories?post=90809"},{"taxonomy":"post_tag","embeddable":true,"href":"https:\/\/noticiasribeiraopreto.com.br\/index.php\/wp-json\/wp\/v2\/tags?post=90809"}],"curies":[{"name":"wp","href":"https:\/\/api.w.org\/{rel}","templated":true}]}}