{"id":90811,"date":"2026-08-31T10:41:53","date_gmt":"2026-08-31T13:41:53","guid":{"rendered":"https:\/\/noticiasribeiraopreto.com.br\/index.php\/2026\/08\/31\/motociclista-fica-em-estado-grave-apos-acidente-com-caminhao-de-lixo-em-ribeirao-preto\/"},"modified":"2026-08-31T10:41:53","modified_gmt":"2026-08-31T13:41:53","slug":"motociclista-fica-em-estado-grave-apos-acidente-com-caminhao-de-lixo-em-ribeirao-preto","status":"publish","type":"post","link":"https:\/\/noticiasribeiraopreto.com.br\/index.php\/2026\/08\/31\/motociclista-fica-em-estado-grave-apos-acidente-com-caminhao-de-lixo-em-ribeirao-preto\/","title":{"rendered":"Motociclista fica em estado grave ap\u00f3s acidente com caminh\u00e3o de lixo em Ribeir\u00e3o Preto"},"content":{"rendered":"<div class='code-block code-block-1' style='margin: 8px 0 8px auto; text-align: right; display: block; clear: both;'>\n<p><a href=\"https:\/\/wa.link\/vpicfd\"><img data-recalc-dims=\"1\" class=\"wp-image-4922\" style=\"aspect-ratio: 2.0253164556962027; width: 561px; height: auto;\" src=\"https:\/\/i0.wp.com\/ismaelcolosi.com.br\/wp-content\/uploads\/2023\/11\/grupo-de-empregos-whatsapp-e-facebook-ismael-colosi-vagas.jpg?ssl=1\" alt=\"\" \/><\/a><\/p>\n<!-- \/wp:image -->\n<\/div>\n<p> <br \/>\n<\/p>\n<p>Um motociclista de 22 anos foi socorrido em estado grave ap\u00f3s se envolver em um acidente com um caminh\u00e3o da <strong>coleta de lixo<\/strong> em <strong>Ribeir\u00e3o Preto<\/strong>. O acidente aconteceu na manh\u00e3 desta segunda-feira (31) no cruzamento das ruas Andr\u00e9 Rebou\u00e7as e Esp\u00edrito Santo, na Vila Albertina.\u00a0<\/p>\n<p class=\"has-cyan-bluish-gray-background-color has-background\"><em>Receba not\u00edcias do\u00a0<strong>acidade on Ribeir\u00e3o\u00a0<\/strong>no WhatsApp e fique por dentro de tudo! Basta acessar o link<a href=\"https:\/\/chat.whatsapp.com\/DfXwcjKVIddHUT3BvnQuPZ?mode=hqctshi\" target=\"_blank\" rel=\"noreferrer noopener\">\u00a0aqui<\/a>!<\/em><\/p>\n<h2 class=\"wp-block-heading\" id=\"motociclista-identificado\"><strong>Motociclista identificado<\/strong><\/h2>\n<p>Segundo a fam\u00edlia, a v\u00edtima \u00e9 o cabeleireiro Guilherme Carneiro da Silva, que seguia para o trabalho. A colis\u00e3o aconteceu por volta das 9h e o motociclista foi socorrido pelo Samu (Servi\u00e7o de Atendimento M\u00f3vel de Urg\u00eancia) e pelo Corpo de Bombeiros.<\/p>\n<p>Guilherme foi intubado no local e encaminhado para o HC-UE (Hospital das Cl\u00ednicas \u2013 Unidade de Emerg\u00eancia).\u00a0<\/p>\n<h2 class=\"wp-block-heading\" id=\"o-que-diz-a-estre\"><strong>O que diz a Estre?<\/strong><\/h2>\n<p>Em nota, a Estre Ambiental informou que lamenta o acidente e disse que a empresa est\u00e1 acompanhando o caso e permanece \u00e0 disposi\u00e7\u00e3o das autoridades competentes para prestar os esclarecimentos e fornecer as informa\u00e7\u00f5es que se fizerem necess\u00e1rias para a apura\u00e7\u00e3o das circunst\u00e2ncias do ocorrido.\u00a0<\/p>\n<figure class=\"wp-block-gallery has-nested-images columns-default is-cropped wp-block-gallery-1 is-layout-flex wp-block-gallery-is-layout-flex\">\n<figure class=\"wp-block-image size-large\"><figcaption class=\"wp-element-caption\">A v\u00edtima \u00e9 o cabeleireiro Guilherme Carneiro da Silva, que seguia para o trabalho (Foto: Liz Barreto\/EPTV)<\/figcaption><\/figure>\n<figure class=\"wp-block-image size-large\"><img data-recalc-dims=\"1\" loading=\"lazy\" decoding=\"async\" width=\"1024\" height=\"664\" data-id=\"173054\" src=\"https:\/\/i0.wp.com\/www.acidadeon.com\/ribeiraopreto\/wp-content\/uploads\/sites\/3\/2026\/08\/acidente-ribeirao-andre-reboucas-1024x664.jpeg?resize=1024%2C664&#038;ssl=1\" alt=\"motociclista\" class=\"wp-image-173054\" title=\"Motociclista fica em estado grave ap\u00f3s acidente com caminh\u00e3o de lixo em Ribeir\u00e3o Preto 2\"><figcaption class=\"wp-element-caption\">V\u00edtima seguia para o trabalho (Foto: reprodu\u00e7\u00e3o\/redes sociais)<\/figcaption><\/figure>\n<\/figure>\n<p class=\"has-cyan-bluish-gray-background-color has-background\"><em>Fa\u00e7a uma den\u00fancia ou sugira uma reportagem sobre\u00a0<strong>Ribeir\u00e3o Preto\u00a0<\/strong>e regi\u00e3o por meio do WhatsApp do\u00a0<strong>acidade on Ribeir\u00e3o<\/strong>: (16) 99117-7802.<\/em><\/p>\n<div class=\"wp-block-rank-math-toc-block\" id=\"rank-math-toc\">\n<nav>\n<ul>\n<li class=\"\">V\u00edtima identificada<\/li>\n<li class=\"\">O que diz a Estre?<\/li>\n<\/ul>\n<\/nav>\n<\/div>\n<p>O post Motociclista fica em estado grave ap\u00f3s acidente com caminh\u00e3o de lixo em Ribeir\u00e3o Preto apareceu primeiro em ACidade ON Ribeir\u00e3o Preto.<\/p>\n<p><br \/>\n<br \/><a href=\"https:\/\/www.acidadeon.com\/ribeiraopreto\/cotidiano\/motociclista-fica-em-estado-grave-apos-acidente-com-caminhao-de-lixo-em-ribeirao-preto\/\">Link para o texto original aqui <\/a><\/p>\n<!-- CONTENT END 1 -->\n","protected":false},"excerpt":{"rendered":"<p>Um motociclista de 22 anos foi socorrido em estado grave ap\u00f3s se envolver em um acidente com um caminh\u00e3o da coleta de lixo em Ribeir\u00e3o&#8230;<\/p>\n","protected":false},"author":1,"featured_media":90812,"comment_status":"","ping_status":"","sticky":false,"template":"","format":"standard","meta":{"advanced_seo_description":"","jetpack_seo_html_title":"","jetpack_seo_noindex":false,"jetpack_seo_schema_type":"","_jetpack_newsletter_access":"","_jetpack_dont_email_post_to_subs":false,"_jetpack_newsletter_tier_id":0,"_jetpack_memberships_contains_paywalled_content":false,"_jetpack_feature_clip_id":0,"_jetpack_memberships_contains_paid_content":false,"footnotes":"","jetpack_publicize_message":"","jetpack_publicize_feature_enabled":true,"jetpack_social_post_already_shared":true,"jetpack_social_options":{"image_generator_settings":{"template":"highway","default_image_id":0,"font":"","enabled":false},"version":2},"jetpack_post_was_ever_published":false},"categories":[11],"tags":[74,37,1971,160,398,841,760,904,27,26],"class_list":["post-90811","post","type-post","status-publish","format-standard","has-post-thumbnail","hentry","category-noticias-de-ribeirao-preto-sp-e-regiao-ismael-colosi","tag-acidente","tag-apos","tag-caminhao","tag-estado","tag-fica","tag-grave","tag-lixo","tag-motociclista","tag-preto","tag-ribeirao"],"jetpack_publicize_connections":[],"jetpack-related-posts":[{"id":86773,"url":"https:\/\/noticiasribeiraopreto.com.br\/index.php\/2026\/06\/20\/motociclista-fica-em-estado-grave-apos-acidente-na-avenida-brasil-em-ribeirao\/","url_meta":{"origin":90811,"position":0},"title":"Motociclista fica em estado grave ap\u00f3s acidente na avenida Brasil em Ribeir\u00e3o","author":"noticiasribeiraopreto.com.br","date":"20 de June de 2026","format":false,"excerpt":"Um motociclista ficou em estado grave ap\u00f3s um acidente de tr\u00e2nsito pr\u00f3ximo ao cruzamento da avenida Brasil com a rua \u00c1ustria, no bairro Vila Elisa, zona Norte de Ribeir\u00e3o Preto, na tarde deste s\u00e1bado (20). De acordo com as primeiras informa\u00e7\u00f5es apuradas por uma equipe da EPTV no local do\u2026","rel":"","context":"In &quot;Not\u00edcias de Ribeir\u00e3o Preto-SP e Regi\u00e3o&quot;","block_context":{"text":"Not\u00edcias de Ribeir\u00e3o Preto-SP e Regi\u00e3o","link":"https:\/\/noticiasribeiraopreto.com.br\/index.php\/category\/noticias-de-ribeirao-preto-sp-e-regiao-ismael-colosi\/"},"img":{"alt_text":"","src":"https:\/\/i0.wp.com\/noticiasribeiraopreto.com.br\/wp-content\/uploads\/2026\/06\/acidente-moto_2026-06-20_15-49-38.webp.webp?fit=1200%2C675&ssl=1&resize=350%2C200","width":350,"height":200,"srcset":"https:\/\/i0.wp.com\/noticiasribeiraopreto.com.br\/wp-content\/uploads\/2026\/06\/acidente-moto_2026-06-20_15-49-38.webp.webp?fit=1200%2C675&ssl=1&resize=350%2C200 1x, https:\/\/i0.wp.com\/noticiasribeiraopreto.com.br\/wp-content\/uploads\/2026\/06\/acidente-moto_2026-06-20_15-49-38.webp.webp?fit=1200%2C675&ssl=1&resize=525%2C300 1.5x, https:\/\/i0.wp.com\/noticiasribeiraopreto.com.br\/wp-content\/uploads\/2026\/06\/acidente-moto_2026-06-20_15-49-38.webp.webp?fit=1200%2C675&ssl=1&resize=700%2C400 2x, https:\/\/i0.wp.com\/noticiasribeiraopreto.com.br\/wp-content\/uploads\/2026\/06\/acidente-moto_2026-06-20_15-49-38.webp.webp?fit=1200%2C675&ssl=1&resize=1050%2C600 3x"},"classes":[]},{"id":65409,"url":"https:\/\/noticiasribeiraopreto.com.br\/index.php\/2025\/03\/19\/identificado-o-motociclista-socorrido-em-estado-grave-apos-acidente-em-ribeirao-preto\/","url_meta":{"origin":90811,"position":1},"title":"Identificado o motociclista socorrido em estado grave ap\u00f3s acidente em Ribeir\u00e3o Preto","author":"noticiasribeiraopreto.com.br","date":"19 de March de 2025","format":false,"excerpt":"Foi identificado o motociclista que ficou gravemente ferido ap\u00f3s um acidente no cruzamento das ruas S\u00e3o Paulo e Cear\u00e1, em Ribeir\u00e3o Preto, na tarde desta quarta-feira (19). Trata-se de Adauto Marcelo Regiani, de 53 anos. A v\u00edtima foi levada em estado grav\u00edssimo ap\u00f3s ser arremessada contra uma parede, ap\u00f3s a\u2026","rel":"","context":"In &quot;Not\u00edcias de Ribeir\u00e3o Preto-SP e Regi\u00e3o&quot;","block_context":{"text":"Not\u00edcias de Ribeir\u00e3o Preto-SP e Regi\u00e3o","link":"https:\/\/noticiasribeiraopreto.com.br\/index.php\/category\/noticias-de-ribeirao-preto-sp-e-regiao-ismael-colosi\/"},"img":{"alt_text":"","src":"https:\/\/i0.wp.com\/noticiasribeiraopreto.com.br\/wp-content\/uploads\/2025\/03\/Copia-de-Copia-de-Copia-de-TAMANHO-EXATO-PARA-FOTOS-NO-SISTEMA-NOVO-2025-03-19T194447.646_2025-03-19_22-45-04_png_2025-03-19_22-45-05.webp.webp?fit=1200%2C675&ssl=1&resize=350%2C200","width":350,"height":200,"srcset":"https:\/\/i0.wp.com\/noticiasribeiraopreto.com.br\/wp-content\/uploads\/2025\/03\/Copia-de-Copia-de-Copia-de-TAMANHO-EXATO-PARA-FOTOS-NO-SISTEMA-NOVO-2025-03-19T194447.646_2025-03-19_22-45-04_png_2025-03-19_22-45-05.webp.webp?fit=1200%2C675&ssl=1&resize=350%2C200 1x, https:\/\/i0.wp.com\/noticiasribeiraopreto.com.br\/wp-content\/uploads\/2025\/03\/Copia-de-Copia-de-Copia-de-TAMANHO-EXATO-PARA-FOTOS-NO-SISTEMA-NOVO-2025-03-19T194447.646_2025-03-19_22-45-04_png_2025-03-19_22-45-05.webp.webp?fit=1200%2C675&ssl=1&resize=525%2C300 1.5x, https:\/\/i0.wp.com\/noticiasribeiraopreto.com.br\/wp-content\/uploads\/2025\/03\/Copia-de-Copia-de-Copia-de-TAMANHO-EXATO-PARA-FOTOS-NO-SISTEMA-NOVO-2025-03-19T194447.646_2025-03-19_22-45-04_png_2025-03-19_22-45-05.webp.webp?fit=1200%2C675&ssl=1&resize=700%2C400 2x, https:\/\/i0.wp.com\/noticiasribeiraopreto.com.br\/wp-content\/uploads\/2025\/03\/Copia-de-Copia-de-Copia-de-TAMANHO-EXATO-PARA-FOTOS-NO-SISTEMA-NOVO-2025-03-19T194447.646_2025-03-19_22-45-04_png_2025-03-19_22-45-05.webp.webp?fit=1200%2C675&ssl=1&resize=1050%2C600 3x"},"classes":[]},{"id":86816,"url":"https:\/\/noticiasribeiraopreto.com.br\/index.php\/2026\/06\/22\/motorista-e-detido-por-embriaguez-apos-batida-que-deixou-motociclista-em-estado-grave-em-ribeirao-preto\/","url_meta":{"origin":90811,"position":2},"title":"Motorista \u00e9 detido por embriaguez ap\u00f3s batida que deixou motociclista em estado grave em Ribeir\u00e3o Preto","author":"noticiasribeiraopreto.com.br","date":"22 de June de 2026","format":false,"excerpt":"Ver essa foto no Instagram Um post compartilhado por acidade on Ribeir\u00e3o (@acidadeonribeirao) O motorista de um carro foi detido na noite deste domingo (21), depois de se envolver em uma batida que deixou um motociclista em estado grave na avenida General Euclydes Figueiredo, no Adelino Simioni, zona Norte de\u2026","rel":"","context":"In &quot;Not\u00edcias de Ribeir\u00e3o Preto-SP e Regi\u00e3o&quot;","block_context":{"text":"Not\u00edcias de Ribeir\u00e3o Preto-SP e Regi\u00e3o","link":"https:\/\/noticiasribeiraopreto.com.br\/index.php\/category\/noticias-de-ribeirao-preto-sp-e-regiao-ismael-colosi\/"},"img":{"alt_text":"","src":"https:\/\/i0.wp.com\/noticiasribeiraopreto.com.br\/wp-content\/uploads\/2026\/06\/acidente-1_2026-06-22_09-52-56.webp.webp?fit=1200%2C733&ssl=1&resize=350%2C200","width":350,"height":200,"srcset":"https:\/\/i0.wp.com\/noticiasribeiraopreto.com.br\/wp-content\/uploads\/2026\/06\/acidente-1_2026-06-22_09-52-56.webp.webp?fit=1200%2C733&ssl=1&resize=350%2C200 1x, https:\/\/i0.wp.com\/noticiasribeiraopreto.com.br\/wp-content\/uploads\/2026\/06\/acidente-1_2026-06-22_09-52-56.webp.webp?fit=1200%2C733&ssl=1&resize=525%2C300 1.5x, https:\/\/i0.wp.com\/noticiasribeiraopreto.com.br\/wp-content\/uploads\/2026\/06\/acidente-1_2026-06-22_09-52-56.webp.webp?fit=1200%2C733&ssl=1&resize=700%2C400 2x, https:\/\/i0.wp.com\/noticiasribeiraopreto.com.br\/wp-content\/uploads\/2026\/06\/acidente-1_2026-06-22_09-52-56.webp.webp?fit=1200%2C733&ssl=1&resize=1050%2C600 3x"},"classes":[]},{"id":65399,"url":"https:\/\/noticiasribeiraopreto.com.br\/index.php\/2025\/03\/19\/motociclista-e-socorrido-em-estado-grave-apos-acidente-em-ribeirao-preto\/","url_meta":{"origin":90811,"position":3},"title":"Motociclista \u00e9 socorrido em estado grave ap\u00f3s acidente em Ribeir\u00e3o Preto","author":"noticiasribeiraopreto.com.br","date":"19 de March de 2025","format":false,"excerpt":"Um motociclista foi levado em estado grav\u00edssimo para Unidade de\u00a0Emerg\u00eancia do Hospital das Cl\u00ednicas (HC-UE) na tarde desta quarta-feira (19), ap\u00f3s um acidente no cruzamento da rua S\u00e3o Paulo com a Rua Cear\u00e1, nos Campos El\u00edsios, em Ribeir\u00e3o Preto. Uma testemunha informou que o motociclista seguia na preferencial, na rua\u2026","rel":"","context":"In &quot;Not\u00edcias de Ribeir\u00e3o Preto-SP e Regi\u00e3o&quot;","block_context":{"text":"Not\u00edcias de Ribeir\u00e3o Preto-SP e Regi\u00e3o","link":"https:\/\/noticiasribeiraopreto.com.br\/index.php\/category\/noticias-de-ribeirao-preto-sp-e-regiao-ismael-colosi\/"},"img":{"alt_text":"","src":"https:\/\/i0.wp.com\/noticiasribeiraopreto.com.br\/wp-content\/uploads\/2025\/03\/Copia-de-Copia-de-Copia-de-TAMANHO-EXATO-PARA-FOTOS-NO-SISTEMA-NOVO-2025-03-19T172005.639_2025-03-19_20-23-19_png_2025-03-19_20-23-19.webp.webp?fit=1200%2C675&ssl=1&resize=350%2C200","width":350,"height":200,"srcset":"https:\/\/i0.wp.com\/noticiasribeiraopreto.com.br\/wp-content\/uploads\/2025\/03\/Copia-de-Copia-de-Copia-de-TAMANHO-EXATO-PARA-FOTOS-NO-SISTEMA-NOVO-2025-03-19T172005.639_2025-03-19_20-23-19_png_2025-03-19_20-23-19.webp.webp?fit=1200%2C675&ssl=1&resize=350%2C200 1x, https:\/\/i0.wp.com\/noticiasribeiraopreto.com.br\/wp-content\/uploads\/2025\/03\/Copia-de-Copia-de-Copia-de-TAMANHO-EXATO-PARA-FOTOS-NO-SISTEMA-NOVO-2025-03-19T172005.639_2025-03-19_20-23-19_png_2025-03-19_20-23-19.webp.webp?fit=1200%2C675&ssl=1&resize=525%2C300 1.5x, https:\/\/i0.wp.com\/noticiasribeiraopreto.com.br\/wp-content\/uploads\/2025\/03\/Copia-de-Copia-de-Copia-de-TAMANHO-EXATO-PARA-FOTOS-NO-SISTEMA-NOVO-2025-03-19T172005.639_2025-03-19_20-23-19_png_2025-03-19_20-23-19.webp.webp?fit=1200%2C675&ssl=1&resize=700%2C400 2x, https:\/\/i0.wp.com\/noticiasribeiraopreto.com.br\/wp-content\/uploads\/2025\/03\/Copia-de-Copia-de-Copia-de-TAMANHO-EXATO-PARA-FOTOS-NO-SISTEMA-NOVO-2025-03-19T172005.639_2025-03-19_20-23-19_png_2025-03-19_20-23-19.webp.webp?fit=1200%2C675&ssl=1&resize=1050%2C600 3x"},"classes":[]},{"id":86805,"url":"https:\/\/noticiasribeiraopreto.com.br\/index.php\/2026\/06\/21\/motociclista-se-recupera-apos-acidente-na-avenida-brasil-em-ribeirao-preto\/","url_meta":{"origin":90811,"position":4},"title":"Motociclista se recupera ap\u00f3s acidente na avenida Brasil em Ribeir\u00e3o Preto","author":"noticiasribeiraopreto.com.br","date":"21 de June de 2026","format":false,"excerpt":"Ver essa foto no Instagram Um post compartilhado por acidade on Ribeir\u00e3o (@acidadeonribeirao) O\u00a0motociclista socorrido em\u00a0estado grave\u00a0na tarde de s\u00e1bado (20), ap\u00f3s um acidente de tr\u00e2nsito pr\u00f3ximo ao\u00a0cruzamento da avenida Brasil com a rua \u00c1ustria,\u00a0no bairro Vila Elisa, zona Norte de Ribeir\u00e3o Preto, se recupera dos ferimentos. Receba not\u00edcias do\u00a0acidade\u2026","rel":"","context":"In &quot;Not\u00edcias de Ribeir\u00e3o Preto-SP e Regi\u00e3o&quot;","block_context":{"text":"Not\u00edcias de Ribeir\u00e3o Preto-SP e Regi\u00e3o","link":"https:\/\/noticiasribeiraopreto.com.br\/index.php\/category\/noticias-de-ribeirao-preto-sp-e-regiao-ismael-colosi\/"},"img":{"alt_text":"","src":"https:\/\/i0.wp.com\/noticiasribeiraopreto.com.br\/wp-content\/uploads\/2026\/06\/acidente-moto_2026-06-20_15-49-38.webp.webp?fit=1200%2C675&ssl=1&resize=350%2C200","width":350,"height":200,"srcset":"https:\/\/i0.wp.com\/noticiasribeiraopreto.com.br\/wp-content\/uploads\/2026\/06\/acidente-moto_2026-06-20_15-49-38.webp.webp?fit=1200%2C675&ssl=1&resize=350%2C200 1x, https:\/\/i0.wp.com\/noticiasribeiraopreto.com.br\/wp-content\/uploads\/2026\/06\/acidente-moto_2026-06-20_15-49-38.webp.webp?fit=1200%2C675&ssl=1&resize=525%2C300 1.5x, https:\/\/i0.wp.com\/noticiasribeiraopreto.com.br\/wp-content\/uploads\/2026\/06\/acidente-moto_2026-06-20_15-49-38.webp.webp?fit=1200%2C675&ssl=1&resize=700%2C400 2x, https:\/\/i0.wp.com\/noticiasribeiraopreto.com.br\/wp-content\/uploads\/2026\/06\/acidente-moto_2026-06-20_15-49-38.webp.webp?fit=1200%2C675&ssl=1&resize=1050%2C600 3x"},"classes":[]},{"id":87193,"url":"https:\/\/noticiasribeiraopreto.com.br\/index.php\/2026\/06\/29\/motociclista-fica-em-estado-grave-apos-batida-entre-moto-e-kombi-video\/","url_meta":{"origin":90811,"position":5},"title":"Motociclista fica em estado grave ap\u00f3s batida entre moto e Kombi; V\u00eddeo","author":"noticiasribeiraopreto.com.br","date":"29 de June de 2026","format":false,"excerpt":"Um motociclista foi socorrido em estado grave, depois de se envolver em uma batida com uma Kombi na noite de s\u00e1bado (27), em um cruzamento de Patroc\u00ednio Paulista, a 100 quil\u00f4metros de Ribeir\u00e3o Preto. Receba not\u00edcias do\u00a0acidade on Ribeir\u00e3o\u00a0no WhatsApp e fique por dentro de tudo! Basta acessar o link\u00a0aqui!\u2026","rel":"","context":"In &quot;Not\u00edcias de Ribeir\u00e3o Preto-SP e Regi\u00e3o&quot;","block_context":{"text":"Not\u00edcias de Ribeir\u00e3o Preto-SP e Regi\u00e3o","link":"https:\/\/noticiasribeiraopreto.com.br\/index.php\/category\/noticias-de-ribeirao-preto-sp-e-regiao-ismael-colosi\/"},"img":{"alt_text":"","src":"https:\/\/i0.wp.com\/noticiasribeiraopreto.com.br\/wp-content\/uploads\/2026\/06\/acidente-1_2026-06-29_16-46-12.webp.webp?fit=1200%2C773&ssl=1&resize=350%2C200","width":350,"height":200,"srcset":"https:\/\/i0.wp.com\/noticiasribeiraopreto.com.br\/wp-content\/uploads\/2026\/06\/acidente-1_2026-06-29_16-46-12.webp.webp?fit=1200%2C773&ssl=1&resize=350%2C200 1x, https:\/\/i0.wp.com\/noticiasribeiraopreto.com.br\/wp-content\/uploads\/2026\/06\/acidente-1_2026-06-29_16-46-12.webp.webp?fit=1200%2C773&ssl=1&resize=525%2C300 1.5x, https:\/\/i0.wp.com\/noticiasribeiraopreto.com.br\/wp-content\/uploads\/2026\/06\/acidente-1_2026-06-29_16-46-12.webp.webp?fit=1200%2C773&ssl=1&resize=700%2C400 2x, https:\/\/i0.wp.com\/noticiasribeiraopreto.com.br\/wp-content\/uploads\/2026\/06\/acidente-1_2026-06-29_16-46-12.webp.webp?fit=1200%2C773&ssl=1&resize=1050%2C600 3x"},"classes":[]}],"jetpack_sharing_enabled":true,"jetpack_shortlink":"https:\/\/wp.me\/peQAOb-nCH","jetpack_featured_media_url":"https:\/\/i0.wp.com\/noticiasribeiraopreto.com.br\/wp-content\/uploads\/2026\/08\/acidente-andre-reuboucas.jpeg?fit=1600%2C900&ssl=1","_links":{"self":[{"href":"https:\/\/noticiasribeiraopreto.com.br\/index.php\/wp-json\/wp\/v2\/posts\/90811","targetHints":{"allow":["GET"]}}],"collection":[{"href":"https:\/\/noticiasribeiraopreto.com.br\/index.php\/wp-json\/wp\/v2\/posts"}],"about":[{"href":"https:\/\/noticiasribeiraopreto.com.br\/index.php\/wp-json\/wp\/v2\/types\/post"}],"author":[{"embeddable":true,"href":"https:\/\/noticiasribeiraopreto.com.br\/index.php\/wp-json\/wp\/v2\/users\/1"}],"replies":[{"embeddable":true,"href":"https:\/\/noticiasribeiraopreto.com.br\/index.php\/wp-json\/wp\/v2\/comments?post=90811"}],"version-history":[{"count":0,"href":"https:\/\/noticiasribeiraopreto.com.br\/index.php\/wp-json\/wp\/v2\/posts\/90811\/revisions"}],"wp:featuredmedia":[{"embeddable":true,"href":"https:\/\/noticiasribeiraopreto.com.br\/index.php\/wp-json\/wp\/v2\/media\/90812"}],"wp:attachment":[{"href":"https:\/\/noticiasribeiraopreto.com.br\/index.php\/wp-json\/wp\/v2\/media?parent=90811"}],"wp:term":[{"taxonomy":"category","embeddable":true,"href":"https:\/\/noticiasribeiraopreto.com.br\/index.php\/wp-json\/wp\/v2\/categories?post=90811"},{"taxonomy":"post_tag","embeddable":true,"href":"https:\/\/noticiasribeiraopreto.com.br\/index.php\/wp-json\/wp\/v2\/tags?post=90811"}],"curies":[{"name":"wp","href":"https:\/\/api.w.org\/{rel}","templated":true}]}}