{"id":90813,"date":"2026-08-31T10:44:05","date_gmt":"2026-08-31T13:44:05","guid":{"rendered":"https:\/\/noticiasribeiraopreto.com.br\/index.php\/2026\/08\/31\/caminhonete-bate-violentamente-em-carro-estacionado-na-regiao\/"},"modified":"2026-08-31T10:44:05","modified_gmt":"2026-08-31T13:44:05","slug":"caminhonete-bate-violentamente-em-carro-estacionado-na-regiao","status":"publish","type":"post","link":"https:\/\/noticiasribeiraopreto.com.br\/index.php\/2026\/08\/31\/caminhonete-bate-violentamente-em-carro-estacionado-na-regiao\/","title":{"rendered":"Caminhonete bate violentamente em carro estacionado na regi\u00e3o"},"content":{"rendered":"<div class='code-block code-block-1' style='margin: 8px 0 8px auto; text-align: right; display: block; clear: both;'>\n<p><a href=\"https:\/\/wa.link\/vpicfd\"><img data-recalc-dims=\"1\" class=\"wp-image-4922\" style=\"aspect-ratio: 2.0253164556962027; width: 561px; height: auto;\" src=\"https:\/\/i0.wp.com\/ismaelcolosi.com.br\/wp-content\/uploads\/2023\/11\/grupo-de-empregos-whatsapp-e-facebook-ismael-colosi-vagas.jpg?ssl=1\" alt=\"\" \/><\/a><\/p>\n<!-- \/wp:image -->\n<\/div>\n<p> <br \/>\n<\/p>\n<div id=\"\">&#13;<\/p>\n<h2 class=\"penci-post-subtitle\">Condutor da caminhonete parece ter conversado com pessoa no outro carro antes do acidente, mas dono do ve\u00edculo disse estar em casa dormindo<\/h2>\n<p>&#13;<\/p>\n<p>&#13;<br \/>\n\t\t\t\t\t\t\t\t\t<span class=\"entry-meta-item penci-posted-on\"><i class=\"fa fa-clock-o\"\/><time class=\"entry-date published updated\" datetime=\"2026-08-31T10:42:09-03:00\">31 de agosto de 2026 10:42<\/time><\/span><span class=\"entry-meta-item penci-post-countview\"\/>\t\t\t\t\t\t\t\t<\/p>\n<p><!-- .entry-meta -->&#13;<br \/>\n\t\t\t\t\t\t\t\t<span class=\"penci-social-buttons penci-social-share-footer\"><span class=\"penci-social-share-text\">Compartilhar<\/span><a href=\"#\" class=\"penci-post-like penci_post-meta_item  single-like-button penci-social-item like\" data-post_id=\"475573\" title=\"Like\" data-like=\"Like\" data-unlike=\"Unlike\"><i class=\"fa fa-thumbs-o-up\"\/><span class=\"penci-share-number\">2<\/span><\/a><i class=\"fa fa-facebook\"\/><a class=\"penci-social-item twitter\" target=\"_blank\" rel=\"noopener\" title=\"\" href=\"https:\/\/twitter.com\/intent\/tweet?text=Caminhonete%20bate%20violentamente%20em%20carro%20estacionado%20na%20regi\u00e3o%20-%20https:\/\/www.tribunaribeirao.com.br\/caminhonete-bate-violentamente-em-carro-estacionado-na-regiao\/\"><i class=\"fa fa-twitter\"\/><\/a><i class=\"fa fa-linkedin\"\/><i class=\"fa fa-whatsapp\"\/><i class=\"fa fa-telegram\"\/><i class=\"fa fa-envelope\"\/><\/span>\t\t\t\t\t\t\t<\/div>\n<div>\n<p>| Por: Adalberto Luque |<\/p>\n<p>Uma violenta colis\u00e3o, registrada na manh\u00e3 deste domingo (30), deixou d\u00favidas sobre o que teria acontecido. Uma caminhonete atingiu em cheio a traseira de um ve\u00edculo que estava estacionado na rua Therezinha Previde Antonelli, no Jardim dos Yp\u00eas, em Batatais, na regi\u00e3o metropolitana de Ribeir\u00e3o Preto.<\/p>\n<p>Imagens de c\u00e2meras de seguran\u00e7a registraram o acidente e os momentos que o antecederam. \u00c0s 6h23, o motorista da caminhonete parou ao lado de um carro branco estacionado na rua. O condutor permaneceu por cerca de cinco minutos ao lado do ve\u00edculo, gesticulando, como se estivesse conversando com algu\u00e9m.<\/p>\n<figure id=\"attachment_475574\" aria-describedby=\"caption-attachment-475574\" style=\"width: 1200px\" class=\"wp-caption alignnone\"><figcaption id=\"caption-attachment-475574\" class=\"wp-caption-text\">Caminhonete atinge com viol\u00eancia ve\u00edculo estacionado; dono n\u00e3o conhecida o homem que se envolveu no acidente (Foto: Reprodu\u00e7\u00e3o)<\/figcaption><\/figure>\n<p>Em seguida, subiu a rua, fez uma manobra e desceu em alta velocidade, atingindo o carro que permanecia estacionado. O impacto foi violento, e os dois ve\u00edculos terminaram de descer a rua at\u00e9 um terreno baldio localizado no final da via.<\/p>\n<p>Apesar da for\u00e7a da colis\u00e3o, ningu\u00e9m ficou ferido. A Pol\u00edcia Militar foi acionada. O propriet\u00e1rio do carro atingido disse aos policiais que estava dormindo em casa quando tudo aconteceu e que acordou com o barulho provocado pelo acidente. Tamb\u00e9m disse que n\u00e3o conhecia o motorista que teria causado o acidente.<\/p>\n<p>Aos policiais militares, o motorista da caminhonete disse que havia tomado medicamentos controlados e teria se recusado a fazer o teste do baf\u00f4metro. Ele foi levado por uma unidade do Servi\u00e7o de Atendimento M\u00f3vel de Urg\u00eancia (SAMU) at\u00e9 um hospital para avalia\u00e7\u00e3o.<\/p>\n<p>A ocorr\u00eancia foi registrada, e a Pol\u00edcia Civil de Batatais vai investigar o caso.<\/p>\n<div style=\"background-color: #f4f4f5; border: 1px solid #d4d4d8; padding: 15px; margin: 20px 0; border-radius: 6px; font-family: sans-serif; line-height: 1.5;\">\n    <span style=\"color: #27272a;\">Inscreva-se em nosso Canal no Whatsapp e fique por dentro de tudo que acontece na regi\u00e3o. <\/span><br \/>\n    <a href=\"https:\/\/whatsapp.com\/channel\/0029VanuE2o7z4kYjo0XVS3u\" target=\"_blank\" rel=\"noopener noreferrer\" style=\"color: #16a34a; font-weight: bold; text-decoration: underline;\">Clique Aqui!<\/a>\n<\/div>\n<\/div>\n<p><script async src=\"\/\/platform.twitter.com\/widgets.js\" charset=\"utf-8\"><\/script><br \/>\n<br \/><br \/>\n<br \/><a href=\"https:\/\/www.tribunaribeirao.com.br\/caminhonete-bate-violentamente-em-carro-estacionado-na-regiao\/\">Texto original daqui <\/a><\/p>\n<!-- CONTENT END 1 -->\n","protected":false},"excerpt":{"rendered":"<p>&#13; Condutor da caminhonete parece ter conversado com pessoa no outro carro antes do acidente, mas dono do ve\u00edculo disse estar em casa dormindo &#13;&#8230;<\/p>\n","protected":false},"author":1,"featured_media":90814,"comment_status":"","ping_status":"","sticky":false,"template":"","format":"standard","meta":{"advanced_seo_description":"","jetpack_seo_html_title":"","jetpack_seo_noindex":false,"jetpack_seo_schema_type":"","_jetpack_newsletter_access":"","_jetpack_dont_email_post_to_subs":false,"_jetpack_newsletter_tier_id":0,"_jetpack_memberships_contains_paywalled_content":false,"_jetpack_feature_clip_id":0,"_jetpack_memberships_contains_paid_content":false,"footnotes":"","jetpack_publicize_message":"","jetpack_publicize_feature_enabled":true,"jetpack_social_post_already_shared":true,"jetpack_social_options":{"image_generator_settings":{"template":"highway","default_image_id":0,"font":"","enabled":false},"version":2},"jetpack_post_was_ever_published":false},"categories":[11],"tags":[916,2035,295,663,277,8826],"class_list":["post-90813","post","type-post","status-publish","format-standard","has-post-thumbnail","hentry","category-noticias-de-ribeirao-preto-sp-e-regiao-ismael-colosi","tag-bate","tag-caminhonete","tag-carro","tag-estacionado","tag-regiao","tag-violentamente"],"jetpack_publicize_connections":[],"jetpack-related-posts":[{"id":86833,"url":"https:\/\/noticiasribeiraopreto.com.br\/index.php\/2026\/06\/22\/motorista-na-contramao-bate-em-dois-carros-estacionados-em-ribeirao-preto\/","url_meta":{"origin":90813,"position":0},"title":"Motorista na contram\u00e3o bate em dois carros estacionados em Ribeir\u00e3o Preto","author":"noticiasribeiraopreto.com.br","date":"22 de June de 2026","format":false,"excerpt":"C\u00e2meras de seguran\u00e7a registraram o momento em que o motorista de um carro seguia pela contram\u00e3o na rua Sergipe, no bairro Campos El\u00edsios, zona Norte de Ribeir\u00e3o Preto, quando atingiu dois ve\u00edculos que estavam estacionados na tarde deste domingo (21). Nas imagens \u00e9 poss\u00edvel ver o condutor descendo a via\u2026","rel":"","context":"In &quot;Not\u00edcias de Ribeir\u00e3o Preto-SP e Regi\u00e3o&quot;","block_context":{"text":"Not\u00edcias de Ribeir\u00e3o Preto-SP e Regi\u00e3o","link":"https:\/\/noticiasribeiraopreto.com.br\/index.php\/category\/noticias-de-ribeirao-preto-sp-e-regiao-ismael-colosi\/"},"img":{"alt_text":"","src":"https:\/\/i0.wp.com\/noticiasribeiraopreto.com.br\/wp-content\/uploads\/2026\/06\/carro-contramao-3_2026-06-22_16-48-57.webp.webp?fit=1200%2C675&ssl=1&resize=350%2C200","width":350,"height":200,"srcset":"https:\/\/i0.wp.com\/noticiasribeiraopreto.com.br\/wp-content\/uploads\/2026\/06\/carro-contramao-3_2026-06-22_16-48-57.webp.webp?fit=1200%2C675&ssl=1&resize=350%2C200 1x, https:\/\/i0.wp.com\/noticiasribeiraopreto.com.br\/wp-content\/uploads\/2026\/06\/carro-contramao-3_2026-06-22_16-48-57.webp.webp?fit=1200%2C675&ssl=1&resize=525%2C300 1.5x, https:\/\/i0.wp.com\/noticiasribeiraopreto.com.br\/wp-content\/uploads\/2026\/06\/carro-contramao-3_2026-06-22_16-48-57.webp.webp?fit=1200%2C675&ssl=1&resize=700%2C400 2x, https:\/\/i0.wp.com\/noticiasribeiraopreto.com.br\/wp-content\/uploads\/2026\/06\/carro-contramao-3_2026-06-22_16-48-57.webp.webp?fit=1200%2C675&ssl=1&resize=1050%2C600 3x"},"classes":[]},{"id":90759,"url":"https:\/\/noticiasribeiraopreto.com.br\/index.php\/2026\/08\/31\/video-caminhonete-em-alta-velocidade-atinge-carro-estacionado\/","url_meta":{"origin":90813,"position":1},"title":"V\u00cdDEO: Caminhonete em alta velocidade atinge carro estacionado","author":"noticiasribeiraopreto.com.br","date":"31 de August de 2026","format":false,"excerpt":"Uma caminhonete em alta velocidade atingiu um carro estacionado na manh\u00e3 deste domingo (29), em Batatais, na regi\u00e3o de Ribeir\u00e3o Preto. C\u00e2meras de seguran\u00e7a registraram os momentos antes e durante a colis\u00e3o (veja no v\u00eddeo abaixo). Momentos antes da batida As imagens mostram que, minutos antes da batida, o motorista\u2026","rel":"","context":"In &quot;Not\u00edcias de Ribeir\u00e3o Preto-SP e Regi\u00e3o&quot;","block_context":{"text":"Not\u00edcias de Ribeir\u00e3o Preto-SP e Regi\u00e3o","link":"https:\/\/noticiasribeiraopreto.com.br\/index.php\/category\/noticias-de-ribeirao-preto-sp-e-regiao-ismael-colosi\/"},"img":{"alt_text":"","src":"https:\/\/i0.wp.com\/noticiasribeiraopreto.com.br\/wp-content\/uploads\/2026\/08\/acidente-batatais-1-1.jpg?fit=1200%2C675&ssl=1&resize=350%2C200","width":350,"height":200,"srcset":"https:\/\/i0.wp.com\/noticiasribeiraopreto.com.br\/wp-content\/uploads\/2026\/08\/acidente-batatais-1-1.jpg?fit=1200%2C675&ssl=1&resize=350%2C200 1x, https:\/\/i0.wp.com\/noticiasribeiraopreto.com.br\/wp-content\/uploads\/2026\/08\/acidente-batatais-1-1.jpg?fit=1200%2C675&ssl=1&resize=525%2C300 1.5x, https:\/\/i0.wp.com\/noticiasribeiraopreto.com.br\/wp-content\/uploads\/2026\/08\/acidente-batatais-1-1.jpg?fit=1200%2C675&ssl=1&resize=700%2C400 2x, https:\/\/i0.wp.com\/noticiasribeiraopreto.com.br\/wp-content\/uploads\/2026\/08\/acidente-batatais-1-1.jpg?fit=1200%2C675&ssl=1&resize=1050%2C600 3x"},"classes":[]},{"id":87148,"url":"https:\/\/noticiasribeiraopreto.com.br\/index.php\/2026\/06\/28\/motorista-bate-caminhonete-em-muro-de-condominio-e-estrutura-cai-sobre-cinco-carros\/","url_meta":{"origin":90813,"position":2},"title":"Motorista bate caminhonete em muro de condom\u00ednio e estrutura cai sobre cinco carros","author":"noticiasribeiraopreto.com.br","date":"28 de June de 2026","format":false,"excerpt":"Um motorista de 51 anos se envolveu em um acidente de tr\u00e2nsito e bateu uma caminhonete contra o muro de um condom\u00ednio na noite deste s\u00e1bado (27), no Jardim Nova Alian\u00e7a Sul, zona Sul de Ribeir\u00e3o Preto. Com a for\u00e7a do impacto, a estrutura desabou e atingiu cinco ve\u00edculos que\u2026","rel":"","context":"In &quot;Not\u00edcias de Ribeir\u00e3o Preto-SP e Regi\u00e3o&quot;","block_context":{"text":"Not\u00edcias de Ribeir\u00e3o Preto-SP e Regi\u00e3o","link":"https:\/\/noticiasribeiraopreto.com.br\/index.php\/category\/noticias-de-ribeirao-preto-sp-e-regiao-ismael-colosi\/"},"img":{"alt_text":"","src":"https:\/\/i0.wp.com\/noticiasribeiraopreto.com.br\/wp-content\/uploads\/2026\/06\/acidente-ribeirao_2026-06-28_19-11-14.webp.webp?fit=1200%2C675&ssl=1&resize=350%2C200","width":350,"height":200,"srcset":"https:\/\/i0.wp.com\/noticiasribeiraopreto.com.br\/wp-content\/uploads\/2026\/06\/acidente-ribeirao_2026-06-28_19-11-14.webp.webp?fit=1200%2C675&ssl=1&resize=350%2C200 1x, https:\/\/i0.wp.com\/noticiasribeiraopreto.com.br\/wp-content\/uploads\/2026\/06\/acidente-ribeirao_2026-06-28_19-11-14.webp.webp?fit=1200%2C675&ssl=1&resize=525%2C300 1.5x, https:\/\/i0.wp.com\/noticiasribeiraopreto.com.br\/wp-content\/uploads\/2026\/06\/acidente-ribeirao_2026-06-28_19-11-14.webp.webp?fit=1200%2C675&ssl=1&resize=700%2C400 2x, https:\/\/i0.wp.com\/noticiasribeiraopreto.com.br\/wp-content\/uploads\/2026\/06\/acidente-ribeirao_2026-06-28_19-11-14.webp.webp?fit=1200%2C675&ssl=1&resize=1050%2C600 3x"},"classes":[]},{"id":87165,"url":"https:\/\/noticiasribeiraopreto.com.br\/index.php\/2026\/06\/29\/motorista-e-preso-por-embriaguez-apos-batida-que-deixou-um-morto\/","url_meta":{"origin":90813,"position":3},"title":"Motorista \u00e9 preso por embriaguez ap\u00f3s batida que deixou um morto","author":"noticiasribeiraopreto.com.br","date":"29 de June de 2026","format":false,"excerpt":"Ver essa foto no Instagram Um post compartilhado por acidade on Ribeir\u00e3o (@acidadeonribeirao) Um motorista morreu depois da batida entre dois carros na noite deste domingo (28), na vicinal Jos\u00e9 Jorge Diniz Junqueira, entre Morro Agudo a S\u00e3o Joaquim da Barra, na regi\u00e3o de Ribeir\u00e3o Preto. O condutor do outro\u2026","rel":"","context":"In &quot;Not\u00edcias de Ribeir\u00e3o Preto-SP e Regi\u00e3o&quot;","block_context":{"text":"Not\u00edcias de Ribeir\u00e3o Preto-SP e Regi\u00e3o","link":"https:\/\/noticiasribeiraopreto.com.br\/index.php\/category\/noticias-de-ribeirao-preto-sp-e-regiao-ismael-colosi\/"},"img":{"alt_text":"","src":"https:\/\/i0.wp.com\/noticiasribeiraopreto.com.br\/wp-content\/uploads\/2026\/06\/acidente_2026-06-29_11-10-38.webp.webp?fit=1200%2C941&ssl=1&resize=350%2C200","width":350,"height":200,"srcset":"https:\/\/i0.wp.com\/noticiasribeiraopreto.com.br\/wp-content\/uploads\/2026\/06\/acidente_2026-06-29_11-10-38.webp.webp?fit=1200%2C941&ssl=1&resize=350%2C200 1x, https:\/\/i0.wp.com\/noticiasribeiraopreto.com.br\/wp-content\/uploads\/2026\/06\/acidente_2026-06-29_11-10-38.webp.webp?fit=1200%2C941&ssl=1&resize=525%2C300 1.5x, https:\/\/i0.wp.com\/noticiasribeiraopreto.com.br\/wp-content\/uploads\/2026\/06\/acidente_2026-06-29_11-10-38.webp.webp?fit=1200%2C941&ssl=1&resize=700%2C400 2x, https:\/\/i0.wp.com\/noticiasribeiraopreto.com.br\/wp-content\/uploads\/2026\/06\/acidente_2026-06-29_11-10-38.webp.webp?fit=1200%2C941&ssl=1&resize=1050%2C600 3x"},"classes":[]},{"id":60988,"url":"https:\/\/noticiasribeiraopreto.com.br\/index.php\/2024\/12\/01\/motorista-bate-na-traseira-de-carro-estacionado-na-zona-sul-de-ribeirao\/","url_meta":{"origin":90813,"position":4},"title":"Motorista bate na traseira de carro estacionado na zona Sul de Ribeir\u00e3o","author":"noticiasribeiraopreto.com.br","date":"1 de December de 2024","format":false,"excerpt":"Na manh\u00e3 deste domingo (1\u00ba), uma motorista bateu na traseiro de um carro que estava estacionado na rua Abr\u00e3o Caixe, no Jardim Iraj\u00e1, zona Sul de Ribeir\u00e3o Preto. De acordo com os moradores, apesar do impacto, a motorista n\u00e3o ficou ferida e permaneceu no local. A pol\u00edcia foi acionada e\u2026","rel":"","context":"In &quot;Not\u00edcias de Ribeir\u00e3o Preto-SP e Regi\u00e3o&quot;","block_context":{"text":"Not\u00edcias de Ribeir\u00e3o Preto-SP e Regi\u00e3o","link":"https:\/\/noticiasribeiraopreto.com.br\/index.php\/category\/noticias-de-ribeirao-preto-sp-e-regiao-ismael-colosi\/"},"img":{"alt_text":"","src":"https:\/\/i0.wp.com\/noticiasribeiraopreto.com.br\/wp-content\/uploads\/2024\/12\/acidente-jd-iraja_2024-12-01_13-51-31_png_2024-12-01_13-51-31.webp.webp?fit=1200%2C675&ssl=1&resize=350%2C200","width":350,"height":200,"srcset":"https:\/\/i0.wp.com\/noticiasribeiraopreto.com.br\/wp-content\/uploads\/2024\/12\/acidente-jd-iraja_2024-12-01_13-51-31_png_2024-12-01_13-51-31.webp.webp?fit=1200%2C675&ssl=1&resize=350%2C200 1x, https:\/\/i0.wp.com\/noticiasribeiraopreto.com.br\/wp-content\/uploads\/2024\/12\/acidente-jd-iraja_2024-12-01_13-51-31_png_2024-12-01_13-51-31.webp.webp?fit=1200%2C675&ssl=1&resize=525%2C300 1.5x, https:\/\/i0.wp.com\/noticiasribeiraopreto.com.br\/wp-content\/uploads\/2024\/12\/acidente-jd-iraja_2024-12-01_13-51-31_png_2024-12-01_13-51-31.webp.webp?fit=1200%2C675&ssl=1&resize=700%2C400 2x, https:\/\/i0.wp.com\/noticiasribeiraopreto.com.br\/wp-content\/uploads\/2024\/12\/acidente-jd-iraja_2024-12-01_13-51-31_png_2024-12-01_13-51-31.webp.webp?fit=1200%2C675&ssl=1&resize=1050%2C600 3x"},"classes":[]},{"id":87175,"url":"https:\/\/noticiasribeiraopreto.com.br\/index.php\/2026\/06\/29\/motociclista-fica-ferido-apos-batida-entre-moto-e-carro-em-rotatoria-de-ribeirao-preto\/","url_meta":{"origin":90813,"position":5},"title":"Motociclista fica ferido ap\u00f3s batida entre moto e carro em rotat\u00f3ria de Ribeir\u00e3o Preto","author":"noticiasribeiraopreto.com.br","date":"29 de June de 2026","format":false,"excerpt":"Ver essa foto no Instagram Um post compartilhado por acidade on Ribeir\u00e3o (@acidadeonribeirao) Um motociclista de 40 anos foi socorrido na manh\u00e3 desta segunda-feira (29), ap\u00f3s se envolver em uma batida com um carro na rotat\u00f3ria das avenidas Cost\u00e1bile Romano e Le\u00e3o XIII, na Ribeir\u00e2nia, zona Leste de Ribeir\u00e3o Preto.\u2026","rel":"","context":"In &quot;Not\u00edcias de Ribeir\u00e3o Preto-SP e Regi\u00e3o&quot;","block_context":{"text":"Not\u00edcias de Ribeir\u00e3o Preto-SP e Regi\u00e3o","link":"https:\/\/noticiasribeiraopreto.com.br\/index.php\/category\/noticias-de-ribeirao-preto-sp-e-regiao-ismael-colosi\/"},"img":{"alt_text":"","src":"https:\/\/i0.wp.com\/noticiasribeiraopreto.com.br\/wp-content\/uploads\/2026\/06\/acidente_2026-06-29_12-07-29.webp.webp?fit=1200%2C891&ssl=1&resize=350%2C200","width":350,"height":200,"srcset":"https:\/\/i0.wp.com\/noticiasribeiraopreto.com.br\/wp-content\/uploads\/2026\/06\/acidente_2026-06-29_12-07-29.webp.webp?fit=1200%2C891&ssl=1&resize=350%2C200 1x, https:\/\/i0.wp.com\/noticiasribeiraopreto.com.br\/wp-content\/uploads\/2026\/06\/acidente_2026-06-29_12-07-29.webp.webp?fit=1200%2C891&ssl=1&resize=525%2C300 1.5x, https:\/\/i0.wp.com\/noticiasribeiraopreto.com.br\/wp-content\/uploads\/2026\/06\/acidente_2026-06-29_12-07-29.webp.webp?fit=1200%2C891&ssl=1&resize=700%2C400 2x, https:\/\/i0.wp.com\/noticiasribeiraopreto.com.br\/wp-content\/uploads\/2026\/06\/acidente_2026-06-29_12-07-29.webp.webp?fit=1200%2C891&ssl=1&resize=1050%2C600 3x"},"classes":[]}],"jetpack_sharing_enabled":true,"jetpack_shortlink":"https:\/\/wp.me\/peQAOb-nCJ","jetpack_featured_media_url":"https:\/\/i0.wp.com\/noticiasribeiraopreto.com.br\/wp-content\/uploads\/2026\/08\/31-ago-2026-batidabatarais-scaled.jpg?fit=1027%2C780&ssl=1","_links":{"self":[{"href":"https:\/\/noticiasribeiraopreto.com.br\/index.php\/wp-json\/wp\/v2\/posts\/90813","targetHints":{"allow":["GET"]}}],"collection":[{"href":"https:\/\/noticiasribeiraopreto.com.br\/index.php\/wp-json\/wp\/v2\/posts"}],"about":[{"href":"https:\/\/noticiasribeiraopreto.com.br\/index.php\/wp-json\/wp\/v2\/types\/post"}],"author":[{"embeddable":true,"href":"https:\/\/noticiasribeiraopreto.com.br\/index.php\/wp-json\/wp\/v2\/users\/1"}],"replies":[{"embeddable":true,"href":"https:\/\/noticiasribeiraopreto.com.br\/index.php\/wp-json\/wp\/v2\/comments?post=90813"}],"version-history":[{"count":0,"href":"https:\/\/noticiasribeiraopreto.com.br\/index.php\/wp-json\/wp\/v2\/posts\/90813\/revisions"}],"wp:featuredmedia":[{"embeddable":true,"href":"https:\/\/noticiasribeiraopreto.com.br\/index.php\/wp-json\/wp\/v2\/media\/90814"}],"wp:attachment":[{"href":"https:\/\/noticiasribeiraopreto.com.br\/index.php\/wp-json\/wp\/v2\/media?parent=90813"}],"wp:term":[{"taxonomy":"category","embeddable":true,"href":"https:\/\/noticiasribeiraopreto.com.br\/index.php\/wp-json\/wp\/v2\/categories?post=90813"},{"taxonomy":"post_tag","embeddable":true,"href":"https:\/\/noticiasribeiraopreto.com.br\/index.php\/wp-json\/wp\/v2\/tags?post=90813"}],"curies":[{"name":"wp","href":"https:\/\/api.w.org\/{rel}","templated":true}]}}