{"id":90815,"date":"2026-08-31T11:10:53","date_gmt":"2026-08-31T14:10:53","guid":{"rendered":"https:\/\/noticiasribeiraopreto.com.br\/index.php\/2026\/08\/31\/justica-define-se-elizabete-sera-submetida-a-novo-juri-popular\/"},"modified":"2026-08-31T11:10:53","modified_gmt":"2026-08-31T14:10:53","slug":"justica-define-se-elizabete-sera-submetida-a-novo-juri-popular","status":"publish","type":"post","link":"https:\/\/noticiasribeiraopreto.com.br\/index.php\/2026\/08\/31\/justica-define-se-elizabete-sera-submetida-a-novo-juri-popular\/","title":{"rendered":"Justi\u00e7a define se Elizabete ser\u00e1 submetida a novo j\u00fari popular"},"content":{"rendered":"<div class='code-block code-block-1' style='margin: 8px 0 8px auto; text-align: right; display: block; clear: both;'>\n<p><a href=\"https:\/\/wa.link\/vpicfd\"><img data-recalc-dims=\"1\" class=\"wp-image-4922\" style=\"aspect-ratio: 2.0253164556962027; width: 561px; height: auto;\" src=\"https:\/\/i0.wp.com\/ismaelcolosi.com.br\/wp-content\/uploads\/2023\/11\/grupo-de-empregos-whatsapp-e-facebook-ismael-colosi-vagas.jpg?ssl=1\" alt=\"\" \/><\/a><\/p>\n<!-- \/wp:image -->\n<\/div>\n<p> <br \/>\n<\/p>\n<div>\n<p>| Por: Adalberto Luque |<\/p>\n<p>Come\u00e7a hoje, \u00e0s 13h30, a audi\u00eancia de instru\u00e7\u00e3o e julgamento de Elizabete Arraba\u00e7a, acusada de feminic\u00eddio contra a pr\u00f3pria filha, Nathalia Garnica, que morreu em fevereiro do ano passado. A sess\u00e3o ser\u00e1 realizada no F\u00f3rum de Pontal, na regi\u00e3o metropolitana de Ribeir\u00e3o Preto, de forma h\u00edbrida.<\/p>\n<p>Elizabete, que est\u00e1 presa em Trememb\u00e9, no Vale do Para\u00edba, dever\u00e1 ser ouvida por videoconfer\u00eancia. Testemunhas que n\u00e3o moram em Pontal tamb\u00e9m prestar\u00e3o depoimento pela internet.<\/p>\n<p>A audi\u00eancia poder\u00e1 definir se a idosa tamb\u00e9m ser\u00e1 submetida ao Tribunal do J\u00fari pela morte de sua nora, Larissa Talle Le\u00f4ncio Rodrigues. O filho de Elizabete, o m\u00e9dico ortopedista Luiz Ant\u00f4nio Garnica, marido de Larissa, tamb\u00e9m \u00e9 r\u00e9u nesse processo.<\/p>\n<p>Ser\u00e3o ouvidas testemunhas de defesa e acusa\u00e7\u00e3o. Na sequ\u00eancia, ser\u00e3o analisadas as provas e, depois, Minist\u00e9rio P\u00fablico e defesa ter\u00e3o prazo para apresentar suas alega\u00e7\u00f5es por escrito. Somente ent\u00e3o a ju\u00edza respons\u00e1vel pelo caso, Bruna Ara\u00fajo Capelin Matioli, da 1\u00aa Vara da Comarca de Pontal, decidir\u00e1 se o processo seguir\u00e1 para julgamento pelo Tribunal do J\u00fari. O resultado n\u00e3o deve ser conhecido hoje.<\/p>\n<p><strong>Estrat\u00e9gia<\/strong><\/p>\n<p>Respons\u00e1vel pela defesa de Elizabete, o advogado Bruno Corr\u00eaa Ribeiro acredita que poder\u00e1 reverter a tese da acusa\u00e7\u00e3o. O Minist\u00e9rio P\u00fablico de S\u00e3o Paulo (MPSP) alegou que Elizabete seria viciada em jogos e teria acumulado muitas d\u00edvidas, o que teria motivado a morte da filha para que ela ficasse com a heran\u00e7a e a pens\u00e3o.<\/p>\n<figure id=\"attachment_444745\" aria-describedby=\"caption-attachment-444745\" style=\"width: 1170px\" class=\"wp-caption alignnone\"><figcaption id=\"caption-attachment-444745\" class=\"wp-caption-text\">Advogado pretende provar que idosa n\u00e3o era viciada em jogos e estava com as contas em dia (Foto: Alfredo Risk)<\/figcaption><\/figure>\n<p>\u201cA ideia \u00e9 a gente comprovar que a senhora Elizabete n\u00e3o tinha nenhum problema financeiro at\u00e9 a pris\u00e3o pela morte de Larissa. Era totalmente adimplente. Tinha alguns financiamentos, mas pagava, sendo totalmente adimplente. E tamb\u00e9m comprovar que ela n\u00e3o tinha nenhum v\u00edcio em jogos, como quer fazer crer o Minist\u00e9rio P\u00fablico. Isso derruba a tese do MP porque ela tinha d\u00edvidas e foi para ficar com a heran\u00e7a\u201d, afirmou o advogado.<\/p>\n<p><strong>Relembre o caso<\/strong><\/p>\n<p>Nathalia morreu em 9 de fevereiro de 2025. Inicialmente, o caso foi tratado como morte natural. Ap\u00f3s a repercuss\u00e3o da morte da nora de Elizabete, Larissa, caso em que a idosa e seu filho, Luiz Ant\u00f4nio Garnica, ex-marido da v\u00edtima, foram denunciados e pronunciados para julgamento pelo Tribunal do J\u00fari, o delegado respons\u00e1vel pelas investiga\u00e7\u00f5es decidiu solicitar a exuma\u00e7\u00e3o do corpo de Nathalia.<\/p>\n<p>Com a exuma\u00e7\u00e3o, laudo do Instituto M\u00e9dico Legal (IML) constatou que Nathalia tamb\u00e9m havia sido envenenada com a subst\u00e2ncia popularmente conhecida como \u201cchumbinho\u201d, assim como ocorreu com Larissa. O inqu\u00e9rito concluiu que Elizabete seria a \u00fanica respons\u00e1vel pelo crime e encaminhou o caso \u00e0 Justi\u00e7a. O Minist\u00e9rio P\u00fablico ofereceu den\u00fancia.<\/p>\n<p>Elizabete e o filho j\u00e1 passaram por audi\u00eancia de instru\u00e7\u00e3o no processo que apura a morte da professora Larissa. O juiz respons\u00e1vel pelo caso, Jos\u00e9 Roberto Bernardi Liberal, da 2\u00aa Vara Criminal e do J\u00fari de Ribeir\u00e3o Preto, j\u00e1 decidiu pela pron\u00fancia de m\u00e3e e filho, e o caso ser\u00e1 julgado pelo Tribunal do J\u00fari.<\/p>\n<figure id=\"attachment_444747\" aria-describedby=\"caption-attachment-444747\" style=\"width: 958px\" class=\"wp-caption alignnone\"><img data-recalc-dims=\"1\" loading=\"lazy\" decoding=\"async\" class=\"size-full wp-image-444747 lazyload\" src=\"https:\/\/i0.wp.com\/www.tribunaribeirao.com.br\/wp-content\/uploads\/2025\/10\/10-set-2025-casolarissa-1.jpg?resize=958%2C503&#038;ssl=1\" alt=\"\" width=\"958\" height=\"503\" srcset=\"https:\/\/www.tribunaribeirao.com.br\/wp-content\/uploads\/2025\/10\/10-set-2025-casolarissa-1.jpg 958w, https:\/\/www.tribunaribeirao.com.br\/wp-content\/uploads\/2025\/10\/10-set-2025-casolarissa-1-300x158.jpg 300w, https:\/\/www.tribunaribeirao.com.br\/wp-content\/uploads\/2025\/10\/10-set-2025-casolarissa-1-768x403.jpg 768w, https:\/\/www.tribunaribeirao.com.br\/wp-content\/uploads\/2025\/10\/10-set-2025-casolarissa-1-762x400.jpg 762w, https:\/\/www.tribunaribeirao.com.br\/wp-content\/uploads\/2025\/10\/10-set-2025-casolarissa-1-585x307.jpg 585w\" data-sizes=\"(max-width: 958px) 100vw, 958px\" style=\"--smush-placeholder-width: 958px; --smush-placeholder-aspect-ratio: 958\/503;\"\/><figcaption id=\"caption-attachment-444747\" class=\"wp-caption-text\">No caso Larissa, m\u00e3e e filho foram pronunciados e devem ser submetidos ao Tribunal do J\u00fari, mas processo est\u00e1 em fase de recursos (Foto: Redes Sociais)<\/figcaption><\/figure>\n<p>A data do julgamento ainda n\u00e3o foi marcada, pois o processo est\u00e1 em fase de recurso.<\/p>\n<p>Em abril deste ano, a ju\u00edza de Pontal recebeu a den\u00fancia apresentada pelo promotor Vinicius Pascueto Amaral contra Elizabete. Ela passou a responder tamb\u00e9m por tentativa de homic\u00eddio qualificado contra a amiga Neusa Maria Costa de Andrade Ghioto, de 78 anos.<\/p>\n<p>Segundo a acusa\u00e7\u00e3o, o crime teria sido cometido por motivo torpe, com emprego de veneno, meio insidioso e cruel, mediante dissimula\u00e7\u00e3o e recurso que dificultou a defesa da v\u00edtima. Tamb\u00e9m foi apontada a agravante de o crime ter sido cometido contra pessoa com mais de 60 anos.<\/p>\n<p>A defesa alega inoc\u00eancia nos tr\u00eas casos em que Elizabete foi denunciada.<\/p>\n<p>Outro caso em que Elizabete chegou a ser investigada foi a morte da prima \u00c9lede Guidi, de 80 anos, ocorrida em dezembro de 2016. O inqu\u00e9rito foi arquivado.<\/p>\n<p>Elizabete est\u00e1 presa em Trememb\u00e9 (SP) desde 20 de agosto do ano passado. Antes disso, passou pela Cadeia P\u00fablica de S\u00e3o Joaquim da Barra, pela Penitenci\u00e1ria Feminina de Mogi Gua\u00e7u e pela Penitenci\u00e1ria Feminina de Votorantim.<\/p>\n<div style=\"background-color: #f4f4f5; border: 1px solid #d4d4d8; padding: 15px; margin: 20px 0; border-radius: 6px; font-family: sans-serif; line-height: 1.5;\">\n    <span style=\"color: #27272a;\">Inscreva-se em nosso Canal no Whatsapp e fique por dentro de tudo que acontece na regi\u00e3o. <\/span><br \/>\n    <a href=\"https:\/\/whatsapp.com\/channel\/0029VanuE2o7z4kYjo0XVS3u\" target=\"_blank\" rel=\"noopener noreferrer\" style=\"color: #16a34a; font-weight: bold; text-decoration: underline;\">Clique Aqui!<\/a>\n<\/div>\n<\/div>\n<p><br \/>\n<br \/><a href=\"https:\/\/www.tribunaribeirao.com.br\/justica-define-se-elizabete-sera-submetida-a-novo-juri-popular\/\">Texto original daqui <\/a><\/p>\n<!-- CONTENT END 1 -->\n","protected":false},"excerpt":{"rendered":"<p>| Por: Adalberto Luque | Come\u00e7a hoje, \u00e0s 13h30, a audi\u00eancia de instru\u00e7\u00e3o e julgamento de Elizabete Arraba\u00e7a, acusada de feminic\u00eddio contra a pr\u00f3pria filha,&#8230;<\/p>\n","protected":false},"author":1,"featured_media":90816,"comment_status":"","ping_status":"","sticky":false,"template":"","format":"standard","meta":{"advanced_seo_description":"","jetpack_seo_html_title":"","jetpack_seo_noindex":false,"jetpack_seo_schema_type":"","_jetpack_newsletter_access":"","_jetpack_dont_email_post_to_subs":false,"_jetpack_newsletter_tier_id":0,"_jetpack_memberships_contains_paywalled_content":false,"_jetpack_feature_clip_id":0,"_jetpack_memberships_contains_paid_content":false,"footnotes":"","jetpack_publicize_message":"","jetpack_publicize_feature_enabled":true,"jetpack_social_post_already_shared":true,"jetpack_social_options":{"image_generator_settings":{"template":"highway","default_image_id":0,"font":"","enabled":false},"version":2},"jetpack_post_was_ever_published":false},"categories":[11],"tags":[45,6497,7417,988,381,3267,172,8827],"class_list":["post-90815","post","type-post","status-publish","format-standard","has-post-thumbnail","hentry","category-noticias-de-ribeirao-preto-sp-e-regiao-ismael-colosi","tag-define","tag-elizabete","tag-juri","tag-justica","tag-novo","tag-popular","tag-sera","tag-submetida"],"jetpack_publicize_connections":[],"jetpack-related-posts":[{"id":87304,"url":"https:\/\/noticiasribeiraopreto.com.br\/index.php\/2026\/07\/01\/audiencia-define-futuro-de-elizabete-arrabaca-em-pontal\/","url_meta":{"origin":90815,"position":0},"title":"Audi\u00eancia define futuro de Elizabete Arraba\u00e7a em Pontal","author":"noticiasribeiraopreto.com.br","date":"1 de July de 2026","format":false,"excerpt":"| Por: Adalberto Luque | O Tribunal de Justi\u00e7a de S\u00e3o Paulo (TJSP) definiu a data da audi\u00eancia de instru\u00e7\u00e3o que poder\u00e1 decidir se Elizabete Arraba\u00e7a ser\u00e1 levada ao Tribunal do J\u00fari pela morte, por envenenamento, da filha Nathalia Garnica. A audi\u00eancia foi marcada para o dia 31 de agosto,\u2026","rel":"","context":"In &quot;Not\u00edcias de Ribeir\u00e3o Preto-SP e Regi\u00e3o&quot;","block_context":{"text":"Not\u00edcias de Ribeir\u00e3o Preto-SP e Regi\u00e3o","link":"https:\/\/noticiasribeiraopreto.com.br\/index.php\/category\/noticias-de-ribeirao-preto-sp-e-regiao-ismael-colosi\/"},"img":{"alt_text":"","src":"https:\/\/i0.wp.com\/noticiasribeiraopreto.com.br\/wp-content\/uploads\/2026\/07\/MortePRO-Nat-Reproducao.jpg?fit=906%2C752&ssl=1&resize=350%2C200","width":350,"height":200,"srcset":"https:\/\/i0.wp.com\/noticiasribeiraopreto.com.br\/wp-content\/uploads\/2026\/07\/MortePRO-Nat-Reproducao.jpg?fit=906%2C752&ssl=1&resize=350%2C200 1x, https:\/\/i0.wp.com\/noticiasribeiraopreto.com.br\/wp-content\/uploads\/2026\/07\/MortePRO-Nat-Reproducao.jpg?fit=906%2C752&ssl=1&resize=525%2C300 1.5x, https:\/\/i0.wp.com\/noticiasribeiraopreto.com.br\/wp-content\/uploads\/2026\/07\/MortePRO-Nat-Reproducao.jpg?fit=906%2C752&ssl=1&resize=700%2C400 2x"},"classes":[]},{"id":75941,"url":"https:\/\/noticiasribeiraopreto.com.br\/index.php\/2025\/08\/19\/caso-larissa-justica-marca-audiencia-de-instrucao\/","url_meta":{"origin":90815,"position":1},"title":"Caso Larissa: Justi\u00e7a marca audi\u00eancia de instru\u00e7\u00e3o","author":"noticiasribeiraopreto.com.br","date":"19 de August de 2025","format":false,"excerpt":"Elisabete Arraba\u00e7a e seu filho Luiz Ant\u00f4nio Garnica j\u00e1 tem data para in\u00edcio dos trabalhos que podem definir se ir\u00e3o a j\u00fari popular 19 de agosto de 2025 07:471 Compartilhar1 Por: Adalberto Luque O Tribunal de Justi\u00e7a de S\u00e3o Paulo (TJSP) marcou para o dia 9 de setembro o in\u00edcio\u2026","rel":"","context":"In &quot;Not\u00edcias de Ribeir\u00e3o Preto-SP e Regi\u00e3o&quot;","block_context":{"text":"Not\u00edcias de Ribeir\u00e3o Preto-SP e Regi\u00e3o","link":"https:\/\/noticiasribeiraopreto.com.br\/index.php\/category\/noticias-de-ribeirao-preto-sp-e-regiao-ismael-colosi\/"},"img":{"alt_text":"","src":"https:\/\/i0.wp.com\/noticiasribeiraopreto.com.br\/wp-content\/uploads\/2025\/08\/06-mai-2025-professorabotanico6.jpg?fit=759%2C771&ssl=1&resize=350%2C200","width":350,"height":200,"srcset":"https:\/\/i0.wp.com\/noticiasribeiraopreto.com.br\/wp-content\/uploads\/2025\/08\/06-mai-2025-professorabotanico6.jpg?fit=759%2C771&ssl=1&resize=350%2C200 1x, https:\/\/i0.wp.com\/noticiasribeiraopreto.com.br\/wp-content\/uploads\/2025\/08\/06-mai-2025-professorabotanico6.jpg?fit=759%2C771&ssl=1&resize=525%2C300 1.5x, https:\/\/i0.wp.com\/noticiasribeiraopreto.com.br\/wp-content\/uploads\/2025\/08\/06-mai-2025-professorabotanico6.jpg?fit=759%2C771&ssl=1&resize=700%2C400 2x"},"classes":[]},{"id":79367,"url":"https:\/\/noticiasribeiraopreto.com.br\/index.php\/2025\/10\/30\/mp-denuncia-elizabete-pela-morte-de-filha\/","url_meta":{"origin":90815,"position":2},"title":"MP denuncia Elizabete pela morte de filha","author":"noticiasribeiraopreto.com.br","date":"30 de October de 2025","format":false,"excerpt":"Por: Adalberto Luque O Minist\u00e9rio P\u00fablico de S\u00e3o Paulo (MPSP) denunciou Elizabete Eug\u00eanio Arraba\u00e7a, de 68 anos, pela morte de sua filha Nath\u00e1lia Garnica, de 42 anos, por envenenamento. A promotora apresentou den\u00fancia por crime de feminic\u00eddio, com tr\u00eas qualificadoras :emprego de veneno, meio cruel e mediante dissimula\u00e7\u00e3o e de\u2026","rel":"","context":"In &quot;Not\u00edcias de Ribeir\u00e3o Preto-SP e Regi\u00e3o&quot;","block_context":{"text":"Not\u00edcias de Ribeir\u00e3o Preto-SP e Regi\u00e3o","link":"https:\/\/noticiasribeiraopreto.com.br\/index.php\/category\/noticias-de-ribeirao-preto-sp-e-regiao-ismael-colosi\/"},"img":{"alt_text":"","src":"https:\/\/i0.wp.com\/noticiasribeiraopreto.com.br\/wp-content\/uploads\/2025\/10\/12-set-2025-betechumbinhonathalia2-1.jpg?fit=934%2C780&ssl=1&resize=350%2C200","width":350,"height":200,"srcset":"https:\/\/i0.wp.com\/noticiasribeiraopreto.com.br\/wp-content\/uploads\/2025\/10\/12-set-2025-betechumbinhonathalia2-1.jpg?fit=934%2C780&ssl=1&resize=350%2C200 1x, https:\/\/i0.wp.com\/noticiasribeiraopreto.com.br\/wp-content\/uploads\/2025\/10\/12-set-2025-betechumbinhonathalia2-1.jpg?fit=934%2C780&ssl=1&resize=525%2C300 1.5x, https:\/\/i0.wp.com\/noticiasribeiraopreto.com.br\/wp-content\/uploads\/2025\/10\/12-set-2025-betechumbinhonathalia2-1.jpg?fit=934%2C780&ssl=1&resize=700%2C400 2x"},"classes":[]},{"id":90577,"url":"https:\/\/noticiasribeiraopreto.com.br\/index.php\/2026\/08\/25\/caso-larissa-defesa-quer-julgamento-presencial-de-recurso\/","url_meta":{"origin":90815,"position":3},"title":"Caso Larissa: Defesa quer julgamento presencial de recurso","author":"noticiasribeiraopreto.com.br","date":"25 de August de 2026","format":false,"excerpt":"\r TJSP havia agendado julgamento do recurso de forma remota para 14 de setembro, mas data deve ser adiada para audi\u00eancia presencial\r \r 25 de agosto de 2026 10:22 \r Compartilhar1 | Por: Adalberto Luque | A defesa de Elizabete Arraba\u00e7a informou, nesta segunda-feira (24), que vai pedir a mudan\u00e7a\u2026","rel":"","context":"In &quot;Not\u00edcias de Ribeir\u00e3o Preto-SP e Regi\u00e3o&quot;","block_context":{"text":"Not\u00edcias de Ribeir\u00e3o Preto-SP e Regi\u00e3o","link":"https:\/\/noticiasribeiraopreto.com.br\/index.php\/category\/noticias-de-ribeirao-preto-sp-e-regiao-ismael-colosi\/"},"img":{"alt_text":"","src":"https:\/\/i0.wp.com\/noticiasribeiraopreto.com.br\/wp-content\/uploads\/2026\/08\/06-mai-2025-envenenamentoprofessora5-scaled.jpg?fit=1170%2C780&ssl=1&resize=350%2C200","width":350,"height":200,"srcset":"https:\/\/i0.wp.com\/noticiasribeiraopreto.com.br\/wp-content\/uploads\/2026\/08\/06-mai-2025-envenenamentoprofessora5-scaled.jpg?fit=1170%2C780&ssl=1&resize=350%2C200 1x, https:\/\/i0.wp.com\/noticiasribeiraopreto.com.br\/wp-content\/uploads\/2026\/08\/06-mai-2025-envenenamentoprofessora5-scaled.jpg?fit=1170%2C780&ssl=1&resize=525%2C300 1.5x, https:\/\/i0.wp.com\/noticiasribeiraopreto.com.br\/wp-content\/uploads\/2026\/08\/06-mai-2025-envenenamentoprofessora5-scaled.jpg?fit=1170%2C780&ssl=1&resize=700%2C400 2x, https:\/\/i0.wp.com\/noticiasribeiraopreto.com.br\/wp-content\/uploads\/2026\/08\/06-mai-2025-envenenamentoprofessora5-scaled.jpg?fit=1170%2C780&ssl=1&resize=1050%2C600 3x"},"classes":[]},{"id":78430,"url":"https:\/\/noticiasribeiraopreto.com.br\/index.php\/2025\/10\/10\/justica-retoma-depoimentos-do-caso-larissa\/","url_meta":{"origin":90815,"position":4},"title":"Justi\u00e7a retoma depoimentos do caso Larissa","author":"noticiasribeiraopreto.com.br","date":"10 de October de 2025","format":false,"excerpt":"Por: Adalberto Luque O juiz Jos\u00e9 Roberto Bernardi Liberal, da 2\u00aa Vara do J\u00fari e das Execu\u00e7\u00f5es Criminais de Ribeir\u00e3o Preto, retomou nesta sexta-feira, 10 de outubro, o calend\u00e1rio de audi\u00eancias de instru\u00e7\u00e3o com depoimentos de seis testemunhas de acusa\u00e7\u00e3o no caso que envolve a morte da professora de pilates\u2026","rel":"","context":"In &quot;Not\u00edcias de Ribeir\u00e3o Preto-SP e Regi\u00e3o&quot;","block_context":{"text":"Not\u00edcias de Ribeir\u00e3o Preto-SP e Regi\u00e3o","link":"https:\/\/noticiasribeiraopreto.com.br\/index.php\/category\/noticias-de-ribeirao-preto-sp-e-regiao-ismael-colosi\/"},"img":{"alt_text":"","src":"https:\/\/i0.wp.com\/noticiasribeiraopreto.com.br\/wp-content\/uploads\/2025\/10\/05-mai-2025-professorabotanico.jpg?fit=759%2C771&ssl=1&resize=350%2C200","width":350,"height":200,"srcset":"https:\/\/i0.wp.com\/noticiasribeiraopreto.com.br\/wp-content\/uploads\/2025\/10\/05-mai-2025-professorabotanico.jpg?fit=759%2C771&ssl=1&resize=350%2C200 1x, https:\/\/i0.wp.com\/noticiasribeiraopreto.com.br\/wp-content\/uploads\/2025\/10\/05-mai-2025-professorabotanico.jpg?fit=759%2C771&ssl=1&resize=525%2C300 1.5x, https:\/\/i0.wp.com\/noticiasribeiraopreto.com.br\/wp-content\/uploads\/2025\/10\/05-mai-2025-professorabotanico.jpg?fit=759%2C771&ssl=1&resize=700%2C400 2x"},"classes":[]},{"id":76986,"url":"https:\/\/noticiasribeiraopreto.com.br\/index.php\/2025\/09\/09\/caso-larissa-justica-inicia-audiencia-com-depoimento-de-18-testemunhas\/","url_meta":{"origin":90815,"position":5},"title":"Caso Larissa: Justi\u00e7a inicia audi\u00eancia com depoimento de 18 testemunhas","author":"noticiasribeiraopreto.com.br","date":"9 de September de 2025","format":false,"excerpt":"A Justi\u00e7a ouviu nesta ter\u00e7a-feira (9), em Ribeir\u00e3o Preto, 18 das 24 testemunhas convocadas para a primeira audi\u00eancia de instru\u00e7\u00e3o do caso da morte da professora de pilates Larissa Rodrigues, envenenada em mar\u00e7o deste ano. Os acusados do homic\u00eddio, o m\u00e9dico Luiz Antonio Garnica, marido da v\u00edtima, e a sogra\u2026","rel":"","context":"In &quot;Not\u00edcias de Ribeir\u00e3o Preto-SP e Regi\u00e3o&quot;","block_context":{"text":"Not\u00edcias de Ribeir\u00e3o Preto-SP e Regi\u00e3o","link":"https:\/\/noticiasribeiraopreto.com.br\/index.php\/category\/noticias-de-ribeirao-preto-sp-e-regiao-ismael-colosi\/"},"img":{"alt_text":"","src":"https:\/\/i0.wp.com\/noticiasribeiraopreto.com.br\/wp-content\/uploads\/2025\/07\/Copia-de-Copia-de-Copia-de-TAMANHO-EXATO-PARA-FOTOS-NO-SISTEMA-NOVO-2025-07-01T135245.697_2025-07-01_16-52-51.webp.webp?fit=1200%2C675&ssl=1&resize=350%2C200","width":350,"height":200,"srcset":"https:\/\/i0.wp.com\/noticiasribeiraopreto.com.br\/wp-content\/uploads\/2025\/07\/Copia-de-Copia-de-Copia-de-TAMANHO-EXATO-PARA-FOTOS-NO-SISTEMA-NOVO-2025-07-01T135245.697_2025-07-01_16-52-51.webp.webp?fit=1200%2C675&ssl=1&resize=350%2C200 1x, https:\/\/i0.wp.com\/noticiasribeiraopreto.com.br\/wp-content\/uploads\/2025\/07\/Copia-de-Copia-de-Copia-de-TAMANHO-EXATO-PARA-FOTOS-NO-SISTEMA-NOVO-2025-07-01T135245.697_2025-07-01_16-52-51.webp.webp?fit=1200%2C675&ssl=1&resize=525%2C300 1.5x, https:\/\/i0.wp.com\/noticiasribeiraopreto.com.br\/wp-content\/uploads\/2025\/07\/Copia-de-Copia-de-Copia-de-TAMANHO-EXATO-PARA-FOTOS-NO-SISTEMA-NOVO-2025-07-01T135245.697_2025-07-01_16-52-51.webp.webp?fit=1200%2C675&ssl=1&resize=700%2C400 2x, https:\/\/i0.wp.com\/noticiasribeiraopreto.com.br\/wp-content\/uploads\/2025\/07\/Copia-de-Copia-de-Copia-de-TAMANHO-EXATO-PARA-FOTOS-NO-SISTEMA-NOVO-2025-07-01T135245.697_2025-07-01_16-52-51.webp.webp?fit=1200%2C675&ssl=1&resize=1050%2C600 3x"},"classes":[]}],"jetpack_sharing_enabled":true,"jetpack_shortlink":"https:\/\/wp.me\/peQAOb-nCL","jetpack_featured_media_url":"https:\/\/i0.wp.com\/noticiasribeiraopreto.com.br\/wp-content\/uploads\/2026\/08\/MortePRO-Nat-Reproducao.jpg?fit=906%2C752&ssl=1","_links":{"self":[{"href":"https:\/\/noticiasribeiraopreto.com.br\/index.php\/wp-json\/wp\/v2\/posts\/90815","targetHints":{"allow":["GET"]}}],"collection":[{"href":"https:\/\/noticiasribeiraopreto.com.br\/index.php\/wp-json\/wp\/v2\/posts"}],"about":[{"href":"https:\/\/noticiasribeiraopreto.com.br\/index.php\/wp-json\/wp\/v2\/types\/post"}],"author":[{"embeddable":true,"href":"https:\/\/noticiasribeiraopreto.com.br\/index.php\/wp-json\/wp\/v2\/users\/1"}],"replies":[{"embeddable":true,"href":"https:\/\/noticiasribeiraopreto.com.br\/index.php\/wp-json\/wp\/v2\/comments?post=90815"}],"version-history":[{"count":0,"href":"https:\/\/noticiasribeiraopreto.com.br\/index.php\/wp-json\/wp\/v2\/posts\/90815\/revisions"}],"wp:featuredmedia":[{"embeddable":true,"href":"https:\/\/noticiasribeiraopreto.com.br\/index.php\/wp-json\/wp\/v2\/media\/90816"}],"wp:attachment":[{"href":"https:\/\/noticiasribeiraopreto.com.br\/index.php\/wp-json\/wp\/v2\/media?parent=90815"}],"wp:term":[{"taxonomy":"category","embeddable":true,"href":"https:\/\/noticiasribeiraopreto.com.br\/index.php\/wp-json\/wp\/v2\/categories?post=90815"},{"taxonomy":"post_tag","embeddable":true,"href":"https:\/\/noticiasribeiraopreto.com.br\/index.php\/wp-json\/wp\/v2\/tags?post=90815"}],"curies":[{"name":"wp","href":"https:\/\/api.w.org\/{rel}","templated":true}]}}