{"id":90817,"date":"2026-08-31T11:28:33","date_gmt":"2026-08-31T14:28:33","guid":{"rendered":"https:\/\/noticiasribeiraopreto.com.br\/index.php\/2026\/08\/31\/fil-ribeirao-preto-programacao-segunda-feira-31\/"},"modified":"2026-08-31T11:28:33","modified_gmt":"2026-08-31T14:28:33","slug":"fil-ribeirao-preto-programacao-segunda-feira-31","status":"publish","type":"post","link":"https:\/\/noticiasribeiraopreto.com.br\/index.php\/2026\/08\/31\/fil-ribeirao-preto-programacao-segunda-feira-31\/","title":{"rendered":"FIL Ribeir\u00e3o Preto tem programa\u00e7\u00e3o com literatura, m\u00fasica e debates nesta segunda (31)"},"content":{"rendered":"<div class='code-block code-block-1' style='margin: 8px 0 8px auto; text-align: right; display: block; clear: both;'>\n<p><a href=\"https:\/\/wa.link\/vpicfd\"><img data-recalc-dims=\"1\" class=\"wp-image-4922\" style=\"aspect-ratio: 2.0253164556962027; width: 561px; height: auto;\" src=\"https:\/\/i0.wp.com\/ismaelcolosi.com.br\/wp-content\/uploads\/2023\/11\/grupo-de-empregos-whatsapp-e-facebook-ismael-colosi-vagas.jpg?ssl=1\" alt=\"\" \/><\/a><\/p>\n<!-- \/wp:image -->\n<\/div>\n<p> <br \/>\n<\/p>\n<div>\n<p class=\"wp-block-paragraph\">A <strong>programa\u00e7\u00e3o da 25\u00aa FIL \u2013 Feira Internacional do Livro de Ribeir\u00e3o Preto<\/strong> continua nesta segunda-feira (31), com atividades voltadas \u00e0 literatura, \u00e0 educa\u00e7\u00e3o, \u00e0 cultura digital, \u00e0 diversidade, \u00e0 forma\u00e7\u00e3o de leitores e \u00e0s rela\u00e7\u00f5es entre arte e sociedade.<\/p>\n<p class=\"wp-block-paragraph\">Ao longo do dia, a FIL ter\u00e1 confer\u00eancia, conta\u00e7\u00f5es de hist\u00f3rias, oficinas, saraus, interven\u00e7\u00f5es art\u00edsticas, atividades ambientais, visitas mediadas, cinema, debates, a\u00e7\u00f5es voltadas ao p\u00fablico escolar em diferentes espa\u00e7os da regi\u00e3o central, show musical, entre outras atividades.<\/p>\n<p class=\"wp-block-paragraph\">Para Adriana Silva, presidente da Funda\u00e7\u00e3o do Livro e Leitura de Ribeir\u00e3o Preto e curadora da FIL, a programa\u00e7\u00e3o de segunda-feira a<strong>mplia o di\u00e1logo entre gera\u00e7\u00f5es proposto pela edi\u00e7\u00e3o.<\/strong> \u201cOs encontros mostram que as transforma\u00e7\u00f5es sociais tamb\u00e9m passam pelas formas de ler, aprender, criar e participar da vida coletiva. Ao reunir diferentes experi\u00eancias e pontos de vista, a FIL estimula o p\u00fablico a refletir sobre o presente sem perder de vista os caminhos que nos trouxeram at\u00e9 aqui\u201d, afirma.<\/p>\n<p class=\"wp-block-paragraph\">A programa\u00e7\u00e3o come\u00e7ou \u00e0s 8h, na Pra\u00e7a XV de Novembro, com a oficina \u201cLivro sensorial\u201d, do projeto<strong> Brincares Vivos<\/strong>, e a viv\u00eancia \u201cJornal do Corassol + Escrita Criativa\u201d, no Espa\u00e7o Favela. As duas atividades s\u00e3o<strong> previamente agendadas e voltadas ao p\u00fablico escolar.<\/strong><\/p>\n<p class=\"wp-block-paragraph\">Ao longo da manh\u00e3, a agenda inclui teatro educativo sobre seguran\u00e7a no tr\u00e2nsito, oficinas de reaproveitamento de materiais, palestras sobre abastecimento de \u00e1gua e sobre os 170 anos de hist\u00f3ria de Ribeir\u00e3o Preto, al\u00e9m de atividades de educa\u00e7\u00e3o financeira e cidadania.<\/p>\n<p class=\"wp-block-paragraph\">\u00c0s 9h, no <strong>Ambient de Leitura,<\/strong> na Esplanada do Theatro Pedro II, a conta\u00e7\u00e3o \u201cCordel do Brasil: verso, som e tradi\u00e7\u00e3o\u201d prop\u00f5e um percurso por diferentes regi\u00f5es do pa\u00eds, articulando literatura, identidade, ritmo e musicalidade.<\/p>\n<p class=\"wp-block-paragraph\">Tamb\u00e9m est\u00e3o previstas<strong> experi\u00eancias com realidade virtua<\/strong>l, oficinas de cria\u00e7\u00e3o po\u00e9tica, interven\u00e7\u00f5es de autocuidado, apresenta\u00e7\u00e3o de capoeira e a conta\u00e7\u00e3o teatralizada \u201cA saga da Cambaxirra\u201d, inspirada em obra de Ana Maria Machado.<\/p>\n<h2 class=\"wp-block-heading\">Encontros presenciais<\/h2>\n<p class=\"wp-block-paragraph\">A segunda-feira marca o <strong>in\u00edcio dos encontros presenciais <\/strong>do Combinando Palavras, projeto de forma\u00e7\u00e3o de leitores realizado pela Funda\u00e7\u00e3o do Livro e Leitura de Ribeir\u00e3o Preto.<\/p>\n<p class=\"wp-block-paragraph\">\u00c0s 8h30, a escritora, poeta e <em>slammer<\/em> <strong>Luiza Rom\u00e3o<\/strong> encontra estudantes da rede estadual na Sala Principal do Theatro Pedro II. No mesmo hor\u00e1rio,<strong> M\u00e1rcio Fabiano <\/strong>participa de atividade no Teatro do Sesi Ribeir\u00e3o Preto. \u00c0s 14h, <strong>Ilustralu<\/strong> se re\u00fane com alunos da Etec, tamb\u00e9m na Sala Principal do Theatro Pedro II.<\/p>\n<p class=\"wp-block-paragraph\">Realizado pela primeira vez em 2017, o <strong>Combinando Palavra<\/strong>s chega \u00e0 oitava edi\u00e7\u00e3o ap\u00f3s envolver mais de <strong>60 mil estudantes, 62 autores e mais de 300 escolas e institui\u00e7\u00f5es parceiras.<\/strong> O projeto come\u00e7a com a forma\u00e7\u00e3o de professores, segue com a leitura das obras e o desenvolvimento de atividades em sala de aula e culmina nos encontros presenciais entre estudantes e autores durante a FIL.<\/p>\n<p class=\"wp-block-paragraph\">Segundo Carolina Freitas, coordenadora do Combinando Palavras, o encontro com o autor encerra um processo constru\u00eddo ao longo de v\u00e1rios meses. \u201cO encontro com o autor \u00e9 o \u00e1pice de um percurso iniciado muito antes. O diferencial est\u00e1 no trabalho consistente realizado ao longo de meses, em parceria com professores, escolas e equipes pedag\u00f3gicas, sempre com a forma\u00e7\u00e3o de leitores como principal prop\u00f3sito\u201d, explica.<\/p>\n<p class=\"wp-block-paragraph\">Para Adriana Silva, a perman\u00eancia do projeto est\u00e1 ligada \u00e0 qualidade do trabalho realizado com as escolas e ao envolvimento de toda a comunidade escolar. \u201cO Combinando Palavras demonstra que a forma\u00e7\u00e3o de leitores exige continuidade, parceria e participa\u00e7\u00e3o. Os encontros realizados durante a FIL ganham significado porque resultam de um percurso pedag\u00f3gico que mobiliza professores, estudantes, bibliotec\u00e1rios e equipes escolares em torno das obras e de diferentes formas de cria\u00e7\u00e3o\u201d, destaca.<\/p>\n<h2 class=\"wp-block-heading\">Programa\u00e7\u00e3o da tarde<\/h2>\n<p class=\"wp-block-paragraph\">\u00c0s 13h, na Tenda Sesc Senac, o sarau \u201cFuturo ancestral\u201d, com <strong>Vin\u00edcius Preto e convidados<\/strong>, re\u00fane literatura oral, rap e m\u00fasica. Poetas, MCs e artistas de Ribeir\u00e3o Preto e regi\u00e3o participam da atividade, que tamb\u00e9m ter\u00e1 <strong>microfone aberto ao p\u00fablico.<\/strong><\/p>\n<p class=\"wp-block-paragraph\">A partir das 14h, a programa\u00e7\u00e3o inclui<strong> palestra sobre polui\u00e7\u00e3o dos rios, conta\u00e7\u00f5es de hist\u00f3rias, experi\u00eancias com realidade virtual<\/strong>, visita mediada \u00e0 Biblioteca Sinh\u00e1 Junqueira, oficina de artesanato afro e empreendedorismo e atividades de media\u00e7\u00e3o de leitura.<\/p>\n<p class=\"wp-block-paragraph\">\u00c0s 14h45, no Museu Casa da Mem\u00f3ria Italiana, o bate-papo \u201cTri\u00e2ngulo Cultural\u201d discutir\u00e1<strong> possibilidades de interc\u00e2mbio e coopera\u00e7\u00e3o entre Mococa, Casa Branca e S\u00e3o Jos\u00e9 do Rio Pardo<\/strong>, a partir da preserva\u00e7\u00e3o e da circula\u00e7\u00e3o da mem\u00f3ria e da identidade regional.<\/p>\n<p class=\"wp-block-paragraph\">\u00c0s 17h, na Tenda Sesc Senac, o bate-papo \u201cP\u00fablicos em emerg\u00eancia\u201d re\u00fane<strong> Diogo de Moraes Silva e Nilton Campos<\/strong>, com media\u00e7\u00e3o de Adriana Terra. A conversa parte da media\u00e7\u00e3o cultural e das artes para discutir como os espectadores podem ocupar uma posi\u00e7\u00e3o mais ativa nas experi\u00eancias de frui\u00e7\u00e3o.<\/p>\n<p class=\"wp-block-paragraph\">\u00c0s 18h, no Audit\u00f3rio Pedro Paulo, no Centro Cultural Palace,<strong> C\u00e9lia Felipe Silva <\/strong>participa do encontro \u201cEntre telas e gera\u00e7\u00f5es: como a revolu\u00e7\u00e3o digital est\u00e1 transformando a forma como vivemos, aprendemos e nos relacionamos\u201d. O debate abordar\u00e1 <strong>mudan\u00e7as nas formas de aprender, trabalhar, comunicar-se e estabelecer rela\u00e7\u00f5es<\/strong> em uma sociedade conectada.<\/p>\n<p class=\"wp-block-paragraph\">A agenda noturna tamb\u00e9m ter\u00e1 oficina de fotoliteratura, palestra sobre juventudes, escuta e sa\u00fade mental, al\u00e9m da sess\u00e3o \u201cGera\u00e7\u00f5es jovens que escrevem\u201d, da Editora Rocco, com <strong>Ariani Castelo e Giu Murakami.<\/strong><\/p>\n<h2 class=\"wp-block-heading\">Programa\u00e7\u00e3o noturna<\/h2>\n<p class=\"wp-block-paragraph\">\u00c0s 19h, na Tenda Sesc Senac, a cantora <strong>Ti\u00ea celebra 15 anos de carreira<\/strong> em um show intimista. O repert\u00f3rio revisita can\u00e7\u00f5es como \u201cA Noite\u201d, \u201cAmuleto\u201d e \u201cMexeu Comigo\u201d.<\/p>\n<p class=\"wp-block-paragraph\">\u00c0s 20h30, na Sala Principal do Theatro Pedro II, <strong>Rita Von Hunty<\/strong> participa da confer\u00eancia \u201cDesejos em revolu\u00e7\u00e3o: homossexualidades e mudan\u00e7as pol\u00edticas\u201d, com media\u00e7\u00e3o de Renan Quinalha.<\/p>\n<p class=\"wp-block-paragraph\">O encontro abordar\u00e1 a forma como as<strong> homossexualidades foram tratadas por regimes autorit\u00e1rios e movimentos revolucion\u00e1rios<\/strong> em diferentes contextos hist\u00f3ricos, discutindo a recorr\u00eancia da homofobia como instrumento pol\u00edtico e os processos de luta por direitos da popula\u00e7\u00e3o LGBTI+.<\/p>\n<p class=\"wp-block-paragraph\">No mesmo hor\u00e1rio, o<strong> Cineclube Cauim<\/strong> exibe o document\u00e1rio \u201cA Joia do Rec\u00f4ncavo\u201d, dedicado \u00e0s hist\u00f3rias, tradi\u00e7\u00f5es e manifesta\u00e7\u00f5es culturais do Rec\u00f4ncavo. No Ambiente de Leitura, a apresenta\u00e7\u00e3o do <strong>Choro da Casa <\/strong>celebra o chorinho e sua import\u00e2ncia na forma\u00e7\u00e3o da identidade musical brasileira.<\/p>\n<h2 class=\"wp-block-heading\">Servi\u00e7o<\/h2>\n<p class=\"wp-block-paragraph\"><strong>25\u00aa\u00a0 FIL \u2013\u00a0 Feira Internacional do Livro de Ribeir\u00e3o Preto<\/strong><\/p>\n<p class=\"wp-block-paragraph\"><strong>Per\u00edodo:<\/strong> de 29 de agosto a 5 de setembro de 2026<\/p>\n<p class=\"wp-block-paragraph\"><strong>Programa\u00e7\u00e3o deste release:<\/strong> 31 de agosto, segunda-feira, das 8h \u00e0s 20h30<\/p>\n<p class=\"wp-block-paragraph\"><strong>Locais:<\/strong> Mais de 20 locais, com destaque para <strong\/>Pra\u00e7a XV de Novembro, Esplanada e Theatro Pedro II, Biblioteca Sinh\u00e1 Junqueira, Centro Cultural Palace, Cineclube Cauim, Museu Casa da Mem\u00f3ria Italiana e Teatro do Sesi Ribeir\u00e3o Preto<\/p>\n<p class=\"wp-block-paragraph\"><strong>Entrada: gratuita<\/strong><\/p>\n<\/div>\n<p><br \/>\n<br \/><a href=\"https:\/\/thmais.com.br\/cidades\/ribeirao-preto\/fil-ribeirao-preto-programacao-segunda-feira-31\/\">Link para o texto original aqui <\/a><\/p>\n<!-- CONTENT END 1 -->\n","protected":false},"excerpt":{"rendered":"<p>A programa\u00e7\u00e3o da 25\u00aa FIL \u2013 Feira Internacional do Livro de Ribeir\u00e3o Preto continua nesta segunda-feira (31), com atividades voltadas \u00e0 literatura, \u00e0 educa\u00e7\u00e3o, \u00e0&#8230;<\/p>\n","protected":false},"author":1,"featured_media":90818,"comment_status":"","ping_status":"","sticky":false,"template":"","format":"standard","meta":{"advanced_seo_description":"","jetpack_seo_html_title":"","jetpack_seo_noindex":false,"jetpack_seo_schema_type":"","_jetpack_newsletter_access":"","_jetpack_dont_email_post_to_subs":false,"_jetpack_newsletter_tier_id":0,"_jetpack_memberships_contains_paywalled_content":false,"_jetpack_feature_clip_id":0,"_jetpack_memberships_contains_paid_content":false,"footnotes":"","jetpack_publicize_message":"","jetpack_publicize_feature_enabled":true,"jetpack_social_post_already_shared":true,"jetpack_social_options":{"image_generator_settings":{"template":"highway","default_image_id":0,"font":"","enabled":false},"version":2},"jetpack_post_was_ever_published":false},"categories":[11],"tags":[7056,8828,1339,92,207,27,70,26,839,162],"class_list":["post-90817","post","type-post","status-publish","format-standard","has-post-thumbnail","hentry","category-noticias-de-ribeirao-preto-sp-e-regiao-ismael-colosi","tag-debates","tag-fil","tag-literatura","tag-musica","tag-nesta","tag-preto","tag-programacao","tag-ribeirao","tag-segunda","tag-tem"],"jetpack_publicize_connections":[],"jetpack-related-posts":[{"id":89427,"url":"https:\/\/noticiasribeiraopreto.com.br\/index.php\/2026\/08\/05\/25a-feira-do-livro-propoe-reflexao-sobre-as-formas-de-ler-e-compartilhar-conhecimento-entre-geracoes\/","url_meta":{"origin":90817,"position":0},"title":"25\u00aa Feira do Livro prop\u00f5e reflex\u00e3o sobre as formas de ler e compartilhar conhecimento entre gera\u00e7\u00f5es","author":"noticiasribeiraopreto.com.br","date":"5 de August de 2026","format":false,"excerpt":"Das pesquisas presenciais em bibliotecas e consultas a enciclop\u00e9dias \u00e0s buscas realizadas em celulares, computadores e outras telas, as formas de acessar informa\u00e7\u00f5es, produzir conhecimento e se relacionar com a leitura passaram por mudan\u00e7as ao longo das \u00faltimas d\u00e9cadas. Essas transforma\u00e7\u00f5es orientam o tema da 25\u00aa Feira Internacional do Livro\u2026","rel":"","context":"In &quot;Not\u00edcias de Ribeir\u00e3o Preto-SP e Regi\u00e3o&quot;","block_context":{"text":"Not\u00edcias de Ribeir\u00e3o Preto-SP e Regi\u00e3o","link":"https:\/\/noticiasribeiraopreto.com.br\/index.php\/category\/noticias-de-ribeirao-preto-sp-e-regiao-ismael-colosi\/"},"img":{"alt_text":"","src":"https:\/\/i0.wp.com\/noticiasribeiraopreto.com.br\/wp-content\/uploads\/2026\/08\/a.ok_.feira_do_livro_-_terca_feira_-_foto_guilherme_sircili_5.jpg?fit=1200%2C800&ssl=1&resize=350%2C200","width":350,"height":200,"srcset":"https:\/\/i0.wp.com\/noticiasribeiraopreto.com.br\/wp-content\/uploads\/2026\/08\/a.ok_.feira_do_livro_-_terca_feira_-_foto_guilherme_sircili_5.jpg?fit=1200%2C800&ssl=1&resize=350%2C200 1x, https:\/\/i0.wp.com\/noticiasribeiraopreto.com.br\/wp-content\/uploads\/2026\/08\/a.ok_.feira_do_livro_-_terca_feira_-_foto_guilherme_sircili_5.jpg?fit=1200%2C800&ssl=1&resize=525%2C300 1.5x, https:\/\/i0.wp.com\/noticiasribeiraopreto.com.br\/wp-content\/uploads\/2026\/08\/a.ok_.feira_do_livro_-_terca_feira_-_foto_guilherme_sircili_5.jpg?fit=1200%2C800&ssl=1&resize=700%2C400 2x, https:\/\/i0.wp.com\/noticiasribeiraopreto.com.br\/wp-content\/uploads\/2026\/08\/a.ok_.feira_do_livro_-_terca_feira_-_foto_guilherme_sircili_5.jpg?fit=1200%2C800&ssl=1&resize=1050%2C600 3x"},"classes":[]},{"id":89569,"url":"https:\/\/noticiasribeiraopreto.com.br\/index.php\/2026\/08\/07\/feira-do-livro-e-lancada-em-ribeirao-preto-com-foco-nas-geracoes-literarias\/","url_meta":{"origin":90817,"position":1},"title":"Feira do Livro \u00e9 lan\u00e7ada em Ribeir\u00e3o Preto com foco nas gera\u00e7\u00f5es liter\u00e1rias","author":"noticiasribeiraopreto.com.br","date":"7 de August de 2026","format":false,"excerpt":"A Feira Internacional do Livro foi lan\u00e7ada nesta sexta-feira (07), em Ribeir\u00e3o Preto. Com o tema \u201cX, Y, Z \u2013 Alpha, Beta: Gera\u00e7\u00f5es Liter\u00e1rias\u201d, a feira acontece entre os dias 29 de agosto e 5 de setembro.A edi\u00e7\u00e3o que marca os 25 anos da FIL contar\u00e1 com mais de 350\u2026","rel":"","context":"In &quot;Not\u00edcias de Ribeir\u00e3o Preto-SP e Regi\u00e3o&quot;","block_context":{"text":"Not\u00edcias de Ribeir\u00e3o Preto-SP e Regi\u00e3o","link":"https:\/\/noticiasribeiraopreto.com.br\/index.php\/category\/noticias-de-ribeirao-preto-sp-e-regiao-ismael-colosi\/"},"img":{"alt_text":"","src":"https:\/\/i0.wp.com\/noticiasribeiraopreto.com.br\/wp-content\/uploads\/2026\/08\/Captura-de-tela-2026-08-07-135058.png?fit=1151%2C725&ssl=1&resize=350%2C200","width":350,"height":200,"srcset":"https:\/\/i0.wp.com\/noticiasribeiraopreto.com.br\/wp-content\/uploads\/2026\/08\/Captura-de-tela-2026-08-07-135058.png?fit=1151%2C725&ssl=1&resize=350%2C200 1x, https:\/\/i0.wp.com\/noticiasribeiraopreto.com.br\/wp-content\/uploads\/2026\/08\/Captura-de-tela-2026-08-07-135058.png?fit=1151%2C725&ssl=1&resize=525%2C300 1.5x, https:\/\/i0.wp.com\/noticiasribeiraopreto.com.br\/wp-content\/uploads\/2026\/08\/Captura-de-tela-2026-08-07-135058.png?fit=1151%2C725&ssl=1&resize=700%2C400 2x, https:\/\/i0.wp.com\/noticiasribeiraopreto.com.br\/wp-content\/uploads\/2026\/08\/Captura-de-tela-2026-08-07-135058.png?fit=1151%2C725&ssl=1&resize=1050%2C600 3x"},"classes":[]},{"id":89559,"url":"https:\/\/noticiasribeiraopreto.com.br\/index.php\/2026\/08\/07\/feira-do-livro-anuncia-programacao-da-25a-edicao-com-mais-de-350-atividades-gratuitas-em-ribeirao\/","url_meta":{"origin":90817,"position":2},"title":"Feira do Livro anuncia programa\u00e7\u00e3o da 25\u00aa edi\u00e7\u00e3o com mais de 350 atividades gratuitas em Ribeir\u00e3o","author":"noticiasribeiraopreto.com.br","date":"7 de August de 2026","format":false,"excerpt":"O lan\u00e7amento oficial da programa\u00e7\u00e3o da 25\u00aa edi\u00e7\u00e3o da Feira Internacional do Livro (FIL) de Ribeir\u00e3o Preto aconteceu nesta quinta-feira (7), em um hotel no Centro da cidade, e reuniu autoridades, organizadores e convidados. Neste ano, o evento ter\u00e1 mais de 350 atividades gratuitas, distribu\u00eddas em 20 espa\u00e7os culturais, entre\u2026","rel":"","context":"In &quot;Not\u00edcias de Ribeir\u00e3o Preto-SP e Regi\u00e3o&quot;","block_context":{"text":"Not\u00edcias de Ribeir\u00e3o Preto-SP e Regi\u00e3o","link":"https:\/\/noticiasribeiraopreto.com.br\/index.php\/category\/noticias-de-ribeirao-preto-sp-e-regiao-ismael-colosi\/"},"img":{"alt_text":"","src":"https:\/\/i0.wp.com\/noticiasribeiraopreto.com.br\/wp-content\/uploads\/2026\/08\/feira-do-livro.jpg?fit=1200%2C675&ssl=1&resize=350%2C200","width":350,"height":200,"srcset":"https:\/\/i0.wp.com\/noticiasribeiraopreto.com.br\/wp-content\/uploads\/2026\/08\/feira-do-livro.jpg?fit=1200%2C675&ssl=1&resize=350%2C200 1x, https:\/\/i0.wp.com\/noticiasribeiraopreto.com.br\/wp-content\/uploads\/2026\/08\/feira-do-livro.jpg?fit=1200%2C675&ssl=1&resize=525%2C300 1.5x, https:\/\/i0.wp.com\/noticiasribeiraopreto.com.br\/wp-content\/uploads\/2026\/08\/feira-do-livro.jpg?fit=1200%2C675&ssl=1&resize=700%2C400 2x, https:\/\/i0.wp.com\/noticiasribeiraopreto.com.br\/wp-content\/uploads\/2026\/08\/feira-do-livro.jpg?fit=1200%2C675&ssl=1&resize=1050%2C600 3x"},"classes":[]},{"id":89373,"url":"https:\/\/noticiasribeiraopreto.com.br\/index.php\/2026\/08\/04\/programacao-da-feira-internacional-do-livro-de-ribeirao-preto-tem-data-marcada-para-ser-apresentada-veja-quando\/","url_meta":{"origin":90817,"position":3},"title":"Programa\u00e7\u00e3o da Feira Internacional do Livro de Ribeir\u00e3o Preto tem data marcada para ser apresentada; Veja quando","author":"noticiasribeiraopreto.com.br","date":"4 de August de 2026","format":false,"excerpt":"A Funda\u00e7\u00e3o do Livro e Leitura de Ribeir\u00e3o Preto apresenta a programa\u00e7\u00e3o oficial da 25\u00aa edi\u00e7\u00e3o da FIL (Feira Internacional do Livro), que tem como tema central \u201cX, Y, Z, Alpha, Beta \u2013 Gera\u00e7\u00f5es Liter\u00e1rias\u201d. O evento acontece nesta sexta-feira (7), \u00e0s 9h, no Stream Hot\u00e9is e re\u00fane imprensa, patrocinadores,\u2026","rel":"","context":"In &quot;Not\u00edcias de Ribeir\u00e3o Preto-SP e Regi\u00e3o&quot;","block_context":{"text":"Not\u00edcias de Ribeir\u00e3o Preto-SP e Regi\u00e3o","link":"https:\/\/noticiasribeiraopreto.com.br\/index.php\/category\/noticias-de-ribeirao-preto-sp-e-regiao-ismael-colosi\/"},"img":{"alt_text":"","src":"https:\/\/i0.wp.com\/noticiasribeiraopreto.com.br\/wp-content\/uploads\/2026\/08\/Lancamento-Oficial-da-Programacao-acontece-07-de-agosto-de-2026-sexta-feira-as-9h.jpeg?fit=960%2C461&ssl=1&resize=350%2C200","width":350,"height":200,"srcset":"https:\/\/i0.wp.com\/noticiasribeiraopreto.com.br\/wp-content\/uploads\/2026\/08\/Lancamento-Oficial-da-Programacao-acontece-07-de-agosto-de-2026-sexta-feira-as-9h.jpeg?fit=960%2C461&ssl=1&resize=350%2C200 1x, https:\/\/i0.wp.com\/noticiasribeiraopreto.com.br\/wp-content\/uploads\/2026\/08\/Lancamento-Oficial-da-Programacao-acontece-07-de-agosto-de-2026-sexta-feira-as-9h.jpeg?fit=960%2C461&ssl=1&resize=525%2C300 1.5x, https:\/\/i0.wp.com\/noticiasribeiraopreto.com.br\/wp-content\/uploads\/2026\/08\/Lancamento-Oficial-da-Programacao-acontece-07-de-agosto-de-2026-sexta-feira-as-9h.jpeg?fit=960%2C461&ssl=1&resize=700%2C400 2x"},"classes":[]},{"id":56292,"url":"https:\/\/noticiasribeiraopreto.com.br\/index.php\/2024\/08\/12\/mais-de-250-mil-pessoas-passaram-pela-feira-do-livro-de-ribeirao-preto-em-2024\/","url_meta":{"origin":90817,"position":4},"title":"Mais de 250 mil pessoas passaram pela Feira do Livro de Ribeir\u00e3o Preto em 2024","author":"noticiasribeiraopreto.com.br","date":"12 de August de 2024","format":false,"excerpt":"A 23\u00aa FIL (Feira Internacional do Livro) de Ribeir\u00e3o Preto terminou no \u00faltimo domingo (11), registrando um p\u00fablico de 250 mil pessoas durante os 11 dias de realiza\u00e7\u00e3o. A abertura da feira aconteceu no dia 1\u00ba de agosto e a programa\u00e7\u00e3o di\u00e1ria, de 2 a 11 de agosto, foi oferecida\u2026","rel":"","context":"In &quot;Not\u00edcias de Ribeir\u00e3o Preto-SP e Regi\u00e3o&quot;","block_context":{"text":"Not\u00edcias de Ribeir\u00e3o Preto-SP e Regi\u00e3o","link":"https:\/\/noticiasribeiraopreto.com.br\/index.php\/category\/noticias-de-ribeirao-preto-sp-e-regiao-ismael-colosi\/"},"img":{"alt_text":"","src":"https:\/\/i0.wp.com\/noticiasribeiraopreto.com.br\/wp-content\/uploads\/2024\/08\/feira-do-livro_2024-08-12_16-48-15_jpg_2024-08-12_16-48-16-scaled.webp.webp?fit=1200%2C800&ssl=1&resize=350%2C200","width":350,"height":200,"srcset":"https:\/\/i0.wp.com\/noticiasribeiraopreto.com.br\/wp-content\/uploads\/2024\/08\/feira-do-livro_2024-08-12_16-48-15_jpg_2024-08-12_16-48-16-scaled.webp.webp?fit=1200%2C800&ssl=1&resize=350%2C200 1x, https:\/\/i0.wp.com\/noticiasribeiraopreto.com.br\/wp-content\/uploads\/2024\/08\/feira-do-livro_2024-08-12_16-48-15_jpg_2024-08-12_16-48-16-scaled.webp.webp?fit=1200%2C800&ssl=1&resize=525%2C300 1.5x, https:\/\/i0.wp.com\/noticiasribeiraopreto.com.br\/wp-content\/uploads\/2024\/08\/feira-do-livro_2024-08-12_16-48-15_jpg_2024-08-12_16-48-16-scaled.webp.webp?fit=1200%2C800&ssl=1&resize=700%2C400 2x, https:\/\/i0.wp.com\/noticiasribeiraopreto.com.br\/wp-content\/uploads\/2024\/08\/feira-do-livro_2024-08-12_16-48-15_jpg_2024-08-12_16-48-16-scaled.webp.webp?fit=1200%2C800&ssl=1&resize=1050%2C600 3x"},"classes":[]},{"id":75544,"url":"https:\/\/noticiasribeiraopreto.com.br\/index.php\/2025\/08\/11\/abertura-da-feira-do-livro-de-ribeirao-preto-conta-com-teatro-e-musica\/","url_meta":{"origin":90817,"position":5},"title":"Abertura da Feira do Livro de Ribeir\u00e3o Preto conta com teatro e m\u00fasica","author":"noticiasribeiraopreto.com.br","date":"11 de August de 2025","format":false,"excerpt":"A abertura 24\u00aa Feira Internacional do Livro de Ribeir\u00e3o Preto acontece na pr\u00f3xima sexta-feira (15), a partir das 19h30, na sala principal do Theatro Pedro II. \u00a0A noite ter\u00e1 m\u00fasica com o Coral Unaerp e um espet\u00e1culo dirigido por Gracyela Gitirana. Os convites para a abertura oficial da FIL podem\u2026","rel":"","context":"In &quot;Not\u00edcias de Ribeir\u00e3o Preto-SP e Regi\u00e3o&quot;","block_context":{"text":"Not\u00edcias de Ribeir\u00e3o Preto-SP e Regi\u00e3o","link":"https:\/\/noticiasribeiraopreto.com.br\/index.php\/category\/noticias-de-ribeirao-preto-sp-e-regiao-ismael-colosi\/"},"img":{"alt_text":"","src":"https:\/\/i0.wp.com\/noticiasribeiraopreto.com.br\/wp-content\/uploads\/2025\/08\/sesc-na-FIL_2024-08-01_14-36-39_jpeg_2024-08-01_14-36-39.webp.webp?fit=1200%2C800&ssl=1&resize=350%2C200","width":350,"height":200,"srcset":"https:\/\/i0.wp.com\/noticiasribeiraopreto.com.br\/wp-content\/uploads\/2025\/08\/sesc-na-FIL_2024-08-01_14-36-39_jpeg_2024-08-01_14-36-39.webp.webp?fit=1200%2C800&ssl=1&resize=350%2C200 1x, https:\/\/i0.wp.com\/noticiasribeiraopreto.com.br\/wp-content\/uploads\/2025\/08\/sesc-na-FIL_2024-08-01_14-36-39_jpeg_2024-08-01_14-36-39.webp.webp?fit=1200%2C800&ssl=1&resize=525%2C300 1.5x, https:\/\/i0.wp.com\/noticiasribeiraopreto.com.br\/wp-content\/uploads\/2025\/08\/sesc-na-FIL_2024-08-01_14-36-39_jpeg_2024-08-01_14-36-39.webp.webp?fit=1200%2C800&ssl=1&resize=700%2C400 2x, https:\/\/i0.wp.com\/noticiasribeiraopreto.com.br\/wp-content\/uploads\/2025\/08\/sesc-na-FIL_2024-08-01_14-36-39_jpeg_2024-08-01_14-36-39.webp.webp?fit=1200%2C800&ssl=1&resize=1050%2C600 3x"},"classes":[]}],"jetpack_sharing_enabled":true,"jetpack_shortlink":"https:\/\/wp.me\/peQAOb-nCN","jetpack_featured_media_url":"https:\/\/i0.wp.com\/noticiasribeiraopreto.com.br\/wp-content\/uploads\/2026\/08\/Feira-do-Livro_2025-2.jpg?fit=1500%2C1000&ssl=1","_links":{"self":[{"href":"https:\/\/noticiasribeiraopreto.com.br\/index.php\/wp-json\/wp\/v2\/posts\/90817","targetHints":{"allow":["GET"]}}],"collection":[{"href":"https:\/\/noticiasribeiraopreto.com.br\/index.php\/wp-json\/wp\/v2\/posts"}],"about":[{"href":"https:\/\/noticiasribeiraopreto.com.br\/index.php\/wp-json\/wp\/v2\/types\/post"}],"author":[{"embeddable":true,"href":"https:\/\/noticiasribeiraopreto.com.br\/index.php\/wp-json\/wp\/v2\/users\/1"}],"replies":[{"embeddable":true,"href":"https:\/\/noticiasribeiraopreto.com.br\/index.php\/wp-json\/wp\/v2\/comments?post=90817"}],"version-history":[{"count":0,"href":"https:\/\/noticiasribeiraopreto.com.br\/index.php\/wp-json\/wp\/v2\/posts\/90817\/revisions"}],"wp:featuredmedia":[{"embeddable":true,"href":"https:\/\/noticiasribeiraopreto.com.br\/index.php\/wp-json\/wp\/v2\/media\/90818"}],"wp:attachment":[{"href":"https:\/\/noticiasribeiraopreto.com.br\/index.php\/wp-json\/wp\/v2\/media?parent=90817"}],"wp:term":[{"taxonomy":"category","embeddable":true,"href":"https:\/\/noticiasribeiraopreto.com.br\/index.php\/wp-json\/wp\/v2\/categories?post=90817"},{"taxonomy":"post_tag","embeddable":true,"href":"https:\/\/noticiasribeiraopreto.com.br\/index.php\/wp-json\/wp\/v2\/tags?post=90817"}],"curies":[{"name":"wp","href":"https:\/\/api.w.org\/{rel}","templated":true}]}}