{"id":90819,"date":"2026-08-31T11:35:53","date_gmt":"2026-08-31T14:35:53","guid":{"rendered":"https:\/\/noticiasribeiraopreto.com.br\/index.php\/2026\/08\/31\/cantor-daniel-lamenta-morte-de-marcelo-gasparini-veja-a-repercussao\/"},"modified":"2026-08-31T11:35:53","modified_gmt":"2026-08-31T14:35:53","slug":"cantor-daniel-lamenta-morte-de-marcelo-gasparini-veja-a-repercussao","status":"publish","type":"post","link":"https:\/\/noticiasribeiraopreto.com.br\/index.php\/2026\/08\/31\/cantor-daniel-lamenta-morte-de-marcelo-gasparini-veja-a-repercussao\/","title":{"rendered":"Cantor Daniel lamenta morte de Marcelo Gasparini; veja a repercuss\u00e3o"},"content":{"rendered":"<div class='code-block code-block-1' style='margin: 8px 0 8px auto; text-align: right; display: block; clear: both;'>\n<p><a href=\"https:\/\/wa.link\/vpicfd\"><img data-recalc-dims=\"1\" class=\"wp-image-4922\" style=\"aspect-ratio: 2.0253164556962027; width: 561px; height: auto;\" src=\"https:\/\/i0.wp.com\/ismaelcolosi.com.br\/wp-content\/uploads\/2023\/11\/grupo-de-empregos-whatsapp-e-facebook-ismael-colosi-vagas.jpg?ssl=1\" alt=\"\" \/><\/a><\/p>\n<!-- \/wp:image -->\n<\/div>\n<p> <br \/>\n<\/p>\n<p>O cantor Daniel lamentou a morte de<strong> Marcelo Gasparini<\/strong>, aos 54 anos, na madrugada desta segunda-feira (31), em Ribeir\u00e3o Preto. \u201cCome\u00e7amos o dia com uma not\u00edcia triste! Confesso que me abalou\u201d, escreveu Daniel nas redes sociais.<\/p>\n<p class=\"has-cyan-bluish-gray-background-color has-background\"><em>Receba not\u00edcias do\u00a0<strong>acidade on Ribeir\u00e3o\u00a0<\/strong>no WhatsApp e fique por dentro de tudo! Basta acessar o link<a href=\"https:\/\/chat.whatsapp.com\/DfXwcjKVIddHUT3BvnQuPZ?mode=hqctshi\" target=\"_blank\" rel=\"noreferrer noopener\">\u00a0aqui<\/a>!<\/em><\/p>\n<p>O artista lembrou do Clube da Viola, grupo que Marcelo Gasparini fez parte com o irm\u00e3o Maur\u00edcio. \u201cQue saudade, desde o come\u00e7o do Clube da Viola, quando eu e meu eterno parceiro Jo\u00e3o Paulo conhecemos voc\u00eas! Meus sinceros sentimentos pra voc\u00ea, meu amigo Maur\u00edcio, e pra todos os seus!\u201d.<\/p>\n<blockquote class=\"instagram-media\" data-instgrm-captioned data-instgrm-permalink=\"https:\/\/www.instagram.com\/p\/DctA7IACC6l\/?utm_source=ig_embed&amp;utm_campaign=loading\" data-instgrm-version=\"14\">\n<div> <a href=\"https:\/\/www.instagram.com\/p\/DctA7IACC6l\/?utm_source=ig_embed&amp;utm_campaign=loading\" target=\"_blank\" rel=\"noopener\"> <\/p>\n<div>\n<div><\/div>\n<div>\n<div><\/div>\n<div><\/div>\n<\/div>\n<\/div>\n<div><\/div>\n<div><\/div>\n<div>\n<div>Ver essa foto no Instagram<\/div>\n<\/div>\n<div><\/div>\n<div>\n<div>\n<div><\/div>\n<div><\/div>\n<div><\/div>\n<\/div>\n<div>\n<div><\/div>\n<div><\/div>\n<\/div>\n<div>\n<div><\/div>\n<div><\/div>\n<div><\/div>\n<\/div>\n<\/div>\n<div>\n<div><\/div>\n<div><\/div>\n<\/div>\n<p><\/a><\/p>\n<p><a href=\"https:\/\/www.instagram.com\/p\/DctA7IACC6l\/?utm_source=ig_embed&amp;utm_campaign=loading\" target=\"_blank\" rel=\"noopener\">Um post compartilhado por Daniel (@cantordaniel)<\/a><\/p>\n<\/div>\n<\/blockquote>\n<div class=\"wp-block-rank-math-toc-block\" id=\"rank-math-toc\">\n<nav>\n<ul>\n<li class=\"\">\u2018Saudade\u2019, diz irm\u00e3o<\/li>\n<li class=\"\">Repercuss\u00e3o em Ribeir\u00e3o Preto\n<ul>\n<li class=\"\">Botafogo<\/li>\n<li class=\"\">Comercial<\/li>\n<li class=\"\">Baleia Rossi, deputado federal<\/li>\n<li class=\"\">Duarte Nogueira, ex-prefeito de Ribeir\u00e3o Preto<\/li>\n<\/ul>\n<\/li>\n<\/ul>\n<\/nav>\n<\/div>\n<p>Marcelo Gasparini foi diagnosticado com Leucemia Mieloide Aguda (LMA) no dia 17 de mar\u00e7o de 2026. Ele era irm\u00e3o do vereador Maur\u00edcio Gasparini (Uni\u00e3o) e filho do ex-prefeito Welson Gasparini, nomes conhecidos na pol\u00edtica de Ribeir\u00e3o Preto.\u00a0\u00a0<\/p>\n<p>As homenagens ao artista s\u00e3o realizadas no vel\u00f3rio da Paz, localizado na avenida das L\u00e1grimas, 245, no Jardim Zara, zona Leste do munic\u00edpio.<\/p>\n<p>O sepultamento est\u00e1 previsto para acontecer \u00e0s 15h, no Cemit\u00e9rio Bom Pastor.<\/p>\n<figure class=\"wp-block-image size-large\"><figcaption class=\"wp-element-caption\">Marcelo Gasparini morreu aos 54 anos \u2013 Foto: divulga\u00e7\u00e3o.<\/figcaption><\/figure>\n<h2 class=\"wp-block-heading\" id=\"saudade\">\u2018<strong>Saudade<\/strong>\u2018<\/h2>\n<p>Maur\u00edcio Gasparini tamb\u00e9m usou as redes sociais para se despedir do irm\u00e3o. Confira:<\/p>\n<p><em>Hoje nos despedimos do Marcelo com o cora\u00e7\u00e3o partido, mas tamb\u00e9m com a certeza de que a doen\u00e7a n\u00e3o venceu.<\/em><\/p>\n<p><em>Havia c\u00e9lulas sadias em seu corpo, havia esperan\u00e7a, luta e acima de tudo muita f\u00e9. Foram dias de coragem e uma for\u00e7a que muitas vezes parecia maior do que tudo o que estava acontecendo.<\/em><\/p>\n<p><em>No fim, seu corpo n\u00e3o suportou. N\u00e3o por falta de luta, n\u00e3o por falta de vontade de viver, mas porque chegou ao seu limite.<\/em><\/p>\n<p><em>Agora nos fica a saudade, as cantorias, lembran\u00e7as, o AMOR e tudo aquilo que ele deixou em cada pessoa que teve a felicidade de caminhar ao seu lado.<\/em><\/p>\n<p><em>Segue agora em paz ao lado do Pai, sem dor, na certeza que um dia nos encontraremos .<\/em><\/p>\n<p><em>CUIDE SE BEM, SEJA FELIZ .<\/em><\/p>\n<p><em>DIAS MELHORES VIR\u00c3O!<\/em><\/p>\n<h2 class=\"wp-block-heading\" id=\"repercussao-em-ribeirao-preto\"><strong>Repercuss\u00e3o em Ribeir\u00e3o Preto<\/strong><\/h2>\n<p>A morte de Marcelo Gasparini tamb\u00e9m repercutiu em Ribeir\u00e3o Preto. Os dois clubes de futebol da cidade, assim como pol\u00edticos, publicaram notas de solidariedade.<\/p>\n<h3 class=\"wp-block-heading\" id=\"botafogo\"><strong>Botafogo<\/strong><\/h3>\n<p><em>A diretoria do Botafogo presta as suas mais sinceras condol\u00eancias \u00e0 fam\u00edlia e aos amigos, desejando que todos encontrem for\u00e7as para superar esta triste perda.<\/em><\/p>\n<h3 class=\"wp-block-heading\" id=\"comercial\"><strong>Comercial<\/strong><\/h3>\n<p><em>\u00c9 com profundo pesar que o Comercial Futebol Clube recebe a not\u00edcia do falecimento de Marcelo Gasparini.<\/em><\/p>\n<p><em>Neste momento de imensa tristeza, o clube se solidariza com seus familiares, amigos e todos aqueles que compartilharam de sua conviv\u00eancia.<\/em><\/p>\n<p><em>Que o carinho, as boas lembran\u00e7as e o legado deixado por Marcelo sejam fonte de conforto e serenidade para todos que hoje sentem sua partida.<\/em><\/p>\n<p><em>O Comercial Futebol Clube expressa seus mais sinceros sentimentos e deseja for\u00e7a a toda a fam\u00edlia.<\/em><\/p>\n<h3 class=\"wp-block-heading\" id=\"baleia-rossi-deputado-federal\"><strong>Baleia Rossi, deputado federal<\/strong><\/h3>\n<p><em>\u00c9 com muita tristeza que recebo a not\u00edcia do falecimento do amigo Marcelo Gasparini. Sempre o admirei como cantor, advogado e, principalmente, como pessoa. Dono de uma alegria contagiante, fez a diferen\u00e7a por onde passou.<\/em><\/p>\n<p><em>Meus sentimentos ao amigo Maur\u00edcio, a toda fam\u00edlia Gasparini e aos parceiros do Clube da Viola. Que Deus conforte o cora\u00e7\u00e3o de todos neste momento de tanta tristeza.<\/em><\/p>\n<h3 class=\"wp-block-heading\" id=\"duarte-nogueira-ex-prefeito-de-ribeirao-preto\"><strong>Duarte Nogueira, ex-prefeito de Ribeir\u00e3o Preto<\/strong><\/h3>\n<p><em>Recebi com profunda tristeza a not\u00edcia do falecimento de Marcelo Gasparini.<\/em><\/p>\n<p><em>A fam\u00edlia Gasparini ocupa um lugar muito especial na hist\u00f3ria de Ribeir\u00e3o Preto e tamb\u00e9m na minha vida. A partida de Marcelo, t\u00e3o pouco tempo depois de seu pai, o querido Welson Gasparini, torna este momento ainda mais doloroso para todos que t\u00eam carinho por essa fam\u00edlia.<\/em><\/p>\n<p><em>Marcelo deixa a lembran\u00e7a de sua alegria, de sua liga\u00e7\u00e3o com a m\u00fasica e, principalmente, do afeto que construiu entre familiares e amigos.<\/em><\/p>\n<p><em>Meu abra\u00e7o muito carinhoso \u00e0 dona Aurisinha, aos irm\u00e3os Maur\u00edcio, Welson J\u00fanior e Luciana, e a todos os familiares e amigos.<\/em><\/p>\n<p><em>Que Deus receba Marcelo e d\u00ea conforto e for\u00e7a \u00e0 fam\u00edlia para enfrentar mais esta despedida.<\/em><\/p>\n<p><em>Duarte Nogueira e fam\u00edlia<\/em><\/p>\n<p class=\"has-cyan-bluish-gray-background-color has-background\"><em>Fa\u00e7a uma den\u00fancia ou sugira uma reportagem sobre\u00a0<strong>Ribeir\u00e3o Preto\u00a0<\/strong>e regi\u00e3o por meio do WhatsApp do\u00a0<strong>acidade on Ribeir\u00e3o<\/strong>: (16) 99117-7802.<\/em><\/p>\n<p>O post Cantor Daniel lamenta morte de Marcelo Gasparini; veja a repercuss\u00e3o apareceu primeiro em ACidade ON Ribeir\u00e3o Preto.<\/p>\n<p><script async src=\"\/\/www.instagram.com\/embed.js\"><\/script><br \/>\n<br \/><br \/>\n<br \/><a href=\"https:\/\/www.acidadeon.com\/ribeiraopreto\/cotidiano\/cantor-daniel-lamenta-morte-de-marcelo-gasparini-veja-a-repercussao\/\">Link para o texto original aqui <\/a><\/p>\n<!-- CONTENT END 1 -->\n","protected":false},"excerpt":{"rendered":"<p>O cantor Daniel lamentou a morte de Marcelo Gasparini, aos 54 anos, na madrugada desta segunda-feira (31), em Ribeir\u00e3o Preto. \u201cCome\u00e7amos o dia com uma&#8230;<\/p>\n","protected":false},"author":1,"featured_media":90820,"comment_status":"","ping_status":"","sticky":false,"template":"","format":"standard","meta":{"advanced_seo_description":"","jetpack_seo_html_title":"","jetpack_seo_noindex":false,"jetpack_seo_schema_type":"","_jetpack_newsletter_access":"","_jetpack_dont_email_post_to_subs":false,"_jetpack_newsletter_tier_id":0,"_jetpack_memberships_contains_paywalled_content":false,"_jetpack_feature_clip_id":0,"_jetpack_memberships_contains_paid_content":false,"footnotes":"","jetpack_publicize_message":"","jetpack_publicize_feature_enabled":true,"jetpack_social_post_already_shared":true,"jetpack_social_options":{"image_generator_settings":{"template":"highway","default_image_id":0,"font":"","enabled":false},"version":2},"jetpack_post_was_ever_published":false},"categories":[11],"tags":[53,664,4730,3824,1583,558,8829,48],"class_list":["post-90819","post","type-post","status-publish","format-standard","has-post-thumbnail","hentry","category-noticias-de-ribeirao-preto-sp-e-regiao-ismael-colosi","tag-cantor","tag-daniel","tag-gasparini","tag-lamenta","tag-marcelo","tag-morte","tag-repercussao","tag-veja"],"jetpack_publicize_connections":[],"jetpack-related-posts":[{"id":90825,"url":"https:\/\/noticiasribeiraopreto.com.br\/index.php\/2026\/08\/31\/ribeirao-preto-decreta-luto-oficial-de-tres-dias-pela-morte-de-marcelo-gasparini\/","url_meta":{"origin":90819,"position":0},"title":"Ribeir\u00e3o Preto decreta luto oficial de tr\u00eas dias pela morte de Marcelo Gasparini","author":"noticiasribeiraopreto.com.br","date":"31 de August de 2026","format":false,"excerpt":"A Prefeitura de Ribeir\u00e3o Preto decretou luto oficial de tr\u00eas dias pela morte do cantor Marcelo Gasparini, aos 54 anos. O per\u00edodo come\u00e7a nesta segunda-feira (31), conforme estabelece o Decreto n\u00ba 180, assinado pelo prefeito Ricardo Silva. Marcelo Gasparini Marcelo Gasparini integrou durante d\u00e9cadas a dupla sertaneja Maur\u00edcio e Marcelo\u2026","rel":"","context":"In &quot;Not\u00edcias de Ribeir\u00e3o Preto-SP e Regi\u00e3o&quot;","block_context":{"text":"Not\u00edcias de Ribeir\u00e3o Preto-SP e Regi\u00e3o","link":"https:\/\/noticiasribeiraopreto.com.br\/index.php\/category\/noticias-de-ribeirao-preto-sp-e-regiao-ismael-colosi\/"},"img":{"alt_text":"","src":"https:\/\/i0.wp.com\/noticiasribeiraopreto.com.br\/wp-content\/uploads\/2026\/08\/gasparini.jpg?fit=1200%2C675&ssl=1&resize=350%2C200","width":350,"height":200,"srcset":"https:\/\/i0.wp.com\/noticiasribeiraopreto.com.br\/wp-content\/uploads\/2026\/08\/gasparini.jpg?fit=1200%2C675&ssl=1&resize=350%2C200 1x, https:\/\/i0.wp.com\/noticiasribeiraopreto.com.br\/wp-content\/uploads\/2026\/08\/gasparini.jpg?fit=1200%2C675&ssl=1&resize=525%2C300 1.5x, https:\/\/i0.wp.com\/noticiasribeiraopreto.com.br\/wp-content\/uploads\/2026\/08\/gasparini.jpg?fit=1200%2C675&ssl=1&resize=700%2C400 2x, https:\/\/i0.wp.com\/noticiasribeiraopreto.com.br\/wp-content\/uploads\/2026\/08\/gasparini.jpg?fit=1200%2C675&ssl=1&resize=1050%2C600 3x"},"classes":[]},{"id":90798,"url":"https:\/\/noticiasribeiraopreto.com.br\/index.php\/2026\/08\/31\/morre-cantor-marcelo-gasparini-apos-luta-contra-o-cancer\/","url_meta":{"origin":90819,"position":1},"title":"Morre cantor Marcelo Gasparini ap\u00f3s luta contra o c\u00e2ncer","author":"noticiasribeiraopreto.com.br","date":"31 de August de 2026","format":false,"excerpt":"O cantor sertanejo Marcelo Gasparini, integrante da dupla Maur\u00edcio e Marcelo, morreu, nesta segunfa-feira (31), aos 54 anos.Marcelo lutava contra um c\u00e2ncer e havia sido diagnosticado, em fevereiro deste ano, com Leucemia Mieloide Aguda (LMA).Ao lado do irm\u00e3o g\u00eameo, Maur\u00edcio Gasparini, Marcelo construiu uma trajet\u00f3ria marcada pela m\u00fasica, pela alegria\u2026","rel":"","context":"In &quot;Not\u00edcias de Ribeir\u00e3o Preto-SP e Regi\u00e3o&quot;","block_context":{"text":"Not\u00edcias de Ribeir\u00e3o Preto-SP e Regi\u00e3o","link":"https:\/\/noticiasribeiraopreto.com.br\/index.php\/category\/noticias-de-ribeirao-preto-sp-e-regiao-ismael-colosi\/"},"img":{"alt_text":"","src":"https:\/\/i0.wp.com\/noticiasribeiraopreto.com.br\/wp-content\/uploads\/2026\/08\/WhatsApp-Image-2026-08-31-at-06.25.58-1-e1788171077509.jpeg?fit=1075%2C850&ssl=1&resize=350%2C200","width":350,"height":200,"srcset":"https:\/\/i0.wp.com\/noticiasribeiraopreto.com.br\/wp-content\/uploads\/2026\/08\/WhatsApp-Image-2026-08-31-at-06.25.58-1-e1788171077509.jpeg?fit=1075%2C850&ssl=1&resize=350%2C200 1x, https:\/\/i0.wp.com\/noticiasribeiraopreto.com.br\/wp-content\/uploads\/2026\/08\/WhatsApp-Image-2026-08-31-at-06.25.58-1-e1788171077509.jpeg?fit=1075%2C850&ssl=1&resize=525%2C300 1.5x, https:\/\/i0.wp.com\/noticiasribeiraopreto.com.br\/wp-content\/uploads\/2026\/08\/WhatsApp-Image-2026-08-31-at-06.25.58-1-e1788171077509.jpeg?fit=1075%2C850&ssl=1&resize=700%2C400 2x, https:\/\/i0.wp.com\/noticiasribeiraopreto.com.br\/wp-content\/uploads\/2026\/08\/WhatsApp-Image-2026-08-31-at-06.25.58-1-e1788171077509.jpeg?fit=1075%2C850&ssl=1&resize=1050%2C600 3x"},"classes":[]},{"id":90802,"url":"https:\/\/noticiasribeiraopreto.com.br\/index.php\/2026\/08\/31\/morre-marcelo-gasparini-da-dupla-sertaneja-mauricio-e-marcelo\/","url_meta":{"origin":90819,"position":2},"title":"Morre Marcelo Gasparini, da dupla sertaneja Maur\u00edcio e Marcelo","author":"noticiasribeiraopreto.com.br","date":"31 de August de 2026","format":false,"excerpt":"\r \r \r 31 de agosto de 2026 08:15 \r Compartilhar0 Faleceu nesta segunda-feira (31), aos 54 anos, o cantor sertanejo Marcelo Gasparini, integrante da dupla Maur\u00edcio e Marcelo.\u00a0Marcelo lutava contra um c\u00e2ncer e havia sido diagnosticado, em fevereiro deste ano, com Leucemia Miel\u00f3ide Aguda (LMA). Ao lado do irm\u00e3o\u2026","rel":"","context":"In &quot;Not\u00edcias de Ribeir\u00e3o Preto-SP e Regi\u00e3o&quot;","block_context":{"text":"Not\u00edcias de Ribeir\u00e3o Preto-SP e Regi\u00e3o","link":"https:\/\/noticiasribeiraopreto.com.br\/index.php\/category\/noticias-de-ribeirao-preto-sp-e-regiao-ismael-colosi\/"},"img":{"alt_text":"","src":"https:\/\/i0.wp.com\/noticiasribeiraopreto.com.br\/wp-content\/uploads\/2026\/08\/m-gasparini.jpeg?fit=599%2C469&ssl=1&resize=350%2C200","width":350,"height":200,"srcset":"https:\/\/i0.wp.com\/noticiasribeiraopreto.com.br\/wp-content\/uploads\/2026\/08\/m-gasparini.jpeg?fit=599%2C469&ssl=1&resize=350%2C200 1x, https:\/\/i0.wp.com\/noticiasribeiraopreto.com.br\/wp-content\/uploads\/2026\/08\/m-gasparini.jpeg?fit=599%2C469&ssl=1&resize=525%2C300 1.5x"},"classes":[]},{"id":90794,"url":"https:\/\/noticiasribeiraopreto.com.br\/index.php\/2026\/08\/31\/rascunho-automatico\/","url_meta":{"origin":90819,"position":3},"title":"Cantor sertanejo morre aos 54 anos em Ribeir\u00e3o Preto","author":"noticiasribeiraopreto.com.br","date":"31 de August de 2026","format":false,"excerpt":"Morreu na madrugada desta segunda-feira (31), aos 54 anos, o cantor sertanejo Marcelo Gasparini. O artista havia sido diagnosticado com com\u00a0leucemia mieloide aguda (LMA) no dia 17 de mar\u00e7o de 2026. O artista \u00e9 irm\u00e3o do\u00a0vereador Maur\u00edcio Gasparini (Uni\u00e3o)\u00a0e\u00a0filho do ex-prefeito Welson Gasparini, nomes conhecidos na\u00a0pol\u00edtica de Ribeir\u00e3o Preto. As\u2026","rel":"","context":"In &quot;Not\u00edcias de Ribeir\u00e3o Preto-SP e Regi\u00e3o&quot;","block_context":{"text":"Not\u00edcias de Ribeir\u00e3o Preto-SP e Regi\u00e3o","link":"https:\/\/noticiasribeiraopreto.com.br\/index.php\/category\/noticias-de-ribeirao-preto-sp-e-regiao-ismael-colosi\/"},"img":{"alt_text":"","src":"https:\/\/i0.wp.com\/noticiasribeiraopreto.com.br\/wp-content\/uploads\/2026\/08\/gasparini-morte-ribeirao.jpeg?fit=1200%2C675&ssl=1&resize=350%2C200","width":350,"height":200,"srcset":"https:\/\/i0.wp.com\/noticiasribeiraopreto.com.br\/wp-content\/uploads\/2026\/08\/gasparini-morte-ribeirao.jpeg?fit=1200%2C675&ssl=1&resize=350%2C200 1x, https:\/\/i0.wp.com\/noticiasribeiraopreto.com.br\/wp-content\/uploads\/2026\/08\/gasparini-morte-ribeirao.jpeg?fit=1200%2C675&ssl=1&resize=525%2C300 1.5x, https:\/\/i0.wp.com\/noticiasribeiraopreto.com.br\/wp-content\/uploads\/2026\/08\/gasparini-morte-ribeirao.jpeg?fit=1200%2C675&ssl=1&resize=700%2C400 2x, https:\/\/i0.wp.com\/noticiasribeiraopreto.com.br\/wp-content\/uploads\/2026\/08\/gasparini-morte-ribeirao.jpeg?fit=1200%2C675&ssl=1&resize=1050%2C600 3x"},"classes":[]},{"id":83486,"url":"https:\/\/noticiasribeiraopreto.com.br\/index.php\/2026\/03\/19\/cantor-sertanejo-de-ribeirao-preto-e-diagnosticado-com-leucemia-mieloide-aguda\/","url_meta":{"origin":90819,"position":4},"title":"Cantor sertanejo de Ribeir\u00e3o Preto \u00e9 diagnosticado com leucemia mieloide aguda","author":"noticiasribeiraopreto.com.br","date":"19 de March de 2026","format":false,"excerpt":"O cantor sertanejo Marcelo Gasparini revelou nas redes sociais que foi diagnosticado com leucemia mieloide aguda (LMA), nesta ter\u00e7a-feira (17). Ele \u00e9 irm\u00e3o do vereador Maur\u00edcio Gasparini (Uni\u00e3o) e filho do ex-prefeito Welson Gasparini, nomes conhecidos na pol\u00edtica de Ribeir\u00e3o Preto. Em v\u00eddeo publicado em suas redes sociais, o cantor\u2026","rel":"","context":"In &quot;Not\u00edcias de Ribeir\u00e3o Preto-SP e Regi\u00e3o&quot;","block_context":{"text":"Not\u00edcias de Ribeir\u00e3o Preto-SP e Regi\u00e3o","link":"https:\/\/noticiasribeiraopreto.com.br\/index.php\/category\/noticias-de-ribeirao-preto-sp-e-regiao-ismael-colosi\/"},"img":{"alt_text":"","src":"https:\/\/i0.wp.com\/noticiasribeiraopreto.com.br\/wp-content\/uploads\/2026\/03\/domingo-1_2026-03-19_14-52-09.webp.webp?fit=1200%2C675&ssl=1&resize=350%2C200","width":350,"height":200,"srcset":"https:\/\/i0.wp.com\/noticiasribeiraopreto.com.br\/wp-content\/uploads\/2026\/03\/domingo-1_2026-03-19_14-52-09.webp.webp?fit=1200%2C675&ssl=1&resize=350%2C200 1x, https:\/\/i0.wp.com\/noticiasribeiraopreto.com.br\/wp-content\/uploads\/2026\/03\/domingo-1_2026-03-19_14-52-09.webp.webp?fit=1200%2C675&ssl=1&resize=525%2C300 1.5x, https:\/\/i0.wp.com\/noticiasribeiraopreto.com.br\/wp-content\/uploads\/2026\/03\/domingo-1_2026-03-19_14-52-09.webp.webp?fit=1200%2C675&ssl=1&resize=700%2C400 2x, https:\/\/i0.wp.com\/noticiasribeiraopreto.com.br\/wp-content\/uploads\/2026\/03\/domingo-1_2026-03-19_14-52-09.webp.webp?fit=1200%2C675&ssl=1&resize=1050%2C600 3x"},"classes":[]},{"id":68620,"url":"https:\/\/noticiasribeiraopreto.com.br\/index.php\/2025\/04\/27\/pelos-palcos-da-vida-tribuna-ribeirao\/","url_meta":{"origin":90819,"position":5},"title":"Pelos palcos da vida\u00a0 &#8211; Tribuna Ribeir\u00e3o","author":"noticiasribeiraopreto.com.br","date":"27 de April de 2025","format":false,"excerpt":"Reeleito no ano passado com 3.380 votos e em seu quarto mandato parlamentar, o vereador Maur\u00edcio Gasparini (Uni\u00e3o Brasil), afirma que atualmente a pol\u00edtica ficou mais din\u00e2mica, com maior participa\u00e7\u00e3o popular e uma cobran\u00e7a mais intensa por parte da sociedade, o que ele considera extremamente positivo.\u00a0 Filho do ex-prefeito \u2013\u2026","rel":"","context":"In &quot;Not\u00edcias de Ribeir\u00e3o Preto-SP e Regi\u00e3o&quot;","block_context":{"text":"Not\u00edcias de Ribeir\u00e3o Preto-SP e Regi\u00e3o","link":"https:\/\/noticiasribeiraopreto.com.br\/index.php\/category\/noticias-de-ribeirao-preto-sp-e-regiao-ismael-colosi\/"},"img":{"alt_text":"","src":"https:\/\/i0.wp.com\/noticiasribeiraopreto.com.br\/wp-content\/uploads\/2025\/04\/1-mauricio-gasparini_alfredo_risk-4-scaled.jpg?fit=750%2C500&ssl=1&resize=350%2C200","width":350,"height":200,"srcset":"https:\/\/i0.wp.com\/noticiasribeiraopreto.com.br\/wp-content\/uploads\/2025\/04\/1-mauricio-gasparini_alfredo_risk-4-scaled.jpg?fit=750%2C500&ssl=1&resize=350%2C200 1x, https:\/\/i0.wp.com\/noticiasribeiraopreto.com.br\/wp-content\/uploads\/2025\/04\/1-mauricio-gasparini_alfredo_risk-4-scaled.jpg?fit=750%2C500&ssl=1&resize=525%2C300 1.5x, https:\/\/i0.wp.com\/noticiasribeiraopreto.com.br\/wp-content\/uploads\/2025\/04\/1-mauricio-gasparini_alfredo_risk-4-scaled.jpg?fit=750%2C500&ssl=1&resize=700%2C400 2x"},"classes":[]}],"jetpack_sharing_enabled":true,"jetpack_shortlink":"https:\/\/wp.me\/peQAOb-nCP","jetpack_featured_media_url":"https:\/\/i0.wp.com\/noticiasribeiraopreto.com.br\/wp-content\/uploads\/2026\/08\/mauricio-e-marcelo-gasparini-1.jpg?fit=1200%2C675&ssl=1","_links":{"self":[{"href":"https:\/\/noticiasribeiraopreto.com.br\/index.php\/wp-json\/wp\/v2\/posts\/90819","targetHints":{"allow":["GET"]}}],"collection":[{"href":"https:\/\/noticiasribeiraopreto.com.br\/index.php\/wp-json\/wp\/v2\/posts"}],"about":[{"href":"https:\/\/noticiasribeiraopreto.com.br\/index.php\/wp-json\/wp\/v2\/types\/post"}],"author":[{"embeddable":true,"href":"https:\/\/noticiasribeiraopreto.com.br\/index.php\/wp-json\/wp\/v2\/users\/1"}],"replies":[{"embeddable":true,"href":"https:\/\/noticiasribeiraopreto.com.br\/index.php\/wp-json\/wp\/v2\/comments?post=90819"}],"version-history":[{"count":0,"href":"https:\/\/noticiasribeiraopreto.com.br\/index.php\/wp-json\/wp\/v2\/posts\/90819\/revisions"}],"wp:featuredmedia":[{"embeddable":true,"href":"https:\/\/noticiasribeiraopreto.com.br\/index.php\/wp-json\/wp\/v2\/media\/90820"}],"wp:attachment":[{"href":"https:\/\/noticiasribeiraopreto.com.br\/index.php\/wp-json\/wp\/v2\/media?parent=90819"}],"wp:term":[{"taxonomy":"category","embeddable":true,"href":"https:\/\/noticiasribeiraopreto.com.br\/index.php\/wp-json\/wp\/v2\/categories?post=90819"},{"taxonomy":"post_tag","embeddable":true,"href":"https:\/\/noticiasribeiraopreto.com.br\/index.php\/wp-json\/wp\/v2\/tags?post=90819"}],"curies":[{"name":"wp","href":"https:\/\/api.w.org\/{rel}","templated":true}]}}