{"id":90821,"date":"2026-08-31T11:46:44","date_gmt":"2026-08-31T14:46:44","guid":{"rendered":"https:\/\/noticiasribeiraopreto.com.br\/index.php\/2026\/08\/31\/video-trem-atinge-carro-na-regiao\/"},"modified":"2026-08-31T11:46:44","modified_gmt":"2026-08-31T14:46:44","slug":"video-trem-atinge-carro-na-regiao","status":"publish","type":"post","link":"https:\/\/noticiasribeiraopreto.com.br\/index.php\/2026\/08\/31\/video-trem-atinge-carro-na-regiao\/","title":{"rendered":"V\u00cdDEO &#8211; Trem atinge carro na regi\u00e3o"},"content":{"rendered":"<div class='code-block code-block-1' style='margin: 8px 0 8px auto; text-align: right; display: block; clear: both;'>\n<p><a href=\"https:\/\/wa.link\/vpicfd\"><img data-recalc-dims=\"1\" class=\"wp-image-4922\" style=\"aspect-ratio: 2.0253164556962027; width: 561px; height: auto;\" src=\"https:\/\/i0.wp.com\/ismaelcolosi.com.br\/wp-content\/uploads\/2023\/11\/grupo-de-empregos-whatsapp-e-facebook-ismael-colosi-vagas.jpg?ssl=1\" alt=\"\" \/><\/a><\/p>\n<!-- \/wp:image -->\n<\/div>\n<p> <br \/>\n<\/p>\n<div id=\"post-475578\">&#13;<br \/>\n&#13;<\/p>\n<header class=\"entry-header penci-entry-header penci-title-center\">&#13;<\/p>\n<h2 class=\"penci-post-subtitle\">Motorista ficou ferido e precisou ser socorrido; ve\u00edculo estava com documenta\u00e7\u00e3o irregular e tentou cruzar a linha f\u00e9rrea \u00e0 frente do trem<\/h2>\n<p>&#13;<\/p>\n<p>&#13;<br \/>\n\t\t\t\t\t\t\t\t\t<span class=\"entry-meta-item penci-posted-on\"><i class=\"fa fa-clock-o\"\/><time class=\"entry-date published updated\" datetime=\"2026-08-31T11:43:45-03:00\">31 de agosto de 2026 11:43<\/time><\/span><span class=\"entry-meta-item penci-post-countview\"\/>\t\t\t\t\t\t\t\t<\/p>\n<p><!-- .entry-meta -->&#13;<br \/>\n\t\t\t\t\t\t\t\t<span class=\"penci-social-buttons penci-social-share-footer\"><span class=\"penci-social-share-text\">Compartilhar<\/span><a href=\"#\" class=\"penci-post-like penci_post-meta_item  single-like-button penci-social-item like\" data-post_id=\"475578\" title=\"Like\" data-like=\"Like\" data-unlike=\"Unlike\"><i class=\"fa fa-thumbs-o-up\"\/><span class=\"penci-share-number\">1<\/span><\/a><i class=\"fa fa-facebook\"\/><a class=\"penci-social-item twitter\" target=\"_blank\" rel=\"noopener\" title=\"\" href=\"https:\/\/twitter.com\/intent\/tweet?text=V\u00cdDEO%20-%20Trem%20atinge%20carro%20na%20regi\u00e3o%20-%20https:\/\/www.tribunaribeirao.com.br\/video-trem-atinge-carro-na-regiao\/\"><i class=\"fa fa-twitter\"\/><\/a><i class=\"fa fa-linkedin\"\/><i class=\"fa fa-whatsapp\"\/><i class=\"fa fa-telegram\"\/><i class=\"fa fa-envelope\"\/><\/span>\t\t\t\t\t\t\t<\/header>\n<p><!-- .entry-header -->&#13;<\/p>\n<div class=\"entry-media penci-entry-media\">\n<p><iframe loading=\"lazy\" title=\"Trem e carro passagem de n\u00edvel\" width=\"500\" height=\"281\" src=\"https:\/\/www.youtube.com\/embed\/ed6WQraJ2zE?feature=oembed\" frameborder=\"0\" allow=\"accelerometer; autoplay; clipboard-write; encrypted-media; gyroscope; picture-in-picture; web-share\" referrerpolicy=\"strict-origin-when-cross-origin\" allowfullscreen><\/iframe><\/p>\n<\/p><\/div>\n<div class=\"penci-entry-content entry-content\">\n<p>| Por: Adalberto Luque |<\/p>\n<p>Um homem de 53 anos ficou ferido depois que o Volkswagen Gol que dirigia foi atingido por um trem na noite deste domingo (30). O acidente ocorreu em Santa Ernestina, a 90 quil\u00f4metros de Ribeir\u00e3o Preto, na regi\u00e3o de Araraquara, em uma passagem de n\u00edvel, e foi registrado por uma c\u00e2mera de seguran\u00e7a.<\/p>\n<p>Segundo as informa\u00e7\u00f5es registradas pela Pol\u00edcia Militar, o motorista, identificado pelas iniciais A.M.O.S., seguia pela rua Vinte e Um de Mar\u00e7o quando teria avan\u00e7ado pela passagem de n\u00edvel, apesar da proximidade do trem. O carro parou sobre a linha f\u00e9rrea e o maquinista da composi\u00e7\u00e3o n\u00e3o conseguiu evitar a colis\u00e3o. Um passageiro de 52 anos, identificado como R.L.S., tamb\u00e9m estava no ve\u00edculo.<\/p>\n<figure id=\"attachment_475579\" aria-describedby=\"caption-attachment-475579\" style=\"width: 1200px\" class=\"wp-caption alignnone\"><figcaption id=\"caption-attachment-475579\" class=\"wp-caption-text\">Ve\u00edculo cruzou a passagem de n\u00edvel e acabou sendo atingido por composi\u00e7\u00e3o f\u00e9rrea (Foto: Trains Live Brasil, com informa\u00e7\u00f5es de Maujry Jr.\/Mat\u00e3o Urgente)<\/figcaption><\/figure>\n<p>O maquinista relatou aos policiais que sentiu uma forte pancada na lateral do trem e realizou os procedimentos de emerg\u00eancia ap\u00f3s a colis\u00e3o.<\/p>\n<p>O motorista do Gol sofreu um corte na cabe\u00e7a. Ele foi atendido por uma ambul\u00e2ncia do munic\u00edpio e levado ao pronto-socorro de Taquaritinga, onde recebeu atendimento m\u00e9dico e permaneceu em observa\u00e7\u00e3o.<\/p>\n<p>A documenta\u00e7\u00e3o apresentada pelo maquinista estava regular. J\u00e1 o ve\u00edculo e o motorista apresentavam irregularidades.<\/p>\n<p>O Gol n\u00e3o estava licenciado e o condutor estava com a Carteira Nacional de Habilita\u00e7\u00e3o (CNH) vencida havia mais de 30 dias. As duas irregularidades resultaram em autua\u00e7\u00f5es, e o ve\u00edculo foi apreendido. A Pol\u00edcia Civil vai apurar as responsabilidades.<\/p>\n<div style=\"background-color: #f4f4f5; border: 1px solid #d4d4d8; padding: 15px; margin: 20px 0; border-radius: 6px; font-family: sans-serif; line-height: 1.5;\">\n    <span style=\"color: #27272a;\">Inscreva-se em nosso Canal no Whatsapp e fique por dentro de tudo que acontece na regi\u00e3o. <\/span><br \/>\n    <a href=\"https:\/\/whatsapp.com\/channel\/0029VanuE2o7z4kYjo0XVS3u\" target=\"_blank\" rel=\"noopener noreferrer\" style=\"color: #16a34a; font-weight: bold; text-decoration: underline;\">Clique Aqui!<\/a>\n<\/div>\n<\/div>\n<p><!-- .entry-content -->&#13;<br \/>\n&#13;<\/p>\n<footer class=\"penci-entry-footer\">&#13;<br \/>\n\t\t\t\t\t\t\t\t<span class=\"penci-social-buttons penci-social-share-footer\"><span class=\"penci-social-share-text\">Compartilhar<\/span><a href=\"#\" class=\"penci-post-like penci_post-meta_item  single-like-button penci-social-item like\" data-post_id=\"475578\" title=\"Like\" data-like=\"Like\" data-unlike=\"Unlike\"><i class=\"fa fa-thumbs-o-up\"\/><span class=\"penci-share-number\">1<\/span><\/a><i class=\"fa fa-facebook\"\/><a class=\"penci-social-item twitter\" target=\"_blank\" rel=\"noopener\" title=\"\" href=\"https:\/\/twitter.com\/intent\/tweet?text=V\u00cdDEO%20-%20Trem%20atinge%20carro%20na%20regi\u00e3o%20-%20https:\/\/www.tribunaribeirao.com.br\/video-trem-atinge-carro-na-regiao\/\"><i class=\"fa fa-twitter\"\/><\/a><i class=\"fa fa-linkedin\"\/><i class=\"fa fa-whatsapp\"\/><i class=\"fa fa-telegram\"\/><i class=\"fa fa-envelope\"\/><\/span>\t\t\t\t\t\t\t<\/footer>\n<p><!-- .entry-footer -->&#13;\n\t\t\t\t\t\t<\/div>\n<p><script async src=\"\/\/platform.twitter.com\/widgets.js\" charset=\"utf-8\"><\/script><br \/>\n<br \/><br \/>\n<br \/><a href=\"https:\/\/www.tribunaribeirao.com.br\/video-trem-atinge-carro-na-regiao\/\">Texto original daqui <\/a><\/p>\n<!-- CONTENT END 1 -->\n","protected":false},"excerpt":{"rendered":"<p>&#13; &#13; &#13; Motorista ficou ferido e precisou ser socorrido; ve\u00edculo estava com documenta\u00e7\u00e3o irregular e tentou cruzar a linha f\u00e9rrea \u00e0 frente do trem&#8230;<\/p>\n","protected":false},"author":1,"featured_media":90822,"comment_status":"","ping_status":"","sticky":false,"template":"","format":"standard","meta":{"advanced_seo_description":"","jetpack_seo_html_title":"","jetpack_seo_noindex":false,"jetpack_seo_schema_type":"","_jetpack_newsletter_access":"","_jetpack_dont_email_post_to_subs":false,"_jetpack_newsletter_tier_id":0,"_jetpack_memberships_contains_paywalled_content":false,"_jetpack_feature_clip_id":0,"_jetpack_memberships_contains_paid_content":false,"footnotes":"","jetpack_publicize_message":"","jetpack_publicize_feature_enabled":true,"jetpack_social_post_already_shared":true,"jetpack_social_options":{"image_generator_settings":{"template":"highway","default_image_id":0,"font":"","enabled":false},"version":2},"jetpack_post_was_ever_published":false},"categories":[11],"tags":[66,295,277,901,67],"class_list":["post-90821","post","type-post","status-publish","format-standard","has-post-thumbnail","hentry","category-noticias-de-ribeirao-preto-sp-e-regiao-ismael-colosi","tag-atinge","tag-carro","tag-regiao","tag-trem","tag-video"],"jetpack_publicize_connections":[],"jetpack-related-posts":[{"id":85017,"url":"https:\/\/noticiasribeiraopreto.com.br\/index.php\/2026\/04\/20\/trem-atinge-carro-na-regiao\/","url_meta":{"origin":90821,"position":0},"title":"Trem atinge carro na regi\u00e3o","author":"noticiasribeiraopreto.com.br","date":"20 de April de 2026","format":false,"excerpt":"\r Ve\u00edculo ficou parado sobre trilhos e motorista n\u00e3o conseguiu empurrar a tempo da colis\u00e3o\r \r 20 de abril de 2026 10:43 \r Compartilhar2 | Por: Adalberto Luque | Um carro foi atingido por um trem, no final da manh\u00e3 deste domingo (19). O acidente ocorreu em uma passagem de\u2026","rel":"","context":"In &quot;Not\u00edcias de Ribeir\u00e3o Preto-SP e Regi\u00e3o&quot;","block_context":{"text":"Not\u00edcias de Ribeir\u00e3o Preto-SP e Regi\u00e3o","link":"https:\/\/noticiasribeiraopreto.com.br\/index.php\/category\/noticias-de-ribeirao-preto-sp-e-regiao-ismael-colosi\/"},"img":{"alt_text":"","src":"https:\/\/i0.wp.com\/noticiasribeiraopreto.com.br\/wp-content\/uploads\/2026\/04\/20-abr-2026-olhaotrem-scaled.jpg?fit=1200%2C687&ssl=1&resize=350%2C200","width":350,"height":200,"srcset":"https:\/\/i0.wp.com\/noticiasribeiraopreto.com.br\/wp-content\/uploads\/2026\/04\/20-abr-2026-olhaotrem-scaled.jpg?fit=1200%2C687&ssl=1&resize=350%2C200 1x, https:\/\/i0.wp.com\/noticiasribeiraopreto.com.br\/wp-content\/uploads\/2026\/04\/20-abr-2026-olhaotrem-scaled.jpg?fit=1200%2C687&ssl=1&resize=525%2C300 1.5x, https:\/\/i0.wp.com\/noticiasribeiraopreto.com.br\/wp-content\/uploads\/2026\/04\/20-abr-2026-olhaotrem-scaled.jpg?fit=1200%2C687&ssl=1&resize=700%2C400 2x, https:\/\/i0.wp.com\/noticiasribeiraopreto.com.br\/wp-content\/uploads\/2026\/04\/20-abr-2026-olhaotrem-scaled.jpg?fit=1200%2C687&ssl=1&resize=1050%2C600 3x"},"classes":[]},{"id":86258,"url":"https:\/\/noticiasribeiraopreto.com.br\/index.php\/2026\/06\/09\/video-carro-e-atingido-por-trem-na-regiao\/","url_meta":{"origin":90821,"position":1},"title":"V\u00cdDEO &#8211; Carro \u00e9 atingido por trem na regi\u00e3o","author":"noticiasribeiraopreto.com.br","date":"9 de June de 2026","format":false,"excerpt":"\r \r \r Ve\u00edculo n\u00e3o teria respeitado sinaliza\u00e7\u00e3o sonora e visual e avan\u00e7ou sobre a passagem de n\u00edvel\r \r 9 de junho de 2026 07:199 de junho de 2026 07:01 \r Compartilhar1 \r | Por: Adalberto Luque | Um motorista ficou ferido, na noite desta segunda-feira (8), ap\u00f3s colidir com\u2026","rel":"","context":"In &quot;Not\u00edcias de Ribeir\u00e3o Preto-SP e Regi\u00e3o&quot;","block_context":{"text":"Not\u00edcias de Ribeir\u00e3o Preto-SP e Regi\u00e3o","link":"https:\/\/noticiasribeiraopreto.com.br\/index.php\/category\/noticias-de-ribeirao-preto-sp-e-regiao-ismael-colosi\/"},"img":{"alt_text":"","src":"https:\/\/i0.wp.com\/noticiasribeiraopreto.com.br\/wp-content\/uploads\/2026\/06\/09-jun-2026-tremcruzamento-scaled.jpg?fit=1200%2C673&ssl=1&resize=350%2C200","width":350,"height":200,"srcset":"https:\/\/i0.wp.com\/noticiasribeiraopreto.com.br\/wp-content\/uploads\/2026\/06\/09-jun-2026-tremcruzamento-scaled.jpg?fit=1200%2C673&ssl=1&resize=350%2C200 1x, https:\/\/i0.wp.com\/noticiasribeiraopreto.com.br\/wp-content\/uploads\/2026\/06\/09-jun-2026-tremcruzamento-scaled.jpg?fit=1200%2C673&ssl=1&resize=525%2C300 1.5x, https:\/\/i0.wp.com\/noticiasribeiraopreto.com.br\/wp-content\/uploads\/2026\/06\/09-jun-2026-tremcruzamento-scaled.jpg?fit=1200%2C673&ssl=1&resize=700%2C400 2x, https:\/\/i0.wp.com\/noticiasribeiraopreto.com.br\/wp-content\/uploads\/2026\/06\/09-jun-2026-tremcruzamento-scaled.jpg?fit=1200%2C673&ssl=1&resize=1050%2C600 3x"},"classes":[]},{"id":60821,"url":"https:\/\/noticiasribeiraopreto.com.br\/index.php\/2024\/11\/26\/trem-iluminado-de-natal-vai-passar-pela-regiao-de-ribeirao-preto-veja-quando\/","url_meta":{"origin":90821,"position":2},"title":"Trem iluminado de Natal vai passar pela regi\u00e3o de Ribeir\u00e3o Preto; Veja quando","author":"noticiasribeiraopreto.com.br","date":"26 de November de 2024","format":false,"excerpt":"O trem iluminado de Natal vai passar por Guatapar\u00e1, na regi\u00e3o de Ribeir\u00e3o Preto, no pr\u00f3ximo m\u00eas de dezembro. Com a presen\u00e7a do Papai Noel, o trem iluminado, uma locomotivas C30-7, General Electric Transportation, vai percorrer mais de 1,9 mil quil\u00f4metros no Estado de S\u00e3o Paulo. No total, foram utilizados\u2026","rel":"","context":"In &quot;Not\u00edcias de Ribeir\u00e3o Preto-SP e Regi\u00e3o&quot;","block_context":{"text":"Not\u00edcias de Ribeir\u00e3o Preto-SP e Regi\u00e3o","link":"https:\/\/noticiasribeiraopreto.com.br\/index.php\/category\/noticias-de-ribeirao-preto-sp-e-regiao-ismael-colosi\/"},"img":{"alt_text":"","src":"https:\/\/i0.wp.com\/noticiasribeiraopreto.com.br\/wp-content\/uploads\/2024\/11\/rumo-natal_2024-11-26_17-43-21_jpg_2024-11-26_17-43-21.webp.webp?fit=1200%2C745&ssl=1&resize=350%2C200","width":350,"height":200,"srcset":"https:\/\/i0.wp.com\/noticiasribeiraopreto.com.br\/wp-content\/uploads\/2024\/11\/rumo-natal_2024-11-26_17-43-21_jpg_2024-11-26_17-43-21.webp.webp?fit=1200%2C745&ssl=1&resize=350%2C200 1x, https:\/\/i0.wp.com\/noticiasribeiraopreto.com.br\/wp-content\/uploads\/2024\/11\/rumo-natal_2024-11-26_17-43-21_jpg_2024-11-26_17-43-21.webp.webp?fit=1200%2C745&ssl=1&resize=525%2C300 1.5x, https:\/\/i0.wp.com\/noticiasribeiraopreto.com.br\/wp-content\/uploads\/2024\/11\/rumo-natal_2024-11-26_17-43-21_jpg_2024-11-26_17-43-21.webp.webp?fit=1200%2C745&ssl=1&resize=700%2C400 2x, https:\/\/i0.wp.com\/noticiasribeiraopreto.com.br\/wp-content\/uploads\/2024\/11\/rumo-natal_2024-11-26_17-43-21_jpg_2024-11-26_17-43-21.webp.webp?fit=1200%2C745&ssl=1&resize=1050%2C600 3x"},"classes":[]},{"id":8817,"url":"https:\/\/noticiasribeiraopreto.com.br\/index.php\/2023\/11\/30\/ribeirao-preto-tem-chegada-do-papai-noel-com-trem-iluminado-de-natal\/","url_meta":{"origin":90821,"position":3},"title":"Ribeir\u00e3o Preto tem chegada do Papai Noel com trem iluminado de Natal","author":"noticiasribeiraopreto.com.br","date":"30 de November de 2023","format":false,"excerpt":"O Papai Noel vai fazer uma visita aos moradores do Avelino Palma, na zona Norte de Ribeir\u00e3o Preto, nesta sexta-feira (1\u00ba de dezembro). O bom velhinho vai chegar no bairro com o trem iluminado de Natal da VLI \u2013 concession\u00e1ria de ferrovias. A chegada da locomotiva iluminada est\u00e1 prevista para\u2026","rel":"","context":"In &quot;Not\u00edcias de Ribeir\u00e3o Preto-SP e Regi\u00e3o&quot;","block_context":{"text":"Not\u00edcias de Ribeir\u00e3o Preto-SP e Regi\u00e3o","link":"https:\/\/noticiasribeiraopreto.com.br\/index.php\/category\/noticias-de-ribeirao-preto-sp-e-regiao-ismael-colosi\/"},"img":{"alt_text":"","src":"https:\/\/i0.wp.com\/noticiasribeiraopreto.com.br\/wp-content\/uploads\/2023\/11\/trem-de-natal.jpg?fit=1200%2C801&ssl=1&resize=350%2C200","width":350,"height":200,"srcset":"https:\/\/i0.wp.com\/noticiasribeiraopreto.com.br\/wp-content\/uploads\/2023\/11\/trem-de-natal.jpg?fit=1200%2C801&ssl=1&resize=350%2C200 1x, https:\/\/i0.wp.com\/noticiasribeiraopreto.com.br\/wp-content\/uploads\/2023\/11\/trem-de-natal.jpg?fit=1200%2C801&ssl=1&resize=525%2C300 1.5x, https:\/\/i0.wp.com\/noticiasribeiraopreto.com.br\/wp-content\/uploads\/2023\/11\/trem-de-natal.jpg?fit=1200%2C801&ssl=1&resize=700%2C400 2x, https:\/\/i0.wp.com\/noticiasribeiraopreto.com.br\/wp-content\/uploads\/2023\/11\/trem-de-natal.jpg?fit=1200%2C801&ssl=1&resize=1050%2C600 3x"},"classes":[]},{"id":4643,"url":"https:\/\/noticiasribeiraopreto.com.br\/index.php\/2023\/11\/22\/trem-republicano-tem-passeios-a-partir-de-r-35-veja-datas\/","url_meta":{"origin":90821,"position":4},"title":"Trem Republicano tem passeios a partir de R$ 35; veja datas","author":"noticiasribeiraopreto.com.br","date":"22 de November de 2023","format":false,"excerpt":"Que tal fazer um passeio de trem tur\u00edstico pertinho de S\u00e3o Paulo e bem baratinho? O Trem Republicano est\u00e1 com uma promo\u00e7\u00e3o de bilhetes com pre\u00e7os a partir de R$ 35. As ofertas valem para viagem no trem hist\u00f3rico somente na sexta-feira, 24, entre Itu e Salto, no interior paulista.\u2026","rel":"","context":"In &quot;Variedades&quot;","block_context":{"text":"Variedades","link":"https:\/\/noticiasribeiraopreto.com.br\/index.php\/category\/variedades\/"},"img":{"alt_text":"","src":"https:\/\/i0.wp.com\/noticiasribeiraopreto.com.br\/wp-content\/uploads\/2023\/11\/3b4a5758-1-scaled.jpg?fit=1200%2C638&ssl=1&resize=350%2C200","width":350,"height":200,"srcset":"https:\/\/i0.wp.com\/noticiasribeiraopreto.com.br\/wp-content\/uploads\/2023\/11\/3b4a5758-1-scaled.jpg?fit=1200%2C638&ssl=1&resize=350%2C200 1x, https:\/\/i0.wp.com\/noticiasribeiraopreto.com.br\/wp-content\/uploads\/2023\/11\/3b4a5758-1-scaled.jpg?fit=1200%2C638&ssl=1&resize=525%2C300 1.5x, https:\/\/i0.wp.com\/noticiasribeiraopreto.com.br\/wp-content\/uploads\/2023\/11\/3b4a5758-1-scaled.jpg?fit=1200%2C638&ssl=1&resize=700%2C400 2x, https:\/\/i0.wp.com\/noticiasribeiraopreto.com.br\/wp-content\/uploads\/2023\/11\/3b4a5758-1-scaled.jpg?fit=1200%2C638&ssl=1&resize=1050%2C600 3x"},"classes":[]},{"id":7120,"url":"https:\/\/noticiasribeiraopreto.com.br\/index.php\/2023\/11\/27\/trem-iluminado-de-natal-vai-passar-por-cidades-do-interior-de-sp-veja-os-locais\/","url_meta":{"origin":90821,"position":5},"title":"Trem iluminado de Natal vai passar por cidades do interior de SP; Veja os locais","author":"noticiasribeiraopreto.com.br","date":"27 de November de 2023","format":false,"excerpt":"O Trem iluminado de Natal da concession\u00e1ria Rumo vai passar por cidades do interior de S\u00e3o Paulo entre 2 e 21 de dezembro. Al\u00e9m da passagem do trem, a popula\u00e7\u00e3o poder\u00e1 participar de apresenta\u00e7\u00f5es culturais e poder\u00e3o ver o Papai Noel. O trem iluminado de Natal vai passar por 18\u2026","rel":"","context":"In &quot;Not\u00edcias de Ribeir\u00e3o Preto-SP e Regi\u00e3o&quot;","block_context":{"text":"Not\u00edcias de Ribeir\u00e3o Preto-SP e Regi\u00e3o","link":"https:\/\/noticiasribeiraopreto.com.br\/index.php\/category\/noticias-de-ribeirao-preto-sp-e-regiao-ismael-colosi\/"},"img":{"alt_text":"","src":"https:\/\/i0.wp.com\/noticiasribeiraopreto.com.br\/wp-content\/uploads\/2023\/11\/trem-iluminado-de-natal.jpg?fit=1200%2C745&ssl=1&resize=350%2C200","width":350,"height":200,"srcset":"https:\/\/i0.wp.com\/noticiasribeiraopreto.com.br\/wp-content\/uploads\/2023\/11\/trem-iluminado-de-natal.jpg?fit=1200%2C745&ssl=1&resize=350%2C200 1x, https:\/\/i0.wp.com\/noticiasribeiraopreto.com.br\/wp-content\/uploads\/2023\/11\/trem-iluminado-de-natal.jpg?fit=1200%2C745&ssl=1&resize=525%2C300 1.5x, https:\/\/i0.wp.com\/noticiasribeiraopreto.com.br\/wp-content\/uploads\/2023\/11\/trem-iluminado-de-natal.jpg?fit=1200%2C745&ssl=1&resize=700%2C400 2x, https:\/\/i0.wp.com\/noticiasribeiraopreto.com.br\/wp-content\/uploads\/2023\/11\/trem-iluminado-de-natal.jpg?fit=1200%2C745&ssl=1&resize=1050%2C600 3x"},"classes":[]}],"jetpack_sharing_enabled":true,"jetpack_shortlink":"https:\/\/wp.me\/peQAOb-nCR","jetpack_featured_media_url":"https:\/\/i0.wp.com\/noticiasribeiraopreto.com.br\/wp-content\/uploads\/2026\/08\/31-ago-2026-tremmatao-scaled.jpg?fit=1200%2C672&ssl=1","_links":{"self":[{"href":"https:\/\/noticiasribeiraopreto.com.br\/index.php\/wp-json\/wp\/v2\/posts\/90821","targetHints":{"allow":["GET"]}}],"collection":[{"href":"https:\/\/noticiasribeiraopreto.com.br\/index.php\/wp-json\/wp\/v2\/posts"}],"about":[{"href":"https:\/\/noticiasribeiraopreto.com.br\/index.php\/wp-json\/wp\/v2\/types\/post"}],"author":[{"embeddable":true,"href":"https:\/\/noticiasribeiraopreto.com.br\/index.php\/wp-json\/wp\/v2\/users\/1"}],"replies":[{"embeddable":true,"href":"https:\/\/noticiasribeiraopreto.com.br\/index.php\/wp-json\/wp\/v2\/comments?post=90821"}],"version-history":[{"count":0,"href":"https:\/\/noticiasribeiraopreto.com.br\/index.php\/wp-json\/wp\/v2\/posts\/90821\/revisions"}],"wp:featuredmedia":[{"embeddable":true,"href":"https:\/\/noticiasribeiraopreto.com.br\/index.php\/wp-json\/wp\/v2\/media\/90822"}],"wp:attachment":[{"href":"https:\/\/noticiasribeiraopreto.com.br\/index.php\/wp-json\/wp\/v2\/media?parent=90821"}],"wp:term":[{"taxonomy":"category","embeddable":true,"href":"https:\/\/noticiasribeiraopreto.com.br\/index.php\/wp-json\/wp\/v2\/categories?post=90821"},{"taxonomy":"post_tag","embeddable":true,"href":"https:\/\/noticiasribeiraopreto.com.br\/index.php\/wp-json\/wp\/v2\/tags?post=90821"}],"curies":[{"name":"wp","href":"https:\/\/api.w.org\/{rel}","templated":true}]}}