{"id":90823,"date":"2026-08-31T12:28:37","date_gmt":"2026-08-31T15:28:37","guid":{"rendered":"https:\/\/noticiasribeiraopreto.com.br\/index.php\/2026\/08\/31\/1a-lombada-eletronica-e-derrubada-em-avenida-de-ribeirao-preto\/"},"modified":"2026-08-31T12:28:37","modified_gmt":"2026-08-31T15:28:37","slug":"1a-lombada-eletronica-e-derrubada-em-avenida-de-ribeirao-preto","status":"publish","type":"post","link":"https:\/\/noticiasribeiraopreto.com.br\/index.php\/2026\/08\/31\/1a-lombada-eletronica-e-derrubada-em-avenida-de-ribeirao-preto\/","title":{"rendered":"1\u00aa lombada eletr\u00f4nica \u00e9 derrubada em avenida de Ribeir\u00e3o Preto"},"content":{"rendered":"<div class='code-block code-block-1' style='margin: 8px 0 8px auto; text-align: right; display: block; clear: both;'>\n<p><a href=\"https:\/\/wa.link\/vpicfd\"><img data-recalc-dims=\"1\" class=\"wp-image-4922\" style=\"aspect-ratio: 2.0253164556962027; width: 561px; height: auto;\" src=\"https:\/\/i0.wp.com\/ismaelcolosi.com.br\/wp-content\/uploads\/2023\/11\/grupo-de-empregos-whatsapp-e-facebook-ismael-colosi-vagas.jpg?ssl=1\" alt=\"\" \/><\/a><\/p>\n<!-- \/wp:image -->\n<\/div>\n<p> <br \/>\n<\/p>\n<blockquote class=\"instagram-media\" data-instgrm-permalink=\"https:\/\/www.instagram.com\/reel\/DctZUfku9ZN\/?utm_source=ig_embed&amp;utm_campaign=loading\" data-instgrm-version=\"14\">\n<div> <a href=\"https:\/\/www.instagram.com\/reel\/DctZUfku9ZN\/?utm_source=ig_embed&amp;utm_campaign=loading\" target=\"_blank\" rel=\"noopener\"> <\/p>\n<div>\n<div><\/div>\n<div>\n<div><\/div>\n<div><\/div>\n<\/div>\n<\/div>\n<div><\/div>\n<div><\/div>\n<div>\n<div>Ver essa foto no Instagram<\/div>\n<\/div>\n<div><\/div>\n<div>\n<div>\n<div><\/div>\n<div><\/div>\n<div><\/div>\n<\/div>\n<div>\n<div><\/div>\n<div><\/div>\n<\/div>\n<div>\n<div><\/div>\n<div><\/div>\n<div><\/div>\n<\/div>\n<\/div>\n<div>\n<div><\/div>\n<div><\/div>\n<\/div>\n<p><\/a><\/p>\n<p><a href=\"https:\/\/www.instagram.com\/reel\/DctZUfku9ZN\/?utm_source=ig_embed&amp;utm_campaign=loading\" target=\"_blank\" rel=\"noopener\">Um post compartilhado por acidade on Ribeir\u00e3o (@acidadeonribeirao)<\/a><\/p>\n<\/div>\n<\/blockquote>\n<p>Uma lombada eletr\u00f4nica foi derrubada na manh\u00e3 desta segunda-feira (31), na avenida Her\u00e1clito Fontoura Sobral Pinto, na regi\u00e3o do Guapor\u00e9, em Ribeir\u00e3o Preto \u2013 veja o v\u00eddeo acima. O equipamento, que foi instalado nas \u00faltimas semanas, ainda n\u00e3o estava em opera\u00e7\u00e3o.<\/p>\n<p class=\"has-cyan-bluish-gray-background-color has-background\"><em>Receba not\u00edcias do\u00a0<strong>acidade on Ribeir\u00e3o\u00a0<\/strong>no WhatsApp e fique por dentro de tudo! Basta acessar o link<a href=\"https:\/\/chat.whatsapp.com\/DfXwcjKVIddHUT3BvnQuPZ?mode=hqctshi\" target=\"_blank\" rel=\"noreferrer noopener\">\u00a0aqui<\/a>!<\/em><\/p>\n<p>Em nota, a RP Mobi, empresa respons\u00e1vel pelo gerenciamento do tr\u00e2nsito em Ribeir\u00e3o Preto, informou que \u201co caso em quest\u00e3o segue em apura\u00e7\u00e3o e as provid\u00eancias legais pertinentes ser\u00e3o tomadas\u201d.<\/p>\n<figure class=\"wp-block-gallery has-nested-images columns-default is-cropped wp-block-gallery-1 is-layout-flex wp-block-gallery-is-layout-flex\">\n<figure class=\"wp-block-image size-large\"><figcaption class=\"wp-element-caption\">Foto: Mariana Queiroz<\/figcaption><\/figure>\n<figure class=\"wp-block-image size-large\"><img data-recalc-dims=\"1\" loading=\"lazy\" decoding=\"async\" width=\"1024\" height=\"576\" data-id=\"173070\" src=\"https:\/\/i0.wp.com\/www.acidadeon.com\/ribeiraopreto\/wp-content\/uploads\/sites\/3\/2026\/08\/lombada-eletronica-guapore-2-1024x576.jpeg?resize=1024%2C576&#038;ssl=1\" alt=\"lombada eletronica guapore 2\" class=\"wp-image-173070\" title=\"1\u00aa lombada eletr\u00f4nica \u00e9 derrubada em avenida de Ribeir\u00e3o Preto 2\"><figcaption class=\"wp-element-caption\">Foto: Mariana Queiroz<\/figcaption><\/figure>\n<figure class=\"wp-block-image size-large\"><img data-recalc-dims=\"1\" loading=\"lazy\" decoding=\"async\" width=\"1024\" height=\"576\" data-id=\"173069\" src=\"https:\/\/i0.wp.com\/www.acidadeon.com\/ribeiraopreto\/wp-content\/uploads\/sites\/3\/2026\/08\/lombada-eletronica-guapore-3-1024x576.jpeg?resize=1024%2C576&#038;ssl=1\" alt=\"lombada\n\" class=\"wp-image-173069\" title=\"1\u00aa lombada eletr\u00f4nica \u00e9 derrubada em avenida de Ribeir\u00e3o Preto 3\"><figcaption class=\"wp-element-caption\">Foto: Mariana Queiroz<\/figcaption><\/figure>\n<figure class=\"wp-block-image size-large\"><img data-recalc-dims=\"1\" loading=\"lazy\" decoding=\"async\" width=\"1024\" height=\"576\" data-id=\"173071\" src=\"https:\/\/i0.wp.com\/www.acidadeon.com\/ribeiraopreto\/wp-content\/uploads\/sites\/3\/2026\/08\/lombada-eletronica-guapore-4-1024x576.jpeg?resize=1024%2C576&#038;ssl=1\" alt=\"lombada eletronica guapore 4\" class=\"wp-image-173071\" title=\"1\u00aa lombada eletr\u00f4nica \u00e9 derrubada em avenida de Ribeir\u00e3o Preto 4\"><figcaption class=\"wp-element-caption\">Foto: Mariana Queiroz<\/figcaption><\/figure>\n<figure class=\"wp-block-image size-large\"><img data-recalc-dims=\"1\" loading=\"lazy\" decoding=\"async\" width=\"1024\" height=\"576\" data-id=\"173072\" src=\"https:\/\/i0.wp.com\/www.acidadeon.com\/ribeiraopreto\/wp-content\/uploads\/sites\/3\/2026\/08\/lombada-eletronica-guapore-5-1024x576.jpeg?resize=1024%2C576&#038;ssl=1\" alt=\"lombada eletronica guapore 5\" class=\"wp-image-173072\" title=\"1\u00aa lombada eletr\u00f4nica \u00e9 derrubada em avenida de Ribeir\u00e3o Preto 5\"><figcaption class=\"wp-element-caption\">Foto: Mariana Queiroz<\/figcaption><\/figure>\n<\/figure>\n<h2 class=\"wp-block-heading\"><strong>Tr\u00e2nsito de Ribeir\u00e3o Preto ter\u00e1 27 novos radares<\/strong><\/h2>\n<p>O\u00a0<strong>tr\u00e2nsito de Ribeir\u00e3o Preto ter\u00e1 27\u00a0<\/strong>novos equipamentos de fiscaliza\u00e7\u00e3o eletr\u00f4nica. O Cons\u00f3rcio RP Vias Inteligentes iniciou a implanta\u00e7\u00e3o do\u00a0<strong>primeiro lote de aparelhos<\/strong>, que ser\u00e3o distribu\u00eddos em\u00a0<strong>29 pontos de monitoramento<\/strong>, com cobertura de\u00a0<strong>69 faixas de tr\u00e1fego.<\/strong><\/p>\n<p>A nova estrutura contar\u00e1 com<strong>\u00a018 radares fixos<\/strong>,<strong>\u00a0cinco radares h\u00edbridos<\/strong>\u00a0e\u00a0<strong>quatro lombadas eletr\u00f4nicas<\/strong>. Os equipamentos v\u00e3o fiscalizar<strong>\u00a0excesso de velocidade<\/strong>,\u00a0<strong>avan\u00e7o de sinal vermelho<\/strong>\u00a0e<strong>\u00a0refor\u00e7ar a seguran\u00e7a em pontos considerados de maior aten\u00e7\u00e3o.<\/strong><\/p>\n<figure class=\"wp-block-image\"><img data-recalc-dims=\"1\" loading=\"lazy\" decoding=\"async\" width=\"1024\" height=\"682\" src=\"https:\/\/i0.wp.com\/www.acidadeon.com\/ribeiraopreto\/wp-content\/uploads\/sites\/3\/2026\/08\/WhatsApp-Image-2026-08-05-at-17.18.33-1-1024x682.jpeg?resize=1024%2C682&#038;ssl=1\" alt=\"radar\n\" class=\"wp-image-169403\" title=\"Tr\u00e2nsito de Ribeir\u00e3o Preto ter\u00e1 27 novos radares; veja onde 1\"><figcaption class=\"wp-element-caption\">Foto: Fernando Gonzaga<\/figcaption><\/figure>\n<p>Segundo a Prefeitura, Ribeir\u00e3o Preto deixou de utilizar radares m\u00f3veis para fiscaliza\u00e7\u00e3o de velocidade e passou a adotar um modelo com equipamentos fixos, vis\u00edveis e sinalizados. A defini\u00e7\u00e3o dos locais aconteceu ap\u00f3s estudos t\u00e9cnicos que consideraram fluxo de ve\u00edculos, hist\u00f3rico de acidentes, caracter\u00edsticas das vias e circula\u00e7\u00e3o de pedestres.<\/p>\n<p>A instala\u00e7\u00e3o ser\u00e1 realizada de forma gradual, com previs\u00e3o de conclus\u00e3o das etapas f\u00edsicas e ajustes at\u00e9 18 de setembro. O in\u00edcio da opera\u00e7\u00e3o depende da aferi\u00e7\u00e3o dos equipamentos pelo Ipem-SP, \u00f3rg\u00e3o delegado do Inmetro, emiss\u00e3o dos laudos t\u00e9cnicos e confer\u00eancia da sinaliza\u00e7\u00e3o.<\/p>\n<figure class=\"wp-block-image\"><img data-recalc-dims=\"1\" loading=\"lazy\" decoding=\"async\" width=\"1024\" height=\"682\" src=\"https:\/\/i0.wp.com\/www.acidadeon.com\/ribeiraopreto\/wp-content\/uploads\/sites\/3\/2026\/08\/WhatsApp-Image-2026-08-05-at-17.18.33-1024x682.jpeg?resize=1024%2C682&#038;ssl=1\" alt=\"WhatsApp Image 2026 08 05 at 17.18.33\" class=\"wp-image-169404\" title=\"Tr\u00e2nsito de Ribeir\u00e3o Preto ter\u00e1 27 novos radares; veja onde 2\"><figcaption class=\"wp-element-caption\">Foto: Fernando Gonzaga<\/figcaption><\/figure>\n<h2 class=\"wp-block-heading\">Onde ser\u00e3o instalados os novos radares?<\/h2>\n<p>Os equipamentos ser\u00e3o implantados em trechos de 17 vias e cruzamentos de Ribeir\u00e3o Preto, incluindo:<\/p>\n<ul class=\"wp-block-list\">\n<li>Avenida Eduardo Andrea Matarazzo<\/li>\n<li>Avenida Marechal Costa e Silva<\/li>\n<li>Avenida Thomaz Alberto Whately<\/li>\n<li>Avenida Maur\u00edlio Biagi<\/li>\n<li>Avenida Le\u00e3o XIII<\/li>\n<li>Avenida Cost\u00e1bile Romano<\/li>\n<li>Avenida Dr. Francisco Junqueira<\/li>\n<li>Avenida F\u00e1bio Barreto<\/li>\n<li>Avenida Deputado S\u00e9rgio Cardoso de Almeida<\/li>\n<li>Avenida Luiz Galv\u00e3o Cezar<\/li>\n<li>Avenida Luiz Eduardo Toledo Prado<\/li>\n<\/ul>\n<p>A Prefeitura informou que a medida faz parte de um novo plano de seguran\u00e7a vi\u00e1ria. O munic\u00edpio registrou 46 mortes no tr\u00e2nsito no primeiro semestre de 2026, sendo 27 motociclistas.<\/p>\n<figure class=\"wp-block-image\"><img data-recalc-dims=\"1\" loading=\"lazy\" decoding=\"async\" width=\"473\" height=\"1024\" src=\"https:\/\/i0.wp.com\/www.acidadeon.com\/ribeiraopreto\/wp-content\/uploads\/sites\/3\/2026\/05\/radar-fixo-ribeirao-preto-1.webp?resize=473%2C1024&#038;ssl=1\" alt=\"radar fixo ribeirao preto 1\" class=\"wp-image-156483\" title=\"Tr\u00e2nsito de Ribeir\u00e3o Preto ter\u00e1 27 novos radares; veja onde 3\"><\/figure>\n<figure class=\"wp-block-image\"><img data-recalc-dims=\"1\" loading=\"lazy\" decoding=\"async\" width=\"623\" height=\"1024\" src=\"https:\/\/i0.wp.com\/www.acidadeon.com\/ribeiraopreto\/wp-content\/uploads\/sites\/3\/2026\/05\/radar-fixo-ribeirao-preto-3.webp?resize=623%2C1024&#038;ssl=1\" alt=\"radar fixo ribeirao preto 3\" class=\"wp-image-156481\" title=\"Tr\u00e2nsito de Ribeir\u00e3o Preto ter\u00e1 27 novos radares; veja onde 4\"><\/figure>\n<p><strong><br \/><\/strong><\/p>\n<p>O post 1\u00aa lombada eletr\u00f4nica \u00e9 derrubada em avenida de Ribeir\u00e3o Preto apareceu primeiro em ACidade ON Ribeir\u00e3o Preto.<\/p>\n<p><script async src=\"\/\/www.instagram.com\/embed.js\"><\/script><br \/>\n<br \/><br \/>\n<br \/><a href=\"https:\/\/www.acidadeon.com\/ribeiraopreto\/cotidiano\/1a-lombada-eletronica-e-derrubada-em-avenida-de-ribeirao-preto\/\">Link para o texto original aqui <\/a><\/p>\n<!-- CONTENT END 1 -->\n","protected":false},"excerpt":{"rendered":"<p>Ver essa foto no Instagram Um post compartilhado por acidade on Ribeir\u00e3o (@acidadeonribeirao) Uma lombada eletr\u00f4nica foi derrubada na manh\u00e3 desta segunda-feira (31), na avenida&#8230;<\/p>\n","protected":false},"author":1,"featured_media":90824,"comment_status":"","ping_status":"","sticky":false,"template":"","format":"standard","meta":{"advanced_seo_description":"","jetpack_seo_html_title":"","jetpack_seo_noindex":false,"jetpack_seo_schema_type":"","_jetpack_newsletter_access":"","_jetpack_dont_email_post_to_subs":false,"_jetpack_newsletter_tier_id":0,"_jetpack_memberships_contains_paywalled_content":false,"_jetpack_feature_clip_id":0,"_jetpack_memberships_contains_paid_content":false,"footnotes":"","jetpack_publicize_message":"","jetpack_publicize_feature_enabled":true,"jetpack_social_post_already_shared":true,"jetpack_social_options":{"image_generator_settings":{"template":"highway","default_image_id":0,"font":"","enabled":false},"version":2},"jetpack_post_was_ever_published":false},"categories":[11],"tags":[4366,849,1655,562,8830,27,26],"class_list":["post-90823","post","type-post","status-publish","format-standard","has-post-thumbnail","hentry","category-noticias-de-ribeirao-preto-sp-e-regiao-ismael-colosi","tag-1a","tag-avenida","tag-derrubada","tag-eletronica","tag-lombada","tag-preto","tag-ribeirao"],"jetpack_publicize_connections":[],"jetpack-related-posts":[{"id":89478,"url":"https:\/\/noticiasribeiraopreto.com.br\/index.php\/2026\/08\/06\/ribeirao-preto-implanta-27-radares-fixos\/","url_meta":{"origin":90823,"position":0},"title":"Ribeir\u00e3o Preto implanta 27 radares fixos","author":"noticiasribeiraopreto.com.br","date":"6 de August de 2026","format":false,"excerpt":"Primeira fase ter\u00e1 27 aparelhos, entre radares fixos, h\u00edbridos e lombadas eletr\u00f4nicas, com fiscaliza\u00e7\u00e3o de velocidade, avan\u00e7o de sinal vermelho e refor\u00e7o da seguran\u00e7a em pontos de maior aten\u00e7\u00e3o O Cons\u00f3rcio RP Vias Inteligentes iniciou a implanta\u00e7\u00e3o do primeiro lote de radares em Ribeir\u00e3o Preto. Nesta etapa, ser\u00e3o instalados 27\u2026","rel":"","context":"In &quot;Not\u00edcias de Ribeir\u00e3o Preto-SP e Regi\u00e3o&quot;","block_context":{"text":"Not\u00edcias de Ribeir\u00e3o Preto-SP e Regi\u00e3o","link":"https:\/\/noticiasribeiraopreto.com.br\/index.php\/category\/noticias-de-ribeirao-preto-sp-e-regiao-ismael-colosi\/"},"img":{"alt_text":"","src":"https:\/\/i0.wp.com\/noticiasribeiraopreto.com.br\/wp-content\/uploads\/2026\/08\/RadarRP-Detalhe-Fernando-Gonzaga-scaled.jpg?fit=1170%2C780&ssl=1&resize=350%2C200","width":350,"height":200,"srcset":"https:\/\/i0.wp.com\/noticiasribeiraopreto.com.br\/wp-content\/uploads\/2026\/08\/RadarRP-Detalhe-Fernando-Gonzaga-scaled.jpg?fit=1170%2C780&ssl=1&resize=350%2C200 1x, https:\/\/i0.wp.com\/noticiasribeiraopreto.com.br\/wp-content\/uploads\/2026\/08\/RadarRP-Detalhe-Fernando-Gonzaga-scaled.jpg?fit=1170%2C780&ssl=1&resize=525%2C300 1.5x, https:\/\/i0.wp.com\/noticiasribeiraopreto.com.br\/wp-content\/uploads\/2026\/08\/RadarRP-Detalhe-Fernando-Gonzaga-scaled.jpg?fit=1170%2C780&ssl=1&resize=700%2C400 2x, https:\/\/i0.wp.com\/noticiasribeiraopreto.com.br\/wp-content\/uploads\/2026\/08\/RadarRP-Detalhe-Fernando-Gonzaga-scaled.jpg?fit=1170%2C780&ssl=1&resize=1050%2C600 3x"},"classes":[]},{"id":89470,"url":"https:\/\/noticiasribeiraopreto.com.br\/index.php\/2026\/08\/06\/ribeirao-preto-inicia-implantacao-de-novos-radares-serao-27-na-primeira-fase\/","url_meta":{"origin":90823,"position":1},"title":"Ribeir\u00e3o Preto inicia implanta\u00e7\u00e3o de novos radares; Ser\u00e3o 27 na primeira fase","author":"noticiasribeiraopreto.com.br","date":"6 de August de 2026","format":false,"excerpt":"O Cons\u00f3rcio RP Vias Inteligentes iniciou a implanta\u00e7\u00e3o do primeiro lote de equipamentos fixos de fiscaliza\u00e7\u00e3o eletr\u00f4nica de tr\u00e2nsito em Ribeir\u00e3o Preto. Ao todo, ser\u00e3o instalados 27 aparelhos, distribu\u00eddos em 29 posi\u00e7\u00f5es de monitoramento, com cobertura de 69 faixas de tr\u00e1fego em importantes corredores vi\u00e1rios da cidade. A iniciativa integra\u2026","rel":"","context":"In &quot;Not\u00edcias de Ribeir\u00e3o Preto-SP e Regi\u00e3o&quot;","block_context":{"text":"Not\u00edcias de Ribeir\u00e3o Preto-SP e Regi\u00e3o","link":"https:\/\/noticiasribeiraopreto.com.br\/index.php\/category\/noticias-de-ribeirao-preto-sp-e-regiao-ismael-colosi\/"},"img":{"alt_text":"","src":"https:\/\/i0.wp.com\/noticiasribeiraopreto.com.br\/wp-content\/uploads\/2026\/08\/radar_fixo_-_foto_fernando_gonzaga_01.jpg?fit=1200%2C800&ssl=1&resize=350%2C200","width":350,"height":200,"srcset":"https:\/\/i0.wp.com\/noticiasribeiraopreto.com.br\/wp-content\/uploads\/2026\/08\/radar_fixo_-_foto_fernando_gonzaga_01.jpg?fit=1200%2C800&ssl=1&resize=350%2C200 1x, https:\/\/i0.wp.com\/noticiasribeiraopreto.com.br\/wp-content\/uploads\/2026\/08\/radar_fixo_-_foto_fernando_gonzaga_01.jpg?fit=1200%2C800&ssl=1&resize=525%2C300 1.5x, https:\/\/i0.wp.com\/noticiasribeiraopreto.com.br\/wp-content\/uploads\/2026\/08\/radar_fixo_-_foto_fernando_gonzaga_01.jpg?fit=1200%2C800&ssl=1&resize=700%2C400 2x, https:\/\/i0.wp.com\/noticiasribeiraopreto.com.br\/wp-content\/uploads\/2026\/08\/radar_fixo_-_foto_fernando_gonzaga_01.jpg?fit=1200%2C800&ssl=1&resize=1050%2C600 3x"},"classes":[]},{"id":89463,"url":"https:\/\/noticiasribeiraopreto.com.br\/index.php\/2026\/08\/05\/transito-de-ribeirao-preto-tera-27-novos-radares-veja-onde\/","url_meta":{"origin":90823,"position":2},"title":"Tr\u00e2nsito de Ribeir\u00e3o Preto ter\u00e1 27 novos radares; veja onde","author":"noticiasribeiraopreto.com.br","date":"5 de August de 2026","format":false,"excerpt":"O tr\u00e2nsito de Ribeir\u00e3o Preto ter\u00e1 27 novos equipamentos de fiscaliza\u00e7\u00e3o eletr\u00f4nica. O Cons\u00f3rcio RP Vias Inteligentes iniciou a implanta\u00e7\u00e3o do primeiro lote de aparelhos, que ser\u00e3o distribu\u00eddos em 29 pontos de monitoramento, com cobertura de 69 faixas de tr\u00e1fego. A nova estrutura contar\u00e1 com 18 radares fixos, cinco radares\u2026","rel":"","context":"In &quot;Not\u00edcias de Ribeir\u00e3o Preto-SP e Regi\u00e3o&quot;","block_context":{"text":"Not\u00edcias de Ribeir\u00e3o Preto-SP e Regi\u00e3o","link":"https:\/\/noticiasribeiraopreto.com.br\/index.php\/category\/noticias-de-ribeirao-preto-sp-e-regiao-ismael-colosi\/"},"img":{"alt_text":"","src":"https:\/\/i0.wp.com\/noticiasribeiraopreto.com.br\/wp-content\/uploads\/2026\/08\/WhatsApp-Image-2026-08-05-at-17.18.34.jpeg?fit=1200%2C800&ssl=1&resize=350%2C200","width":350,"height":200,"srcset":"https:\/\/i0.wp.com\/noticiasribeiraopreto.com.br\/wp-content\/uploads\/2026\/08\/WhatsApp-Image-2026-08-05-at-17.18.34.jpeg?fit=1200%2C800&ssl=1&resize=350%2C200 1x, https:\/\/i0.wp.com\/noticiasribeiraopreto.com.br\/wp-content\/uploads\/2026\/08\/WhatsApp-Image-2026-08-05-at-17.18.34.jpeg?fit=1200%2C800&ssl=1&resize=525%2C300 1.5x, https:\/\/i0.wp.com\/noticiasribeiraopreto.com.br\/wp-content\/uploads\/2026\/08\/WhatsApp-Image-2026-08-05-at-17.18.34.jpeg?fit=1200%2C800&ssl=1&resize=700%2C400 2x, https:\/\/i0.wp.com\/noticiasribeiraopreto.com.br\/wp-content\/uploads\/2026\/08\/WhatsApp-Image-2026-08-05-at-17.18.34.jpeg?fit=1200%2C800&ssl=1&resize=1050%2C600 3x"},"classes":[]},{"id":60495,"url":"https:\/\/noticiasribeiraopreto.com.br\/index.php\/2024\/11\/15\/adolescente-perde-controle-de-carro-roubado-durante-fuga-e-bate-em-poste-video\/","url_meta":{"origin":90823,"position":3},"title":"Adolescente perde controle de carro roubado durante fuga e bate em poste; V\u00eddeo","author":"noticiasribeiraopreto.com.br","date":"15 de November de 2024","format":false,"excerpt":"Uma c\u00e2mera de seguran\u00e7a filmou o momento em que um adolescente de 16 anos bateu o carro que dirigia em um poste na avenida William Azzuz, em Franca, cidade a 88 quil\u00f4metros de Ribeir\u00e3o Preto. O adolescente fugia da Pol\u00edcia Militar em um carro roubado, no fim da noite de\u2026","rel":"","context":"In &quot;Not\u00edcias de Ribeir\u00e3o Preto-SP e Regi\u00e3o&quot;","block_context":{"text":"Not\u00edcias de Ribeir\u00e3o Preto-SP e Regi\u00e3o","link":"https:\/\/noticiasribeiraopreto.com.br\/index.php\/category\/noticias-de-ribeirao-preto-sp-e-regiao-ismael-colosi\/"},"img":{"alt_text":"","src":"https:\/\/i0.wp.com\/noticiasribeiraopreto.com.br\/wp-content\/uploads\/2024\/11\/perseguicao_2024-11-15_15-31-10_jpg_2024-11-15_15-31-10.webp.webp?fit=941%2C631&ssl=1&resize=350%2C200","width":350,"height":200,"srcset":"https:\/\/i0.wp.com\/noticiasribeiraopreto.com.br\/wp-content\/uploads\/2024\/11\/perseguicao_2024-11-15_15-31-10_jpg_2024-11-15_15-31-10.webp.webp?fit=941%2C631&ssl=1&resize=350%2C200 1x, https:\/\/i0.wp.com\/noticiasribeiraopreto.com.br\/wp-content\/uploads\/2024\/11\/perseguicao_2024-11-15_15-31-10_jpg_2024-11-15_15-31-10.webp.webp?fit=941%2C631&ssl=1&resize=525%2C300 1.5x, https:\/\/i0.wp.com\/noticiasribeiraopreto.com.br\/wp-content\/uploads\/2024\/11\/perseguicao_2024-11-15_15-31-10_jpg_2024-11-15_15-31-10.webp.webp?fit=941%2C631&ssl=1&resize=700%2C400 2x"},"classes":[]},{"id":89339,"url":"https:\/\/noticiasribeiraopreto.com.br\/index.php\/2026\/08\/03\/ribeirao-preto-registra-1-349-arvores-derrubadas-apos-temporal\/","url_meta":{"origin":90823,"position":4},"title":"Ribeir\u00e3o Preto registra 1.349 \u00e1rvores derrubadas ap\u00f3s temporal","author":"noticiasribeiraopreto.com.br","date":"3 de August de 2026","format":false,"excerpt":"Ribeir\u00e3o Preto registrou, at\u00e9 o momento, a queda de aproximadamente 1.349 \u00e1rvores ap\u00f3s o temporal que atingiu a cidade no dia 24 de julho. O n\u00famero \u00e9 preliminar e integra um invent\u00e1rio t\u00e9cnico realizado para avaliar os impactos provocados pelo vendaval. EntendaReplantio de \u00e1rvoresTemporal em Ribeir\u00e3o Preto Al\u00e9m das \u00e1rvores\u2026","rel":"","context":"In &quot;Not\u00edcias de Ribeir\u00e3o Preto-SP e Regi\u00e3o&quot;","block_context":{"text":"Not\u00edcias de Ribeir\u00e3o Preto-SP e Regi\u00e3o","link":"https:\/\/noticiasribeiraopreto.com.br\/index.php\/category\/noticias-de-ribeirao-preto-sp-e-regiao-ismael-colosi\/"},"img":{"alt_text":"","src":"https:\/\/i0.wp.com\/noticiasribeiraopreto.com.br\/wp-content\/uploads\/2026\/08\/messi-2.jpg?fit=1200%2C675&ssl=1&resize=350%2C200","width":350,"height":200,"srcset":"https:\/\/i0.wp.com\/noticiasribeiraopreto.com.br\/wp-content\/uploads\/2026\/08\/messi-2.jpg?fit=1200%2C675&ssl=1&resize=350%2C200 1x, https:\/\/i0.wp.com\/noticiasribeiraopreto.com.br\/wp-content\/uploads\/2026\/08\/messi-2.jpg?fit=1200%2C675&ssl=1&resize=525%2C300 1.5x, https:\/\/i0.wp.com\/noticiasribeiraopreto.com.br\/wp-content\/uploads\/2026\/08\/messi-2.jpg?fit=1200%2C675&ssl=1&resize=700%2C400 2x, https:\/\/i0.wp.com\/noticiasribeiraopreto.com.br\/wp-content\/uploads\/2026\/08\/messi-2.jpg?fit=1200%2C675&ssl=1&resize=1050%2C600 3x"},"classes":[]},{"id":69939,"url":"https:\/\/noticiasribeiraopreto.com.br\/index.php\/2025\/05\/21\/reboque-se-solta-de-caminhao-e-desce-ladeira-na-regiao\/","url_meta":{"origin":90823,"position":5},"title":"Reboque se solta de caminh\u00e3o e desce ladeira na regi\u00e3o","author":"noticiasribeiraopreto.com.br","date":"21 de May de 2025","format":false,"excerpt":"Apesar do grande susto, a parte que se soltou da carreta n\u00e3o atingiu nenhum ve\u00edculo 21 de maio de 2025 12:0721 de maio de 2025 12:0734 Compartilhar4 Por: Adalberto Luque Um reboque de uma carreta bitrem se soltou, na segunda-feira (19), enquanto o ve\u00edculo subia uma ladeira. O caso ocorreu\u2026","rel":"","context":"In &quot;Not\u00edcias de Ribeir\u00e3o Preto-SP e Regi\u00e3o&quot;","block_context":{"text":"Not\u00edcias de Ribeir\u00e3o Preto-SP e Regi\u00e3o","link":"https:\/\/noticiasribeiraopreto.com.br\/index.php\/category\/noticias-de-ribeirao-preto-sp-e-regiao-ismael-colosi\/"},"img":{"alt_text":"","src":"https:\/\/i0.wp.com\/noticiasribeiraopreto.com.br\/wp-content\/uploads\/2025\/05\/21-mai-2025-reboquecarreta-scaled.jpg?fit=800%2C454&ssl=1&resize=350%2C200","width":350,"height":200,"srcset":"https:\/\/i0.wp.com\/noticiasribeiraopreto.com.br\/wp-content\/uploads\/2025\/05\/21-mai-2025-reboquecarreta-scaled.jpg?fit=800%2C454&ssl=1&resize=350%2C200 1x, https:\/\/i0.wp.com\/noticiasribeiraopreto.com.br\/wp-content\/uploads\/2025\/05\/21-mai-2025-reboquecarreta-scaled.jpg?fit=800%2C454&ssl=1&resize=525%2C300 1.5x, https:\/\/i0.wp.com\/noticiasribeiraopreto.com.br\/wp-content\/uploads\/2025\/05\/21-mai-2025-reboquecarreta-scaled.jpg?fit=800%2C454&ssl=1&resize=700%2C400 2x"},"classes":[]}],"jetpack_sharing_enabled":true,"jetpack_shortlink":"https:\/\/wp.me\/peQAOb-nCT","jetpack_featured_media_url":"https:\/\/i0.wp.com\/noticiasribeiraopreto.com.br\/wp-content\/uploads\/2026\/08\/lombada-eletronica-guapore-2.jpeg?fit=1280%2C720&ssl=1","_links":{"self":[{"href":"https:\/\/noticiasribeiraopreto.com.br\/index.php\/wp-json\/wp\/v2\/posts\/90823","targetHints":{"allow":["GET"]}}],"collection":[{"href":"https:\/\/noticiasribeiraopreto.com.br\/index.php\/wp-json\/wp\/v2\/posts"}],"about":[{"href":"https:\/\/noticiasribeiraopreto.com.br\/index.php\/wp-json\/wp\/v2\/types\/post"}],"author":[{"embeddable":true,"href":"https:\/\/noticiasribeiraopreto.com.br\/index.php\/wp-json\/wp\/v2\/users\/1"}],"replies":[{"embeddable":true,"href":"https:\/\/noticiasribeiraopreto.com.br\/index.php\/wp-json\/wp\/v2\/comments?post=90823"}],"version-history":[{"count":0,"href":"https:\/\/noticiasribeiraopreto.com.br\/index.php\/wp-json\/wp\/v2\/posts\/90823\/revisions"}],"wp:featuredmedia":[{"embeddable":true,"href":"https:\/\/noticiasribeiraopreto.com.br\/index.php\/wp-json\/wp\/v2\/media\/90824"}],"wp:attachment":[{"href":"https:\/\/noticiasribeiraopreto.com.br\/index.php\/wp-json\/wp\/v2\/media?parent=90823"}],"wp:term":[{"taxonomy":"category","embeddable":true,"href":"https:\/\/noticiasribeiraopreto.com.br\/index.php\/wp-json\/wp\/v2\/categories?post=90823"},{"taxonomy":"post_tag","embeddable":true,"href":"https:\/\/noticiasribeiraopreto.com.br\/index.php\/wp-json\/wp\/v2\/tags?post=90823"}],"curies":[{"name":"wp","href":"https:\/\/api.w.org\/{rel}","templated":true}]}}