{"id":90825,"date":"2026-08-31T13:03:54","date_gmt":"2026-08-31T16:03:54","guid":{"rendered":"https:\/\/noticiasribeiraopreto.com.br\/index.php\/2026\/08\/31\/ribeirao-preto-decreta-luto-oficial-de-tres-dias-pela-morte-de-marcelo-gasparini\/"},"modified":"2026-08-31T13:03:54","modified_gmt":"2026-08-31T16:03:54","slug":"ribeirao-preto-decreta-luto-oficial-de-tres-dias-pela-morte-de-marcelo-gasparini","status":"publish","type":"post","link":"https:\/\/noticiasribeiraopreto.com.br\/index.php\/2026\/08\/31\/ribeirao-preto-decreta-luto-oficial-de-tres-dias-pela-morte-de-marcelo-gasparini\/","title":{"rendered":"Ribeir\u00e3o Preto decreta luto oficial de tr\u00eas dias pela morte de Marcelo Gasparini"},"content":{"rendered":"<div class='code-block code-block-1' style='margin: 8px 0 8px auto; text-align: right; display: block; clear: both;'>\n<p><a href=\"https:\/\/wa.link\/vpicfd\"><img data-recalc-dims=\"1\" class=\"wp-image-4922\" style=\"aspect-ratio: 2.0253164556962027; width: 561px; height: auto;\" src=\"https:\/\/i0.wp.com\/ismaelcolosi.com.br\/wp-content\/uploads\/2023\/11\/grupo-de-empregos-whatsapp-e-facebook-ismael-colosi-vagas.jpg?ssl=1\" alt=\"\" \/><\/a><\/p>\n<!-- \/wp:image -->\n<\/div>\n<p> <br \/>\n<\/p>\n<p>A <strong>Prefeitura de Ribeir\u00e3o Preto decretou luto oficial de tr\u00eas dias<\/strong> pela morte do cantor Marcelo Gasparini, aos 54 anos. O per\u00edodo come\u00e7a nesta segunda-feira (31), conforme estabelece o Decreto n\u00ba 180, assinado pelo prefeito Ricardo Silva.<\/p>\n<h2 class=\"wp-block-heading\">Marcelo Gasparini<\/h2>\n<p>Marcelo Gasparini integrou durante d\u00e9cadas a dupla sertaneja Maur\u00edcio e Marcelo ao lado do irm\u00e3o g\u00eameo, o vereador Maur\u00edcio Gasparini. O cantor tamb\u00e9m era filho do ex-prefeito Welson Gasparini, que morreu em 2024.<\/p>\n<div class=\"wp-block-image\">\n<figure class=\"aligncenter size-large\"><figcaption class=\"wp-element-caption\">Irm\u00e3os Mauricio e Marcelo Gasparini \u2013 Foto: reprodu\u00e7\u00e3o\/ redes sociais.<\/figcaption><\/figure>\n<\/div>\n<p>O decreto reconhece a contribui\u00e7\u00e3o de Marcelo Gasparini para a m\u00fasica sertaneja e para a cultura da cidade. O documento tamb\u00e9m destaca a forma como o cantor enfrentou a leucemia, mobilizando amigos, admiradores e moradores da cidade.<\/p>\n<p class=\"has-text-align-center has-very-light-gray-to-cyan-bluish-gray-gradient-background has-background\"><em>Receba not\u00edcias do\u00a0<strong>acidade on Ribeir\u00e3o\u00a0<\/strong>no WhatsApp e fique por dentro de tudo! Basta acessar o link<a href=\"https:\/\/chat.whatsapp.com\/DfXwcjKVIddHUT3BvnQuPZ?mode=hqctshi\" target=\"_blank\" rel=\"noreferrer noopener\">\u00a0aqui<\/a>!<\/em><\/p>\n<p>Durante os tr\u00eas dias de luto oficial, a Prefeitura de Ribeir\u00e3o Preto manter\u00e1 as bandeiras do munic\u00edpio hasteadas a meio-mastro como sinal de respeito e pesar pela morte do cantor.<\/p>\n<div class=\"wp-block-image\">\n<figure class=\"aligncenter size-large\"><img data-recalc-dims=\"1\" loading=\"lazy\" decoding=\"async\" width=\"1024\" height=\"576\" src=\"https:\/\/i0.wp.com\/www.acidadeon.com\/ribeiraopreto\/wp-content\/uploads\/sites\/3\/2026\/08\/mauricio-e-marcelo-gasparini-1-1024x576.jpg?resize=1024%2C576&#038;ssl=1\" alt=\"Cantor e empres\u00e1rio morreu aos 54 anos - Foto: divulga\u00e7\u00e3o.\" class=\"wp-image-173014\" title=\"Ribeir\u00e3o Preto decreta luto oficial de tr\u00eas dias pela morte de Marcelo Gasparini 2\"><figcaption class=\"wp-element-caption\">Cantor e empres\u00e1rio morreu aos 54 anos \u2013 Foto: divulga\u00e7\u00e3o.<\/figcaption><\/figure>\n<\/div>\n<h2 class=\"wp-block-heading\">Morte e despedida<\/h2>\n<p>Marcelo Gasparini morreu na madrugada desta segunda-feira (31), aos 54 anos. O cantor sertanejo recebeu o diagn\u00f3stico de Leucemia Mieloide Aguda (LMA) em 17 de mar\u00e7o de 2026.<\/p>\n<p>As homenagens ao cantor come\u00e7aram \u00e0s 9h, no Vel\u00f3rio da Paz, localizado na avenida das L\u00e1grimas, 245, no Jardim Zara, na zona Leste de Ribeir\u00e3o Preto.<\/p>\n<p>O sepultamento est\u00e1 previsto para as 15h, no Cemit\u00e9rio Bom Pastor.<\/p>\n<div class=\"wp-block-image\">\n<figure class=\"aligncenter size-large\"><img data-recalc-dims=\"1\" loading=\"lazy\" decoding=\"async\" width=\"1024\" height=\"576\" src=\"https:\/\/i0.wp.com\/www.acidadeon.com\/ribeiraopreto\/wp-content\/uploads\/sites\/3\/2026\/08\/gasparini-morte-ribeirao-1024x576.jpeg?resize=1024%2C576&#038;ssl=1\" alt=\"Marcelo Gasparini morreu aos 54 anos - Foto: divulga\u00e7\u00e3o.\" class=\"wp-image-173006\" title=\"Ribeir\u00e3o Preto decreta luto oficial de tr\u00eas dias pela morte de Marcelo Gasparini 3\"><figcaption class=\"wp-element-caption\">Marcelo Gasparini morreu aos 54 anos \u2013 Foto: divulga\u00e7\u00e3o.<\/figcaption><\/figure>\n<\/div>\n<hr class=\"wp-block-separator has-alpha-channel-opacity\">\n<p><em>Fa\u00e7a uma den\u00fancia ou sugira uma reportagem sobre\u00a0<strong>Ribeir\u00e3o Preto\u00a0<\/strong>e regi\u00e3o por meio do WhatsApp do\u00a0<strong>acidade on Ribeir\u00e3o<\/strong>: (16) 99117-7802.<\/em><\/p>\n<p>O post Ribeir\u00e3o Preto decreta luto oficial de tr\u00eas dias pela morte de Marcelo Gasparini apareceu primeiro em ACidade ON Ribeir\u00e3o Preto.<\/p>\n<p><br \/>\n<br \/><a href=\"https:\/\/www.acidadeon.com\/ribeiraopreto\/cotidiano\/ribeirao-preto-decreta-luto-oficial-de-tres-dias-pela-morte-de-marcelo-gasparini\/\">Link para o texto original aqui <\/a><\/p>\n<!-- CONTENT END 1 -->\n","protected":false},"excerpt":{"rendered":"<p>A Prefeitura de Ribeir\u00e3o Preto decretou luto oficial de tr\u00eas dias pela morte do cantor Marcelo Gasparini, aos 54 anos. O per\u00edodo come\u00e7a nesta segunda-feira&#8230;<\/p>\n","protected":false},"author":1,"featured_media":90826,"comment_status":"","ping_status":"","sticky":false,"template":"","format":"standard","meta":{"advanced_seo_description":"","jetpack_seo_html_title":"","jetpack_seo_noindex":false,"jetpack_seo_schema_type":"","_jetpack_newsletter_access":"","_jetpack_dont_email_post_to_subs":false,"_jetpack_newsletter_tier_id":0,"_jetpack_memberships_contains_paywalled_content":false,"_jetpack_feature_clip_id":0,"_jetpack_memberships_contains_paid_content":false,"footnotes":"","jetpack_publicize_message":"","jetpack_publicize_feature_enabled":true,"jetpack_social_post_already_shared":true,"jetpack_social_options":{"image_generator_settings":{"template":"highway","default_image_id":0,"font":"","enabled":false},"version":2},"jetpack_post_was_ever_published":false},"categories":[11],"tags":[1332,493,4730,3136,1583,558,5684,188,27,26,639],"class_list":["post-90825","post","type-post","status-publish","format-standard","has-post-thumbnail","hentry","category-noticias-de-ribeirao-preto-sp-e-regiao-ismael-colosi","tag-decreta","tag-dias","tag-gasparini","tag-luto","tag-marcelo","tag-morte","tag-oficial","tag-pela","tag-preto","tag-ribeirao","tag-tres"],"jetpack_publicize_connections":[],"jetpack-related-posts":[{"id":90819,"url":"https:\/\/noticiasribeiraopreto.com.br\/index.php\/2026\/08\/31\/cantor-daniel-lamenta-morte-de-marcelo-gasparini-veja-a-repercussao\/","url_meta":{"origin":90825,"position":0},"title":"Cantor Daniel lamenta morte de Marcelo Gasparini; veja a repercuss\u00e3o","author":"noticiasribeiraopreto.com.br","date":"31 de August de 2026","format":false,"excerpt":"O cantor Daniel lamentou a morte de Marcelo Gasparini, aos 54 anos, na madrugada desta segunda-feira (31), em Ribeir\u00e3o Preto. \u201cCome\u00e7amos o dia com uma not\u00edcia triste! Confesso que me abalou\u201d, escreveu Daniel nas redes sociais. Receba not\u00edcias do\u00a0acidade on Ribeir\u00e3o\u00a0no WhatsApp e fique por dentro de tudo! Basta acessar\u2026","rel":"","context":"In &quot;Not\u00edcias de Ribeir\u00e3o Preto-SP e Regi\u00e3o&quot;","block_context":{"text":"Not\u00edcias de Ribeir\u00e3o Preto-SP e Regi\u00e3o","link":"https:\/\/noticiasribeiraopreto.com.br\/index.php\/category\/noticias-de-ribeirao-preto-sp-e-regiao-ismael-colosi\/"},"img":{"alt_text":"","src":"https:\/\/i0.wp.com\/noticiasribeiraopreto.com.br\/wp-content\/uploads\/2026\/08\/mauricio-e-marcelo-gasparini-1.jpg?fit=1200%2C675&ssl=1&resize=350%2C200","width":350,"height":200,"srcset":"https:\/\/i0.wp.com\/noticiasribeiraopreto.com.br\/wp-content\/uploads\/2026\/08\/mauricio-e-marcelo-gasparini-1.jpg?fit=1200%2C675&ssl=1&resize=350%2C200 1x, https:\/\/i0.wp.com\/noticiasribeiraopreto.com.br\/wp-content\/uploads\/2026\/08\/mauricio-e-marcelo-gasparini-1.jpg?fit=1200%2C675&ssl=1&resize=525%2C300 1.5x, https:\/\/i0.wp.com\/noticiasribeiraopreto.com.br\/wp-content\/uploads\/2026\/08\/mauricio-e-marcelo-gasparini-1.jpg?fit=1200%2C675&ssl=1&resize=700%2C400 2x, https:\/\/i0.wp.com\/noticiasribeiraopreto.com.br\/wp-content\/uploads\/2026\/08\/mauricio-e-marcelo-gasparini-1.jpg?fit=1200%2C675&ssl=1&resize=1050%2C600 3x"},"classes":[]},{"id":90798,"url":"https:\/\/noticiasribeiraopreto.com.br\/index.php\/2026\/08\/31\/morre-cantor-marcelo-gasparini-apos-luta-contra-o-cancer\/","url_meta":{"origin":90825,"position":1},"title":"Morre cantor Marcelo Gasparini ap\u00f3s luta contra o c\u00e2ncer","author":"noticiasribeiraopreto.com.br","date":"31 de August de 2026","format":false,"excerpt":"O cantor sertanejo Marcelo Gasparini, integrante da dupla Maur\u00edcio e Marcelo, morreu, nesta segunfa-feira (31), aos 54 anos.Marcelo lutava contra um c\u00e2ncer e havia sido diagnosticado, em fevereiro deste ano, com Leucemia Mieloide Aguda (LMA).Ao lado do irm\u00e3o g\u00eameo, Maur\u00edcio Gasparini, Marcelo construiu uma trajet\u00f3ria marcada pela m\u00fasica, pela alegria\u2026","rel":"","context":"In &quot;Not\u00edcias de Ribeir\u00e3o Preto-SP e Regi\u00e3o&quot;","block_context":{"text":"Not\u00edcias de Ribeir\u00e3o Preto-SP e Regi\u00e3o","link":"https:\/\/noticiasribeiraopreto.com.br\/index.php\/category\/noticias-de-ribeirao-preto-sp-e-regiao-ismael-colosi\/"},"img":{"alt_text":"","src":"https:\/\/i0.wp.com\/noticiasribeiraopreto.com.br\/wp-content\/uploads\/2026\/08\/WhatsApp-Image-2026-08-31-at-06.25.58-1-e1788171077509.jpeg?fit=1075%2C850&ssl=1&resize=350%2C200","width":350,"height":200,"srcset":"https:\/\/i0.wp.com\/noticiasribeiraopreto.com.br\/wp-content\/uploads\/2026\/08\/WhatsApp-Image-2026-08-31-at-06.25.58-1-e1788171077509.jpeg?fit=1075%2C850&ssl=1&resize=350%2C200 1x, https:\/\/i0.wp.com\/noticiasribeiraopreto.com.br\/wp-content\/uploads\/2026\/08\/WhatsApp-Image-2026-08-31-at-06.25.58-1-e1788171077509.jpeg?fit=1075%2C850&ssl=1&resize=525%2C300 1.5x, https:\/\/i0.wp.com\/noticiasribeiraopreto.com.br\/wp-content\/uploads\/2026\/08\/WhatsApp-Image-2026-08-31-at-06.25.58-1-e1788171077509.jpeg?fit=1075%2C850&ssl=1&resize=700%2C400 2x, https:\/\/i0.wp.com\/noticiasribeiraopreto.com.br\/wp-content\/uploads\/2026\/08\/WhatsApp-Image-2026-08-31-at-06.25.58-1-e1788171077509.jpeg?fit=1075%2C850&ssl=1&resize=1050%2C600 3x"},"classes":[]},{"id":90802,"url":"https:\/\/noticiasribeiraopreto.com.br\/index.php\/2026\/08\/31\/morre-marcelo-gasparini-da-dupla-sertaneja-mauricio-e-marcelo\/","url_meta":{"origin":90825,"position":2},"title":"Morre Marcelo Gasparini, da dupla sertaneja Maur\u00edcio e Marcelo","author":"noticiasribeiraopreto.com.br","date":"31 de August de 2026","format":false,"excerpt":"\r \r \r 31 de agosto de 2026 08:15 \r Compartilhar0 Faleceu nesta segunda-feira (31), aos 54 anos, o cantor sertanejo Marcelo Gasparini, integrante da dupla Maur\u00edcio e Marcelo.\u00a0Marcelo lutava contra um c\u00e2ncer e havia sido diagnosticado, em fevereiro deste ano, com Leucemia Miel\u00f3ide Aguda (LMA). Ao lado do irm\u00e3o\u2026","rel":"","context":"In &quot;Not\u00edcias de Ribeir\u00e3o Preto-SP e Regi\u00e3o&quot;","block_context":{"text":"Not\u00edcias de Ribeir\u00e3o Preto-SP e Regi\u00e3o","link":"https:\/\/noticiasribeiraopreto.com.br\/index.php\/category\/noticias-de-ribeirao-preto-sp-e-regiao-ismael-colosi\/"},"img":{"alt_text":"","src":"https:\/\/i0.wp.com\/noticiasribeiraopreto.com.br\/wp-content\/uploads\/2026\/08\/m-gasparini.jpeg?fit=599%2C469&ssl=1&resize=350%2C200","width":350,"height":200,"srcset":"https:\/\/i0.wp.com\/noticiasribeiraopreto.com.br\/wp-content\/uploads\/2026\/08\/m-gasparini.jpeg?fit=599%2C469&ssl=1&resize=350%2C200 1x, https:\/\/i0.wp.com\/noticiasribeiraopreto.com.br\/wp-content\/uploads\/2026\/08\/m-gasparini.jpeg?fit=599%2C469&ssl=1&resize=525%2C300 1.5x"},"classes":[]},{"id":90794,"url":"https:\/\/noticiasribeiraopreto.com.br\/index.php\/2026\/08\/31\/rascunho-automatico\/","url_meta":{"origin":90825,"position":3},"title":"Cantor sertanejo morre aos 54 anos em Ribeir\u00e3o Preto","author":"noticiasribeiraopreto.com.br","date":"31 de August de 2026","format":false,"excerpt":"Morreu na madrugada desta segunda-feira (31), aos 54 anos, o cantor sertanejo Marcelo Gasparini. O artista havia sido diagnosticado com com\u00a0leucemia mieloide aguda (LMA) no dia 17 de mar\u00e7o de 2026. O artista \u00e9 irm\u00e3o do\u00a0vereador Maur\u00edcio Gasparini (Uni\u00e3o)\u00a0e\u00a0filho do ex-prefeito Welson Gasparini, nomes conhecidos na\u00a0pol\u00edtica de Ribeir\u00e3o Preto. As\u2026","rel":"","context":"In &quot;Not\u00edcias de Ribeir\u00e3o Preto-SP e Regi\u00e3o&quot;","block_context":{"text":"Not\u00edcias de Ribeir\u00e3o Preto-SP e Regi\u00e3o","link":"https:\/\/noticiasribeiraopreto.com.br\/index.php\/category\/noticias-de-ribeirao-preto-sp-e-regiao-ismael-colosi\/"},"img":{"alt_text":"","src":"https:\/\/i0.wp.com\/noticiasribeiraopreto.com.br\/wp-content\/uploads\/2026\/08\/gasparini-morte-ribeirao.jpeg?fit=1200%2C675&ssl=1&resize=350%2C200","width":350,"height":200,"srcset":"https:\/\/i0.wp.com\/noticiasribeiraopreto.com.br\/wp-content\/uploads\/2026\/08\/gasparini-morte-ribeirao.jpeg?fit=1200%2C675&ssl=1&resize=350%2C200 1x, https:\/\/i0.wp.com\/noticiasribeiraopreto.com.br\/wp-content\/uploads\/2026\/08\/gasparini-morte-ribeirao.jpeg?fit=1200%2C675&ssl=1&resize=525%2C300 1.5x, https:\/\/i0.wp.com\/noticiasribeiraopreto.com.br\/wp-content\/uploads\/2026\/08\/gasparini-morte-ribeirao.jpeg?fit=1200%2C675&ssl=1&resize=700%2C400 2x, https:\/\/i0.wp.com\/noticiasribeiraopreto.com.br\/wp-content\/uploads\/2026\/08\/gasparini-morte-ribeirao.jpeg?fit=1200%2C675&ssl=1&resize=1050%2C600 3x"},"classes":[]},{"id":40507,"url":"https:\/\/noticiasribeiraopreto.com.br\/index.php\/2024\/03\/04\/morre-o-ex-prefeito-de-ribeirao-preto-welson-gasparini-aos-87-anos\/","url_meta":{"origin":90825,"position":4},"title":"Morre o ex-prefeito de Ribeir\u00e3o Preto Welson Gasparini, aos 87 anos","author":"noticiasribeiraopreto.com.br","date":"4 de March de 2024","format":false,"excerpt":"Morreu nesta segunda-feira (4), o ex-prefeito de Ribeir\u00e3o Preto, Welson Gasparini, aos 87 anos. Gasparini estava internado no Hospital Unimed, em Bonfim Paulista, h\u00e1 duas semanas. A informa\u00e7\u00e3o foi confirmada pelo vereador Maur\u00edcio Gasparini (Uni\u00e3o), filho do ex-prefeito. Gasparini sofria de problemas card\u00edacos e chegou a passar por uma cirurgia\u2026","rel":"","context":"In &quot;Not\u00edcias de Ribeir\u00e3o Preto-SP e Regi\u00e3o&quot;","block_context":{"text":"Not\u00edcias de Ribeir\u00e3o Preto-SP e Regi\u00e3o","link":"https:\/\/noticiasribeiraopreto.com.br\/index.php\/category\/noticias-de-ribeirao-preto-sp-e-regiao-ismael-colosi\/"},"img":{"alt_text":"","src":"https:\/\/i0.wp.com\/noticiasribeiraopreto.com.br\/wp-content\/uploads\/2024\/03\/gasparini.jpg?fit=1200%2C800&ssl=1&resize=350%2C200","width":350,"height":200,"srcset":"https:\/\/i0.wp.com\/noticiasribeiraopreto.com.br\/wp-content\/uploads\/2024\/03\/gasparini.jpg?fit=1200%2C800&ssl=1&resize=350%2C200 1x, https:\/\/i0.wp.com\/noticiasribeiraopreto.com.br\/wp-content\/uploads\/2024\/03\/gasparini.jpg?fit=1200%2C800&ssl=1&resize=525%2C300 1.5x, https:\/\/i0.wp.com\/noticiasribeiraopreto.com.br\/wp-content\/uploads\/2024\/03\/gasparini.jpg?fit=1200%2C800&ssl=1&resize=700%2C400 2x, https:\/\/i0.wp.com\/noticiasribeiraopreto.com.br\/wp-content\/uploads\/2024\/03\/gasparini.jpg?fit=1200%2C800&ssl=1&resize=1050%2C600 3x"},"classes":[]},{"id":40526,"url":"https:\/\/noticiasribeiraopreto.com.br\/index.php\/2024\/03\/04\/relembre-a-trajetoria-do-ex-prefeito-de-ribeirao-preto-welson-gasparini\/","url_meta":{"origin":90825,"position":5},"title":"Relembre a trajet\u00f3ria do ex-prefeito de Ribeir\u00e3o Preto Welson Gasparini","author":"noticiasribeiraopreto.com.br","date":"4 de March de 2024","format":false,"excerpt":"O ex-prefeito de Ribeir\u00e3o Preto Welson Gasparini morreu nesta segunda-feira (4), aos 87 anos. Gasparini nasceu em Batatais em 1\u00ba de dezembro de 1937, filho de Vict\u00f3rio Gasparini e Deolinda Breguerilli. Al\u00e9m de pol\u00edtico, tamb\u00e9m foi jornalista, radialista, professor e advogado. De acordo com a Unimed Ribeir\u00e3o Preto, o ex-prefeito\u2026","rel":"","context":"In &quot;Not\u00edcias de Ribeir\u00e3o Preto-SP e Regi\u00e3o&quot;","block_context":{"text":"Not\u00edcias de Ribeir\u00e3o Preto-SP e Regi\u00e3o","link":"https:\/\/noticiasribeiraopreto.com.br\/index.php\/category\/noticias-de-ribeirao-preto-sp-e-regiao-ismael-colosi\/"},"img":{"alt_text":"","src":"https:\/\/i0.wp.com\/noticiasribeiraopreto.com.br\/wp-content\/uploads\/2024\/03\/AnyConv.com__gasparini-scaled.webp.webp?fit=1200%2C798&ssl=1&resize=350%2C200","width":350,"height":200,"srcset":"https:\/\/i0.wp.com\/noticiasribeiraopreto.com.br\/wp-content\/uploads\/2024\/03\/AnyConv.com__gasparini-scaled.webp.webp?fit=1200%2C798&ssl=1&resize=350%2C200 1x, https:\/\/i0.wp.com\/noticiasribeiraopreto.com.br\/wp-content\/uploads\/2024\/03\/AnyConv.com__gasparini-scaled.webp.webp?fit=1200%2C798&ssl=1&resize=525%2C300 1.5x, https:\/\/i0.wp.com\/noticiasribeiraopreto.com.br\/wp-content\/uploads\/2024\/03\/AnyConv.com__gasparini-scaled.webp.webp?fit=1200%2C798&ssl=1&resize=700%2C400 2x, https:\/\/i0.wp.com\/noticiasribeiraopreto.com.br\/wp-content\/uploads\/2024\/03\/AnyConv.com__gasparini-scaled.webp.webp?fit=1200%2C798&ssl=1&resize=1050%2C600 3x"},"classes":[]}],"jetpack_sharing_enabled":true,"jetpack_shortlink":"https:\/\/wp.me\/peQAOb-nCV","jetpack_featured_media_url":"https:\/\/i0.wp.com\/noticiasribeiraopreto.com.br\/wp-content\/uploads\/2026\/08\/gasparini.jpg?fit=1200%2C675&ssl=1","_links":{"self":[{"href":"https:\/\/noticiasribeiraopreto.com.br\/index.php\/wp-json\/wp\/v2\/posts\/90825","targetHints":{"allow":["GET"]}}],"collection":[{"href":"https:\/\/noticiasribeiraopreto.com.br\/index.php\/wp-json\/wp\/v2\/posts"}],"about":[{"href":"https:\/\/noticiasribeiraopreto.com.br\/index.php\/wp-json\/wp\/v2\/types\/post"}],"author":[{"embeddable":true,"href":"https:\/\/noticiasribeiraopreto.com.br\/index.php\/wp-json\/wp\/v2\/users\/1"}],"replies":[{"embeddable":true,"href":"https:\/\/noticiasribeiraopreto.com.br\/index.php\/wp-json\/wp\/v2\/comments?post=90825"}],"version-history":[{"count":0,"href":"https:\/\/noticiasribeiraopreto.com.br\/index.php\/wp-json\/wp\/v2\/posts\/90825\/revisions"}],"wp:featuredmedia":[{"embeddable":true,"href":"https:\/\/noticiasribeiraopreto.com.br\/index.php\/wp-json\/wp\/v2\/media\/90826"}],"wp:attachment":[{"href":"https:\/\/noticiasribeiraopreto.com.br\/index.php\/wp-json\/wp\/v2\/media?parent=90825"}],"wp:term":[{"taxonomy":"category","embeddable":true,"href":"https:\/\/noticiasribeiraopreto.com.br\/index.php\/wp-json\/wp\/v2\/categories?post=90825"},{"taxonomy":"post_tag","embeddable":true,"href":"https:\/\/noticiasribeiraopreto.com.br\/index.php\/wp-json\/wp\/v2\/tags?post=90825"}],"curies":[{"name":"wp","href":"https:\/\/api.w.org\/{rel}","templated":true}]}}