{"id":90827,"date":"2026-08-31T13:26:34","date_gmt":"2026-08-31T16:26:34","guid":{"rendered":"https:\/\/noticiasribeiraopreto.com.br\/index.php\/2026\/08\/31\/casa-de-chico-xavier-de-pedro-leopoldo\/"},"modified":"2026-08-31T13:26:34","modified_gmt":"2026-08-31T16:26:34","slug":"casa-de-chico-xavier-de-pedro-leopoldo","status":"publish","type":"post","link":"https:\/\/noticiasribeiraopreto.com.br\/index.php\/2026\/08\/31\/casa-de-chico-xavier-de-pedro-leopoldo\/","title":{"rendered":"Casa de Chico Xavier de Pedro Leopoldo"},"content":{"rendered":"<div class='code-block code-block-1' style='margin: 8px 0 8px auto; text-align: right; display: block; clear: both;'>\n<p><a href=\"https:\/\/wa.link\/vpicfd\"><img data-recalc-dims=\"1\" class=\"wp-image-4922\" style=\"aspect-ratio: 2.0253164556962027; width: 561px; height: auto;\" src=\"https:\/\/i0.wp.com\/ismaelcolosi.com.br\/wp-content\/uploads\/2023\/11\/grupo-de-empregos-whatsapp-e-facebook-ismael-colosi-vagas.jpg?ssl=1\" alt=\"\" \/><\/a><\/p>\n<!-- \/wp:image -->\n<\/div>\n<p> <br \/>\n<\/p>\n<div>\n<p class=\"wp-block-paragraph\"><strong><em>Geraldinho, vir\u00e3o mais livros da psicografia in\u00e9dita de Chico Xavier por a\u00ed? Existem ainda mensagens in\u00e9ditas guardadas do acervo do pr\u00f3prio Chico? O que podemos aguardar para o futuro?<\/em><\/strong><\/p>\n<p class=\"wp-block-paragraph\"><strong>GERALDINHO \u2013<\/strong>\u00a0Sim, estamos trabalhando para melhor servir \u00e0 hist\u00f3ria da Doutrina Esp\u00edrita no Brasil, em particular em torno da mediunidade e da vida de Chico Xavier. O acervo pessoal de Chico Xavier em Pedro Leopoldo, sua cidade natal, est\u00e1 sob a nossa guarda e ainda h\u00e1 muito material interessante a revelar e divulgar.<\/p>\n<p class=\"wp-block-paragraph\"><strong><em>Geraldinho, e sobre a Casa de Chico Xavier em Pedro Leopoldo, como come\u00e7aram as visita\u00e7\u00f5es ap\u00f3s a morte dele e como funciona esta institui\u00e7\u00e3o hoje, administrada por voc\u00ea e pelo Jo\u00e3o Pedro?<\/em><\/strong><\/p>\n<p class=\"wp-block-paragraph\"><strong>GERALDINHO :\u00a0\u2013<\/strong>\u00a0Logo ap\u00f3s a desencarna\u00e7\u00e3o de Chico Xavier fomos procurados em Belo Horizonte por sua sobrinha Maria L\u00facia Ferreira Gon\u00e7alves, filha de Dona Luiza Xavier, irm\u00e3 querida de Chico Xavier, que como herdeira dos bens de Chico Xavier desejava alienar a casa que lhe pertenceu em Pedro Leopoldo. Ela me disse ter certeza de que o tio Chico ficaria feliz se a casa ficasse aos nossos cuidados, e assim, efetivamente, acabei por adquiri-la em 2004 comprometendo-me a preserv\u00e1-la para a posteridade. Depois de algum tempo de reformas, quando contamos com a ajuda gratuita da arquiteta Mary Machado de Faria e sua equipe, pudemos reinaugurar a casa que Chico Xavier construiu em 1946, para onde se mudou em janeiro de 1948 e onde viveu at\u00e9 1959, mantendo-a ainda em sua posse at\u00e9 a sua desencarna\u00e7\u00e3o em 2002. Desde o dia de sua reinaugura\u00e7\u00e3o, em 2 de Abril de 2006, a Casa de Chico Xavier de Pedro Leopoldo funciona na cidade natal do m\u00e9dium querido como um Centro de Refer\u00eancia \u00e0 sua vida e obra. No decorrer dos \u00faltimos 20 anos mais de meio milh\u00e3o de visitantes de todas as partes do Brasil e do exterior j\u00e1 passaram por ela, assinando o seu livro de presen\u00e7as, e participando das reuni\u00f5es p\u00fablicas realizadas todos os domingos \u00e0s 17 horas, com palestras de estudos da obra medi\u00fanica de Chico Xavier ou \u00e0s 18 horas participando do Culto do Evangelho de Jesus no Lar de Chico Xavier. Isto sem contar aqueles que naturalmente se esquecem de registrar sua presen\u00e7a, mas visitam o local de quartas-feiras aos domingos de 14 horas at\u00e9 \u00e0s 19 horas, no hor\u00e1rio de funcionamento da institui\u00e7\u00e3o.<\/p>\n<div class=\"wp-block-image\">\n<figure class=\"alignright size-large is-resized\"><figcaption class=\"wp-element-caption\">Casa do Chico em Pedro Leopoldo \u2013 MG<\/figcaption><\/figure>\n<\/div>\n<p class=\"wp-block-paragraph\">L\u00e1 temos uma su\u00edte fotogr\u00e1fica do m\u00e9dium disposta em dois locais, logo no muro da entrada \u00e0 direita e dentro da casa no local onde era a sala de visitas de Chico. Temos muitos objetos de seu uso pessoal, dispostos no seu quarto de dormir, como \u00f3culos, ternos, boinas, portas-retratos, x\u00edcaras, quadros art\u00edsticos que lhe pertenciam, al\u00e9m das camas. Temos l\u00e1 o banheirinho que era utilizado por ele totalmente preservado. Logo no segundo ambiente o visitante poder\u00e1 verificar uma exposi\u00e7\u00e3o dos 550 livros j\u00e1 publicados de sua lavra medi\u00fanica devidamente catalogados por data de publica\u00e7\u00e3o, e no terceiro ambiente, onde Chico tinha a sua biblioteca, hoje temo mais 300 livros biogr\u00e1ficos ou que se referem \u00e0 sua vida e obra, uma sess\u00e3o com alguns primeiros exemplares de suas primeiras edi\u00e7\u00f5es, cartas manuscritas, mensagens, cart\u00f5es, CD\u2019s, DVD\u2019s, revistas, t\u00edtulos de cidadania honor\u00e1ria, e in\u00fameras tradu\u00e7\u00f5es de suas obras para o Italiano, o Espanhol, o Ingl\u00eas, o Franc\u00eas, o Alem\u00e3o, o Esperanto, o Sueco, o Russo, o Grego e o Japon\u00eas.\u00a0\u00a0 \u00a0No quarto ambiente, onde antigamente funcionava a cozinha de Chico Xavier, temos um espa\u00e7o com os retratos dos benfeitores espirituais que por ele se manifestavam, al\u00e9m de t\u00edtulos de cidadania honor\u00e1ra recebidos por ele em v\u00e1rias cidades de nosso Brasil. No in\u00edcio de Agosto \u00faltimo, tivemos a alegria de inaugurar uma Intelig\u00eancia Artificial com a imagem hologr\u00e1fica de Chico Xavier e que tem em sua mem\u00f3ria quase toda a sua obra e tamb\u00e9m as suas entrevistas. O visitante pode assim conversar com o Chico Xavier hologr\u00e1fico e ouvir dele, na sua pr\u00f3pria voz os temas abordados em seus livros sobre o Espiritismo Crist\u00e3o. Na inaugura\u00e7\u00e3o no \u00faltimo dia 4 de Agosto contamos com a presen\u00e7a dos amigos do Grupo TH+ que vieram de Ribeir\u00e3o Preto e Ara\u00e7atuba especialmente para a inaugura\u00e7\u00e3o. Na ocasi\u00e3o ouvimos tamb\u00e9m a excelente palestra do Dr Alexandre Caroli Rocha, da Unicamp \u2013 Campinas, que falou sobre a sua tese de doutorado acerca de Humberto de Campos, antes e depois de Chico Xavier.No \u00faltimo sal\u00e3o, onde Chico Xavier psicografava e recebia os amigos para as reuni\u00f5es \u00edntimas de interc\u00e2mbio espiritual com os mentores da espiritualidade maior, n\u00f3s transformamos no audit\u00f3rio, onde s\u00e3o realizadas as 2 reuni\u00f5es p\u00fablicas citadas, todos os domingos, com a presen\u00e7a de dezenas de pessoas de todo o Brasil.<\/p>\n<figure class=\"wp-block-gallery has-nested-images columns-default is-cropped wp-block-gallery-1 is-layout-flex wp-block-gallery-is-layout-flex\">\n<figure class=\"wp-block-image size-large\"><img data-recalc-dims=\"1\" data-lazyloaded=\"1\" fetchpriority=\"high\" decoding=\"async\" width=\"1024\" height=\"671\" data-id=\"674595\" src=\"https:\/\/i0.wp.com\/static1.thmais.com.br\/wp-content\/uploads\/2026\/08\/Captura-de-Tela-2026-08-28-as-21.08.16-1024x671.png?resize=1024%2C671&#038;ssl=1\" alt=\"\" class=\"wp-image-674595\" srcset=\"https:\/\/thmais.com.br\/wp-content\/uploads\/2026\/08\/Captura-de-Tela-2026-08-28-as-21.08.16-1024x671.png 1024w, https:\/\/thmais.com.br\/wp-content\/uploads\/2026\/08\/Captura-de-Tela-2026-08-28-as-21.08.16-300x196.png 300w, https:\/\/thmais.com.br\/wp-content\/uploads\/2026\/08\/Captura-de-Tela-2026-08-28-as-21.08.16-150x98-1.png 150w, https:\/\/thmais.com.br\/wp-content\/uploads\/2026\/08\/Captura-de-Tela-2026-08-28-as-21.08.16-768x503.png 768w, https:\/\/thmais.com.br\/wp-content\/uploads\/2026\/08\/Captura-de-Tela-2026-08-28-as-21.08.16-1536x1006.png 1536w, https:\/\/thmais.com.br\/wp-content\/uploads\/2026\/08\/Captura-de-Tela-2026-08-28-as-21.08.16-299x196.png 299w, https:\/\/thmais.com.br\/wp-content\/uploads\/2026\/08\/Captura-de-Tela-2026-08-28-as-21.08.16-324x212.png 324w, https:\/\/thmais.com.br\/wp-content\/uploads\/2026\/08\/Captura-de-Tela-2026-08-28-as-21.08.16-695x455.png 695w, https:\/\/thmais.com.br\/wp-content\/uploads\/2026\/08\/Captura-de-Tela-2026-08-28-as-21.08.16-1067x699.png 1067w, https:\/\/thmais.com.br\/wp-content\/uploads\/2026\/08\/Captura-de-Tela-2026-08-28-as-21.08.16.png 1594w\" data-sizes=\"(max-width: 1024px) 100vw, 1024px\"\/><\/figure>\n<figure class=\"wp-block-image size-large\"><img data-recalc-dims=\"1\" loading=\"lazy\" data-lazyloaded=\"1\" decoding=\"async\" width=\"1024\" height=\"684\" data-id=\"674592\" src=\"https:\/\/i0.wp.com\/static1.thmais.com.br\/wp-content\/uploads\/2026\/08\/Captura-de-Tela-2026-08-28-as-21.08.03-1024x684.png?resize=1024%2C684&#038;ssl=1\" alt=\"\" class=\"wp-image-674592\" srcset=\"https:\/\/thmais.com.br\/wp-content\/uploads\/2026\/08\/Captura-de-Tela-2026-08-28-as-21.08.03-1024x684.png 1024w, https:\/\/thmais.com.br\/wp-content\/uploads\/2026\/08\/Captura-de-Tela-2026-08-28-as-21.08.03-300x201.png 300w, https:\/\/thmais.com.br\/wp-content\/uploads\/2026\/08\/Captura-de-Tela-2026-08-28-as-21.08.03-768x513.png 768w, https:\/\/thmais.com.br\/wp-content\/uploads\/2026\/08\/Captura-de-Tela-2026-08-28-as-21.08.03-150x100-1.png 150w, https:\/\/thmais.com.br\/wp-content\/uploads\/2026\/08\/Captura-de-Tela-2026-08-28-as-21.08.03-299x200.png 299w, https:\/\/thmais.com.br\/wp-content\/uploads\/2026\/08\/Captura-de-Tela-2026-08-28-as-21.08.03-323x216.png 323w, https:\/\/thmais.com.br\/wp-content\/uploads\/2026\/08\/Captura-de-Tela-2026-08-28-as-21.08.03-1536x1027.png 1536w, https:\/\/thmais.com.br\/wp-content\/uploads\/2026\/08\/Captura-de-Tela-2026-08-28-as-21.08.03-696x465.png 696w, https:\/\/thmais.com.br\/wp-content\/uploads\/2026\/08\/Captura-de-Tela-2026-08-28-as-21.08.03-1067x713.png 1067w, https:\/\/thmais.com.br\/wp-content\/uploads\/2026\/08\/Captura-de-Tela-2026-08-28-as-21.08.03.png 1592w\" data-sizes=\"(max-width: 1024px) 100vw, 1024px\"\/><\/figure>\n<figure class=\"wp-block-image size-large\"><img data-recalc-dims=\"1\" loading=\"lazy\" data-lazyloaded=\"1\" decoding=\"async\" width=\"1024\" height=\"673\" data-id=\"674594\" src=\"https:\/\/i0.wp.com\/static1.thmais.com.br\/wp-content\/uploads\/2026\/08\/Captura-de-Tela-2026-08-28-as-21.08.44-1024x673.png?resize=1024%2C673&#038;ssl=1\" alt=\"\" class=\"wp-image-674594\" srcset=\"https:\/\/thmais.com.br\/wp-content\/uploads\/2026\/08\/Captura-de-Tela-2026-08-28-as-21.08.44-1024x673.png 1024w, https:\/\/thmais.com.br\/wp-content\/uploads\/2026\/08\/Captura-de-Tela-2026-08-28-as-21.08.44-300x197-1.png 300w, https:\/\/thmais.com.br\/wp-content\/uploads\/2026\/08\/Captura-de-Tela-2026-08-28-as-21.08.44-149x98.png 149w, https:\/\/thmais.com.br\/wp-content\/uploads\/2026\/08\/Captura-de-Tela-2026-08-28-as-21.08.44-767x504.png 767w, https:\/\/thmais.com.br\/wp-content\/uploads\/2026\/08\/Captura-de-Tela-2026-08-28-as-21.08.44-1536x1010.png 1536w, https:\/\/thmais.com.br\/wp-content\/uploads\/2026\/08\/Captura-de-Tela-2026-08-28-as-21.08.44-324x213.png 324w, https:\/\/thmais.com.br\/wp-content\/uploads\/2026\/08\/Captura-de-Tela-2026-08-28-as-21.08.44-695x457.png 695w, https:\/\/thmais.com.br\/wp-content\/uploads\/2026\/08\/Captura-de-Tela-2026-08-28-as-21.08.44-150x99.png 150w, https:\/\/thmais.com.br\/wp-content\/uploads\/2026\/08\/Captura-de-Tela-2026-08-28-as-21.08.44-1068x702.png 1068w, https:\/\/thmais.com.br\/wp-content\/uploads\/2026\/08\/Captura-de-Tela-2026-08-28-as-21.08.44.png 1594w\" data-sizes=\"(max-width: 1024px) 100vw, 1024px\"\/><\/figure>\n<figure class=\"wp-block-image size-large\"><img data-recalc-dims=\"1\" loading=\"lazy\" data-lazyloaded=\"1\" decoding=\"async\" width=\"1024\" height=\"675\" data-id=\"674593\" src=\"https:\/\/i0.wp.com\/static1.thmais.com.br\/wp-content\/uploads\/2026\/08\/Captura-de-Tela-2026-08-28-as-21.08.26-1024x675.png?resize=1024%2C675&#038;ssl=1\" alt=\"\" class=\"wp-image-674593\" srcset=\"https:\/\/thmais.com.br\/wp-content\/uploads\/2026\/08\/Captura-de-Tela-2026-08-28-as-21.08.26-1024x675.png 1024w, https:\/\/thmais.com.br\/wp-content\/uploads\/2026\/08\/Captura-de-Tela-2026-08-28-as-21.08.26-300x198.png 300w, https:\/\/thmais.com.br\/wp-content\/uploads\/2026\/08\/Captura-de-Tela-2026-08-28-as-21.08.26-768x506.png 768w, https:\/\/thmais.com.br\/wp-content\/uploads\/2026\/08\/Captura-de-Tela-2026-08-28-as-21.08.26-149x98.png 149w, https:\/\/thmais.com.br\/wp-content\/uploads\/2026\/08\/Captura-de-Tela-2026-08-28-as-21.08.26-299x197.png 299w, https:\/\/thmais.com.br\/wp-content\/uploads\/2026\/08\/Captura-de-Tela-2026-08-28-as-21.08.26-1536x1012.png 1536w, https:\/\/thmais.com.br\/wp-content\/uploads\/2026\/08\/Captura-de-Tela-2026-08-28-as-21.08.26-323x213.png 323w, https:\/\/thmais.com.br\/wp-content\/uploads\/2026\/08\/Captura-de-Tela-2026-08-28-as-21.08.26-695x458.png 695w, https:\/\/thmais.com.br\/wp-content\/uploads\/2026\/08\/Captura-de-Tela-2026-08-28-as-21.08.26-150x99.png 150w, https:\/\/thmais.com.br\/wp-content\/uploads\/2026\/08\/Captura-de-Tela-2026-08-28-as-21.08.26-1067x703.png 1067w, https:\/\/thmais.com.br\/wp-content\/uploads\/2026\/08\/Captura-de-Tela-2026-08-28-as-21.08.26.png 1590w\" data-sizes=\"(max-width: 1024px) 100vw, 1024px\"\/><\/figure>\n<figure class=\"wp-block-image size-large\"><img data-recalc-dims=\"1\" loading=\"lazy\" data-lazyloaded=\"1\" decoding=\"async\" width=\"819\" height=\"1024\" data-id=\"674596\" src=\"https:\/\/i0.wp.com\/static1.thmais.com.br\/wp-content\/uploads\/2026\/08\/44A308F6-DACE-48E3-87F5-481ABC87CB9B-819x1024.jpg?resize=819%2C1024&#038;ssl=1\" alt=\"\" class=\"wp-image-674596\" srcset=\"https:\/\/thmais.com.br\/wp-content\/uploads\/2026\/08\/44A308F6-DACE-48E3-87F5-481ABC87CB9B-819x1024.jpg 819w, https:\/\/thmais.com.br\/wp-content\/uploads\/2026\/08\/44A308F6-DACE-48E3-87F5-481ABC87CB9B-240x300.jpg 240w, https:\/\/thmais.com.br\/wp-content\/uploads\/2026\/08\/44A308F6-DACE-48E3-87F5-481ABC87CB9B-767x959.jpg 767w, https:\/\/thmais.com.br\/wp-content\/uploads\/2026\/08\/44A308F6-DACE-48E3-87F5-481ABC87CB9B-1229x1536.jpg 1229w, https:\/\/thmais.com.br\/wp-content\/uploads\/2026\/08\/44A308F6-DACE-48E3-87F5-481ABC87CB9B-150x187-1.jpg 150w, https:\/\/thmais.com.br\/wp-content\/uploads\/2026\/08\/44A308F6-DACE-48E3-87F5-481ABC87CB9B-1639x2048.jpg 1639w, https:\/\/thmais.com.br\/wp-content\/uploads\/2026\/08\/44A308F6-DACE-48E3-87F5-481ABC87CB9B-299x374.jpg 299w, https:\/\/thmais.com.br\/wp-content\/uploads\/2026\/08\/44A308F6-DACE-48E3-87F5-481ABC87CB9B-320x400.jpg 320w, https:\/\/thmais.com.br\/wp-content\/uploads\/2026\/08\/44A308F6-DACE-48E3-87F5-481ABC87CB9B-695x869.jpg 695w, https:\/\/thmais.com.br\/wp-content\/uploads\/2026\/08\/44A308F6-DACE-48E3-87F5-481ABC87CB9B-1067x1334.jpg 1067w, https:\/\/thmais.com.br\/wp-content\/uploads\/2026\/08\/44A308F6-DACE-48E3-87F5-481ABC87CB9B-1919x2399.jpg 1919w, https:\/\/thmais.com.br\/wp-content\/uploads\/2026\/08\/44A308F6-DACE-48E3-87F5-481ABC87CB9B-scaled.jpg 2048w\" data-sizes=\"(max-width: 819px) 100vw, 819px\"\/><\/figure>\n<\/figure>\n<p class=\"wp-block-paragraph\">As nossas palestras, minhas e do Jo\u00e3o Pedro podem ser acompanhadas pelo youtube da TV Saber Espiritismo ou no site do Programa Saber Al\u00e9m da Vida.<\/p>\n<p class=\"wp-block-paragraph\"><a href=\"https:\/\/www.youtube.com\/@TVSaberEspiritismo\">https:\/\/www.youtube.com\/@TVSaberEspiritismo<\/a><\/p>\n<p class=\"wp-block-paragraph\"><a href=\"https:\/\/saberalemdavida.com.br\/\" target=\"_blank\" rel=\"noopener\">https:\/\/saberalemdavida.com.br<\/a><\/p>\n<p class=\"wp-block-paragraph\">A Casa de Chico Xavier est\u00e1 aberta \u00e0 visita\u00e7\u00e3o p\u00fablica de quartas-feira aos domingos, de 14:00 \u00e0s 19:00 horas e a entrada \u00e9 sempre gratuita.\u00a0Mas quem n\u00e3o puder nos visitar pessoalmente poder\u00e1 acessar o site, visitando a casa virtualmente, tanto no\u00a0<\/p>\n<p class=\"wp-block-paragraph\"><a href=\"http:\/\/www.casadechicoxavier.com.br\/\" target=\"_blank\" rel=\"noopener\">www.casadechicoxavier.com.br<\/a>\u00a0quanto no\u00a0<a href=\"http:\/\/www.vinhadeluz.com.br\/\" target=\"_blank\" rel=\"noopener\">www.vinhadeluz.com.br<\/a><\/p>\n<\/div>\n<p><br \/>\n<br \/><a href=\"https:\/\/thmais.com.br\/cidades\/baixada-santista\/colunistas-baixada-santista\/casa-de-chico-xavier-de-pedro-leopoldo\/\">Link para o texto original aqui <\/a><\/p>\n<!-- CONTENT END 1 -->\n","protected":false},"excerpt":{"rendered":"<p>Geraldinho, vir\u00e3o mais livros da psicografia in\u00e9dita de Chico Xavier por a\u00ed? Existem ainda mensagens in\u00e9ditas guardadas do acervo do pr\u00f3prio Chico? O que podemos&#8230;<\/p>\n","protected":false},"author":1,"featured_media":90828,"comment_status":"","ping_status":"","sticky":false,"template":"","format":"standard","meta":{"advanced_seo_description":"","jetpack_seo_html_title":"","jetpack_seo_noindex":false,"jetpack_seo_schema_type":"","_jetpack_newsletter_access":"","_jetpack_dont_email_post_to_subs":false,"_jetpack_newsletter_tier_id":0,"_jetpack_memberships_contains_paywalled_content":false,"_jetpack_feature_clip_id":0,"_jetpack_memberships_contains_paid_content":false,"footnotes":"","jetpack_publicize_message":"","jetpack_publicize_feature_enabled":true,"jetpack_social_post_already_shared":true,"jetpack_social_options":{"image_generator_settings":{"template":"highway","default_image_id":0,"font":"","enabled":false},"version":2},"jetpack_post_was_ever_published":false},"categories":[11],"tags":[289,8152,8831,3973,58,8832],"class_list":["post-90827","post","type-post","status-publish","format-standard","has-post-thumbnail","hentry","category-noticias-de-ribeirao-preto-sp-e-regiao-ismael-colosi","tag-casa","tag-chico","tag-colunista","tag-leopoldo","tag-pedro","tag-xavier"],"jetpack_publicize_connections":[],"jetpack-related-posts":[{"id":45948,"url":"https:\/\/noticiasribeiraopreto.com.br\/index.php\/2024\/04\/08\/peca-homenageando-chico-xavier-chega-a-ribeirao-preto-veja-como-comprar-ingressos\/","url_meta":{"origin":90827,"position":0},"title":"Pe\u00e7a homenageando Chico Xavier chega a Ribeir\u00e3o Preto; Veja como comprar ingressos","author":"noticiasribeiraopreto.com.br","date":"8 de April de 2024","format":false,"excerpt":"O Teatro Municipal de Ribeir\u00e3o Preto recebe o espet\u00e1culo \u201cChico Xavier em pessoa\u201d, \u00e0s 20h, no dia 26 de abril. Os ingressos est\u00e3o \u00e0 venda a partir de R$ 30 pelo site. O espet\u00e1culo \u00e9 protagonizado pelo ator Renato Prieto, que foi nomeado pelo jornal \u2018O Globo\u2019 como \u201cpopstar do\u2026","rel":"","context":"In &quot;Not\u00edcias de Ribeir\u00e3o Preto-SP e Regi\u00e3o&quot;","block_context":{"text":"Not\u00edcias de Ribeir\u00e3o Preto-SP e Regi\u00e3o","link":"https:\/\/noticiasribeiraopreto.com.br\/index.php\/category\/noticias-de-ribeirao-preto-sp-e-regiao-ismael-colosi\/"},"img":{"alt_text":"","src":"https:\/\/i0.wp.com\/noticiasribeiraopreto.com.br\/wp-content\/uploads\/2024\/04\/8.jpeg?fit=1200%2C900&ssl=1&resize=350%2C200","width":350,"height":200,"srcset":"https:\/\/i0.wp.com\/noticiasribeiraopreto.com.br\/wp-content\/uploads\/2024\/04\/8.jpeg?fit=1200%2C900&ssl=1&resize=350%2C200 1x, https:\/\/i0.wp.com\/noticiasribeiraopreto.com.br\/wp-content\/uploads\/2024\/04\/8.jpeg?fit=1200%2C900&ssl=1&resize=525%2C300 1.5x, https:\/\/i0.wp.com\/noticiasribeiraopreto.com.br\/wp-content\/uploads\/2024\/04\/8.jpeg?fit=1200%2C900&ssl=1&resize=700%2C400 2x, https:\/\/i0.wp.com\/noticiasribeiraopreto.com.br\/wp-content\/uploads\/2024\/04\/8.jpeg?fit=1200%2C900&ssl=1&resize=1050%2C600 3x"},"classes":[]},{"id":79295,"url":"https:\/\/noticiasribeiraopreto.com.br\/index.php\/2025\/10\/28\/chico-chico-se-apresenta-no-theatro-pedro-ii-em-homenagem-a-musica-brasileira\/","url_meta":{"origin":90827,"position":1},"title":"Chico Chico se apresenta no Theatro Pedro II em homenagem \u00e0 m\u00fasica brasileira","author":"noticiasribeiraopreto.com.br","date":"28 de October de 2025","format":false,"excerpt":"O cantor e compositor Chico Chico, filho da cantora C\u00e1ssia Eller, apresenta o show do movimento A M\u00fasica Brasileira Vive no dia 31 de outubro, \u00e0s 20h, no Theatro Pedro II, em Ribeir\u00e3o Preto. O evento integra a s\u00e9rie de apresenta\u00e7\u00f5es que promovem a m\u00fasica brasileira em diferentes regi\u00f5es do\u2026","rel":"","context":"In &quot;Not\u00edcias de Ribeir\u00e3o Preto-SP e Regi\u00e3o&quot;","block_context":{"text":"Not\u00edcias de Ribeir\u00e3o Preto-SP e Regi\u00e3o","link":"https:\/\/noticiasribeiraopreto.com.br\/index.php\/category\/noticias-de-ribeirao-preto-sp-e-regiao-ismael-colosi\/"},"img":{"alt_text":"","src":"https:\/\/i0.wp.com\/noticiasribeiraopreto.com.br\/wp-content\/uploads\/2025\/10\/voguing-5_2025-10-28_22-40-55.webp.webp?fit=1200%2C675&ssl=1&resize=350%2C200","width":350,"height":200,"srcset":"https:\/\/i0.wp.com\/noticiasribeiraopreto.com.br\/wp-content\/uploads\/2025\/10\/voguing-5_2025-10-28_22-40-55.webp.webp?fit=1200%2C675&ssl=1&resize=350%2C200 1x, https:\/\/i0.wp.com\/noticiasribeiraopreto.com.br\/wp-content\/uploads\/2025\/10\/voguing-5_2025-10-28_22-40-55.webp.webp?fit=1200%2C675&ssl=1&resize=525%2C300 1.5x, https:\/\/i0.wp.com\/noticiasribeiraopreto.com.br\/wp-content\/uploads\/2025\/10\/voguing-5_2025-10-28_22-40-55.webp.webp?fit=1200%2C675&ssl=1&resize=700%2C400 2x, https:\/\/i0.wp.com\/noticiasribeiraopreto.com.br\/wp-content\/uploads\/2025\/10\/voguing-5_2025-10-28_22-40-55.webp.webp?fit=1200%2C675&ssl=1&resize=1050%2C600 3x"},"classes":[]},{"id":68721,"url":"https:\/\/noticiasribeiraopreto.com.br\/index.php\/2025\/04\/28\/conheca-chico-o-golden-sem-uma-das-patas-que-participou-de-caominhada\/","url_meta":{"origin":90827,"position":2},"title":"Conhe\u00e7a Chico, o Golden sem uma das patas que participou de \u2018c\u00e3ominhada\u2019","author":"noticiasribeiraopreto.com.br","date":"28 de April de 2025","format":false,"excerpt":"No \u00faltimo domingo (27), o c\u00e3o Chico, Golden sem uma das patas chamou a aten\u00e7\u00e3o da 1\u00aa C\u00e3orrida e C\u00e3ominhada, que aconteceu em Cravinhos, na regi\u00e3o de Ribeir\u00e3o Preto. Chico cruzou a linha de chegada por \u00faltimo, acompanhado da tutora Ana Fl\u00e1via Pinheiro. \u201cFizemos o percurso no tempo do Chico,\u2026","rel":"","context":"In &quot;Not\u00edcias de Ribeir\u00e3o Preto-SP e Regi\u00e3o&quot;","block_context":{"text":"Not\u00edcias de Ribeir\u00e3o Preto-SP e Regi\u00e3o","link":"https:\/\/noticiasribeiraopreto.com.br\/index.php\/category\/noticias-de-ribeirao-preto-sp-e-regiao-ismael-colosi\/"},"img":{"alt_text":"","src":"https:\/\/i0.wp.com\/noticiasribeiraopreto.com.br\/wp-content\/uploads\/2025\/04\/Copia-de-Copia-de-Copia-de-TAMANHO-EXATO-PARA-FOTOS-NO-SISTEMA-NOVO-58_2025-04-28_14-07-39.webp.webp?fit=1200%2C675&ssl=1&resize=350%2C200","width":350,"height":200,"srcset":"https:\/\/i0.wp.com\/noticiasribeiraopreto.com.br\/wp-content\/uploads\/2025\/04\/Copia-de-Copia-de-Copia-de-TAMANHO-EXATO-PARA-FOTOS-NO-SISTEMA-NOVO-58_2025-04-28_14-07-39.webp.webp?fit=1200%2C675&ssl=1&resize=350%2C200 1x, https:\/\/i0.wp.com\/noticiasribeiraopreto.com.br\/wp-content\/uploads\/2025\/04\/Copia-de-Copia-de-Copia-de-TAMANHO-EXATO-PARA-FOTOS-NO-SISTEMA-NOVO-58_2025-04-28_14-07-39.webp.webp?fit=1200%2C675&ssl=1&resize=525%2C300 1.5x, https:\/\/i0.wp.com\/noticiasribeiraopreto.com.br\/wp-content\/uploads\/2025\/04\/Copia-de-Copia-de-Copia-de-TAMANHO-EXATO-PARA-FOTOS-NO-SISTEMA-NOVO-58_2025-04-28_14-07-39.webp.webp?fit=1200%2C675&ssl=1&resize=700%2C400 2x, https:\/\/i0.wp.com\/noticiasribeiraopreto.com.br\/wp-content\/uploads\/2025\/04\/Copia-de-Copia-de-Copia-de-TAMANHO-EXATO-PARA-FOTOS-NO-SISTEMA-NOVO-58_2025-04-28_14-07-39.webp.webp?fit=1200%2C675&ssl=1&resize=1050%2C600 3x"},"classes":[]},{"id":89259,"url":"https:\/\/noticiasribeiraopreto.com.br\/index.php\/2026\/08\/02\/chico-chico-faz-show-no-joao-rock-e-celebra-estreia-a-gente-se-divertiu-bastante-a-recepcao-foi-boa\/","url_meta":{"origin":90827,"position":3},"title":"Chico Chico faz show no Jo\u00e3o Rock e celebra estreia: \u2018A gente se divertiu bastante. A recep\u00e7\u00e3o foi boa\u2019","author":"noticiasribeiraopreto.com.br","date":"2 de August de 2026","format":false,"excerpt":"Chico Chico fez sua estreia no Jo\u00e3o Rock 2026 neste s\u00e1bado (1\u00ba), no Parque Permanente de Exposi\u00e7\u00f5es, em Ribeir\u00e3o Preto. Filho da cantora C\u00e1ssia Eller, o cantor e compositor subiu ao palco pela primeira vez no festival e afirmou que deixou a apresenta\u00e7\u00e3o satisfeito com a recep\u00e7\u00e3o do p\u00fablico. \u201cFoi\u2026","rel":"","context":"In &quot;Not\u00edcias de Ribeir\u00e3o Preto-SP e Regi\u00e3o&quot;","block_context":{"text":"Not\u00edcias de Ribeir\u00e3o Preto-SP e Regi\u00e3o","link":"https:\/\/noticiasribeiraopreto.com.br\/index.php\/category\/noticias-de-ribeirao-preto-sp-e-regiao-ismael-colosi\/"},"img":{"alt_text":"","src":"https:\/\/i0.wp.com\/noticiasribeiraopreto.com.br\/wp-content\/uploads\/2026\/08\/joao-rock-13.jpg?fit=1200%2C675&ssl=1&resize=350%2C200","width":350,"height":200,"srcset":"https:\/\/i0.wp.com\/noticiasribeiraopreto.com.br\/wp-content\/uploads\/2026\/08\/joao-rock-13.jpg?fit=1200%2C675&ssl=1&resize=350%2C200 1x, https:\/\/i0.wp.com\/noticiasribeiraopreto.com.br\/wp-content\/uploads\/2026\/08\/joao-rock-13.jpg?fit=1200%2C675&ssl=1&resize=525%2C300 1.5x, https:\/\/i0.wp.com\/noticiasribeiraopreto.com.br\/wp-content\/uploads\/2026\/08\/joao-rock-13.jpg?fit=1200%2C675&ssl=1&resize=700%2C400 2x, https:\/\/i0.wp.com\/noticiasribeiraopreto.com.br\/wp-content\/uploads\/2026\/08\/joao-rock-13.jpg?fit=1200%2C675&ssl=1&resize=1050%2C600 3x"},"classes":[]},{"id":62274,"url":"https:\/\/noticiasribeiraopreto.com.br\/index.php\/2025\/01\/09\/chico-bento-e-babygirl-chegam-aos-cinemas-de-ribeirao-preto-confira-as-estreias\/","url_meta":{"origin":90827,"position":4},"title":"&#8216;Chico Bento&#8217; e &#8216;Babygirl&#8217; chegam aos cinemas de Ribeir\u00e3o Preto; Confira as estreias","author":"noticiasribeiraopreto.com.br","date":"9 de January de 2025","format":false,"excerpt":"Esta quinta-feira (9) traz novidades aguardadas pelos cin\u00e9filos, como o longa-metragem de um dos personagens mais queridos do universo de A Turma da M\u00f4nica, o Chico Bento, que promete agitar a programa\u00e7\u00e3o de f\u00e9rias nas telonas. Al\u00e9m disso, outros filmes que chegam aos cinemas de Ribeir\u00e3o Preto s\u00e3o \u201cBabygirl\u201d e\u2026","rel":"","context":"In &quot;Not\u00edcias de Ribeir\u00e3o Preto-SP e Regi\u00e3o&quot;","block_context":{"text":"Not\u00edcias de Ribeir\u00e3o Preto-SP e Regi\u00e3o","link":"https:\/\/noticiasribeiraopreto.com.br\/index.php\/category\/noticias-de-ribeirao-preto-sp-e-regiao-ismael-colosi\/"},"img":{"alt_text":"","src":"https:\/\/i0.wp.com\/noticiasribeiraopreto.com.br\/wp-content\/uploads\/2025\/01\/chico-bento_2025-01-09_12-43-21.webp.webp?fit=1200%2C675&ssl=1&resize=350%2C200","width":350,"height":200,"srcset":"https:\/\/i0.wp.com\/noticiasribeiraopreto.com.br\/wp-content\/uploads\/2025\/01\/chico-bento_2025-01-09_12-43-21.webp.webp?fit=1200%2C675&ssl=1&resize=350%2C200 1x, https:\/\/i0.wp.com\/noticiasribeiraopreto.com.br\/wp-content\/uploads\/2025\/01\/chico-bento_2025-01-09_12-43-21.webp.webp?fit=1200%2C675&ssl=1&resize=525%2C300 1.5x, https:\/\/i0.wp.com\/noticiasribeiraopreto.com.br\/wp-content\/uploads\/2025\/01\/chico-bento_2025-01-09_12-43-21.webp.webp?fit=1200%2C675&ssl=1&resize=700%2C400 2x, https:\/\/i0.wp.com\/noticiasribeiraopreto.com.br\/wp-content\/uploads\/2025\/01\/chico-bento_2025-01-09_12-43-21.webp.webp?fit=1200%2C675&ssl=1&resize=1050%2C600 3x"},"classes":[]},{"id":73995,"url":"https:\/\/noticiasribeiraopreto.com.br\/index.php\/2025\/07\/14\/teatro-municipal-de-ribeirao-preto-recebe-stand-up-com-chico-da-tiana\/","url_meta":{"origin":90827,"position":5},"title":"Teatro Municipal de Ribeir\u00e3o Preto recebe stand-up com Chico da Tiana","author":"noticiasribeiraopreto.com.br","date":"14 de July de 2025","format":false,"excerpt":"O Teatro Municipal de Ribeir\u00e3o Preto recebe nesta sexta-feira (18), \u00e0s 21h, o stand-up \u201cC\u00ea Fal\u00f4, T\u00e1 Falido!\u201d, do famoso caipira Chico da Tiana, personagem de Cleber Rosa. A sess\u00e3o das 19h j\u00e1 est\u00e1 esgotada, mas ainda h\u00e1 ingressos dispon\u00edveis para a segunda apresenta\u00e7\u00e3o da noite. Criado e interpretado pelo\u2026","rel":"","context":"In &quot;Not\u00edcias de Ribeir\u00e3o Preto-SP e Regi\u00e3o&quot;","block_context":{"text":"Not\u00edcias de Ribeir\u00e3o Preto-SP e Regi\u00e3o","link":"https:\/\/noticiasribeiraopreto.com.br\/index.php\/category\/noticias-de-ribeirao-preto-sp-e-regiao-ismael-colosi\/"},"img":{"alt_text":"","src":"https:\/\/i0.wp.com\/noticiasribeiraopreto.com.br\/wp-content\/uploads\/2025\/07\/IMG-20240507-WA0019-Chico-teatro_2025-07-14_13-09-23.webp.webp?fit=1200%2C800&ssl=1&resize=350%2C200","width":350,"height":200,"srcset":"https:\/\/i0.wp.com\/noticiasribeiraopreto.com.br\/wp-content\/uploads\/2025\/07\/IMG-20240507-WA0019-Chico-teatro_2025-07-14_13-09-23.webp.webp?fit=1200%2C800&ssl=1&resize=350%2C200 1x, https:\/\/i0.wp.com\/noticiasribeiraopreto.com.br\/wp-content\/uploads\/2025\/07\/IMG-20240507-WA0019-Chico-teatro_2025-07-14_13-09-23.webp.webp?fit=1200%2C800&ssl=1&resize=525%2C300 1.5x, https:\/\/i0.wp.com\/noticiasribeiraopreto.com.br\/wp-content\/uploads\/2025\/07\/IMG-20240507-WA0019-Chico-teatro_2025-07-14_13-09-23.webp.webp?fit=1200%2C800&ssl=1&resize=700%2C400 2x, https:\/\/i0.wp.com\/noticiasribeiraopreto.com.br\/wp-content\/uploads\/2025\/07\/IMG-20240507-WA0019-Chico-teatro_2025-07-14_13-09-23.webp.webp?fit=1200%2C800&ssl=1&resize=1050%2C600 3x"},"classes":[]}],"jetpack_sharing_enabled":true,"jetpack_shortlink":"https:\/\/wp.me\/peQAOb-nCX","jetpack_featured_media_url":"https:\/\/i0.wp.com\/noticiasribeiraopreto.com.br\/wp-content\/uploads\/2026\/08\/TH-PORTAL-IMAGEM-35-1.jpg?fit=1600%2C900&ssl=1","_links":{"self":[{"href":"https:\/\/noticiasribeiraopreto.com.br\/index.php\/wp-json\/wp\/v2\/posts\/90827","targetHints":{"allow":["GET"]}}],"collection":[{"href":"https:\/\/noticiasribeiraopreto.com.br\/index.php\/wp-json\/wp\/v2\/posts"}],"about":[{"href":"https:\/\/noticiasribeiraopreto.com.br\/index.php\/wp-json\/wp\/v2\/types\/post"}],"author":[{"embeddable":true,"href":"https:\/\/noticiasribeiraopreto.com.br\/index.php\/wp-json\/wp\/v2\/users\/1"}],"replies":[{"embeddable":true,"href":"https:\/\/noticiasribeiraopreto.com.br\/index.php\/wp-json\/wp\/v2\/comments?post=90827"}],"version-history":[{"count":0,"href":"https:\/\/noticiasribeiraopreto.com.br\/index.php\/wp-json\/wp\/v2\/posts\/90827\/revisions"}],"wp:featuredmedia":[{"embeddable":true,"href":"https:\/\/noticiasribeiraopreto.com.br\/index.php\/wp-json\/wp\/v2\/media\/90828"}],"wp:attachment":[{"href":"https:\/\/noticiasribeiraopreto.com.br\/index.php\/wp-json\/wp\/v2\/media?parent=90827"}],"wp:term":[{"taxonomy":"category","embeddable":true,"href":"https:\/\/noticiasribeiraopreto.com.br\/index.php\/wp-json\/wp\/v2\/categories?post=90827"},{"taxonomy":"post_tag","embeddable":true,"href":"https:\/\/noticiasribeiraopreto.com.br\/index.php\/wp-json\/wp\/v2\/tags?post=90827"}],"curies":[{"name":"wp","href":"https:\/\/api.w.org\/{rel}","templated":true}]}}