{"id":90829,"date":"2026-08-31T13:42:06","date_gmt":"2026-08-31T16:42:06","guid":{"rendered":"https:\/\/noticiasribeiraopreto.com.br\/index.php\/2026\/08\/31\/engavetamento-com-23-veiculos-deixa-quatro-pessoas-feridas-em-rodovia-do-interior-de-sp\/"},"modified":"2026-08-31T13:42:06","modified_gmt":"2026-08-31T16:42:06","slug":"engavetamento-com-23-veiculos-deixa-quatro-pessoas-feridas-em-rodovia-do-interior-de-sp","status":"publish","type":"post","link":"https:\/\/noticiasribeiraopreto.com.br\/index.php\/2026\/08\/31\/engavetamento-com-23-veiculos-deixa-quatro-pessoas-feridas-em-rodovia-do-interior-de-sp\/","title":{"rendered":"Engavetamento com 23 ve\u00edculos deixa quatro pessoas feridas em rodovia do interior de SP"},"content":{"rendered":"<div class='code-block code-block-1' style='margin: 8px 0 8px auto; text-align: right; display: block; clear: both;'>\n<p><a href=\"https:\/\/wa.link\/vpicfd\"><img data-recalc-dims=\"1\" class=\"wp-image-4922\" style=\"aspect-ratio: 2.0253164556962027; width: 561px; height: auto;\" src=\"https:\/\/i0.wp.com\/ismaelcolosi.com.br\/wp-content\/uploads\/2023\/11\/grupo-de-empregos-whatsapp-e-facebook-ismael-colosi-vagas.jpg?ssl=1\" alt=\"\" \/><\/a><\/p>\n<!-- \/wp:image -->\n<\/div>\n<p> <br \/>\n<\/p>\n<p><strong>Quatro pessoas ficaram feridas em tr\u00eas engavetamentos que envolveram 23 ve\u00edculos <\/strong>na manh\u00e3 desta segunda-feira (31), na rodovia C\u00e2ndido Portinari (SP-334), em Franca, no interior de S\u00e3o Paulo. <strong>Nenhuma das v\u00edtimas sofreu ferimentos graves.<\/strong><\/p>\n<h2 class=\"wp-block-heading\">Os engavetamentos<\/h2>\n<p>O primeiro acidente aconteceu na entrada do bairro Vila S\u00e3o Sebasti\u00e3o e envolveu 17 ve\u00edculos, entre carros e motocicletas.<\/p>\n<p>O congestionamento provocado pela colis\u00e3o contribuiu para outros dois acidentes em sequ\u00eancia na rodovia. Um dos engavetamentos ocorreu na al\u00e7a de acesso ao bairro Jardim Guanabara e envolveu tr\u00eas ve\u00edculos.<\/p>\n<div class=\"wp-block-image\">\n<figure class=\"aligncenter size-full\"><figcaption class=\"wp-element-caption\">Foto: Reprodu\u00e7\u00e3o EPTV | Lindomar Cailton<\/figcaption><\/figure>\n<\/div>\n<p>O terceiro acidente tamb\u00e9m envolveu tr\u00eas ve\u00edculos e aconteceu na Ponte do Leporace.<\/p>\n<p>Pouco antes das colis\u00f5es, chovia em Franca. A suspeita \u00e9 de que a chuva tenha deixado a pista escorregadia, mas as autoridades ainda v\u00e3o investigar as causas dos acidentes.<\/p>\n<p class=\"has-very-light-gray-to-cyan-bluish-gray-gradient-background has-background\"><em>Receba not\u00edcias do\u00a0<strong>acidade on Ribeir\u00e3o\u00a0<\/strong>no WhatsApp e fique por dentro de tudo! Basta acessar o link<a href=\"https:\/\/chat.whatsapp.com\/DfXwcjKVIddHUT3BvnQuPZ?mode=hqctshi\" target=\"_blank\" rel=\"noreferrer noopener\">\u00a0aqui<\/a>!<\/em><\/p>\n<figure class=\"wp-block-image size-full\"><img data-recalc-dims=\"1\" loading=\"lazy\" decoding=\"async\" width=\"984\" height=\"616\" src=\"https:\/\/i0.wp.com\/www.acidadeon.com\/ribeiraopreto\/wp-content\/uploads\/sites\/3\/2026\/08\/image-197.png?resize=984%2C616&#038;ssl=1\" alt=\"image 197\" class=\"wp-image-173087\" title=\"Engavetamento com 23 ve\u00edculos deixa quatro pessoas feridas em rodovia do interior de SP 2\"><figcaption class=\"wp-element-caption\">Foto: Reprodu\u00e7\u00e3o EPTV | Lindomar Cailton<\/figcaption><\/figure>\n<h2 class=\"wp-block-heading\">V\u00edtimas tiveram ferimentos leves<\/h2>\n<p>Equipes de resgate atenderam as quatro v\u00edtimas, que sofreram ferimentos leves. O Corpo de Bombeiros tamb\u00e9m participou da ocorr\u00eancia.<\/p>\n<p>Durante o atendimento, o tr\u00e2nsito ficou parcialmente interrompido e registrou lentid\u00e3o no trecho entre os bairros Leporace e S\u00e3o Joaquim.<\/p>\n<div class=\"wp-block-image\">\n<figure class=\"aligncenter size-full\"><img data-recalc-dims=\"1\" loading=\"lazy\" decoding=\"async\" width=\"984\" height=\"616\" src=\"https:\/\/i0.wp.com\/www.acidadeon.com\/ribeiraopreto\/wp-content\/uploads\/sites\/3\/2026\/08\/image-198.png?resize=984%2C616&#038;ssl=1\" alt=\"image 198\" class=\"wp-image-173088\" title=\"Engavetamento com 23 ve\u00edculos deixa quatro pessoas feridas em rodovia do interior de SP 3\"><figcaption class=\"wp-element-caption\">Foto: Reprodu\u00e7\u00e3o EPTV | Lindomar Cailton<\/figcaption><\/figure>\n<\/div>\n<hr class=\"wp-block-separator has-alpha-channel-opacity\">\n<p class=\"has-very-light-gray-to-cyan-bluish-gray-gradient-background has-background\"><em>Fa\u00e7a uma den\u00fancia ou sugira uma reportagem sobre\u00a0<strong>Ribeir\u00e3o Preto\u00a0<\/strong>e regi\u00e3o por meio do WhatsApp do\u00a0<strong>acidade on Ribeir\u00e3o<\/strong>: (16) 99117-7802.<\/em><\/p>\n<\/p>\n<p>O post Engavetamento com 23 ve\u00edculos deixa quatro pessoas feridas em rodovia do interior de SP apareceu primeiro em ACidade ON Ribeir\u00e3o Preto.<\/p>\n<p><br \/>\n<br \/><a href=\"https:\/\/www.acidadeon.com\/ribeiraopreto\/cotidiano\/engavetamento-com-23-veiculos-deixa-quatro-pessoas-feridas-em-rodovia-do-interior-de-sp\/\">Link para o texto original aqui <\/a><\/p>\n<!-- CONTENT END 1 -->\n","protected":false},"excerpt":{"rendered":"<p>Quatro pessoas ficaram feridas em tr\u00eas engavetamentos que envolveram 23 ve\u00edculos na manh\u00e3 desta segunda-feira (31), na rodovia C\u00e2ndido Portinari (SP-334), em Franca, no interior&#8230;<\/p>\n","protected":false},"author":1,"featured_media":90830,"comment_status":"","ping_status":"","sticky":false,"template":"","format":"standard","meta":{"advanced_seo_description":"","jetpack_seo_html_title":"","jetpack_seo_noindex":false,"jetpack_seo_schema_type":"","_jetpack_newsletter_access":"","_jetpack_dont_email_post_to_subs":false,"_jetpack_newsletter_tier_id":0,"_jetpack_memberships_contains_paywalled_content":false,"_jetpack_feature_clip_id":0,"_jetpack_memberships_contains_paid_content":false,"footnotes":"","jetpack_publicize_message":"","jetpack_publicize_feature_enabled":true,"jetpack_social_post_already_shared":true,"jetpack_social_options":{"image_generator_settings":{"template":"highway","default_image_id":0,"font":"","enabled":false},"version":2},"jetpack_post_was_ever_published":false},"categories":[11],"tags":[77,6731,4955,237,581,2109,80,76],"class_list":["post-90829","post","type-post","status-publish","format-standard","has-post-thumbnail","hentry","category-noticias-de-ribeirao-preto-sp-e-regiao-ismael-colosi","tag-deixa","tag-engavetamento","tag-feridas","tag-interior","tag-pessoas","tag-quatro","tag-rodovia","tag-veiculos"],"jetpack_publicize_connections":[],"jetpack-related-posts":[{"id":86523,"url":"https:\/\/noticiasribeiraopreto.com.br\/index.php\/2026\/06\/15\/engavetamento-entre-veiculos-e-caminhao-deixa-uma-pessoa-ferida-na-rodovia-candido-portinari-em-franca\/","url_meta":{"origin":90829,"position":0},"title":"Engavetamento entre ve\u00edculos e caminh\u00e3o deixa uma pessoa ferida na Rodovia C\u00e2ndido Portinari, em Franca &#8211; THMais","author":"noticiasribeiraopreto.com.br","date":"15 de June de 2026","format":false,"excerpt":"Um engavetamento envolvendo tr\u00eas autom\u00f3veis e um caminh\u00e3o mobilizou equipes de atendimento na manh\u00e3 desta segunda-feira (15) na Rodovia C\u00e2ndido Portinari (SP-334), em Franca.De acordo com as informa\u00e7\u00f5es apuradas, a ocorr\u00eancia foi registrada por volta das 7h40, na altura do km 401,2 da rodovia, no sentido norte. O acidente resultou\u2026","rel":"","context":"In &quot;Not\u00edcias de Ribeir\u00e3o Preto-SP e Regi\u00e3o&quot;","block_context":{"text":"Not\u00edcias de Ribeir\u00e3o Preto-SP e Regi\u00e3o","link":"https:\/\/noticiasribeiraopreto.com.br\/index.php\/category\/noticias-de-ribeirao-preto-sp-e-regiao-ismael-colosi\/"},"img":{"alt_text":"","src":"https:\/\/i0.wp.com\/noticiasribeiraopreto.com.br\/wp-content\/uploads\/2026\/06\/Imagem-Kaique-Castro.webp.webp?fit=1024%2C600&ssl=1&resize=350%2C200","width":350,"height":200,"srcset":"https:\/\/i0.wp.com\/noticiasribeiraopreto.com.br\/wp-content\/uploads\/2026\/06\/Imagem-Kaique-Castro.webp.webp?fit=1024%2C600&ssl=1&resize=350%2C200 1x, https:\/\/i0.wp.com\/noticiasribeiraopreto.com.br\/wp-content\/uploads\/2026\/06\/Imagem-Kaique-Castro.webp.webp?fit=1024%2C600&ssl=1&resize=525%2C300 1.5x, https:\/\/i0.wp.com\/noticiasribeiraopreto.com.br\/wp-content\/uploads\/2026\/06\/Imagem-Kaique-Castro.webp.webp?fit=1024%2C600&ssl=1&resize=700%2C400 2x"},"classes":[]},{"id":85865,"url":"https:\/\/noticiasribeiraopreto.com.br\/index.php\/2026\/05\/21\/video-engavetamento-deixa-tres-feridos-no-anel-viario\/","url_meta":{"origin":90829,"position":1},"title":"V\u00cdDEO &#8211; Engavetamento deixa tr\u00eas feridos no Anel Vi\u00e1rio","author":"noticiasribeiraopreto.com.br","date":"21 de May de 2026","format":false,"excerpt":"\r \r \r Acidente envolveu quatro carros e um caminh\u00e3o pr\u00f3ximo ao trevo de acesso para Dumont\r \r 21 de maio de 2026 11:0321 de maio de 2026 11:03 \r Compartilhar2 \r | Por: Adalberto Luque | Um engavetamento deixou tr\u00eas pessoas feridas, uma delas ficou presa \u00e0s ferragens, na\u2026","rel":"","context":"In &quot;Not\u00edcias de Ribeir\u00e3o Preto-SP e Regi\u00e3o&quot;","block_context":{"text":"Not\u00edcias de Ribeir\u00e3o Preto-SP e Regi\u00e3o","link":"https:\/\/noticiasribeiraopreto.com.br\/index.php\/category\/noticias-de-ribeirao-preto-sp-e-regiao-ismael-colosi\/"},"img":{"alt_text":"","src":"https:\/\/i0.wp.com\/noticiasribeiraopreto.com.br\/wp-content\/uploads\/2026\/05\/21-mai-2026-acidenteanelsul1.jpg?fit=812%2C459&ssl=1&resize=350%2C200","width":350,"height":200,"srcset":"https:\/\/i0.wp.com\/noticiasribeiraopreto.com.br\/wp-content\/uploads\/2026\/05\/21-mai-2026-acidenteanelsul1.jpg?fit=812%2C459&ssl=1&resize=350%2C200 1x, https:\/\/i0.wp.com\/noticiasribeiraopreto.com.br\/wp-content\/uploads\/2026\/05\/21-mai-2026-acidenteanelsul1.jpg?fit=812%2C459&ssl=1&resize=525%2C300 1.5x, https:\/\/i0.wp.com\/noticiasribeiraopreto.com.br\/wp-content\/uploads\/2026\/05\/21-mai-2026-acidenteanelsul1.jpg?fit=812%2C459&ssl=1&resize=700%2C400 2x"},"classes":[]},{"id":65276,"url":"https:\/\/noticiasribeiraopreto.com.br\/index.php\/2025\/03\/18\/engavetamento-entre-tres-onibus-da-mesma-empresa-deixa-feridos-em-rodovia-no-interior-de-sp\/","url_meta":{"origin":90829,"position":2},"title":"Engavetamento entre tr\u00eas \u00f4nibus da mesma empresa deixa feridos em rodovia no interior de SP","author":"noticiasribeiraopreto.com.br","date":"18 de March de 2025","format":false,"excerpt":"Tr\u00eas \u00f4nibus de uma mesma empresa se envolveram em um engavetamento na manh\u00e3 desta ter\u00e7a-feira (18), em uma al\u00e7a de acesso no km 271 da rodovia Washington Lu\u00eds (SP-310), em Araraquara, cidade a aproximadamente 80 quil\u00f4metros de Ribeir\u00e3o Preto. Tr\u00eas pessoas ficaram feridas. Segundo a PMR (Pol\u00edcia Militar Rodovi\u00e1ria), dois\u2026","rel":"","context":"In &quot;Not\u00edcias de Ribeir\u00e3o Preto-SP e Regi\u00e3o&quot;","block_context":{"text":"Not\u00edcias de Ribeir\u00e3o Preto-SP e Regi\u00e3o","link":"https:\/\/noticiasribeiraopreto.com.br\/index.php\/category\/noticias-de-ribeirao-preto-sp-e-regiao-ismael-colosi\/"},"img":{"alt_text":"","src":"https:\/\/i0.wp.com\/noticiasribeiraopreto.com.br\/wp-content\/uploads\/2025\/03\/ONIBUS_2025-03-18_14-35-25_jpg_2025-03-18_14-35-26.webp.webp?fit=1200%2C757&ssl=1&resize=350%2C200","width":350,"height":200,"srcset":"https:\/\/i0.wp.com\/noticiasribeiraopreto.com.br\/wp-content\/uploads\/2025\/03\/ONIBUS_2025-03-18_14-35-25_jpg_2025-03-18_14-35-26.webp.webp?fit=1200%2C757&ssl=1&resize=350%2C200 1x, https:\/\/i0.wp.com\/noticiasribeiraopreto.com.br\/wp-content\/uploads\/2025\/03\/ONIBUS_2025-03-18_14-35-25_jpg_2025-03-18_14-35-26.webp.webp?fit=1200%2C757&ssl=1&resize=525%2C300 1.5x, https:\/\/i0.wp.com\/noticiasribeiraopreto.com.br\/wp-content\/uploads\/2025\/03\/ONIBUS_2025-03-18_14-35-25_jpg_2025-03-18_14-35-26.webp.webp?fit=1200%2C757&ssl=1&resize=700%2C400 2x, https:\/\/i0.wp.com\/noticiasribeiraopreto.com.br\/wp-content\/uploads\/2025\/03\/ONIBUS_2025-03-18_14-35-25_jpg_2025-03-18_14-35-26.webp.webp?fit=1200%2C757&ssl=1&resize=1050%2C600 3x"},"classes":[]},{"id":83843,"url":"https:\/\/noticiasribeiraopreto.com.br\/index.php\/2026\/03\/27\/engavetamento-entre-tres-veiculos-deixa-vitima-na-anhanguera\/","url_meta":{"origin":90829,"position":3},"title":"Engavetamento entre tr\u00eas ve\u00edculos deixa v\u00edtima na Anhanguera","author":"noticiasribeiraopreto.com.br","date":"27 de March de 2026","format":false,"excerpt":"Um engavetamento envolvendo uma Kombi e dois carros deixou uma pessoa ferida na noite desta quinta-feira (26), na rodovia Anhanguera (SP-330), em Ribeir\u00e3o Preto. Segundo as informa\u00e7\u00f5es, os tr\u00eas ve\u00edculos seguiam no sentido norte (interior), quando a Kombi bateu na traseira de um carro, e este atingiu um terceiro autom\u00f3vel\u2026","rel":"","context":"In &quot;Not\u00edcias de Ribeir\u00e3o Preto-SP e Regi\u00e3o&quot;","block_context":{"text":"Not\u00edcias de Ribeir\u00e3o Preto-SP e Regi\u00e3o","link":"https:\/\/noticiasribeiraopreto.com.br\/index.php\/category\/noticias-de-ribeirao-preto-sp-e-regiao-ismael-colosi\/"},"img":{"alt_text":"","src":"https:\/\/i0.wp.com\/noticiasribeiraopreto.com.br\/wp-content\/uploads\/2026\/03\/kombi_2026-03-27_11-02-22.webp.webp?fit=1200%2C691&ssl=1&resize=350%2C200","width":350,"height":200,"srcset":"https:\/\/i0.wp.com\/noticiasribeiraopreto.com.br\/wp-content\/uploads\/2026\/03\/kombi_2026-03-27_11-02-22.webp.webp?fit=1200%2C691&ssl=1&resize=350%2C200 1x, https:\/\/i0.wp.com\/noticiasribeiraopreto.com.br\/wp-content\/uploads\/2026\/03\/kombi_2026-03-27_11-02-22.webp.webp?fit=1200%2C691&ssl=1&resize=525%2C300 1.5x, https:\/\/i0.wp.com\/noticiasribeiraopreto.com.br\/wp-content\/uploads\/2026\/03\/kombi_2026-03-27_11-02-22.webp.webp?fit=1200%2C691&ssl=1&resize=700%2C400 2x, https:\/\/i0.wp.com\/noticiasribeiraopreto.com.br\/wp-content\/uploads\/2026\/03\/kombi_2026-03-27_11-02-22.webp.webp?fit=1200%2C691&ssl=1&resize=1050%2C600 3x"},"classes":[]},{"id":88161,"url":"https:\/\/noticiasribeiraopreto.com.br\/index.php\/2026\/07\/15\/engavetamento-entre-duas-carretas-uma-van-e-um-carro-deixa-dois-feridos-na-anhanguera\/","url_meta":{"origin":90829,"position":4},"title":"Engavetamento entre duas carretas, uma van e um carro deixa dois feridos na Anhanguera","author":"noticiasribeiraopreto.com.br","date":"15 de July de 2026","format":false,"excerpt":"Um engavetamento envolvendo dois caminh\u00f5es, uma van e um carro deixou duas pessoas com ferimentos leves na tarde desta quarta-feira (15), na rodovia Anhanguera (SP-330), em Cravinhos, na regi\u00e3o de Ribeir\u00e3o Preto. O acidente aconteceu no km 295 da pista Norte, no sentido Ribeir\u00e3o Preto. De acordo com a concession\u00e1ria,\u2026","rel":"","context":"In &quot;Not\u00edcias de Ribeir\u00e3o Preto-SP e Regi\u00e3o&quot;","block_context":{"text":"Not\u00edcias de Ribeir\u00e3o Preto-SP e Regi\u00e3o","link":"https:\/\/noticiasribeiraopreto.com.br\/index.php\/category\/noticias-de-ribeirao-preto-sp-e-regiao-ismael-colosi\/"},"img":{"alt_text":"","src":"https:\/\/i0.wp.com\/noticiasribeiraopreto.com.br\/wp-content\/uploads\/2026\/07\/IMAGENS-FORTES-14.png?fit=1200%2C675&ssl=1&resize=350%2C200","width":350,"height":200,"srcset":"https:\/\/i0.wp.com\/noticiasribeiraopreto.com.br\/wp-content\/uploads\/2026\/07\/IMAGENS-FORTES-14.png?fit=1200%2C675&ssl=1&resize=350%2C200 1x, https:\/\/i0.wp.com\/noticiasribeiraopreto.com.br\/wp-content\/uploads\/2026\/07\/IMAGENS-FORTES-14.png?fit=1200%2C675&ssl=1&resize=525%2C300 1.5x, https:\/\/i0.wp.com\/noticiasribeiraopreto.com.br\/wp-content\/uploads\/2026\/07\/IMAGENS-FORTES-14.png?fit=1200%2C675&ssl=1&resize=700%2C400 2x, https:\/\/i0.wp.com\/noticiasribeiraopreto.com.br\/wp-content\/uploads\/2026\/07\/IMAGENS-FORTES-14.png?fit=1200%2C675&ssl=1&resize=1050%2C600 3x"},"classes":[]},{"id":69856,"url":"https:\/\/noticiasribeiraopreto.com.br\/index.php\/2025\/05\/09\/acidente-envolvendo-quatro-veiculos-deixa-uma-pessoa-morta-na-rodovia-anhanguera\/","url_meta":{"origin":90829,"position":5},"title":"Acidente envolvendo quatro ve\u00edculos deixa uma pessoa morta na rodovia Anhanguera","author":"noticiasribeiraopreto.com.br","date":"9 de May de 2025","format":false,"excerpt":"\u00a0Na tarde desta sexta-feira (9), um engavetamento no km 238 da rodovia Anhanguera (SP-330), na pista sentido interior, em Santa Rita do Passa Quatro, resultou na morte de uma pessoa. A ocorr\u00eancia envolveu quatro ve\u00edculos: duas carretas, um autom\u00f3vel e uma caminhonete. De acordo com a concession\u00e1ria, foi registrado sete\u2026","rel":"","context":"In &quot;Not\u00edcias de Ribeir\u00e3o Preto-SP e Regi\u00e3o&quot;","block_context":{"text":"Not\u00edcias de Ribeir\u00e3o Preto-SP e Regi\u00e3o","link":"https:\/\/noticiasribeiraopreto.com.br\/index.php\/category\/noticias-de-ribeirao-preto-sp-e-regiao-ismael-colosi\/"},"img":{"alt_text":"","src":"https:\/\/i0.wp.com\/noticiasribeiraopreto.com.br\/wp-content\/uploads\/2025\/05\/Copia-de-Copia-de-Copia-de-TAMANHO-EXATO-PARA-FOTOS-NO-SISTEMA-NOVO-55_2025-05-09_21-15-50.webp.webp?fit=1200%2C675&ssl=1&resize=350%2C200","width":350,"height":200,"srcset":"https:\/\/i0.wp.com\/noticiasribeiraopreto.com.br\/wp-content\/uploads\/2025\/05\/Copia-de-Copia-de-Copia-de-TAMANHO-EXATO-PARA-FOTOS-NO-SISTEMA-NOVO-55_2025-05-09_21-15-50.webp.webp?fit=1200%2C675&ssl=1&resize=350%2C200 1x, https:\/\/i0.wp.com\/noticiasribeiraopreto.com.br\/wp-content\/uploads\/2025\/05\/Copia-de-Copia-de-Copia-de-TAMANHO-EXATO-PARA-FOTOS-NO-SISTEMA-NOVO-55_2025-05-09_21-15-50.webp.webp?fit=1200%2C675&ssl=1&resize=525%2C300 1.5x, https:\/\/i0.wp.com\/noticiasribeiraopreto.com.br\/wp-content\/uploads\/2025\/05\/Copia-de-Copia-de-Copia-de-TAMANHO-EXATO-PARA-FOTOS-NO-SISTEMA-NOVO-55_2025-05-09_21-15-50.webp.webp?fit=1200%2C675&ssl=1&resize=700%2C400 2x, https:\/\/i0.wp.com\/noticiasribeiraopreto.com.br\/wp-content\/uploads\/2025\/05\/Copia-de-Copia-de-Copia-de-TAMANHO-EXATO-PARA-FOTOS-NO-SISTEMA-NOVO-55_2025-05-09_21-15-50.webp.webp?fit=1200%2C675&ssl=1&resize=1050%2C600 3x"},"classes":[]}],"jetpack_sharing_enabled":true,"jetpack_shortlink":"https:\/\/wp.me\/peQAOb-nCZ","jetpack_featured_media_url":"https:\/\/i0.wp.com\/noticiasribeiraopreto.com.br\/wp-content\/uploads\/2026\/08\/engavetamento.jpg?fit=1200%2C675&ssl=1","_links":{"self":[{"href":"https:\/\/noticiasribeiraopreto.com.br\/index.php\/wp-json\/wp\/v2\/posts\/90829","targetHints":{"allow":["GET"]}}],"collection":[{"href":"https:\/\/noticiasribeiraopreto.com.br\/index.php\/wp-json\/wp\/v2\/posts"}],"about":[{"href":"https:\/\/noticiasribeiraopreto.com.br\/index.php\/wp-json\/wp\/v2\/types\/post"}],"author":[{"embeddable":true,"href":"https:\/\/noticiasribeiraopreto.com.br\/index.php\/wp-json\/wp\/v2\/users\/1"}],"replies":[{"embeddable":true,"href":"https:\/\/noticiasribeiraopreto.com.br\/index.php\/wp-json\/wp\/v2\/comments?post=90829"}],"version-history":[{"count":0,"href":"https:\/\/noticiasribeiraopreto.com.br\/index.php\/wp-json\/wp\/v2\/posts\/90829\/revisions"}],"wp:featuredmedia":[{"embeddable":true,"href":"https:\/\/noticiasribeiraopreto.com.br\/index.php\/wp-json\/wp\/v2\/media\/90830"}],"wp:attachment":[{"href":"https:\/\/noticiasribeiraopreto.com.br\/index.php\/wp-json\/wp\/v2\/media?parent=90829"}],"wp:term":[{"taxonomy":"category","embeddable":true,"href":"https:\/\/noticiasribeiraopreto.com.br\/index.php\/wp-json\/wp\/v2\/categories?post=90829"},{"taxonomy":"post_tag","embeddable":true,"href":"https:\/\/noticiasribeiraopreto.com.br\/index.php\/wp-json\/wp\/v2\/tags?post=90829"}],"curies":[{"name":"wp","href":"https:\/\/api.w.org\/{rel}","templated":true}]}}