{"id":90831,"date":"2026-08-31T14:25:06","date_gmt":"2026-08-31T17:25:06","guid":{"rendered":"https:\/\/noticiasribeiraopreto.com.br\/index.php\/2026\/08\/31\/tempo-em-sp-inmet-coloca-estado-sob-alertas-de-tempestade-e-baixa-umidade\/"},"modified":"2026-08-31T14:25:06","modified_gmt":"2026-08-31T17:25:06","slug":"tempo-em-sp-inmet-coloca-estado-sob-alertas-de-tempestade-e-baixa-umidade","status":"publish","type":"post","link":"https:\/\/noticiasribeiraopreto.com.br\/index.php\/2026\/08\/31\/tempo-em-sp-inmet-coloca-estado-sob-alertas-de-tempestade-e-baixa-umidade\/","title":{"rendered":"Tempo em SP: Inmet coloca estado sob alertas de tempestade e baixa umidade"},"content":{"rendered":"<div class='code-block code-block-1' style='margin: 8px 0 8px auto; text-align: right; display: block; clear: both;'>\n<p><a href=\"https:\/\/wa.link\/vpicfd\"><img data-recalc-dims=\"1\" class=\"wp-image-4922\" style=\"aspect-ratio: 2.0253164556962027; width: 561px; height: auto;\" src=\"https:\/\/i0.wp.com\/ismaelcolosi.com.br\/wp-content\/uploads\/2023\/11\/grupo-de-empregos-whatsapp-e-facebook-ismael-colosi-vagas.jpg?ssl=1\" alt=\"\" \/><\/a><\/p>\n<!-- \/wp:image -->\n<\/div>\n<p> <br \/>\n<\/p>\n<p>O<strong> estado de S\u00e3o Paulo<\/strong> enfrenta um cen\u00e1rio de contrastes clim\u00e1ticos nesta segunda-feira (31). O <a href=\"https:\/\/portal.inmet.gov.br\/\" data-type=\"link\" data-id=\"https:\/\/portal.inmet.gov.br\/\" target=\"_blank\" rel=\"noopener\">Inmet (Instituto Nacional de Meteorologia) <\/a>colocou munic\u00edpios paulistas sob dois alertas meteorol\u00f3gicos simult\u00e2neos: enquanto partes do interior sofrem com \u00edndices cr\u00edticos de baixa umidade do ar, outras \u00e1reas est\u00e3o sob risco de tempestades com ventania e granizo.<\/p>\n<p class=\"has-cyan-bluish-gray-background-color has-background\"><em>Receba not\u00edcias do\u00a0<strong>acidade on Ribeir\u00e3o\u00a0<\/strong>no WhatsApp e fique por dentro de tudo! Basta acessar o link<a href=\"https:\/\/chat.whatsapp.com\/DfXwcjKVIddHUT3BvnQuPZ?mode=hqctshi\" target=\"_blank\" rel=\"noreferrer noopener\">\u00a0aqui<\/a>!<\/em><\/p>\n<h2 class=\"wp-block-heading\" id=\"alerta-de-baixa-umidade\"><strong>Alerta de Baixa Umidade<\/strong><\/h2>\n<p>O primeiro alerta abrange grande parte do centro-norte e oeste do estado de S\u00e3o Paulo.<\/p>\n<p>A umidade relativa do ar atinge n\u00edveis considerados prejudiciais \u00e0 sa\u00fade, variando entre 20% e 12%.\u00a0\u00a0<\/p>\n<p>O \u00f3rg\u00e3o alerta que a situa\u00e7\u00e3o pode provocar o aumento no risco de queimadas e inc\u00eandios florestais em pastagens e margens de rodovias, al\u00e9m de ressecamento da pele, irrita\u00e7\u00e3o nos olhos, boca e garganta.\u00a0\u00a0<\/p>\n<figure class=\"wp-block-image size-large\"><figcaption class=\"wp-element-caption\">Fonte: Defesa Civil<\/figcaption><\/figure>\n<h2 class=\"wp-block-heading\" id=\"orientacoes\"><strong>Orienta\u00e7\u00f5es<\/strong><\/h2>\n<p>O Inmet orienta que a popula\u00e7\u00e3o beba bastante l\u00edquido, evite atividades f\u00edsicas ao ar livre nos per\u00edodos mais secos e quentes (das 10h \u00e0s 16h), umedecer ambientes internos e n\u00e3o acenda fogueiras.\u00a0\u00a0<\/p>\n<h2 class=\"wp-block-heading\" id=\"alerta-de-tempestade\"><strong>Alerta de Tempestade\u00a0<\/strong><\/h2>\n<p>O segundo aviso meteorol\u00f3gico alerta para possibilidade de tempestades. A previs\u00e3o \u00e9 de chuva acumulada entre 20 e 30 mm\/h (ou at\u00e9 50 mm\/dia), rajadas de vento intensas variando de 40 a 60 km\/h e possibilidade de queda pontual de granizo.\u00a0\u00a0<\/p>\n<p>O Inmet informa que h\u00e1 risco de quedas de galhos e \u00e1rvores, oscila\u00e7\u00f5es ou cortes pontuais na rede el\u00e9trica, pequenos alagamentos e danos a planta\u00e7\u00f5es.\u00a0\u00a0<\/p>\n<figure class=\"wp-block-image size-full\"><img data-recalc-dims=\"1\" loading=\"lazy\" decoding=\"async\" width=\"611\" height=\"344\" src=\"https:\/\/i0.wp.com\/www.acidadeon.com\/ribeiraopreto\/wp-content\/uploads\/sites\/3\/2026\/08\/tempestade-alerta-inmet.jpeg?resize=611%2C344&#038;ssl=1\" alt=\"alerta tempestade inmet\" class=\"wp-image-173095\" title=\"Tempo em SP: Inmet coloca estado sob alertas de tempestade e baixa umidade 2\"><figcaption class=\"wp-element-caption\">Alerta de tempestade do Inmet (Fonte: Inmet)<\/figcaption><\/figure>\n<h2 class=\"wp-block-heading\" id=\"orientacoes-1\"><strong>Orienta\u00e7\u00f5es\u00a0<\/strong><\/h2>\n<p>N\u00e3o se abrigue debaixo de \u00e1rvores durante rajadas de vento, evite estacionar ve\u00edculos pr\u00f3ximos a postes ou placas publicit\u00e1rias e n\u00e3o utilize aparelhos conectados \u00e0 tomada durante descargas el\u00e9tricas.\u00a0\u00a0<\/p>\n<h2 class=\"wp-block-heading\" id=\"canais-de-emergencia\"><strong>Canais de Emerg\u00eancia<\/strong><\/h2>\n<p>Em situa\u00e7\u00f5es de urg\u00eancia, desabamentos, alagamentos ou queimadas, a popula\u00e7\u00e3o deve acionar imediatamente a Defesa Civil pelo telefone 199 ou o Corpo de Bombeiros pelo 193.\u00a0<\/p>\n<p class=\"has-cyan-bluish-gray-background-color has-background\"><em>Fa\u00e7a uma den\u00fancia ou sugira uma reportagem sobre\u00a0<strong>Ribeir\u00e3o Preto\u00a0<\/strong>e regi\u00e3o por meio do WhatsApp do\u00a0<strong>acidade on Ribeir\u00e3o<\/strong>: (16) 99117-7802.<\/em><\/p>\n<div class=\"wp-block-rank-math-toc-block\" id=\"rank-math-toc\">\n<nav>\n<ul>\n<li class=\"\">Alerta de Baixa Umidade<\/li>\n<li class=\"\">Orienta\u00e7\u00f5es<\/li>\n<li class=\"\">Alerta de Tempestade\u00a0<\/li>\n<li class=\"\">Orienta\u00e7\u00f5es\u00a0<\/li>\n<li class=\"\">Canais de Emerg\u00eancia<\/li>\n<\/ul>\n<\/nav>\n<\/div>\n<p>O post Tempo em SP: Inmet coloca estado sob alertas de tempestade e baixa umidade apareceu primeiro em ACidade ON Ribeir\u00e3o Preto.<\/p>\n<p><br \/>\n<br \/><a href=\"https:\/\/www.acidadeon.com\/ribeiraopreto\/cotidiano\/tempo-em-sp-inmet-coloca-estado-sob-alertas-de-tempestade-e-baixa-umidade\/\">Link para o texto original aqui <\/a><\/p>\n<!-- CONTENT END 1 -->\n","protected":false},"excerpt":{"rendered":"<p>O estado de S\u00e3o Paulo enfrenta um cen\u00e1rio de contrastes clim\u00e1ticos nesta segunda-feira (31). O Inmet (Instituto Nacional de Meteorologia) colocou munic\u00edpios paulistas sob dois&#8230;<\/p>\n","protected":false},"author":1,"featured_media":90832,"comment_status":"","ping_status":"","sticky":false,"template":"","format":"standard","meta":{"advanced_seo_description":"","jetpack_seo_html_title":"","jetpack_seo_noindex":false,"jetpack_seo_schema_type":"","_jetpack_newsletter_access":"","_jetpack_dont_email_post_to_subs":false,"_jetpack_newsletter_tier_id":0,"_jetpack_memberships_contains_paywalled_content":false,"_jetpack_feature_clip_id":0,"_jetpack_memberships_contains_paid_content":false,"footnotes":"","jetpack_publicize_message":"","jetpack_publicize_feature_enabled":true,"jetpack_social_post_already_shared":true,"jetpack_social_options":{"image_generator_settings":{"template":"highway","default_image_id":0,"font":"","enabled":false},"version":2},"jetpack_post_was_ever_published":false},"categories":[11],"tags":[4258,511,321,160,1578,1658,64,351,1304],"class_list":["post-90831","post","type-post","status-publish","format-standard","has-post-thumbnail","hentry","category-noticias-de-ribeirao-preto-sp-e-regiao-ismael-colosi","tag-alertas","tag-baixa","tag-coloca","tag-estado","tag-inmet","tag-sob","tag-tempestade","tag-tempo","tag-umidade"],"jetpack_publicize_connections":[],"jetpack-related-posts":[{"id":89413,"url":"https:\/\/noticiasribeiraopreto.com.br\/index.php\/2026\/08\/05\/inmet-emite-2-alertas-para-o-estado-de-sp-veja-quais-sao-e-as-cidades-afetadas\/","url_meta":{"origin":90831,"position":0},"title":"Inmet emite 2 alertas para o estado de SP; Veja quais s\u00e3o e as cidades afetadas","author":"noticiasribeiraopreto.com.br","date":"5 de August de 2026","format":false,"excerpt":"O\u00a0Inmet (Instituto Nacional de Meteorologia)\u00a0publicou\u00a0dois alertas diferentes para o estado de S\u00e3o Paulo que indicam risco de baixa umidade e de tempestade. Receba not\u00edcias do\u00a0acidade on Ribeir\u00e3o\u00a0no WhatsApp e fique por dentro de tudo! Basta acessar o link\u00a0aqui! Os avisos est\u00e3o classificados na cor amarela \u2013 o primeiro de tr\u00eas\u2026","rel":"","context":"In &quot;Not\u00edcias de Ribeir\u00e3o Preto-SP e Regi\u00e3o&quot;","block_context":{"text":"Not\u00edcias de Ribeir\u00e3o Preto-SP e Regi\u00e3o","link":"https:\/\/noticiasribeiraopreto.com.br\/index.php\/category\/noticias-de-ribeirao-preto-sp-e-regiao-ismael-colosi\/"},"img":{"alt_text":"","src":"https:\/\/i0.wp.com\/noticiasribeiraopreto.com.br\/wp-content\/uploads\/2026\/08\/mapa-2.jpg?fit=1200%2C869&ssl=1&resize=350%2C200","width":350,"height":200,"srcset":"https:\/\/i0.wp.com\/noticiasribeiraopreto.com.br\/wp-content\/uploads\/2026\/08\/mapa-2.jpg?fit=1200%2C869&ssl=1&resize=350%2C200 1x, https:\/\/i0.wp.com\/noticiasribeiraopreto.com.br\/wp-content\/uploads\/2026\/08\/mapa-2.jpg?fit=1200%2C869&ssl=1&resize=525%2C300 1.5x, https:\/\/i0.wp.com\/noticiasribeiraopreto.com.br\/wp-content\/uploads\/2026\/08\/mapa-2.jpg?fit=1200%2C869&ssl=1&resize=700%2C400 2x, https:\/\/i0.wp.com\/noticiasribeiraopreto.com.br\/wp-content\/uploads\/2026\/08\/mapa-2.jpg?fit=1200%2C869&ssl=1&resize=1050%2C600 3x"},"classes":[]},{"id":77262,"url":"https:\/\/noticiasribeiraopreto.com.br\/index.php\/2025\/09\/15\/estado-de-sp-recebe-alerta-para-tempestade-e-baixa-umidade-veja-cidades\/","url_meta":{"origin":90831,"position":1},"title":"Estado de SP recebe alerta para tempestade e baixa umidade; Veja cidades","author":"noticiasribeiraopreto.com.br","date":"15 de September de 2025","format":false,"excerpt":"O\u00a0Inmet (Instituto Nacional de Meteorologia)\u00a0publicou alerta para tempestade e baixa umidade no estado de S\u00e3o Paulo. Ribeir\u00e3o Preto e cidades da regi\u00e3o est\u00e3o inclu\u00eddas na faixa amarela, a primeira em uma escala at\u00e9 tr\u00eas n\u00edveis de severidade, que indica perigo potencial para baixa unidade do ar, com \u00edndices entre 30%\u2026","rel":"","context":"In &quot;Not\u00edcias de Ribeir\u00e3o Preto-SP e Regi\u00e3o&quot;","block_context":{"text":"Not\u00edcias de Ribeir\u00e3o Preto-SP e Regi\u00e3o","link":"https:\/\/noticiasribeiraopreto.com.br\/index.php\/category\/noticias-de-ribeirao-preto-sp-e-regiao-ismael-colosi\/"},"img":{"alt_text":"","src":"https:\/\/i0.wp.com\/noticiasribeiraopreto.com.br\/wp-content\/uploads\/2025\/09\/MAPA_2025-09-15_15-45-17.webp.webp?fit=1200%2C778&ssl=1&resize=350%2C200","width":350,"height":200,"srcset":"https:\/\/i0.wp.com\/noticiasribeiraopreto.com.br\/wp-content\/uploads\/2025\/09\/MAPA_2025-09-15_15-45-17.webp.webp?fit=1200%2C778&ssl=1&resize=350%2C200 1x, https:\/\/i0.wp.com\/noticiasribeiraopreto.com.br\/wp-content\/uploads\/2025\/09\/MAPA_2025-09-15_15-45-17.webp.webp?fit=1200%2C778&ssl=1&resize=525%2C300 1.5x, https:\/\/i0.wp.com\/noticiasribeiraopreto.com.br\/wp-content\/uploads\/2025\/09\/MAPA_2025-09-15_15-45-17.webp.webp?fit=1200%2C778&ssl=1&resize=700%2C400 2x, https:\/\/i0.wp.com\/noticiasribeiraopreto.com.br\/wp-content\/uploads\/2025\/09\/MAPA_2025-09-15_15-45-17.webp.webp?fit=1200%2C778&ssl=1&resize=1050%2C600 3x"},"classes":[]},{"id":90477,"url":"https:\/\/noticiasribeiraopreto.com.br\/index.php\/2026\/08\/23\/umidade-despenca-e-pode-chegar-a-12-no-interior-de-sp-veja-cidades-em-alerta\/","url_meta":{"origin":90831,"position":2},"title":"Umidade despenca e pode chegar a 12% no interior de SP; Veja cidades em alerta","author":"noticiasribeiraopreto.com.br","date":"23 de August de 2026","format":false,"excerpt":"O Instituto Nacional de Meteorologia (Inmet) emitiu dois novos alertas de baixa umidade para o interior de S\u00e3o Paulo neste domingo (23). Os avisos s\u00e3o classificados nas cores amarela e laranja e atingem diferentes regi\u00f5es do estado \u2014 veja abaixo quais. De acordo com o \u00f3rg\u00e3o, o alerta amarelo indica\u2026","rel":"","context":"In &quot;Not\u00edcias de Ribeir\u00e3o Preto-SP e Regi\u00e3o&quot;","block_context":{"text":"Not\u00edcias de Ribeir\u00e3o Preto-SP e Regi\u00e3o","link":"https:\/\/noticiasribeiraopreto.com.br\/index.php\/category\/noticias-de-ribeirao-preto-sp-e-regiao-ismael-colosi\/"},"img":{"alt_text":"","src":"https:\/\/i0.wp.com\/noticiasribeiraopreto.com.br\/wp-content\/uploads\/2026\/08\/alerta-inmet.jpg?fit=1200%2C675&ssl=1&resize=350%2C200","width":350,"height":200,"srcset":"https:\/\/i0.wp.com\/noticiasribeiraopreto.com.br\/wp-content\/uploads\/2026\/08\/alerta-inmet.jpg?fit=1200%2C675&ssl=1&resize=350%2C200 1x, https:\/\/i0.wp.com\/noticiasribeiraopreto.com.br\/wp-content\/uploads\/2026\/08\/alerta-inmet.jpg?fit=1200%2C675&ssl=1&resize=525%2C300 1.5x, https:\/\/i0.wp.com\/noticiasribeiraopreto.com.br\/wp-content\/uploads\/2026\/08\/alerta-inmet.jpg?fit=1200%2C675&ssl=1&resize=700%2C400 2x, https:\/\/i0.wp.com\/noticiasribeiraopreto.com.br\/wp-content\/uploads\/2026\/08\/alerta-inmet.jpg?fit=1200%2C675&ssl=1&resize=1050%2C600 3x"},"classes":[]},{"id":53089,"url":"https:\/\/noticiasribeiraopreto.com.br\/index.php\/2024\/06\/16\/novo-alerta-do-inmet-coloca-interior-de-sp-em-estado-de-perigo-devido-a-baixa-umidade-do-ar\/","url_meta":{"origin":90831,"position":3},"title":"Novo alerta do Inmet coloca interior de SP em estado de perigo devido a baixa umidade do ar","author":"noticiasribeiraopreto.com.br","date":"16 de June de 2024","format":false,"excerpt":"Um novo alerta do Inmet (Instituto Nacional de Meteorologia) emitido neste domingo (16) coloca cidades do interior de S\u00e3o Paulo, entre elas, Ribeir\u00e3o Preto (veja abaixo) em aten\u00e7\u00e3o devido ao perigo potencial causado pela baixa umidade do ar. O alerta \u00e9 v\u00e1lido a partir do meio-dia at\u00e9 \u00e0s 19h deste\u2026","rel":"","context":"In &quot;Not\u00edcias de Ribeir\u00e3o Preto-SP e Regi\u00e3o&quot;","block_context":{"text":"Not\u00edcias de Ribeir\u00e3o Preto-SP e Regi\u00e3o","link":"https:\/\/noticiasribeiraopreto.com.br\/index.php\/category\/noticias-de-ribeirao-preto-sp-e-regiao-ismael-colosi\/"},"img":{"alt_text":"","src":"https:\/\/i0.wp.com\/noticiasribeiraopreto.com.br\/wp-content\/uploads\/2024\/06\/Copia-de-Copia-de-TAMANHO-EXATO-PARA-FOTOS-NO-SISTEMA-NOVO_2024-06-16_13-49-57_png_2024-06-16_13-49-57.webp.webp?fit=1200%2C675&ssl=1&resize=350%2C200","width":350,"height":200,"srcset":"https:\/\/i0.wp.com\/noticiasribeiraopreto.com.br\/wp-content\/uploads\/2024\/06\/Copia-de-Copia-de-TAMANHO-EXATO-PARA-FOTOS-NO-SISTEMA-NOVO_2024-06-16_13-49-57_png_2024-06-16_13-49-57.webp.webp?fit=1200%2C675&ssl=1&resize=350%2C200 1x, https:\/\/i0.wp.com\/noticiasribeiraopreto.com.br\/wp-content\/uploads\/2024\/06\/Copia-de-Copia-de-TAMANHO-EXATO-PARA-FOTOS-NO-SISTEMA-NOVO_2024-06-16_13-49-57_png_2024-06-16_13-49-57.webp.webp?fit=1200%2C675&ssl=1&resize=525%2C300 1.5x, https:\/\/i0.wp.com\/noticiasribeiraopreto.com.br\/wp-content\/uploads\/2024\/06\/Copia-de-Copia-de-TAMANHO-EXATO-PARA-FOTOS-NO-SISTEMA-NOVO_2024-06-16_13-49-57_png_2024-06-16_13-49-57.webp.webp?fit=1200%2C675&ssl=1&resize=700%2C400 2x, https:\/\/i0.wp.com\/noticiasribeiraopreto.com.br\/wp-content\/uploads\/2024\/06\/Copia-de-Copia-de-TAMANHO-EXATO-PARA-FOTOS-NO-SISTEMA-NOVO_2024-06-16_13-49-57_png_2024-06-16_13-49-57.webp.webp?fit=1200%2C675&ssl=1&resize=1050%2C600 3x"},"classes":[]},{"id":89472,"url":"https:\/\/noticiasribeiraopreto.com.br\/index.php\/2026\/08\/06\/inmet-emite-3-alertas-para-o-estado-de-sp-saiba-quais-sao-e-confira-as-cidades-afetadas\/","url_meta":{"origin":90831,"position":4},"title":"Inmet emite 3 alertas para o estado de SP; Saiba quais s\u00e3o e confira as cidades afetadas","author":"noticiasribeiraopreto.com.br","date":"6 de August de 2026","format":false,"excerpt":"O\u00a0Inmet (Instituto Nacional de Meteorologia)\u00a0publicou\u00a0tr\u00eas alertas diferentes para o estado de S\u00e3o Paulo, que indicam risco de tempestade, vendaval e de baixa umidade nesta quinta-feira (6). Receba not\u00edcias do\u00a0acidade on Ribeir\u00e3o\u00a0no WhatsApp e fique por dentro de tudo! Basta acessar o link\u00a0aqui! Os avisos est\u00e3o classificados na cor amarela, a\u2026","rel":"","context":"In &quot;Not\u00edcias de Ribeir\u00e3o Preto-SP e Regi\u00e3o&quot;","block_context":{"text":"Not\u00edcias de Ribeir\u00e3o Preto-SP e Regi\u00e3o","link":"https:\/\/noticiasribeiraopreto.com.br\/index.php\/category\/noticias-de-ribeirao-preto-sp-e-regiao-ismael-colosi\/"},"img":{"alt_text":"","src":"https:\/\/i0.wp.com\/noticiasribeiraopreto.com.br\/wp-content\/uploads\/2026\/08\/mapa-3.jpg?fit=1200%2C724&ssl=1&resize=350%2C200","width":350,"height":200,"srcset":"https:\/\/i0.wp.com\/noticiasribeiraopreto.com.br\/wp-content\/uploads\/2026\/08\/mapa-3.jpg?fit=1200%2C724&ssl=1&resize=350%2C200 1x, https:\/\/i0.wp.com\/noticiasribeiraopreto.com.br\/wp-content\/uploads\/2026\/08\/mapa-3.jpg?fit=1200%2C724&ssl=1&resize=525%2C300 1.5x, https:\/\/i0.wp.com\/noticiasribeiraopreto.com.br\/wp-content\/uploads\/2026\/08\/mapa-3.jpg?fit=1200%2C724&ssl=1&resize=700%2C400 2x, https:\/\/i0.wp.com\/noticiasribeiraopreto.com.br\/wp-content\/uploads\/2026\/08\/mapa-3.jpg?fit=1200%2C724&ssl=1&resize=1050%2C600 3x"},"classes":[]},{"id":89001,"url":"https:\/\/noticiasribeiraopreto.com.br\/index.php\/2026\/07\/29\/inmet-emite-3-alertas-para-o-estado-de-sp-veja-quais-e-as-cidades-afetadas\/","url_meta":{"origin":90831,"position":5},"title":"Inmet emite 3 alertas para o estado de SP; Veja quais e as cidades afetadas","author":"noticiasribeiraopreto.com.br","date":"29 de July de 2026","format":false,"excerpt":"O\u00a0Inmet (Instituto Nacional de Meteorologia)\u00a0publicou\u00a0tr\u00eas alertas diferentes para o estado de S\u00e3o Paulo, que indicam risco de baixa umidade, tempestade e ventos costeiros nesta quarta-feira (29). Receba not\u00edcias do\u00a0acidade on Ribeir\u00e3o\u00a0no WhatsApp e fique por dentro de tudo! Basta acessar o link\u00a0aqui! Os avisos est\u00e3o classificados nas cores amarela e\u2026","rel":"","context":"In &quot;Not\u00edcias de Ribeir\u00e3o Preto-SP e Regi\u00e3o&quot;","block_context":{"text":"Not\u00edcias de Ribeir\u00e3o Preto-SP e Regi\u00e3o","link":"https:\/\/noticiasribeiraopreto.com.br\/index.php\/category\/noticias-de-ribeirao-preto-sp-e-regiao-ismael-colosi\/"},"img":{"alt_text":"","src":"https:\/\/i0.wp.com\/noticiasribeiraopreto.com.br\/wp-content\/uploads\/2026\/07\/mapa-6.jpg?fit=1200%2C852&ssl=1&resize=350%2C200","width":350,"height":200,"srcset":"https:\/\/i0.wp.com\/noticiasribeiraopreto.com.br\/wp-content\/uploads\/2026\/07\/mapa-6.jpg?fit=1200%2C852&ssl=1&resize=350%2C200 1x, https:\/\/i0.wp.com\/noticiasribeiraopreto.com.br\/wp-content\/uploads\/2026\/07\/mapa-6.jpg?fit=1200%2C852&ssl=1&resize=525%2C300 1.5x, https:\/\/i0.wp.com\/noticiasribeiraopreto.com.br\/wp-content\/uploads\/2026\/07\/mapa-6.jpg?fit=1200%2C852&ssl=1&resize=700%2C400 2x, https:\/\/i0.wp.com\/noticiasribeiraopreto.com.br\/wp-content\/uploads\/2026\/07\/mapa-6.jpg?fit=1200%2C852&ssl=1&resize=1050%2C600 3x"},"classes":[]}],"jetpack_sharing_enabled":true,"jetpack_shortlink":"https:\/\/wp.me\/peQAOb-nD1","jetpack_featured_media_url":"https:\/\/i0.wp.com\/noticiasribeiraopreto.com.br\/wp-content\/uploads\/2026\/08\/alerta-umidade-inmet.jpeg?fit=1599%2C899&ssl=1","_links":{"self":[{"href":"https:\/\/noticiasribeiraopreto.com.br\/index.php\/wp-json\/wp\/v2\/posts\/90831","targetHints":{"allow":["GET"]}}],"collection":[{"href":"https:\/\/noticiasribeiraopreto.com.br\/index.php\/wp-json\/wp\/v2\/posts"}],"about":[{"href":"https:\/\/noticiasribeiraopreto.com.br\/index.php\/wp-json\/wp\/v2\/types\/post"}],"author":[{"embeddable":true,"href":"https:\/\/noticiasribeiraopreto.com.br\/index.php\/wp-json\/wp\/v2\/users\/1"}],"replies":[{"embeddable":true,"href":"https:\/\/noticiasribeiraopreto.com.br\/index.php\/wp-json\/wp\/v2\/comments?post=90831"}],"version-history":[{"count":0,"href":"https:\/\/noticiasribeiraopreto.com.br\/index.php\/wp-json\/wp\/v2\/posts\/90831\/revisions"}],"wp:featuredmedia":[{"embeddable":true,"href":"https:\/\/noticiasribeiraopreto.com.br\/index.php\/wp-json\/wp\/v2\/media\/90832"}],"wp:attachment":[{"href":"https:\/\/noticiasribeiraopreto.com.br\/index.php\/wp-json\/wp\/v2\/media?parent=90831"}],"wp:term":[{"taxonomy":"category","embeddable":true,"href":"https:\/\/noticiasribeiraopreto.com.br\/index.php\/wp-json\/wp\/v2\/categories?post=90831"},{"taxonomy":"post_tag","embeddable":true,"href":"https:\/\/noticiasribeiraopreto.com.br\/index.php\/wp-json\/wp\/v2\/tags?post=90831"}],"curies":[{"name":"wp","href":"https:\/\/api.w.org\/{rel}","templated":true}]}}