{"id":90833,"date":"2026-08-31T15:29:07","date_gmt":"2026-08-31T18:29:07","guid":{"rendered":"https:\/\/noticiasribeiraopreto.com.br\/index.php\/2026\/08\/31\/prefeitura-decreta-luto-oficial-de-tres-dias-pelo-falecimento-de-marcelo-gasparini\/"},"modified":"2026-08-31T15:29:07","modified_gmt":"2026-08-31T18:29:07","slug":"prefeitura-decreta-luto-oficial-de-tres-dias-pelo-falecimento-de-marcelo-gasparini","status":"publish","type":"post","link":"https:\/\/noticiasribeiraopreto.com.br\/index.php\/2026\/08\/31\/prefeitura-decreta-luto-oficial-de-tres-dias-pelo-falecimento-de-marcelo-gasparini\/","title":{"rendered":"Prefeitura decreta luto oficial de tr\u00eas dias pelo falecimento de Marcelo Gasparini"},"content":{"rendered":"<div class='code-block code-block-1' style='margin: 8px 0 8px auto; text-align: right; display: block; clear: both;'>\n<p><a href=\"https:\/\/wa.link\/vpicfd\"><img data-recalc-dims=\"1\" class=\"wp-image-4922\" style=\"aspect-ratio: 2.0253164556962027; width: 561px; height: auto;\" src=\"https:\/\/i0.wp.com\/ismaelcolosi.com.br\/wp-content\/uploads\/2023\/11\/grupo-de-empregos-whatsapp-e-facebook-ismael-colosi-vagas.jpg?ssl=1\" alt=\"\" \/><\/a><\/p>\n<!-- \/wp:image -->\n<\/div>\n<p> <br \/>\n<\/p>\n<div data-td-block-uid=\"tdi_137\">\n<div class=\"tdb-block-inner td-fix-index\">\n<p class=\"wp-block-paragraph\">A Prefeitura de <strong>Ribeir\u00e3o Preto<\/strong> decretou luto oficial de tr\u00eas dias em mem\u00f3ria do cantor, m\u00fasico e agente cultural <strong>Marcelo Gasparini,<\/strong> falecido aos 54 anos em decorr\u00eancia de complica\u00e7\u00f5es da leucemia. A homenagem teve in\u00edcio nesta segunda-feira, 31 de agosto, oficializada pelo Decreto n\u00ba 180, assinado pelo prefeito Ricardo Silva.<\/p>\n<p class=\"wp-block-paragraph\">Membro de uma das fam\u00edlias mais tradicionais da pol\u00edtica e da vida p\u00fablica da regi\u00e3o, Marcelo era filho do ex-prefeito e ex-deputado Welson Gasparini \u2014 falecido em 2024 \u2014 e irm\u00e3o g\u00eameo do vereador Maur\u00edcio Gasparini. Ao lado de Maur\u00edcio, com quem formou por d\u00e9cadas a dupla sertaneja \u201c<strong>Maur\u00edcio e Marcelo<\/strong>\u201d, ele construiu uma trajet\u00f3ria marcante na m\u00fasica regional, tornando-se uma figura muito querida pela comunidade local e pelo segmento art\u00edstico.<\/p>\n<p class=\"wp-block-paragraph\">O decreto municipal destaca o legado cultural deixado por Marcelo ao longo de sua vida, al\u00e9m de ressaltar a dignidade e a coragem com que ele combateu a doen\u00e7a nos \u00faltimos anos, movimento que mobilizou correntes de solidariedade, carinho e ora\u00e7\u00f5es por toda a cidade.<\/p>\n<p class=\"wp-block-paragraph\">Como homenagem solene e em sinal de profundo respeito da administra\u00e7\u00e3o municipal e dos mun\u00edcipes, as bandeiras de <strong>Ribeir\u00e3o Preto<\/strong> permanecer\u00e3o hasteadas a meio-mastro nos edif\u00edcios p\u00fablicos durante todo o per\u00edodo de luto.<\/p>\n<p class=\"wp-block-paragraph\"><em><strong>Leia tamb\u00e9m:<\/strong><\/em><\/p>\n<figure class=\"wp-block-embed is-type-wp-embed is-provider-thmais-voc-por-dentro-de-tudo wp-block-embed-thmais-voc-por-dentro-de-tudo\"\/>\n<figure class=\"wp-block-embed is-type-wp-embed is-provider-thmais-voc-por-dentro-de-tudo wp-block-embed-thmais-voc-por-dentro-de-tudo\"\/>\n<figure class=\"wp-block-image size-full\"><\/figure>\n<figure class=\"wp-block-image size-full is-style-default\"><a href=\"https:\/\/whatsapp.com\/channel\/0029VaMvyGt6LwHpMsKAea0f\"><img data-recalc-dims=\"1\" loading=\"lazy\" data-lazyloaded=\"1\" decoding=\"async\" width=\"600\" height=\"90\" src=\"https:\/\/i0.wp.com\/static1.thmais.com.br\/wp-content\/uploads\/2026\/08\/CANAL-WHATS-PORTAL.jpg?resize=600%2C90&#038;ssl=1\" alt=\"\" class=\"wp-image-662392\" srcset=\"https:\/\/thmais.com.br\/wp-content\/uploads\/2026\/08\/CANAL-WHATS-PORTAL.jpg 600w, https:\/\/thmais.com.br\/wp-content\/uploads\/2026\/08\/CANAL-WHATS-PORTAL-300x45.jpg 300w, https:\/\/thmais.com.br\/wp-content\/uploads\/2026\/08\/CANAL-WHATS-PORTAL-150x23.jpg 150w\" data-sizes=\"(max-width: 600px) 100vw, 600px\"\/><\/a><\/figure>\n<figure class=\"wp-block-image size-full is-style-default\"><a href=\"https:\/\/www.instagram.com\/thmaisnews\/\"><img data-recalc-dims=\"1\" loading=\"lazy\" data-lazyloaded=\"1\" decoding=\"async\" width=\"600\" height=\"90\" src=\"https:\/\/i0.wp.com\/static1.thmais.com.br\/wp-content\/uploads\/2026\/08\/INSTAGRAM.jpg?resize=600%2C90&#038;ssl=1\" alt=\"\" class=\"wp-image-662396\" srcset=\"https:\/\/thmais.com.br\/wp-content\/uploads\/2026\/08\/INSTAGRAM.jpg 600w, https:\/\/thmais.com.br\/wp-content\/uploads\/2026\/08\/INSTAGRAM-300x45.jpg 300w, https:\/\/thmais.com.br\/wp-content\/uploads\/2026\/08\/INSTAGRAM-150x23.jpg 150w\" data-sizes=\"(max-width: 600px) 100vw, 600px\"\/><\/a><\/figure>\n<\/div>\n<\/div>\n<p><script async src=\"\/\/www.instagram.com\/embed.js\"><\/script><br \/>\n<br \/><br \/>\n<br \/><a href=\"https:\/\/thmais.com.br\/cidades\/ribeirao-preto\/prefeitura-decreta-luto-oficial-de-tres-dias-pelo-falecimento-de-marcelo-gasparini\/\">Link para o texto original aqui <\/a><\/p>\n<!-- CONTENT END 1 -->\n","protected":false},"excerpt":{"rendered":"<p>A Prefeitura de Ribeir\u00e3o Preto decretou luto oficial de tr\u00eas dias em mem\u00f3ria do cantor, m\u00fasico e agente cultural Marcelo Gasparini, falecido aos 54 anos&#8230;<\/p>\n","protected":false},"author":1,"featured_media":90834,"comment_status":"","ping_status":"","sticky":false,"template":"","format":"standard","meta":{"advanced_seo_description":"","jetpack_seo_html_title":"","jetpack_seo_noindex":false,"jetpack_seo_schema_type":"","_jetpack_newsletter_access":"","_jetpack_dont_email_post_to_subs":false,"_jetpack_newsletter_tier_id":0,"_jetpack_memberships_contains_paywalled_content":false,"_jetpack_feature_clip_id":0,"_jetpack_memberships_contains_paid_content":false,"footnotes":"","jetpack_publicize_message":"","jetpack_publicize_feature_enabled":true,"jetpack_social_post_already_shared":true,"jetpack_social_options":{"image_generator_settings":{"template":"highway","default_image_id":0,"font":"","enabled":false},"version":2},"jetpack_post_was_ever_published":false},"categories":[11],"tags":[1332,493,8833,4730,3136,1583,5684,885,244,6456,639],"class_list":["post-90833","post","type-post","status-publish","format-standard","has-post-thumbnail","hentry","category-noticias-de-ribeirao-preto-sp-e-regiao-ismael-colosi","tag-decreta","tag-dias","tag-falecimento","tag-gasparini","tag-luto","tag-marcelo","tag-oficial","tag-pelo","tag-prefeitura","tag-ribeirao-preto","tag-tres"],"jetpack_publicize_connections":[],"jetpack-related-posts":[{"id":90825,"url":"https:\/\/noticiasribeiraopreto.com.br\/index.php\/2026\/08\/31\/ribeirao-preto-decreta-luto-oficial-de-tres-dias-pela-morte-de-marcelo-gasparini\/","url_meta":{"origin":90833,"position":0},"title":"Ribeir\u00e3o Preto decreta luto oficial de tr\u00eas dias pela morte de Marcelo Gasparini","author":"noticiasribeiraopreto.com.br","date":"31 de August de 2026","format":false,"excerpt":"A Prefeitura de Ribeir\u00e3o Preto decretou luto oficial de tr\u00eas dias pela morte do cantor Marcelo Gasparini, aos 54 anos. O per\u00edodo come\u00e7a nesta segunda-feira (31), conforme estabelece o Decreto n\u00ba 180, assinado pelo prefeito Ricardo Silva. Marcelo Gasparini Marcelo Gasparini integrou durante d\u00e9cadas a dupla sertaneja Maur\u00edcio e Marcelo\u2026","rel":"","context":"In &quot;Not\u00edcias de Ribeir\u00e3o Preto-SP e Regi\u00e3o&quot;","block_context":{"text":"Not\u00edcias de Ribeir\u00e3o Preto-SP e Regi\u00e3o","link":"https:\/\/noticiasribeiraopreto.com.br\/index.php\/category\/noticias-de-ribeirao-preto-sp-e-regiao-ismael-colosi\/"},"img":{"alt_text":"","src":"https:\/\/i0.wp.com\/noticiasribeiraopreto.com.br\/wp-content\/uploads\/2026\/08\/gasparini.jpg?fit=1200%2C675&ssl=1&resize=350%2C200","width":350,"height":200,"srcset":"https:\/\/i0.wp.com\/noticiasribeiraopreto.com.br\/wp-content\/uploads\/2026\/08\/gasparini.jpg?fit=1200%2C675&ssl=1&resize=350%2C200 1x, https:\/\/i0.wp.com\/noticiasribeiraopreto.com.br\/wp-content\/uploads\/2026\/08\/gasparini.jpg?fit=1200%2C675&ssl=1&resize=525%2C300 1.5x, https:\/\/i0.wp.com\/noticiasribeiraopreto.com.br\/wp-content\/uploads\/2026\/08\/gasparini.jpg?fit=1200%2C675&ssl=1&resize=700%2C400 2x, https:\/\/i0.wp.com\/noticiasribeiraopreto.com.br\/wp-content\/uploads\/2026\/08\/gasparini.jpg?fit=1200%2C675&ssl=1&resize=1050%2C600 3x"},"classes":[]},{"id":90819,"url":"https:\/\/noticiasribeiraopreto.com.br\/index.php\/2026\/08\/31\/cantor-daniel-lamenta-morte-de-marcelo-gasparini-veja-a-repercussao\/","url_meta":{"origin":90833,"position":1},"title":"Cantor Daniel lamenta morte de Marcelo Gasparini; veja a repercuss\u00e3o","author":"noticiasribeiraopreto.com.br","date":"31 de August de 2026","format":false,"excerpt":"O cantor Daniel lamentou a morte de Marcelo Gasparini, aos 54 anos, na madrugada desta segunda-feira (31), em Ribeir\u00e3o Preto. \u201cCome\u00e7amos o dia com uma not\u00edcia triste! Confesso que me abalou\u201d, escreveu Daniel nas redes sociais. Receba not\u00edcias do\u00a0acidade on Ribeir\u00e3o\u00a0no WhatsApp e fique por dentro de tudo! Basta acessar\u2026","rel":"","context":"In &quot;Not\u00edcias de Ribeir\u00e3o Preto-SP e Regi\u00e3o&quot;","block_context":{"text":"Not\u00edcias de Ribeir\u00e3o Preto-SP e Regi\u00e3o","link":"https:\/\/noticiasribeiraopreto.com.br\/index.php\/category\/noticias-de-ribeirao-preto-sp-e-regiao-ismael-colosi\/"},"img":{"alt_text":"","src":"https:\/\/i0.wp.com\/noticiasribeiraopreto.com.br\/wp-content\/uploads\/2026\/08\/mauricio-e-marcelo-gasparini-1.jpg?fit=1200%2C675&ssl=1&resize=350%2C200","width":350,"height":200,"srcset":"https:\/\/i0.wp.com\/noticiasribeiraopreto.com.br\/wp-content\/uploads\/2026\/08\/mauricio-e-marcelo-gasparini-1.jpg?fit=1200%2C675&ssl=1&resize=350%2C200 1x, https:\/\/i0.wp.com\/noticiasribeiraopreto.com.br\/wp-content\/uploads\/2026\/08\/mauricio-e-marcelo-gasparini-1.jpg?fit=1200%2C675&ssl=1&resize=525%2C300 1.5x, https:\/\/i0.wp.com\/noticiasribeiraopreto.com.br\/wp-content\/uploads\/2026\/08\/mauricio-e-marcelo-gasparini-1.jpg?fit=1200%2C675&ssl=1&resize=700%2C400 2x, https:\/\/i0.wp.com\/noticiasribeiraopreto.com.br\/wp-content\/uploads\/2026\/08\/mauricio-e-marcelo-gasparini-1.jpg?fit=1200%2C675&ssl=1&resize=1050%2C600 3x"},"classes":[]},{"id":90798,"url":"https:\/\/noticiasribeiraopreto.com.br\/index.php\/2026\/08\/31\/morre-cantor-marcelo-gasparini-apos-luta-contra-o-cancer\/","url_meta":{"origin":90833,"position":2},"title":"Morre cantor Marcelo Gasparini ap\u00f3s luta contra o c\u00e2ncer","author":"noticiasribeiraopreto.com.br","date":"31 de August de 2026","format":false,"excerpt":"O cantor sertanejo Marcelo Gasparini, integrante da dupla Maur\u00edcio e Marcelo, morreu, nesta segunfa-feira (31), aos 54 anos.Marcelo lutava contra um c\u00e2ncer e havia sido diagnosticado, em fevereiro deste ano, com Leucemia Mieloide Aguda (LMA).Ao lado do irm\u00e3o g\u00eameo, Maur\u00edcio Gasparini, Marcelo construiu uma trajet\u00f3ria marcada pela m\u00fasica, pela alegria\u2026","rel":"","context":"In &quot;Not\u00edcias de Ribeir\u00e3o Preto-SP e Regi\u00e3o&quot;","block_context":{"text":"Not\u00edcias de Ribeir\u00e3o Preto-SP e Regi\u00e3o","link":"https:\/\/noticiasribeiraopreto.com.br\/index.php\/category\/noticias-de-ribeirao-preto-sp-e-regiao-ismael-colosi\/"},"img":{"alt_text":"","src":"https:\/\/i0.wp.com\/noticiasribeiraopreto.com.br\/wp-content\/uploads\/2026\/08\/WhatsApp-Image-2026-08-31-at-06.25.58-1-e1788171077509.jpeg?fit=1075%2C850&ssl=1&resize=350%2C200","width":350,"height":200,"srcset":"https:\/\/i0.wp.com\/noticiasribeiraopreto.com.br\/wp-content\/uploads\/2026\/08\/WhatsApp-Image-2026-08-31-at-06.25.58-1-e1788171077509.jpeg?fit=1075%2C850&ssl=1&resize=350%2C200 1x, https:\/\/i0.wp.com\/noticiasribeiraopreto.com.br\/wp-content\/uploads\/2026\/08\/WhatsApp-Image-2026-08-31-at-06.25.58-1-e1788171077509.jpeg?fit=1075%2C850&ssl=1&resize=525%2C300 1.5x, https:\/\/i0.wp.com\/noticiasribeiraopreto.com.br\/wp-content\/uploads\/2026\/08\/WhatsApp-Image-2026-08-31-at-06.25.58-1-e1788171077509.jpeg?fit=1075%2C850&ssl=1&resize=700%2C400 2x, https:\/\/i0.wp.com\/noticiasribeiraopreto.com.br\/wp-content\/uploads\/2026\/08\/WhatsApp-Image-2026-08-31-at-06.25.58-1-e1788171077509.jpeg?fit=1075%2C850&ssl=1&resize=1050%2C600 3x"},"classes":[]},{"id":90802,"url":"https:\/\/noticiasribeiraopreto.com.br\/index.php\/2026\/08\/31\/morre-marcelo-gasparini-da-dupla-sertaneja-mauricio-e-marcelo\/","url_meta":{"origin":90833,"position":3},"title":"Morre Marcelo Gasparini, da dupla sertaneja Maur\u00edcio e Marcelo","author":"noticiasribeiraopreto.com.br","date":"31 de August de 2026","format":false,"excerpt":"\r \r \r 31 de agosto de 2026 08:15 \r Compartilhar0 Faleceu nesta segunda-feira (31), aos 54 anos, o cantor sertanejo Marcelo Gasparini, integrante da dupla Maur\u00edcio e Marcelo.\u00a0Marcelo lutava contra um c\u00e2ncer e havia sido diagnosticado, em fevereiro deste ano, com Leucemia Miel\u00f3ide Aguda (LMA). Ao lado do irm\u00e3o\u2026","rel":"","context":"In &quot;Not\u00edcias de Ribeir\u00e3o Preto-SP e Regi\u00e3o&quot;","block_context":{"text":"Not\u00edcias de Ribeir\u00e3o Preto-SP e Regi\u00e3o","link":"https:\/\/noticiasribeiraopreto.com.br\/index.php\/category\/noticias-de-ribeirao-preto-sp-e-regiao-ismael-colosi\/"},"img":{"alt_text":"","src":"https:\/\/i0.wp.com\/noticiasribeiraopreto.com.br\/wp-content\/uploads\/2026\/08\/m-gasparini.jpeg?fit=599%2C469&ssl=1&resize=350%2C200","width":350,"height":200,"srcset":"https:\/\/i0.wp.com\/noticiasribeiraopreto.com.br\/wp-content\/uploads\/2026\/08\/m-gasparini.jpeg?fit=599%2C469&ssl=1&resize=350%2C200 1x, https:\/\/i0.wp.com\/noticiasribeiraopreto.com.br\/wp-content\/uploads\/2026\/08\/m-gasparini.jpeg?fit=599%2C469&ssl=1&resize=525%2C300 1.5x"},"classes":[]},{"id":40526,"url":"https:\/\/noticiasribeiraopreto.com.br\/index.php\/2024\/03\/04\/relembre-a-trajetoria-do-ex-prefeito-de-ribeirao-preto-welson-gasparini\/","url_meta":{"origin":90833,"position":4},"title":"Relembre a trajet\u00f3ria do ex-prefeito de Ribeir\u00e3o Preto Welson Gasparini","author":"noticiasribeiraopreto.com.br","date":"4 de March de 2024","format":false,"excerpt":"O ex-prefeito de Ribeir\u00e3o Preto Welson Gasparini morreu nesta segunda-feira (4), aos 87 anos. Gasparini nasceu em Batatais em 1\u00ba de dezembro de 1937, filho de Vict\u00f3rio Gasparini e Deolinda Breguerilli. Al\u00e9m de pol\u00edtico, tamb\u00e9m foi jornalista, radialista, professor e advogado. De acordo com a Unimed Ribeir\u00e3o Preto, o ex-prefeito\u2026","rel":"","context":"In &quot;Not\u00edcias de Ribeir\u00e3o Preto-SP e Regi\u00e3o&quot;","block_context":{"text":"Not\u00edcias de Ribeir\u00e3o Preto-SP e Regi\u00e3o","link":"https:\/\/noticiasribeiraopreto.com.br\/index.php\/category\/noticias-de-ribeirao-preto-sp-e-regiao-ismael-colosi\/"},"img":{"alt_text":"","src":"https:\/\/i0.wp.com\/noticiasribeiraopreto.com.br\/wp-content\/uploads\/2024\/03\/AnyConv.com__gasparini-scaled.webp.webp?fit=1200%2C798&ssl=1&resize=350%2C200","width":350,"height":200,"srcset":"https:\/\/i0.wp.com\/noticiasribeiraopreto.com.br\/wp-content\/uploads\/2024\/03\/AnyConv.com__gasparini-scaled.webp.webp?fit=1200%2C798&ssl=1&resize=350%2C200 1x, https:\/\/i0.wp.com\/noticiasribeiraopreto.com.br\/wp-content\/uploads\/2024\/03\/AnyConv.com__gasparini-scaled.webp.webp?fit=1200%2C798&ssl=1&resize=525%2C300 1.5x, https:\/\/i0.wp.com\/noticiasribeiraopreto.com.br\/wp-content\/uploads\/2024\/03\/AnyConv.com__gasparini-scaled.webp.webp?fit=1200%2C798&ssl=1&resize=700%2C400 2x, https:\/\/i0.wp.com\/noticiasribeiraopreto.com.br\/wp-content\/uploads\/2024\/03\/AnyConv.com__gasparini-scaled.webp.webp?fit=1200%2C798&ssl=1&resize=1050%2C600 3x"},"classes":[]},{"id":40507,"url":"https:\/\/noticiasribeiraopreto.com.br\/index.php\/2024\/03\/04\/morre-o-ex-prefeito-de-ribeirao-preto-welson-gasparini-aos-87-anos\/","url_meta":{"origin":90833,"position":5},"title":"Morre o ex-prefeito de Ribeir\u00e3o Preto Welson Gasparini, aos 87 anos","author":"noticiasribeiraopreto.com.br","date":"4 de March de 2024","format":false,"excerpt":"Morreu nesta segunda-feira (4), o ex-prefeito de Ribeir\u00e3o Preto, Welson Gasparini, aos 87 anos. Gasparini estava internado no Hospital Unimed, em Bonfim Paulista, h\u00e1 duas semanas. A informa\u00e7\u00e3o foi confirmada pelo vereador Maur\u00edcio Gasparini (Uni\u00e3o), filho do ex-prefeito. Gasparini sofria de problemas card\u00edacos e chegou a passar por uma cirurgia\u2026","rel":"","context":"In &quot;Not\u00edcias de Ribeir\u00e3o Preto-SP e Regi\u00e3o&quot;","block_context":{"text":"Not\u00edcias de Ribeir\u00e3o Preto-SP e Regi\u00e3o","link":"https:\/\/noticiasribeiraopreto.com.br\/index.php\/category\/noticias-de-ribeirao-preto-sp-e-regiao-ismael-colosi\/"},"img":{"alt_text":"","src":"https:\/\/i0.wp.com\/noticiasribeiraopreto.com.br\/wp-content\/uploads\/2024\/03\/gasparini.jpg?fit=1200%2C800&ssl=1&resize=350%2C200","width":350,"height":200,"srcset":"https:\/\/i0.wp.com\/noticiasribeiraopreto.com.br\/wp-content\/uploads\/2024\/03\/gasparini.jpg?fit=1200%2C800&ssl=1&resize=350%2C200 1x, https:\/\/i0.wp.com\/noticiasribeiraopreto.com.br\/wp-content\/uploads\/2024\/03\/gasparini.jpg?fit=1200%2C800&ssl=1&resize=525%2C300 1.5x, https:\/\/i0.wp.com\/noticiasribeiraopreto.com.br\/wp-content\/uploads\/2024\/03\/gasparini.jpg?fit=1200%2C800&ssl=1&resize=700%2C400 2x, https:\/\/i0.wp.com\/noticiasribeiraopreto.com.br\/wp-content\/uploads\/2024\/03\/gasparini.jpg?fit=1200%2C800&ssl=1&resize=1050%2C600 3x"},"classes":[]}],"jetpack_sharing_enabled":true,"jetpack_shortlink":"https:\/\/wp.me\/peQAOb-nD3","jetpack_featured_media_url":"https:\/\/i0.wp.com\/noticiasribeiraopreto.com.br\/wp-content\/uploads\/2026\/08\/luto-oficial.jpeg?fit=1600%2C1066&ssl=1","_links":{"self":[{"href":"https:\/\/noticiasribeiraopreto.com.br\/index.php\/wp-json\/wp\/v2\/posts\/90833","targetHints":{"allow":["GET"]}}],"collection":[{"href":"https:\/\/noticiasribeiraopreto.com.br\/index.php\/wp-json\/wp\/v2\/posts"}],"about":[{"href":"https:\/\/noticiasribeiraopreto.com.br\/index.php\/wp-json\/wp\/v2\/types\/post"}],"author":[{"embeddable":true,"href":"https:\/\/noticiasribeiraopreto.com.br\/index.php\/wp-json\/wp\/v2\/users\/1"}],"replies":[{"embeddable":true,"href":"https:\/\/noticiasribeiraopreto.com.br\/index.php\/wp-json\/wp\/v2\/comments?post=90833"}],"version-history":[{"count":0,"href":"https:\/\/noticiasribeiraopreto.com.br\/index.php\/wp-json\/wp\/v2\/posts\/90833\/revisions"}],"wp:featuredmedia":[{"embeddable":true,"href":"https:\/\/noticiasribeiraopreto.com.br\/index.php\/wp-json\/wp\/v2\/media\/90834"}],"wp:attachment":[{"href":"https:\/\/noticiasribeiraopreto.com.br\/index.php\/wp-json\/wp\/v2\/media?parent=90833"}],"wp:term":[{"taxonomy":"category","embeddable":true,"href":"https:\/\/noticiasribeiraopreto.com.br\/index.php\/wp-json\/wp\/v2\/categories?post=90833"},{"taxonomy":"post_tag","embeddable":true,"href":"https:\/\/noticiasribeiraopreto.com.br\/index.php\/wp-json\/wp\/v2\/tags?post=90833"}],"curies":[{"name":"wp","href":"https:\/\/api.w.org\/{rel}","templated":true}]}}