{"id":90835,"date":"2026-08-31T15:31:54","date_gmt":"2026-08-31T18:31:54","guid":{"rendered":"https:\/\/noticiasribeiraopreto.com.br\/index.php\/2026\/08\/31\/nova-conta-de-agua-chega-a-ribeirao-preto-veja-o-que-muda\/"},"modified":"2026-08-31T15:31:54","modified_gmt":"2026-08-31T18:31:54","slug":"nova-conta-de-agua-chega-a-ribeirao-preto-veja-o-que-muda","status":"publish","type":"post","link":"https:\/\/noticiasribeiraopreto.com.br\/index.php\/2026\/08\/31\/nova-conta-de-agua-chega-a-ribeirao-preto-veja-o-que-muda\/","title":{"rendered":"Nova conta de \u00e1gua chega a Ribeir\u00e3o Preto; veja o que muda"},"content":{"rendered":"<div class='code-block code-block-1' style='margin: 8px 0 8px auto; text-align: right; display: block; clear: both;'>\n<p><a href=\"https:\/\/wa.link\/vpicfd\"><img data-recalc-dims=\"1\" class=\"wp-image-4922\" style=\"aspect-ratio: 2.0253164556962027; width: 561px; height: auto;\" src=\"https:\/\/i0.wp.com\/ismaelcolosi.com.br\/wp-content\/uploads\/2023\/11\/grupo-de-empregos-whatsapp-e-facebook-ismael-colosi-vagas.jpg?ssl=1\" alt=\"\" \/><\/a><\/p>\n<!-- \/wp:image -->\n<\/div>\n<p> <br \/>\n<\/p>\n<p>A nova conta de \u00e1gua e esgoto come\u00e7a a chegar aos consumidores de Ribeir\u00e3o Preto a partir desta segunda-feira (31). A Saerp (Secretaria de \u00c1gua e Esgoto de Ribeir\u00e3o Preto) iniciou a distribui\u00e7\u00e3o do documento no formato NFAg (Nota Fiscal de \u00c1gua e Saneamento Eletr\u00f4nica), que substitui o modelo atual de emiss\u00e3o das contas.<\/p>\n<div class=\"wp-block-image\">\n<figure class=\"aligncenter size-large\"><\/figure>\n<\/div>\n<p>A <strong>mudan\u00e7a altera o formato do documento<\/strong>, mas <strong>n\u00e3o modifica os servi\u00e7os prestados pela Saerp<\/strong> <strong>nem os prazos de vencimento das faturas.<\/strong><\/p>\n<p class=\"has-text-align-center\"><em>Receba not\u00edcias do\u00a0<strong>acidade on Ribeir\u00e3o\u00a0<\/strong>no WhatsApp e fique por dentro de tudo! Basta acessar o link<a href=\"https:\/\/chat.whatsapp.com\/DfXwcjKVIddHUT3BvnQuPZ?mode=hqctshi\" target=\"_blank\" rel=\"noreferrer noopener\">\u00a0aqui<\/a>!<\/em><\/p>\n<h2 class=\"wp-block-heading\">O que muda na conta?<\/h2>\n<p>A NFAg segue um modelo nacional de documento fiscal eletr\u00f4nico para servi\u00e7os de \u00e1gua e saneamento. A nova vers\u00e3o apresenta as informa\u00e7\u00f5es de forma mais detalhada, com a discrimina\u00e7\u00e3o dos valores referentes ao consumo de \u00e1gua, \u00e0 coleta e ao tratamento de esgoto, al\u00e9m de outros servi\u00e7os eventualmente cobrados.<\/p>\n<p>O documento conta com assinatura digital do emissor, o que garante validade jur\u00eddica e aumenta a seguran\u00e7a na emiss\u00e3o e no armazenamento das informa\u00e7\u00f5es.<\/p>\n<div class=\"wp-block-image\">\n<figure class=\"aligncenter size-large\"><img data-recalc-dims=\"1\" loading=\"lazy\" decoding=\"async\" width=\"1024\" height=\"683\" src=\"https:\/\/i0.wp.com\/www.acidadeon.com\/ribeiraopreto\/wp-content\/uploads\/sites\/3\/2023\/09\/bebedouro-saerp-1024x683.png?resize=1024%2C683&#038;ssl=1\" alt=\"Saerp alerta para falta d&apos;\u00e1gua - Foto de arquivo: acidade on.\" class=\"wp-image-51983\" title=\"Nova conta de \u00e1gua chega a Ribeir\u00e3o Preto; veja o que muda 2\"><figcaption class=\"wp-element-caption\"> Foto de arquivo: acidade on.<\/figcaption><\/figure>\n<\/div>\n<p>A mudan\u00e7a tamb\u00e9m acompanha as novas regras da reforma tribut\u00e1ria e busca padronizar a emiss\u00e3o das contas de \u00e1gua e saneamento em todo o pa\u00eds.<\/p>\n<h2 class=\"wp-block-heading\">Como acessar a conta?<\/h2>\n<p>Al\u00e9m da vers\u00e3o entregue aos consumidores, a <strong>Saerp ampliou os canais para consulta do documento.<\/strong><\/p>\n<p>Os moradores de Ribeir\u00e3o Preto poder\u00e3o receber e consultar a conta de forma digital pelo WhatsApp da Saerp, no n\u00famero <strong>(16) 3607-2200<\/strong>, e pelo <a href=\"https:\/\/www.ribeiraopreto.sp.gov.br\/portal\/saerp\/\" data-type=\"link\" data-id=\"https:\/\/www.ribeiraopreto.sp.gov.br\/portal\/saerp\/\" target=\"_blank\" rel=\"noopener\">site da Prefeitura de Ribeir\u00e3o Preto.<\/a><\/p>\n<p>A medida permite que o consumidor tenha acesso ao documento sem depender apenas da vers\u00e3o f\u00edsica.<\/p>\n<figure class=\"wp-block-image size-large\"><img data-recalc-dims=\"1\" loading=\"lazy\" decoding=\"async\" width=\"1024\" height=\"612\" src=\"https:\/\/i0.wp.com\/www.acidadeon.com\/ribeiraopreto\/wp-content\/uploads\/sites\/3\/2026\/02\/salario-minimo_2026-02-02_14-03-30-1024x612.webp?resize=1024%2C612&#038;ssl=1\" alt=\"O Novo sal\u00e1rio m\u00ednimo impacta 61,9 milh\u00f5es de brasileiros (Foto: Marcelo Camargo\/Ag\u00eancia Brasil)\" class=\"wp-image-144232\" title=\"Nova conta de \u00e1gua chega a Ribeir\u00e3o Preto; veja o que muda 3\"><figcaption class=\"wp-element-caption\"> (Foto: Marcelo Camargo\/Ag\u00eancia Brasil)<\/figcaption><\/figure>\n<h2 class=\"wp-block-heading\">Tarifa Social continua<\/h2>\n<p>A mudan\u00e7a no modelo da conta n\u00e3o altera os benef\u00edcios da <strong>Tarifa Social<\/strong>.<\/p>\n<p>Segundo a Saerp, o novo sistema identifica automaticamente os consumidores que t\u00eam direito ao desconto e aplica as redu\u00e7\u00f5es previstas.<\/p>\n<hr class=\"wp-block-separator has-alpha-channel-opacity\">\n<p class=\"has-text-align-center\"><em>Fa\u00e7a uma den\u00fancia ou sugira uma reportagem sobre\u00a0<strong>Ribeir\u00e3o Preto\u00a0<\/strong>e regi\u00e3o por meio do WhatsApp do\u00a0<strong>acidade on Ribeir\u00e3o<\/strong>: (16) 99117-7802.<\/em><\/p>\n<\/p>\n<p>O post Nova conta de \u00e1gua chega a Ribeir\u00e3o Preto; veja o que muda apareceu primeiro em ACidade ON Ribeir\u00e3o Preto.<\/p>\n<p><br \/>\n<br \/><a href=\"https:\/\/www.acidadeon.com\/ribeiraopreto\/cotidiano\/nova-conta-de-agua-chega-a-ribeirao-preto-veja-o-que-muda\/\">Link para o texto original aqui <\/a><\/p>\n<!-- CONTENT END 1 -->\n","protected":false},"excerpt":{"rendered":"<p>A nova conta de \u00e1gua e esgoto come\u00e7a a chegar aos consumidores de Ribeir\u00e3o Preto a partir desta segunda-feira (31). A Saerp (Secretaria de \u00c1gua&#8230;<\/p>\n","protected":false},"author":1,"featured_media":90836,"comment_status":"","ping_status":"","sticky":false,"template":"","format":"standard","meta":{"advanced_seo_description":"","jetpack_seo_html_title":"","jetpack_seo_noindex":false,"jetpack_seo_schema_type":"","_jetpack_newsletter_access":"","_jetpack_dont_email_post_to_subs":false,"_jetpack_newsletter_tier_id":0,"_jetpack_memberships_contains_paywalled_content":false,"_jetpack_feature_clip_id":0,"_jetpack_memberships_contains_paid_content":false,"footnotes":"","jetpack_publicize_message":"","jetpack_publicize_feature_enabled":true,"jetpack_social_post_already_shared":true,"jetpack_social_options":{"image_generator_settings":{"template":"highway","default_image_id":0,"font":"","enabled":false},"version":2},"jetpack_post_was_ever_published":false},"categories":[11],"tags":[32,531,476,3747,7338,422,27,26,48],"class_list":["post-90835","post","type-post","status-publish","format-standard","has-post-thumbnail","hentry","category-noticias-de-ribeirao-preto-sp-e-regiao-ismael-colosi","tag-agua","tag-chega","tag-conta","tag-muda","tag-nov","tag-nova","tag-preto","tag-ribeirao","tag-veja"],"jetpack_publicize_connections":[],"jetpack-related-posts":[{"id":57400,"url":"https:\/\/noticiasribeiraopreto.com.br\/index.php\/2024\/08\/30\/saerp-alerta-para-uso-consciente-da-agua-em-ribeirao-preto-durante-onda-de-calor\/","url_meta":{"origin":90835,"position":0},"title":"Saerp alerta para uso consciente da \u00e1gua em Ribeir\u00e3o Preto durante onda de calor","author":"noticiasribeiraopreto.com.br","date":"30 de August de 2024","format":false,"excerpt":"Devido \u00e0 previs\u00e3o de altas temperaturas nos pr\u00f3ximos dias, a Secretaria de \u00c1gua e Esgoto de Ribeir\u00e3o Preto (Saerp) emitiu um alerta, nesta sexta-feira (30), para o uso consciente de \u00e1gua no munic\u00edpio durante a nova onda de calor. Conforme o \u00f3rg\u00e3o, o comunicado busca auxiliar a popula\u00e7\u00e3o a evitar\u2026","rel":"","context":"In &quot;Not\u00edcias de Ribeir\u00e3o Preto-SP e Regi\u00e3o&quot;","block_context":{"text":"Not\u00edcias de Ribeir\u00e3o Preto-SP e Regi\u00e3o","link":"https:\/\/noticiasribeiraopreto.com.br\/index.php\/category\/noticias-de-ribeirao-preto-sp-e-regiao-ismael-colosi\/"},"img":{"alt_text":"","src":"https:\/\/i0.wp.com\/noticiasribeiraopreto.com.br\/wp-content\/uploads\/2024\/07\/torneira-agua_2024-07-22_12-45-42_jpg_2024-07-22_12-45-42.webp.webp?fit=1170%2C700&ssl=1&resize=350%2C200","width":350,"height":200,"srcset":"https:\/\/i0.wp.com\/noticiasribeiraopreto.com.br\/wp-content\/uploads\/2024\/07\/torneira-agua_2024-07-22_12-45-42_jpg_2024-07-22_12-45-42.webp.webp?fit=1170%2C700&ssl=1&resize=350%2C200 1x, https:\/\/i0.wp.com\/noticiasribeiraopreto.com.br\/wp-content\/uploads\/2024\/07\/torneira-agua_2024-07-22_12-45-42_jpg_2024-07-22_12-45-42.webp.webp?fit=1170%2C700&ssl=1&resize=525%2C300 1.5x, https:\/\/i0.wp.com\/noticiasribeiraopreto.com.br\/wp-content\/uploads\/2024\/07\/torneira-agua_2024-07-22_12-45-42_jpg_2024-07-22_12-45-42.webp.webp?fit=1170%2C700&ssl=1&resize=700%2C400 2x, https:\/\/i0.wp.com\/noticiasribeiraopreto.com.br\/wp-content\/uploads\/2024\/07\/torneira-agua_2024-07-22_12-45-42_jpg_2024-07-22_12-45-42.webp.webp?fit=1170%2C700&ssl=1&resize=1050%2C600 3x"},"classes":[]},{"id":57747,"url":"https:\/\/noticiasribeiraopreto.com.br\/index.php\/2024\/09\/09\/bairros-de-ribeirao-preto-podem-ficar-sem-agua-ate-amanha-veja-os-locais\/","url_meta":{"origin":90835,"position":1},"title":"Bairros de Ribeir\u00e3o Preto podem ficar sem \u00e1gua at\u00e9 amanh\u00e3; Veja os locais","author":"noticiasribeiraopreto.com.br","date":"9 de September de 2024","format":false,"excerpt":"A Saerp (Secretaria de \u00c1gua e Esgoto de Ribeir\u00e3o Preto) informou que quatro bairros da zona Sul de Ribeir\u00e3o Preto podem ficar sem \u00e1gua at\u00e9 a manh\u00e3 de ter\u00e7a-feira (10). Segundo a secretaria, equipes est\u00e3o realizando a troca emergencial da bomba do po\u00e7o CDHU. Por conta disso, pode ocasionar nas\u2026","rel":"","context":"In &quot;Not\u00edcias de Ribeir\u00e3o Preto-SP e Regi\u00e3o&quot;","block_context":{"text":"Not\u00edcias de Ribeir\u00e3o Preto-SP e Regi\u00e3o","link":"https:\/\/noticiasribeiraopreto.com.br\/index.php\/category\/noticias-de-ribeirao-preto-sp-e-regiao-ismael-colosi\/"},"img":{"alt_text":"","src":"https:\/\/i0.wp.com\/noticiasribeiraopreto.com.br\/wp-content\/uploads\/2024\/09\/bebedouro-saerp.jpg?fit=1056%2C574&ssl=1&resize=350%2C200","width":350,"height":200,"srcset":"https:\/\/i0.wp.com\/noticiasribeiraopreto.com.br\/wp-content\/uploads\/2024\/09\/bebedouro-saerp.jpg?fit=1056%2C574&ssl=1&resize=350%2C200 1x, https:\/\/i0.wp.com\/noticiasribeiraopreto.com.br\/wp-content\/uploads\/2024\/09\/bebedouro-saerp.jpg?fit=1056%2C574&ssl=1&resize=525%2C300 1.5x, https:\/\/i0.wp.com\/noticiasribeiraopreto.com.br\/wp-content\/uploads\/2024\/09\/bebedouro-saerp.jpg?fit=1056%2C574&ssl=1&resize=700%2C400 2x, https:\/\/i0.wp.com\/noticiasribeiraopreto.com.br\/wp-content\/uploads\/2024\/09\/bebedouro-saerp.jpg?fit=1056%2C574&ssl=1&resize=1050%2C600 3x"},"classes":[]},{"id":58848,"url":"https:\/\/noticiasribeiraopreto.com.br\/index.php\/2024\/10\/07\/bairros-da-zona-leste-de-ribeirao-podem-ficar-sem-agua-ate-a-noite\/","url_meta":{"origin":90835,"position":2},"title":"Bairros da zona Leste de Ribeir\u00e3o podem ficar sem \u00e1gua at\u00e9 \u00e0 noite","author":"noticiasribeiraopreto.com.br","date":"7 de October de 2024","format":false,"excerpt":"Um comunicado feito pela Secretaria de \u00c1gua e Esgoto de Ribeir\u00e3o Preto (Saerp), nesta segunda-feira (7), informa que o sistema de abastecimento Palmares est\u00e1 em manuten\u00e7\u00e3o para a interliga\u00e7\u00e3o de uma nova adutora. Por conta dessa manuten\u00e7\u00e3o, pode faltar \u00e1gua nos bairros Jardim Palmares, Jardim Zara, Jardim Novo Mundo, Jardim\u2026","rel":"","context":"In &quot;Not\u00edcias de Ribeir\u00e3o Preto-SP e Regi\u00e3o&quot;","block_context":{"text":"Not\u00edcias de Ribeir\u00e3o Preto-SP e Regi\u00e3o","link":"https:\/\/noticiasribeiraopreto.com.br\/index.php\/category\/noticias-de-ribeirao-preto-sp-e-regiao-ismael-colosi\/"},"img":{"alt_text":"","src":"https:\/\/i0.wp.com\/noticiasribeiraopreto.com.br\/wp-content\/uploads\/2024\/08\/Copia-de-Copia-de-Copia-de-TAMANHO-EXATO-PARA-FOTOS-NO-SISTEMA-NOVO-10_2024-08-19_12-12-48_jpg_2024-08-19_12-12-48.webp.webp?fit=1200%2C675&ssl=1&resize=350%2C200","width":350,"height":200,"srcset":"https:\/\/i0.wp.com\/noticiasribeiraopreto.com.br\/wp-content\/uploads\/2024\/08\/Copia-de-Copia-de-Copia-de-TAMANHO-EXATO-PARA-FOTOS-NO-SISTEMA-NOVO-10_2024-08-19_12-12-48_jpg_2024-08-19_12-12-48.webp.webp?fit=1200%2C675&ssl=1&resize=350%2C200 1x, https:\/\/i0.wp.com\/noticiasribeiraopreto.com.br\/wp-content\/uploads\/2024\/08\/Copia-de-Copia-de-Copia-de-TAMANHO-EXATO-PARA-FOTOS-NO-SISTEMA-NOVO-10_2024-08-19_12-12-48_jpg_2024-08-19_12-12-48.webp.webp?fit=1200%2C675&ssl=1&resize=525%2C300 1.5x, https:\/\/i0.wp.com\/noticiasribeiraopreto.com.br\/wp-content\/uploads\/2024\/08\/Copia-de-Copia-de-Copia-de-TAMANHO-EXATO-PARA-FOTOS-NO-SISTEMA-NOVO-10_2024-08-19_12-12-48_jpg_2024-08-19_12-12-48.webp.webp?fit=1200%2C675&ssl=1&resize=700%2C400 2x, https:\/\/i0.wp.com\/noticiasribeiraopreto.com.br\/wp-content\/uploads\/2024\/08\/Copia-de-Copia-de-Copia-de-TAMANHO-EXATO-PARA-FOTOS-NO-SISTEMA-NOVO-10_2024-08-19_12-12-48_jpg_2024-08-19_12-12-48.webp.webp?fit=1200%2C675&ssl=1&resize=1050%2C600 3x"},"classes":[]},{"id":58851,"url":"https:\/\/noticiasribeiraopreto.com.br\/index.php\/2024\/10\/07\/bairros-da-zona-leste-de-ribeirao-podem-ficar-sem-agua-ate-a-noite-2\/","url_meta":{"origin":90835,"position":3},"title":"Bairros da zona Leste de Ribeir\u00e3o podem ficar sem \u00e1gua at\u00e9 \u00e0 noite","author":"noticiasribeiraopreto.com.br","date":"7 de October de 2024","format":false,"excerpt":"Um comunicado feito pela Secretaria de \u00c1gua e Esgoto de Ribeir\u00e3o Preto (Saerp), nesta segunda-feira (7), informa que o sistema de abastecimento Palmares est\u00e1 em manuten\u00e7\u00e3o para a interliga\u00e7\u00e3o de uma nova adutora. Por conta dessa manuten\u00e7\u00e3o, pode faltar \u00e1gua nos bairros Jardim Palmares, Jardim Zara, Jardim Novo Mundo, Jardim\u2026","rel":"","context":"In &quot;Not\u00edcias de Ribeir\u00e3o Preto-SP e Regi\u00e3o&quot;","block_context":{"text":"Not\u00edcias de Ribeir\u00e3o Preto-SP e Regi\u00e3o","link":"https:\/\/noticiasribeiraopreto.com.br\/index.php\/category\/noticias-de-ribeirao-preto-sp-e-regiao-ismael-colosi\/"},"img":{"alt_text":"","src":"https:\/\/i0.wp.com\/noticiasribeiraopreto.com.br\/wp-content\/uploads\/2024\/10\/Vejaosbairrosquepodemterfaltadguapor3diasnazonaLestedeRibeiroPreto_Tamanho_2_image-1-1.png?fit=1200%2C900&ssl=1&resize=350%2C200","width":350,"height":200,"srcset":"https:\/\/i0.wp.com\/noticiasribeiraopreto.com.br\/wp-content\/uploads\/2024\/10\/Vejaosbairrosquepodemterfaltadguapor3diasnazonaLestedeRibeiroPreto_Tamanho_2_image-1-1.png?fit=1200%2C900&ssl=1&resize=350%2C200 1x, https:\/\/i0.wp.com\/noticiasribeiraopreto.com.br\/wp-content\/uploads\/2024\/10\/Vejaosbairrosquepodemterfaltadguapor3diasnazonaLestedeRibeiroPreto_Tamanho_2_image-1-1.png?fit=1200%2C900&ssl=1&resize=525%2C300 1.5x, https:\/\/i0.wp.com\/noticiasribeiraopreto.com.br\/wp-content\/uploads\/2024\/10\/Vejaosbairrosquepodemterfaltadguapor3diasnazonaLestedeRibeiroPreto_Tamanho_2_image-1-1.png?fit=1200%2C900&ssl=1&resize=700%2C400 2x, https:\/\/i0.wp.com\/noticiasribeiraopreto.com.br\/wp-content\/uploads\/2024\/10\/Vejaosbairrosquepodemterfaltadguapor3diasnazonaLestedeRibeiroPreto_Tamanho_2_image-1-1.png?fit=1200%2C900&ssl=1&resize=1050%2C600 3x"},"classes":[]},{"id":46187,"url":"https:\/\/noticiasribeiraopreto.com.br\/index.php\/2024\/04\/10\/abastecimento-de-agua-no-centro-de-ribeirao-deve-ser-retomado-a-noite\/","url_meta":{"origin":90835,"position":4},"title":"Abastecimento de \u00e1gua no Centro de Ribeir\u00e3o deve ser retomado \u00e0 noite","author":"noticiasribeiraopreto.com.br","date":"10 de April de 2024","format":false,"excerpt":"A Saerp (Secretaria de \u00c1gua e Esgoto de Ribeir\u00e3o Preto) informou que o abastecimento de \u00e1gua no Centro de Ribeir\u00e3o Preto deve ser normalizado apenas na noite desta quarta-feira (10). A regi\u00e3o teve o fornecimento prejudicado por conta de um vazamento. A secretaria informou que o vazamento acontece por conta\u2026","rel":"","context":"In &quot;Not\u00edcias de Ribeir\u00e3o Preto-SP e Regi\u00e3o&quot;","block_context":{"text":"Not\u00edcias de Ribeir\u00e3o Preto-SP e Regi\u00e3o","link":"https:\/\/noticiasribeiraopreto.com.br\/index.php\/category\/noticias-de-ribeirao-preto-sp-e-regiao-ismael-colosi\/"},"img":{"alt_text":"","src":"https:\/\/i0.wp.com\/noticiasribeiraopreto.com.br\/wp-content\/uploads\/2024\/04\/AnyConv.com__vazamento-agua-centro.webp.webp?fit=1200%2C675&ssl=1&resize=350%2C200","width":350,"height":200,"srcset":"https:\/\/i0.wp.com\/noticiasribeiraopreto.com.br\/wp-content\/uploads\/2024\/04\/AnyConv.com__vazamento-agua-centro.webp.webp?fit=1200%2C675&ssl=1&resize=350%2C200 1x, https:\/\/i0.wp.com\/noticiasribeiraopreto.com.br\/wp-content\/uploads\/2024\/04\/AnyConv.com__vazamento-agua-centro.webp.webp?fit=1200%2C675&ssl=1&resize=525%2C300 1.5x, https:\/\/i0.wp.com\/noticiasribeiraopreto.com.br\/wp-content\/uploads\/2024\/04\/AnyConv.com__vazamento-agua-centro.webp.webp?fit=1200%2C675&ssl=1&resize=700%2C400 2x, https:\/\/i0.wp.com\/noticiasribeiraopreto.com.br\/wp-content\/uploads\/2024\/04\/AnyConv.com__vazamento-agua-centro.webp.webp?fit=1200%2C675&ssl=1&resize=1050%2C600 3x"},"classes":[]},{"id":48865,"url":"https:\/\/noticiasribeiraopreto.com.br\/index.php\/2024\/05\/07\/bairros-de-ribeirao-preto-podem-ficar-sem-agua-ate-o-inicio-da-noite-veja-os-locais-afetados\/","url_meta":{"origin":90835,"position":5},"title":"Bairros de Ribeir\u00e3o Preto podem ficar sem \u00e1gua at\u00e9 o in\u00edcio da noite; Veja os locais afetados","author":"noticiasribeiraopreto.com.br","date":"7 de May de 2024","format":false,"excerpt":"A Saerp (Secretaria de \u00c1gua e Esgoto de Ribeir\u00e3o Preto) informou, nesta\u00a0ter\u00e7a-feira (7),\u00a0que realiza um reparo emergencial em uma rede rompida no Jardim Paulo Gomes Romeo, na zona Oeste de Ribeir\u00e3o Preto. Por conta disso, os moradores do bairro podem sofrer com falhas no abastecimento de \u00e1gua. Por conta dos\u2026","rel":"","context":"In &quot;Not\u00edcias de Ribeir\u00e3o Preto-SP e Regi\u00e3o&quot;","block_context":{"text":"Not\u00edcias de Ribeir\u00e3o Preto-SP e Regi\u00e3o","link":"https:\/\/noticiasribeiraopreto.com.br\/index.php\/category\/noticias-de-ribeirao-preto-sp-e-regiao-ismael-colosi\/"},"img":{"alt_text":"","src":"https:\/\/i0.wp.com\/noticiasribeiraopreto.com.br\/wp-content\/uploads\/2024\/05\/Vejaosbairrosquepodemterfaltadguapor3diasnazonaLestedeRibeiroPreto_Tamanho_2_image-1-1.png?fit=1200%2C900&ssl=1&resize=350%2C200","width":350,"height":200,"srcset":"https:\/\/i0.wp.com\/noticiasribeiraopreto.com.br\/wp-content\/uploads\/2024\/05\/Vejaosbairrosquepodemterfaltadguapor3diasnazonaLestedeRibeiroPreto_Tamanho_2_image-1-1.png?fit=1200%2C900&ssl=1&resize=350%2C200 1x, https:\/\/i0.wp.com\/noticiasribeiraopreto.com.br\/wp-content\/uploads\/2024\/05\/Vejaosbairrosquepodemterfaltadguapor3diasnazonaLestedeRibeiroPreto_Tamanho_2_image-1-1.png?fit=1200%2C900&ssl=1&resize=525%2C300 1.5x, https:\/\/i0.wp.com\/noticiasribeiraopreto.com.br\/wp-content\/uploads\/2024\/05\/Vejaosbairrosquepodemterfaltadguapor3diasnazonaLestedeRibeiroPreto_Tamanho_2_image-1-1.png?fit=1200%2C900&ssl=1&resize=700%2C400 2x, https:\/\/i0.wp.com\/noticiasribeiraopreto.com.br\/wp-content\/uploads\/2024\/05\/Vejaosbairrosquepodemterfaltadguapor3diasnazonaLestedeRibeiroPreto_Tamanho_2_image-1-1.png?fit=1200%2C900&ssl=1&resize=1050%2C600 3x"},"classes":[]}],"jetpack_sharing_enabled":true,"jetpack_shortlink":"https:\/\/wp.me\/peQAOb-nD5","jetpack_featured_media_url":"https:\/\/i0.wp.com\/noticiasribeiraopreto.com.br\/wp-content\/uploads\/2026\/08\/conta-saerp.jpg?fit=1200%2C675&ssl=1","_links":{"self":[{"href":"https:\/\/noticiasribeiraopreto.com.br\/index.php\/wp-json\/wp\/v2\/posts\/90835","targetHints":{"allow":["GET"]}}],"collection":[{"href":"https:\/\/noticiasribeiraopreto.com.br\/index.php\/wp-json\/wp\/v2\/posts"}],"about":[{"href":"https:\/\/noticiasribeiraopreto.com.br\/index.php\/wp-json\/wp\/v2\/types\/post"}],"author":[{"embeddable":true,"href":"https:\/\/noticiasribeiraopreto.com.br\/index.php\/wp-json\/wp\/v2\/users\/1"}],"replies":[{"embeddable":true,"href":"https:\/\/noticiasribeiraopreto.com.br\/index.php\/wp-json\/wp\/v2\/comments?post=90835"}],"version-history":[{"count":0,"href":"https:\/\/noticiasribeiraopreto.com.br\/index.php\/wp-json\/wp\/v2\/posts\/90835\/revisions"}],"wp:featuredmedia":[{"embeddable":true,"href":"https:\/\/noticiasribeiraopreto.com.br\/index.php\/wp-json\/wp\/v2\/media\/90836"}],"wp:attachment":[{"href":"https:\/\/noticiasribeiraopreto.com.br\/index.php\/wp-json\/wp\/v2\/media?parent=90835"}],"wp:term":[{"taxonomy":"category","embeddable":true,"href":"https:\/\/noticiasribeiraopreto.com.br\/index.php\/wp-json\/wp\/v2\/categories?post=90835"},{"taxonomy":"post_tag","embeddable":true,"href":"https:\/\/noticiasribeiraopreto.com.br\/index.php\/wp-json\/wp\/v2\/tags?post=90835"}],"curies":[{"name":"wp","href":"https:\/\/api.w.org\/{rel}","templated":true}]}}