{"id":90837,"date":"2026-08-31T16:03:09","date_gmt":"2026-08-31T19:03:09","guid":{"rendered":"https:\/\/noticiasribeiraopreto.com.br\/index.php\/2026\/08\/31\/messi-oficializa-aposentadoria-da-selecao-argentina\/"},"modified":"2026-08-31T16:03:09","modified_gmt":"2026-08-31T19:03:09","slug":"messi-oficializa-aposentadoria-da-selecao-argentina","status":"publish","type":"post","link":"https:\/\/noticiasribeiraopreto.com.br\/index.php\/2026\/08\/31\/messi-oficializa-aposentadoria-da-selecao-argentina\/","title":{"rendered":"Messi oficializa aposentadoria da sele\u00e7\u00e3o argentina"},"content":{"rendered":"<div class='code-block code-block-1' style='margin: 8px 0 8px auto; text-align: right; display: block; clear: both;'>\n<p><a href=\"https:\/\/wa.link\/vpicfd\"><img data-recalc-dims=\"1\" class=\"wp-image-4922\" style=\"aspect-ratio: 2.0253164556962027; width: 561px; height: auto;\" src=\"https:\/\/i0.wp.com\/ismaelcolosi.com.br\/wp-content\/uploads\/2023\/11\/grupo-de-empregos-whatsapp-e-facebook-ismael-colosi-vagas.jpg?ssl=1\" alt=\"\" \/><\/a><\/p>\n<!-- \/wp:image -->\n<\/div>\n<p> <br \/>\n<\/p>\n<div>\n<p>Chegou ao fim oficialmente, nesta segunda-feira (31), a jornada de Lionel Messi na sele\u00e7\u00e3o argentina. O astro, campe\u00e3o da Copa do Mundo de 2022, refletiu no \u00faltimo m\u00eas, ap\u00f3s o vice diante da Espanha, sobre sua trajet\u00f3ria com as cores do pa\u00eds e resolveu dar um ponto final \u2013 o segundo na carreira.<\/p>\n<p>A primeira vez foi em junho de 2016, ap\u00f3s outra frustra\u00e7\u00e3o: a derrota para o Chile na final da Copa Am\u00e9rica Centen\u00e1rio. Ainda no topo do mundo com a camisa do Barcelona, o meia-atacante sucumbiu \u00e0s cr\u00edticas por n\u00e3o conseguir trof\u00e9us com seu pa\u00eds. Meses depois, Messi voltou atr\u00e1s na decis\u00e3o e conquistou status de s\u00edmbolo m\u00e1ximo da na\u00e7\u00e3o \u201chermana\u201d com as ta\u00e7as empilhadas nos anos seguintes.<\/p>\n<p>\u201cDepois de todo esse tempo desde a final, e depois de pensar muito sobre isso, quero dizer a todos que estou me aposentando da sele\u00e7\u00e3o nacional\u201d, oficializou o camisa 10 em carta divulgada nas redes sociais. \u201cFoi uma decis\u00e3o que doeu e ainda d\u00f3i profundamente, mas entendo que este \u00e9 o momento certo\u201d, explicou<\/p>\n<p>Artilheiro da Argentina na Copa deste ano, com oito gols, Messi deixa a sele\u00e7\u00e3o com 207 partidas disputadas, 125 bolas nas redes e 65 assist\u00eancias. Al\u00e9m do tricampeonato mundial erguido no Catar, ganhou a Copa Am\u00e9rica por duas vezes (2021 e 2024) a Final\u00edssima de 2022, al\u00e9m do ouro ol\u00edmpico em Pequim-2008. \u00c9 tamb\u00e9m o maior artilheiro da hist\u00f3ria alviceleste, com impressionantes 69 gols de dist\u00e2ncia para o segundo colocado, Batistuta, que marcou 56, e 91 de frente para eterno Maradona, com 34.<\/p>\n<p>\u201cJuro que sempre dei tudo, n\u00e3o s\u00f3 nesses \u00faltimos anos quando vencemos tudo, mas antes disso tamb\u00e9m. Sempre lutei e dei tudo por esta camisa, para trazer felicidade a voc\u00eas e fazer voc\u00eas se sentirem orgulhosos de ser argentinos atrav\u00e9s do futebol\u201d, destacou.<\/p>\n<p>Aos 38 anos e j\u00e1 nos \u00faltimos momentos de uma das carreiras mais brilhantes da hist\u00f3ria do esporte mundial, o astro do Inter Miami-EUA admitiu que n\u00e3o conseguiria continuar a atuar em alto n\u00edvel com a Argentina, mesmo com as grandes apresenta\u00e7\u00f5es da \u00faltima Copa.<\/p>\n<p>\u201cN\u00e3o resta muito tempo, e cap\u00edtulos diferentes est\u00e3o chegando ao fim. Este \u00e9 um que me d\u00f3i muito. Eu amo, amei e sempre vou amar fazer parte da sele\u00e7\u00e3o nacional. Dei tudo o que tinha, e n\u00e3o tenho mais nada a dar\u201d, admitiu. \u201cAl\u00e9m disso, h\u00e1 grandes jovens jogadores surgindo que merecem estar aqui.\u201d<\/p>\n<p>Aproveitou para agradecer todo o apoio de sua na\u00e7\u00e3o. \u201cObrigado por todo o amor durante esses 20 anos. Vou sentir falta de ouvir voc\u00eas de dentro. Agora serei um de voc\u00eas, sempre apoiando de fora, nos bons momentos e ainda mais nos ruins\u201d, afirmou. \u201cObrigado \u00e0 minha fam\u00edlia por sempre estar l\u00e1 e por estar comigo durante essa jornada linda, mas dif\u00edcil. Obrigado a cada treinador, companheiro de equipe e diretor com quem tive a chance de compartilhar isso. Levo comigo mem\u00f3rias e momentos inesquec\u00edveis.\u201d<\/p>\n<p>Mesmo sem seu bicampeonato mundial em tr\u00eas finais disputadas e seis edi\u00e7\u00f5es do torneio, Messi demonstrou orgulho por toda sua jornada na sele\u00e7\u00e3o e citou seu pai, Jorge, que morreu no in\u00edcio deste m\u00eas.<\/p>\n<p>\u201cSaio em paz e com orgulho, sabendo que junto com meus companheiros de equipe demos a voc\u00eas momentos que um dia sonhamos. Foi louco viver tudo isso com voc\u00eas. Eu amo voc\u00eas! Obrigado, Deus, por me fazer argentino\u2026 Vamos Argentina! Escrevi essas palavras em 21 de julho, dois dias ap\u00f3s a final. Hoje, depois do que aconteceu com meu pai, estou ainda mais convencido dessa decis\u00e3o do que antes.\u201d<\/p>\n<div style=\"background-color: #f4f4f5; border: 1px solid #d4d4d8; padding: 15px; margin: 20px 0; border-radius: 6px; font-family: sans-serif; line-height: 1.5;\">\n    <span style=\"color: #27272a;\">Inscreva-se em nosso Canal no Whatsapp e fique por dentro de tudo que acontece na regi\u00e3o. <\/span><br \/>\n    <a href=\"https:\/\/whatsapp.com\/channel\/0029VanuE2o7z4kYjo0XVS3u\" target=\"_blank\" rel=\"noopener noreferrer\" style=\"color: #16a34a; font-weight: bold; text-decoration: underline;\">Clique Aqui!<\/a>\n<\/div>\n<\/div>\n<p><br \/>\n<br \/><a href=\"https:\/\/www.tribunaribeirao.com.br\/messi-oficializa-aposentadoria-da-selecao-argentina\/\">Texto original daqui <\/a><\/p>\n<!-- CONTENT END 1 -->\n","protected":false},"excerpt":{"rendered":"<p>Chegou ao fim oficialmente, nesta segunda-feira (31), a jornada de Lionel Messi na sele\u00e7\u00e3o argentina. O astro, campe\u00e3o da Copa do Mundo de 2022, refletiu&#8230;<\/p>\n","protected":false},"author":1,"featured_media":90838,"comment_status":"","ping_status":"","sticky":false,"template":"","format":"standard","meta":{"advanced_seo_description":"","jetpack_seo_html_title":"","jetpack_seo_noindex":false,"jetpack_seo_schema_type":"","_jetpack_newsletter_access":"","_jetpack_dont_email_post_to_subs":false,"_jetpack_newsletter_tier_id":0,"_jetpack_memberships_contains_paywalled_content":false,"_jetpack_feature_clip_id":0,"_jetpack_memberships_contains_paid_content":false,"footnotes":"","jetpack_publicize_message":"","jetpack_publicize_feature_enabled":true,"jetpack_social_post_already_shared":true,"jetpack_social_options":{"image_generator_settings":{"template":"highway","default_image_id":0,"font":"","enabled":false},"version":2},"jetpack_post_was_ever_published":false},"categories":[11],"tags":[2809,489,8060,8834,460],"class_list":["post-90837","post","type-post","status-publish","format-standard","has-post-thumbnail","hentry","category-noticias-de-ribeirao-preto-sp-e-regiao-ismael-colosi","tag-aposentadoria","tag-argentina","tag-messi","tag-oficializa","tag-selecao"],"jetpack_publicize_connections":[],"jetpack-related-posts":[{"id":88416,"url":"https:\/\/noticiasribeiraopreto.com.br\/index.php\/2026\/07\/19\/onde-assistir-a-final-da-copa-do-mundo-2026-entre-argentina-e-espanha\/","url_meta":{"origin":90837,"position":0},"title":"Onde assistir \u00e0 final da Copa do Mundo 2026 entre Argentina e Espanha?","author":"noticiasribeiraopreto.com.br","date":"19 de July de 2026","format":false,"excerpt":"A Copa do Mundo de 2026 chega ao fim neste domingo (18) com uma final in\u00e9dita entre Argentina e Espanha. As duas sele\u00e7\u00f5es entram em campo em busca do t\u00edtulo mundial, em uma partida que ter\u00e1 transmiss\u00e3o ao vivo pela TV Globo, a partir das 14h. Os torcedores tamb\u00e9m poder\u00e3o\u2026","rel":"","context":"In &quot;Not\u00edcias de Ribeir\u00e3o Preto-SP e Regi\u00e3o&quot;","block_context":{"text":"Not\u00edcias de Ribeir\u00e3o Preto-SP e Regi\u00e3o","link":"https:\/\/noticiasribeiraopreto.com.br\/index.php\/category\/noticias-de-ribeirao-preto-sp-e-regiao-ismael-colosi\/"},"img":{"alt_text":"","src":"https:\/\/i0.wp.com\/noticiasribeiraopreto.com.br\/wp-content\/uploads\/2026\/07\/copa.jpg?fit=1200%2C675&ssl=1&resize=350%2C200","width":350,"height":200,"srcset":"https:\/\/i0.wp.com\/noticiasribeiraopreto.com.br\/wp-content\/uploads\/2026\/07\/copa.jpg?fit=1200%2C675&ssl=1&resize=350%2C200 1x, https:\/\/i0.wp.com\/noticiasribeiraopreto.com.br\/wp-content\/uploads\/2026\/07\/copa.jpg?fit=1200%2C675&ssl=1&resize=525%2C300 1.5x, https:\/\/i0.wp.com\/noticiasribeiraopreto.com.br\/wp-content\/uploads\/2026\/07\/copa.jpg?fit=1200%2C675&ssl=1&resize=700%2C400 2x, https:\/\/i0.wp.com\/noticiasribeiraopreto.com.br\/wp-content\/uploads\/2026\/07\/copa.jpg?fit=1200%2C675&ssl=1&resize=1050%2C600 3x"},"classes":[]},{"id":88185,"url":"https:\/\/noticiasribeiraopreto.com.br\/index.php\/2026\/07\/15\/argentina-conquista-virada-epica-e-enfrenta-espanha-na-final-da-copa\/","url_meta":{"origin":90837,"position":1},"title":"Argentina conquista virada \u00e9pica e enfrenta Espanha na final da Copa","author":"noticiasribeiraopreto.com.br","date":"15 de July de 2026","format":false,"excerpt":"Por Hugo Luque Mais um cl\u00e1ssico para a hist\u00f3ria do futebol mundial. A vit\u00f3ria da Argentina por 2 a 1 sobre a Inglaterra, nesta quarta-feira (15), em Atlanta, nos Estados Unidos, carimbou os \u201chermanos\u201d na segunda final de Copa do Mundo consecutiva do pa\u00eds, desta vez contra a Espanha. Brigado\u2026","rel":"","context":"In &quot;Not\u00edcias de Ribeir\u00e3o Preto-SP e Regi\u00e3o&quot;","block_context":{"text":"Not\u00edcias de Ribeir\u00e3o Preto-SP e Regi\u00e3o","link":"https:\/\/noticiasribeiraopreto.com.br\/index.php\/category\/noticias-de-ribeirao-preto-sp-e-regiao-ismael-colosi\/"},"img":{"alt_text":"","src":"https:\/\/i0.wp.com\/noticiasribeiraopreto.com.br\/wp-content\/uploads\/2026\/07\/Tribuna-7.jpg?fit=800%2C500&ssl=1&resize=350%2C200","width":350,"height":200,"srcset":"https:\/\/i0.wp.com\/noticiasribeiraopreto.com.br\/wp-content\/uploads\/2026\/07\/Tribuna-7.jpg?fit=800%2C500&ssl=1&resize=350%2C200 1x, https:\/\/i0.wp.com\/noticiasribeiraopreto.com.br\/wp-content\/uploads\/2026\/07\/Tribuna-7.jpg?fit=800%2C500&ssl=1&resize=525%2C300 1.5x, https:\/\/i0.wp.com\/noticiasribeiraopreto.com.br\/wp-content\/uploads\/2026\/07\/Tribuna-7.jpg?fit=800%2C500&ssl=1&resize=700%2C400 2x"},"classes":[]},{"id":66190,"url":"https:\/\/noticiasribeiraopreto.com.br\/index.php\/2025\/03\/28\/dorival-junior-e-demitido-da-selecao-brasileira-apos-goleada-para-argentina\/","url_meta":{"origin":90837,"position":2},"title":"Dorival J\u00fanior \u00e9 demitido da sele\u00e7\u00e3o brasileira ap\u00f3s goleada para Argentina","author":"noticiasribeiraopreto.com.br","date":"28 de March de 2025","format":false,"excerpt":"Dorival J\u00fanior n\u00e3o \u00e9 mais t\u00e9cnico da sele\u00e7\u00e3o brasileira. Ap\u00f3s reuni\u00e3o com Ednaldo Rodrigues, presidente da CBF, nesta sexta-feira (28), no Rio de Janeiro, o treinador foi demitido do comando depois de 14 meses em que acumulou fracassos. O estopim foi o \u201cbaile\u201d sofrido contra a Argentina na ter\u00e7a-feira (25),\u2026","rel":"","context":"In &quot;Not\u00edcias de Ribeir\u00e3o Preto-SP e Regi\u00e3o&quot;","block_context":{"text":"Not\u00edcias de Ribeir\u00e3o Preto-SP e Regi\u00e3o","link":"https:\/\/noticiasribeiraopreto.com.br\/index.php\/category\/noticias-de-ribeirao-preto-sp-e-regiao-ismael-colosi\/"},"img":{"alt_text":"","src":"https:\/\/i0.wp.com\/noticiasribeiraopreto.com.br\/wp-content\/uploads\/2025\/03\/dorival-junior.jpeg?fit=910%2C607&ssl=1&resize=350%2C200","width":350,"height":200,"srcset":"https:\/\/i0.wp.com\/noticiasribeiraopreto.com.br\/wp-content\/uploads\/2025\/03\/dorival-junior.jpeg?fit=910%2C607&ssl=1&resize=350%2C200 1x, https:\/\/i0.wp.com\/noticiasribeiraopreto.com.br\/wp-content\/uploads\/2025\/03\/dorival-junior.jpeg?fit=910%2C607&ssl=1&resize=525%2C300 1.5x, https:\/\/i0.wp.com\/noticiasribeiraopreto.com.br\/wp-content\/uploads\/2025\/03\/dorival-junior.jpeg?fit=910%2C607&ssl=1&resize=700%2C400 2x"},"classes":[]},{"id":88435,"url":"https:\/\/noticiasribeiraopreto.com.br\/index.php\/2026\/07\/19\/espanha-supera-argentina-e-conquista-a-copa-do-mundo\/","url_meta":{"origin":90837,"position":3},"title":"Espanha supera Argentina e conquista a Copa do Mundo","author":"noticiasribeiraopreto.com.br","date":"19 de July de 2026","format":false,"excerpt":"Por Hugo Luque A Espanha venceu a Argentina por 1 a 0 neste domingo (19), no New York New Jersey Stadium, nos Estados Unidos, e conquistou a Copa do Mundo de 2026. Dominante ao longo dos 90 minutos, a F\u00faria precisou da prorroga\u00e7\u00e3o para fazer, com Ferran Torres, o tento\u2026","rel":"","context":"In &quot;Not\u00edcias de Ribeir\u00e3o Preto-SP e Regi\u00e3o&quot;","block_context":{"text":"Not\u00edcias de Ribeir\u00e3o Preto-SP e Regi\u00e3o","link":"https:\/\/noticiasribeiraopreto.com.br\/index.php\/category\/noticias-de-ribeirao-preto-sp-e-regiao-ismael-colosi\/"},"img":{"alt_text":"","src":"https:\/\/i0.wp.com\/noticiasribeiraopreto.com.br\/wp-content\/uploads\/2026\/07\/WhatsApp-Image-2026-07-19-at-19.49.01-scaled.jpeg?fit=1170%2C780&ssl=1&resize=350%2C200","width":350,"height":200,"srcset":"https:\/\/i0.wp.com\/noticiasribeiraopreto.com.br\/wp-content\/uploads\/2026\/07\/WhatsApp-Image-2026-07-19-at-19.49.01-scaled.jpeg?fit=1170%2C780&ssl=1&resize=350%2C200 1x, https:\/\/i0.wp.com\/noticiasribeiraopreto.com.br\/wp-content\/uploads\/2026\/07\/WhatsApp-Image-2026-07-19-at-19.49.01-scaled.jpeg?fit=1170%2C780&ssl=1&resize=525%2C300 1.5x, https:\/\/i0.wp.com\/noticiasribeiraopreto.com.br\/wp-content\/uploads\/2026\/07\/WhatsApp-Image-2026-07-19-at-19.49.01-scaled.jpeg?fit=1170%2C780&ssl=1&resize=700%2C400 2x, https:\/\/i0.wp.com\/noticiasribeiraopreto.com.br\/wp-content\/uploads\/2026\/07\/WhatsApp-Image-2026-07-19-at-19.49.01-scaled.jpeg?fit=1170%2C780&ssl=1&resize=1050%2C600 3x"},"classes":[]},{"id":4412,"url":"https:\/\/noticiasribeiraopreto.com.br\/index.php\/2023\/11\/21\/saiba-quem-e-o-jogador-da-regiao-que-e-revelacao-do-palmeiras-e-da-selecao-e-custa-r-345-milhoes\/","url_meta":{"origin":90837,"position":4},"title":"Saiba quem \u00e9 o jogador da regi\u00e3o que \u00e9 revela\u00e7\u00e3o do Palmeiras e da sele\u00e7\u00e3o e custa R$ 345 milh\u00f5es","author":"noticiasribeiraopreto.com.br","date":"21 de November de 2023","format":false,"excerpt":"\u00c9 jogador do Palmeiras, \u00e9 destaque da sele\u00e7\u00e3o brasileira e est\u00e1 avaliado em valores astron\u00f4micos. N\u00e3o, n\u00e3o \u00e9 o Endrick, \u00e9 o atacante Est\u00eav\u00e3o, outra revela\u00e7\u00e3o da base do alviverde e destaque da sele\u00e7\u00e3o brasileira na Copa do Mundo Sub-17, que acontece na Indon\u00e9sia. Est\u00eav\u00e3o, que \u00e9 nascido em Franca,\u2026","rel":"","context":"In &quot;Not\u00edcias de Ribeir\u00e3o Preto-SP e Regi\u00e3o&quot;","block_context":{"text":"Not\u00edcias de Ribeir\u00e3o Preto-SP e Regi\u00e3o","link":"https:\/\/noticiasribeiraopreto.com.br\/index.php\/category\/noticias-de-ribeirao-preto-sp-e-regiao-ismael-colosi\/"},"img":{"alt_text":"","src":"https:\/\/i0.wp.com\/noticiasribeiraopreto.com.br\/wp-content\/uploads\/2023\/11\/ESTEVAO.jpeg?fit=910%2C606&ssl=1&resize=350%2C200","width":350,"height":200,"srcset":"https:\/\/i0.wp.com\/noticiasribeiraopreto.com.br\/wp-content\/uploads\/2023\/11\/ESTEVAO.jpeg?fit=910%2C606&ssl=1&resize=350%2C200 1x, https:\/\/i0.wp.com\/noticiasribeiraopreto.com.br\/wp-content\/uploads\/2023\/11\/ESTEVAO.jpeg?fit=910%2C606&ssl=1&resize=525%2C300 1.5x, https:\/\/i0.wp.com\/noticiasribeiraopreto.com.br\/wp-content\/uploads\/2023\/11\/ESTEVAO.jpeg?fit=910%2C606&ssl=1&resize=700%2C400 2x"},"classes":[]},{"id":89303,"url":"https:\/\/noticiasribeiraopreto.com.br\/index.php\/2026\/08\/03\/lionel-messi-bisneto-de-ribeirao-preto\/","url_meta":{"origin":90837,"position":5},"title":"Lionel Messi: bisneto de Ribeir\u00e3o Preto","author":"noticiasribeiraopreto.com.br","date":"3 de August de 2026","format":false,"excerpt":"Por Hugo Luque Um g\u00eanio, um dos maiores expoentes da irrever\u00eancia sul-americana com a bola nos p\u00e9s e o mais talentoso jogador de futebol de toda uma gera\u00e7\u00e3o. Embora nunca tenha atuado profissionalmente por um clube do continente, Lionel Andr\u00e9s Messi Cuccittini representa a regi\u00e3o como poucos. Por muito tempo,\u2026","rel":"","context":"In &quot;Not\u00edcias de Ribeir\u00e3o Preto-SP e Regi\u00e3o&quot;","block_context":{"text":"Not\u00edcias de Ribeir\u00e3o Preto-SP e Regi\u00e3o","link":"https:\/\/noticiasribeiraopreto.com.br\/index.php\/category\/noticias-de-ribeirao-preto-sp-e-regiao-ismael-colosi\/"},"img":{"alt_text":"","src":"https:\/\/i0.wp.com\/noticiasribeiraopreto.com.br\/wp-content\/uploads\/2026\/08\/Foto-01-Reproducao.jpeg?fit=957%2C720&ssl=1&resize=350%2C200","width":350,"height":200,"srcset":"https:\/\/i0.wp.com\/noticiasribeiraopreto.com.br\/wp-content\/uploads\/2026\/08\/Foto-01-Reproducao.jpeg?fit=957%2C720&ssl=1&resize=350%2C200 1x, https:\/\/i0.wp.com\/noticiasribeiraopreto.com.br\/wp-content\/uploads\/2026\/08\/Foto-01-Reproducao.jpeg?fit=957%2C720&ssl=1&resize=525%2C300 1.5x, https:\/\/i0.wp.com\/noticiasribeiraopreto.com.br\/wp-content\/uploads\/2026\/08\/Foto-01-Reproducao.jpeg?fit=957%2C720&ssl=1&resize=700%2C400 2x"},"classes":[]}],"jetpack_sharing_enabled":true,"jetpack_shortlink":"https:\/\/wp.me\/peQAOb-nD7","jetpack_featured_media_url":"https:\/\/i0.wp.com\/noticiasribeiraopreto.com.br\/wp-content\/uploads\/2026\/08\/1-ATA-Messi-Justin-Setterfield_AFP.jpeg?fit=750%2C493&ssl=1","_links":{"self":[{"href":"https:\/\/noticiasribeiraopreto.com.br\/index.php\/wp-json\/wp\/v2\/posts\/90837","targetHints":{"allow":["GET"]}}],"collection":[{"href":"https:\/\/noticiasribeiraopreto.com.br\/index.php\/wp-json\/wp\/v2\/posts"}],"about":[{"href":"https:\/\/noticiasribeiraopreto.com.br\/index.php\/wp-json\/wp\/v2\/types\/post"}],"author":[{"embeddable":true,"href":"https:\/\/noticiasribeiraopreto.com.br\/index.php\/wp-json\/wp\/v2\/users\/1"}],"replies":[{"embeddable":true,"href":"https:\/\/noticiasribeiraopreto.com.br\/index.php\/wp-json\/wp\/v2\/comments?post=90837"}],"version-history":[{"count":0,"href":"https:\/\/noticiasribeiraopreto.com.br\/index.php\/wp-json\/wp\/v2\/posts\/90837\/revisions"}],"wp:featuredmedia":[{"embeddable":true,"href":"https:\/\/noticiasribeiraopreto.com.br\/index.php\/wp-json\/wp\/v2\/media\/90838"}],"wp:attachment":[{"href":"https:\/\/noticiasribeiraopreto.com.br\/index.php\/wp-json\/wp\/v2\/media?parent=90837"}],"wp:term":[{"taxonomy":"category","embeddable":true,"href":"https:\/\/noticiasribeiraopreto.com.br\/index.php\/wp-json\/wp\/v2\/categories?post=90837"},{"taxonomy":"post_tag","embeddable":true,"href":"https:\/\/noticiasribeiraopreto.com.br\/index.php\/wp-json\/wp\/v2\/tags?post=90837"}],"curies":[{"name":"wp","href":"https:\/\/api.w.org\/{rel}","templated":true}]}}