{"id":90839,"date":"2026-08-31T16:25:30","date_gmt":"2026-08-31T19:25:30","guid":{"rendered":"https:\/\/noticiasribeiraopreto.com.br\/index.php\/2026\/08\/31\/seu-filho-vai-estudar-na-rede-publica-em-2027-inscricoes-comecam-nesta-terca-em-ribeirao\/"},"modified":"2026-08-31T16:25:30","modified_gmt":"2026-08-31T19:25:30","slug":"seu-filho-vai-estudar-na-rede-publica-em-2027-inscricoes-comecam-nesta-terca-em-ribeirao","status":"publish","type":"post","link":"https:\/\/noticiasribeiraopreto.com.br\/index.php\/2026\/08\/31\/seu-filho-vai-estudar-na-rede-publica-em-2027-inscricoes-comecam-nesta-terca-em-ribeirao\/","title":{"rendered":"Seu filho vai estudar na rede p\u00fablica em 2027? Inscri\u00e7\u00f5es come\u00e7am nesta ter\u00e7a em Ribeir\u00e3o"},"content":{"rendered":"<div class='code-block code-block-1' style='margin: 8px 0 8px auto; text-align: right; display: block; clear: both;'>\n<p><a href=\"https:\/\/wa.link\/vpicfd\"><img data-recalc-dims=\"1\" class=\"wp-image-4922\" style=\"aspect-ratio: 2.0253164556962027; width: 561px; height: auto;\" src=\"https:\/\/i0.wp.com\/ismaelcolosi.com.br\/wp-content\/uploads\/2023\/11\/grupo-de-empregos-whatsapp-e-facebook-ismael-colosi-vagas.jpg?ssl=1\" alt=\"\" \/><\/a><\/p>\n<!-- \/wp:image -->\n<\/div>\n<p> <br \/>\n<\/p>\n<p>As <strong>inscri\u00e7\u00f5es para quem busca uma vaga no Ensino Fundamental da rede p\u00fablica para 2027 <\/strong>come\u00e7am nesta ter\u00e7a-feira (1\u00ba) em Ribeir\u00e3o Preto. <strong>O prazo termina em 18 de setembro e contempla crian\u00e7as e adolescentes de 6 a 17 anos <\/strong>que est\u00e3o fora da rede p\u00fablica em 2026, incluindo estudantes matriculados em escolas particulares.<\/p>\n<p>O cadastro permite que o aluno concorra a uma vaga em escolas municipais ou estaduais. As fam\u00edlias podem fazer a<strong> inscri\u00e7\u00e3o presencialmente em qualquer unidade p\u00fablica de ensino<\/strong>, <strong>no posto da Secretaria Municipal de Educa\u00e7\u00e3o no Poupatempo<\/strong> ou pela internet, por meio da Secretaria Escolar Digital (SED) do Estado de S\u00e3o Paulo \u2013 <a href=\"https:\/\/sed.educacao.sp.gov.br\/NCA\/PreInscricaoOnline\/login\" data-type=\"link\" data-id=\"https:\/\/sed.educacao.sp.gov.br\/NCA\/PreInscricaoOnline\/login\" target=\"_blank\" rel=\"noopener\">clique aqui.<\/a><\/p>\n<p>Para fazer o cadastro, os respons\u00e1veis devem apresentar a certid\u00e3o de nascimento, o comprovante de endere\u00e7o e o hist\u00f3rico escolar, quando houver.<\/p>\n<div class=\"wp-block-image\">\n<figure class=\"aligncenter size-large\"><figcaption class=\"wp-element-caption\">Foto: Guilherme Sircili<\/figcaption><\/figure>\n<\/div>\n<p class=\"has-text-align-center has-small-font-size\"><em>Receba not\u00edcias do\u00a0<strong>acidade on Ribeir\u00e3o\u00a0<\/strong>no WhatsApp e fique por dentro de tudo! Basta acessar o link<a href=\"https:\/\/chat.whatsapp.com\/DfXwcjKVIddHUT3BvnQuPZ?mode=hqctshi\" target=\"_blank\" rel=\"noreferrer noopener\">\u00a0aqui<\/a>!<\/em><\/p>\n<h2 class=\"wp-block-heading\">Sistema define escola conforme endere\u00e7o<\/h2>\n<p>Durante a inscri\u00e7\u00e3o, a fam\u00edlia n\u00e3o escolhe uma escola espec\u00edfica. O sistema cruza as informa\u00e7\u00f5es do cadastro com a localiza\u00e7\u00e3o do endere\u00e7o informado e define a unidade de acordo com a disponibilidade e os crit\u00e9rios de distribui\u00e7\u00e3o das vagas.<\/p>\n<p>O resultado da aloca\u00e7\u00e3o estar\u00e1 dispon\u00edvel a partir de 4 de janeiro de 2027.<\/p>\n<p>A Secretaria Municipal de Educa\u00e7\u00e3o orienta os respons\u00e1veis a manterem os dados cadastrais atualizados, principalmente o endere\u00e7o, para evitar problemas na distribui\u00e7\u00e3o das vagas.<\/p>\n<div class=\"wp-block-image\">\n<figure class=\"aligncenter size-large\"><img data-recalc-dims=\"1\" loading=\"lazy\" decoding=\"async\" width=\"1024\" height=\"682\" src=\"https:\/\/i0.wp.com\/www.acidadeon.com\/ribeiraopreto\/wp-content\/uploads\/sites\/3\/2026\/08\/image-204-1024x682.png?resize=1024%2C682&#038;ssl=1\" alt=\"image 204\" class=\"wp-image-173111\" title=\"Seu filho vai estudar na rede p\u00fablica em 2027? Inscri\u00e7\u00f5es come\u00e7am nesta ter\u00e7a em Ribeir\u00e3o 2\"><figcaption class=\"wp-element-caption\">Foto: Guilherme Sircili<\/figcaption><\/figure>\n<\/div>\n<h2 class=\"wp-block-heading\">Alunos da rede p\u00fablica n\u00e3o precisam fazer novo cadastro<\/h2>\n<p>Quem j\u00e1 estuda em uma escola p\u00fablica e ter\u00e1 continuidade na etapa seguinte n\u00e3o precisa participar novamente do processo. A matr\u00edcula para 2027 seguir\u00e1 automaticamente.<\/p>\n<p>Nos casos em que a escola atual n\u00e3o oferece a pr\u00f3xima etapa de ensino, o sistema indicar\u00e1 outra unidade da rede p\u00fablica.<\/p>\n<p>A partir de 4 de janeiro de 2027, os respons\u00e1veis poder\u00e3o solicitar transfer\u00eancia se houver mudan\u00e7a de endere\u00e7o. Tamb\u00e9m ser\u00e1 poss\u00edvel manifestar interesse por outra escola mesmo sem mudan\u00e7a de endere\u00e7o, mas o atendimento depender\u00e1 da exist\u00eancia de vagas e dos crit\u00e9rios do sistema.<\/p>\n<div class=\"wp-block-image\">\n<figure class=\"aligncenter size-large\"><img data-recalc-dims=\"1\" loading=\"lazy\" decoding=\"async\" width=\"1024\" height=\"681\" src=\"https:\/\/i0.wp.com\/www.acidadeon.com\/ribeiraopreto\/wp-content\/uploads\/sites\/3\/2026\/08\/image-206-1024x681.png?resize=1024%2C681&#038;ssl=1\" alt=\"image 206\" class=\"wp-image-173113\" title=\"Seu filho vai estudar na rede p\u00fablica em 2027? Inscri\u00e7\u00f5es come\u00e7am nesta ter\u00e7a em Ribeir\u00e3o 3\"><figcaption class=\"wp-element-caption\">Foto: Guilherme Sircili<\/figcaption><\/figure>\n<\/div>\n<p class=\"has-text-align-center has-small-font-size\"><em>Fa\u00e7a uma den\u00fancia ou sugira uma reportagem sobre\u00a0<strong>Ribeir\u00e3o Preto\u00a0<\/strong>e regi\u00e3o por meio do WhatsApp do\u00a0<strong>acidade on Ribeir\u00e3o<\/strong>: (16) 99117-7802.<\/em><\/p>\n<\/p>\n<p>O post Seu filho vai estudar na rede p\u00fablica em 2027? Inscri\u00e7\u00f5es come\u00e7am nesta ter\u00e7a em Ribeir\u00e3o apareceu primeiro em ACidade ON Ribeir\u00e3o Preto.<\/p>\n<p><br \/>\n<br \/><a href=\"https:\/\/www.acidadeon.com\/ribeiraopreto\/cotidiano\/seu-filho-vai-estudar-na-rede-publica-em-2027-inscricoes-comecam-nesta-terca-em-ribeirao\/\">Link para o texto original aqui <\/a><\/p>\n<!-- CONTENT END 1 -->\n","protected":false},"excerpt":{"rendered":"<p>As inscri\u00e7\u00f5es para quem busca uma vaga no Ensino Fundamental da rede p\u00fablica para 2027 come\u00e7am nesta ter\u00e7a-feira (1\u00ba) em Ribeir\u00e3o Preto. O prazo termina&#8230;<\/p>\n","protected":false},"author":1,"featured_media":90840,"comment_status":"","ping_status":"","sticky":false,"template":"","format":"standard","meta":{"advanced_seo_description":"","jetpack_seo_html_title":"","jetpack_seo_noindex":false,"jetpack_seo_schema_type":"","_jetpack_newsletter_access":"","_jetpack_dont_email_post_to_subs":false,"_jetpack_newsletter_tier_id":0,"_jetpack_memberships_contains_paywalled_content":false,"_jetpack_feature_clip_id":0,"_jetpack_memberships_contains_paid_content":false,"footnotes":"","jetpack_publicize_message":"","jetpack_publicize_feature_enabled":true,"jetpack_social_post_already_shared":true,"jetpack_social_options":{"image_generator_settings":{"template":"highway","default_image_id":0,"font":"","enabled":false},"version":2},"jetpack_post_was_ever_published":false},"categories":[11],"tags":[2157,8835,2313,566,207,1404,591,26,1750,168,529],"class_list":["post-90839","post","type-post","status-publish","format-standard","has-post-thumbnail","hentry","category-noticias-de-ribeirao-preto-sp-e-regiao-ismael-colosi","tag-comecam","tag-estudar","tag-filho","tag-inscricoes","tag-nesta","tag-publica","tag-rede","tag-ribeirao","tag-seu","tag-terca","tag-vai"],"jetpack_publicize_connections":[],"jetpack-related-posts":[{"id":89720,"url":"https:\/\/noticiasribeiraopreto.com.br\/index.php\/2026\/08\/10\/inscricoes-para-creches-comecam-nesta-semana-em-ribeirao-veja-como-fazer\/","url_meta":{"origin":90839,"position":0},"title":"Inscri\u00e7\u00f5es para creches come\u00e7am nesta semana em Ribeir\u00e3o; Veja como fazer","author":"noticiasribeiraopreto.com.br","date":"10 de August de 2026","format":false,"excerpt":"A Prefeitura de Ribeir\u00e3o Preto informou que come\u00e7a nesta quarta-feira (12) o per\u00edodo de inscri\u00e7\u00f5es para vagas em creches e pr\u00e9-escolas da rede municipal de ensino para o ano letivo de 2027. O prazo segue at\u00e9 4 de setembro e \u00e9 destinado a crian\u00e7as de 0 a 5 anos. O\u2026","rel":"","context":"In &quot;Not\u00edcias de Ribeir\u00e3o Preto-SP e Regi\u00e3o&quot;","block_context":{"text":"Not\u00edcias de Ribeir\u00e3o Preto-SP e Regi\u00e3o","link":"https:\/\/noticiasribeiraopreto.com.br\/index.php\/category\/noticias-de-ribeirao-preto-sp-e-regiao-ismael-colosi\/"},"img":{"alt_text":"","src":"https:\/\/i0.wp.com\/noticiasribeiraopreto.com.br\/wp-content\/uploads\/2026\/08\/m-1.jpg?fit=1200%2C675&ssl=1&resize=350%2C200","width":350,"height":200,"srcset":"https:\/\/i0.wp.com\/noticiasribeiraopreto.com.br\/wp-content\/uploads\/2026\/08\/m-1.jpg?fit=1200%2C675&ssl=1&resize=350%2C200 1x, https:\/\/i0.wp.com\/noticiasribeiraopreto.com.br\/wp-content\/uploads\/2026\/08\/m-1.jpg?fit=1200%2C675&ssl=1&resize=525%2C300 1.5x, https:\/\/i0.wp.com\/noticiasribeiraopreto.com.br\/wp-content\/uploads\/2026\/08\/m-1.jpg?fit=1200%2C675&ssl=1&resize=700%2C400 2x, https:\/\/i0.wp.com\/noticiasribeiraopreto.com.br\/wp-content\/uploads\/2026\/08\/m-1.jpg?fit=1200%2C675&ssl=1&resize=1050%2C600 3x"},"classes":[]},{"id":56954,"url":"https:\/\/noticiasribeiraopreto.com.br\/index.php\/2024\/08\/19\/quer-estudar-na-usp-ribeirao-preto-inscricoes-da-fuvest-comecam-hoje\/","url_meta":{"origin":90839,"position":1},"title":"Quer estudar na USP Ribeir\u00e3o Preto? Inscri\u00e7\u00f5es da Fuvest come\u00e7am hoje","author":"noticiasribeiraopreto.com.br","date":"19 de August de 2024","format":false,"excerpt":"Come\u00e7am \u00e0s 12h desta segunda-feira (19) as inscri\u00e7\u00f5es para Fuvest, vestibular que d\u00e1 acesso \u00e0 USP (Universidade de S\u00e3o Paulo). Ao todo, s\u00e3o 8.147 vagas disponibilizadas no vestibular, sendo 4.888 de ampla concorr\u00eancia, 2.053 reservadas para estudantes de escolas p\u00fablicas e 1.206 vagas para estudantes de escolas p\u00fablicas PPI (pretos\u2026","rel":"","context":"In &quot;Not\u00edcias de Ribeir\u00e3o Preto-SP e Regi\u00e3o&quot;","block_context":{"text":"Not\u00edcias de Ribeir\u00e3o Preto-SP e Regi\u00e3o","link":"https:\/\/noticiasribeiraopreto.com.br\/index.php\/category\/noticias-de-ribeirao-preto-sp-e-regiao-ismael-colosi\/"},"img":{"alt_text":"","src":"https:\/\/i0.wp.com\/noticiasribeiraopreto.com.br\/wp-content\/uploads\/2024\/08\/20170216_00_campus_ribeirao1.webp.webp?fit=800%2C420&ssl=1&resize=350%2C200","width":350,"height":200,"srcset":"https:\/\/i0.wp.com\/noticiasribeiraopreto.com.br\/wp-content\/uploads\/2024\/08\/20170216_00_campus_ribeirao1.webp.webp?fit=800%2C420&ssl=1&resize=350%2C200 1x, https:\/\/i0.wp.com\/noticiasribeiraopreto.com.br\/wp-content\/uploads\/2024\/08\/20170216_00_campus_ribeirao1.webp.webp?fit=800%2C420&ssl=1&resize=525%2C300 1.5x, https:\/\/i0.wp.com\/noticiasribeiraopreto.com.br\/wp-content\/uploads\/2024\/08\/20170216_00_campus_ribeirao1.webp.webp?fit=800%2C420&ssl=1&resize=700%2C400 2x"},"classes":[]},{"id":86939,"url":"https:\/\/noticiasribeiraopreto.com.br\/index.php\/2026\/06\/24\/cadastro-para-almoco-nas-ferias-em-escolas-estaduais-termina-nesta-semana-veja-como-fazer\/","url_meta":{"origin":90839,"position":2},"title":"Cadastro para almo\u00e7o nas f\u00e9rias em escolas estaduais termina nesta semana; Veja como fazer","author":"noticiasribeiraopreto.com.br","date":"24 de June de 2026","format":false,"excerpt":"O cadastro para o almo\u00e7o gratuito durante as f\u00e9rias nas escolas da rede estadual paulista termina na pr\u00f3xima sexta-feira (26). Receba not\u00edcias do\u00a0acidade on Ribeir\u00e3o\u00a0no WhatsApp e fique por dentro de tudo! Basta acessar o link\u00a0aqui! Segundo a Secretaria da Educa\u00e7\u00e3o do Estado de S\u00e3o Paulo (Seduc-SP), pais e respons\u00e1veis\u2026","rel":"","context":"In &quot;Not\u00edcias de Ribeir\u00e3o Preto-SP e Regi\u00e3o&quot;","block_context":{"text":"Not\u00edcias de Ribeir\u00e3o Preto-SP e Regi\u00e3o","link":"https:\/\/noticiasribeiraopreto.com.br\/index.php\/category\/noticias-de-ribeirao-preto-sp-e-regiao-ismael-colosi\/"},"img":{"alt_text":"","src":"https:\/\/i0.wp.com\/noticiasribeiraopreto.com.br\/wp-content\/uploads\/2024\/06\/Copia-de-Copia-de-TAMANHO-EXATO-PARA-FOTOS-NO-SISTEMA-NOVO-2_2024-06-26_16-35-24_jpg_2024-06-26_16-35-24.webp.webp?fit=1200%2C675&ssl=1&resize=350%2C200","width":350,"height":200,"srcset":"https:\/\/i0.wp.com\/noticiasribeiraopreto.com.br\/wp-content\/uploads\/2024\/06\/Copia-de-Copia-de-TAMANHO-EXATO-PARA-FOTOS-NO-SISTEMA-NOVO-2_2024-06-26_16-35-24_jpg_2024-06-26_16-35-24.webp.webp?fit=1200%2C675&ssl=1&resize=350%2C200 1x, https:\/\/i0.wp.com\/noticiasribeiraopreto.com.br\/wp-content\/uploads\/2024\/06\/Copia-de-Copia-de-TAMANHO-EXATO-PARA-FOTOS-NO-SISTEMA-NOVO-2_2024-06-26_16-35-24_jpg_2024-06-26_16-35-24.webp.webp?fit=1200%2C675&ssl=1&resize=525%2C300 1.5x, https:\/\/i0.wp.com\/noticiasribeiraopreto.com.br\/wp-content\/uploads\/2024\/06\/Copia-de-Copia-de-TAMANHO-EXATO-PARA-FOTOS-NO-SISTEMA-NOVO-2_2024-06-26_16-35-24_jpg_2024-06-26_16-35-24.webp.webp?fit=1200%2C675&ssl=1&resize=700%2C400 2x, https:\/\/i0.wp.com\/noticiasribeiraopreto.com.br\/wp-content\/uploads\/2024\/06\/Copia-de-Copia-de-TAMANHO-EXATO-PARA-FOTOS-NO-SISTEMA-NOVO-2_2024-06-26_16-35-24_jpg_2024-06-26_16-35-24.webp.webp?fit=1200%2C675&ssl=1&resize=1050%2C600 3x"},"classes":[]},{"id":76990,"url":"https:\/\/noticiasribeiraopreto.com.br\/index.php\/2025\/09\/09\/saiba-quando-comecam-as-inscricoes-para-o-vestibulinho-das-etecs\/","url_meta":{"origin":90839,"position":3},"title":"Saiba quando come\u00e7am as inscri\u00e7\u00f5es para o Vestibulinho das Etecs","author":"noticiasribeiraopreto.com.br","date":"9 de September de 2025","format":false,"excerpt":"A Etec Jos\u00e9 Martimiano da Silva, em Ribeir\u00e3o Preto, abre inscri\u00e7\u00f5es para o Vestibulinho 1\u00ba semestre de 2026 nesta ter\u00e7a-feira (10). O cadastro deve ser feito pelo site \u2013 clique aqui. A taxa de inscri\u00e7\u00e3o \u00e9 R$ 29. O vestibulinho deste ano traz novos cursos e amplia as oportunidades para\u2026","rel":"","context":"In &quot;Not\u00edcias de Ribeir\u00e3o Preto-SP e Regi\u00e3o&quot;","block_context":{"text":"Not\u00edcias de Ribeir\u00e3o Preto-SP e Regi\u00e3o","link":"https:\/\/noticiasribeiraopreto.com.br\/index.php\/category\/noticias-de-ribeirao-preto-sp-e-regiao-ismael-colosi\/"},"img":{"alt_text":"","src":"https:\/\/i0.wp.com\/noticiasribeiraopreto.com.br\/wp-content\/uploads\/2025\/09\/simulado-tem-varias-questoes-vestibular-57d9a8d50b0b0_2024-11-01_13-48-46_jpg_2024-11-01_13-48-46.webp.webp?fit=1000%2C667&ssl=1&resize=350%2C200","width":350,"height":200,"srcset":"https:\/\/i0.wp.com\/noticiasribeiraopreto.com.br\/wp-content\/uploads\/2025\/09\/simulado-tem-varias-questoes-vestibular-57d9a8d50b0b0_2024-11-01_13-48-46_jpg_2024-11-01_13-48-46.webp.webp?fit=1000%2C667&ssl=1&resize=350%2C200 1x, https:\/\/i0.wp.com\/noticiasribeiraopreto.com.br\/wp-content\/uploads\/2025\/09\/simulado-tem-varias-questoes-vestibular-57d9a8d50b0b0_2024-11-01_13-48-46_jpg_2024-11-01_13-48-46.webp.webp?fit=1000%2C667&ssl=1&resize=525%2C300 1.5x, https:\/\/i0.wp.com\/noticiasribeiraopreto.com.br\/wp-content\/uploads\/2025\/09\/simulado-tem-varias-questoes-vestibular-57d9a8d50b0b0_2024-11-01_13-48-46_jpg_2024-11-01_13-48-46.webp.webp?fit=1000%2C667&ssl=1&resize=700%2C400 2x"},"classes":[]},{"id":37164,"url":"https:\/\/noticiasribeiraopreto.com.br\/index.php\/2024\/02\/14\/aulas-na-rede-estadual-de-ensino-comecam-nesta-quinta-15\/","url_meta":{"origin":90839,"position":4},"title":"Aulas na rede estadual de ensino come\u00e7am nesta quinta (15)","author":"noticiasribeiraopreto.com.br","date":"14 de February de 2024","format":false,"excerpt":"14 de fevereiro de 2024 | 17:0014 de fevereiro de 2024 | 12:29 0O ano letivo para 3 milh\u00f5es de alunos da rede estadual de ensino come\u00e7a nesta quinta-feira (15) nas mais de 5.000 escolas da Secretaria da Educa\u00e7\u00e3o do Estado de S\u00e3o Paulo (Seduc-SP). Em Ribeir\u00e3o Preto, s\u00e3o 45\u2026","rel":"","context":"In &quot;Not\u00edcias de Ribeir\u00e3o Preto-SP e Regi\u00e3o&quot;","block_context":{"text":"Not\u00edcias de Ribeir\u00e3o Preto-SP e Regi\u00e3o","link":"https:\/\/noticiasribeiraopreto.com.br\/index.php\/category\/noticias-de-ribeirao-preto-sp-e-regiao-ismael-colosi\/"},"img":{"alt_text":"","src":"https:\/\/i0.wp.com\/noticiasribeiraopreto.com.br\/wp-content\/uploads\/2024\/02\/imagemescolaaula2-scaled.jpg?fit=700%2C458&ssl=1&resize=350%2C200","width":350,"height":200,"srcset":"https:\/\/i0.wp.com\/noticiasribeiraopreto.com.br\/wp-content\/uploads\/2024\/02\/imagemescolaaula2-scaled.jpg?fit=700%2C458&ssl=1&resize=350%2C200 1x, https:\/\/i0.wp.com\/noticiasribeiraopreto.com.br\/wp-content\/uploads\/2024\/02\/imagemescolaaula2-scaled.jpg?fit=700%2C458&ssl=1&resize=525%2C300 1.5x, https:\/\/i0.wp.com\/noticiasribeiraopreto.com.br\/wp-content\/uploads\/2024\/02\/imagemescolaaula2-scaled.jpg?fit=700%2C458&ssl=1&resize=700%2C400 2x"},"classes":[]},{"id":70419,"url":"https:\/\/noticiasribeiraopreto.com.br\/index.php\/2025\/05\/26\/jornal-da-franca-veja-tudo-sobre-o-enem-2025-as-inscricoes-comecam-nesta-segunda-feira-26\/","url_meta":{"origin":90839,"position":5},"title":"Jornal da Franca &#8211; Veja tudo sobre o Enem 2025: as inscri\u00e7\u00f5es come\u00e7am nesta segunda-feira (26)","author":"noticiasribeiraopreto.com.br","date":"26 de May de 2025","format":false,"excerpt":"compartilhar no whatsapp compartilhar no telegram compartilhar no facebook compartilhar no linkedin Ao longo de mais de duas d\u00e9cadas de exist\u00eancia, o Enem se tornou a principal porta de entrada para a educa\u00e7\u00e3o superior no Brasil Os participantes do Exame Nacional do Ensino M\u00e9dio (Enem) contam, agora, com todas as\u2026","rel":"","context":"In &quot;Not\u00edcias de Franca-SP&quot;","block_context":{"text":"Not\u00edcias de Franca-SP","link":"https:\/\/noticiasribeiraopreto.com.br\/index.php\/category\/noticias-de-ribeirao-preto-sp-e-regiao-ismael-colosi\/noticias-franca-sp\/"},"img":{"alt_text":"","src":"https:\/\/i0.wp.com\/noticiasribeiraopreto.com.br\/wp-content\/uploads\/2025\/05\/b237847c-b52a-46ce-a4df-576347db8ded.png?fit=768%2C512&ssl=1&resize=350%2C200","width":350,"height":200,"srcset":"https:\/\/i0.wp.com\/noticiasribeiraopreto.com.br\/wp-content\/uploads\/2025\/05\/b237847c-b52a-46ce-a4df-576347db8ded.png?fit=768%2C512&ssl=1&resize=350%2C200 1x, https:\/\/i0.wp.com\/noticiasribeiraopreto.com.br\/wp-content\/uploads\/2025\/05\/b237847c-b52a-46ce-a4df-576347db8ded.png?fit=768%2C512&ssl=1&resize=525%2C300 1.5x, https:\/\/i0.wp.com\/noticiasribeiraopreto.com.br\/wp-content\/uploads\/2025\/05\/b237847c-b52a-46ce-a4df-576347db8ded.png?fit=768%2C512&ssl=1&resize=700%2C400 2x"},"classes":[]}],"jetpack_sharing_enabled":true,"jetpack_shortlink":"https:\/\/wp.me\/peQAOb-nD9","jetpack_featured_media_url":"https:\/\/i0.wp.com\/noticiasribeiraopreto.com.br\/wp-content\/uploads\/2026\/08\/escola-publica.jpg?fit=1200%2C675&ssl=1","_links":{"self":[{"href":"https:\/\/noticiasribeiraopreto.com.br\/index.php\/wp-json\/wp\/v2\/posts\/90839","targetHints":{"allow":["GET"]}}],"collection":[{"href":"https:\/\/noticiasribeiraopreto.com.br\/index.php\/wp-json\/wp\/v2\/posts"}],"about":[{"href":"https:\/\/noticiasribeiraopreto.com.br\/index.php\/wp-json\/wp\/v2\/types\/post"}],"author":[{"embeddable":true,"href":"https:\/\/noticiasribeiraopreto.com.br\/index.php\/wp-json\/wp\/v2\/users\/1"}],"replies":[{"embeddable":true,"href":"https:\/\/noticiasribeiraopreto.com.br\/index.php\/wp-json\/wp\/v2\/comments?post=90839"}],"version-history":[{"count":0,"href":"https:\/\/noticiasribeiraopreto.com.br\/index.php\/wp-json\/wp\/v2\/posts\/90839\/revisions"}],"wp:featuredmedia":[{"embeddable":true,"href":"https:\/\/noticiasribeiraopreto.com.br\/index.php\/wp-json\/wp\/v2\/media\/90840"}],"wp:attachment":[{"href":"https:\/\/noticiasribeiraopreto.com.br\/index.php\/wp-json\/wp\/v2\/media?parent=90839"}],"wp:term":[{"taxonomy":"category","embeddable":true,"href":"https:\/\/noticiasribeiraopreto.com.br\/index.php\/wp-json\/wp\/v2\/categories?post=90839"},{"taxonomy":"post_tag","embeddable":true,"href":"https:\/\/noticiasribeiraopreto.com.br\/index.php\/wp-json\/wp\/v2\/tags?post=90839"}],"curies":[{"name":"wp","href":"https:\/\/api.w.org\/{rel}","templated":true}]}}