{"id":90841,"date":"2026-08-31T16:37:23","date_gmt":"2026-08-31T19:37:23","guid":{"rendered":"https:\/\/noticiasribeiraopreto.com.br\/index.php\/2026\/08\/31\/ventos-de-ate-75-km-h-e-granizo-ribeirao-preto-entra-em-alerta-de-tempestade\/"},"modified":"2026-08-31T16:37:23","modified_gmt":"2026-08-31T19:37:23","slug":"ventos-de-ate-75-km-h-e-granizo-ribeirao-preto-entra-em-alerta-de-tempestade","status":"publish","type":"post","link":"https:\/\/noticiasribeiraopreto.com.br\/index.php\/2026\/08\/31\/ventos-de-ate-75-km-h-e-granizo-ribeirao-preto-entra-em-alerta-de-tempestade\/","title":{"rendered":"Ventos de at\u00e9 75 km\/h e granizo? Ribeir\u00e3o Preto entra em alerta de tempestade"},"content":{"rendered":"<div class='code-block code-block-1' style='margin: 8px 0 8px auto; text-align: right; display: block; clear: both;'>\n<p><a href=\"https:\/\/wa.link\/vpicfd\"><img data-recalc-dims=\"1\" class=\"wp-image-4922\" style=\"aspect-ratio: 2.0253164556962027; width: 561px; height: auto;\" src=\"https:\/\/i0.wp.com\/ismaelcolosi.com.br\/wp-content\/uploads\/2023\/11\/grupo-de-empregos-whatsapp-e-facebook-ismael-colosi-vagas.jpg?ssl=1\" alt=\"\" \/><\/a><\/p>\n<!-- \/wp:image -->\n<\/div>\n<p> <br \/>\n<\/p>\n<p>O m\u00eas de setembro come\u00e7a sob aviso de perigo meteorol\u00f3gico para os moradores de<strong> Ribeir\u00e3o Preto<\/strong> e regi\u00e3o. A <strong>Defesa Civil do Estado de S\u00e3o Paulo <\/strong>emitiu um alerta urgente para a passagem de uma intensa frente fria entre esta segunda-feira (31) e ter\u00e7a-feira (1\u00ba de setembro), trazendo temporais severos, <mark class=\"has-inline-color has-black-color\">risco de queda de granizo e ventos que podem superar os 75 km\/h.<\/mark><\/p>\n<p class=\"has-cyan-bluish-gray-background-color has-background\"><em>Receba not\u00edcias do\u00a0<strong>acidade on Ribeir\u00e3o\u00a0<\/strong>no WhatsApp e fique por dentro de tudo! Basta acessar o link<a href=\"https:\/\/chat.whatsapp.com\/DfXwcjKVIddHUT3BvnQuPZ?mode=hqctshi\" target=\"_blank\" rel=\"noreferrer noopener\">\u00a0aqui<\/a>!<\/em><\/p>\n<p>Ap\u00f3s a instabilidade do \u00faltimo fim de semana, o avan\u00e7o deste novo sistema frontal marca uma virada radical no clima em todo o territ\u00f3rio paulista. Al\u00e9m das pancadas de chuva volumosas e das descargas el\u00e9tricas frequentes, a previs\u00e3o indica um decl\u00ednio acentuado nas temperaturas, quebrando a sequ\u00eancia de calor que vinha predominando no interior.<\/p>\n<p>Al\u00e9m da regi\u00e3o de Ribeir\u00e3o Preto, a condi\u00e7\u00e3o meteorol\u00f3gica exige aten\u00e7\u00e3o especial nas regi\u00f5es Metropolitana da Capital, Baixada Santista, Litoral Norte, Vale do Ribeira, Vale do Para\u00edba, Serra da Mantiqueira e nas regi\u00f5es de Itapeva, Registro, Sorocaba, Campinas, Barretos, Franca e Presidente Prudente, onde h\u00e1 maior potencial para ventos intensos.<\/p>\n<p>Nas demais \u00e1reas do Estado, tamb\u00e9m s\u00e3o esperadas rajadas expressivas associadas \u00e0 passagem da frente fria e \u00e0 forma\u00e7\u00e3o de tempestades.<\/p>\n<figure class=\"wp-block-image size-large\"><figcaption class=\"wp-element-caption\">A condi\u00e7\u00e3o meteorol\u00f3gica exige aten\u00e7\u00e3o especial na Regi\u00e3o de Ribeir\u00e3o Preto (Fonte: Defesa Civil)<\/figcaption><\/figure>\n<h2 class=\"wp-block-heading\" id=\"riscos-de-estragos-e-atencao-redobrada\"><strong>Riscos de estragos e aten\u00e7\u00e3o redobrada<\/strong><\/h2>\n<p>Ribeir\u00e3o Preto foi classificada pelas autoridades estaduais entre as regi\u00f5es com maior potencial para ventos intensos e chuva persistente. As rajadas fortes exigem aten\u00e7\u00e3o redobrada da popula\u00e7\u00e3o para situa\u00e7\u00f5es de risco como:<\/p>\n<p><strong>Quedas de \u00e1rvores e galhos: <\/strong>Risco direto a pedestres, ve\u00edculos e fia\u00e7\u00e3o el\u00e9trica.<\/p>\n<p><strong>Destelhamentos e danos estruturais: <\/strong>Vulnerabilidade em coberturas fr\u00e1geis, galp\u00f5es e tendas.<\/p>\n<p><strong>Quedas no fornecimento de energia:<\/strong> Risco de blecautes e oscila\u00e7\u00f5es na rede el\u00e9trica local.<\/p>\n<p><strong>Transtornos no tr\u00e2nsito: <\/strong>Forma\u00e7\u00e3o de pontos de alagamento r\u00e1pido e pistas escorregadias nas rodovias da regi\u00e3o.<\/p>\n<h2 class=\"wp-block-heading\" id=\"recomendacoes-de-seguranca-da-defesa-civil\"><strong>Recomenda\u00e7\u00f5es de seguran\u00e7a da Defesa Civil<\/strong><\/h2>\n<p>Durante a passagem das tempestades, os \u00f3rg\u00e3os de prote\u00e7\u00e3o orientam:<\/p>\n<ul class=\"wp-block-list\">\n<li>N\u00e3o se abrigar debaixo de \u00e1rvores ou perto de postes, torres de transmiss\u00e3o e placas de propaganda.<\/li>\n<\/ul>\n<ul class=\"wp-block-list\">\n<li>Evitar estacionar ve\u00edculos pr\u00f3ximos a estruturas fr\u00e1geis ou \u00e1rvores de grande porte.<\/li>\n<\/ul>\n<ul class=\"wp-block-list\">\n<li>Retirar objetos soltos de varandas, quintais e sacadas que possam ser arremessados pelo vento.<\/li>\n<\/ul>\n<ul class=\"wp-block-list\">\n<li>N\u00e3o tentar atravessar ruas ou trechos alagados, seja a p\u00e9 ou de carro.<\/li>\n<\/ul>\n<h2 class=\"wp-block-heading\" id=\"canais-de-atendimento-e-emergencia\"><strong>Canais de atendimento e emerg\u00eancia<\/strong><\/h2>\n<p>A Defesa Civil mant\u00e9m o monitoramento das condi\u00e7\u00f5es clim\u00e1ticas em tempo real. Em casos de emerg\u00eancia, desabamento ou inunda\u00e7\u00f5es, acione a Defesa Civil pelo 199 ou o Corpo de Bombeiros pelo 193.<\/p>\n<p>Para receber avisos meteorol\u00f3gicos gratuitos no celular, envie um SMS com o CEP da sua resid\u00eancia para o n\u00famero 40199.<\/p>\n<figure class=\"wp-block-gallery has-nested-images columns-default is-cropped wp-block-gallery-1 is-layout-flex wp-block-gallery-is-layout-flex\">\n<figure class=\"wp-block-image size-large\"><img data-recalc-dims=\"1\" loading=\"lazy\" decoding=\"async\" width=\"1024\" height=\"576\" data-id=\"172406\" src=\"https:\/\/i0.wp.com\/www.acidadeon.com\/ribeiraopreto\/wp-content\/uploads\/sites\/3\/2026\/08\/previsao-do-tempo-ribeirao-preto-1024x576.jpg?resize=1024%2C576&#038;ssl=1\" alt=\"Cavado muda o tempo e aumenta as chances de chuva no interior de SP - Foto: V\u00edtor Neves.\" class=\"wp-image-172406\" title=\"Ventos de at\u00e9 75 km\/h e granizo? Ribeir\u00e3o Preto entra em alerta de tempestade 2\"><figcaption class=\"wp-element-caption\">Foto: V\u00edtor Neves.<\/figcaption><\/figure>\n<figure class=\"wp-block-image size-large\"><img data-recalc-dims=\"1\" loading=\"lazy\" decoding=\"async\" width=\"1024\" height=\"576\" data-id=\"161966\" src=\"https:\/\/i0.wp.com\/www.acidadeon.com\/ribeiraopreto\/wp-content\/uploads\/sites\/3\/2026\/06\/Copia-de-Copia-de-Copia-de-Design-sem-nome_2026-06-20_12-47-47-1024x576.webp?resize=1024%2C576&#038;ssl=1\" alt=\"Previs\u00e3o para Ribeir\u00e3o Preto indica pancadas de chuva nesta segunda-feira (31) - Foto: Leonardo Santos\" class=\"wp-image-161966\" title=\"Ventos de at\u00e9 75 km\/h e granizo? Ribeir\u00e3o Preto entra em alerta de tempestade 3\"><figcaption class=\"wp-element-caption\"> Foto: Leonardo Santos<\/figcaption><\/figure>\n<figure class=\"wp-block-image size-large\"><img data-recalc-dims=\"1\" loading=\"lazy\" decoding=\"async\" width=\"1024\" height=\"768\" data-id=\"148496\" src=\"https:\/\/i0.wp.com\/www.acidadeon.com\/ribeiraopreto\/wp-content\/uploads\/sites\/3\/2026\/03\/chuva-5_2026-03-11_19-30-23-1024x768.webp?resize=1024%2C768&#038;ssl=1\" alt=\"Chuva pode atingir Ribeir\u00e3o Preto nessa quarta-feira (26) - Foto: Leonardo Santos\" class=\"wp-image-148496\" title=\"Ventos de at\u00e9 75 km\/h e granizo? Ribeir\u00e3o Preto entra em alerta de tempestade 4\"><figcaption class=\"wp-element-caption\">Foto: Leonardo Santos<\/figcaption><\/figure>\n<figure class=\"wp-block-image size-large\"><img data-recalc-dims=\"1\" loading=\"lazy\" decoding=\"async\" width=\"1024\" height=\"768\" data-id=\"146428\" src=\"https:\/\/i0.wp.com\/www.acidadeon.com\/ribeiraopreto\/wp-content\/uploads\/sites\/3\/2026\/02\/chuvas_2026-02-22_20-41-09-1024x768.webp?resize=1024%2C768&#038;ssl=1\" alt=\"Chuva pode atingir Ribeir\u00e3o Preto nessa quarta-feira (26) - Foto: Leonardo Santos\" class=\"wp-image-146428\" title=\"Ventos de at\u00e9 75 km\/h e granizo? Ribeir\u00e3o Preto entra em alerta de tempestade 5\"><figcaption class=\"wp-element-caption\">Foto: Leonardo Santos<\/figcaption><\/figure>\n<\/figure>\n<p class=\"has-cyan-bluish-gray-background-color has-background\"><em>Fa\u00e7a uma den\u00fancia ou sugira uma reportagem sobre\u00a0<strong>Ribeir\u00e3o Preto\u00a0<\/strong>e regi\u00e3o por meio do WhatsApp do\u00a0<strong>acidade on Ribeir\u00e3o<\/strong>: (16) 99117-7802.<\/em><\/p>\n<div class=\"wp-block-rank-math-toc-block\" id=\"rank-math-toc\">\n<nav>\n<ul>\n<li class=\"\">Riscos de estragos e aten\u00e7\u00e3o redobrada<\/li>\n<li class=\"\">Recomenda\u00e7\u00f5es de seguran\u00e7a da Defesa Civil<\/li>\n<li class=\"\">Canais de atendimento e emerg\u00eancia<\/li>\n<\/ul>\n<\/nav>\n<\/div>\n<p>O post Ventos de at\u00e9 75 km\/h e granizo? Ribeir\u00e3o Preto entra em alerta de tempestade apareceu primeiro em ACidade ON Ribeir\u00e3o Preto.<\/p>\n<p><br \/>\n<br \/><a href=\"https:\/\/www.acidadeon.com\/ribeiraopreto\/cotidiano\/ventos-de-ate-75-km-h-e-granizo-ribeirao-preto-entra-em-alerta-de-tempestade\/\">Link para o texto original aqui <\/a><\/p>\n<!-- CONTENT END 1 -->\n","protected":false},"excerpt":{"rendered":"<p>O m\u00eas de setembro come\u00e7a sob aviso de perigo meteorol\u00f3gico para os moradores de Ribeir\u00e3o Preto e regi\u00e3o. A Defesa Civil do Estado de S\u00e3o&#8230;<\/p>\n","protected":false},"author":1,"featured_media":86762,"comment_status":"","ping_status":"","sticky":false,"template":"","format":"standard","meta":{"advanced_seo_description":"","jetpack_seo_html_title":"","jetpack_seo_noindex":false,"jetpack_seo_schema_type":"","_jetpack_newsletter_access":"","_jetpack_dont_email_post_to_subs":false,"_jetpack_newsletter_tier_id":0,"_jetpack_memberships_contains_paywalled_content":false,"_jetpack_feature_clip_id":0,"_jetpack_memberships_contains_paid_content":false,"footnotes":"","jetpack_publicize_message":"","jetpack_publicize_feature_enabled":true,"jetpack_social_post_already_shared":true,"jetpack_social_options":{"image_generator_settings":{"template":"highway","default_image_id":0,"font":"","enabled":false},"version":2},"jetpack_post_was_ever_published":false},"categories":[11],"tags":[8836,163,103,2499,623,249,27,26,64,248],"class_list":["post-90841","post","type-post","status-publish","format-standard","has-post-thumbnail","hentry","category-noticias-de-ribeirao-preto-sp-e-regiao-ismael-colosi","tag-8836","tag-alerta","tag-ate","tag-entra","tag-granizo","tag-kmh","tag-preto","tag-ribeirao","tag-tempestade","tag-ventos"],"jetpack_publicize_connections":[],"jetpack-related-posts":[{"id":80159,"url":"https:\/\/noticiasribeiraopreto.com.br\/index.php\/2025\/11\/16\/ribeirao-preto-recebe-alerta-para-tempestade-ventos-de-ate-100-km-h-e-granizo\/","url_meta":{"origin":90841,"position":0},"title":"Ribeir\u00e3o Preto recebe alerta para tempestade, ventos de at\u00e9 100 km\/h e granizo","author":"noticiasribeiraopreto.com.br","date":"16 de November de 2025","format":false,"excerpt":"Ribeir\u00e3o Preto entra em alerta para tempestade entre a manh\u00e3 de segunda-feira (17) e a manh\u00e3 de ter\u00e7a-feira (18). O Inmet publicou, neste domingo (16), um aviso de perigo para a regi\u00e3o, com in\u00edcio \u00e0s 8h de segunda e t\u00e9rmino \u00e0s 8h de ter\u00e7a. O \u00f3rg\u00e3o prev\u00ea chuva entre 30\u2026","rel":"","context":"In &quot;Not\u00edcias de Ribeir\u00e3o Preto-SP e Regi\u00e3o&quot;","block_context":{"text":"Not\u00edcias de Ribeir\u00e3o Preto-SP e Regi\u00e3o","link":"https:\/\/noticiasribeiraopreto.com.br\/index.php\/category\/noticias-de-ribeirao-preto-sp-e-regiao-ismael-colosi\/"},"img":{"alt_text":"","src":"https:\/\/i0.wp.com\/noticiasribeiraopreto.com.br\/wp-content\/uploads\/2025\/11\/palace-3_2025-10-31_19-55-22.webp.webp?fit=1200%2C675&ssl=1&resize=350%2C200","width":350,"height":200,"srcset":"https:\/\/i0.wp.com\/noticiasribeiraopreto.com.br\/wp-content\/uploads\/2025\/11\/palace-3_2025-10-31_19-55-22.webp.webp?fit=1200%2C675&ssl=1&resize=350%2C200 1x, https:\/\/i0.wp.com\/noticiasribeiraopreto.com.br\/wp-content\/uploads\/2025\/11\/palace-3_2025-10-31_19-55-22.webp.webp?fit=1200%2C675&ssl=1&resize=525%2C300 1.5x, https:\/\/i0.wp.com\/noticiasribeiraopreto.com.br\/wp-content\/uploads\/2025\/11\/palace-3_2025-10-31_19-55-22.webp.webp?fit=1200%2C675&ssl=1&resize=700%2C400 2x, https:\/\/i0.wp.com\/noticiasribeiraopreto.com.br\/wp-content\/uploads\/2025\/11\/palace-3_2025-10-31_19-55-22.webp.webp?fit=1200%2C675&ssl=1&resize=1050%2C600 3x"},"classes":[]},{"id":74705,"url":"https:\/\/noticiasribeiraopreto.com.br\/index.php\/2025\/07\/28\/ribeirao-preto-recebe-alerta-para-tempestade-e-queda-de-granizo-veja-previsao\/","url_meta":{"origin":90841,"position":1},"title":"Ribeir\u00e3o Preto recebe alerta para tempestade e queda de granizo; Veja previs\u00e3o","author":"noticiasribeiraopreto.com.br","date":"28 de July de 2025","format":false,"excerpt":"O Inmet (Instituto Nacional de Meteorologia) emitiu alerta para o risco de tempestade com granizo no interior de S\u00e3o Paulo, devido ao avan\u00e7o de uma frente fria. O aviso inclui Ribeir\u00e3o Preto e cidades da regi\u00e3o, com in\u00edcio \u00e0s 3h at\u00e9 as 21h desta segunda-feira (28). Clique aqui e veja\u2026","rel":"","context":"In &quot;Not\u00edcias de Ribeir\u00e3o Preto-SP e Regi\u00e3o&quot;","block_context":{"text":"Not\u00edcias de Ribeir\u00e3o Preto-SP e Regi\u00e3o","link":"https:\/\/noticiasribeiraopreto.com.br\/index.php\/category\/noticias-de-ribeirao-preto-sp-e-regiao-ismael-colosi\/"},"img":{"alt_text":"","src":"https:\/\/i0.wp.com\/noticiasribeiraopreto.com.br\/wp-content\/uploads\/2025\/07\/WhatsApp-Image-2024-10-15-at-08.25.28_2024-10-15_11-26-55_jpeg_2024-10-15_11-26-55.webp.webp?fit=1200%2C540&ssl=1&resize=350%2C200","width":350,"height":200,"srcset":"https:\/\/i0.wp.com\/noticiasribeiraopreto.com.br\/wp-content\/uploads\/2025\/07\/WhatsApp-Image-2024-10-15-at-08.25.28_2024-10-15_11-26-55_jpeg_2024-10-15_11-26-55.webp.webp?fit=1200%2C540&ssl=1&resize=350%2C200 1x, https:\/\/i0.wp.com\/noticiasribeiraopreto.com.br\/wp-content\/uploads\/2025\/07\/WhatsApp-Image-2024-10-15-at-08.25.28_2024-10-15_11-26-55_jpeg_2024-10-15_11-26-55.webp.webp?fit=1200%2C540&ssl=1&resize=525%2C300 1.5x, https:\/\/i0.wp.com\/noticiasribeiraopreto.com.br\/wp-content\/uploads\/2025\/07\/WhatsApp-Image-2024-10-15-at-08.25.28_2024-10-15_11-26-55_jpeg_2024-10-15_11-26-55.webp.webp?fit=1200%2C540&ssl=1&resize=700%2C400 2x, https:\/\/i0.wp.com\/noticiasribeiraopreto.com.br\/wp-content\/uploads\/2025\/07\/WhatsApp-Image-2024-10-15-at-08.25.28_2024-10-15_11-26-55_jpeg_2024-10-15_11-26-55.webp.webp?fit=1200%2C540&ssl=1&resize=1050%2C600 3x"},"classes":[]},{"id":86433,"url":"https:\/\/noticiasribeiraopreto.com.br\/index.php\/2026\/06\/13\/ribeirao-preto-segue-em-alerta-para-tempestade-e-granizo-confira-a-previsao\/","url_meta":{"origin":90841,"position":2},"title":"Ribeir\u00e3o Preto segue em alerta para tempestade e granizo; confira a previs\u00e3o","author":"noticiasribeiraopreto.com.br","date":"13 de June de 2026","format":false,"excerpt":"Ribeir\u00e3o Preto permanece em estado de aten\u00e7\u00e3o para temporais neste fim de semana. O Instituto Nacional de Meteorologia (Inmet) mant\u00e9m um alerta de perigo para tempestades em diversas regi\u00f5es do estado de S\u00e3o Paulo, incluindo a regi\u00e3o de Ribeir\u00e3o Preto. A previs\u00e3o indica chuva intensa, ventos fortes e possibilidade de\u2026","rel":"","context":"In &quot;Not\u00edcias de Ribeir\u00e3o Preto-SP e Regi\u00e3o&quot;","block_context":{"text":"Not\u00edcias de Ribeir\u00e3o Preto-SP e Regi\u00e3o","link":"https:\/\/noticiasribeiraopreto.com.br\/index.php\/category\/noticias-de-ribeirao-preto-sp-e-regiao-ismael-colosi\/"},"img":{"alt_text":"","src":"https:\/\/i0.wp.com\/noticiasribeiraopreto.com.br\/wp-content\/uploads\/2026\/04\/nuvens-chuva-ribeirao-preto_2026-02-12_12-20-30.webp.webp?fit=1200%2C540&ssl=1&resize=350%2C200","width":350,"height":200,"srcset":"https:\/\/i0.wp.com\/noticiasribeiraopreto.com.br\/wp-content\/uploads\/2026\/04\/nuvens-chuva-ribeirao-preto_2026-02-12_12-20-30.webp.webp?fit=1200%2C540&ssl=1&resize=350%2C200 1x, https:\/\/i0.wp.com\/noticiasribeiraopreto.com.br\/wp-content\/uploads\/2026\/04\/nuvens-chuva-ribeirao-preto_2026-02-12_12-20-30.webp.webp?fit=1200%2C540&ssl=1&resize=525%2C300 1.5x, https:\/\/i0.wp.com\/noticiasribeiraopreto.com.br\/wp-content\/uploads\/2026\/04\/nuvens-chuva-ribeirao-preto_2026-02-12_12-20-30.webp.webp?fit=1200%2C540&ssl=1&resize=700%2C400 2x, https:\/\/i0.wp.com\/noticiasribeiraopreto.com.br\/wp-content\/uploads\/2026\/04\/nuvens-chuva-ribeirao-preto_2026-02-12_12-20-30.webp.webp?fit=1200%2C540&ssl=1&resize=1050%2C600 3x"},"classes":[]},{"id":65299,"url":"https:\/\/noticiasribeiraopreto.com.br\/index.php\/2025\/03\/18\/inmet-emite-alerta-de-temporais-com-ventos-fortes-e-ate-granizo-no-estado-de-sp\/","url_meta":{"origin":90841,"position":3},"title":"Inmet emite alerta de temporais com ventos fortes e at\u00e9 granizo no estado de SP","author":"noticiasribeiraopreto.com.br","date":"18 de March de 2025","format":false,"excerpt":"O Inmet (Instituto Nacional de Meteorologia) emitiu alertas de \u201cperigo potencial\u201d para o risco de temporais no estado de S\u00e3o Paulo. O estado est\u00e1 dividido entre os avisos de tempestade e chuvas intensas. A cor \u00e9 amarela, a primeira em uma escala at\u00e9 tr\u00eas n\u00edveis de severidade. Ribeir\u00e3o Preto e\u2026","rel":"","context":"In &quot;Not\u00edcias de Ribeir\u00e3o Preto-SP e Regi\u00e3o&quot;","block_context":{"text":"Not\u00edcias de Ribeir\u00e3o Preto-SP e Regi\u00e3o","link":"https:\/\/noticiasribeiraopreto.com.br\/index.php\/category\/noticias-de-ribeirao-preto-sp-e-regiao-ismael-colosi\/"},"img":{"alt_text":"","src":"https:\/\/i0.wp.com\/noticiasribeiraopreto.com.br\/wp-content\/uploads\/2025\/03\/chuva.jpeg?fit=1200%2C903&ssl=1&resize=350%2C200","width":350,"height":200,"srcset":"https:\/\/i0.wp.com\/noticiasribeiraopreto.com.br\/wp-content\/uploads\/2025\/03\/chuva.jpeg?fit=1200%2C903&ssl=1&resize=350%2C200 1x, https:\/\/i0.wp.com\/noticiasribeiraopreto.com.br\/wp-content\/uploads\/2025\/03\/chuva.jpeg?fit=1200%2C903&ssl=1&resize=525%2C300 1.5x, https:\/\/i0.wp.com\/noticiasribeiraopreto.com.br\/wp-content\/uploads\/2025\/03\/chuva.jpeg?fit=1200%2C903&ssl=1&resize=700%2C400 2x, https:\/\/i0.wp.com\/noticiasribeiraopreto.com.br\/wp-content\/uploads\/2025\/03\/chuva.jpeg?fit=1200%2C903&ssl=1&resize=1050%2C600 3x"},"classes":[]},{"id":5503,"url":"https:\/\/noticiasribeiraopreto.com.br\/index.php\/2023\/11\/23\/interior-de-sp-segue-com-alerta-de-chuva-com-ventos-intensos-e-granizo-veja-os-locais\/","url_meta":{"origin":90841,"position":4},"title":"Interior de SP segue com alerta de chuva com ventos intensos e granizo; Veja os locais","author":"noticiasribeiraopreto.com.br","date":"23 de November de 2023","format":false,"excerpt":"O Inmet (Instituto Nacional de Meteorologia) publicou um alerta de \u201cperigo\u201d para tempestade com ventos intensos e possibilidade de granizo no interior de S\u00e3o Paulo. A Defesa Civil estadual tamb\u00e9m publicou um aviso para chuva intensa para S\u00e3o Paulo nos pr\u00f3ximos dias. O aviso do Inmet \u00e9 v\u00e1lido at\u00e9 as\u2026","rel":"","context":"In &quot;Not\u00edcias de Ribeir\u00e3o Preto-SP e Regi\u00e3o&quot;","block_context":{"text":"Not\u00edcias de Ribeir\u00e3o Preto-SP e Regi\u00e3o","link":"https:\/\/noticiasribeiraopreto.com.br\/index.php\/category\/noticias-de-ribeirao-preto-sp-e-regiao-ismael-colosi\/"},"img":{"alt_text":"","src":"https:\/\/i0.wp.com\/noticiasribeiraopreto.com.br\/wp-content\/uploads\/2023\/11\/chuva_temporal_1024x576_07012021130023.jpg?fit=1024%2C575&ssl=1&resize=350%2C200","width":350,"height":200,"srcset":"https:\/\/i0.wp.com\/noticiasribeiraopreto.com.br\/wp-content\/uploads\/2023\/11\/chuva_temporal_1024x576_07012021130023.jpg?fit=1024%2C575&ssl=1&resize=350%2C200 1x, https:\/\/i0.wp.com\/noticiasribeiraopreto.com.br\/wp-content\/uploads\/2023\/11\/chuva_temporal_1024x576_07012021130023.jpg?fit=1024%2C575&ssl=1&resize=525%2C300 1.5x, https:\/\/i0.wp.com\/noticiasribeiraopreto.com.br\/wp-content\/uploads\/2023\/11\/chuva_temporal_1024x576_07012021130023.jpg?fit=1024%2C575&ssl=1&resize=700%2C400 2x"},"classes":[]},{"id":3118,"url":"https:\/\/noticiasribeiraopreto.com.br\/index.php\/2023\/11\/17\/sp-anuncia-gabinete-de-crise-apos-alerta-de-ventania-e-tempestade-no-estado\/","url_meta":{"origin":90841,"position":5},"title":"SP anuncia gabinete de crise ap\u00f3s alerta de ventania e tempestade no estado","author":"noticiasribeiraopreto.com.br","date":"17 de November de 2023","format":false,"excerpt":"Ap\u00f3s a Defesa Civil de S\u00e3o Paulo emitir um alerta para ventos fortes e tempestade no Estado entre esta sexta-feira (17) e domingo (19), o governo estadual montou um gabinete de crise. Segundo o \u00f3rg\u00e3o, o calor extremo, a umidade e a passagem de uma frente fria v\u00e3o criar condi\u00e7\u00f5es\u2026","rel":"","context":"In &quot;Not\u00edcias de Ribeir\u00e3o Preto-SP e Regi\u00e3o&quot;","block_context":{"text":"Not\u00edcias de Ribeir\u00e3o Preto-SP e Regi\u00e3o","link":"https:\/\/noticiasribeiraopreto.com.br\/index.php\/category\/noticias-de-ribeirao-preto-sp-e-regiao-ismael-colosi\/"},"img":{"alt_text":"","src":"https:\/\/i0.wp.com\/noticiasribeiraopreto.com.br\/wp-content\/uploads\/2023\/11\/alerta-de-tempestade-1024x576.jpeg?fit=1024%2C576&ssl=1&resize=350%2C200","width":350,"height":200,"srcset":"https:\/\/i0.wp.com\/noticiasribeiraopreto.com.br\/wp-content\/uploads\/2023\/11\/alerta-de-tempestade-1024x576.jpeg?fit=1024%2C576&ssl=1&resize=350%2C200 1x, https:\/\/i0.wp.com\/noticiasribeiraopreto.com.br\/wp-content\/uploads\/2023\/11\/alerta-de-tempestade-1024x576.jpeg?fit=1024%2C576&ssl=1&resize=525%2C300 1.5x, https:\/\/i0.wp.com\/noticiasribeiraopreto.com.br\/wp-content\/uploads\/2023\/11\/alerta-de-tempestade-1024x576.jpeg?fit=1024%2C576&ssl=1&resize=700%2C400 2x"},"classes":[]}],"jetpack_sharing_enabled":true,"jetpack_shortlink":"https:\/\/wp.me\/peQAOb-nDb","jetpack_featured_media_url":"https:\/\/i0.wp.com\/noticiasribeiraopreto.com.br\/wp-content\/uploads\/2026\/06\/Copia-de-Copia-de-Copia-de-Design-sem-nome_2026-06-20_12-47-47.webp.webp?fit=1200%2C675&ssl=1","_links":{"self":[{"href":"https:\/\/noticiasribeiraopreto.com.br\/index.php\/wp-json\/wp\/v2\/posts\/90841","targetHints":{"allow":["GET"]}}],"collection":[{"href":"https:\/\/noticiasribeiraopreto.com.br\/index.php\/wp-json\/wp\/v2\/posts"}],"about":[{"href":"https:\/\/noticiasribeiraopreto.com.br\/index.php\/wp-json\/wp\/v2\/types\/post"}],"author":[{"embeddable":true,"href":"https:\/\/noticiasribeiraopreto.com.br\/index.php\/wp-json\/wp\/v2\/users\/1"}],"replies":[{"embeddable":true,"href":"https:\/\/noticiasribeiraopreto.com.br\/index.php\/wp-json\/wp\/v2\/comments?post=90841"}],"version-history":[{"count":0,"href":"https:\/\/noticiasribeiraopreto.com.br\/index.php\/wp-json\/wp\/v2\/posts\/90841\/revisions"}],"wp:featuredmedia":[{"embeddable":true,"href":"https:\/\/noticiasribeiraopreto.com.br\/index.php\/wp-json\/wp\/v2\/media\/86762"}],"wp:attachment":[{"href":"https:\/\/noticiasribeiraopreto.com.br\/index.php\/wp-json\/wp\/v2\/media?parent=90841"}],"wp:term":[{"taxonomy":"category","embeddable":true,"href":"https:\/\/noticiasribeiraopreto.com.br\/index.php\/wp-json\/wp\/v2\/categories?post=90841"},{"taxonomy":"post_tag","embeddable":true,"href":"https:\/\/noticiasribeiraopreto.com.br\/index.php\/wp-json\/wp\/v2\/tags?post=90841"}],"curies":[{"name":"wp","href":"https:\/\/api.w.org\/{rel}","templated":true}]}}