{"id":90842,"date":"2026-08-31T17:39:19","date_gmt":"2026-08-31T20:39:19","guid":{"rendered":"https:\/\/noticiasribeiraopreto.com.br\/index.php\/2026\/08\/31\/setor-de-supermercados-nova-diretoria-da-apas-ribeirao-preto-assume-polo-de-51-mil-empregos\/"},"modified":"2026-08-31T17:39:19","modified_gmt":"2026-08-31T20:39:19","slug":"setor-de-supermercados-nova-diretoria-da-apas-ribeirao-preto-assume-polo-de-51-mil-empregos","status":"publish","type":"post","link":"https:\/\/noticiasribeiraopreto.com.br\/index.php\/2026\/08\/31\/setor-de-supermercados-nova-diretoria-da-apas-ribeirao-preto-assume-polo-de-51-mil-empregos\/","title":{"rendered":"Setor de supermercados: nova diretoria da APAS Ribeir\u00e3o Preto assume polo de 51 mil empregos"},"content":{"rendered":"<div class='code-block code-block-1' style='margin: 8px 0 8px auto; text-align: right; display: block; clear: both;'>\n<p><a href=\"https:\/\/wa.link\/vpicfd\"><img data-recalc-dims=\"1\" class=\"wp-image-4922\" style=\"aspect-ratio: 2.0253164556962027; width: 561px; height: auto;\" src=\"https:\/\/i0.wp.com\/ismaelcolosi.com.br\/wp-content\/uploads\/2023\/11\/grupo-de-empregos-whatsapp-e-facebook-ismael-colosi-vagas.jpg?ssl=1\" alt=\"\" \/><\/a><\/p>\n<!-- \/wp:image -->\n<\/div>\n<p> <br \/>\n<\/p>\n<p>O setor de varejo alimentar de Ribeir\u00e3o Preto e regi\u00e3o tem nova diretoria a partir desta ter\u00e7a-feira (1\u00ba de setembro). O empres\u00e1rio Danilo Costa Lopes, diretor administrativo dos Supermercados Sebasti\u00e3o Lopes, assume a diretoria da<strong> Regional Ribeir\u00e3o Preto da Apas (Associa\u00e7\u00e3o Paulista de Supermercados)<\/strong> para o bi\u00eanio 2026\/2028.\u00a0<\/p>\n<p>Al\u00e9m dele, Gabriela Ferreira, da mesma rede, toma posse como vice-diretora de Responsabilidade Social.<\/p>\n<p class=\"has-cyan-bluish-gray-background-color has-background\"><em>Receba not\u00edcias do\u00a0<strong>acidade on Ribeir\u00e3o\u00a0<\/strong>no WhatsApp e fique por dentro de tudo! Basta acessar o link<a href=\"https:\/\/chat.whatsapp.com\/DfXwcjKVIddHUT3BvnQuPZ?mode=hqctshi\" target=\"_blank\" rel=\"noreferrer noopener\">\u00a0aqui<\/a>!<\/em><\/p>\n<p>A cerim\u00f4nia oficial de transmiss\u00e3o dos cargos ocorreu na capital paulista e reuniu autoridades e lideran\u00e7as do setor, como o governador Tarc\u00edsio de Freitas (REP) e o prefeito de S\u00e3o Paulo, Ricardo Nunes (MDB). Na ocasi\u00e3o, o presidente estadual da Apas, Erlon Ortega (da rede Serve Todos), tamb\u00e9m foi reconduzido \u00e0 presid\u00eancia da entidade para o mesmo per\u00edodo.<\/p>\n<h2 class=\"wp-block-heading\"><strong>Nova diretoria<\/strong><\/h2>\n<p>Danilo Costa Lopes assume a diretoria regional ap\u00f3s a gest\u00e3o de Jos\u00e9 Carlos Rinaldi. Formado em Administra\u00e7\u00e3o de Empresas pelo Uni-FACEF, o executivo atua no segmento supermercadista desde 2004 e \u00e9 diretor administrativo de sua empresa familiar, que soma cinco unidades distribu\u00eddas entre Franca e Patroc\u00ednio Paulista.<\/p>\n<p>Associado \u00e0 entidade desde 2020, o novo diretor j\u00e1 ocupava o cargo de vice-diretor da Regional Ribeir\u00e3o Preto desde 2022.<\/p>\n<blockquote class=\"wp-block-quote is-layout-flow wp-block-quote-is-layout-flow\">\n<p>\u201cAssumir a dire\u00e7\u00e3o regional da APAS \u00e9 uma grande responsabilidade e uma oportunidade de continuar contribuindo para o fortalecimento do setor na regi\u00e3o. Depois de quatro anos como vice-diretor, conhe\u00e7o de perto os desafios e as oportunidades dos nossos associados e quero ampliar esse trabalho, fortalecendo a representa\u00e7\u00e3o e a uni\u00e3o dos supermercadistas\u201d, declarou Danilo Lopes.<\/p>\n<\/blockquote>\n<p>Na \u00e1rea de A\u00e7\u00e3o e Responsabilidade Social, Gabriela Ferreira assume a cadeira que era de Viviane Watanabe, atuando em conjunto com a diretora estadual Debora Ortega.<\/p>\n<h2 class=\"wp-block-heading\"><strong>A for\u00e7a dos supermercados em n\u00fameros<\/strong><\/h2>\n<p>A Regional de Ribeir\u00e3o Preto \u00e9 um dos mercados mais robustos e estrat\u00e9gicos para o abastecimento e a economia de S\u00e3o Paulo:<\/p>\n<p><strong>Abrang\u00eancia:<\/strong> 81 munic\u00edpios do interior paulista;<\/p>\n<p><strong>Estabelecimentos:<\/strong> Cerca de 2.467 supermercados ativos;<\/p>\n<p><strong>Empregos diretos:<\/strong> Mais de 51,8 mil postos de trabalho;<\/p>\n<p><strong>Crescimento recente:<\/strong> Apenas em 2025, o setor gerou 1.231 novos postos formais de trabalho na regi\u00e3o.<\/p>\n<p>Para o presidente da APAS, Erlon Ortega, Ribeir\u00e3o Preto consolida-se como polo de refer\u00eancia. \u201c\u00c9 uma regi\u00e3o estrat\u00e9gica com um mercado forte e uma importante contribui\u00e7\u00e3o para o desenvolvimento do Interior. Vamos seguir trabalhando para apoiar e fortalecer os empres\u00e1rios locais\u201d, ressaltou.<\/p>\n<figure class=\"wp-block-gallery has-nested-images columns-default is-cropped wp-block-gallery-1 is-layout-flex wp-block-gallery-is-layout-flex\">\n<figure class=\"wp-block-image size-large\"><figcaption class=\"wp-element-caption\">Foto: Divulga\u00e7\u00e3o<\/figcaption><\/figure>\n<figure class=\"wp-block-image size-large\"><img data-recalc-dims=\"1\" loading=\"lazy\" decoding=\"async\" width=\"768\" height=\"1024\" data-id=\"173121\" src=\"https:\/\/i0.wp.com\/www.acidadeon.com\/ribeiraopreto\/wp-content\/uploads\/sites\/3\/2026\/08\/nova-diretoria-apas-3-768x1024.jpeg?resize=768%2C1024&#038;ssl=1\" alt=\"nova diretoria apas 3\" class=\"wp-image-173121\" title=\"Setor de supermercados: nova diretoria da APAS Ribeir\u00e3o Preto assume polo de 51 mil empregos 2\"><figcaption class=\"wp-element-caption\">Foto: Divulga\u00e7\u00e3o<\/figcaption><\/figure>\n<figure class=\"wp-block-image size-large\"><img data-recalc-dims=\"1\" loading=\"lazy\" decoding=\"async\" width=\"720\" height=\"902\" data-id=\"173124\" src=\"https:\/\/i0.wp.com\/www.acidadeon.com\/ribeiraopreto\/wp-content\/uploads\/sites\/3\/2026\/08\/nova-diretoria-apas-5.jpeg?resize=720%2C902&#038;ssl=1\" alt=\"setor\n\" class=\"wp-image-173124\" title=\"Setor de supermercados: nova diretoria da APAS Ribeir\u00e3o Preto assume polo de 51 mil empregos 3\"><figcaption class=\"wp-element-caption\">Foto: Divulga\u00e7\u00e3o<\/figcaption><\/figure>\n<\/figure>\n<p class=\"has-cyan-bluish-gray-background-color has-background\"><em>Fa\u00e7a uma den\u00fancia ou sugira uma reportagem sobre\u00a0<strong>Ribeir\u00e3o Preto\u00a0<\/strong>e regi\u00e3o por meio do WhatsApp do\u00a0<strong>acidade on Ribeir\u00e3o<\/strong>: (16) 99117-7802.<\/em><\/p>\n<p>O post Setor de supermercados: nova diretoria da APAS Ribeir\u00e3o Preto assume polo de 51 mil empregos apareceu primeiro em ACidade ON Ribeir\u00e3o Preto.<\/p>\n<p><br \/>\n<br \/><a href=\"https:\/\/www.acidadeon.com\/ribeiraopreto\/lazer-e-cultura\/giro-lazer-e-cultura\/setor-de-supermercados-nova-diretoria-da-apas-ribeirao-preto-assume-polo-de-51-mil-empregos\/\">Link para o texto original aqui <\/a><\/p>\n<!-- CONTENT END 1 -->\n","protected":false},"excerpt":{"rendered":"<p>O setor de varejo alimentar de Ribeir\u00e3o Preto e regi\u00e3o tem nova diretoria a partir desta ter\u00e7a-feira (1\u00ba de setembro). O empres\u00e1rio Danilo Costa Lopes,&#8230;<\/p>\n","protected":false},"author":1,"featured_media":90843,"comment_status":"","ping_status":"","sticky":false,"template":"","format":"standard","meta":{"advanced_seo_description":"","jetpack_seo_html_title":"","jetpack_seo_noindex":false,"jetpack_seo_schema_type":"","_jetpack_newsletter_access":"","_jetpack_dont_email_post_to_subs":false,"_jetpack_newsletter_tier_id":0,"_jetpack_memberships_contains_paywalled_content":false,"_jetpack_feature_clip_id":0,"_jetpack_memberships_contains_paid_content":false,"footnotes":"","jetpack_publicize_message":"","jetpack_publicize_feature_enabled":true,"jetpack_social_post_already_shared":true,"jetpack_social_options":{"image_generator_settings":{"template":"highway","default_image_id":0,"font":"","enabled":false},"version":2},"jetpack_post_was_ever_published":false},"categories":[11],"tags":[8157,4613,4580,576,402,422,1278,27,26,598,1644],"class_list":["post-90842","post","type-post","status-publish","format-standard","has-post-thumbnail","hentry","category-noticias-de-ribeirao-preto-sp-e-regiao-ismael-colosi","tag-apas","tag-assume","tag-diretoria","tag-empregos","tag-mil","tag-nova","tag-polo","tag-preto","tag-ribeirao","tag-setor","tag-supermercados"],"jetpack_publicize_connections":[],"jetpack-related-posts":[{"id":81585,"url":"https:\/\/noticiasribeiraopreto.com.br\/index.php\/2026\/01\/10\/supermercados-geraram-mil-empregos-em-ribeirao-em-2025-mas-setor-ainda-tem-quase-3-mil-vagas-em-aberto\/","url_meta":{"origin":90842,"position":0},"title":"Supermercados geraram mil empregos em Ribeir\u00e3o em 2025, mas setor ainda tem quase 3 mil vagas em aberto","author":"noticiasribeiraopreto.com.br","date":"10 de January de 2026","format":false,"excerpt":"\r \r \r 10 de janeiro de 2026 09:059 de janeiro de 2026 23:53 \r Compartilhar0 O setor supermercadista da regi\u00e3o de Ribeir\u00e3o Preto fechou 2025 com saldo positivo na gera\u00e7\u00e3o de empregos, mas ainda enfrenta dificuldades para preencher vagas. De acordo com levantamento da Associa\u00e7\u00e3o Paulista de Supermercados (APAS),\u2026","rel":"","context":"In &quot;Not\u00edcias de Ribeir\u00e3o Preto-SP e Regi\u00e3o&quot;","block_context":{"text":"Not\u00edcias de Ribeir\u00e3o Preto-SP e Regi\u00e3o","link":"https:\/\/noticiasribeiraopreto.com.br\/index.php\/category\/noticias-de-ribeirao-preto-sp-e-regiao-ismael-colosi\/"},"img":{"alt_text":"","src":"https:\/\/i0.wp.com\/noticiasribeiraopreto.com.br\/wp-content\/uploads\/2026\/01\/3-mercados.jpg?fit=800%2C500&ssl=1&resize=350%2C200","width":350,"height":200,"srcset":"https:\/\/i0.wp.com\/noticiasribeiraopreto.com.br\/wp-content\/uploads\/2026\/01\/3-mercados.jpg?fit=800%2C500&ssl=1&resize=350%2C200 1x, https:\/\/i0.wp.com\/noticiasribeiraopreto.com.br\/wp-content\/uploads\/2026\/01\/3-mercados.jpg?fit=800%2C500&ssl=1&resize=525%2C300 1.5x, https:\/\/i0.wp.com\/noticiasribeiraopreto.com.br\/wp-content\/uploads\/2026\/01\/3-mercados.jpg?fit=800%2C500&ssl=1&resize=700%2C400 2x"},"classes":[]},{"id":83718,"url":"https:\/\/noticiasribeiraopreto.com.br\/index.php\/2026\/03\/24\/supermercados-de-ribeirao-preto-e-regiao-abrem-mais-de-12-mil-vagas-de-emprego\/","url_meta":{"origin":90842,"position":1},"title":"Supermercados de Ribeir\u00e3o Preto e regi\u00e3o abrem mais de 1,2\u00a0 mil vagas de emprego","author":"noticiasribeiraopreto.com.br","date":"24 de March de 2026","format":false,"excerpt":"O setor de supermercados de Ribeir\u00e3o Preto e regi\u00e3o abriu 1.231 vagas de emprego em 2025, segundo levantamento realizado pela Apas (Associa\u00e7\u00e3o Paulista de Supermercados). Com isso, aumentou para 51.474 o n\u00famero total de trabalhadores no segmento, ante 50.243 empregados em 2024, e 46.862, em 2023.\u00a0 O desempenho regional acompanha\u2026","rel":"","context":"In &quot;Not\u00edcias de Ribeir\u00e3o Preto-SP e Regi\u00e3o&quot;","block_context":{"text":"Not\u00edcias de Ribeir\u00e3o Preto-SP e Regi\u00e3o","link":"https:\/\/noticiasribeiraopreto.com.br\/index.php\/category\/noticias-de-ribeirao-preto-sp-e-regiao-ismael-colosi\/"},"img":{"alt_text":"","src":"https:\/\/i0.wp.com\/noticiasribeiraopreto.com.br\/wp-content\/uploads\/2025\/04\/1280-x-659-header-Foto-Acirp-1-_2025-04-25_18-18-31.webp.webp?fit=1200%2C618&ssl=1&resize=350%2C200","width":350,"height":200,"srcset":"https:\/\/i0.wp.com\/noticiasribeiraopreto.com.br\/wp-content\/uploads\/2025\/04\/1280-x-659-header-Foto-Acirp-1-_2025-04-25_18-18-31.webp.webp?fit=1200%2C618&ssl=1&resize=350%2C200 1x, https:\/\/i0.wp.com\/noticiasribeiraopreto.com.br\/wp-content\/uploads\/2025\/04\/1280-x-659-header-Foto-Acirp-1-_2025-04-25_18-18-31.webp.webp?fit=1200%2C618&ssl=1&resize=525%2C300 1.5x, https:\/\/i0.wp.com\/noticiasribeiraopreto.com.br\/wp-content\/uploads\/2025\/04\/1280-x-659-header-Foto-Acirp-1-_2025-04-25_18-18-31.webp.webp?fit=1200%2C618&ssl=1&resize=700%2C400 2x, https:\/\/i0.wp.com\/noticiasribeiraopreto.com.br\/wp-content\/uploads\/2025\/04\/1280-x-659-header-Foto-Acirp-1-_2025-04-25_18-18-31.webp.webp?fit=1200%2C618&ssl=1&resize=1050%2C600 3x"},"classes":[]},{"id":77421,"url":"https:\/\/noticiasribeiraopreto.com.br\/index.php\/2025\/09\/18\/ribeirao-preto-recebe-encontro-com-liderancas-do-setor-de-supermercados\/","url_meta":{"origin":90842,"position":2},"title":"Ribeir\u00e3o Preto recebe encontro com lideran\u00e7as do setor de supermercados","author":"noticiasribeiraopreto.com.br","date":"18 de September de 2025","format":false,"excerpt":"Ribeir\u00e3o Preto recebe nesta quinta-feira (18) a edi\u00e7\u00e3o 2025 da APAS Experience. O encontro acontece no Taiwan Centro de Eventos e re\u00fane varejistas, fornecedores, especialistas e autoridades da regi\u00e3o. O evento, promovido pela Apas (Associa\u00e7\u00e3o Paulista de Supermercados), tem o objetivo de promover o networking, debates e palestras, com foco\u2026","rel":"","context":"In &quot;Not\u00edcias de Ribeir\u00e3o Preto-SP e Regi\u00e3o&quot;","block_context":{"text":"Not\u00edcias de Ribeir\u00e3o Preto-SP e Regi\u00e3o","link":"https:\/\/noticiasribeiraopreto.com.br\/index.php\/category\/noticias-de-ribeirao-preto-sp-e-regiao-ismael-colosi\/"},"img":{"alt_text":"","src":"https:\/\/i0.wp.com\/noticiasribeiraopreto.com.br\/wp-content\/uploads\/2025\/08\/Copia-de-Copia-de-Copia-de-TAMANHO-EXATO-PARA-FOTOS-NO-SISTEMA-NOVO-2024-12-26T200641.653_2024-12-26_23-06-56_png_2024-12-26_23-06-56.webp.webp?fit=1200%2C675&ssl=1&resize=350%2C200","width":350,"height":200,"srcset":"https:\/\/i0.wp.com\/noticiasribeiraopreto.com.br\/wp-content\/uploads\/2025\/08\/Copia-de-Copia-de-Copia-de-TAMANHO-EXATO-PARA-FOTOS-NO-SISTEMA-NOVO-2024-12-26T200641.653_2024-12-26_23-06-56_png_2024-12-26_23-06-56.webp.webp?fit=1200%2C675&ssl=1&resize=350%2C200 1x, https:\/\/i0.wp.com\/noticiasribeiraopreto.com.br\/wp-content\/uploads\/2025\/08\/Copia-de-Copia-de-Copia-de-TAMANHO-EXATO-PARA-FOTOS-NO-SISTEMA-NOVO-2024-12-26T200641.653_2024-12-26_23-06-56_png_2024-12-26_23-06-56.webp.webp?fit=1200%2C675&ssl=1&resize=525%2C300 1.5x, https:\/\/i0.wp.com\/noticiasribeiraopreto.com.br\/wp-content\/uploads\/2025\/08\/Copia-de-Copia-de-Copia-de-TAMANHO-EXATO-PARA-FOTOS-NO-SISTEMA-NOVO-2024-12-26T200641.653_2024-12-26_23-06-56_png_2024-12-26_23-06-56.webp.webp?fit=1200%2C675&ssl=1&resize=700%2C400 2x, https:\/\/i0.wp.com\/noticiasribeiraopreto.com.br\/wp-content\/uploads\/2025\/08\/Copia-de-Copia-de-Copia-de-TAMANHO-EXATO-PARA-FOTOS-NO-SISTEMA-NOVO-2024-12-26T200641.653_2024-12-26_23-06-56_png_2024-12-26_23-06-56.webp.webp?fit=1200%2C675&ssl=1&resize=1050%2C600 3x"},"classes":[]},{"id":89202,"url":"https:\/\/noticiasribeiraopreto.com.br\/index.php\/2026\/07\/31\/ribeirao-preto-recebe-a-apas-experience-na-proxima-semana\/","url_meta":{"origin":90842,"position":3},"title":"Ribeir\u00e3o Preto recebe a APAS Experience na pr\u00f3xima semana","author":"noticiasribeiraopreto.com.br","date":"31 de July de 2026","format":false,"excerpt":"A APAS (Associa\u00e7\u00e3o Paulista de Supermercados) realiza na pr\u00f3xima quarta-feira (5), em Ribeir\u00e3o Preto, mais uma edi\u00e7\u00e3o da APAS Experience. A iniciativa percorre o Estado de S\u00e3o Paulo e tem o objetivo de promover conte\u00fado, relacionamento e gera\u00e7\u00e3o de neg\u00f3cios para o setor supermercadista.\u00a0 Receba not\u00edcias do\u00a0acidade on Ribeir\u00e3o\u00a0no WhatsApp\u2026","rel":"","context":"In &quot;Not\u00edcias de Ribeir\u00e3o Preto-SP e Regi\u00e3o&quot;","block_context":{"text":"Not\u00edcias de Ribeir\u00e3o Preto-SP e Regi\u00e3o","link":"https:\/\/noticiasribeiraopreto.com.br\/index.php\/category\/noticias-de-ribeirao-preto-sp-e-regiao-ismael-colosi\/"},"img":{"alt_text":"","src":"https:\/\/i0.wp.com\/noticiasribeiraopreto.com.br\/wp-content\/uploads\/2026\/07\/Feira-da-APAS-Experience-reune-dezenas-de-expositores.jpeg?fit=1200%2C800&ssl=1&resize=350%2C200","width":350,"height":200,"srcset":"https:\/\/i0.wp.com\/noticiasribeiraopreto.com.br\/wp-content\/uploads\/2026\/07\/Feira-da-APAS-Experience-reune-dezenas-de-expositores.jpeg?fit=1200%2C800&ssl=1&resize=350%2C200 1x, https:\/\/i0.wp.com\/noticiasribeiraopreto.com.br\/wp-content\/uploads\/2026\/07\/Feira-da-APAS-Experience-reune-dezenas-de-expositores.jpeg?fit=1200%2C800&ssl=1&resize=525%2C300 1.5x, https:\/\/i0.wp.com\/noticiasribeiraopreto.com.br\/wp-content\/uploads\/2026\/07\/Feira-da-APAS-Experience-reune-dezenas-de-expositores.jpeg?fit=1200%2C800&ssl=1&resize=700%2C400 2x, https:\/\/i0.wp.com\/noticiasribeiraopreto.com.br\/wp-content\/uploads\/2026\/07\/Feira-da-APAS-Experience-reune-dezenas-de-expositores.jpeg?fit=1200%2C800&ssl=1&resize=1050%2C600 3x"},"classes":[]},{"id":77671,"url":"https:\/\/noticiasribeiraopreto.com.br\/index.php\/2025\/09\/23\/saiba-qual-e-a-estrategia-dos-supermercados-para-suprir-vagas-abertas-em-ribeirao-preto\/","url_meta":{"origin":90842,"position":4},"title":"Saiba qual \u00e9 a estrat\u00e9gia dos supermercados para suprir vagas abertas em Ribeir\u00e3o Preto","author":"noticiasribeiraopreto.com.br","date":"23 de September de 2025","format":false,"excerpt":"De acordo com a Apas (Associa\u00e7\u00e3o Paulista de Supermercados), a regi\u00e3o de Ribeir\u00e3o Preto tem 2 mil estabelecimentos no setor, que movimenta mais de R$ 23,4 bilh\u00f5es. Contudo, os supermercados da regi\u00e3o enfrentam a falta de m\u00e3o de obra, j\u00e1 que 2,6 mil vagas de emprego est\u00e3o abertas. O presidente\u2026","rel":"","context":"In &quot;Not\u00edcias de Ribeir\u00e3o Preto-SP e Regi\u00e3o&quot;","block_context":{"text":"Not\u00edcias de Ribeir\u00e3o Preto-SP e Regi\u00e3o","link":"https:\/\/noticiasribeiraopreto.com.br\/index.php\/category\/noticias-de-ribeirao-preto-sp-e-regiao-ismael-colosi\/"},"img":{"alt_text":"","src":"https:\/\/i0.wp.com\/noticiasribeiraopreto.com.br\/wp-content\/uploads\/2025\/09\/erlon-godoy-ortega_2025-09-23_15-47-22.webp.webp?fit=1200%2C800&ssl=1&resize=350%2C200","width":350,"height":200,"srcset":"https:\/\/i0.wp.com\/noticiasribeiraopreto.com.br\/wp-content\/uploads\/2025\/09\/erlon-godoy-ortega_2025-09-23_15-47-22.webp.webp?fit=1200%2C800&ssl=1&resize=350%2C200 1x, https:\/\/i0.wp.com\/noticiasribeiraopreto.com.br\/wp-content\/uploads\/2025\/09\/erlon-godoy-ortega_2025-09-23_15-47-22.webp.webp?fit=1200%2C800&ssl=1&resize=525%2C300 1.5x, https:\/\/i0.wp.com\/noticiasribeiraopreto.com.br\/wp-content\/uploads\/2025\/09\/erlon-godoy-ortega_2025-09-23_15-47-22.webp.webp?fit=1200%2C800&ssl=1&resize=700%2C400 2x, https:\/\/i0.wp.com\/noticiasribeiraopreto.com.br\/wp-content\/uploads\/2025\/09\/erlon-godoy-ortega_2025-09-23_15-47-22.webp.webp?fit=1200%2C800&ssl=1&resize=1050%2C600 3x"},"classes":[]},{"id":87129,"url":"https:\/\/noticiasribeiraopreto.com.br\/index.php\/2026\/06\/28\/secretario-da-saerp-assume-cargo-na-diretoria-da-assemae\/","url_meta":{"origin":90842,"position":5},"title":"Secret\u00e1rio da Saerp assume cargo na diretoria da Assemae","author":"noticiasribeiraopreto.com.br","date":"28 de June de 2026","format":false,"excerpt":"O secret\u00e1rio da Saerp (Secretaria de \u00c1gua e Esgoto de Ribeir\u00e3o Preto), Jos\u00e9 Rui Bonatto, foi empossado na \u00faltima ter\u00e7a-feira (23) como diretor de Assuntos Parlamentares da Assemae (Associa\u00e7\u00e3o Nacional dos Servi\u00e7os Municipais de Saneamento). A nomea\u00e7\u00e3o ocorreu ap\u00f3s elei\u00e7\u00e3o un\u00e2nime durante o 54\u00ba Congresso Nacional de Saneamento da entidade,\u2026","rel":"","context":"In &quot;Not\u00edcias de Ribeir\u00e3o Preto-SP e Regi\u00e3o&quot;","block_context":{"text":"Not\u00edcias de Ribeir\u00e3o Preto-SP e Regi\u00e3o","link":"https:\/\/noticiasribeiraopreto.com.br\/index.php\/category\/noticias-de-ribeirao-preto-sp-e-regiao-ismael-colosi\/"},"img":{"alt_text":"","src":"https:\/\/i0.wp.com\/noticiasribeiraopreto.com.br\/wp-content\/uploads\/2026\/06\/saerp-secretario_2026-06-26_20-45-43.webp.webp?fit=1200%2C675&ssl=1&resize=350%2C200","width":350,"height":200,"srcset":"https:\/\/i0.wp.com\/noticiasribeiraopreto.com.br\/wp-content\/uploads\/2026\/06\/saerp-secretario_2026-06-26_20-45-43.webp.webp?fit=1200%2C675&ssl=1&resize=350%2C200 1x, https:\/\/i0.wp.com\/noticiasribeiraopreto.com.br\/wp-content\/uploads\/2026\/06\/saerp-secretario_2026-06-26_20-45-43.webp.webp?fit=1200%2C675&ssl=1&resize=525%2C300 1.5x, https:\/\/i0.wp.com\/noticiasribeiraopreto.com.br\/wp-content\/uploads\/2026\/06\/saerp-secretario_2026-06-26_20-45-43.webp.webp?fit=1200%2C675&ssl=1&resize=700%2C400 2x, https:\/\/i0.wp.com\/noticiasribeiraopreto.com.br\/wp-content\/uploads\/2026\/06\/saerp-secretario_2026-06-26_20-45-43.webp.webp?fit=1200%2C675&ssl=1&resize=1050%2C600 3x"},"classes":[]}],"jetpack_sharing_enabled":true,"jetpack_shortlink":"https:\/\/wp.me\/peQAOb-nDc","jetpack_featured_media_url":"https:\/\/i0.wp.com\/noticiasribeiraopreto.com.br\/wp-content\/uploads\/2026\/08\/nova-diretoria-apas.jpeg?fit=1600%2C899&ssl=1","_links":{"self":[{"href":"https:\/\/noticiasribeiraopreto.com.br\/index.php\/wp-json\/wp\/v2\/posts\/90842","targetHints":{"allow":["GET"]}}],"collection":[{"href":"https:\/\/noticiasribeiraopreto.com.br\/index.php\/wp-json\/wp\/v2\/posts"}],"about":[{"href":"https:\/\/noticiasribeiraopreto.com.br\/index.php\/wp-json\/wp\/v2\/types\/post"}],"author":[{"embeddable":true,"href":"https:\/\/noticiasribeiraopreto.com.br\/index.php\/wp-json\/wp\/v2\/users\/1"}],"replies":[{"embeddable":true,"href":"https:\/\/noticiasribeiraopreto.com.br\/index.php\/wp-json\/wp\/v2\/comments?post=90842"}],"version-history":[{"count":0,"href":"https:\/\/noticiasribeiraopreto.com.br\/index.php\/wp-json\/wp\/v2\/posts\/90842\/revisions"}],"wp:featuredmedia":[{"embeddable":true,"href":"https:\/\/noticiasribeiraopreto.com.br\/index.php\/wp-json\/wp\/v2\/media\/90843"}],"wp:attachment":[{"href":"https:\/\/noticiasribeiraopreto.com.br\/index.php\/wp-json\/wp\/v2\/media?parent=90842"}],"wp:term":[{"taxonomy":"category","embeddable":true,"href":"https:\/\/noticiasribeiraopreto.com.br\/index.php\/wp-json\/wp\/v2\/categories?post=90842"},{"taxonomy":"post_tag","embeddable":true,"href":"https:\/\/noticiasribeiraopreto.com.br\/index.php\/wp-json\/wp\/v2\/tags?post=90842"}],"curies":[{"name":"wp","href":"https:\/\/api.w.org\/{rel}","templated":true}]}}