{"id":90844,"date":"2026-08-31T17:47:35","date_gmt":"2026-08-31T20:47:35","guid":{"rendered":"https:\/\/noticiasribeiraopreto.com.br\/index.php\/2026\/08\/31\/jornalista-e-escritora-ana-paula-araujo-participa-da-feira-do-livro-de-ribeirao-preto\/"},"modified":"2026-08-31T17:47:35","modified_gmt":"2026-08-31T20:47:35","slug":"jornalista-e-escritora-ana-paula-araujo-participa-da-feira-do-livro-de-ribeirao-preto","status":"publish","type":"post","link":"https:\/\/noticiasribeiraopreto.com.br\/index.php\/2026\/08\/31\/jornalista-e-escritora-ana-paula-araujo-participa-da-feira-do-livro-de-ribeirao-preto\/","title":{"rendered":"Jornalista e escritora Ana Paula Ara\u00fajo participa da Feira do Livro de Ribeir\u00e3o Preto"},"content":{"rendered":"<div class='code-block code-block-1' style='margin: 8px 0 8px auto; text-align: right; display: block; clear: both;'>\n<p><a href=\"https:\/\/wa.link\/vpicfd\"><img data-recalc-dims=\"1\" class=\"wp-image-4922\" style=\"aspect-ratio: 2.0253164556962027; width: 561px; height: auto;\" src=\"https:\/\/i0.wp.com\/ismaelcolosi.com.br\/wp-content\/uploads\/2023\/11\/grupo-de-empregos-whatsapp-e-facebook-ismael-colosi-vagas.jpg?ssl=1\" alt=\"\" \/><\/a><\/p>\n<!-- \/wp:image -->\n<\/div>\n<p> <br \/>\n<\/p>\n<p>A <strong>jornalista e escritora Ana Paula Ara\u00fajo<\/strong> participa da <strong>Feira Internacional do Livro de Ribeir\u00e3o Preto<\/strong> no dia 4 de setembro, \u00e0s 18h30, no Theatro Pedro II. A apresentadora do <em>Bom Dia Brasil<\/em> vai falar sobre a carreira no jornalismo e os livros que escreveu.<\/p>\n<p>O painel ter\u00e1 media\u00e7\u00e3o do jornalista Heitor Moreira, da EPTV. A <strong>entrada \u00e9 gratuita<\/strong>, e os<strong> ingressos ser\u00e3o distribu\u00eddos no ponto de informa\u00e7\u00f5es da Feira do Livro uma hora antes do in\u00edcio do evento.<\/strong><\/p>\n<p>O encontro \u00e9 uma parceria entre EPTV e Sesc, com apoio da CBN Ribeir\u00e3o. Ap\u00f3s o painel, <strong>Ana Paula Ara\u00fajo tamb\u00e9m far\u00e1 uma sess\u00e3o de aut\u00f3grafos dos livros publicados por ela.<\/strong><\/p>\n<figure class=\"wp-block-gallery has-nested-images columns-default is-cropped wp-block-gallery-1 is-layout-flex wp-block-gallery-is-layout-flex\">\n<figure class=\"wp-block-image size-large\"><figcaption class=\"wp-element-caption\">Foto: Divulga\u00e7\u00e3o<\/figcaption><\/figure>\n<figure class=\"wp-block-image size-large\"><img data-recalc-dims=\"1\" loading=\"lazy\" decoding=\"async\" width=\"819\" height=\"1024\" data-id=\"173129\" src=\"https:\/\/i0.wp.com\/www.acidadeon.com\/ribeiraopreto\/wp-content\/uploads\/sites\/3\/2026\/08\/Foto-Ana-Paula-1-819x1024.jpeg?resize=819%2C1024&#038;ssl=1\" alt=\"Foto Ana Paula 1\" class=\"wp-image-173129\" title=\"Jornalista e escritora Ana Paula Ara\u00fajo participa da Feira do Livro de Ribeir\u00e3o Preto 2\"><figcaption class=\"wp-element-caption\">Foto: Divulga\u00e7\u00e3o<\/figcaption><\/figure>\n<\/figure>\n<p class=\"has-text-align-center has-small-font-size\"><em>Receba not\u00edcias do\u00a0<strong>acidade on Ribeir\u00e3o\u00a0<\/strong>no WhatsApp e fique por dentro de tudo! Basta acessar o link<a href=\"https:\/\/chat.whatsapp.com\/DfXwcjKVIddHUT3BvnQuPZ?mode=hqctshi\" target=\"_blank\" rel=\"noreferrer noopener\">\u00a0aqui<\/a>!<\/em><\/p>\n<h2 class=\"wp-block-heading\">Quem \u00e9 Ana Paula Ara\u00fajo?<\/h2>\n<p>Ana Paula Ara\u00fajo \u00e9 formada em Comunica\u00e7\u00e3o Social pela Universidade Federal Fluminense e trabalha na TV Globo h\u00e1 29 anos. Ela come\u00e7ou a carreira como rep\u00f3rter e tamb\u00e9m apresentou o RJTV.<\/p>\n<p>H\u00e1 12 anos, assumiu a bancada do <em>Bom Dia Brasil<\/em>. A jornalista tamb\u00e9m j\u00e1 apresentou o <em>Fant\u00e1stico<\/em> e integra o rod\u00edzio de apresentadores do <em>Jornal Nacional<\/em>.<\/p>\n<p>Em 2011, Ana Paula Ara\u00fajo recebeu o Emmy Internacional pela cobertura da ocupa\u00e7\u00e3o do Complexo do Alem\u00e3o, realizada no ano anterior. Na ocasi\u00e3o, a jornalista permaneceu por dez horas ininterruptas no ar.<\/p>\n<p>Na literatura, \u00e9 autora de <em>Abuso: a cultura do estupro no Brasil<\/em>, que vendeu mais de 30 mil exemplares. Em 2025, lan\u00e7ou <em>Agress\u00e3o: A escalada da viol\u00eancia contra a mulher no Brasil<\/em>, outro livro-reportagem.<\/p>\n<h2 class=\"wp-block-heading\">Servi\u00e7o<\/h2>\n<p><strong>Evento:<\/strong> Painel com Ana Paula Ara\u00fajo<br \/><strong>Data:<\/strong> 4 de setembro<br \/><strong>Hor\u00e1rio:<\/strong> 18h30<br \/><strong>Local:<\/strong> Theatro Pedro II, em Ribeir\u00e3o Preto<br \/><strong>Entrada<\/strong> <strong>gratuita<\/strong><br \/><strong>Ingressos:<\/strong> retirada no ponto de informa\u00e7\u00f5es da Feira do Livro, uma hora antes do evento<\/p>\n<div class=\"wp-block-image\">\n<figure class=\"aligncenter size-large\"><img data-recalc-dims=\"1\" loading=\"lazy\" decoding=\"async\" width=\"1024\" height=\"576\" src=\"https:\/\/i0.wp.com\/www.acidadeon.com\/ribeiraopreto\/wp-content\/uploads\/sites\/3\/2026\/08\/feira-do-livro-1-1-1024x576.jpg?resize=1024%2C576&#038;ssl=1\" alt=\"Feira do Livro - (Foto: B\u00e1rbara Santos)\" class=\"wp-image-172999\" title=\"Jornalista e escritora Ana Paula Ara\u00fajo participa da Feira do Livro de Ribeir\u00e3o Preto 3\"><figcaption class=\"wp-element-caption\">Feira do Livro \u2013 (Foto: B\u00e1rbara Santos)<\/figcaption><\/figure>\n<\/div>\n<p class=\"has-text-align-center has-small-font-size\"><em>Fa\u00e7a uma den\u00fancia ou sugira uma reportagem sobre\u00a0<strong>Ribeir\u00e3o Preto\u00a0<\/strong>e regi\u00e3o por meio do WhatsApp do\u00a0<strong>acidade on Ribeir\u00e3o<\/strong>: (16) 99117-7802.<\/em><\/p>\n<hr class=\"wp-block-separator has-alpha-channel-opacity\">\n<p>O post Jornalista e escritora Ana Paula Ara\u00fajo participa da Feira do Livro de Ribeir\u00e3o Preto apareceu primeiro em ACidade ON Ribeir\u00e3o Preto.<\/p>\n<p><br \/>\n<br \/><a href=\"https:\/\/www.acidadeon.com\/ribeiraopreto\/lazer-e-cultura\/jornalista-e-escritora-ana-paula-araujo-participa-da-feira-do-livro-de-ribeirao-preto\/\">Link para o texto original aqui <\/a><\/p>\n<!-- CONTENT END 1 -->\n","protected":false},"excerpt":{"rendered":"<p>A jornalista e escritora Ana Paula Ara\u00fajo participa da Feira Internacional do Livro de Ribeir\u00e3o Preto no dia 4 de setembro, \u00e0s 18h30, no Theatro&#8230;<\/p>\n","protected":false},"author":1,"featured_media":90845,"comment_status":"","ping_status":"","sticky":false,"template":"","format":"standard","meta":{"advanced_seo_description":"","jetpack_seo_html_title":"","jetpack_seo_noindex":false,"jetpack_seo_schema_type":"","_jetpack_newsletter_access":"","_jetpack_dont_email_post_to_subs":false,"_jetpack_newsletter_tier_id":0,"_jetpack_memberships_contains_paywalled_content":false,"_jetpack_feature_clip_id":0,"_jetpack_memberships_contains_paid_content":false,"footnotes":"","jetpack_publicize_message":"","jetpack_publicize_feature_enabled":true,"jetpack_social_post_already_shared":true,"jetpack_social_options":{"image_generator_settings":{"template":"highway","default_image_id":0,"font":"","enabled":false},"version":2},"jetpack_post_was_ever_published":false},"categories":[11],"tags":[5457,3219,8837,202,1936,508,831,2640,27,26],"class_list":["post-90844","post","type-post","status-publish","format-standard","has-post-thumbnail","hentry","category-noticias-de-ribeirao-preto-sp-e-regiao-ismael-colosi","tag-ana","tag-araujo","tag-escritora","tag-feira","tag-jornalista","tag-livro","tag-participa","tag-paula","tag-preto","tag-ribeirao"],"jetpack_publicize_connections":[],"jetpack-related-posts":[{"id":66990,"url":"https:\/\/noticiasribeiraopreto.com.br\/index.php\/2025\/04\/08\/paula-lima-e-chic-hernandez-veja-a-programacao-da-semana-do-livro-leitura-e-biblioteca-de-jardinopolis\/","url_meta":{"origin":90844,"position":0},"title":"Paula Lima e Chic Hernandez: Veja a programa\u00e7\u00e3o da Semana do Livro, Leitura e Biblioteca de Jardin\u00f3polis","author":"noticiasribeiraopreto.com.br","date":"8 de April de 2025","format":false,"excerpt":"Acontece entre os dias 10 e 13 de abril a sexta edi\u00e7\u00e3o da Semana do Livro, Leitura e Biblioteca de Jardin\u00f3polis, na regi\u00e3o de Ribeir\u00e3o Preto. A programa\u00e7\u00e3o conta com shows de Paula Lima e Chic Hernandez. A entrada \u00e9 gratuita. As atividades acontecem na Pra\u00e7a da Matriz. Nesta edi\u00e7\u00e3o,\u2026","rel":"","context":"In &quot;Not\u00edcias de Ribeir\u00e3o Preto-SP e Regi\u00e3o&quot;","block_context":{"text":"Not\u00edcias de Ribeir\u00e3o Preto-SP e Regi\u00e3o","link":"https:\/\/noticiasribeiraopreto.com.br\/index.php\/category\/noticias-de-ribeirao-preto-sp-e-regiao-ismael-colosi\/"},"img":{"alt_text":"","src":"https:\/\/i0.wp.com\/noticiasribeiraopreto.com.br\/wp-content\/uploads\/2025\/04\/0d110ce2-0bdd-4cb4-a579-18d8f28cd043-960x742-1_2025-04-08_12-01-32_jpeg_2025-04-08_12-01-32.webp.webp?fit=960%2C742&ssl=1&resize=350%2C200","width":350,"height":200,"srcset":"https:\/\/i0.wp.com\/noticiasribeiraopreto.com.br\/wp-content\/uploads\/2025\/04\/0d110ce2-0bdd-4cb4-a579-18d8f28cd043-960x742-1_2025-04-08_12-01-32_jpeg_2025-04-08_12-01-32.webp.webp?fit=960%2C742&ssl=1&resize=350%2C200 1x, https:\/\/i0.wp.com\/noticiasribeiraopreto.com.br\/wp-content\/uploads\/2025\/04\/0d110ce2-0bdd-4cb4-a579-18d8f28cd043-960x742-1_2025-04-08_12-01-32_jpeg_2025-04-08_12-01-32.webp.webp?fit=960%2C742&ssl=1&resize=525%2C300 1.5x, https:\/\/i0.wp.com\/noticiasribeiraopreto.com.br\/wp-content\/uploads\/2025\/04\/0d110ce2-0bdd-4cb4-a579-18d8f28cd043-960x742-1_2025-04-08_12-01-32_jpeg_2025-04-08_12-01-32.webp.webp?fit=960%2C742&ssl=1&resize=700%2C400 2x"},"classes":[]},{"id":39372,"url":"https:\/\/noticiasribeiraopreto.com.br\/index.php\/2024\/02\/25\/jornada-da-leitura-6-0-aborda-a-importancia-da-leitura-para-as-pessoas-idosas\/","url_meta":{"origin":90844,"position":1},"title":"Jornada da Leitura 6.0 aborda a import\u00e2ncia da leitura para as pessoas idosas","author":"noticiasribeiraopreto.com.br","date":"25 de February de 2024","format":false,"excerpt":"O Observat\u00f3rio do Livro realiza, a partir da pr\u00f3xima ter\u00e7a-feira (27), uma jornada on-line para discutir e intensificar a divulga\u00e7\u00e3o, entre a popula\u00e7\u00e3o mais velha, sobre os benef\u00edcios da leitura de livros para uma velhice mais saud\u00e1vel e repleta de sonhos poss\u00edveis. A cerim\u00f4nia de abertura conta com a presen\u00e7a\u2026","rel":"","context":"In &quot;Not\u00edcias de Ribeir\u00e3o Preto-SP e Regi\u00e3o&quot;","block_context":{"text":"Not\u00edcias de Ribeir\u00e3o Preto-SP e Regi\u00e3o","link":"https:\/\/noticiasribeiraopreto.com.br\/index.php\/category\/noticias-de-ribeirao-preto-sp-e-regiao-ismael-colosi\/"},"img":{"alt_text":"","src":"https:\/\/i0.wp.com\/noticiasribeiraopreto.com.br\/wp-content\/uploads\/2024\/02\/54f1aeee-d7a6-4b8d-aacc-aa69e02e2651-scaled.jpg?fit=860%2C645&ssl=1&resize=350%2C200","width":350,"height":200,"srcset":"https:\/\/i0.wp.com\/noticiasribeiraopreto.com.br\/wp-content\/uploads\/2024\/02\/54f1aeee-d7a6-4b8d-aacc-aa69e02e2651-scaled.jpg?fit=860%2C645&ssl=1&resize=350%2C200 1x, https:\/\/i0.wp.com\/noticiasribeiraopreto.com.br\/wp-content\/uploads\/2024\/02\/54f1aeee-d7a6-4b8d-aacc-aa69e02e2651-scaled.jpg?fit=860%2C645&ssl=1&resize=525%2C300 1.5x, https:\/\/i0.wp.com\/noticiasribeiraopreto.com.br\/wp-content\/uploads\/2024\/02\/54f1aeee-d7a6-4b8d-aacc-aa69e02e2651-scaled.jpg?fit=860%2C645&ssl=1&resize=700%2C400 2x"},"classes":[]},{"id":46266,"url":"https:\/\/noticiasribeiraopreto.com.br\/index.php\/2024\/04\/10\/jornalista-lanca-livro-de-poesias-em-livraria-de-ribeirao-preto\/","url_meta":{"origin":90844,"position":2},"title":"Jornalista lan\u00e7a livro de poesias em livraria de Ribeir\u00e3o Preto","author":"noticiasribeiraopreto.com.br","date":"10 de April de 2024","format":false,"excerpt":"A jornalista Ana L\u00edgia Vasconcellos Farath realiza neste s\u00e1bado (13), a partir das 19 horas, na livraria da Travessa do Ribeir\u00e3o Shopping, uma noite de aut\u00f3grafos para o lan\u00e7amento do livro de poesias \u201cO Papel Que Me Cabe: Relatos de Uma Mulher em Busca de Si\u201d. Ana L\u00edgia foi rep\u00f3rter\u2026","rel":"","context":"In &quot;Not\u00edcias de Ribeir\u00e3o Preto-SP e Regi\u00e3o&quot;","block_context":{"text":"Not\u00edcias de Ribeir\u00e3o Preto-SP e Regi\u00e3o","link":"https:\/\/noticiasribeiraopreto.com.br\/index.php\/category\/noticias-de-ribeirao-preto-sp-e-regiao-ismael-colosi\/"},"img":{"alt_text":"","src":"https:\/\/i0.wp.com\/noticiasribeiraopreto.com.br\/wp-content\/uploads\/2024\/04\/Copia-de-Copia-de-TAMANHO-EXATO-PARA-FOTOS-NO-SISTEMA-NOVO-7-2.jpg?fit=1200%2C675&ssl=1&resize=350%2C200","width":350,"height":200,"srcset":"https:\/\/i0.wp.com\/noticiasribeiraopreto.com.br\/wp-content\/uploads\/2024\/04\/Copia-de-Copia-de-TAMANHO-EXATO-PARA-FOTOS-NO-SISTEMA-NOVO-7-2.jpg?fit=1200%2C675&ssl=1&resize=350%2C200 1x, https:\/\/i0.wp.com\/noticiasribeiraopreto.com.br\/wp-content\/uploads\/2024\/04\/Copia-de-Copia-de-TAMANHO-EXATO-PARA-FOTOS-NO-SISTEMA-NOVO-7-2.jpg?fit=1200%2C675&ssl=1&resize=525%2C300 1.5x, https:\/\/i0.wp.com\/noticiasribeiraopreto.com.br\/wp-content\/uploads\/2024\/04\/Copia-de-Copia-de-TAMANHO-EXATO-PARA-FOTOS-NO-SISTEMA-NOVO-7-2.jpg?fit=1200%2C675&ssl=1&resize=700%2C400 2x, https:\/\/i0.wp.com\/noticiasribeiraopreto.com.br\/wp-content\/uploads\/2024\/04\/Copia-de-Copia-de-TAMANHO-EXATO-PARA-FOTOS-NO-SISTEMA-NOVO-7-2.jpg?fit=1200%2C675&ssl=1&resize=1050%2C600 3x"},"classes":[]},{"id":78368,"url":"https:\/\/noticiasribeiraopreto.com.br\/index.php\/2025\/10\/09\/escritora-de-ribeirao-preto-lanca-livro-infantil-sobre-preservacao-do-patrimonio-cultural\/","url_meta":{"origin":90844,"position":3},"title":"Escritora de Ribeir\u00e3o Preto lan\u00e7a livro infantil sobre preserva\u00e7\u00e3o do patrim\u00f4nio cultural","author":"noticiasribeiraopreto.com.br","date":"9 de October de 2025","format":false,"excerpt":"A escritora ribeir\u00e3o-pretana Ana Gleria lan\u00e7a neste s\u00e1bado (11), na Biblioteca Sinh\u00e1 Junqueira, em Ribeir\u00e3o Preto, o livro infantil \u201cLulu, a Casa Abandonada e o Monstro da Saudade\u201d. Com ilustra\u00e7\u00f5es de Cris Souza e vers\u00f5es f\u00edsica, e-book e audiobook, a obra convida crian\u00e7as e adultos a refletirem sobre mem\u00f3ria, patrim\u00f4nio\u2026","rel":"","context":"In &quot;Not\u00edcias de Ribeir\u00e3o Preto-SP e Regi\u00e3o&quot;","block_context":{"text":"Not\u00edcias de Ribeir\u00e3o Preto-SP e Regi\u00e3o","link":"https:\/\/noticiasribeiraopreto.com.br\/index.php\/category\/noticias-de-ribeirao-preto-sp-e-regiao-ismael-colosi\/"},"img":{"alt_text":"","src":"https:\/\/i0.wp.com\/noticiasribeiraopreto.com.br\/wp-content\/uploads\/2025\/10\/WhatsApp-Image-2025-10-09-at-14.09.27_2025-10-09_17-15-30.webp.webp?fit=1200%2C675&ssl=1&resize=350%2C200","width":350,"height":200,"srcset":"https:\/\/i0.wp.com\/noticiasribeiraopreto.com.br\/wp-content\/uploads\/2025\/10\/WhatsApp-Image-2025-10-09-at-14.09.27_2025-10-09_17-15-30.webp.webp?fit=1200%2C675&ssl=1&resize=350%2C200 1x, https:\/\/i0.wp.com\/noticiasribeiraopreto.com.br\/wp-content\/uploads\/2025\/10\/WhatsApp-Image-2025-10-09-at-14.09.27_2025-10-09_17-15-30.webp.webp?fit=1200%2C675&ssl=1&resize=525%2C300 1.5x, https:\/\/i0.wp.com\/noticiasribeiraopreto.com.br\/wp-content\/uploads\/2025\/10\/WhatsApp-Image-2025-10-09-at-14.09.27_2025-10-09_17-15-30.webp.webp?fit=1200%2C675&ssl=1&resize=700%2C400 2x, https:\/\/i0.wp.com\/noticiasribeiraopreto.com.br\/wp-content\/uploads\/2025\/10\/WhatsApp-Image-2025-10-09-at-14.09.27_2025-10-09_17-15-30.webp.webp?fit=1200%2C675&ssl=1&resize=1050%2C600 3x"},"classes":[]},{"id":60991,"url":"https:\/\/noticiasribeiraopreto.com.br\/index.php\/2024\/12\/01\/finalista-do-premio-jabuti-lanca-livro-em-ribeirao-preto\/","url_meta":{"origin":90844,"position":4},"title":"Finalista do Pr\u00eamio Jabuti lan\u00e7a livro em Ribeir\u00e3o Preto","author":"noticiasribeiraopreto.com.br","date":"1 de December de 2024","format":false,"excerpt":"O escritor ribeir\u00e3o-pretano Andr\u00e9 Lu\u00eds Oliveira, finalista do Pr\u00eamio Jabuti na categoria Literatura Infantil com o livro O Menino que Andava Sobre Hipop\u00f3tamos, lan\u00e7ar\u00e1, na pr\u00f3xima quarta-feira (4), o livro Ainda Acordado?. O lan\u00e7amento acontecer\u00e1 das 19h \u00e0s 21h, no Col\u00e9gio Pequeno Pr\u00edncipe, em Bonfim Paulista, distrito de Ribeir\u00e3 Preto.\u2026","rel":"","context":"In &quot;Not\u00edcias de Ribeir\u00e3o Preto-SP e Regi\u00e3o&quot;","block_context":{"text":"Not\u00edcias de Ribeir\u00e3o Preto-SP e Regi\u00e3o","link":"https:\/\/noticiasribeiraopreto.com.br\/index.php\/category\/noticias-de-ribeirao-preto-sp-e-regiao-ismael-colosi\/"},"img":{"alt_text":"","src":"https:\/\/i0.wp.com\/noticiasribeiraopreto.com.br\/wp-content\/uploads\/2024\/12\/Copia-de-Copia-de-Copia-de-TAMANHO-EXATO-PARA-FOTOS-NO-SISTEMA-NOVO-2024-12-01T121559.152_2024-12-01_15-16-25_png_2024-12-01_15-16-25.webp.webp?fit=1200%2C675&ssl=1&resize=350%2C200","width":350,"height":200,"srcset":"https:\/\/i0.wp.com\/noticiasribeiraopreto.com.br\/wp-content\/uploads\/2024\/12\/Copia-de-Copia-de-Copia-de-TAMANHO-EXATO-PARA-FOTOS-NO-SISTEMA-NOVO-2024-12-01T121559.152_2024-12-01_15-16-25_png_2024-12-01_15-16-25.webp.webp?fit=1200%2C675&ssl=1&resize=350%2C200 1x, https:\/\/i0.wp.com\/noticiasribeiraopreto.com.br\/wp-content\/uploads\/2024\/12\/Copia-de-Copia-de-Copia-de-TAMANHO-EXATO-PARA-FOTOS-NO-SISTEMA-NOVO-2024-12-01T121559.152_2024-12-01_15-16-25_png_2024-12-01_15-16-25.webp.webp?fit=1200%2C675&ssl=1&resize=525%2C300 1.5x, https:\/\/i0.wp.com\/noticiasribeiraopreto.com.br\/wp-content\/uploads\/2024\/12\/Copia-de-Copia-de-Copia-de-TAMANHO-EXATO-PARA-FOTOS-NO-SISTEMA-NOVO-2024-12-01T121559.152_2024-12-01_15-16-25_png_2024-12-01_15-16-25.webp.webp?fit=1200%2C675&ssl=1&resize=700%2C400 2x, https:\/\/i0.wp.com\/noticiasribeiraopreto.com.br\/wp-content\/uploads\/2024\/12\/Copia-de-Copia-de-Copia-de-TAMANHO-EXATO-PARA-FOTOS-NO-SISTEMA-NOVO-2024-12-01T121559.152_2024-12-01_15-16-25_png_2024-12-01_15-16-25.webp.webp?fit=1200%2C675&ssl=1&resize=1050%2C600 3x"},"classes":[]},{"id":63440,"url":"https:\/\/noticiasribeiraopreto.com.br\/index.php\/2025\/02\/13\/livro-sobre-bastidores-da-sevandija-e-lancado-em-sessao-de-autografos-em-ribeirao-preto\/","url_meta":{"origin":90844,"position":5},"title":"Livro sobre bastidores da Sevandija \u00e9 lan\u00e7ado em sess\u00e3o de aut\u00f3grafos em Ribeir\u00e3o Preto","author":"noticiasribeiraopreto.com.br","date":"13 de February de 2025","format":false,"excerpt":"O jornalista Cristiano Pavini lan\u00e7ou na noite da \u00faltima quarta-feira (12) o livro \u201cSevandija \u2013 A hist\u00f3ria da opera\u00e7\u00e3o contra corrup\u00e7\u00e3o que estremeceu uma das maiores cidades brasileiras\u201d, pela editora Terra da Gente. A obra revela os bastidores sobre a opera\u00e7\u00e3o deflagrada em 2016, que mudou a hist\u00f3ria de Ribeir\u00e3o\u2026","rel":"","context":"In &quot;Not\u00edcias de Ribeir\u00e3o Preto-SP e Regi\u00e3o&quot;","block_context":{"text":"Not\u00edcias de Ribeir\u00e3o Preto-SP e Regi\u00e3o","link":"https:\/\/noticiasribeiraopreto.com.br\/index.php\/category\/noticias-de-ribeirao-preto-sp-e-regiao-ismael-colosi\/"},"img":{"alt_text":"","src":"https:\/\/i0.wp.com\/noticiasribeiraopreto.com.br\/wp-content\/uploads\/2025\/02\/pavini-livro_2025-02-13_14-57-46_jpeg_2025-02-13_14-57-46.webp.webp?fit=1080%2C864&ssl=1&resize=350%2C200","width":350,"height":200,"srcset":"https:\/\/i0.wp.com\/noticiasribeiraopreto.com.br\/wp-content\/uploads\/2025\/02\/pavini-livro_2025-02-13_14-57-46_jpeg_2025-02-13_14-57-46.webp.webp?fit=1080%2C864&ssl=1&resize=350%2C200 1x, https:\/\/i0.wp.com\/noticiasribeiraopreto.com.br\/wp-content\/uploads\/2025\/02\/pavini-livro_2025-02-13_14-57-46_jpeg_2025-02-13_14-57-46.webp.webp?fit=1080%2C864&ssl=1&resize=525%2C300 1.5x, https:\/\/i0.wp.com\/noticiasribeiraopreto.com.br\/wp-content\/uploads\/2025\/02\/pavini-livro_2025-02-13_14-57-46_jpeg_2025-02-13_14-57-46.webp.webp?fit=1080%2C864&ssl=1&resize=700%2C400 2x, https:\/\/i0.wp.com\/noticiasribeiraopreto.com.br\/wp-content\/uploads\/2025\/02\/pavini-livro_2025-02-13_14-57-46_jpeg_2025-02-13_14-57-46.webp.webp?fit=1080%2C864&ssl=1&resize=1050%2C600 3x"},"classes":[]}],"jetpack_sharing_enabled":true,"jetpack_shortlink":"https:\/\/wp.me\/peQAOb-nDe","jetpack_featured_media_url":"https:\/\/i0.wp.com\/noticiasribeiraopreto.com.br\/wp-content\/uploads\/2026\/08\/ana-paula-araujo.jpg?fit=1200%2C675&ssl=1","_links":{"self":[{"href":"https:\/\/noticiasribeiraopreto.com.br\/index.php\/wp-json\/wp\/v2\/posts\/90844","targetHints":{"allow":["GET"]}}],"collection":[{"href":"https:\/\/noticiasribeiraopreto.com.br\/index.php\/wp-json\/wp\/v2\/posts"}],"about":[{"href":"https:\/\/noticiasribeiraopreto.com.br\/index.php\/wp-json\/wp\/v2\/types\/post"}],"author":[{"embeddable":true,"href":"https:\/\/noticiasribeiraopreto.com.br\/index.php\/wp-json\/wp\/v2\/users\/1"}],"replies":[{"embeddable":true,"href":"https:\/\/noticiasribeiraopreto.com.br\/index.php\/wp-json\/wp\/v2\/comments?post=90844"}],"version-history":[{"count":0,"href":"https:\/\/noticiasribeiraopreto.com.br\/index.php\/wp-json\/wp\/v2\/posts\/90844\/revisions"}],"wp:featuredmedia":[{"embeddable":true,"href":"https:\/\/noticiasribeiraopreto.com.br\/index.php\/wp-json\/wp\/v2\/media\/90845"}],"wp:attachment":[{"href":"https:\/\/noticiasribeiraopreto.com.br\/index.php\/wp-json\/wp\/v2\/media?parent=90844"}],"wp:term":[{"taxonomy":"category","embeddable":true,"href":"https:\/\/noticiasribeiraopreto.com.br\/index.php\/wp-json\/wp\/v2\/categories?post=90844"},{"taxonomy":"post_tag","embeddable":true,"href":"https:\/\/noticiasribeiraopreto.com.br\/index.php\/wp-json\/wp\/v2\/tags?post=90844"}],"curies":[{"name":"wp","href":"https:\/\/api.w.org\/{rel}","templated":true}]}}