{"id":90846,"date":"2026-08-31T18:49:07","date_gmt":"2026-08-31T21:49:07","guid":{"rendered":"https:\/\/noticiasribeiraopreto.com.br\/index.php\/2026\/08\/31\/as-vezes-para-vencer-uma-batalha-a-gente-precisa-sair-dela-diz-filho-de-marcelo-gasparini\/"},"modified":"2026-08-31T18:49:07","modified_gmt":"2026-08-31T21:49:07","slug":"as-vezes-para-vencer-uma-batalha-a-gente-precisa-sair-dela-diz-filho-de-marcelo-gasparini","status":"publish","type":"post","link":"https:\/\/noticiasribeiraopreto.com.br\/index.php\/2026\/08\/31\/as-vezes-para-vencer-uma-batalha-a-gente-precisa-sair-dela-diz-filho-de-marcelo-gasparini\/","title":{"rendered":"\u2018\u00c0s vezes, para vencer uma batalha, a gente precisa sair dela\u2019, diz filho de Marcelo Gasparini"},"content":{"rendered":"<div class='code-block code-block-1' style='margin: 8px 0 8px auto; text-align: right; display: block; clear: both;'>\n<p><a href=\"https:\/\/wa.link\/vpicfd\"><img data-recalc-dims=\"1\" class=\"wp-image-4922\" style=\"aspect-ratio: 2.0253164556962027; width: 561px; height: auto;\" src=\"https:\/\/i0.wp.com\/ismaelcolosi.com.br\/wp-content\/uploads\/2023\/11\/grupo-de-empregos-whatsapp-e-facebook-ismael-colosi-vagas.jpg?ssl=1\" alt=\"\" \/><\/a><\/p>\n<!-- \/wp:image -->\n<\/div>\n<p> <br \/>\n<\/p>\n<p>\u201c<em>\u00c0s vezes, para vencer uma batalha, a gente precisa sair dela.<\/em>\u201d A frase \u00e9 de <strong>Bruno Gasparini<\/strong>, filho do cantor Marcelo Gasparini, que morreu nesta segunda-feira (31), aos 54 anos, em Ribeir\u00e3o Preto.<\/p>\n<p>Em entrevista \u00e0 <em>EPTV<\/em>, Bruno falou sobre os \u00faltimos dias de vida do pai e relatou a piora no quadro de sa\u00fade durante a interna\u00e7\u00e3o. <strong>Marcelo enfrentava uma leucemia desde fevereiro.<\/strong><\/p>\n<div class=\"wp-block-rank-math-toc-block\" id=\"rank-math-toc\">\n<h2>Leia tamb\u00e9m<\/h2>\n<nav>\n<ul>\n<li class=\"\">\u00daltima intera\u00e7\u00e3o entre pai e filho<\/li>\n<li class=\"\">\u201cUm legado de muito amor\u201d<\/li>\n<li class=\"\">Despedida<\/li>\n<li class=\"\"> Cantor Daniel lamenta morte de Marcelo Gasparini; veja a repercuss\u00e3o<\/li>\n<li class=\"\">\u2018Saudade\u2019<\/li>\n<\/ul>\n<\/nav>\n<\/div>\n<p>Segundo Bruno, a fam\u00edlia percebeu, nos \u00faltimos dias, que o cantor precisava descansar ap\u00f3s uma longa luta contra a doen\u00e7a.<\/p>\n<blockquote class=\"wp-block-quote is-layout-flow wp-block-quote-is-layout-flow\">\n<p><em>\u201cMeu pai lutou a vida inteira e, como meu tio Maur\u00edcio diz, \u00e0s vezes, para a gente vencer uma batalha, a gente precisa sair dela\u201d<\/em>, afirmou.<\/p>\n<\/blockquote>\n<div class=\"wp-block-image\">\n<figure class=\"aligncenter size-large\"><figcaption class=\"wp-element-caption\">Foto: Reprodu\u00e7\u00e3o\/EPTV<\/figcaption><\/figure>\n<\/div>\n<p class=\"has-text-align-center has-small-font-size\"><em>Receba not\u00edcias do\u00a0<strong>acidade on Ribeir\u00e3o\u00a0<\/strong>no WhatsApp e fique por dentro de tudo! Basta acessar o link<a href=\"https:\/\/chat.whatsapp.com\/DfXwcjKVIddHUT3BvnQuPZ?mode=hqctshi\" target=\"_blank\" rel=\"noreferrer noopener\">\u00a0aqui<\/a>!<\/em><\/p>\n<h2 class=\"wp-block-heading\" id=\"ultima-interacao-entre-pai-e-filho\">\u00daltima intera\u00e7\u00e3o entre pai e filho<\/h2>\n<p>Bruno tamb\u00e9m contou como aconteceu uma das \u00faltimas intera\u00e7\u00f5es com Marcelo Gasparini. Segundo ele, o cantor j\u00e1 n\u00e3o conseguia falar, mas ainda reagia \u00e0 presen\u00e7a dos familiares.<\/p>\n<p>A \u00faltima conversa aconteceu quando Bruno visitou o pai depois de cortar o cabelo.<\/p>\n<blockquote class=\"wp-block-quote is-layout-flow wp-block-quote-is-layout-flow\">\n<p><em>\u201cCheguei l\u00e1 e falei: \u2018\u00d3, pai, cortei o cabelo\u2019. Ele abriu o olho, viu. A\u00ed eu falei: \u2018Gostou, pai? T\u00e1 bonito?\u2019. A\u00ed ele fez assim\u201d<\/em>, relatou Bruno, ao indicar que o pai respondeu com um movimento da cabe\u00e7a.<\/p>\n<\/blockquote>\n<div class=\"wp-block-image\">\n<figure class=\"aligncenter size-large\"><img data-recalc-dims=\"1\" loading=\"lazy\" decoding=\"async\" width=\"1024\" height=\"609\" src=\"https:\/\/i0.wp.com\/www.acidadeon.com\/ribeiraopreto\/wp-content\/uploads\/sites\/3\/2026\/08\/image-210-1024x609.png?resize=1024%2C609&#038;ssl=1\" alt=\"image 210\" class=\"wp-image-173141\" title=\"&apos;\u00c0s vezes, para vencer uma batalha, a gente precisa sair dela&apos;, diz filho de Marcelo Gasparini 2\"><figcaption class=\"wp-element-caption\">Foto: Reprodu\u00e7\u00e3o\/EPTV<\/figcaption><\/figure>\n<\/div>\n<h2 class=\"wp-block-heading\" id=\"um-legado-de-muito-amor\">\u201cUm legado de muito amor\u201d<\/h2>\n<p>Ao falar sobre o pai, Bruno tamb\u00e9m destacou o legado que Marcelo Gasparini deixa para familiares e pessoas que acompanharam sua trajet\u00f3ria.<\/p>\n<blockquote class=\"wp-block-quote is-layout-flow wp-block-quote-is-layout-flow\">\n<p><em>\u201cMeu pai deixa um legado de muito amor, muito carinho e um sorriso emblem\u00e1tico\u201d, <\/em>disse<em>.<\/em><\/p>\n<\/blockquote>\n<div class=\"wp-block-image\">\n<figure class=\"aligncenter size-large\"><img data-recalc-dims=\"1\" loading=\"lazy\" decoding=\"async\" width=\"1024\" height=\"626\" src=\"https:\/\/i0.wp.com\/www.acidadeon.com\/ribeiraopreto\/wp-content\/uploads\/sites\/3\/2026\/08\/image-212-1024x626.png?resize=1024%2C626&#038;ssl=1\" alt=\"image 212\" class=\"wp-image-173143\" title=\"&apos;\u00c0s vezes, para vencer uma batalha, a gente precisa sair dela&apos;, diz filho de Marcelo Gasparini 3\"><figcaption class=\"wp-element-caption\">Foto: Reprodu\u00e7\u00e3o\/EPTV<\/figcaption><\/figure>\n<\/div>\n<h2 class=\"wp-block-heading\" id=\"despedida\">Despedida<\/h2>\n<p>Marcelo Gasparini morreu na madrugada desta segunda-feira (31), aos 54 anos. O cantor sertanejo recebeu o diagn\u00f3stico de Leucemia Mieloide Aguda (LMA) em 17 de mar\u00e7o de 2026.<\/p>\n<div class=\"wp-block-image\">\n<figure class=\"aligncenter size-full\"><img data-recalc-dims=\"1\" loading=\"lazy\" decoding=\"async\" width=\"984\" height=\"554\" src=\"https:\/\/i0.wp.com\/www.acidadeon.com\/ribeiraopreto\/wp-content\/uploads\/sites\/3\/2026\/08\/image-213.png?resize=984%2C554&#038;ssl=1\" alt=\"image 213\" class=\"wp-image-173145\" title=\"&apos;\u00c0s vezes, para vencer uma batalha, a gente precisa sair dela&apos;, diz filho de Marcelo Gasparini 4\"><figcaption class=\"wp-element-caption\">Amigos e familiares velam corpo de Marcelo Gasparini, em Ribeir\u00e3o Preto \u2014 Foto: Carlos Trinca\/EPTV<\/figcaption><\/figure>\n<\/div>\n<p>O corpo de Marcelo foi enterrado \u00e0s 15h, no Cemit\u00e9rio Bom Pastor.<\/p>\n<h2 class=\"wp-block-heading\" id=\"cantor-daniel-lamenta-morte-de-marcelo-gasparini-veja-a-repercussao\"> Cantor Daniel lamenta morte de Marcelo Gasparini; veja a repercuss\u00e3o<\/h2>\n<p>O cantor Daniel lamentou a morte de <strong>Marcelo Gasparini<\/strong>, aos 54 anos, na madrugada desta segunda-feira (31), em Ribeir\u00e3o Preto. \u201cCome\u00e7amos o dia com uma not\u00edcia triste! Confesso que me abalou\u201d, escreveu Daniel nas redes sociais.<\/p>\n<p>O artista lembrou do Clube da Viola, grupo que Marcelo Gasparini fez parte com o irm\u00e3o Maur\u00edcio. \u201cQue saudade, desde o come\u00e7o do Clube da Viola, quando eu e meu eterno parceiro Jo\u00e3o Paulo conhecemos voc\u00eas! Meus sinceros sentimentos pra voc\u00ea, meu amigo Maur\u00edcio, e pra todos os seus!\u201d.<\/p>\n<blockquote class=\"instagram-media\" data-instgrm-captioned data-instgrm-permalink=\"https:\/\/www.instagram.com\/p\/DctA7IACC6l\/?utm_source=ig_embed&amp;utm_campaign=loading\" data-instgrm-version=\"14\">\n<div> <a href=\"https:\/\/www.instagram.com\/p\/DctA7IACC6l\/?utm_source=ig_embed&amp;utm_campaign=loading\" target=\"_blank\" rel=\"noopener\"> <\/p>\n<div>\n<div><\/div>\n<div>\n<div><\/div>\n<div><\/div>\n<\/div>\n<\/div>\n<div><\/div>\n<div><\/div>\n<div>\n<div>Ver essa foto no Instagram<\/div>\n<\/div>\n<div><\/div>\n<div>\n<div>\n<div><\/div>\n<div><\/div>\n<div><\/div>\n<\/div>\n<div>\n<div><\/div>\n<div><\/div>\n<\/div>\n<div>\n<div><\/div>\n<div><\/div>\n<div><\/div>\n<\/div>\n<\/div>\n<div>\n<div><\/div>\n<div><\/div>\n<\/div>\n<p><\/a><\/p>\n<p><a href=\"https:\/\/www.instagram.com\/p\/DctA7IACC6l\/?utm_source=ig_embed&amp;utm_campaign=loading\" target=\"_blank\" rel=\"noopener\">Um post compartilhado por Daniel (@cantordaniel)<\/a><\/p>\n<\/div>\n<\/blockquote>\n<h2 class=\"wp-block-heading\" id=\"saudade\"><strong>\u2018Saudade\u2019<\/strong><\/h2>\n<p>Maur\u00edcio Gasparini tamb\u00e9m usou as redes sociais para se despedir do irm\u00e3o. Confira:<\/p>\n<p><em>Hoje nos despedimos do Marcelo com o cora\u00e7\u00e3o partido, mas tamb\u00e9m com a certeza de que a doen\u00e7a n\u00e3o venceu.<\/em><\/p>\n<p><em>Havia c\u00e9lulas sadias em seu corpo, havia esperan\u00e7a, luta e acima de tudo muita f\u00e9. Foram dias de coragem e uma for\u00e7a que muitas vezes parecia maior do que tudo o que estava acontecendo.<\/em><\/p>\n<p><em>No fim, seu corpo n\u00e3o suportou. N\u00e3o por falta de luta, n\u00e3o por falta de vontade de viver, mas porque chegou ao seu limite.<\/em><\/p>\n<p><em>Agora nos fica a saudade, as cantorias, lembran\u00e7as, o AMOR e tudo aquilo que ele deixou em cada pessoa que teve a felicidade de caminhar ao seu lado.<\/em><\/p>\n<p><em>Segue agora em paz ao lado do Pai, sem dor, na certeza que um dia nos encontraremos .<\/em><\/p>\n<p><em>CUIDE SE BEM, SEJA FELIZ .<\/em><\/p>\n<p><em>DIAS MELHORES VIR\u00c3O!<\/em><\/p>\n<p class=\"has-text-align-center has-small-font-size\"><em>Fa\u00e7a uma den\u00fancia ou sugira uma reportagem sobre\u00a0<strong>Ribeir\u00e3o Preto\u00a0<\/strong>e regi\u00e3o por meio do WhatsApp do\u00a0<strong>acidade on Ribeir\u00e3o<\/strong>: (16) 99117-7802.<\/em><\/p>\n<hr class=\"wp-block-separator has-alpha-channel-opacity\">\n<p>O post \u2018\u00c0s vezes, para vencer uma batalha, a gente precisa sair dela\u2019, diz filho de Marcelo Gasparini apareceu primeiro em ACidade ON Ribeir\u00e3o Preto.<\/p>\n<p><script async src=\"\/\/www.instagram.com\/embed.js\"><\/script><br \/>\n<br \/><br \/>\n<br \/><a href=\"https:\/\/www.acidadeon.com\/ribeiraopreto\/cotidiano\/as-vezes-para-vencer-uma-batalha-a-gente-precisa-sair-dela-diz-filho-de-marcelo-gasparini\/\">Link para o texto original aqui <\/a><\/p>\n<!-- CONTENT END 1 -->\n","protected":false},"excerpt":{"rendered":"<p>\u201c\u00c0s vezes, para vencer uma batalha, a gente precisa sair dela.\u201d A frase \u00e9 de Bruno Gasparini, filho do cantor Marcelo Gasparini, que morreu nesta&#8230;<\/p>\n","protected":false},"author":1,"featured_media":90847,"comment_status":"","ping_status":"","sticky":false,"template":"","format":"standard","meta":{"advanced_seo_description":"","jetpack_seo_html_title":"","jetpack_seo_noindex":false,"jetpack_seo_schema_type":"","_jetpack_newsletter_access":"","_jetpack_dont_email_post_to_subs":false,"_jetpack_newsletter_tier_id":0,"_jetpack_memberships_contains_paywalled_content":false,"_jetpack_feature_clip_id":0,"_jetpack_memberships_contains_paid_content":false,"footnotes":"","jetpack_publicize_message":"","jetpack_publicize_feature_enabled":true,"jetpack_social_post_already_shared":true,"jetpack_social_options":{"image_generator_settings":{"template":"highway","default_image_id":0,"font":"","enabled":false},"version":2},"jetpack_post_was_ever_published":false},"categories":[11],"tags":[2967,5723,8838,1498,2313,4730,8185,1583,71,1069,394,85,3164,3186],"class_list":["post-90846","post","type-post","status-publish","format-standard","has-post-thumbnail","hentry","category-noticias-de-ribeirao-preto-sp-e-regiao-ismael-colosi","tag-as","tag-batalha","tag-dela","tag-diz","tag-filho","tag-gasparini","tag-gente","tag-marcelo","tag-para","tag-precisa","tag-sair","tag-uma","tag-vencer","tag-vezes"],"jetpack_publicize_connections":[],"jetpack-related-posts":[{"id":90825,"url":"https:\/\/noticiasribeiraopreto.com.br\/index.php\/2026\/08\/31\/ribeirao-preto-decreta-luto-oficial-de-tres-dias-pela-morte-de-marcelo-gasparini\/","url_meta":{"origin":90846,"position":0},"title":"Ribeir\u00e3o Preto decreta luto oficial de tr\u00eas dias pela morte de Marcelo Gasparini","author":"noticiasribeiraopreto.com.br","date":"31 de August de 2026","format":false,"excerpt":"A Prefeitura de Ribeir\u00e3o Preto decretou luto oficial de tr\u00eas dias pela morte do cantor Marcelo Gasparini, aos 54 anos. O per\u00edodo come\u00e7a nesta segunda-feira (31), conforme estabelece o Decreto n\u00ba 180, assinado pelo prefeito Ricardo Silva. Marcelo Gasparini Marcelo Gasparini integrou durante d\u00e9cadas a dupla sertaneja Maur\u00edcio e Marcelo\u2026","rel":"","context":"In &quot;Not\u00edcias de Ribeir\u00e3o Preto-SP e Regi\u00e3o&quot;","block_context":{"text":"Not\u00edcias de Ribeir\u00e3o Preto-SP e Regi\u00e3o","link":"https:\/\/noticiasribeiraopreto.com.br\/index.php\/category\/noticias-de-ribeirao-preto-sp-e-regiao-ismael-colosi\/"},"img":{"alt_text":"","src":"https:\/\/i0.wp.com\/noticiasribeiraopreto.com.br\/wp-content\/uploads\/2026\/08\/gasparini.jpg?fit=1200%2C675&ssl=1&resize=350%2C200","width":350,"height":200,"srcset":"https:\/\/i0.wp.com\/noticiasribeiraopreto.com.br\/wp-content\/uploads\/2026\/08\/gasparini.jpg?fit=1200%2C675&ssl=1&resize=350%2C200 1x, https:\/\/i0.wp.com\/noticiasribeiraopreto.com.br\/wp-content\/uploads\/2026\/08\/gasparini.jpg?fit=1200%2C675&ssl=1&resize=525%2C300 1.5x, https:\/\/i0.wp.com\/noticiasribeiraopreto.com.br\/wp-content\/uploads\/2026\/08\/gasparini.jpg?fit=1200%2C675&ssl=1&resize=700%2C400 2x, https:\/\/i0.wp.com\/noticiasribeiraopreto.com.br\/wp-content\/uploads\/2026\/08\/gasparini.jpg?fit=1200%2C675&ssl=1&resize=1050%2C600 3x"},"classes":[]},{"id":90819,"url":"https:\/\/noticiasribeiraopreto.com.br\/index.php\/2026\/08\/31\/cantor-daniel-lamenta-morte-de-marcelo-gasparini-veja-a-repercussao\/","url_meta":{"origin":90846,"position":1},"title":"Cantor Daniel lamenta morte de Marcelo Gasparini; veja a repercuss\u00e3o","author":"noticiasribeiraopreto.com.br","date":"31 de August de 2026","format":false,"excerpt":"O cantor Daniel lamentou a morte de Marcelo Gasparini, aos 54 anos, na madrugada desta segunda-feira (31), em Ribeir\u00e3o Preto. \u201cCome\u00e7amos o dia com uma not\u00edcia triste! Confesso que me abalou\u201d, escreveu Daniel nas redes sociais. Receba not\u00edcias do\u00a0acidade on Ribeir\u00e3o\u00a0no WhatsApp e fique por dentro de tudo! Basta acessar\u2026","rel":"","context":"In &quot;Not\u00edcias de Ribeir\u00e3o Preto-SP e Regi\u00e3o&quot;","block_context":{"text":"Not\u00edcias de Ribeir\u00e3o Preto-SP e Regi\u00e3o","link":"https:\/\/noticiasribeiraopreto.com.br\/index.php\/category\/noticias-de-ribeirao-preto-sp-e-regiao-ismael-colosi\/"},"img":{"alt_text":"","src":"https:\/\/i0.wp.com\/noticiasribeiraopreto.com.br\/wp-content\/uploads\/2026\/08\/mauricio-e-marcelo-gasparini-1.jpg?fit=1200%2C675&ssl=1&resize=350%2C200","width":350,"height":200,"srcset":"https:\/\/i0.wp.com\/noticiasribeiraopreto.com.br\/wp-content\/uploads\/2026\/08\/mauricio-e-marcelo-gasparini-1.jpg?fit=1200%2C675&ssl=1&resize=350%2C200 1x, https:\/\/i0.wp.com\/noticiasribeiraopreto.com.br\/wp-content\/uploads\/2026\/08\/mauricio-e-marcelo-gasparini-1.jpg?fit=1200%2C675&ssl=1&resize=525%2C300 1.5x, https:\/\/i0.wp.com\/noticiasribeiraopreto.com.br\/wp-content\/uploads\/2026\/08\/mauricio-e-marcelo-gasparini-1.jpg?fit=1200%2C675&ssl=1&resize=700%2C400 2x, https:\/\/i0.wp.com\/noticiasribeiraopreto.com.br\/wp-content\/uploads\/2026\/08\/mauricio-e-marcelo-gasparini-1.jpg?fit=1200%2C675&ssl=1&resize=1050%2C600 3x"},"classes":[]},{"id":90798,"url":"https:\/\/noticiasribeiraopreto.com.br\/index.php\/2026\/08\/31\/morre-cantor-marcelo-gasparini-apos-luta-contra-o-cancer\/","url_meta":{"origin":90846,"position":2},"title":"Morre cantor Marcelo Gasparini ap\u00f3s luta contra o c\u00e2ncer","author":"noticiasribeiraopreto.com.br","date":"31 de August de 2026","format":false,"excerpt":"O cantor sertanejo Marcelo Gasparini, integrante da dupla Maur\u00edcio e Marcelo, morreu, nesta segunfa-feira (31), aos 54 anos.Marcelo lutava contra um c\u00e2ncer e havia sido diagnosticado, em fevereiro deste ano, com Leucemia Mieloide Aguda (LMA).Ao lado do irm\u00e3o g\u00eameo, Maur\u00edcio Gasparini, Marcelo construiu uma trajet\u00f3ria marcada pela m\u00fasica, pela alegria\u2026","rel":"","context":"In &quot;Not\u00edcias de Ribeir\u00e3o Preto-SP e Regi\u00e3o&quot;","block_context":{"text":"Not\u00edcias de Ribeir\u00e3o Preto-SP e Regi\u00e3o","link":"https:\/\/noticiasribeiraopreto.com.br\/index.php\/category\/noticias-de-ribeirao-preto-sp-e-regiao-ismael-colosi\/"},"img":{"alt_text":"","src":"https:\/\/i0.wp.com\/noticiasribeiraopreto.com.br\/wp-content\/uploads\/2026\/08\/WhatsApp-Image-2026-08-31-at-06.25.58-1-e1788171077509.jpeg?fit=1075%2C850&ssl=1&resize=350%2C200","width":350,"height":200,"srcset":"https:\/\/i0.wp.com\/noticiasribeiraopreto.com.br\/wp-content\/uploads\/2026\/08\/WhatsApp-Image-2026-08-31-at-06.25.58-1-e1788171077509.jpeg?fit=1075%2C850&ssl=1&resize=350%2C200 1x, https:\/\/i0.wp.com\/noticiasribeiraopreto.com.br\/wp-content\/uploads\/2026\/08\/WhatsApp-Image-2026-08-31-at-06.25.58-1-e1788171077509.jpeg?fit=1075%2C850&ssl=1&resize=525%2C300 1.5x, https:\/\/i0.wp.com\/noticiasribeiraopreto.com.br\/wp-content\/uploads\/2026\/08\/WhatsApp-Image-2026-08-31-at-06.25.58-1-e1788171077509.jpeg?fit=1075%2C850&ssl=1&resize=700%2C400 2x, https:\/\/i0.wp.com\/noticiasribeiraopreto.com.br\/wp-content\/uploads\/2026\/08\/WhatsApp-Image-2026-08-31-at-06.25.58-1-e1788171077509.jpeg?fit=1075%2C850&ssl=1&resize=1050%2C600 3x"},"classes":[]},{"id":90833,"url":"https:\/\/noticiasribeiraopreto.com.br\/index.php\/2026\/08\/31\/prefeitura-decreta-luto-oficial-de-tres-dias-pelo-falecimento-de-marcelo-gasparini\/","url_meta":{"origin":90846,"position":3},"title":"Prefeitura decreta luto oficial de tr\u00eas dias pelo falecimento de Marcelo Gasparini","author":"noticiasribeiraopreto.com.br","date":"31 de August de 2026","format":false,"excerpt":"A Prefeitura de Ribeir\u00e3o Preto decretou luto oficial de tr\u00eas dias em mem\u00f3ria do cantor, m\u00fasico e agente cultural Marcelo Gasparini, falecido aos 54 anos em decorr\u00eancia de complica\u00e7\u00f5es da leucemia. A homenagem teve in\u00edcio nesta segunda-feira, 31 de agosto, oficializada pelo Decreto n\u00ba 180, assinado pelo prefeito Ricardo Silva.Membro\u2026","rel":"","context":"In &quot;Not\u00edcias de Ribeir\u00e3o Preto-SP e Regi\u00e3o&quot;","block_context":{"text":"Not\u00edcias de Ribeir\u00e3o Preto-SP e Regi\u00e3o","link":"https:\/\/noticiasribeiraopreto.com.br\/index.php\/category\/noticias-de-ribeirao-preto-sp-e-regiao-ismael-colosi\/"},"img":{"alt_text":"","src":"https:\/\/i0.wp.com\/noticiasribeiraopreto.com.br\/wp-content\/uploads\/2026\/08\/luto-oficial.jpeg?fit=1200%2C800&ssl=1&resize=350%2C200","width":350,"height":200,"srcset":"https:\/\/i0.wp.com\/noticiasribeiraopreto.com.br\/wp-content\/uploads\/2026\/08\/luto-oficial.jpeg?fit=1200%2C800&ssl=1&resize=350%2C200 1x, https:\/\/i0.wp.com\/noticiasribeiraopreto.com.br\/wp-content\/uploads\/2026\/08\/luto-oficial.jpeg?fit=1200%2C800&ssl=1&resize=525%2C300 1.5x, https:\/\/i0.wp.com\/noticiasribeiraopreto.com.br\/wp-content\/uploads\/2026\/08\/luto-oficial.jpeg?fit=1200%2C800&ssl=1&resize=700%2C400 2x, https:\/\/i0.wp.com\/noticiasribeiraopreto.com.br\/wp-content\/uploads\/2026\/08\/luto-oficial.jpeg?fit=1200%2C800&ssl=1&resize=1050%2C600 3x"},"classes":[]},{"id":90802,"url":"https:\/\/noticiasribeiraopreto.com.br\/index.php\/2026\/08\/31\/morre-marcelo-gasparini-da-dupla-sertaneja-mauricio-e-marcelo\/","url_meta":{"origin":90846,"position":4},"title":"Morre Marcelo Gasparini, da dupla sertaneja Maur\u00edcio e Marcelo","author":"noticiasribeiraopreto.com.br","date":"31 de August de 2026","format":false,"excerpt":"\r \r \r 31 de agosto de 2026 08:15 \r Compartilhar0 Faleceu nesta segunda-feira (31), aos 54 anos, o cantor sertanejo Marcelo Gasparini, integrante da dupla Maur\u00edcio e Marcelo.\u00a0Marcelo lutava contra um c\u00e2ncer e havia sido diagnosticado, em fevereiro deste ano, com Leucemia Miel\u00f3ide Aguda (LMA). Ao lado do irm\u00e3o\u2026","rel":"","context":"In &quot;Not\u00edcias de Ribeir\u00e3o Preto-SP e Regi\u00e3o&quot;","block_context":{"text":"Not\u00edcias de Ribeir\u00e3o Preto-SP e Regi\u00e3o","link":"https:\/\/noticiasribeiraopreto.com.br\/index.php\/category\/noticias-de-ribeirao-preto-sp-e-regiao-ismael-colosi\/"},"img":{"alt_text":"","src":"https:\/\/i0.wp.com\/noticiasribeiraopreto.com.br\/wp-content\/uploads\/2026\/08\/m-gasparini.jpeg?fit=599%2C469&ssl=1&resize=350%2C200","width":350,"height":200,"srcset":"https:\/\/i0.wp.com\/noticiasribeiraopreto.com.br\/wp-content\/uploads\/2026\/08\/m-gasparini.jpeg?fit=599%2C469&ssl=1&resize=350%2C200 1x, https:\/\/i0.wp.com\/noticiasribeiraopreto.com.br\/wp-content\/uploads\/2026\/08\/m-gasparini.jpeg?fit=599%2C469&ssl=1&resize=525%2C300 1.5x"},"classes":[]},{"id":90794,"url":"https:\/\/noticiasribeiraopreto.com.br\/index.php\/2026\/08\/31\/rascunho-automatico\/","url_meta":{"origin":90846,"position":5},"title":"Cantor sertanejo morre aos 54 anos em Ribeir\u00e3o Preto","author":"noticiasribeiraopreto.com.br","date":"31 de August de 2026","format":false,"excerpt":"Morreu na madrugada desta segunda-feira (31), aos 54 anos, o cantor sertanejo Marcelo Gasparini. O artista havia sido diagnosticado com com\u00a0leucemia mieloide aguda (LMA) no dia 17 de mar\u00e7o de 2026. O artista \u00e9 irm\u00e3o do\u00a0vereador Maur\u00edcio Gasparini (Uni\u00e3o)\u00a0e\u00a0filho do ex-prefeito Welson Gasparini, nomes conhecidos na\u00a0pol\u00edtica de Ribeir\u00e3o Preto. As\u2026","rel":"","context":"In &quot;Not\u00edcias de Ribeir\u00e3o Preto-SP e Regi\u00e3o&quot;","block_context":{"text":"Not\u00edcias de Ribeir\u00e3o Preto-SP e Regi\u00e3o","link":"https:\/\/noticiasribeiraopreto.com.br\/index.php\/category\/noticias-de-ribeirao-preto-sp-e-regiao-ismael-colosi\/"},"img":{"alt_text":"","src":"https:\/\/i0.wp.com\/noticiasribeiraopreto.com.br\/wp-content\/uploads\/2026\/08\/gasparini-morte-ribeirao.jpeg?fit=1200%2C675&ssl=1&resize=350%2C200","width":350,"height":200,"srcset":"https:\/\/i0.wp.com\/noticiasribeiraopreto.com.br\/wp-content\/uploads\/2026\/08\/gasparini-morte-ribeirao.jpeg?fit=1200%2C675&ssl=1&resize=350%2C200 1x, https:\/\/i0.wp.com\/noticiasribeiraopreto.com.br\/wp-content\/uploads\/2026\/08\/gasparini-morte-ribeirao.jpeg?fit=1200%2C675&ssl=1&resize=525%2C300 1.5x, https:\/\/i0.wp.com\/noticiasribeiraopreto.com.br\/wp-content\/uploads\/2026\/08\/gasparini-morte-ribeirao.jpeg?fit=1200%2C675&ssl=1&resize=700%2C400 2x, https:\/\/i0.wp.com\/noticiasribeiraopreto.com.br\/wp-content\/uploads\/2026\/08\/gasparini-morte-ribeirao.jpeg?fit=1200%2C675&ssl=1&resize=1050%2C600 3x"},"classes":[]}],"jetpack_sharing_enabled":true,"jetpack_shortlink":"https:\/\/wp.me\/peQAOb-nDg","jetpack_featured_media_url":"https:\/\/i0.wp.com\/noticiasribeiraopreto.com.br\/wp-content\/uploads\/2026\/08\/filho-gasparini.jpg?fit=1200%2C675&ssl=1","_links":{"self":[{"href":"https:\/\/noticiasribeiraopreto.com.br\/index.php\/wp-json\/wp\/v2\/posts\/90846","targetHints":{"allow":["GET"]}}],"collection":[{"href":"https:\/\/noticiasribeiraopreto.com.br\/index.php\/wp-json\/wp\/v2\/posts"}],"about":[{"href":"https:\/\/noticiasribeiraopreto.com.br\/index.php\/wp-json\/wp\/v2\/types\/post"}],"author":[{"embeddable":true,"href":"https:\/\/noticiasribeiraopreto.com.br\/index.php\/wp-json\/wp\/v2\/users\/1"}],"replies":[{"embeddable":true,"href":"https:\/\/noticiasribeiraopreto.com.br\/index.php\/wp-json\/wp\/v2\/comments?post=90846"}],"version-history":[{"count":0,"href":"https:\/\/noticiasribeiraopreto.com.br\/index.php\/wp-json\/wp\/v2\/posts\/90846\/revisions"}],"wp:featuredmedia":[{"embeddable":true,"href":"https:\/\/noticiasribeiraopreto.com.br\/index.php\/wp-json\/wp\/v2\/media\/90847"}],"wp:attachment":[{"href":"https:\/\/noticiasribeiraopreto.com.br\/index.php\/wp-json\/wp\/v2\/media?parent=90846"}],"wp:term":[{"taxonomy":"category","embeddable":true,"href":"https:\/\/noticiasribeiraopreto.com.br\/index.php\/wp-json\/wp\/v2\/categories?post=90846"},{"taxonomy":"post_tag","embeddable":true,"href":"https:\/\/noticiasribeiraopreto.com.br\/index.php\/wp-json\/wp\/v2\/tags?post=90846"}],"curies":[{"name":"wp","href":"https:\/\/api.w.org\/{rel}","templated":true}]}}