{"id":90848,"date":"2026-08-31T21:27:09","date_gmt":"2026-09-01T00:27:09","guid":{"rendered":"https:\/\/noticiasribeiraopreto.com.br\/index.php\/2026\/08\/31\/governo-preve-arrecadar-r-6779-bi-em-2027-com-novos-tributos-apos-reforma\/"},"modified":"2026-08-31T21:27:09","modified_gmt":"2026-09-01T00:27:09","slug":"governo-preve-arrecadar-r-6779-bi-em-2027-com-novos-tributos-apos-reforma","status":"publish","type":"post","link":"https:\/\/noticiasribeiraopreto.com.br\/index.php\/2026\/08\/31\/governo-preve-arrecadar-r-6779-bi-em-2027-com-novos-tributos-apos-reforma\/","title":{"rendered":"Governo prev\u00ea arrecadar R$ 677,9 bi em 2027 com novos tributos ap\u00f3s reforma"},"content":{"rendered":"<div class='code-block code-block-1' style='margin: 8px 0 8px auto; text-align: right; display: block; clear: both;'>\n<p><a href=\"https:\/\/wa.link\/vpicfd\"><img data-recalc-dims=\"1\" class=\"wp-image-4922\" style=\"aspect-ratio: 2.0253164556962027; width: 561px; height: auto;\" src=\"https:\/\/i0.wp.com\/ismaelcolosi.com.br\/wp-content\/uploads\/2023\/11\/grupo-de-empregos-whatsapp-e-facebook-ismael-colosi-vagas.jpg?ssl=1\" alt=\"\" \/><\/a><\/p>\n<!-- \/wp:image -->\n<\/div>\n<p> <br \/>\n<\/p>\n<div>\n<p>O governo de Luiz In\u00e1cio Lula da Silva (PT) prev\u00ea arrecadar R$ 677,9 bilh\u00f5es no ano que vem com <strong>os novos tributos criados pela reforma tribut\u00e1ria<\/strong>. O valor considera R$ 636 bilh\u00f5es da CBS (Contribui\u00e7\u00e3o sobre Bens e Servi\u00e7os) e outros R$ 41,9 bilh\u00f5es do Imposto Seletivo.<\/p>\n<p>O c\u00e1lculo inclu\u00eddo no PLOA (projeto de Lei Or\u00e7ament\u00e1ria Anual), segundo o ministro da Fazenda, Dario Durigan, n\u00e3o prev\u00ea al\u00edquotas, apenas as proje\u00e7\u00f5es de quanto ser\u00e1 arrecadado. A proposta foi encaminhada nesta segunda-feira (31) ao Congresso Nacional.<\/p>\n<p>No caso do Seletivo, a conta do governo considera a arrecada\u00e7\u00e3o atual do IPI (Imposto sobre Produtos Industrializados), exceto a Zona Franca de Manaus, que ser\u00e1 mantida. Em janeiro de 2027, a al\u00edquota desse imposto ser\u00e1 zerada para diversos bens e servi\u00e7os.<\/p>\n<p>O tributo ser\u00e1 substitu\u00eddo pelo Imposto Seletivo, que incidir\u00e1 sobre quatro itens prejudiciais \u00e0 sa\u00fade (fumo, bebidas alco\u00f3licas, bebidas a\u00e7ucaradas e apostas) e quatro prejudiciais ao meio ambiente (autom\u00f3veis, embarca\u00e7\u00f5es, aeronaves e alguns bens minerais).<\/p>\n<p>Apostas e minerais s\u00e3o os \u00fanicos que n\u00e3o pagam IPI atualmente. Para os demais, Durigan disse que est\u00e1 mantido o compromisso de n\u00e3o ter aumento na carga tribut\u00e1ria em rela\u00e7\u00e3o ao que os setores pagam atualmente.<\/p>\n<p><em>\u201cNem \u00e9 papel da Fazenda fechar al\u00edquota. Temos que apresentar os dados, com base na metodologia definida pelo TCU [Tribunal de Contas da Uni\u00e3o], para que ele rode [os c\u00e1lculos] e encaminhe isso\u201d<\/em>, disse o ministro da Fazenda.<\/p>\n<p>J\u00e1 a CBS vai substituir os tributos federais PIS e Cofins. Segundo Durigan, dentro da previs\u00e3o de arrecada\u00e7\u00e3o com o novo tributo foi inclu\u00eddo o custo com o fundo de compensa\u00e7\u00e3o a estados e munic\u00edpios pela perda de arrecada\u00e7\u00e3o com o IPI. Nas estimativas do governo, esse fundo deve custar R$ 33,8 bilh\u00f5es no ano que vem, o equivalente a 0,2% do PIB (Produto Interno Bruto).<\/p>\n<p>O pagamento ao fundo ser\u00e1 uma nova despesa do governo. Segundo o secret\u00e1rio especial da Receita Federal, Robinson Barreirinhas, as receitas necess\u00e1rias para banc\u00e1-lo explicam boa parte do aumento da receita l\u00edquida do governo no ano que vem, que deve alcan\u00e7ar R$ 2,85 trilh\u00f5es (19,27% do PIB). Neste ano, a previs\u00e3o \u00e9 arrecadar R$ 2,6 bilh\u00f5es ap\u00f3s transfer\u00eancias (18,95% do PIB).<\/p>\n<p>Como mostrou a Folha de S. Paulo, equipes da Receita e do Minist\u00e9rio da Fazenda trabalham com t\u00e9cnicos do TCU e consultores do Senado na elabora\u00e7\u00e3o da metodologia de c\u00e1lculo das al\u00edquotas da CBS.<\/p>\n<p>A emenda da reforma tribut\u00e1ria deu \u00e0 corte de contas a fun\u00e7\u00e3o constitucional de validar as al\u00edquotas de refer\u00eancia, ainda desconhecidas.<\/p>\n<p>Como a reforma tribut\u00e1ria prev\u00ea a manuten\u00e7\u00e3o da carga tribut\u00e1ria global, a defini\u00e7\u00e3o do Imposto Seletivo interfere na al\u00edquota da CBS. Caso a al\u00edquota do imposto do pecado n\u00e3o seja definida at\u00e9 o fim de setembro, o governo corre o risco de iniciar 2027 sem a arrecada\u00e7\u00e3o equivalente ao IPI.<\/p>\n<p>Por se tratar de um novo imposto, o Executivo precisaria encaminhar uma MP (medida provis\u00f3ria) ao menos 90 dias antes de 1\u00ba de janeiro de 2027 para evitar v\u00e1cuo na cobran\u00e7a. Al\u00e9m disso, o texto precisaria ser aprovado at\u00e9 o fim deste ano pelo Congresso.<\/p>\n<p>Sem o imposto do pecado, haver\u00e1 desonera\u00e7\u00e3o de bebidas e cigarros \u00e0 custa de maior carga sobre bens e servi\u00e7os em geral, como roupas e energia el\u00e9trica.<\/p>\n<p><strong>FERNANDA BRIGATTI E IDIANA TOMAZELLI<\/strong> \/ Folhapress<\/p>\n<p>\u00a0<\/p>\n<figure class=\"wp-block-image size-full\"><\/figure>\n<figure class=\"wp-block-image size-full is-style-default\"><a href=\"https:\/\/whatsapp.com\/channel\/0029VaMvyGt6LwHpMsKAea0f\"><img data-recalc-dims=\"1\" loading=\"lazy\" data-lazyloaded=\"1\" decoding=\"async\" width=\"600\" height=\"90\" src=\"https:\/\/i0.wp.com\/static1.thmais.com.br\/wp-content\/uploads\/2026\/08\/CANAL-WHATS-PORTAL.jpg?resize=600%2C90&#038;ssl=1\" alt=\"\" class=\"wp-image-662392\" srcset=\"https:\/\/thmais.com.br\/wp-content\/uploads\/2026\/08\/CANAL-WHATS-PORTAL.jpg 600w, https:\/\/thmais.com.br\/wp-content\/uploads\/2026\/08\/CANAL-WHATS-PORTAL-300x45.jpg 300w, https:\/\/thmais.com.br\/wp-content\/uploads\/2026\/08\/CANAL-WHATS-PORTAL-150x23.jpg 150w\" data-sizes=\"(max-width: 600px) 100vw, 600px\"\/><\/a><\/figure>\n<figure class=\"wp-block-image size-full is-style-default\"><a href=\"https:\/\/www.instagram.com\/thmaisnews\/\"><img data-recalc-dims=\"1\" loading=\"lazy\" data-lazyloaded=\"1\" decoding=\"async\" width=\"600\" height=\"90\" src=\"https:\/\/i0.wp.com\/static1.thmais.com.br\/wp-content\/uploads\/2026\/08\/INSTAGRAM.jpg?resize=600%2C90&#038;ssl=1\" alt=\"\" class=\"wp-image-662396\" srcset=\"https:\/\/thmais.com.br\/wp-content\/uploads\/2026\/08\/INSTAGRAM.jpg 600w, https:\/\/thmais.com.br\/wp-content\/uploads\/2026\/08\/INSTAGRAM-300x45.jpg 300w, https:\/\/thmais.com.br\/wp-content\/uploads\/2026\/08\/INSTAGRAM-150x23.jpg 150w\" data-sizes=\"(max-width: 600px) 100vw, 600px\"\/><\/a><\/figure>\n<\/div>\n<p><script async src=\"\/\/www.instagram.com\/embed.js\"><\/script><br \/>\n<br \/><br \/>\n<br \/><a href=\"https:\/\/thmais.com.br\/giro-de-noticias\/governo-preve-arrecadar-r-6779-bi-em-2027-com-novos-tributos-apos-reforma\/\">Link para o texto original aqui <\/a><\/p>\n<!-- CONTENT END 1 -->\n","protected":false},"excerpt":{"rendered":"<p>O governo de Luiz In\u00e1cio Lula da Silva (PT) prev\u00ea arrecadar R$ 677,9 bilh\u00f5es no ano que vem com os novos tributos criados pela reforma&#8230;<\/p>\n","protected":false},"author":1,"featured_media":90849,"comment_status":"","ping_status":"","sticky":false,"template":"","format":"standard","meta":{"advanced_seo_description":"","jetpack_seo_html_title":"","jetpack_seo_noindex":false,"jetpack_seo_schema_type":"","_jetpack_newsletter_access":"","_jetpack_dont_email_post_to_subs":false,"_jetpack_newsletter_tier_id":0,"_jetpack_memberships_contains_paywalled_content":false,"_jetpack_feature_clip_id":0,"_jetpack_memberships_contains_paid_content":false,"footnotes":"","jetpack_publicize_message":"","jetpack_publicize_feature_enabled":true,"jetpack_social_post_already_shared":true,"jetpack_social_options":{"image_generator_settings":{"template":"highway","default_image_id":0,"font":"","enabled":false},"version":2},"jetpack_post_was_ever_published":false},"categories":[11],"tags":[37,1204,1271,520,1402,2287,8839],"class_list":["post-90848","post","type-post","status-publish","format-standard","has-post-thumbnail","hentry","category-noticias-de-ribeirao-preto-sp-e-regiao-ismael-colosi","tag-apos","tag-arrecadar","tag-governo","tag-novos","tag-preve","tag-reforma","tag-tributos"],"jetpack_publicize_connections":[],"jetpack-related-posts":[{"id":774,"url":"https:\/\/noticiasribeiraopreto.com.br\/index.php\/2023\/11\/09\/senado-aprova-texto-da-reforma-tributaria\/","url_meta":{"origin":90848,"position":0},"title":"Senado aprova texto da reforma tribut\u00e1ria","author":"noticiasribeiraopreto.com.br","date":"9 de November de 2023","format":false,"excerpt":"O Senado aprovou nesta quarta-feira, 8 de novembro, em dois turnos, o texto-base da reforma tribut\u00e1ria por 53 votos a 24. A aprova\u00e7\u00e3o se deu por uma margem apertada, j\u00e1 que eram necess\u00e1rios 49 votos para que o texto tivesse a chancela dos senadores. Como passou por modifica\u00e7\u00f5es no Senado\u2026","rel":"","context":"In &quot;Not\u00edcias de Ribeir\u00e3o Preto-SP e Regi\u00e3o&quot;","block_context":{"text":"Not\u00edcias de Ribeir\u00e3o Preto-SP e Regi\u00e3o","link":"https:\/\/noticiasribeiraopreto.com.br\/index.php\/category\/noticias-de-ribeirao-preto-sp-e-regiao-ismael-colosi\/"},"img":{"alt_text":"","src":"https:\/\/i0.wp.com\/noticiasribeiraopreto.com.br\/wp-content\/uploads\/2023\/11\/reformatributaria-1-scaled.jpg?fit=1000%2C598&ssl=1&resize=350%2C200","width":350,"height":200,"srcset":"https:\/\/i0.wp.com\/noticiasribeiraopreto.com.br\/wp-content\/uploads\/2023\/11\/reformatributaria-1-scaled.jpg?fit=1000%2C598&ssl=1&resize=350%2C200 1x, https:\/\/i0.wp.com\/noticiasribeiraopreto.com.br\/wp-content\/uploads\/2023\/11\/reformatributaria-1-scaled.jpg?fit=1000%2C598&ssl=1&resize=525%2C300 1.5x, https:\/\/i0.wp.com\/noticiasribeiraopreto.com.br\/wp-content\/uploads\/2023\/11\/reformatributaria-1-scaled.jpg?fit=1000%2C598&ssl=1&resize=700%2C400 2x"},"classes":[]},{"id":62525,"url":"https:\/\/noticiasribeiraopreto.com.br\/index.php\/2025\/01\/16\/com-vetos-lula-sanciona-primeira-lei-que-regulamenta-a-reforma-tributaria\/","url_meta":{"origin":90848,"position":1},"title":"Com vetos, Lula sanciona primeira lei que regulamenta a reforma tribut\u00e1ria","author":"noticiasribeiraopreto.com.br","date":"16 de January de 2025","format":false,"excerpt":"Nesta quinta-feira (16), o presidente Luiz In\u00e1cio Lula da Silva sancionou, com alguns vetos, a regulamenta\u00e7\u00e3o da reforma tribut\u00e1ria no Brasil. A reforma visa modernizar o sistema tribut\u00e1rio do pa\u00eds, simplificando a cobran\u00e7a de impostos e criando um ambiente mais eficiente para os contribuintes e para o governo. De acordo\u2026","rel":"","context":"In &quot;Not\u00edcias de Ribeir\u00e3o Preto-SP e Regi\u00e3o&quot;","block_context":{"text":"Not\u00edcias de Ribeir\u00e3o Preto-SP e Regi\u00e3o","link":"https:\/\/noticiasribeiraopreto.com.br\/index.php\/category\/noticias-de-ribeirao-preto-sp-e-regiao-ismael-colosi\/"},"img":{"alt_text":"","src":"https:\/\/i0.wp.com\/noticiasribeiraopreto.com.br\/wp-content\/uploads\/2025\/01\/Copia-de-Copia-de-Copia-de-TAMANHO-EXATO-PARA-FOTOS-NO-SISTEMA-NOVO-2025-01-16T173129.707_2025-01-16_20-31-44_png_2025-01-16_20-31-44.webp.webp?fit=1200%2C675&ssl=1&resize=350%2C200","width":350,"height":200,"srcset":"https:\/\/i0.wp.com\/noticiasribeiraopreto.com.br\/wp-content\/uploads\/2025\/01\/Copia-de-Copia-de-Copia-de-TAMANHO-EXATO-PARA-FOTOS-NO-SISTEMA-NOVO-2025-01-16T173129.707_2025-01-16_20-31-44_png_2025-01-16_20-31-44.webp.webp?fit=1200%2C675&ssl=1&resize=350%2C200 1x, https:\/\/i0.wp.com\/noticiasribeiraopreto.com.br\/wp-content\/uploads\/2025\/01\/Copia-de-Copia-de-Copia-de-TAMANHO-EXATO-PARA-FOTOS-NO-SISTEMA-NOVO-2025-01-16T173129.707_2025-01-16_20-31-44_png_2025-01-16_20-31-44.webp.webp?fit=1200%2C675&ssl=1&resize=525%2C300 1.5x, https:\/\/i0.wp.com\/noticiasribeiraopreto.com.br\/wp-content\/uploads\/2025\/01\/Copia-de-Copia-de-Copia-de-TAMANHO-EXATO-PARA-FOTOS-NO-SISTEMA-NOVO-2025-01-16T173129.707_2025-01-16_20-31-44_png_2025-01-16_20-31-44.webp.webp?fit=1200%2C675&ssl=1&resize=700%2C400 2x, https:\/\/i0.wp.com\/noticiasribeiraopreto.com.br\/wp-content\/uploads\/2025\/01\/Copia-de-Copia-de-Copia-de-TAMANHO-EXATO-PARA-FOTOS-NO-SISTEMA-NOVO-2025-01-16T173129.707_2025-01-16_20-31-44_png_2025-01-16_20-31-44.webp.webp?fit=1200%2C675&ssl=1&resize=1050%2C600 3x"},"classes":[]},{"id":16499,"url":"https:\/\/noticiasribeiraopreto.com.br\/index.php\/2023\/12\/15\/camara-aprova-de-novo-reforma-tributaria-em-primeiro-turno-o-que-falta-para-a-pec-comecar-a-valer\/","url_meta":{"origin":90848,"position":2},"title":"C\u00e2mara aprova (de novo) reforma tribut\u00e1ria em primeiro turno; o que falta para a PEC come\u00e7ar a valer?","author":"noticiasribeiraopreto.com.br","date":"15 de December de 2023","format":false,"excerpt":"A C\u00e2mara dos Deputados acaba de aprovar nesta sexta-feira (15) em vota\u00e7\u00e3o de primeiro turno a Proposta de Emenda \u00e0 Constitui\u00e7\u00e3o (PEC) da Reforma Tribut\u00e1ria. Em sess\u00e3o sempresencial esvaziada, mas com possibilidade de voto virtual, 371 deputados deram sinal verde ao texto, enquanto outros 121 se manisfestaram contra. O placar\u2026","rel":"","context":"In &quot;Dinheiro e Investimento&quot;","block_context":{"text":"Dinheiro e Investimento","link":"https:\/\/noticiasribeiraopreto.com.br\/index.php\/category\/dinheiro-e-investimento-como-fazer-como-ganhar\/"},"img":{"alt_text":"","src":"https:\/\/i0.wp.com\/noticiasribeiraopreto.com.br\/wp-content\/uploads\/2023\/12\/camara-dos-deputados-pec-emergencial-628x353.jpg?fit=628%2C353&ssl=1&resize=350%2C200","width":350,"height":200,"srcset":"https:\/\/i0.wp.com\/noticiasribeiraopreto.com.br\/wp-content\/uploads\/2023\/12\/camara-dos-deputados-pec-emergencial-628x353.jpg?fit=628%2C353&ssl=1&resize=350%2C200 1x, https:\/\/i0.wp.com\/noticiasribeiraopreto.com.br\/wp-content\/uploads\/2023\/12\/camara-dos-deputados-pec-emergencial-628x353.jpg?fit=628%2C353&ssl=1&resize=525%2C300 1.5x"},"classes":[]},{"id":17642,"url":"https:\/\/noticiasribeiraopreto.com.br\/index.php\/2023\/12\/18\/o-que-muda-com-reforma-tributaria\/","url_meta":{"origin":90848,"position":3},"title":"o que muda com reforma tribut\u00e1ria","author":"noticiasribeiraopreto.com.br","date":"18 de December de 2023","format":false,"excerpt":"Aprovada na sexta-feira, 15, ap\u00f3s 30 anos de discuss\u00e3o, a reforma tribut\u00e1ria simplificar\u00e1 a tributa\u00e7\u00e3o sobre o consumo e provocar\u00e1 mudan\u00e7a na vida dos brasileiros na hora de comprar produtos e servi\u00e7os. Cr\u00e9ditos: istock\/joa_souzaCesta b\u00e1sica, combust\u00edvel, servi\u00e7os: o que muda com reforma tribut\u00e1ria Cesta b\u00e1sica, rem\u00e9dios, combust\u00edveis, servi\u00e7os de internet\u2026","rel":"","context":"In &quot;Variedades&quot;","block_context":{"text":"Variedades","link":"https:\/\/noticiasribeiraopreto.com.br\/index.php\/category\/variedades\/"},"img":{"alt_text":"","src":"https:\/\/i0.wp.com\/noticiasribeiraopreto.com.br\/wp-content\/uploads\/2023\/12\/istock-1344796730.jpg?fit=1200%2C638&ssl=1&resize=350%2C200","width":350,"height":200,"srcset":"https:\/\/i0.wp.com\/noticiasribeiraopreto.com.br\/wp-content\/uploads\/2023\/12\/istock-1344796730.jpg?fit=1200%2C638&ssl=1&resize=350%2C200 1x, https:\/\/i0.wp.com\/noticiasribeiraopreto.com.br\/wp-content\/uploads\/2023\/12\/istock-1344796730.jpg?fit=1200%2C638&ssl=1&resize=525%2C300 1.5x, https:\/\/i0.wp.com\/noticiasribeiraopreto.com.br\/wp-content\/uploads\/2023\/12\/istock-1344796730.jpg?fit=1200%2C638&ssl=1&resize=700%2C400 2x, https:\/\/i0.wp.com\/noticiasribeiraopreto.com.br\/wp-content\/uploads\/2023\/12\/istock-1344796730.jpg?fit=1200%2C638&ssl=1&resize=1050%2C600 3x"},"classes":[]},{"id":20282,"url":"https:\/\/noticiasribeiraopreto.com.br\/index.php\/2023\/12\/24\/entenda-a-reforma-tributaria-promulgada-nesta-semana\/","url_meta":{"origin":90848,"position":4},"title":"Entenda a reforma tribut\u00e1ria promulgada nesta semana\u00a0","author":"noticiasribeiraopreto.com.br","date":"24 de December de 2023","format":false,"excerpt":"Depois de 30 anos de discuss\u00e3o, o Congresso Nacional deu um passo hist\u00f3rico e promulgou, na quarta-feira (20), a reforma tribut\u00e1ria sobre o consumo. No pr\u00f3ximo ano, os parlamentares se debru\u00e7ar\u00e3o sobre os projetos de lei complementar que regulamentar\u00e3o v\u00e1rios pontos da emenda constitucional e iniciar\u00e3o a segunda etapa da\u2026","rel":"","context":"In &quot;Not\u00edcias de Ribeir\u00e3o Preto-SP e Regi\u00e3o&quot;","block_context":{"text":"Not\u00edcias de Ribeir\u00e3o Preto-SP e Regi\u00e3o","link":"https:\/\/noticiasribeiraopreto.com.br\/index.php\/category\/noticias-de-ribeirao-preto-sp-e-regiao-ismael-colosi\/"},"img":{"alt_text":"","src":"https:\/\/i0.wp.com\/noticiasribeiraopreto.com.br\/wp-content\/uploads\/2023\/12\/reforma-b3-domingo-marcello-casal-jr-scaled.jpg?fit=1000%2C598&ssl=1&resize=350%2C200","width":350,"height":200,"srcset":"https:\/\/i0.wp.com\/noticiasribeiraopreto.com.br\/wp-content\/uploads\/2023\/12\/reforma-b3-domingo-marcello-casal-jr-scaled.jpg?fit=1000%2C598&ssl=1&resize=350%2C200 1x, https:\/\/i0.wp.com\/noticiasribeiraopreto.com.br\/wp-content\/uploads\/2023\/12\/reforma-b3-domingo-marcello-casal-jr-scaled.jpg?fit=1000%2C598&ssl=1&resize=525%2C300 1.5x, https:\/\/i0.wp.com\/noticiasribeiraopreto.com.br\/wp-content\/uploads\/2023\/12\/reforma-b3-domingo-marcello-casal-jr-scaled.jpg?fit=1000%2C598&ssl=1&resize=700%2C400 2x"},"classes":[]},{"id":17802,"url":"https:\/\/noticiasribeiraopreto.com.br\/index.php\/2023\/12\/19\/veja-o-que-fica-mais-barato-e-o-que-fica-mais-caro\/","url_meta":{"origin":90848,"position":5},"title":"veja o que fica mais barato e o que fica mais caro","author":"noticiasribeiraopreto.com.br","date":"19 de December de 2023","format":false,"excerpt":"Aprovada na sexta-feira, 15, ap\u00f3s 30 anos de discuss\u00e3o, a reforma tribut\u00e1ria simplificar\u00e1 a tributa\u00e7\u00e3o sobre o consumo e provocar\u00e1 mudan\u00e7a na vida dos brasileiros na hora de comprar produtos e servi\u00e7os. Cr\u00e9ditos: Istock\/Edson SouzaReforma tribut\u00e1ria: Veja o que fica mais barato e o que fica mais caro Cesta b\u00e1sica,\u2026","rel":"","context":"In &quot;Variedades&quot;","block_context":{"text":"Variedades","link":"https:\/\/noticiasribeiraopreto.com.br\/index.php\/category\/variedades\/"},"img":{"alt_text":"","src":"https:\/\/i0.wp.com\/noticiasribeiraopreto.com.br\/wp-content\/uploads\/2023\/12\/istock-1379164747.jpg?fit=1200%2C638&ssl=1&resize=350%2C200","width":350,"height":200,"srcset":"https:\/\/i0.wp.com\/noticiasribeiraopreto.com.br\/wp-content\/uploads\/2023\/12\/istock-1379164747.jpg?fit=1200%2C638&ssl=1&resize=350%2C200 1x, https:\/\/i0.wp.com\/noticiasribeiraopreto.com.br\/wp-content\/uploads\/2023\/12\/istock-1379164747.jpg?fit=1200%2C638&ssl=1&resize=525%2C300 1.5x, https:\/\/i0.wp.com\/noticiasribeiraopreto.com.br\/wp-content\/uploads\/2023\/12\/istock-1379164747.jpg?fit=1200%2C638&ssl=1&resize=700%2C400 2x, https:\/\/i0.wp.com\/noticiasribeiraopreto.com.br\/wp-content\/uploads\/2023\/12\/istock-1379164747.jpg?fit=1200%2C638&ssl=1&resize=1050%2C600 3x"},"classes":[]}],"jetpack_sharing_enabled":true,"jetpack_shortlink":"https:\/\/wp.me\/peQAOb-nDi","jetpack_featured_media_url":"https:\/\/i0.wp.com\/noticiasribeiraopreto.com.br\/wp-content\/uploads\/2026\/08\/TH-PORTAL-IMAGEM-36-1.jpg?fit=1600%2C900&ssl=1","_links":{"self":[{"href":"https:\/\/noticiasribeiraopreto.com.br\/index.php\/wp-json\/wp\/v2\/posts\/90848","targetHints":{"allow":["GET"]}}],"collection":[{"href":"https:\/\/noticiasribeiraopreto.com.br\/index.php\/wp-json\/wp\/v2\/posts"}],"about":[{"href":"https:\/\/noticiasribeiraopreto.com.br\/index.php\/wp-json\/wp\/v2\/types\/post"}],"author":[{"embeddable":true,"href":"https:\/\/noticiasribeiraopreto.com.br\/index.php\/wp-json\/wp\/v2\/users\/1"}],"replies":[{"embeddable":true,"href":"https:\/\/noticiasribeiraopreto.com.br\/index.php\/wp-json\/wp\/v2\/comments?post=90848"}],"version-history":[{"count":0,"href":"https:\/\/noticiasribeiraopreto.com.br\/index.php\/wp-json\/wp\/v2\/posts\/90848\/revisions"}],"wp:featuredmedia":[{"embeddable":true,"href":"https:\/\/noticiasribeiraopreto.com.br\/index.php\/wp-json\/wp\/v2\/media\/90849"}],"wp:attachment":[{"href":"https:\/\/noticiasribeiraopreto.com.br\/index.php\/wp-json\/wp\/v2\/media?parent=90848"}],"wp:term":[{"taxonomy":"category","embeddable":true,"href":"https:\/\/noticiasribeiraopreto.com.br\/index.php\/wp-json\/wp\/v2\/categories?post=90848"},{"taxonomy":"post_tag","embeddable":true,"href":"https:\/\/noticiasribeiraopreto.com.br\/index.php\/wp-json\/wp\/v2\/tags?post=90848"}],"curies":[{"name":"wp","href":"https:\/\/api.w.org\/{rel}","templated":true}]}}