{"id":90850,"date":"2026-08-31T21:59:02","date_gmt":"2026-09-01T00:59:02","guid":{"rendered":"https:\/\/noticiasribeiraopreto.com.br\/index.php\/2026\/08\/31\/comercial-vence-ec-sao-bernardo-e-larga-na-frente-na-copa-paulista\/"},"modified":"2026-08-31T21:59:02","modified_gmt":"2026-09-01T00:59:02","slug":"comercial-vence-ec-sao-bernardo-e-larga-na-frente-na-copa-paulista","status":"publish","type":"post","link":"https:\/\/noticiasribeiraopreto.com.br\/index.php\/2026\/08\/31\/comercial-vence-ec-sao-bernardo-e-larga-na-frente-na-copa-paulista\/","title":{"rendered":"Comercial vence EC S\u00e3o Bernardo e larga na frente na Copa Paulista"},"content":{"rendered":"<div class='code-block code-block-1' style='margin: 8px 0 8px auto; text-align: right; display: block; clear: both;'>\n<p><a href=\"https:\/\/wa.link\/vpicfd\"><img data-recalc-dims=\"1\" class=\"wp-image-4922\" style=\"aspect-ratio: 2.0253164556962027; width: 561px; height: auto;\" src=\"https:\/\/i0.wp.com\/ismaelcolosi.com.br\/wp-content\/uploads\/2023\/11\/grupo-de-empregos-whatsapp-e-facebook-ismael-colosi-vagas.jpg?ssl=1\" alt=\"\" \/><\/a><\/p>\n<!-- \/wp:image -->\n<\/div>\n<p> <br \/>\n<\/p>\n<p>O <strong>Comercial<\/strong><strong> <\/strong>venceu o<strong> Esporte Clube S\u00e3o Bernardo <\/strong>por 2 a 0 na noite desta segunda-feira (31) e largou na frente no \u2018play in\u2019 da<strong> Copa Paulista 2026<\/strong>. O confronto foi disputado no est\u00e1dio Palma Travassos, em Ribeir\u00e3o Preto.<\/p>\n<p class=\"has-cyan-bluish-gray-background-color has-background\"><em>Receba not\u00edcias do\u00a0<strong>acidade on Ribeir\u00e3o\u00a0<\/strong>no WhatsApp e fique por dentro de tudo! Basta acessar o link<a href=\"https:\/\/chat.whatsapp.com\/DfXwcjKVIddHUT3BvnQuPZ?mode=hqctshi\" target=\"_blank\" rel=\"noreferrer noopener\">\u00a0aqui<\/a>!<\/em><\/p>\n<h2 class=\"wp-block-heading\"><strong>Gols<\/strong><\/h2>\n<p>O Le\u00e3o do Norte abriu o placar aos 16 minutos do primeiro tempo com Filipinho, que aproveitou a sa\u00edda errada dos visitantes. O camisa 10 do time de Ribeir\u00e3o Preto ampliou o placar aos 44 do segundo tempo.<\/p>\n<h2 class=\"wp-block-heading\"><strong>Pr\u00f3ximo jogo<\/strong><\/h2>\n<p>O confronto de volta entre Comercial e Esporte Clube S\u00e3o Bernardo acontece no pr\u00f3ximo s\u00e1bado (5), \u00e0s 15h, em Diadema.<\/p>\n<p class=\"has-cyan-bluish-gray-background-color has-background\"><em>Fa\u00e7a uma den\u00fancia ou sugira uma reportagem sobre\u00a0<strong>Ribeir\u00e3o Preto\u00a0<\/strong>e regi\u00e3o por meio do WhatsApp do\u00a0<strong>acidade on Ribeir\u00e3o<\/strong>: (16) 99117-7802.<\/em><\/p>\n<figure class=\"wp-block-gallery has-nested-images columns-default is-cropped wp-block-gallery-1 is-layout-flex wp-block-gallery-is-layout-flex\">\n<figure class=\"wp-block-image size-large\"><figcaption class=\"wp-element-caption\">Foto: Comercial FC\/divulga\u00e7\u00e3o<\/figcaption><\/figure>\n<figure class=\"wp-block-image size-large\"><img data-recalc-dims=\"1\" loading=\"lazy\" decoding=\"async\" width=\"768\" height=\"1024\" data-id=\"173153\" src=\"https:\/\/i0.wp.com\/www.acidadeon.com\/ribeiraopreto\/wp-content\/uploads\/sites\/3\/2026\/08\/comercia-sao-bernardo-ec-2-768x1024.jpg?resize=768%2C1024&#038;ssl=1\" alt=\"comercial\" class=\"wp-image-173153\" title=\"Comercial vence EC S\u00e3o Bernardo e larga na frente na Copa Paulista 2\"><figcaption class=\"wp-element-caption\">Foto: Comercial FC\/divulga\u00e7\u00e3o<\/figcaption><\/figure>\n<figure class=\"wp-block-image size-large\"><img data-recalc-dims=\"1\" loading=\"lazy\" decoding=\"async\" width=\"768\" height=\"1024\" data-id=\"173154\" src=\"https:\/\/i0.wp.com\/www.acidadeon.com\/ribeiraopreto\/wp-content\/uploads\/sites\/3\/2026\/08\/comercia-sao-bernardo-ec-3-768x1024.jpg?resize=768%2C1024&#038;ssl=1\" alt=\"comercia sao bernardo ec 3\" class=\"wp-image-173154\" title=\"Comercial vence EC S\u00e3o Bernardo e larga na frente na Copa Paulista 3\"><figcaption class=\"wp-element-caption\">Foto: Comercial FC\/divulga\u00e7\u00e3o<\/figcaption><\/figure>\n<figure class=\"wp-block-image size-large\"><img data-recalc-dims=\"1\" loading=\"lazy\" decoding=\"async\" width=\"768\" height=\"1024\" data-id=\"173157\" src=\"https:\/\/i0.wp.com\/www.acidadeon.com\/ribeiraopreto\/wp-content\/uploads\/sites\/3\/2026\/08\/comercia-sao-bernardo-ec-5-768x1024.jpg?resize=768%2C1024&#038;ssl=1\" alt=\"comercia sao bernardo ec 5\" class=\"wp-image-173157\" title=\"Comercial vence EC S\u00e3o Bernardo e larga na frente na Copa Paulista 4\"><figcaption class=\"wp-element-caption\">Foto: Comercial FC\/divulga\u00e7\u00e3o<\/figcaption><\/figure>\n<figure class=\"wp-block-image size-large\"><img data-recalc-dims=\"1\" loading=\"lazy\" decoding=\"async\" width=\"768\" height=\"1024\" data-id=\"173156\" src=\"https:\/\/i0.wp.com\/www.acidadeon.com\/ribeiraopreto\/wp-content\/uploads\/sites\/3\/2026\/08\/comercia-sao-bernardo-ec-6-768x1024.jpg?resize=768%2C1024&#038;ssl=1\" alt=\"comercia sao bernardo ec 6\" class=\"wp-image-173156\" title=\"Comercial vence EC S\u00e3o Bernardo e larga na frente na Copa Paulista 5\"><figcaption class=\"wp-element-caption\">Foto: Comercial FC\/divulga\u00e7\u00e3o<\/figcaption><\/figure>\n<\/figure>\n<h2 class=\"wp-block-heading\"><strong>Ficou sabendo?<\/strong><\/h2>\n<h3 class=\"wp-block-heading\"><strong>Atleta da regi\u00e3o bate recorde mundial dos 400m com barreiras<\/strong><\/h3>\n<p><strong>Alison dos Santos confirmou o status de melhor do mundo na prova dos 400m com barreiras.<\/strong>\u00a0Nesta quinta-feira (27), na etapa de Zurique da Diamond League, o\u00a0<strong>atleta brasileiro superou novamente o rival noruegu\u00eas Karsten Warholm e cruzou a linha de chegada em 45s81<\/strong>, tempo que estabeleceu o novo recorde mundial da categoria.<\/p>\n<p>O paulista,\u00a0<strong>nascido em S\u00e3o Joaquim da Barra<\/strong>, na regi\u00e3o de<strong>\u00a0Ribeir\u00e3o Preto<\/strong>, comandou a prova do in\u00edcio ao fim.<strong>\u00a0Ele controlou o ritmo j\u00e1 nas primeiras barreiras e n\u00e3o deixou brechas para Warholm ao longo do percurso.<\/strong>\u00a0A vantagem constru\u00edda na reta permitiu a Piu \u2014 apelido pelo qual os f\u00e3s o conhecem \u2014 fechar a corrida com tranquilidade, enquanto o noruegu\u00eas cruzou a linha quase um segundo depois, com 46s69.<\/p>\n<figure class=\"wp-block-image\"><img data-recalc-dims=\"1\" loading=\"lazy\" decoding=\"async\" width=\"1024\" height=\"575\" src=\"https:\/\/i0.wp.com\/www.acidadeon.com\/ribeiraopreto\/wp-content\/uploads\/sites\/3\/2026\/05\/alison-dos-santos-piu_2026-05-17_15-12-43-1024x575.webp?resize=1024%2C575&#038;ssl=1\" alt=\"atleta\" class=\"wp-image-156584\" title=\"Atleta da regi\u00e3o bate recorde mundial dos 400m com barreiras 1\"><figcaption class=\"wp-element-caption\">Alison dos Santos (Foto: divulga\u00e7\u00e3o\/Diamond League)<\/figcaption><\/figure>\n<\/p>\n<p>O brasileiro Matheus Lima tamb\u00e9m disputou a final em Zurique e terminou a prova na quarta coloca\u00e7\u00e3o, refor\u00e7ando a for\u00e7a do Brasil na modalidade.<\/p>\n<h2 class=\"wp-block-heading\">Uma temporada de recordes<\/h2>\n<p>A<strong>\u00a0marca de Zurique superou o recorde mundial anterior<\/strong>, que pertencia ao pr\u00f3prio Warholm desde os Jogos Ol\u00edmpicos de T\u00f3quio, em 2021, quando o noruegu\u00eas cravou 45s94. Com o novo tempo, Alison dos Santos assumiu de vez a lideran\u00e7a hist\u00f3rica da prova e refor\u00e7ou a rivalidade que j\u00e1 rendeu diversos cap\u00edtulos marcantes contra o atleta n\u00f3rdico.<\/p>\n<p>A vit\u00f3ria em Zurique tamb\u00e9m representou o quinto t\u00edtulo de Alison dos Santos na Diamond League de 2026. Ao longo da temporada, o brasileiro venceu:<\/p>\n<ul class=\"wp-block-list\">\n<li>Shaoxing, na China, na prova dos 300m com barreiras, com o tempo de 33s01;<\/li>\n<li>Xiamen, tamb\u00e9m na China, com 46s72;<\/li>\n<li>Oslo, na Noruega, com 46s89;<\/li>\n<li>Sil\u00e9sia, na Pol\u00f4nia, com 46s43.<\/li>\n<\/ul>\n<p>O atleta ainda superou a pr\u00f3pria melhor marca da temporada. H\u00e1 quase um m\u00eas, ele conquistou o Trof\u00e9u Brasil, em S\u00e3o Paulo, com o tempo de 46s48 \u2014 resultado que hoje j\u00e1 fica atr\u00e1s da nova marca mundial.<\/p>\n<figure class=\"wp-block-image\"><img data-recalc-dims=\"1\" loading=\"lazy\" decoding=\"async\" width=\"1024\" height=\"576\" src=\"https:\/\/i0.wp.com\/www.acidadeon.com\/ribeiraopreto\/wp-content\/uploads\/sites\/3\/2026\/06\/world-athletics_2026-06-08_13-49-08-1024x576.webp?resize=1024%2C576&#038;ssl=1\" alt=\"alison dos santos\" class=\"wp-image-160009\" title=\"Atleta da regi\u00e3o bate recorde mundial dos 400m com barreiras 2\"><figcaption class=\"wp-element-caption\">(Foto: divulga\u00e7\u00e3o\/World Athletics)<\/figcaption><\/figure>\n<figure class=\"wp-block-image\"><img data-recalc-dims=\"1\" loading=\"lazy\" decoding=\"async\" width=\"819\" height=\"1024\" src=\"https:\/\/i0.wp.com\/www.acidadeon.com\/ribeiraopreto\/wp-content\/uploads\/sites\/3\/2026\/05\/alison-dos-santos-1_2026-05-17_15-10-28-819x1024.webp?resize=819%2C1024&#038;ssl=1\" alt=\"alison dos santos 1 2026 05 17 15 10 28\" class=\"wp-image-156581\" title=\"Atleta da regi\u00e3o bate recorde mundial dos 400m com barreiras 3\"><figcaption class=\"wp-element-caption\">Foto: divulga\u00e7\u00e3o\/Diamond League<br \/><\/figcaption><\/figure>\n<p><strong><br \/><\/strong><\/p>\n<p>O post Comercial vence EC S\u00e3o Bernardo e larga na frente na Copa Paulista apareceu primeiro em ACidade ON Ribeir\u00e3o Preto.<\/p>\n<p><br \/>\n<br \/><a href=\"https:\/\/www.acidadeon.com\/ribeiraopreto\/esportes\/comercial-vence-ec-sao-bernardo-e-larga-na-frente-na-copa-paulista\/\">Link para o texto original aqui <\/a><\/p>\n<!-- CONTENT END 1 -->\n","protected":false},"excerpt":{"rendered":"<p>O Comercial venceu o Esporte Clube S\u00e3o Bernardo por 2 a 0 na noite desta segunda-feira (31) e largou na frente no \u2018play in\u2019 da&#8230;<\/p>\n","protected":false},"author":1,"featured_media":90851,"comment_status":"","ping_status":"","sticky":false,"template":"","format":"standard","meta":{"advanced_seo_description":"","jetpack_seo_html_title":"","jetpack_seo_noindex":false,"jetpack_seo_schema_type":"","_jetpack_newsletter_access":"","_jetpack_dont_email_post_to_subs":false,"_jetpack_newsletter_tier_id":0,"_jetpack_memberships_contains_paywalled_content":false,"_jetpack_feature_clip_id":0,"_jetpack_memberships_contains_paid_content":false,"footnotes":"","jetpack_publicize_message":"","jetpack_publicize_feature_enabled":true,"jetpack_social_post_already_shared":true,"jetpack_social_options":{"image_generator_settings":{"template":"highway","default_image_id":0,"font":"","enabled":false},"version":2},"jetpack_post_was_ever_published":false},"categories":[11],"tags":[8101,705,707,490,6536,762,50,1612],"class_list":["post-90850","post","type-post","status-publish","format-standard","has-post-thumbnail","hentry","category-noticias-de-ribeirao-preto-sp-e-regiao-ismael-colosi","tag-bernardo","tag-comercial","tag-copa","tag-frente","tag-larga","tag-paulista","tag-sao","tag-vence"],"jetpack_publicize_connections":[],"jetpack-related-posts":[{"id":90539,"url":"https:\/\/noticiasribeiraopreto.com.br\/index.php\/2026\/08\/24\/comercial-confirma-data-do-jogo-de-ida-contra-sao-bernardo-pelo-play-in-da-copa-paulista\/","url_meta":{"origin":90850,"position":0},"title":"Comercial confirma data do jogo de ida contra S\u00e3o Bernardo pelo \u2018play-in\u2019 da Copa Paulista","author":"noticiasribeiraopreto.com.br","date":"24 de August de 2026","format":false,"excerpt":"O Comercial Futebol Clube definiu a data e o hor\u00e1rio do primeiro jogo do \u201cplay-in\u201d contra o EC S\u00e3o Bernardo, pela Copa Paulista. A partida acontece na segunda-feira (31), \u00e0s 20h, no est\u00e1dio Palma Travassos, em Ribeir\u00e3o Preto. Palma Travassos \u2013 Foto: F\u00e1bio J\u00fanior \/ EPTV Receba not\u00edcias do\u00a0acidade on\u2026","rel":"","context":"In &quot;Not\u00edcias de Ribeir\u00e3o Preto-SP e Regi\u00e3o&quot;","block_context":{"text":"Not\u00edcias de Ribeir\u00e3o Preto-SP e Regi\u00e3o","link":"https:\/\/noticiasribeiraopreto.com.br\/index.php\/category\/noticias-de-ribeirao-preto-sp-e-regiao-ismael-colosi\/"},"img":{"alt_text":"","src":"https:\/\/i0.wp.com\/noticiasribeiraopreto.com.br\/wp-content\/uploads\/2026\/08\/Copia-de-Copia-de-Copia-de-TAMANHO-EXATO-PARA-FOTOS-NO-SISTEMA-NOVO-2024-12-23T124251.755_2024-12-23_15-42-58_png_2024-12-23_15-42-58-1024x576.webp.webp?fit=1024%2C576&ssl=1&resize=350%2C200","width":350,"height":200,"srcset":"https:\/\/i0.wp.com\/noticiasribeiraopreto.com.br\/wp-content\/uploads\/2026\/08\/Copia-de-Copia-de-Copia-de-TAMANHO-EXATO-PARA-FOTOS-NO-SISTEMA-NOVO-2024-12-23T124251.755_2024-12-23_15-42-58_png_2024-12-23_15-42-58-1024x576.webp.webp?fit=1024%2C576&ssl=1&resize=350%2C200 1x, https:\/\/i0.wp.com\/noticiasribeiraopreto.com.br\/wp-content\/uploads\/2026\/08\/Copia-de-Copia-de-Copia-de-TAMANHO-EXATO-PARA-FOTOS-NO-SISTEMA-NOVO-2024-12-23T124251.755_2024-12-23_15-42-58_png_2024-12-23_15-42-58-1024x576.webp.webp?fit=1024%2C576&ssl=1&resize=525%2C300 1.5x, https:\/\/i0.wp.com\/noticiasribeiraopreto.com.br\/wp-content\/uploads\/2026\/08\/Copia-de-Copia-de-Copia-de-TAMANHO-EXATO-PARA-FOTOS-NO-SISTEMA-NOVO-2024-12-23T124251.755_2024-12-23_15-42-58_png_2024-12-23_15-42-58-1024x576.webp.webp?fit=1024%2C576&ssl=1&resize=700%2C400 2x"},"classes":[]},{"id":90448,"url":"https:\/\/noticiasribeiraopreto.com.br\/index.php\/2026\/08\/22\/comercial-perde-para-noroeste-e-disputara-play-in-da-copa-paulista\/","url_meta":{"origin":90850,"position":1},"title":"Comercial perde para Noroeste e disputar\u00e1 \u2018play-in\u2019 da Copa Paulista","author":"noticiasribeiraopreto.com.br","date":"22 de August de 2026","format":false,"excerpt":"\r \r \r Em jogo repleto de gols, Bafo deixa lideran\u00e7a escapar e ter\u00e1 EC S\u00e3o Bernardo pela frente\r \r 22 de agosto de 2026 17:34 \r Compartilhar1 \r *_Por Hugo Luque_*O Comercial foi derrotado por 4 a 3 pelo Noroeste neste s\u00e1bado (22), no Alfredo de Castilho, pela sexta\u2026","rel":"","context":"In &quot;Not\u00edcias de Ribeir\u00e3o Preto-SP e Regi\u00e3o&quot;","block_context":{"text":"Not\u00edcias de Ribeir\u00e3o Preto-SP e Regi\u00e3o","link":"https:\/\/noticiasribeiraopreto.com.br\/index.php\/category\/noticias-de-ribeirao-preto-sp-e-regiao-ismael-colosi\/"},"img":{"alt_text":"","src":"https:\/\/i0.wp.com\/noticiasribeiraopreto.com.br\/wp-content\/uploads\/2026\/08\/IMG_7353.jpeg?fit=1000%2C653&ssl=1&resize=350%2C200","width":350,"height":200,"srcset":"https:\/\/i0.wp.com\/noticiasribeiraopreto.com.br\/wp-content\/uploads\/2026\/08\/IMG_7353.jpeg?fit=1000%2C653&ssl=1&resize=350%2C200 1x, https:\/\/i0.wp.com\/noticiasribeiraopreto.com.br\/wp-content\/uploads\/2026\/08\/IMG_7353.jpeg?fit=1000%2C653&ssl=1&resize=525%2C300 1.5x, https:\/\/i0.wp.com\/noticiasribeiraopreto.com.br\/wp-content\/uploads\/2026\/08\/IMG_7353.jpeg?fit=1000%2C653&ssl=1&resize=700%2C400 2x"},"classes":[]},{"id":76871,"url":"https:\/\/noticiasribeiraopreto.com.br\/index.php\/2025\/09\/07\/comercial-sai-na-frente-e-vence-sao-jose-na-ida-das-quartas-da-copa-paulista\/","url_meta":{"origin":90850,"position":2},"title":"Comercial sai na frente e vence S\u00e3o Jos\u00e9 na ida das quartas da Copa Paulista","author":"noticiasribeiraopreto.com.br","date":"7 de September de 2025","format":false,"excerpt":"O Comercial venceu o S\u00e3o Jos\u00e9 no jogo de ida das quartas de final da Copa Paulista, realizado na tarde deste domingo (07), no est\u00e1dio Palma Travassos, em Ribeir\u00e3o Preto. O time da casa venceu por 1 a 0. O \u00fanico gol da partida foi marcado aos 20 minutos do\u2026","rel":"","context":"In &quot;Not\u00edcias de Ribeir\u00e3o Preto-SP e Regi\u00e3o&quot;","block_context":{"text":"Not\u00edcias de Ribeir\u00e3o Preto-SP e Regi\u00e3o","link":"https:\/\/noticiasribeiraopreto.com.br\/index.php\/category\/noticias-de-ribeirao-preto-sp-e-regiao-ismael-colosi\/"},"img":{"alt_text":"","src":"https:\/\/i0.wp.com\/noticiasribeiraopreto.com.br\/wp-content\/uploads\/2025\/09\/2RAU0097_2025-09-07_19-59-55.webp.webp?fit=1200%2C800&ssl=1&resize=350%2C200","width":350,"height":200,"srcset":"https:\/\/i0.wp.com\/noticiasribeiraopreto.com.br\/wp-content\/uploads\/2025\/09\/2RAU0097_2025-09-07_19-59-55.webp.webp?fit=1200%2C800&ssl=1&resize=350%2C200 1x, https:\/\/i0.wp.com\/noticiasribeiraopreto.com.br\/wp-content\/uploads\/2025\/09\/2RAU0097_2025-09-07_19-59-55.webp.webp?fit=1200%2C800&ssl=1&resize=525%2C300 1.5x, https:\/\/i0.wp.com\/noticiasribeiraopreto.com.br\/wp-content\/uploads\/2025\/09\/2RAU0097_2025-09-07_19-59-55.webp.webp?fit=1200%2C800&ssl=1&resize=700%2C400 2x, https:\/\/i0.wp.com\/noticiasribeiraopreto.com.br\/wp-content\/uploads\/2025\/09\/2RAU0097_2025-09-07_19-59-55.webp.webp?fit=1200%2C800&ssl=1&resize=1050%2C600 3x"},"classes":[]},{"id":88825,"url":"https:\/\/noticiasribeiraopreto.com.br\/index.php\/2026\/07\/25\/comercial-vence-xv-de-piracicaba-e-segue-100-na-copa-paulista\/","url_meta":{"origin":90850,"position":3},"title":"Comercial vence XV de Piracicaba e segue 100% na Copa Paulista","author":"noticiasribeiraopreto.com.br","date":"25 de July de 2026","format":false,"excerpt":"O Comercial venceu o XV de Piracicaba por 2 a 0 na noite deste s\u00e1bado (25), pela segunda rodada da Copa Paulista. O confronto foi realizado no est\u00e1dio Bar\u00e3o de Serra Negra, em Piracicaba. Receba not\u00edcias do\u00a0acidade on Ribeir\u00e3o\u00a0no WhatsApp e fique por dentro de tudo! Basta acessar o link\u00a0aqui!\u2026","rel":"","context":"In &quot;Not\u00edcias de Ribeir\u00e3o Preto-SP e Regi\u00e3o&quot;","block_context":{"text":"Not\u00edcias de Ribeir\u00e3o Preto-SP e Regi\u00e3o","link":"https:\/\/noticiasribeiraopreto.com.br\/index.php\/category\/noticias-de-ribeirao-preto-sp-e-regiao-ismael-colosi\/"},"img":{"alt_text":"","src":"https:\/\/i0.wp.com\/noticiasribeiraopreto.com.br\/wp-content\/uploads\/2026\/07\/COMERCIAL-XV.jpeg?fit=1200%2C675&ssl=1&resize=350%2C200","width":350,"height":200,"srcset":"https:\/\/i0.wp.com\/noticiasribeiraopreto.com.br\/wp-content\/uploads\/2026\/07\/COMERCIAL-XV.jpeg?fit=1200%2C675&ssl=1&resize=350%2C200 1x, https:\/\/i0.wp.com\/noticiasribeiraopreto.com.br\/wp-content\/uploads\/2026\/07\/COMERCIAL-XV.jpeg?fit=1200%2C675&ssl=1&resize=525%2C300 1.5x, https:\/\/i0.wp.com\/noticiasribeiraopreto.com.br\/wp-content\/uploads\/2026\/07\/COMERCIAL-XV.jpeg?fit=1200%2C675&ssl=1&resize=700%2C400 2x, https:\/\/i0.wp.com\/noticiasribeiraopreto.com.br\/wp-content\/uploads\/2026\/07\/COMERCIAL-XV.jpeg?fit=1200%2C675&ssl=1&resize=1050%2C600 3x"},"classes":[]},{"id":88394,"url":"https:\/\/noticiasribeiraopreto.com.br\/index.php\/2026\/07\/18\/comercial-vence-o-noroeste-e-estreia-com-vitoria-na-copa-paulista-2026\/","url_meta":{"origin":90850,"position":4},"title":"Comercial vence o Noroeste e estreia com vit\u00f3ria na Copa Paulista 2026","author":"noticiasribeiraopreto.com.br","date":"18 de July de 2026","format":false,"excerpt":"O Comercial venceu o Noroeste por 2 a 0 na tarde deste s\u00e1bado (18), no est\u00e1dio Palma Travassos, em Ribeir\u00e3o Preto, pela primeira rodada da Copa Paulista 2026. Os dois gols da equipe de Ribeir\u00e3o Preto sa\u00edram no segundo tempo. O atacante Paulo Vitor, camisa 9 do Bafo, balan\u00e7ou as\u2026","rel":"","context":"In &quot;Not\u00edcias de Ribeir\u00e3o Preto-SP e Regi\u00e3o&quot;","block_context":{"text":"Not\u00edcias de Ribeir\u00e3o Preto-SP e Regi\u00e3o","link":"https:\/\/noticiasribeiraopreto.com.br\/index.php\/category\/noticias-de-ribeirao-preto-sp-e-regiao-ismael-colosi\/"},"img":{"alt_text":"","src":"https:\/\/i0.wp.com\/noticiasribeiraopreto.com.br\/wp-content\/uploads\/2026\/07\/image-31.png?fit=984%2C891&ssl=1&resize=350%2C200","width":350,"height":200,"srcset":"https:\/\/i0.wp.com\/noticiasribeiraopreto.com.br\/wp-content\/uploads\/2026\/07\/image-31.png?fit=984%2C891&ssl=1&resize=350%2C200 1x, https:\/\/i0.wp.com\/noticiasribeiraopreto.com.br\/wp-content\/uploads\/2026\/07\/image-31.png?fit=984%2C891&ssl=1&resize=525%2C300 1.5x, https:\/\/i0.wp.com\/noticiasribeiraopreto.com.br\/wp-content\/uploads\/2026\/07\/image-31.png?fit=984%2C891&ssl=1&resize=700%2C400 2x"},"classes":[]},{"id":77204,"url":"https:\/\/noticiasribeiraopreto.com.br\/index.php\/2025\/09\/13\/comercial-vence-o-sao-jose-e-confirma-vaga-nas-semifinais-da-copa-paulista\/","url_meta":{"origin":90850,"position":5},"title":"Comercial vence o S\u00e3o Jos\u00e9 e confirma vaga nas semifinais da Copa Paulista","author":"noticiasribeiraopreto.com.br","date":"13 de September de 2025","format":false,"excerpt":"O Comercial avan\u00e7ou \u00e0s semifinais da Copa Paulista ao vencer o S\u00e3o Jos\u00e9 por 1 a 0 neste s\u00e1bado (13), em S\u00e3o Jos\u00e9 dos Campos. Com 2 a 0 no placar agregado, o Bafo confirmou a classifica\u00e7\u00e3o. O gol do Comercial saiu aos 30 minutos do segundo tempo. Carlos Baj\u00e9\u2026","rel":"","context":"In &quot;Not\u00edcias de Ribeir\u00e3o Preto-SP e Regi\u00e3o&quot;","block_context":{"text":"Not\u00edcias de Ribeir\u00e3o Preto-SP e Regi\u00e3o","link":"https:\/\/noticiasribeiraopreto.com.br\/index.php\/category\/noticias-de-ribeirao-preto-sp-e-regiao-ismael-colosi\/"},"img":{"alt_text":"","src":"https:\/\/i0.wp.com\/noticiasribeiraopreto.com.br\/wp-content\/uploads\/2025\/09\/Imagem-do-WhatsApp-de-2025-09-13-as-18.01.48_f23359ef_2025-09-13_21-03-08.webp.webp?fit=1200%2C800&ssl=1&resize=350%2C200","width":350,"height":200,"srcset":"https:\/\/i0.wp.com\/noticiasribeiraopreto.com.br\/wp-content\/uploads\/2025\/09\/Imagem-do-WhatsApp-de-2025-09-13-as-18.01.48_f23359ef_2025-09-13_21-03-08.webp.webp?fit=1200%2C800&ssl=1&resize=350%2C200 1x, https:\/\/i0.wp.com\/noticiasribeiraopreto.com.br\/wp-content\/uploads\/2025\/09\/Imagem-do-WhatsApp-de-2025-09-13-as-18.01.48_f23359ef_2025-09-13_21-03-08.webp.webp?fit=1200%2C800&ssl=1&resize=525%2C300 1.5x, https:\/\/i0.wp.com\/noticiasribeiraopreto.com.br\/wp-content\/uploads\/2025\/09\/Imagem-do-WhatsApp-de-2025-09-13-as-18.01.48_f23359ef_2025-09-13_21-03-08.webp.webp?fit=1200%2C800&ssl=1&resize=700%2C400 2x, https:\/\/i0.wp.com\/noticiasribeiraopreto.com.br\/wp-content\/uploads\/2025\/09\/Imagem-do-WhatsApp-de-2025-09-13-as-18.01.48_f23359ef_2025-09-13_21-03-08.webp.webp?fit=1200%2C800&ssl=1&resize=1050%2C600 3x"},"classes":[]}],"jetpack_sharing_enabled":true,"jetpack_shortlink":"https:\/\/wp.me\/peQAOb-nDk","jetpack_featured_media_url":"https:\/\/i0.wp.com\/noticiasribeiraopreto.com.br\/wp-content\/uploads\/2026\/08\/comercial-sao-bernardo-ec.jpeg?fit=1536%2C864&ssl=1","_links":{"self":[{"href":"https:\/\/noticiasribeiraopreto.com.br\/index.php\/wp-json\/wp\/v2\/posts\/90850","targetHints":{"allow":["GET"]}}],"collection":[{"href":"https:\/\/noticiasribeiraopreto.com.br\/index.php\/wp-json\/wp\/v2\/posts"}],"about":[{"href":"https:\/\/noticiasribeiraopreto.com.br\/index.php\/wp-json\/wp\/v2\/types\/post"}],"author":[{"embeddable":true,"href":"https:\/\/noticiasribeiraopreto.com.br\/index.php\/wp-json\/wp\/v2\/users\/1"}],"replies":[{"embeddable":true,"href":"https:\/\/noticiasribeiraopreto.com.br\/index.php\/wp-json\/wp\/v2\/comments?post=90850"}],"version-history":[{"count":0,"href":"https:\/\/noticiasribeiraopreto.com.br\/index.php\/wp-json\/wp\/v2\/posts\/90850\/revisions"}],"wp:featuredmedia":[{"embeddable":true,"href":"https:\/\/noticiasribeiraopreto.com.br\/index.php\/wp-json\/wp\/v2\/media\/90851"}],"wp:attachment":[{"href":"https:\/\/noticiasribeiraopreto.com.br\/index.php\/wp-json\/wp\/v2\/media?parent=90850"}],"wp:term":[{"taxonomy":"category","embeddable":true,"href":"https:\/\/noticiasribeiraopreto.com.br\/index.php\/wp-json\/wp\/v2\/categories?post=90850"},{"taxonomy":"post_tag","embeddable":true,"href":"https:\/\/noticiasribeiraopreto.com.br\/index.php\/wp-json\/wp\/v2\/tags?post=90850"}],"curies":[{"name":"wp","href":"https:\/\/api.w.org\/{rel}","templated":true}]}}