{"id":90854,"date":"2026-09-01T05:22:55","date_gmt":"2026-09-01T08:22:55","guid":{"rendered":"https:\/\/noticiasribeiraopreto.com.br\/index.php\/2026\/09\/01\/monja-coen-e-a-dupla-caju-e-castanha-sao-os-destaques-da-programacao-de-terca-da-feira-do-livro-de-ribeirao-preto\/"},"modified":"2026-09-01T05:22:55","modified_gmt":"2026-09-01T08:22:55","slug":"monja-coen-e-a-dupla-caju-e-castanha-sao-os-destaques-da-programacao-de-terca-da-feira-do-livro-de-ribeirao-preto","status":"publish","type":"post","link":"https:\/\/noticiasribeiraopreto.com.br\/index.php\/2026\/09\/01\/monja-coen-e-a-dupla-caju-e-castanha-sao-os-destaques-da-programacao-de-terca-da-feira-do-livro-de-ribeirao-preto\/","title":{"rendered":"Monja Coen e a dupla Caju e Castanha s\u00e3o os destaques da programa\u00e7\u00e3o de ter\u00e7a da Feira do Livro de Ribeir\u00e3o Preto"},"content":{"rendered":"<div class='code-block code-block-1' style='margin: 8px 0 8px auto; text-align: right; display: block; clear: both;'>\n<p><a href=\"https:\/\/wa.link\/vpicfd\"><img data-recalc-dims=\"1\" class=\"wp-image-4922\" style=\"aspect-ratio: 2.0253164556962027; width: 561px; height: auto;\" src=\"https:\/\/i0.wp.com\/ismaelcolosi.com.br\/wp-content\/uploads\/2023\/11\/grupo-de-empregos-whatsapp-e-facebook-ismael-colosi-vagas.jpg?ssl=1\" alt=\"\" \/><\/a><\/p>\n<!-- \/wp:image -->\n<\/div>\n<p> <br \/>\n<\/p>\n<p>A <strong>programa\u00e7\u00e3o <\/strong>oficial desta <strong>ter\u00e7a-feira (1\u00ba de setembro)<\/strong> da <strong>25\u00aa FIL (Feira Internacional do Livro) de Ribeir\u00e3o Preto<\/strong>\u00a0conta com a <strong>dupla Caju e Castanha<\/strong> e a <strong>Monja Coen <\/strong>al\u00e9m de atividades gratuitas voltadas para todas as idades.<\/p>\n<p>A FIL re\u00fane nomes da literatura, palestras, oficinas culturais e conta\u00e7\u00f5es de hist\u00f3rias e busca espalhar arte e reflex\u00e3o por locais como a <mark class=\"has-inline-color\">Pra\u00e7a XV de Novembro, o Theatro Pedro II e a Biblioteca Sinh\u00e1 Junqueira<\/mark>.<\/p>\n<figure class=\"wp-block-image size-large\"><figcaption class=\"wp-element-caption\">Monja Coen e a dupla Caju e Castanha \u2013 Cr\u00e9ditos: @flowpdc e @aparecidasertanejaoficial<\/figcaption><\/figure>\n<p class=\"has-very-light-gray-to-cyan-bluish-gray-gradient-background has-background\"><em>Receba not\u00edcias do\u00a0<strong>acidade on Ribeir\u00e3o\u00a0<\/strong>no WhatsApp e fique por dentro de tudo! Basta acessar o link<a href=\"https:\/\/chat.whatsapp.com\/DfXwcjKVIddHUT3BvnQuPZ?mode=hqctshi\" target=\"_blank\" rel=\"noreferrer noopener\">\u00a0aqui<\/a>!<\/em> <\/p>\n<h2 class=\"wp-block-heading\"><strong>Confira a programa\u00e7\u00e3o desta ter\u00e7a (1\u00ba)<\/strong><\/h2>\n<p><strong>8H \u2022<\/strong> Oficina \u2022 Fanzine<br \/>Com: Jo\u00e3o Francisco Aguiar<br \/>Descri\u00e7\u00e3o: A oficina re\u00fane grupos participantes do projeto, cada um representando uma gera\u00e7\u00e3o. A partir de pesquisas, refer\u00eancias liter\u00e1rias e produ\u00e7\u00f5es em fanzines, os participantes compartilham suas cria\u00e7\u00f5es em um processo coletivo de troca e constru\u00e7\u00e3o de narrativas.<br \/>Local: Coreto Pra\u00e7a XV de Novembro \u2013 Espa\u00e7o Favela<\/p>\n<p><strong>8H30 \u2022<\/strong> Interven\u00e7\u00e3o \u2022 Servi\u00e7o de Inspe\u00e7\u00e3o Municipal<br \/>Descri\u00e7\u00e3o: Realizada pela Secretaria Municipal de Meio Ambiente, Agricultura e Sustentabilidade (Semas), a atividade apresenta o trabalho do Servi\u00e7o de Inspe\u00e7\u00e3o Municipal (SIM), destacando suas a\u00e7\u00f5es de fiscaliza\u00e7\u00e3o e orienta\u00e7\u00e3o voltadas \u00e0 qualidade e \u00e0 seguran\u00e7a dos produtos de origem animal.<br \/>Local: Pra\u00e7a XV de Novembro \u2013 Estande Prefeitura Municipal de Ribeir\u00e3o Preto<\/p>\n<p><strong>9H \u2022 <\/strong>Oficina \u2022 Blend de \u00f3leos essenciais<br \/>Descri\u00e7\u00e3o: Aromas que despertam mem\u00f3rias, sensa\u00e7\u00f5es e bem-estar guiam esta atividade, que apresenta os benef\u00edcios e usos dos \u00f3leos essenciais a partir da explora\u00e7\u00e3o de diferentes fragr\u00e2ncias. Cada participante \u00e9 convidado a experimentar combina\u00e7\u00f5es e criar seu pr\u00f3prio \u00f3leo personalizado.<br \/>Local: Pra\u00e7a XV de Novembro \u2013 Espa\u00e7o Oficinas Sesc Senac<\/p>\n<p><strong>9H \u2022<\/strong> Detetives da \u00c1gua: quem est\u00e1 poluindo os rios sem perceber?<br \/>Com: Maria Carolina Gameiro<br \/>Descri\u00e7\u00e3o: A palestra convida crian\u00e7as e adolescentes a investigarem as causas da polui\u00e7\u00e3o dos rios e a refletirem sobre os impactos das a\u00e7\u00f5es cotidianas no meio ambiente. A proposta estimula a curiosidade cient\u00edfica e a conscientiza\u00e7\u00e3o ambiental.<br \/>Local: Esplanada Theatro Pedro II \u2013 Ambient de Leitura<\/p>\n<p><strong>9H \u2022 <\/strong>Oficina \u2022 A nova literatura infantil<br \/>Com: Patih Borges (ONG Arco-\u00cdris)<br \/>Descri\u00e7\u00e3o: Media\u00e7\u00e3o de leitura com livros infantis que valorizam a diversidade de personagens, culturas e narrativas. A partir da leitura compartilhada, as crian\u00e7as s\u00e3o convidadas a observar cen\u00e1rios, personagens e elementos das hist\u00f3rias de forma l\u00fadica, estimulando a imagina\u00e7\u00e3o, a escuta e a cria\u00e7\u00e3o de novas narrativas.<br \/>Local: Pra\u00e7a XV de Novembro \u2013 Usina do Saber<\/p>\n<p><strong>9H \u2022<\/strong> Palestra \u2022 Gest\u00e3o financeira: de iniciantes a grandes empreendedores<br \/>Com: Alessandra Caparelli<br \/>Descri\u00e7\u00e3o: Realizada pela Acirp Empreender, a atividade aborda quest\u00f5es centrais para quem est\u00e1 iniciando ou pretende iniciar um neg\u00f3cio pr\u00f3prio, a partir de entendimentos sobre o que \u00e9 grande e o que \u00e9 pequeno, o campo mental na orquestra\u00e7\u00e3o dos neg\u00f3cios, o mundo dos direitos nos neg\u00f3cios e a import\u00e2ncia de miss\u00e3o, vis\u00e3o e valores.<br \/>Local: Centro Cultural Palace \u2013 Aud\u00edt\u00f3irio Pedro Paulo<\/p>\n<p><strong>9H40 \u2022<\/strong> Oficina \u2022 Blend de \u00f3leos essenciais<br \/>Local: Pra\u00e7a XV de Novembro \u2013 Espa\u00e7o Oficinas Sesc Senac<\/p>\n<p><strong>10H \u2022<\/strong> Bate-papo \u2022 Jovem Aprendiz<br \/>Descri\u00e7\u00e3o: Realizada pela Secretaria Municipal de Assist\u00eancia Social, a conversa apresenta os crit\u00e9rios, m\u00e9todos e procedimentos para a inser\u00e7\u00e3o de jovens no programa de aprendizagem. O encontro tamb\u00e9m aborda o papel da forma\u00e7\u00e3o profissional e das oportunidades de inser\u00e7\u00e3o no mundo do trabalho.<br \/>Local: Pra\u00e7a XV de Novembro \u2013 Estande Prefeitura Municipal de Ribeir\u00e3o Preto<\/p>\n<p><strong>10H \u2022<\/strong> Bate-papo \u2022 Debaixo da mesma panela, as diferen\u00e7as se encontram<br \/>Com: Ann Sullivan do Brasil<br \/>Descri\u00e7\u00e3o: Roda de conversa e exposi\u00e7\u00e3o fotogr\u00e1fica comp\u00f5em a din\u00e2mica desta atividade, que tem como objetivo desmistificar padr\u00f5es de comportamento e promover a inclus\u00e3o no ambiente escolar. A a\u00e7\u00e3o inclui ainda uma exposi\u00e7\u00e3o interativa inspirada na obra do cartunista Ziraldo, relacionando as caracter\u00edsticas de seus personagens \u00e0 diversidade presente nas salas de aula.<br \/>Local: Biblioteca Sinh\u00e1 Junqueira \u2013 Quintal<\/p>\n<p><strong>10H \u2022 <\/strong>Conta\u00e7\u00e3o de hist\u00f3ria \u2022 O Kamishibai vai come\u00e7ar<br \/>Com: Cia. Koi<br \/>Descri\u00e7\u00e3o: Inspirada no Kamishibai, tradi\u00e7\u00e3o japonesa de contar hist\u00f3rias por meio de ilustra\u00e7\u00f5es, a atividade traz um di\u00e1logo entre teatro e m\u00fasica e convida o p\u00fablico a conhecer narrativas do Jap\u00e3o, que abordam a rela\u00e7\u00e3o entre vida e natureza. Quando o Kamishibai chega de viagem, \u00e9 hora de se encantar com hist\u00f3rias que atravessam o tempo e trazem aprendizados a partir da cultura da terra do sol nascente.<br \/>Local: Esplanada Theatro Pedro II \u2013 Tenda Sesc Senac<\/p>\n<p><strong>10H \u2022<\/strong> Palestra \u2022 No caminho da for\u00e7a: juventude, identidade e transforma\u00e7\u00e3o<br \/>Com: Al\u00ea Balbo<br \/>Descri\u00e7\u00e3o: A palestra prop\u00f5e uma experi\u00eancia que integra literatura, ilustra\u00e7\u00e3o, m\u00fasica e autoconhecimento, a partir do universo do livro No caminho da for\u00e7a, de autoria de Al\u00ea Balbo. O encontro convida o p\u00fablico a refletir sobre identidade, escolhas, pertencimento e os desafios das transforma\u00e7\u00f5es vividas na juventude.<br \/>Local: Biblioteca Sinh\u00e1 Junqueira \u2013 Audit\u00f3rio<\/p>\n<p><strong>10H15 \u2022<\/strong> Conta\u00e7\u00e3o de hist\u00f3rias \u2022 Cole\u00e7\u00e3o Financinhas<br \/>Com: Sicoob Cooperac<br \/>Descri\u00e7\u00e3o: A partir das hist\u00f3rias da Cole\u00e7\u00e3o Financinhas, do Instituto Sicoob, a atividade aborda temas como sonhos, escolhas, coopera\u00e7\u00e3o, consumo consciente e planejamento, incentivando as crian\u00e7as a refletirem sobre sua rela\u00e7\u00e3o com o dinheiro e com a comunidade onde vivem. De forma l\u00fadica e interativa, a experi\u00eancia une literatura, educa\u00e7\u00e3o financeira e cidadania.<br \/>Local: Pra\u00e7a XV de Novembro \u2013 Usina do Saber<\/p>\n<p><strong>10H20 \u2022<\/strong> Oficina \u2022 Blend de \u00f3leos essenciais<br \/>Local: Pra\u00e7a XV de Novembro \u2013 Espa\u00e7o Oficinas Sesc Senac<\/p>\n<p><strong>10H30 \u2022 <\/strong>Bate-papo \u2022 Pol\u00edcia Militar e Comunidade: Seguran\u00e7a no Mundo Digital e na Vida Real<br \/>Com: Cabo PM Paulo Rog\u00e9rio Cardoso e Soldado PM Loren Garcia Ferreira<br \/>Descri\u00e7\u00e3o: O encontro orienta crian\u00e7as e adolescentes sobre seguran\u00e7a, cidadania e conviv\u00eancia social, abordando temas como crimes no ambiente digital, uso respons\u00e1vel das redes sociais, cyberbullying, bullying, respeito \u00e0s pessoas e ao patrim\u00f4nio p\u00fablico e privado. Promovida pela Pol\u00edcia Militar, a atividade busca estimular a reflex\u00e3o sobre as consequ\u00eancias das atitudes no mundo virtual e presencial, fortalecendo a cultura de paz, o respeito e a responsabilidade.<br \/>Local: Esplanada Theatro Pedro II \u2013 Ambient de Leitura<\/p>\n<p><strong>10H30 \u2022<\/strong> Interven\u00e7\u00e3o \u2022 Previs\u00f5es po\u00e9ticas<br \/>Com: Thayame Porto<br \/>Descri\u00e7\u00e3o: A proposta brinca com um tar\u00f4 inspirado em escritoras brasileiras, no qual cada carta revela uma poesia ligada ao momento de vida de quem a retira. A experi\u00eancia traz arqu\u00e9tipos simb\u00f3licos representados por autoras como Concei\u00e7\u00e3o Evaristo (sabedoria), M\u00e1rcia Kambeba (guardi\u00e3) e Ryane Le\u00e3o (aventureira), entre outras vozes da literatura contempor\u00e2nea.<br \/>Local: Esplanada Theatro Pedro II \u2013 Tenda Sesc Senac<\/p>\n<p><strong>11H \u2022<\/strong> Oficina de jogos<br \/>Descri\u00e7\u00e3o: Aberta a p\u00fablicos de todas as idades, a oficina tem a criatividade e a intera\u00e7\u00e3o como protagonistas. O objetivo \u00e9 estimular a conviv\u00eancia, o aprendizado e a imagina\u00e7\u00e3o de crian\u00e7as, jovens e adultos, em um convite para relaxar, descobrir novas formas de brincar e reencontrar o esp\u00edrito l\u00fadico que aproxima as pessoas.<br \/>Local: Pra\u00e7a XV de Novembro \u2013 Espa\u00e7o Oficinas Sesc Senac<\/p>\n<p><strong>12H \u2022<\/strong> Sarau \u2022 Slam de surdes<br \/>Com: Coletivo de poetas e ativistas surdes, negros, PCD, feministas, LGBTQIAPN+<br \/>Descri\u00e7\u00e3o: As rimas de textos autorais, dan\u00e7as e performances que caracterizam as batalhas de poesia falada ganham uma novidade nesta edi\u00e7\u00e3o da FIL, com participa\u00e7\u00e3o de grupos formados por pessoas surdas. Realizado em portugu\u00eas e Libras, o encontro transforma o corpo e os sinais em instrumentos de voz, express\u00e3o art\u00edstica e resist\u00eancia social, aproximando surdos e ouvintes no palco e na plateia.<br \/>Local: Esplanada Theatro Pedro II \u2013 Tenda Sesc Senac<\/p>\n<p><strong>13H30 \u2022<\/strong> Mostra cultural \u2022 Versos que dan\u00e7am, hist\u00f3rias que cantam<br \/>Com: Instituto do Livro de Ribeir\u00e3o Preto<br \/>Descri\u00e7\u00e3o: Apresenta\u00e7\u00e3o dos trabalhos da Mostra das Oficinas 2026 em duas linguagens: Da poesia ao rap, realizada na Casa das Mangueiras, e Ballet narrativo, desenvolvido no Centro Cultural Campos El\u00edseos. A apresenta\u00e7\u00e3o valoriza o talento dos participantes e destaca a literatura, a m\u00fasica, a narrativa e a dan\u00e7a como ferramentas de transforma\u00e7\u00e3o cultural e social.<br \/>Local: Theatro Pedro II \u2013 Audit\u00f3rio Meira Junior<\/p>\n<p><strong>13H30 \u2022<\/strong> Bate-papo \u2022 Profiss\u00f5es do SUS: cuidar das pessoas tamb\u00e9m \u00e9 uma profiss\u00e3o<br \/>Descri\u00e7\u00e3o: Realizada pela Secretaria Municipal da Sa\u00fade e Subsecretaria Municipal de Planejamento, a conversa apresenta diferentes profiss\u00f5es que comp\u00f5em o Sistema \u00danico de Sa\u00fade (SUS), destacando o trabalho de cuidado com as pessoas e a import\u00e2ncia das equipes multiprofissionais na rede p\u00fablica.<br \/>Local: Pra\u00e7a XV de Novembro \u2013 Estande Prefeitura Municipal de Ribeir\u00e3o Preto<\/p>\n<p><strong>14H \u2022 <\/strong>Palco Livre<br \/>Com: Tiago Spoken<br \/>Descri\u00e7\u00e3o: Viv\u00eancia art\u00edstica e liter\u00e1ria inspirada no tema da 25\u00aa FIL, que transforma a palavra em espa\u00e7o de encontro e experimenta\u00e7\u00e3o. A proposta re\u00fane leituras, improvisos, poesias, rimas e freestyle, conectando literatura, oralidade e experi\u00eancias do cotidiano. Tiago Spoken conduz momentos de intera\u00e7\u00e3o com o p\u00fablico, estimulando o protagonismo, a cria\u00e7\u00e3o e a constru\u00e7\u00e3o de narrativas pr\u00f3prias.<br \/>Local: Coreto Pra\u00e7a XV de Novembro \u2013 Espa\u00e7o Favela<\/p>\n<p><strong>14H \u2022 <\/strong>Bate-papo \u2022 Debaixo da mesma panela, as diferen\u00e7as se encontram<br \/>Com: Ann Sullivan do Brasil<br \/>Local: Biblioteca Sinh\u00e1 Junqueira \u2013 Quintal<\/p>\n<p><strong>14H \u2022<\/strong> Conta\u00e7\u00e3o de Hist\u00f3ria \u2022 Bia N\u00e3o Quer Dormir<br \/>Com: G.U.T.E. (Grupo Urutau de Teatro Experimental)<br \/>Descri\u00e7\u00e3o: Inspirada na obra de Thalita Rebou\u00e7as, a atividade apresenta a divertida hist\u00f3ria de uma menina apaixonada por princesas que descobre que a vida nos contos de fadas nem sempre \u00e9 como parece.<br \/>Local: Esplanada Theatro Pedro II \u2013 Ambient de Leitura<\/p>\n<p><strong>14H \u2022<\/strong> Conta\u00e7\u00e3o de hist\u00f3ria \u2022 O Kamishibai vai come\u00e7ar<br \/>Com: Cia. Koi<br \/>Local: Esplanada Theatro Pedro II \u2013 Tenda Sesc Senac<\/p>\n<p><strong>14H \u2022<\/strong> Oficina \u2022 Fa\u00e7a seu pr\u00f3prio body splash<br \/>Descri\u00e7\u00e3o: Entre teoria e pr\u00e1tica, a oficina come\u00e7a com uma introdu\u00e7\u00e3o sobre a pele, suas fun\u00e7\u00f5es e os cuidados essenciais no dia a dia. Em seguida, os participantes acompanham o processo de formula\u00e7\u00e3o de um body splash, conhecendo seus principais componentes e as boas pr\u00e1ticas laboratoriais, at\u00e9 chegar \u00e0 cria\u00e7\u00e3o da pr\u00f3pria fragr\u00e2ncia.<br \/>Local: Pra\u00e7a XV de Novembro \u2013 Espa\u00e7o Oficinas Sesc Senac<\/p>\n<p><strong>14H \u2022<\/strong> Oficina \u2022 Forma\u00e7\u00e3o para agentes de leitura<br \/>Com: Observat\u00f3rio do Livro e Leitura<br \/>Descri\u00e7\u00e3o: Mobilizando a leitura liter\u00e1ria como pr\u00e1tica de transforma\u00e7\u00e3o cultural e social, esta atividade apresenta ferramentas para o est\u00edmulo do h\u00e1bito de leitura em bibliotecas, escolas e comunidades. Aberta a participantes de todas as idades.<br \/>Local: Centro Cultural Palace \u2013 Audit\u00f3rio Pedro Paulo<\/p>\n<p><strong>14H \u2022<\/strong> Visita mediada \u2022 Biblioteca Sinh\u00e1 Junqueira<br \/>Descri\u00e7\u00e3o: A a\u00e7\u00e3o convida o p\u00fablico a conhecer a hist\u00f3ria e os espa\u00e7os da mais tradicional biblioteca de Ribeir\u00e3o Preto. O roteiro apresenta ambientes, acontecimentos e personagens ligados a Theolina Junqueira, antiga propriet\u00e1ria da casa que se tornou um importante patrim\u00f4nio hist\u00f3rico e cultural da cidade.<br \/>Local: Biblioteca Sinh\u00e1 Junqueira<br \/><strong><br \/>14H30 \u2022 <\/strong>Apresenta\u00e7\u00e3o musical \u2022 Projeto Musical Casa das Mangueiras<br \/>Descri\u00e7\u00e3o: A apresenta\u00e7\u00e3o traz um repert\u00f3rio constru\u00eddo coletivamente, destacando a express\u00e3o art\u00edstica e o trabalho desenvolvido com os participantes. A realiza\u00e7\u00e3o \u00e9 da Secretaria Municipal da Cidadania, Pessoa com Defici\u00eancia e Inclus\u00e3o Social.<br \/>Local: Pra\u00e7a XV de Novembro \u2013 Estande Prefeitura Municipal de Ribeir\u00e3o Preto<\/p>\n<p><strong>14H30 \u2022<\/strong> Oficina \u2022 A nova literatura infantil<br \/>Com: Patih Borges (ONG Arco-\u00cdris)<br \/>Local: Pra\u00e7a XV de Novembro \u2013 Usina do Saber<\/p>\n<p><strong>14H40 \u2022<\/strong> Oficina \u2022 Fa\u00e7a seu pr\u00f3prio body splash<br \/>Local: Pra\u00e7a XV de Novembro \u2013 Espa\u00e7o Oficinas Sesc Senac<\/p>\n<p><strong>14H45 \u2022 <\/strong>Conta\u00e7\u00e3o de hist\u00f3rias \u2022 Cole\u00e7\u00e3o Financinhas<br \/>Com: Sicoob Cooperac<br \/>Local: Pra\u00e7a XV de Novembro \u2013 Usina do Saber<\/p>\n<p><strong>15H \u2022<\/strong> Bate-papo \u2022 Outros olhares para a literatura<br \/>Com: Ana Rocha e Carolina Freitas<br \/>Descri\u00e7\u00e3o: Um bate-papo sobre as m\u00faltiplas formas de encontro com a literatura na contemporaneidade. A partir de quest\u00f5es como leitura em \u00e1udio, adapta\u00e7\u00f5es em quadrinhos e o papel de podcasts, redes sociais e novas plataformas, o debate explora como diferentes linguagens e suportes ampliam o acesso \u00e0s narrativas e renovam a experi\u00eancia da leitura.<br \/>Local: Biblioteca Sinh\u00e1 Junqueira \u2013 Audit\u00f3rio<\/p>\n<p><strong>15H \u2022<\/strong> Interven\u00e7\u00e3o \u2022 Previs\u00f5es po\u00e9ticas<br \/>Com: Thayame Porto<br \/>Local: Esplanada Theatro Pedro II<\/p>\n<p><strong>15H30 \u2022 <\/strong>Bate-papo \u2022 Mulheres em a\u00e7\u00e3o: como fortalecer a pr\u00f3pria voz, ocupar espa\u00e7os e transformar<br \/>Com: Michelle Silva<br \/>Descri\u00e7\u00e3o: Jornalista, especialista em lideran\u00e7a feminina e estrategista de comunica\u00e7\u00e3o corporativa, Michelle Silva \u00e9 docente no Senac Lapa (SP) e idealizadora do Mulheres no Audiovisual, projeto voltado ao fortalecimento da presen\u00e7a feminina no setor de comunica\u00e7\u00e3o e m\u00eddia. Com abordagem inspiradora, pr\u00e1tica e sens\u00edvel, esta atividade destaca que, mais que produzir, estar em a\u00e7\u00e3o \u00e9 reconhecer a pr\u00f3pria voz, fazer escolhas conscientes e ocupar espa\u00e7os com presen\u00e7a, autenticidade e prop\u00f3sito.<br \/>Local: Esplanada Theatro Pedro II \u2013 Tenda Sesc Senac<\/p>\n<p><strong>15H30 \u2022 <\/strong>Oficina de jogos<br \/>Local: Pra\u00e7a XV de Novembro \u2013 Espa\u00e7o Oficinas Sesc Senac<\/p>\n<p><strong>15H30 \u2022<\/strong> Bate-papo \u2022 Nunca \u00e9 tarde para recome\u00e7ar: relatos de estudantes imigrantes da EJA<br \/>Descri\u00e7\u00e3o: Realizada pela Secretaria Municipal de Educa\u00e7\u00e3o, a atividade abre espa\u00e7o para depoimentos e testemunhos de pessoas que recome\u00e7aram a vida a partir da retomada dos estudos na Educa\u00e7\u00e3o de Jovens e Adultos (EJA).<br \/>Local: Pra\u00e7a XV de Novembro \u2013 Estande Prefeitura Municipal de Ribeir\u00e3o Preto<\/p>\n<p><strong>15H30 \u2022 <\/strong>Bate-papo \u2022 Pol\u00edcia Militar e Comunidade: Seguran\u00e7a no Mundo Digital e na Vida Real<br \/>Com: Cabo PM Paulo Rog\u00e9rio Cardoso e Soldado PM Loren Garcia Ferreira<br \/>Local: Esplanada Theatro Pedro II \u2013 Ambient de Leitura<\/p>\n<p><strong>16H \u2022<\/strong> Interven\u00e7\u00e3o \u2022 Dr. C\u00e3o Paix\u00e3o<br \/>Descri\u00e7\u00e3o: Os adestradores da ONG conversam com o p\u00fablico sobre o trabalho realizado por c\u00e3es terapeutas que auxiliam na intera\u00e7\u00e3o social e coordena\u00e7\u00e3o motora de pessoas com defici\u00eancia.<br \/>Local: Pra\u00e7a XV de Novembro \u2013 Usina do Saber<\/p>\n<p><strong>16H \u2022 <\/strong>Encontr\u00e3o \u2022 Clubes de leitura<br \/>Descri\u00e7\u00e3o: O sarau re\u00fane participantes dos Clubes de Leitura 6.0, 2.0, Clubes de Leitura nas Ruas, Ler \u00e9 Poder e Tomates Verdes Fritos, mantidos pela Funda\u00e7\u00e3o Observat\u00f3rio do Livro. A programa\u00e7\u00e3o promove troca de viv\u00eancias liter\u00e1rias e celebra\u00e7\u00e3o da leitura como pr\u00e1tica coletiva.<br \/>Local: Biblioteca Sinh\u00e1 Junqueira \u2013 Casar\u00e3o<\/p>\n<p><strong>17H \u2022<\/strong> Bate-papo \u2022 Educa\u00e7\u00e3o midi\u00e1tica na pr\u00e1tica<br \/>Com: Janu\u00e1ria Cristina Alves (Media\u00e7\u00e3o de P\u00e9tria Chaves)<br \/>Descri\u00e7\u00e3o: A urg\u00eancia e as potencialidades da educa\u00e7\u00e3o midi\u00e1tica norteiam esta roda de conversa. Diante do excesso de informa\u00e7\u00f5es a que toda popula\u00e7\u00e3o \u00e9 exposta, pesquisadores e especialistas apontam a educa\u00e7\u00e3o midi\u00e1tica como instrumento eficaz de combate \u00e0 desinforma\u00e7\u00e3o e ao excesso de informa\u00e7\u00f5es n\u00e3o qualificadas. Janu\u00e1ria \u00e9 jornalista, escritora e mestre em Comunica\u00e7\u00e3o Social, e P\u00e9tria Chaves \u00e9 escritora e jornalista atuante na r\u00e1dio CBN.<br \/>Local: Esplanada Theatro Pedro II \u2013 Tenda Sesc Senac<\/p>\n<p><strong>17H \u2022<\/strong> Bate-papo e lan\u00e7amento de livro \u2022 Prote\u00e7\u00e3o integral na era digital: inf\u00e2ncia, g\u00eanero, trabalho e transforma\u00e7\u00f5es sociais<br \/>Com: Amanda Barbosa e Andr\u00e9ia Chiquini Bugalho<br \/>Descri\u00e7\u00e3o: O encontro re\u00fane as autoras do livro Prote\u00e7\u00e3o integral na era digital: inf\u00e2ncia, g\u00eanero, trabalho e transforma\u00e7\u00f5es sociais para uma conversa sobre a tem\u00e1tica da obra, o processo de produ\u00e7\u00e3o e a experi\u00eancia no universo liter\u00e1rio. Andr\u00e9ia Bugalho \u00e9 mestre e doutoranda em Direitos Coletivos e Cidadania, especialista em Direito do Trabalho e professora universit\u00e1ria. Amanda Barbosa \u00e9 mestre em Direito, professora universit\u00e1ria e ju\u00edza do Tribunal Regional do Trabalho.<br \/>Local: Biblioteca Sinh\u00e1 Junqueira \u2013 Audit\u00f3rio<\/p>\n<p><strong>17H, 17H40 e 18H20<\/strong> \u2022 Oficina \u2022 Fa\u00e7a seu pr\u00f3prio body splash<br \/>Local: Pra\u00e7a XV de Novembro \u2013 Espa\u00e7o Oficinas Sesc Senac<\/p>\n<p><strong>18H30<\/strong> Sarau <br \/>Com: Alarp<br \/>Descri\u00e7\u00e3o: Poetas e escritores da Academia de Letras e Artes de Ribeir\u00e3o Preto (Alarp) apresentam leituras e declama\u00e7\u00f5es de textos autorais e de autores cl\u00e1ssicos, em um encontro dedicado \u00e0 valoriza\u00e7\u00e3o da literatura e da palavra falada.<br \/>Local: Centro Cultural Palace \u2013 Audit\u00f3rio Pedro Paulo<\/p>\n<p><strong>18H30<\/strong> Apresenta\u00e7\u00e3o de dan\u00e7a \u2022 Rompimento<br \/>Com: PSIQU\u00ca CIA. DE DAN\u00c7A<br \/>Descri\u00e7\u00e3o: Com trabalho que integra dan\u00e7a contempor\u00e2nea, dan\u00e7as urbanas e linguagem circense com foco na sa\u00fade mental, a Psiqu\u00ea Cia. de Dan\u00e7a apresenta trecho de Luto \u2014 onde a aus\u00eancia encontra a vida, uma de suas coreografias mais elogiadas. A atividade \u00e9 realizada pela Secretaria Municipal da Cultura e Turismo.<br \/>Local Pra\u00e7a XV de Novembro \u2022 Estande Prefeitura Municipal de Ribeir\u00e3o Preto<br \/><strong><br \/>19H<\/strong> Oficina \u2022 Fotoliteratura e a narratividade das imagens t\u00e9cnicas<br \/>Com: Jonas Golfeto<br \/>Descri\u00e7\u00e3o: Tensionar as fronteiras entre as imagens t\u00e9cnicas e a palavra \u00e9 o eixo condutor desta atividade. A proposta \u00e9 promover investiga\u00e7\u00f5es po\u00e9ticas e h\u00edbridas da arte contempor\u00e2nea, especialmente sobre a linguagem visual fotogr\u00e1fica e a produ\u00e7\u00e3o textual liter\u00e1ria.<br \/>Local: Biblioteca Sinh\u00e1 Junqueira \u2022 Audit\u00f3rio<\/p>\n<p><strong>19H<\/strong> <mark class=\"has-inline-color\">Show musical<br \/>Com: Caju e Castanha<\/mark><br \/>Descri\u00e7\u00e3o: Os emboladores pernambucanos desembarcam na 25\u00aa FIL para movimentar o p\u00fablico com forr\u00f3 e emboladas \u2014 versos improvisados criados na base do pandeiro. Os irm\u00e3os, que ganharam proje\u00e7\u00e3o nacional com a arte do improviso, prometem uma apresenta\u00e7\u00e3o dan\u00e7ante e cheia de humor para animar crian\u00e7as, jovens e adultos.<br \/><mark class=\"has-inline-color\">Local:  Esplanada Theatro Pedro II \u2022 Tenda Sesc Senac<\/mark><\/p>\n<p><strong>19H \u2022<\/strong> Palestra \u2022 Sess\u00e3o Gera\u00e7\u00f5es: mem\u00f3ria, heran\u00e7a e esquecimento<br \/>Com: Nat\u00e1lia Timerman (Media\u00e7\u00e3o de Daniela Penha)<br \/>Descri\u00e7\u00e3o: A conversa prop\u00f5e uma reflex\u00e3o sobre mem\u00f3ria, heran\u00e7a e esquecimento, a partir das rela\u00e7\u00f5es entre diferentes gera\u00e7\u00f5es e dos modos como experi\u00eancias pessoais e coletivas s\u00e3o transmitidas, preservadas ou interrompidas ao longo do tempo. Nat\u00e1lia Timerman \u00e9 m\u00e9dica psiquiatra, psicoterapeuta e escritora brasileira. \u00c9 reconhecida como uma das vozes da literatura contempor\u00e2nea nacional, com uma escrita que transita entre fic\u00e7\u00e3o e n\u00e3o fic\u00e7\u00e3o, abordando temas como luto, mem\u00f3ria e vulnerabilidade humana a partir de uma perspectiva psicol\u00f3gica e sens\u00edvel.<br \/>Local: Theatro Pedro II \u2013 Audit\u00f3rio Meira Junior<\/p>\n<p><strong>19H \u2022<\/strong> Palestra \u2022 Conex\u00f5es humanas: territ\u00f3rio, pertencimento e humanidade<br \/>Descri\u00e7\u00e3o: A atividade coloca o universo das comunidades de favela no centro do debate, abordando quest\u00f5es pr\u00f3prias desse espa\u00e7o e suas interfaces com a sociedade em geral. Favela como pot\u00eancia, identidade perif\u00e9rica, desumaniza\u00e7\u00e3o de pessoas em situa\u00e7\u00e3o de vulnerabilidade, empatia, pertencimento e valoriza\u00e7\u00e3o da vida est\u00e3o entre os temas em pauta.<br \/>Local: Coreto Pra\u00e7a XV de Novembro \u2013 Espa\u00e7o Favela<\/p>\n<p><strong>19H \u2022 <\/strong>Oficina \u2022 Fa\u00e7a seu pr\u00f3prio body splash<br \/>Local: Pra\u00e7a XV de Novembro \u2013 Espa\u00e7o Oficinas Sesc Senac<\/p>\n<p><strong>19H \u2022<\/strong> Cinema e bate-papo \u2022 N\u00e3o sei viver sem palavras<br \/>Com: Ign\u00e1cio de Loyola Brand\u00e3o e Andr\u00e9 Brand\u00e3o<br \/>Descri\u00e7\u00e3o: N\u00e3o sei viver sem palavras (2025), dirigido por Andr\u00e9 Brand\u00e3o, \u00e9 um document\u00e1rio que presta homenagem \u00e0 vida e \u00e0 obra do escritor e jornalista Ign\u00e1cio de Loyola Brand\u00e3o, membro da Academia Brasileira de Letras e vencedor de cinco Pr\u00eamios Jabuti. O filme percorre obras e experi\u00eancias do autor de t\u00edtulos como Zero e N\u00e3o ver\u00e1s pa\u00eds nenhum, construindo um di\u00e1logo entre pai e filho a partir de lembran\u00e7as e inven\u00e7\u00f5es narrativas. A produ\u00e7\u00e3o foi exibida em festivais como o Festival do Rio e a Mostra Internacional de Cinema de S\u00e3o Paulo.<br \/>Local: Cineclube Cauim<\/p>\n<p><strong>19H \u2022<\/strong> Sarau art\u00edstico-liter\u00e1rio<br \/>Com: Estudantes dos cursos de Letras e Pedagogia do Centro Universit\u00e1rio Bar\u00e3o de Mau\u00e1<br \/>Descri\u00e7\u00e3o: A apresenta\u00e7\u00e3o \u00e9 presen\u00e7a constante na FIL e re\u00fane m\u00fasica e declama\u00e7\u00e3o de poesias. A proposta mescla arte, descontra\u00e7\u00e3o e reflex\u00f5es em um encontro com o p\u00fablico.<br \/>Local: Biblioteca Sinh\u00e1 Junqueira \u2013 Quintal<\/p>\n<p><strong>20H30 \u2022 <\/strong>Apresenta\u00e7\u00e3o musical \u2022 Ra\u00edzes de Santo Amaro<br \/>Com: Instituto Plural<br \/>Descri\u00e7\u00e3o: O Instituto Plural apresenta uma performance musical que celebra a arte como instrumento de express\u00e3o, conviv\u00eancia e inclus\u00e3o, reunindo repert\u00f3rio diversificado e valorizando o protagonismo de seus participantes.<br \/>Local: Esplanada Theatro Pedro II \u2013 Ambient de Leitura<\/p>\n<p><strong>20H30 \u2022 <\/strong><mark class=\"has-inline-color\">Confer\u00eancia \u2022 Ser feliz: \u00e9 poss\u00edvel?<br \/>Com: Monja Coen e Gustavo Arns<br \/><\/mark><mark class=\"has-inline-color\">Descri\u00e7\u00e3o: A partir da pergunta que d\u00e1 nome \u00e0 atividade, os palestrantes prop\u00f5em um di\u00e1logo entre ci\u00eancia e espiritualidade e uma reflex\u00e3o sobre escolhas, responsabilidades, acolhimento das emo\u00e7\u00f5es boas e ruins e a import\u00e2ncia de viver plenamente o presente. Monja Coen e Gustavo Arns, autores do livro O que \u00e9 preciso para ser feliz?, discutem como tradi\u00e7\u00f5es espirituais milenares e descobertas cient\u00edficas recentes se encontram na compreens\u00e3o do que \u00e9 uma vida feliz.<\/mark><mark class=\"has-inline-color\"><br \/>Local: Theatro Pedro II \u2013 Sala Principal<\/mark><\/p>\n<figure class=\"wp-block-gallery has-nested-images columns-default is-cropped wp-block-gallery-1 is-layout-flex wp-block-gallery-is-layout-flex\">\n<figure class=\"wp-block-image size-large\"><img data-recalc-dims=\"1\" loading=\"lazy\" decoding=\"async\" width=\"1024\" height=\"576\" data-id=\"173045\" src=\"https:\/\/i0.wp.com\/www.acidadeon.com\/ribeiraopreto\/wp-content\/uploads\/sites\/3\/2026\/08\/Foto-redes-sociais-%40aparecidasertanejaoficial-2-1024x576.jpeg?resize=1024%2C576&#038;ssl=1\" alt=\"Foto: redes sociais @aparecidasertanejaoficial\" class=\"wp-image-173045\" title=\"Monja Coen e a dupla Caju e Castanha s\u00e3o os destaques da programa\u00e7\u00e3o de ter\u00e7a da Feira do Livro de Ribeir\u00e3o Preto 2\"><figcaption class=\"wp-element-caption\">Foto: redes sociais @aparecidasertanejaoficial<\/figcaption><\/figure>\n<figure class=\"wp-block-image size-large\"><img data-recalc-dims=\"1\" loading=\"lazy\" decoding=\"async\" width=\"1024\" height=\"576\" data-id=\"173046\" src=\"https:\/\/i0.wp.com\/www.acidadeon.com\/ribeiraopreto\/wp-content\/uploads\/sites\/3\/2026\/08\/Foto-redes-sociais-%40aparecidasertanejaoficial-3-1024x576.jpeg?resize=1024%2C576&#038;ssl=1\" alt=\"Foto: redes sociais @aparecidasertanejaoficial\" class=\"wp-image-173046\" title=\"Monja Coen e a dupla Caju e Castanha s\u00e3o os destaques da programa\u00e7\u00e3o de ter\u00e7a da Feira do Livro de Ribeir\u00e3o Preto 3\"><figcaption class=\"wp-element-caption\">Foto: redes sociais @aparecidasertanejaoficial<\/figcaption><\/figure>\n<figure class=\"wp-block-image size-large\"><img data-recalc-dims=\"1\" loading=\"lazy\" decoding=\"async\" width=\"1024\" height=\"576\" data-id=\"173044\" src=\"https:\/\/i0.wp.com\/www.acidadeon.com\/ribeiraopreto\/wp-content\/uploads\/sites\/3\/2026\/08\/Credito-%40flowpdc-1024x576.jpeg?resize=1024%2C576&#038;ssl=1\" alt=\"Cr\u00e9dito @flowpdc\" class=\"wp-image-173044\" title=\"Monja Coen e a dupla Caju e Castanha s\u00e3o os destaques da programa\u00e7\u00e3o de ter\u00e7a da Feira do Livro de Ribeir\u00e3o Preto 4\"><figcaption class=\"wp-element-caption\">Cr\u00e9dito: @flowpdc<\/figcaption><\/figure>\n<figure class=\"wp-block-image size-large\"><img data-recalc-dims=\"1\" loading=\"lazy\" decoding=\"async\" width=\"1024\" height=\"576\" data-id=\"173049\" src=\"https:\/\/i0.wp.com\/www.acidadeon.com\/ribeiraopreto\/wp-content\/uploads\/sites\/3\/2026\/08\/Foto-redes-sociais-%40ogilsilva-1024x576.jpeg?resize=1024%2C576&#038;ssl=1\" alt=\"Foto redes sociais @ogilsilva\" class=\"wp-image-173049\" title=\"Monja Coen e a dupla Caju e Castanha s\u00e3o os destaques da programa\u00e7\u00e3o de ter\u00e7a da Feira do Livro de Ribeir\u00e3o Preto 5\"><figcaption class=\"wp-element-caption\">Foto: redes sociais @ogilsilva<\/figcaption><\/figure>\n<\/figure>\n<h2 class=\"wp-block-heading\"><strong>Programa\u00e7\u00e3o Permanente<\/strong><\/h2>\n<p><strong>(Todos os dias, das 8h \u00e0s 20h, exceto onde indicado o contr\u00e1rio)<\/strong><\/p>\n<p>R\u00e1dio Unaerp (Todos os dias, das 9h \u00e0s 20h): Estudantes de jornalismo realizam cobertura ao vivo com entrevistas, not\u00edcias e reportagens especiais dispon\u00edveis no Facebook, YouTube e site da Unaerp. (Local: Pra\u00e7a XV de Novembro)\u00a0<\/p>\n<p>Exposi\u00e7\u00e3o Educativa Preven\u00e7\u00e3o: escorpi\u00f5es, roedores, morcegos e dengue: Promovida pela Secretaria da Sa\u00fade para orientar o p\u00fablico sobre cuidados e medidas de preven\u00e7\u00e3o no ambiente urbano. (Local: Pra\u00e7a XV de Novembro \u2013 Estande Prefeitura Municipal de Ribeir\u00e3o Preto)\u00a0<\/p>\n<p>Usina do Saber: Ambiente de aprendizado assinado pela Usina Alta Mogiana, com oficinas voltadas a diferentes p\u00fablicos e faixas et\u00e1rias. (Local: Pra\u00e7a XV de Novembro)\u00a0<\/p>\n<p>Exposi\u00e7\u00e3o Palavras que florescem: mem\u00f3rias de afetos e resist\u00eancias (Por ONG Arco-\u00cdris, todos os dias das 9h \u00e0s 18h): Instala\u00e7\u00e3o sensorial com cartazes po\u00e9ticos, fotografias e cores sobre mem\u00f3rias, afetos e resist\u00eancias da comunidade LGBTQIAPN+. (Local: Biblioteca Sinh\u00e1 Junqueira \u2013 Quintal)\u00a0<\/p>\n<p>Exposi\u00e7\u00e3o Asteroide B-612 onde mora o essencial (Por ALARP, todos os dias das 9h \u00e0s 20h): Mostra inspirada em O Pequeno Pr\u00edncipe, explorando sentimentos e v\u00ednculos por meio de linguagem autoral. (Local: Centro Cultural Palace)\u00a0<\/p>\n<p>Painel Interativo: O que \u00e9 inclus\u00e3o para voc\u00ea?: Promovido pela Secretaria da Cidadania, Pessoa com Defici\u00eancia e Inclus\u00e3o Social, convidando o p\u00fablico a fixar post-its em um mural coletivo. (Local: Pra\u00e7a XV de Novembro \u2013 Estande Prefeitura Municipal de Ribeir\u00e3o Preto)\u00a0<\/p>\n<p>Bibliocasa: Espa\u00e7o de doa\u00e7\u00e3o de livros (exceto t\u00e9cnicas, did\u00e1ticas, apostilas e enciclop\u00e9dias) em parceria com a Necta G\u00e1s Natural. (Local: Pra\u00e7a XV de Novembro)\u00a0<\/p>\n<p>Laborat\u00f3rio de Ideias: Espa\u00e7o assinado pela Necta G\u00e1s Natural onde as Dras. Bio e Gia recebem visitantes para experi\u00eancias voltadas \u00e0 sustentabilidade e literatura. (Local: Pra\u00e7a XV de Novembro | Aberto todos os dias das 8h \u00e0s 20h, com hor\u00e1rios espec\u00edficos de segunda a sexta para agendamento escolar)\u00a0<\/p>\n<p>\u00d4nibus Livro Vivo: \u00d4nibus itinerante com acervo de mais de mil t\u00edtulos e atividades culturais para crian\u00e7as. (Local: Pra\u00e7a XV de Novembro)\u00a0<\/p>\n<p>Espa\u00e7o Mude um H\u00e1bito: Ambiente de troca de livros, descanso e leitura assinado pela Unimed Ribeir\u00e3o Preto. (Local: Pra\u00e7a XV de Novembro)\u00a0<\/p>\n<p>Atividades de racioc\u00ednio (Jogos interativos: xadrez e damas): Promovido pela Secretaria de Esportes para incentivar o racioc\u00ednio l\u00f3gico e a conviv\u00eancia. (Local: Pra\u00e7a XV de Novembro \u2013 Estande Prefeitura Municipal de Ribeir\u00e3o Preto)\u00a0<\/p>\n<p>Espa\u00e7o Autores da Casa: Estande de lan\u00e7amentos, sess\u00f5es de aut\u00f3grafos e circula\u00e7\u00e3o de escritores independentes, com comercializa\u00e7\u00e3o em parceria com a livraria A Degustadora de Hist\u00f3rias. (Local: Pra\u00e7a XV de Novembro)\u00a0<\/p>\n<p>Espa\u00e7o Autores Locais (Ribeir\u00e3o em Letras): Ponto de encontro tradicional para autores de Ribeir\u00e3o Preto com apoio de entidades liter\u00e1rias locais (CPERP, UEI, Casa do Poeta, Ordem dos Trovadores e ALARP). (Local: Centro Cultural Palace)\u00a0<\/p>\n<p>Estande da Prefeitura de Ribeir\u00e3o Preto: Espa\u00e7o dedicado \u00e0 valoriza\u00e7\u00e3o da cultura local com programa\u00e7\u00e3o di\u00e1ria de apresenta\u00e7\u00f5es art\u00edsticas. (Local: Pra\u00e7a XV de Novembro)\u00a0<\/p>\n<p>Espa\u00e7o Oficinas Sesc Senac: Oficinas variadas para todas as idades (necess\u00e1ria retirada de senha 30 minutos antes). (Local: Pra\u00e7a XV de Novembro)\u00a0<\/p>\n<p>Ambient de Leitura: Espa\u00e7o da GS Inima Ambient com conta\u00e7\u00f5es de hist\u00f3rias, apresenta\u00e7\u00f5es circenses e shows musicais. (Local: Pra\u00e7a XV de Novembro)\u00a0<\/p>\n<p>Espa\u00e7o Favela: Organizado pela CUFA-RP no Coreto, reunindo exposi\u00e7\u00f5es, debates, rodas de conversa e apresenta\u00e7\u00f5es da cultura perif\u00e9rica. (Local: Pra\u00e7a XV de Novembro)\u00a0<\/p>\n<p>Tenda Sesc Senac: Espa\u00e7o em frente ao Theatro Pedro II com lan\u00e7amentos, conta\u00e7\u00f5es de hist\u00f3ria, bate-papos, debates, apresenta\u00e7\u00f5es musicais e livraria das Edi\u00e7\u00f5es Sesc (com tradu\u00e7\u00e3o em Libras e distribui\u00e7\u00e3o de abafadores). (Local: Pra\u00e7a XV de Novembro)\u00a0<\/p>\n<p>Instala\u00e7\u00e3o M\u00e1quina do Tempo: Uma viagem pela FIL: Percurso interativo pela hist\u00f3ria dos 25 anos da feira (segunda a sexta com hor\u00e1rios espec\u00edficos para agendamento escolar). (Local: Pra\u00e7a XV de Novembro)\u00a0<\/p>\n<p>Oficina IA na pr\u00e1tica: crie personagens de obras liter\u00e1rias com intelig\u00eancia artificial (Com Funtec, dias 30 de agosto e 5 de setembro \u00e0s 18h): Atividade pr\u00e1tica de cria\u00e7\u00e3o de imagens digitais via celular. (Local: Pra\u00e7a XV de Novembro \u2013 Estande Prefeitura Municipal)\u00a0<\/p>\n<p>Feira Coisa Boa (Dias 30 de agosto e 5 de setembro, das 10h \u00e0s 20h): Ocupa\u00e7\u00e3o dedicada \u00e0 economia criativa, produ\u00e7\u00e3o independente e oficinas. (Local: Pra\u00e7a XV de Novembro)<\/p>\n<h2 class=\"wp-block-heading\"><strong>Servi\u00e7o<\/strong><\/h2>\n<p><strong>25\u00aa Feira Internacional do Livro de Ribeir\u00e3o Preto<\/strong><\/p>\n<p><strong>Onde:\u00a0<\/strong>Esplanada do Theatro Pedro II, Pra\u00e7a XV de Novembro e diversos pontos culturais de Ribeir\u00e3o Preto (SP).<br \/><strong>Quando:\u00a0<\/strong>Todos os dias at\u00e9 5 de setembro.<br \/><strong>Quanto:\u00a0<\/strong>Entrada gratuita em toda a programa\u00e7\u00e3o.<br \/><strong>Informa\u00e7\u00f5es:\u00a0<\/strong>Retirada de senhas para atividades espec\u00edficas com uma hora de anteced\u00eancia na Central de Informa\u00e7\u00f5es (Esplanada do Theatro Pedro II). Programa\u00e7\u00e3o completa e agendamento escolar no\u00a0<a href=\"https:\/\/www.fundacaodolivroeleiturarp.com\/\" target=\"_blank\" rel=\"noreferrer noopener\">site oficial da Funda\u00e7\u00e3o do Livro e Leitura de Ribeir\u00e3o Preto<\/a>.<\/p>\n<p class=\"has-very-light-gray-to-cyan-bluish-gray-gradient-background has-background\"><em>Fa\u00e7a uma den\u00fancia ou sugira uma reportagem sobre\u00a0<strong>Ribeir\u00e3o Preto\u00a0<\/strong>e regi\u00e3o por meio do WhatsApp do\u00a0<strong>acidade on Ribeir\u00e3o<\/strong>: (16) 99117-7802.<\/em><\/p>\n<p>O post Monja Coen e a dupla Caju e Castanha s\u00e3o os destaques da programa\u00e7\u00e3o de ter\u00e7a da Feira do Livro de Ribeir\u00e3o Preto apareceu primeiro em ACidade ON Ribeir\u00e3o Preto.<\/p>\n<p><br \/>\n<br \/><a href=\"https:\/\/www.acidadeon.com\/ribeiraopreto\/lazer-e-cultura\/monja-coen-e-a-dupla-caju-e-castanha-sao-os-destaques-da-programacao-de-terca-da-feira-do-livro-de-ribeirao-preto\/\">Link para o texto original aqui <\/a><\/p>\n<!-- CONTENT END 1 -->\n","protected":false},"excerpt":{"rendered":"<p>A programa\u00e7\u00e3o oficial desta ter\u00e7a-feira (1\u00ba de setembro) da 25\u00aa FIL (Feira Internacional do Livro) de Ribeir\u00e3o Preto\u00a0conta com a dupla Caju e Castanha e&#8230;<\/p>\n","protected":false},"author":1,"featured_media":90855,"comment_status":"","ping_status":"","sticky":false,"template":"","format":"standard","meta":{"advanced_seo_description":"","jetpack_seo_html_title":"","jetpack_seo_noindex":false,"jetpack_seo_schema_type":"","_jetpack_newsletter_access":"","_jetpack_dont_email_post_to_subs":false,"_jetpack_newsletter_tier_id":0,"_jetpack_memberships_contains_paywalled_content":false,"_jetpack_feature_clip_id":0,"_jetpack_memberships_contains_paid_content":false,"footnotes":"","jetpack_publicize_message":"","jetpack_publicize_feature_enabled":true,"jetpack_social_post_already_shared":true,"jetpack_social_options":{"image_generator_settings":{"template":"highway","default_image_id":0,"font":"","enabled":false},"version":2},"jetpack_post_was_ever_published":false},"categories":[11],"tags":[8842,8843,8841,6364,1140,202,508,8840,27,70,26,50,168],"class_list":["post-90854","post","type-post","status-publish","format-standard","has-post-thumbnail","hentry","category-noticias-de-ribeirao-preto-sp-e-regiao-ismael-colosi","tag-caju","tag-castanha","tag-coen","tag-destaques","tag-dupla","tag-feira","tag-livro","tag-monja","tag-preto","tag-programacao","tag-ribeirao","tag-sao","tag-terca"],"jetpack_publicize_connections":[],"jetpack-related-posts":[{"id":89559,"url":"https:\/\/noticiasribeiraopreto.com.br\/index.php\/2026\/08\/07\/feira-do-livro-anuncia-programacao-da-25a-edicao-com-mais-de-350-atividades-gratuitas-em-ribeirao\/","url_meta":{"origin":90854,"position":0},"title":"Feira do Livro anuncia programa\u00e7\u00e3o da 25\u00aa edi\u00e7\u00e3o com mais de 350 atividades gratuitas em Ribeir\u00e3o","author":"noticiasribeiraopreto.com.br","date":"7 de August de 2026","format":false,"excerpt":"O lan\u00e7amento oficial da programa\u00e7\u00e3o da 25\u00aa edi\u00e7\u00e3o da Feira Internacional do Livro (FIL) de Ribeir\u00e3o Preto aconteceu nesta quinta-feira (7), em um hotel no Centro da cidade, e reuniu autoridades, organizadores e convidados. Neste ano, o evento ter\u00e1 mais de 350 atividades gratuitas, distribu\u00eddas em 20 espa\u00e7os culturais, entre\u2026","rel":"","context":"In &quot;Not\u00edcias de Ribeir\u00e3o Preto-SP e Regi\u00e3o&quot;","block_context":{"text":"Not\u00edcias de Ribeir\u00e3o Preto-SP e Regi\u00e3o","link":"https:\/\/noticiasribeiraopreto.com.br\/index.php\/category\/noticias-de-ribeirao-preto-sp-e-regiao-ismael-colosi\/"},"img":{"alt_text":"","src":"https:\/\/i0.wp.com\/noticiasribeiraopreto.com.br\/wp-content\/uploads\/2026\/08\/feira-do-livro.jpg?fit=1200%2C675&ssl=1&resize=350%2C200","width":350,"height":200,"srcset":"https:\/\/i0.wp.com\/noticiasribeiraopreto.com.br\/wp-content\/uploads\/2026\/08\/feira-do-livro.jpg?fit=1200%2C675&ssl=1&resize=350%2C200 1x, https:\/\/i0.wp.com\/noticiasribeiraopreto.com.br\/wp-content\/uploads\/2026\/08\/feira-do-livro.jpg?fit=1200%2C675&ssl=1&resize=525%2C300 1.5x, https:\/\/i0.wp.com\/noticiasribeiraopreto.com.br\/wp-content\/uploads\/2026\/08\/feira-do-livro.jpg?fit=1200%2C675&ssl=1&resize=700%2C400 2x, https:\/\/i0.wp.com\/noticiasribeiraopreto.com.br\/wp-content\/uploads\/2026\/08\/feira-do-livro.jpg?fit=1200%2C675&ssl=1&resize=1050%2C600 3x"},"classes":[]},{"id":89373,"url":"https:\/\/noticiasribeiraopreto.com.br\/index.php\/2026\/08\/04\/programacao-da-feira-internacional-do-livro-de-ribeirao-preto-tem-data-marcada-para-ser-apresentada-veja-quando\/","url_meta":{"origin":90854,"position":1},"title":"Programa\u00e7\u00e3o da Feira Internacional do Livro de Ribeir\u00e3o Preto tem data marcada para ser apresentada; Veja quando","author":"noticiasribeiraopreto.com.br","date":"4 de August de 2026","format":false,"excerpt":"A Funda\u00e7\u00e3o do Livro e Leitura de Ribeir\u00e3o Preto apresenta a programa\u00e7\u00e3o oficial da 25\u00aa edi\u00e7\u00e3o da FIL (Feira Internacional do Livro), que tem como tema central \u201cX, Y, Z, Alpha, Beta \u2013 Gera\u00e7\u00f5es Liter\u00e1rias\u201d. O evento acontece nesta sexta-feira (7), \u00e0s 9h, no Stream Hot\u00e9is e re\u00fane imprensa, patrocinadores,\u2026","rel":"","context":"In &quot;Not\u00edcias de Ribeir\u00e3o Preto-SP e Regi\u00e3o&quot;","block_context":{"text":"Not\u00edcias de Ribeir\u00e3o Preto-SP e Regi\u00e3o","link":"https:\/\/noticiasribeiraopreto.com.br\/index.php\/category\/noticias-de-ribeirao-preto-sp-e-regiao-ismael-colosi\/"},"img":{"alt_text":"","src":"https:\/\/i0.wp.com\/noticiasribeiraopreto.com.br\/wp-content\/uploads\/2026\/08\/Lancamento-Oficial-da-Programacao-acontece-07-de-agosto-de-2026-sexta-feira-as-9h.jpeg?fit=960%2C461&ssl=1&resize=350%2C200","width":350,"height":200,"srcset":"https:\/\/i0.wp.com\/noticiasribeiraopreto.com.br\/wp-content\/uploads\/2026\/08\/Lancamento-Oficial-da-Programacao-acontece-07-de-agosto-de-2026-sexta-feira-as-9h.jpeg?fit=960%2C461&ssl=1&resize=350%2C200 1x, https:\/\/i0.wp.com\/noticiasribeiraopreto.com.br\/wp-content\/uploads\/2026\/08\/Lancamento-Oficial-da-Programacao-acontece-07-de-agosto-de-2026-sexta-feira-as-9h.jpeg?fit=960%2C461&ssl=1&resize=525%2C300 1.5x, https:\/\/i0.wp.com\/noticiasribeiraopreto.com.br\/wp-content\/uploads\/2026\/08\/Lancamento-Oficial-da-Programacao-acontece-07-de-agosto-de-2026-sexta-feira-as-9h.jpeg?fit=960%2C461&ssl=1&resize=700%2C400 2x"},"classes":[]},{"id":54274,"url":"https:\/\/noticiasribeiraopreto.com.br\/index.php\/2024\/07\/05\/confira-a-programacao-da-feira-internacional-do-livro-de-ribeirao-preto-2024\/","url_meta":{"origin":90854,"position":2},"title":"Confira a programa\u00e7\u00e3o da Feira Internacional do Livro de Ribeir\u00e3o Preto 2024","author":"noticiasribeiraopreto.com.br","date":"5 de July de 2024","format":false,"excerpt":"A 23\u00aa edi\u00e7\u00e3o da FIL (Feira Internacional do Livro de Ribeir\u00e3o Preto) come\u00e7a no pr\u00f3ximo dia 1\u00ba de agosto. O tema central deste ano \u00e9: \u201cCotidianos po\u00e9ticos: Do \u00e9pico de Cam\u00f5es \u00e0s batalhas de rua\u201d. A programa\u00e7\u00e3o completa da feira foi divulgada nesta sexta-feira (5). Nesta edi\u00e7\u00e3o, cinco autores s\u00e3o\u2026","rel":"","context":"In &quot;Not\u00edcias de Ribeir\u00e3o Preto-SP e Regi\u00e3o&quot;","block_context":{"text":"Not\u00edcias de Ribeir\u00e3o Preto-SP e Regi\u00e3o","link":"https:\/\/noticiasribeiraopreto.com.br\/index.php\/category\/noticias-de-ribeirao-preto-sp-e-regiao-ismael-colosi\/"},"img":{"alt_text":"","src":"https:\/\/i0.wp.com\/noticiasribeiraopreto.com.br\/wp-content\/uploads\/2024\/07\/WhatsApp-Image-2024-07-05-at-11.23.19_2024-07-05_15-02-58_jpeg_2024-07-05_15-02-58.webp.webp?fit=1200%2C675&ssl=1&resize=350%2C200","width":350,"height":200,"srcset":"https:\/\/i0.wp.com\/noticiasribeiraopreto.com.br\/wp-content\/uploads\/2024\/07\/WhatsApp-Image-2024-07-05-at-11.23.19_2024-07-05_15-02-58_jpeg_2024-07-05_15-02-58.webp.webp?fit=1200%2C675&ssl=1&resize=350%2C200 1x, https:\/\/i0.wp.com\/noticiasribeiraopreto.com.br\/wp-content\/uploads\/2024\/07\/WhatsApp-Image-2024-07-05-at-11.23.19_2024-07-05_15-02-58_jpeg_2024-07-05_15-02-58.webp.webp?fit=1200%2C675&ssl=1&resize=525%2C300 1.5x, https:\/\/i0.wp.com\/noticiasribeiraopreto.com.br\/wp-content\/uploads\/2024\/07\/WhatsApp-Image-2024-07-05-at-11.23.19_2024-07-05_15-02-58_jpeg_2024-07-05_15-02-58.webp.webp?fit=1200%2C675&ssl=1&resize=700%2C400 2x, https:\/\/i0.wp.com\/noticiasribeiraopreto.com.br\/wp-content\/uploads\/2024\/07\/WhatsApp-Image-2024-07-05-at-11.23.19_2024-07-05_15-02-58_jpeg_2024-07-05_15-02-58.webp.webp?fit=1200%2C675&ssl=1&resize=1050%2C600 3x"},"classes":[]},{"id":84422,"url":"https:\/\/noticiasribeiraopreto.com.br\/index.php\/2026\/04\/09\/carpaccio-de-pera-com-andrea-vitaliano\/","url_meta":{"origin":90854,"position":3},"title":"Carpaccio de Pera com Andr\u00e9a Vitaliano","author":"noticiasribeiraopreto.com.br","date":"9 de April de 2026","format":false,"excerpt":"Ler o resumo da not\u00edcia O programa Momento da Fam\u00edlia apresentou receita de Carpaccio de Pera criada por Andr\u00e9a Vitaliano. O prato combina peras fatiadas finamente com r\u00facula, castanhas-de-caju, parmes\u00e3o e molho italiano. A prepara\u00e7\u00e3o sugere disp\u00f4r as fatias de pera em formato de c\u00edrculo ou leque para apresenta\u00e7\u00e3o elegante.\u2026","rel":"","context":"In &quot;Not\u00edcias de Ribeir\u00e3o Preto-SP e Regi\u00e3o&quot;","block_context":{"text":"Not\u00edcias de Ribeir\u00e3o Preto-SP e Regi\u00e3o","link":"https:\/\/noticiasribeiraopreto.com.br\/index.php\/category\/noticias-de-ribeirao-preto-sp-e-regiao-ismael-colosi\/"},"img":{"alt_text":"","src":"https:\/\/i0.wp.com\/noticiasribeiraopreto.com.br\/wp-content\/uploads\/2026\/04\/capa-RECEITA-CARPACCIO-DE-PERA-ALTA_2026-04-09_13-11-53.webp.webp?fit=1114%2C628&ssl=1&resize=350%2C200","width":350,"height":200,"srcset":"https:\/\/i0.wp.com\/noticiasribeiraopreto.com.br\/wp-content\/uploads\/2026\/04\/capa-RECEITA-CARPACCIO-DE-PERA-ALTA_2026-04-09_13-11-53.webp.webp?fit=1114%2C628&ssl=1&resize=350%2C200 1x, https:\/\/i0.wp.com\/noticiasribeiraopreto.com.br\/wp-content\/uploads\/2026\/04\/capa-RECEITA-CARPACCIO-DE-PERA-ALTA_2026-04-09_13-11-53.webp.webp?fit=1114%2C628&ssl=1&resize=525%2C300 1.5x, https:\/\/i0.wp.com\/noticiasribeiraopreto.com.br\/wp-content\/uploads\/2026\/04\/capa-RECEITA-CARPACCIO-DE-PERA-ALTA_2026-04-09_13-11-53.webp.webp?fit=1114%2C628&ssl=1&resize=700%2C400 2x, https:\/\/i0.wp.com\/noticiasribeiraopreto.com.br\/wp-content\/uploads\/2026\/04\/capa-RECEITA-CARPACCIO-DE-PERA-ALTA_2026-04-09_13-11-53.webp.webp?fit=1114%2C628&ssl=1&resize=1050%2C600 3x"},"classes":[]},{"id":55461,"url":"https:\/\/noticiasribeiraopreto.com.br\/index.php\/2024\/08\/02\/veja-a-programacao-desta-sexta-feira-na-feira-do-livro-de-ribeirao-preto\/","url_meta":{"origin":90854,"position":4},"title":"Veja a programa\u00e7\u00e3o desta sexta-feira na Feira do Livro de Ribeir\u00e3o Preto","author":"noticiasribeiraopreto.com.br","date":"2 de August de 2024","format":false,"excerpt":"Esta sexta-feira (2), \u00e9 o segundo dia da\u00a023\u00aa Feira Internacional do Livro de Ribeir\u00e3o Preto, que segue at\u00e9 o dia 11 de agosto. A programa\u00e7\u00e3o oferece mais de\u00a0400 atividades gratuitas\u00a0no Centro de Ribeir\u00e3o Preto. \u00a0 O tema central da Feira este ano \u00e9: \u201cCotidianos po\u00e9ticos: Do \u00e9pico de Cam\u00f5es \u00e0s\u2026","rel":"","context":"In &quot;Not\u00edcias de Ribeir\u00e3o Preto-SP e Regi\u00e3o&quot;","block_context":{"text":"Not\u00edcias de Ribeir\u00e3o Preto-SP e Regi\u00e3o","link":"https:\/\/noticiasribeiraopreto.com.br\/index.php\/category\/noticias-de-ribeirao-preto-sp-e-regiao-ismael-colosi\/"},"img":{"alt_text":"","src":"https:\/\/i0.wp.com\/noticiasribeiraopreto.com.br\/wp-content\/uploads\/2024\/08\/sesc-na-FIL_2024-08-01_14-36-39_jpeg_2024-08-01_14-36-39.webp.webp?fit=1200%2C800&ssl=1&resize=350%2C200","width":350,"height":200,"srcset":"https:\/\/i0.wp.com\/noticiasribeiraopreto.com.br\/wp-content\/uploads\/2024\/08\/sesc-na-FIL_2024-08-01_14-36-39_jpeg_2024-08-01_14-36-39.webp.webp?fit=1200%2C800&ssl=1&resize=350%2C200 1x, https:\/\/i0.wp.com\/noticiasribeiraopreto.com.br\/wp-content\/uploads\/2024\/08\/sesc-na-FIL_2024-08-01_14-36-39_jpeg_2024-08-01_14-36-39.webp.webp?fit=1200%2C800&ssl=1&resize=525%2C300 1.5x, https:\/\/i0.wp.com\/noticiasribeiraopreto.com.br\/wp-content\/uploads\/2024\/08\/sesc-na-FIL_2024-08-01_14-36-39_jpeg_2024-08-01_14-36-39.webp.webp?fit=1200%2C800&ssl=1&resize=700%2C400 2x, https:\/\/i0.wp.com\/noticiasribeiraopreto.com.br\/wp-content\/uploads\/2024\/08\/sesc-na-FIL_2024-08-01_14-36-39_jpeg_2024-08-01_14-36-39.webp.webp?fit=1200%2C800&ssl=1&resize=1050%2C600 3x"},"classes":[]},{"id":75875,"url":"https:\/\/noticiasribeiraopreto.com.br\/index.php\/2025\/08\/17\/show-palestra-e-bate-papo-veja-os-destaques-da-feira-do-livro-de-ribeirao-preto-neste-domingo\/","url_meta":{"origin":90854,"position":5},"title":"Show, palestra e bate-papo: veja os destaques da Feira do Livro de Ribeir\u00e3o Preto neste domingo","author":"noticiasribeiraopreto.com.br","date":"17 de August de 2025","format":false,"excerpt":"O terceiro dia de atividades da\u00a024\u00aa Feira Internacional do Livro de Ribeir\u00e3o Preto acontece neste\u00a0domingo (16), com programa\u00e7\u00f5es a partir das\u00a09h,\u00a0totalmente gratuita, no\u00a0Centro\u00a0de\u00a0Ribeir\u00e3o Preto. A FIL segue at\u00e9 o dia 24 de agosto \u2013\u00a0clique aqui e veja a programa\u00e7\u00e3o completa. O tema da feira deste ano \u00e9 \u201cFuturos Poss\u00edveis: entre\u2026","rel":"","context":"In &quot;Not\u00edcias de Ribeir\u00e3o Preto-SP e Regi\u00e3o&quot;","block_context":{"text":"Not\u00edcias de Ribeir\u00e3o Preto-SP e Regi\u00e3o","link":"https:\/\/noticiasribeiraopreto.com.br\/index.php\/category\/noticias-de-ribeirao-preto-sp-e-regiao-ismael-colosi\/"},"img":{"alt_text":"","src":"https:\/\/i0.wp.com\/noticiasribeiraopreto.com.br\/wp-content\/uploads\/2025\/08\/escoteiros-1_2025-08-16_18-52-15.webp.webp?fit=1200%2C675&ssl=1&resize=350%2C200","width":350,"height":200,"srcset":"https:\/\/i0.wp.com\/noticiasribeiraopreto.com.br\/wp-content\/uploads\/2025\/08\/escoteiros-1_2025-08-16_18-52-15.webp.webp?fit=1200%2C675&ssl=1&resize=350%2C200 1x, https:\/\/i0.wp.com\/noticiasribeiraopreto.com.br\/wp-content\/uploads\/2025\/08\/escoteiros-1_2025-08-16_18-52-15.webp.webp?fit=1200%2C675&ssl=1&resize=525%2C300 1.5x, https:\/\/i0.wp.com\/noticiasribeiraopreto.com.br\/wp-content\/uploads\/2025\/08\/escoteiros-1_2025-08-16_18-52-15.webp.webp?fit=1200%2C675&ssl=1&resize=700%2C400 2x, https:\/\/i0.wp.com\/noticiasribeiraopreto.com.br\/wp-content\/uploads\/2025\/08\/escoteiros-1_2025-08-16_18-52-15.webp.webp?fit=1200%2C675&ssl=1&resize=1050%2C600 3x"},"classes":[]}],"jetpack_sharing_enabled":true,"jetpack_shortlink":"https:\/\/wp.me\/peQAOb-nDo","jetpack_featured_media_url":"https:\/\/i0.wp.com\/noticiasribeiraopreto.com.br\/wp-content\/uploads\/2026\/09\/Monja-Coen-e-a-dupla-Caju-e-Castanha-Credito-%40flowpdc-e-%40aparecidasertanejaoficial.jpeg?fit=1600%2C898&ssl=1","_links":{"self":[{"href":"https:\/\/noticiasribeiraopreto.com.br\/index.php\/wp-json\/wp\/v2\/posts\/90854","targetHints":{"allow":["GET"]}}],"collection":[{"href":"https:\/\/noticiasribeiraopreto.com.br\/index.php\/wp-json\/wp\/v2\/posts"}],"about":[{"href":"https:\/\/noticiasribeiraopreto.com.br\/index.php\/wp-json\/wp\/v2\/types\/post"}],"author":[{"embeddable":true,"href":"https:\/\/noticiasribeiraopreto.com.br\/index.php\/wp-json\/wp\/v2\/users\/1"}],"replies":[{"embeddable":true,"href":"https:\/\/noticiasribeiraopreto.com.br\/index.php\/wp-json\/wp\/v2\/comments?post=90854"}],"version-history":[{"count":0,"href":"https:\/\/noticiasribeiraopreto.com.br\/index.php\/wp-json\/wp\/v2\/posts\/90854\/revisions"}],"wp:featuredmedia":[{"embeddable":true,"href":"https:\/\/noticiasribeiraopreto.com.br\/index.php\/wp-json\/wp\/v2\/media\/90855"}],"wp:attachment":[{"href":"https:\/\/noticiasribeiraopreto.com.br\/index.php\/wp-json\/wp\/v2\/media?parent=90854"}],"wp:term":[{"taxonomy":"category","embeddable":true,"href":"https:\/\/noticiasribeiraopreto.com.br\/index.php\/wp-json\/wp\/v2\/categories?post=90854"},{"taxonomy":"post_tag","embeddable":true,"href":"https:\/\/noticiasribeiraopreto.com.br\/index.php\/wp-json\/wp\/v2\/tags?post=90854"}],"curies":[{"name":"wp","href":"https:\/\/api.w.org\/{rel}","templated":true}]}}