{"id":90856,"date":"2026-09-01T06:46:15","date_gmt":"2026-09-01T09:46:15","guid":{"rendered":"https:\/\/noticiasribeiraopreto.com.br\/index.php\/2026\/09\/01\/sevandija-faz-10-anos-sem-conclusao\/"},"modified":"2026-09-01T06:46:15","modified_gmt":"2026-09-01T09:46:15","slug":"sevandija-faz-10-anos-sem-conclusao","status":"publish","type":"post","link":"https:\/\/noticiasribeiraopreto.com.br\/index.php\/2026\/09\/01\/sevandija-faz-10-anos-sem-conclusao\/","title":{"rendered":"Sevandija faz 10 anos sem conclus\u00e3o"},"content":{"rendered":"<div class='code-block code-block-1' style='margin: 8px 0 8px auto; text-align: right; display: block; clear: both;'>\n<p><a href=\"https:\/\/wa.link\/vpicfd\"><img data-recalc-dims=\"1\" class=\"wp-image-4922\" style=\"aspect-ratio: 2.0253164556962027; width: 561px; height: auto;\" src=\"https:\/\/i0.wp.com\/ismaelcolosi.com.br\/wp-content\/uploads\/2023\/11\/grupo-de-empregos-whatsapp-e-facebook-ismael-colosi-vagas.jpg?ssl=1\" alt=\"\" \/><\/a><\/p>\n<!-- \/wp:image -->\n<\/div>\n<p> <br \/>\n<\/p>\n<div>\n<p class=\"p1\"><i>Suposto esquema de corrup\u00e7\u00e3o na prefeitura de Ribeir\u00e3o Preto teria desviado mais de R$ 200 milh\u00f5es<\/i><\/p>\n<p>A Opera\u00e7\u00e3o Sevandija, o maior esc\u00e2ndalo pol\u00edtico da hist\u00f3ria de Ribeir\u00e3o Preto, completa dez anos nesta ter\u00e7a-feira, 1\u00ba de setembro, sem conclus\u00e3o e com os acusados em liberdade. O desvio de verba, segundo o Grupo de Atua\u00e7\u00e3o Especial de Combate ao Crime Organizado (Gaeco) \u2013 bra\u00e7o do Minist\u00e9rio P\u00fablico de S\u00e3o Paulo (MP) \u2013 e a Pol\u00edcia Federal, passa de R$ 200 milh\u00f5es.<span class=\"Apple-converted-space\">\u00a0 <\/span><\/p>\n<p>A Opera\u00e7\u00e3o Sevandija foi deflagrada em 1\u00ba de setembro de 2016 e chegou a condenar secret\u00e1rios, vereadores, advogados, empres\u00e1rios e a ent\u00e3o prefeita D\u00e1rcy Vera, suspeitos de implantarem um abrangente esquema dde corrup\u00e7\u00e3o na administra\u00e7\u00e3o p\u00fablica municipal.<\/p>\n<p>Em 2018, D\u00e1rcy Vera pegou 18 anos e nove meses de pris\u00e3o. Em novembro de 2020, o Tribunal de Justi\u00e7a de s\u00e3o Paulo (TJSP) aumentou a pena para 26 anos, um m\u00eas e tr\u00eas dias.<\/p>\n<p>O ent\u00e3o juiz das a\u00e7\u00f5es penais da Sevandija, L\u00facio Alberto En\u00e9as da Silva Ferreira, de 4\u00aa Vara Criminal de Ribeir\u00e3o Preto, tamb\u00e9m condenou a ex-prefeita, em julho de 2022, a 19 anos de pris\u00e3o por lavagem de dinheiro para a reforma de um im\u00f3vel e pelo pagamento simulado a um advogado.<\/p>\n<p>Ela passou mais de dois anos e seis meses presas na Penitenci\u00e1ria Feminina de Trememb\u00e9, entre 19 de maio de 2017 e 6 de dezembro de 2019. D\u00e1rcy Vera nega todos os crimes a ela imputados.<\/p>\n<p>Trinta e duas pessoas foram condenadas por crimes como peculato, associa\u00e7\u00e3o criminosa e lavagem de dinheiro. A grande maioria nega a pr\u00e1tica de crimes, entre elas a ex-prefeita. Alguns fecharam acordo de dela\u00e7\u00e3o premiada.<\/p>\n<p>D\u00e1rcy Vera<b> <\/b>deixou a pris\u00e3o gra\u00e7as a um habeas corpus concedido pelo ministro Rog\u00e9rio Schietti Cruz, da Sexta Turma do Superior Tribunal de Justi\u00e7a, a mesma que anulou as escutas telef\u00f4nicas.<\/p>\n<p>Segundo o Gaeco, a anula\u00e7\u00e3o das intercepta\u00e7\u00f5es pode colocar em quest\u00e3o o bloqueio de im\u00f3veis, ve\u00edculos e R$ 71 milh\u00f5es obtidos com empresas e pessoas investigadas por acordos de colabora\u00e7\u00e3o.<\/p>\n<p>Em 5 de junho de 2024, o ent\u00e3o juiz Angel Tomas Castroviejo manteve a suspens\u00e3o dos tr\u00e2mites das a\u00e7\u00f5es penais. No entendimento do magistrado, seria necess\u00e1rio aguardar o julgamento de recurso extraordin\u00e1rio interposto no STF pela defesa de um dos r\u00e9us, o ex-secret\u00e1rio municipal da Administra\u00e7\u00e3o do governo D\u00e1rcy Vera, Marcos Ant\u00f4nio dos Santos.<\/p>\n<p>A defesa de Santos entrou com recurso depois de Kassio Nunes Marques reconhecer, em 15 de mar\u00e7o de 2024, a legalidade das provas obtidas na Opera\u00e7\u00e3o Sevandija por meio de intercepta\u00e7\u00f5es telef\u00f4nicas.<\/p>\n<p>A decis\u00e3o foi divulgada em abril, ap\u00f3s o relator do caso no Supremo Tribunal Federal (STF) analisar os argumentos apresentados pelos Minist\u00e9rios P\u00fablicos Federal (MPF) e de S\u00e3o Paulo.<\/p>\n<p>Ambos entraram com recurso contra a decis\u00e3o da Sexta Turma do Superior Tribunal de Justi\u00e7a, que em 20 de setembro de 2022 anulou as intercepta\u00e7\u00f5es telef\u00f4nicas. Argumenta que o pedido n\u00e3o tinha motiva\u00e7\u00e3o adequada e faltavam dados concretos.<\/p>\n<p>Ressaltou que as decis\u00f5es solicitadas pelo MP e autorizadas pela 4\u00aa Vara Criminal de Ribeiro Preto n\u00e3o embasavam suficientemente a necessidade das intercepta\u00e7\u00f5es. A senten\u00e7a atendeu ao pedido feito pela defesa de Marco Ant\u00f4nio dos Santos.<\/p>\n<p>MPF e Gaeco interpuseram recursos extraordin\u00e1rios alegando viola\u00e7\u00e3o de normas constitucionais. Argumentaram que a decis\u00e3o do STJ divergia do entendimento do STF sobre a possibilidade de utilizar a t\u00e9cnica da \u201cfundamenta\u00e7\u00e3o per relationem\u201d.<\/p>\n<p>O parecer do MPF foi favor\u00e1vel ao provimento do recurso, argumentando que as fundamenta\u00e7\u00f5es das decis\u00f5es estavam adequadas, pois faziam refer\u00eancia aos elementos apresentados pelo Gaeco. Em 13 de abril de 2023, o mesmo Nunes Marques havia negado recurso extraordin\u00e1rio ao Gaeco.<\/p>\n<p>Manteve nulas as intercepta\u00e7\u00f5es telef\u00f4nicas que serviram de base para as a\u00e7\u00f5es penais da Opera\u00e7\u00e3o Sevandija. Por\u00e9m, reconheceu, em 15 de mar\u00e7o de 2024, a legalidade das provas obtidas na Opera\u00e7\u00e3o Sevandija.<\/p>\n<div style=\"background-color: #f4f4f5; border: 1px solid #d4d4d8; padding: 15px; margin: 20px 0; border-radius: 6px; font-family: sans-serif; line-height: 1.5;\">\n    <span style=\"color: #27272a;\">Inscreva-se em nosso Canal no Whatsapp e fique por dentro de tudo que acontece na regi\u00e3o. <\/span><br \/>\n    <a href=\"https:\/\/whatsapp.com\/channel\/0029VanuE2o7z4kYjo0XVS3u\" target=\"_blank\" rel=\"noopener noreferrer\" style=\"color: #16a34a; font-weight: bold; text-decoration: underline;\">Clique Aqui!<\/a>\n<\/div>\n<\/div>\n<p><br \/>\n<br \/><a href=\"https:\/\/www.tribunaribeirao.com.br\/sevandija-faz-10-anos-sem-conclusao\/\">Texto original daqui <\/a><\/p>\n<!-- CONTENT END 1 -->\n","protected":false},"excerpt":{"rendered":"<p>Suposto esquema de corrup\u00e7\u00e3o na prefeitura de Ribeir\u00e3o Preto teria desviado mais de R$ 200 milh\u00f5es A Opera\u00e7\u00e3o Sevandija, o maior esc\u00e2ndalo pol\u00edtico da hist\u00f3ria&#8230;<\/p>\n","protected":false},"author":1,"featured_media":90857,"comment_status":"","ping_status":"","sticky":false,"template":"","format":"standard","meta":{"advanced_seo_description":"","jetpack_seo_html_title":"","jetpack_seo_noindex":false,"jetpack_seo_schema_type":"","_jetpack_newsletter_access":"","_jetpack_dont_email_post_to_subs":false,"_jetpack_newsletter_tier_id":0,"_jetpack_memberships_contains_paywalled_content":false,"_jetpack_feature_clip_id":0,"_jetpack_memberships_contains_paid_content":false,"footnotes":"","jetpack_publicize_message":"","jetpack_publicize_feature_enabled":true,"jetpack_social_post_already_shared":true,"jetpack_social_options":{"image_generator_settings":{"template":"highway","default_image_id":0,"font":"","enabled":false},"version":2},"jetpack_post_was_ever_published":false},"categories":[11],"tags":[84,8844,365,1025,8395],"class_list":["post-90856","post","type-post","status-publish","format-standard","has-post-thumbnail","hentry","category-noticias-de-ribeirao-preto-sp-e-regiao-ismael-colosi","tag-anos","tag-conclusao","tag-faz","tag-sem","tag-sevandija"],"jetpack_publicize_connections":[],"jetpack-related-posts":[{"id":77497,"url":"https:\/\/noticiasribeiraopreto.com.br\/index.php\/2025\/09\/19\/stf-suspende-julgamento-de-escutas-da-operacao-sevandija\/","url_meta":{"origin":90856,"position":0},"title":"STF suspende julgamento de escutas da Opera\u00e7\u00e3o Sevandija","author":"noticiasribeiraopreto.com.br","date":"19 de September de 2025","format":false,"excerpt":"19 de setembro de 2025 16:252 Compartilhar0 Julgamento sobre a legalidade das provas obtidas por meio de intercepta\u00e7\u00f5es telef\u00f4nicas foi suspenso nesta sexta-feira, 19 de setembro, em fun\u00e7\u00e3o de pedido de vistas de Gilmar Mendes; ministro ter\u00e1 prazo de at\u00e9 90 dias para votar O Supremo Tribunal Federal (STF) suspendeu\u2026","rel":"","context":"In &quot;Not\u00edcias de Ribeir\u00e3o Preto-SP e Regi\u00e3o&quot;","block_context":{"text":"Not\u00edcias de Ribeir\u00e3o Preto-SP e Regi\u00e3o","link":"https:\/\/noticiasribeiraopreto.com.br\/index.php\/category\/noticias-de-ribeirao-preto-sp-e-regiao-ismael-colosi\/"},"img":{"alt_text":"","src":"https:\/\/i0.wp.com\/noticiasribeiraopreto.com.br\/wp-content\/uploads\/2025\/09\/seva.webp.webp?fit=984%2C616&ssl=1&resize=350%2C200","width":350,"height":200,"srcset":"https:\/\/i0.wp.com\/noticiasribeiraopreto.com.br\/wp-content\/uploads\/2025\/09\/seva.webp.webp?fit=984%2C616&ssl=1&resize=350%2C200 1x, https:\/\/i0.wp.com\/noticiasribeiraopreto.com.br\/wp-content\/uploads\/2025\/09\/seva.webp.webp?fit=984%2C616&ssl=1&resize=525%2C300 1.5x, https:\/\/i0.wp.com\/noticiasribeiraopreto.com.br\/wp-content\/uploads\/2025\/09\/seva.webp.webp?fit=984%2C616&ssl=1&resize=700%2C400 2x"},"classes":[]},{"id":81509,"url":"https:\/\/noticiasribeiraopreto.com.br\/index.php\/2026\/01\/08\/julgamento-das-escutas-da-sevandija-sera-retomado-em-fevereiro\/","url_meta":{"origin":90856,"position":1},"title":"Julgamento das escutas da Sevandija ser\u00e1 retomado em fevereiro","author":"noticiasribeiraopreto.com.br","date":"8 de January de 2026","format":false,"excerpt":"Prazo para voto de ministro Gilmar Mendes, que pediu vistas, termina em 10 de fevereiro A 2\u00aa Turma do Supremo Tribunal Federal (STF) deve retomar, no dia 11 de fevereiro, a an\u00e1lise da validade das escutas telef\u00f4nicas que serviram de prova para os processos da Opera\u00e7\u00e3o Sevandija. Isso porque, no\u2026","rel":"","context":"In &quot;Not\u00edcias de Ribeir\u00e3o Preto-SP e Regi\u00e3o&quot;","block_context":{"text":"Not\u00edcias de Ribeir\u00e3o Preto-SP e Regi\u00e3o","link":"https:\/\/noticiasribeiraopreto.com.br\/index.php\/category\/noticias-de-ribeirao-preto-sp-e-regiao-ismael-colosi\/"},"img":{"alt_text":"","src":"https:\/\/i0.wp.com\/noticiasribeiraopreto.com.br\/wp-content\/uploads\/2026\/01\/1-Sevandija_-1-gilmar-mendes.jpg?fit=770%2C513&ssl=1&resize=350%2C200","width":350,"height":200,"srcset":"https:\/\/i0.wp.com\/noticiasribeiraopreto.com.br\/wp-content\/uploads\/2026\/01\/1-Sevandija_-1-gilmar-mendes.jpg?fit=770%2C513&ssl=1&resize=350%2C200 1x, https:\/\/i0.wp.com\/noticiasribeiraopreto.com.br\/wp-content\/uploads\/2026\/01\/1-Sevandija_-1-gilmar-mendes.jpg?fit=770%2C513&ssl=1&resize=525%2C300 1.5x, https:\/\/i0.wp.com\/noticiasribeiraopreto.com.br\/wp-content\/uploads\/2026\/01\/1-Sevandija_-1-gilmar-mendes.jpg?fit=770%2C513&ssl=1&resize=700%2C400 2x"},"classes":[]},{"id":82993,"url":"https:\/\/noticiasribeiraopreto.com.br\/index.php\/2026\/03\/06\/stf-volta-a-julgar-escutas-da-sevandija\/","url_meta":{"origin":90856,"position":2},"title":"STF volta a julgar escutas da Sevandija","author":"noticiasribeiraopreto.com.br","date":"6 de March de 2026","format":false,"excerpt":"Supremo Tribunal Federal (STF) retoma nesta sexta-feira (6) a conclus\u00e3o do julgamento que decidir\u00e1 sobre a legalidade das escutas telef\u00f4nicas da Opera\u00e7\u00e3o Sevandija O Supremo Tribunal Federal (STF) retoma nesta sexta-feira, 6 de mar\u00e7o, a conclus\u00e3o do julgamento que decidir\u00e1 sobre a legalidade das escutas telef\u00f4nicas da Opera\u00e7\u00e3o Sevandija que\u2026","rel":"","context":"In &quot;Not\u00edcias de Ribeir\u00e3o Preto-SP e Regi\u00e3o&quot;","block_context":{"text":"Not\u00edcias de Ribeir\u00e3o Preto-SP e Regi\u00e3o","link":"https:\/\/noticiasribeiraopreto.com.br\/index.php\/category\/noticias-de-ribeirao-preto-sp-e-regiao-ismael-colosi\/"},"img":{"alt_text":"","src":"https:\/\/i0.wp.com\/noticiasribeiraopreto.com.br\/wp-content\/uploads\/2026\/03\/SevandijaDV-Dar-JF-Pimenta-Arquivo-scaled.jpg?fit=1170%2C780&ssl=1&resize=350%2C200","width":350,"height":200,"srcset":"https:\/\/i0.wp.com\/noticiasribeiraopreto.com.br\/wp-content\/uploads\/2026\/03\/SevandijaDV-Dar-JF-Pimenta-Arquivo-scaled.jpg?fit=1170%2C780&ssl=1&resize=350%2C200 1x, https:\/\/i0.wp.com\/noticiasribeiraopreto.com.br\/wp-content\/uploads\/2026\/03\/SevandijaDV-Dar-JF-Pimenta-Arquivo-scaled.jpg?fit=1170%2C780&ssl=1&resize=525%2C300 1.5x, https:\/\/i0.wp.com\/noticiasribeiraopreto.com.br\/wp-content\/uploads\/2026\/03\/SevandijaDV-Dar-JF-Pimenta-Arquivo-scaled.jpg?fit=1170%2C780&ssl=1&resize=700%2C400 2x, https:\/\/i0.wp.com\/noticiasribeiraopreto.com.br\/wp-content\/uploads\/2026\/03\/SevandijaDV-Dar-JF-Pimenta-Arquivo-scaled.jpg?fit=1170%2C780&ssl=1&resize=1050%2C600 3x"},"classes":[]},{"id":48524,"url":"https:\/\/noticiasribeiraopreto.com.br\/index.php\/2024\/05\/03\/juiz-de-campinas-tambem-pede-para-deixar-operacao-sevandija\/","url_meta":{"origin":90856,"position":3},"title":"Juiz de Campinas tamb\u00e9m pede para deixar Opera\u00e7\u00e3o Sevandija","author":"noticiasribeiraopreto.com.br","date":"3 de May de 2024","format":false,"excerpt":"O juiz Nelson Augusto Bernardes de Souza, de Campinas, tamb\u00e9m pediu para deixar a an\u00e1lise dos processos da Opera\u00e7\u00e3o Sevandija, deflagrada em setembro de 2016 em Ribeir\u00e3o Preto. Esse \u00e9 o sexto juiz a recusar o caso. A decis\u00e3o de Nelson Augusto foi publicada na edi\u00e7\u00e3o desta sexta-feira (3), do\u2026","rel":"","context":"In &quot;Not\u00edcias de Ribeir\u00e3o Preto-SP e Regi\u00e3o&quot;","block_context":{"text":"Not\u00edcias de Ribeir\u00e3o Preto-SP e Regi\u00e3o","link":"https:\/\/noticiasribeiraopreto.com.br\/index.php\/category\/noticias-de-ribeirao-preto-sp-e-regiao-ismael-colosi\/"},"img":{"alt_text":"","src":"https:\/\/i0.wp.com\/noticiasribeiraopreto.com.br\/wp-content\/uploads\/2024\/05\/darcy_vera_1024x576_06122019151021.jpg?fit=1024%2C576&ssl=1&resize=350%2C200","width":350,"height":200,"srcset":"https:\/\/i0.wp.com\/noticiasribeiraopreto.com.br\/wp-content\/uploads\/2024\/05\/darcy_vera_1024x576_06122019151021.jpg?fit=1024%2C576&ssl=1&resize=350%2C200 1x, https:\/\/i0.wp.com\/noticiasribeiraopreto.com.br\/wp-content\/uploads\/2024\/05\/darcy_vera_1024x576_06122019151021.jpg?fit=1024%2C576&ssl=1&resize=525%2C300 1.5x, https:\/\/i0.wp.com\/noticiasribeiraopreto.com.br\/wp-content\/uploads\/2024\/05\/darcy_vera_1024x576_06122019151021.jpg?fit=1024%2C576&ssl=1&resize=700%2C400 2x"},"classes":[]},{"id":77186,"url":"https:\/\/noticiasribeiraopreto.com.br\/index.php\/2025\/09\/13\/stf-retoma-julgamento-da-sevandija\/","url_meta":{"origin":90856,"position":4},"title":"STF retoma julgamento da Sevandija","author":"noticiasribeiraopreto.com.br","date":"13 de September de 2025","format":false,"excerpt":"13 de setembro de 2025 11:3013 de setembro de 2025 00:4811 Compartilhar0 O ministro Kassio Nunes Marques, do Supremo Tribunal Federal (STF), agendou para 19 de setembro, \u00e1s onze horas, o in\u00edcio do julgamento de recurso extraordin\u00e1rio sobre a legalidade das intercepta\u00e7\u00f5es telef\u00f4nicas usadas na investiga\u00e7\u00e3o da Opera\u00e7\u00e3o Sevandija, interposto\u2026","rel":"","context":"In &quot;Not\u00edcias de Ribeir\u00e3o Preto-SP e Regi\u00e3o&quot;","block_context":{"text":"Not\u00edcias de Ribeir\u00e3o Preto-SP e Regi\u00e3o","link":"https:\/\/noticiasribeiraopreto.com.br\/index.php\/category\/noticias-de-ribeirao-preto-sp-e-regiao-ismael-colosi\/"},"img":{"alt_text":"","src":"https:\/\/i0.wp.com\/noticiasribeiraopreto.com.br\/wp-content\/uploads\/2025\/09\/Sevandija-Marcelo-Camargo-Ag.Br_.jpg?fit=1170%2C700&ssl=1&resize=350%2C200","width":350,"height":200,"srcset":"https:\/\/i0.wp.com\/noticiasribeiraopreto.com.br\/wp-content\/uploads\/2025\/09\/Sevandija-Marcelo-Camargo-Ag.Br_.jpg?fit=1170%2C700&ssl=1&resize=350%2C200 1x, https:\/\/i0.wp.com\/noticiasribeiraopreto.com.br\/wp-content\/uploads\/2025\/09\/Sevandija-Marcelo-Camargo-Ag.Br_.jpg?fit=1170%2C700&ssl=1&resize=525%2C300 1.5x, https:\/\/i0.wp.com\/noticiasribeiraopreto.com.br\/wp-content\/uploads\/2025\/09\/Sevandija-Marcelo-Camargo-Ag.Br_.jpg?fit=1170%2C700&ssl=1&resize=700%2C400 2x, https:\/\/i0.wp.com\/noticiasribeiraopreto.com.br\/wp-content\/uploads\/2025\/09\/Sevandija-Marcelo-Camargo-Ag.Br_.jpg?fit=1170%2C700&ssl=1&resize=1050%2C600 3x"},"classes":[]},{"id":82423,"url":"https:\/\/noticiasribeiraopreto.com.br\/index.php\/2026\/02\/14\/stf-decidira-sobre-escutas-em-marco\/","url_meta":{"origin":90856,"position":5},"title":"STF decidir\u00e1 sobre escutas em mar\u00e7o","author":"noticiasribeiraopreto.com.br","date":"14 de February de 2026","format":false,"excerpt":"O Supremo Tribunal Federal (STF) agendou para o per\u00edodo de 6 a 13 de mar\u00e7o a conclus\u00e3o do julgamento que decidir\u00e1 sobre a legalidade das escutas telef\u00f4nicas da Opera\u00e7\u00e3o Sevandija que serviram de provas para os processos da investiga\u00e7\u00e3o, o maior esc\u00e2ndalo pol\u00edtico de Ribeir\u00e3o Preto \u2013 Minist\u00e9rio P\u00fablico de\u2026","rel":"","context":"In &quot;Not\u00edcias de Ribeir\u00e3o Preto-SP e Regi\u00e3o&quot;","block_context":{"text":"Not\u00edcias de Ribeir\u00e3o Preto-SP e Regi\u00e3o","link":"https:\/\/noticiasribeiraopreto.com.br\/index.php\/category\/noticias-de-ribeirao-preto-sp-e-regiao-ismael-colosi\/"},"img":{"alt_text":"","src":"https:\/\/i0.wp.com\/noticiasribeiraopreto.com.br\/wp-content\/uploads\/2026\/02\/SevandijaDV-Dar-JF-Pimenta-Arquivo-scaled.jpg?fit=1200%2C800&ssl=1&resize=350%2C200","width":350,"height":200,"srcset":"https:\/\/i0.wp.com\/noticiasribeiraopreto.com.br\/wp-content\/uploads\/2026\/02\/SevandijaDV-Dar-JF-Pimenta-Arquivo-scaled.jpg?fit=1200%2C800&ssl=1&resize=350%2C200 1x, https:\/\/i0.wp.com\/noticiasribeiraopreto.com.br\/wp-content\/uploads\/2026\/02\/SevandijaDV-Dar-JF-Pimenta-Arquivo-scaled.jpg?fit=1200%2C800&ssl=1&resize=525%2C300 1.5x, https:\/\/i0.wp.com\/noticiasribeiraopreto.com.br\/wp-content\/uploads\/2026\/02\/SevandijaDV-Dar-JF-Pimenta-Arquivo-scaled.jpg?fit=1200%2C800&ssl=1&resize=700%2C400 2x, https:\/\/i0.wp.com\/noticiasribeiraopreto.com.br\/wp-content\/uploads\/2026\/02\/SevandijaDV-Dar-JF-Pimenta-Arquivo-scaled.jpg?fit=1200%2C800&ssl=1&resize=1050%2C600 3x"},"classes":[]}],"jetpack_sharing_enabled":true,"jetpack_shortlink":"https:\/\/wp.me\/peQAOb-nDq","jetpack_featured_media_url":"https:\/\/i0.wp.com\/noticiasribeiraopreto.com.br\/wp-content\/uploads\/2026\/09\/SevandijaDV-Sergio-Masson-Arquivo-scaled.jpg?fit=1170%2C780&ssl=1","_links":{"self":[{"href":"https:\/\/noticiasribeiraopreto.com.br\/index.php\/wp-json\/wp\/v2\/posts\/90856","targetHints":{"allow":["GET"]}}],"collection":[{"href":"https:\/\/noticiasribeiraopreto.com.br\/index.php\/wp-json\/wp\/v2\/posts"}],"about":[{"href":"https:\/\/noticiasribeiraopreto.com.br\/index.php\/wp-json\/wp\/v2\/types\/post"}],"author":[{"embeddable":true,"href":"https:\/\/noticiasribeiraopreto.com.br\/index.php\/wp-json\/wp\/v2\/users\/1"}],"replies":[{"embeddable":true,"href":"https:\/\/noticiasribeiraopreto.com.br\/index.php\/wp-json\/wp\/v2\/comments?post=90856"}],"version-history":[{"count":0,"href":"https:\/\/noticiasribeiraopreto.com.br\/index.php\/wp-json\/wp\/v2\/posts\/90856\/revisions"}],"wp:featuredmedia":[{"embeddable":true,"href":"https:\/\/noticiasribeiraopreto.com.br\/index.php\/wp-json\/wp\/v2\/media\/90857"}],"wp:attachment":[{"href":"https:\/\/noticiasribeiraopreto.com.br\/index.php\/wp-json\/wp\/v2\/media?parent=90856"}],"wp:term":[{"taxonomy":"category","embeddable":true,"href":"https:\/\/noticiasribeiraopreto.com.br\/index.php\/wp-json\/wp\/v2\/categories?post=90856"},{"taxonomy":"post_tag","embeddable":true,"href":"https:\/\/noticiasribeiraopreto.com.br\/index.php\/wp-json\/wp\/v2\/tags?post=90856"}],"curies":[{"name":"wp","href":"https:\/\/api.w.org\/{rel}","templated":true}]}}