{"id":90858,"date":"2026-09-01T06:49:55","date_gmt":"2026-09-01T09:49:55","guid":{"rendered":"https:\/\/noticiasribeiraopreto.com.br\/index.php\/2026\/09\/01\/empresa-anuncia-1-521-casas-em-rp\/"},"modified":"2026-09-01T06:49:55","modified_gmt":"2026-09-01T09:49:55","slug":"empresa-anuncia-1-521-casas-em-rp","status":"publish","type":"post","link":"https:\/\/noticiasribeiraopreto.com.br\/index.php\/2026\/09\/01\/empresa-anuncia-1-521-casas-em-rp\/","title":{"rendered":"Empresa anuncia \u20281.521 casas em RP"},"content":{"rendered":"<div class='code-block code-block-1' style='margin: 8px 0 8px auto; text-align: right; display: block; clear: both;'>\n<p><a href=\"https:\/\/wa.link\/vpicfd\"><img data-recalc-dims=\"1\" class=\"wp-image-4922\" style=\"aspect-ratio: 2.0253164556962027; width: 561px; height: auto;\" src=\"https:\/\/i0.wp.com\/ismaelcolosi.com.br\/wp-content\/uploads\/2023\/11\/grupo-de-empregos-whatsapp-e-facebook-ismael-colosi-vagas.jpg?ssl=1\" alt=\"\" \/><\/a><\/p>\n<!-- \/wp:image -->\n<\/div>\n<p> <br \/>\n<\/p>\n<div>\n<p class=\"p1\"><i>Residencial Vida Nova Ribeir\u00e3o Scodro I ser\u00e1 constru\u00eddo em continuidade ao Jardim Cristo Redentor, que j\u00e1 conta com 6.991 moradias<\/i><\/p>\n<p>Menos de um ano depois de retomar sua atua\u00e7\u00e3o em Ribeir\u00e3o Preto, a Pacaembu Construtora, eleita a maior construtora de casas do Brasil no programa Minha Casa, Minha Vida segundo o tradicional Ranking Intec, anuncia um novo empreendimento na cidade.<span class=\"Apple-converted-space\">\u00a0 <\/span>O Residencial Vida Nova Ribeir\u00e3o Scodro I ser\u00e1 conhecido comercialmente como Residencial Vida Nova Bela Vista.<\/p>\n<p>Segundo o prefeito Ricardo Silva (PSD), contar\u00e1 com 1.521 casas e ser\u00e1 constru\u00eddo em continuidade ao Jardim Cristo Redentor, ampliando a ocupa\u00e7\u00e3o planejada de uma regi\u00e3o que est\u00e1 em forte expans\u00e3o urbana. Constru\u00eddo e entregue pela Pacaembu, o Jardim Cristo Redentor, tamb\u00e9m conhecido como Residencial Vida Nova Ribeir\u00e3o, conta com 6.991 casas e 761 lotes comerciais e \u00e9 considerado o maior bairro planejado de casas do pa\u00eds.<\/p>\n<p>Com o novo empreendimento, a Pacaembu passar\u00e1 a contar com mais de 8,5 mil moradias constru\u00eddas naquela regi\u00e3o, ampliando sua atua\u00e7\u00e3o em Ribeir\u00e3o Preto e dando continuidade \u00e0 expans\u00e3o planejada e ordenada da cidade.<\/p>\n<p>O residencial, \u00e9 resultado de uma parceria com o governo federal, por meio do programa habitacional Minha Casa, Minha Vida, na modalidade Fundo de Garantia por Tempo de Servi\u00e7o (FGTS), do Minist\u00e9rio das Cidades; com a Caixa Econ\u00f4mica Federal; e com a prefeitura de Ribeir\u00e3o Preto.<\/p>\n<p>O novo bairro contar\u00e1 com investimentos de mais de R$ 334 milh\u00f5es e dever\u00e1 impactar a economia da cidade com a gera\u00e7\u00e3o de mais de 4.700 empregos diretos e indiretos ao longo de suas obras.<\/p>\n<p>As moradias ser\u00e3o comercializadas para inscritos com renda familiar a partir de R$ 2.900, que poder\u00e3o receber descontos de at\u00e9 R$ 55 mil vindos do subs\u00eddio do Programa Minha Casa, Minha Vida, do governo federal.<\/p>\n<p>Para facilitar ainda mais o acesso, a Pacaembu vai oferecer documenta\u00e7\u00e3o gr\u00e1tis e a possibilidade de parcelamento da entrada em at\u00e9 60 meses. J\u00e1 o financiamento do im\u00f3vel poder\u00e1 ser feito em at\u00e9 420 meses junto \u00e0 Caixa Econ\u00f4mica Federal, com as taxas de juros mais baixas do mercado.<\/p>\n<p>Ocupando uma \u00e1rea total com mais de 657 mil m\u00b2, o Residencial Vida Nova Ribeir\u00e3o Scodro I ser\u00e1 composto por casas n\u00e3o geminadas, com possibilidade de amplia\u00e7\u00e3o, implantadas em terrenos a partir de 144 m\u00b2.<\/p>\n<p>As moradias de 44,90 m\u00b2 ter\u00e3o dois dormit\u00f3rios, sala, cozinha, banheiro, \u00e1rea de servi\u00e7o coberta, laje e piso cer\u00e2mico em todos os ambientes, al\u00e9m de quintal e espa\u00e7o para ve\u00edculo.<\/p>\n<p>Seguindo o padr\u00e3o j\u00e1 conhecido dos empreendimentos da Pacaembu Construtora, o bairro ser\u00e1 entregue pronto para morar, com infraestrutura completa contendo sistema de abastecimento de \u00e1gua, sistema de esgotamento sanit\u00e1rio, sistema de drenagem pluvial, rede el\u00e9trica e de ilumina\u00e7\u00e3o p\u00fablica, pavimenta\u00e7\u00e3o, paisagismo, acessibilidade aos lotes, sinaliza\u00e7\u00e3o vi\u00e1ria e previs\u00e3o de \u00e1reas institucionais.<\/p>\n<p>J\u00e1 pensando no bem-estar e na qualidade de vida dos futuros moradores, o projeto prev\u00ea mais de 12 mil m\u00b2 de \u00e1reas de lazer, distribu\u00eddas em cinco sistemas que re\u00fanem diferentes equipamentos e espa\u00e7os de conviv\u00eancia, como quadra poliesportiva, playgrounds, academia ao ar livre, \u00e1reas de estar, mesas para piquenique, pomar, Pet Place, al\u00e9m de espa\u00e7os para a pr\u00e1tica de atividades como pingue-pongue e futmesa. O projeto tamb\u00e9m contar\u00e1 com ciclovia. Al\u00e9m disso, ser\u00e3o mais de 87 mil m\u00b2 de \u00e1reas verdes.<\/p>\n<p class=\"p1\">\u201cEsse lan\u00e7amento tem um significado especial porque representa a continuidade de um trabalho iniciado pela Pacaembu h\u00e1 alguns anos. Estamos ampliando uma regi\u00e3o que j\u00e1 recebeu um dos maiores projetos habitacionais da nossa hist\u00f3ria\u201d, afirma Fred Escobar, Diretor de Neg\u00f3cios da Pacaembu Construtora.<\/p>\n<p>\u201cS\u00e3o 6.991 casas entregues no Jardim Cristo Redentor, e agora avan\u00e7amos com mais 1.521 moradias, novas conex\u00f5es vi\u00e1rias e equipamentos p\u00fablicos. Mais do que ampliar a oferta de habita\u00e7\u00e3o, estamos contribuindo para a expans\u00e3o planejada da cidade, levando infraestrutura, espa\u00e7os de conviv\u00eancia e qualidade urbana para uma regi\u00e3o que segue em crescimento\u201d, diz.<\/p>\n<figure id=\"attachment_475636\" aria-describedby=\"caption-attachment-475636\" style=\"width: 386px\" class=\"wp-caption alignright\"><figcaption id=\"caption-attachment-475636\" class=\"wp-caption-text\">Alfredo Risk\u2028Coletiva na prefeitura de Ribeir\u00e3o Preto reuniu o prefeito Ricardo Silva e empres\u00e1rios da Pacaembu Construtora: mais 1.521 casas na Zona Norte<\/figcaption><\/figure>\n<p><b>Jardim Solare \u2013 <\/b>Al\u00e9m do novo lan\u00e7amento, a Pacaembu mant\u00e9m em comercializa\u00e7\u00e3o na cidade o Residencial Wilda Facci, conhecido como Jardim Solare \u2013 Condom\u00ednio Aurora, lan\u00e7ado em 2025. Localizado na regi\u00e3o leste de Ribeir\u00e3o Preto, o empreendimento conta com 331 casas e faz parte de um projeto que, quando conclu\u00eddo, ter\u00e1 tr\u00eas condom\u00ednios fechados.<\/p>\n<p>As moradias est\u00e3o sendo comercializadas para inscritos com renda familiar a partir de R$ 4.500,00, que podem receber descontos de at\u00e9 R$ 55 mil por meio de subs\u00eddio oferecido pelo programa Minha Casa, Minha Vida.<\/p>\n<p>Para facilitar ainda mais o acesso, a Pacaembu oferece documenta\u00e7\u00e3o gr\u00e1tis e possibilidade de parcelamento da entrada em at\u00e9 60 meses. J\u00e1 o financiamento do im\u00f3vel pode ser feito em at\u00e9 420 meses junto \u00e0 Caixa Econ\u00f4mica Federal, com as taxas de juros mais baixas do mercado.<\/p>\n<p><b>Vendas \u2013 <\/b>Os interessados em adquirir uma casa no Residencial Vida Nova Ribeir\u00e3o Scodro I podem procurar a loja da Pacaembu em Ribeir\u00e3o Preto, localizada na avenida Maximilliam Maggioni n\u00ba 255 \u2013 Jardim Cristo Redentor, e aproveitar para visitar a Casa Decorada e conhecer de perto os detalhes do projeto.<\/p>\n<p>Mais informa\u00e7\u00f5es pelo WhatsApp (16) 98211-1910. Quem preferir tamb\u00e9m pode se cadastrar e enviar a documenta\u00e7\u00e3o pelo site www.pacaembu.com. Pelo canal digital, a equipe comercial da construtora tamb\u00e9m realiza atendimento totalmente online para quem quer comprar a casa pr\u00f3pria.<\/p>\n<div style=\"background-color: #f4f4f5; border: 1px solid #d4d4d8; padding: 15px; margin: 20px 0; border-radius: 6px; font-family: sans-serif; line-height: 1.5;\">\n    <span style=\"color: #27272a;\">Inscreva-se em nosso Canal no Whatsapp e fique por dentro de tudo que acontece na regi\u00e3o. <\/span><br \/>\n    <a href=\"https:\/\/whatsapp.com\/channel\/0029VanuE2o7z4kYjo0XVS3u\" target=\"_blank\" rel=\"noopener noreferrer\" style=\"color: #16a34a; font-weight: bold; text-decoration: underline;\">Clique Aqui!<\/a>\n<\/div>\n<\/div>\n<p><br \/>\n<br \/><a href=\"https:\/\/www.tribunaribeirao.com.br\/empresa-anuncia-1-521-casas-em-rp\/\">Texto original daqui <\/a><\/p>\n<!-- CONTENT END 1 -->\n","protected":false},"excerpt":{"rendered":"<p>Residencial Vida Nova Ribeir\u00e3o Scodro I ser\u00e1 constru\u00eddo em continuidade ao Jardim Cristo Redentor, que j\u00e1 conta com 6.991 moradias Menos de um ano depois&#8230;<\/p>\n","protected":false},"author":1,"featured_media":90859,"comment_status":"","ping_status":"","sticky":false,"template":"","format":"standard","meta":{"advanced_seo_description":"","jetpack_seo_html_title":"","jetpack_seo_noindex":false,"jetpack_seo_schema_type":"","_jetpack_newsletter_access":"","_jetpack_dont_email_post_to_subs":false,"_jetpack_newsletter_tier_id":0,"_jetpack_memberships_contains_paywalled_content":false,"_jetpack_feature_clip_id":0,"_jetpack_memberships_contains_paid_content":false,"footnotes":"","jetpack_publicize_message":"","jetpack_publicize_feature_enabled":true,"jetpack_social_post_already_shared":true,"jetpack_social_options":{"image_generator_settings":{"template":"highway","default_image_id":0,"font":"","enabled":false},"version":2},"jetpack_post_was_ever_published":false},"categories":[11],"tags":[175,3397,1536],"class_list":["post-90858","post","type-post","status-publish","format-standard","has-post-thumbnail","hentry","category-noticias-de-ribeirao-preto-sp-e-regiao-ismael-colosi","tag-anuncia","tag-casas","tag-empresa"],"jetpack_publicize_connections":[],"jetpack-related-posts":[{"id":44084,"url":"https:\/\/noticiasribeiraopreto.com.br\/index.php\/2024\/03\/25\/definida-empresa-responsavel-pela-construcao-de-441-imoveis-populares-em-rp\/","url_meta":{"origin":90858,"position":0},"title":"Definida empresa respons\u00e1vel pela constru\u00e7\u00e3o de 441 im\u00f3veis populares em RP","author":"noticiasribeiraopreto.com.br","date":"25 de March de 2024","format":false,"excerpt":"25 de mar\u00e7o de 2024 | 17:0025 de mar\u00e7o de 2024 | 13:02 0 A Prefeitura de Ribeir\u00e3o Preto definiu a empresa respons\u00e1vel pela constru\u00e7\u00e3o de 441 unidades habitacionais populares, por meio do programa Minha Casa, Minha Vida, do Governo Federal. O projeto dever\u00e1 ser desenvolvido pela BRNPAR Empreendimentos Imobili\u00e1rios\u2026","rel":"","context":"In &quot;Not\u00edcias de Ribeir\u00e3o Preto-SP e Regi\u00e3o&quot;","block_context":{"text":"Not\u00edcias de Ribeir\u00e3o Preto-SP e Regi\u00e3o","link":"https:\/\/noticiasribeiraopreto.com.br\/index.php\/category\/noticias-de-ribeirao-preto-sp-e-regiao-ismael-colosi\/"},"img":{"alt_text":"","src":"https:\/\/i0.wp.com\/noticiasribeiraopreto.com.br\/wp-content\/uploads\/2024\/03\/3e1aa943-11e3-4f41-ad37-5a26a62aafd3.jpg?fit=848%2C477&ssl=1&resize=350%2C200","width":350,"height":200,"srcset":"https:\/\/i0.wp.com\/noticiasribeiraopreto.com.br\/wp-content\/uploads\/2024\/03\/3e1aa943-11e3-4f41-ad37-5a26a62aafd3.jpg?fit=848%2C477&ssl=1&resize=350%2C200 1x, https:\/\/i0.wp.com\/noticiasribeiraopreto.com.br\/wp-content\/uploads\/2024\/03\/3e1aa943-11e3-4f41-ad37-5a26a62aafd3.jpg?fit=848%2C477&ssl=1&resize=525%2C300 1.5x, https:\/\/i0.wp.com\/noticiasribeiraopreto.com.br\/wp-content\/uploads\/2024\/03\/3e1aa943-11e3-4f41-ad37-5a26a62aafd3.jpg?fit=848%2C477&ssl=1&resize=700%2C400 2x"},"classes":[]},{"id":39956,"url":"https:\/\/noticiasribeiraopreto.com.br\/index.php\/2024\/02\/29\/licitacao-de-441-imoveis-termina-nesta-sexta-feira\/","url_meta":{"origin":90858,"position":1},"title":"Licita\u00e7\u00e3o de 441 im\u00f3veis termina nesta sexta-feira\u00a0","author":"noticiasribeiraopreto.com.br","date":"29 de February de 2024","format":false,"excerpt":"29 de fevereiro de 2024 | 10:0028 de fevereiro de 2024 | 21:11 0A prefeitura de Ribeir\u00e3o Preto vai encerrar nesta sexta-feira, 1\u00ba de mar\u00e7o, a licita\u00e7\u00e3o (chamamento p\u00fablico n\u00famero 06\/2023) para selecionar empresas interessadas na constru\u00e7\u00e3o de 441 unidades habitacionais populares, por meio do Programa Minha Casa, Minha Vida\u2026","rel":"","context":"In &quot;Not\u00edcias de Ribeir\u00e3o Preto-SP e Regi\u00e3o&quot;","block_context":{"text":"Not\u00edcias de Ribeir\u00e3o Preto-SP e Regi\u00e3o","link":"https:\/\/noticiasribeiraopreto.com.br\/index.php\/category\/noticias-de-ribeirao-preto-sp-e-regiao-ismael-colosi\/"},"img":{"alt_text":"","src":"https:\/\/i0.wp.com\/noticiasribeiraopreto.com.br\/wp-content\/uploads\/2024\/02\/Areas-Pal-Google-Maps-02.jpg?fit=584%2C645&ssl=1&resize=350%2C200","width":350,"height":200,"srcset":"https:\/\/i0.wp.com\/noticiasribeiraopreto.com.br\/wp-content\/uploads\/2024\/02\/Areas-Pal-Google-Maps-02.jpg?fit=584%2C645&ssl=1&resize=350%2C200 1x, https:\/\/i0.wp.com\/noticiasribeiraopreto.com.br\/wp-content\/uploads\/2024\/02\/Areas-Pal-Google-Maps-02.jpg?fit=584%2C645&ssl=1&resize=525%2C300 1.5x"},"classes":[]},{"id":60670,"url":"https:\/\/noticiasribeiraopreto.com.br\/index.php\/2024\/11\/21\/construtora-pagano-lanca-novo-empreendimento-em-araraquara\/","url_meta":{"origin":90858,"position":2},"title":"Construtora Pagano lan\u00e7a novo empreendimento em Araraquara","author":"noticiasribeiraopreto.com.br","date":"21 de November de 2024","format":false,"excerpt":"Viver em harmonia com a natureza, resgatar a autenticidade e valorizar os momentos mais essenciais. \u00c9 com esse prop\u00f3sito que o Authoria Quinta das Oliveiras \u2013 um empreendimento exclusivo da grife Authoria \u2013 chega a Araraquara para oferecer uma nova experi\u00eancia de vida, em um residencial fechado que une conforto,\u2026","rel":"","context":"In &quot;Not\u00edcias de Ribeir\u00e3o Preto-SP e Regi\u00e3o&quot;","block_context":{"text":"Not\u00edcias de Ribeir\u00e3o Preto-SP e Regi\u00e3o","link":"https:\/\/noticiasribeiraopreto.com.br\/index.php\/category\/noticias-de-ribeirao-preto-sp-e-regiao-ismael-colosi\/"},"img":{"alt_text":"","src":"https:\/\/i0.wp.com\/noticiasribeiraopreto.com.br\/wp-content\/uploads\/2024\/11\/1_2024-11-21_16-21-47_png_2024-11-21_16-21-47.webp.webp?fit=1200%2C800&ssl=1&resize=350%2C200","width":350,"height":200,"srcset":"https:\/\/i0.wp.com\/noticiasribeiraopreto.com.br\/wp-content\/uploads\/2024\/11\/1_2024-11-21_16-21-47_png_2024-11-21_16-21-47.webp.webp?fit=1200%2C800&ssl=1&resize=350%2C200 1x, https:\/\/i0.wp.com\/noticiasribeiraopreto.com.br\/wp-content\/uploads\/2024\/11\/1_2024-11-21_16-21-47_png_2024-11-21_16-21-47.webp.webp?fit=1200%2C800&ssl=1&resize=525%2C300 1.5x, https:\/\/i0.wp.com\/noticiasribeiraopreto.com.br\/wp-content\/uploads\/2024\/11\/1_2024-11-21_16-21-47_png_2024-11-21_16-21-47.webp.webp?fit=1200%2C800&ssl=1&resize=700%2C400 2x, https:\/\/i0.wp.com\/noticiasribeiraopreto.com.br\/wp-content\/uploads\/2024\/11\/1_2024-11-21_16-21-47_png_2024-11-21_16-21-47.webp.webp?fit=1200%2C800&ssl=1&resize=1050%2C600 3x"},"classes":[]},{"id":83266,"url":"https:\/\/noticiasribeiraopreto.com.br\/index.php\/2026\/03\/14\/ribeirao-preto-abre-edital-para-construcao-de-752-moradias-populares\/","url_meta":{"origin":90858,"position":3},"title":"Ribeir\u00e3o Preto abre edital para constru\u00e7\u00e3o de 752 moradias populares","author":"noticiasribeiraopreto.com.br","date":"14 de March de 2026","format":false,"excerpt":"A Prefeitura de Ribeir\u00e3o Preto abriu um edital para selecionar empresas da constru\u00e7\u00e3o civil interessadas em construir 752 moradias populares no munic\u00edpio. Os novos empreendimentos v\u00e3o ser constru\u00eddos em seis \u00e1reas localizadas nos bairros Jardim Paiva, Jos\u00e9 Sampaio e C\u00e2ndido Portinari. As casas ser\u00e3o destinadas a fam\u00edlias de baixa renda,\u2026","rel":"","context":"In &quot;Not\u00edcias de Ribeir\u00e3o Preto-SP e Regi\u00e3o&quot;","block_context":{"text":"Not\u00edcias de Ribeir\u00e3o Preto-SP e Regi\u00e3o","link":"https:\/\/noticiasribeiraopreto.com.br\/index.php\/category\/noticias-de-ribeirao-preto-sp-e-regiao-ismael-colosi\/"},"img":{"alt_text":"","src":"https:\/\/i0.wp.com\/noticiasribeiraopreto.com.br\/wp-content\/uploads\/2026\/03\/palace-69_2026-03-13_19-55-05.webp.webp?fit=1200%2C675&ssl=1&resize=350%2C200","width":350,"height":200,"srcset":"https:\/\/i0.wp.com\/noticiasribeiraopreto.com.br\/wp-content\/uploads\/2026\/03\/palace-69_2026-03-13_19-55-05.webp.webp?fit=1200%2C675&ssl=1&resize=350%2C200 1x, https:\/\/i0.wp.com\/noticiasribeiraopreto.com.br\/wp-content\/uploads\/2026\/03\/palace-69_2026-03-13_19-55-05.webp.webp?fit=1200%2C675&ssl=1&resize=525%2C300 1.5x, https:\/\/i0.wp.com\/noticiasribeiraopreto.com.br\/wp-content\/uploads\/2026\/03\/palace-69_2026-03-13_19-55-05.webp.webp?fit=1200%2C675&ssl=1&resize=700%2C400 2x, https:\/\/i0.wp.com\/noticiasribeiraopreto.com.br\/wp-content\/uploads\/2026\/03\/palace-69_2026-03-13_19-55-05.webp.webp?fit=1200%2C675&ssl=1&resize=1050%2C600 3x"},"classes":[]},{"id":46296,"url":"https:\/\/noticiasribeiraopreto.com.br\/index.php\/2024\/04\/10\/governo-anuncia-mais-de-300-moradias-populares-em-ribeirao-preto\/","url_meta":{"origin":90858,"position":4},"title":"Governo anuncia mais de 300 moradias populares em Ribeir\u00e3o Preto","author":"noticiasribeiraopreto.com.br","date":"10 de April de 2024","format":false,"excerpt":"O Governo Federal anunciou nesta quarta-feira (10) a constru\u00e7\u00e3o de 354 moradias populares em Ribeir\u00e3o Preto, por meio do Minha Casa, Minha Vida Entidades. Os im\u00f3veis s\u00e3o destinados para fam\u00edlias com renda mensal de at\u00e9 R$ 2.640,00, organizadas sob a forma associativa. Al\u00e9m de Ribeir\u00e3o Preto, ser\u00e3o constru\u00eddos 50 im\u00f3veis\u2026","rel":"","context":"In &quot;Not\u00edcias de Ribeir\u00e3o Preto-SP e Regi\u00e3o&quot;","block_context":{"text":"Not\u00edcias de Ribeir\u00e3o Preto-SP e Regi\u00e3o","link":"https:\/\/noticiasribeiraopreto.com.br\/index.php\/category\/noticias-de-ribeirao-preto-sp-e-regiao-ismael-colosi\/"},"img":{"alt_text":"","src":"https:\/\/i0.wp.com\/noticiasribeiraopreto.com.br\/wp-content\/uploads\/2024\/04\/1712782302_casa-popular.jpg?fit=1160%2C694&ssl=1&resize=350%2C200","width":350,"height":200,"srcset":"https:\/\/i0.wp.com\/noticiasribeiraopreto.com.br\/wp-content\/uploads\/2024\/04\/1712782302_casa-popular.jpg?fit=1160%2C694&ssl=1&resize=350%2C200 1x, https:\/\/i0.wp.com\/noticiasribeiraopreto.com.br\/wp-content\/uploads\/2024\/04\/1712782302_casa-popular.jpg?fit=1160%2C694&ssl=1&resize=525%2C300 1.5x, https:\/\/i0.wp.com\/noticiasribeiraopreto.com.br\/wp-content\/uploads\/2024\/04\/1712782302_casa-popular.jpg?fit=1160%2C694&ssl=1&resize=700%2C400 2x, https:\/\/i0.wp.com\/noticiasribeiraopreto.com.br\/wp-content\/uploads\/2024\/04\/1712782302_casa-popular.jpg?fit=1160%2C694&ssl=1&resize=1050%2C600 3x"},"classes":[]},{"id":81113,"url":"https:\/\/noticiasribeiraopreto.com.br\/index.php\/2025\/12\/24\/proposta-quer-alienar-36-imoveis-publicos-de-ribeirao-para-moradias-do-minha-casa-minha-vida\/","url_meta":{"origin":90858,"position":5},"title":"Proposta quer alienar 36 im\u00f3veis p\u00fablicos de Ribeir\u00e3o para moradias do Minha Casa, Minha Vida","author":"noticiasribeiraopreto.com.br","date":"24 de December de 2025","format":false,"excerpt":"A Prefeitura de Ribeir\u00e3o Preto enviou o projeto de lei complementar 61\/2025 para C\u00e2mara Municipal, que permite alienar 36 im\u00f3veis p\u00fablicos para constru\u00e7\u00e3o de moradias no Programa Minha Casa, Minha Vida. Segundo a proposta, os im\u00f3veis ser\u00e3o desafetados, ou seja, perder\u00e3o a fun\u00e7\u00e3o p\u00fablica para que possam ser alienados pela\u2026","rel":"","context":"In &quot;Not\u00edcias de Ribeir\u00e3o Preto-SP e Regi\u00e3o&quot;","block_context":{"text":"Not\u00edcias de Ribeir\u00e3o Preto-SP e Regi\u00e3o","link":"https:\/\/noticiasribeiraopreto.com.br\/index.php\/category\/noticias-de-ribeirao-preto-sp-e-regiao-ismael-colosi\/"},"img":{"alt_text":"","src":"https:\/\/i0.wp.com\/noticiasribeiraopreto.com.br\/wp-content\/uploads\/2025\/10\/camara-de-ribeirao-preto_2025-10-27_20-36-22.webp.webp?fit=1024%2C576&ssl=1&resize=350%2C200","width":350,"height":200,"srcset":"https:\/\/i0.wp.com\/noticiasribeiraopreto.com.br\/wp-content\/uploads\/2025\/10\/camara-de-ribeirao-preto_2025-10-27_20-36-22.webp.webp?fit=1024%2C576&ssl=1&resize=350%2C200 1x, https:\/\/i0.wp.com\/noticiasribeiraopreto.com.br\/wp-content\/uploads\/2025\/10\/camara-de-ribeirao-preto_2025-10-27_20-36-22.webp.webp?fit=1024%2C576&ssl=1&resize=525%2C300 1.5x, https:\/\/i0.wp.com\/noticiasribeiraopreto.com.br\/wp-content\/uploads\/2025\/10\/camara-de-ribeirao-preto_2025-10-27_20-36-22.webp.webp?fit=1024%2C576&ssl=1&resize=700%2C400 2x"},"classes":[]}],"jetpack_sharing_enabled":true,"jetpack_shortlink":"https:\/\/wp.me\/peQAOb-nDs","jetpack_featured_media_url":"https:\/\/i0.wp.com\/noticiasribeiraopreto.com.br\/wp-content\/uploads\/2026\/09\/CasasRP-Bai-Divulgacao-scaled.jpg?fit=1200%2C573&ssl=1","_links":{"self":[{"href":"https:\/\/noticiasribeiraopreto.com.br\/index.php\/wp-json\/wp\/v2\/posts\/90858","targetHints":{"allow":["GET"]}}],"collection":[{"href":"https:\/\/noticiasribeiraopreto.com.br\/index.php\/wp-json\/wp\/v2\/posts"}],"about":[{"href":"https:\/\/noticiasribeiraopreto.com.br\/index.php\/wp-json\/wp\/v2\/types\/post"}],"author":[{"embeddable":true,"href":"https:\/\/noticiasribeiraopreto.com.br\/index.php\/wp-json\/wp\/v2\/users\/1"}],"replies":[{"embeddable":true,"href":"https:\/\/noticiasribeiraopreto.com.br\/index.php\/wp-json\/wp\/v2\/comments?post=90858"}],"version-history":[{"count":0,"href":"https:\/\/noticiasribeiraopreto.com.br\/index.php\/wp-json\/wp\/v2\/posts\/90858\/revisions"}],"wp:featuredmedia":[{"embeddable":true,"href":"https:\/\/noticiasribeiraopreto.com.br\/index.php\/wp-json\/wp\/v2\/media\/90859"}],"wp:attachment":[{"href":"https:\/\/noticiasribeiraopreto.com.br\/index.php\/wp-json\/wp\/v2\/media?parent=90858"}],"wp:term":[{"taxonomy":"category","embeddable":true,"href":"https:\/\/noticiasribeiraopreto.com.br\/index.php\/wp-json\/wp\/v2\/categories?post=90858"},{"taxonomy":"post_tag","embeddable":true,"href":"https:\/\/noticiasribeiraopreto.com.br\/index.php\/wp-json\/wp\/v2\/tags?post=90858"}],"curies":[{"name":"wp","href":"https:\/\/api.w.org\/{rel}","templated":true}]}}