{"id":90860,"date":"2026-09-01T07:06:36","date_gmt":"2026-09-01T10:06:36","guid":{"rendered":"https:\/\/noticiasribeiraopreto.com.br\/index.php\/2026\/09\/01\/escolas-abrem-matricula-hoje\/"},"modified":"2026-09-01T07:06:36","modified_gmt":"2026-09-01T10:06:36","slug":"escolas-abrem-matricula-hoje","status":"publish","type":"post","link":"https:\/\/noticiasribeiraopreto.com.br\/index.php\/2026\/09\/01\/escolas-abrem-matricula-hoje\/","title":{"rendered":"Escolas abrem \u2028matr\u00edcula hoje &#8211; Tribuna Ribeir\u00e3o"},"content":{"rendered":"<div class='code-block code-block-1' style='margin: 8px 0 8px auto; text-align: right; display: block; clear: both;'>\n<p><a href=\"https:\/\/wa.link\/vpicfd\"><img data-recalc-dims=\"1\" class=\"wp-image-4922\" style=\"aspect-ratio: 2.0253164556962027; width: 561px; height: auto;\" src=\"https:\/\/i0.wp.com\/ismaelcolosi.com.br\/wp-content\/uploads\/2023\/11\/grupo-de-empregos-whatsapp-e-facebook-ismael-colosi-vagas.jpg?ssl=1\" alt=\"\" \/><\/a><\/p>\n<!-- \/wp:image -->\n<\/div>\n<p> <br \/>\n<\/p>\n<div id=\"\">&#13;<br \/>\n\t\t\t\t\t\t\t\t&#13;<\/p>\n<p>&#13;<br \/>\n\t\t\t\t\t\t\t\t\t<span class=\"entry-meta-item penci-posted-on\"><i class=\"fa fa-clock-o\"\/><time class=\"entry-date published updated\" datetime=\"2026-09-01T07:03:57-03:00\">1 de setembro de 2026 07:03<\/time><\/span><span class=\"entry-meta-item penci-post-countview\"\/>\t\t\t\t\t\t\t\t<\/p>\n<p><!-- .entry-meta -->&#13;<br \/>\n\t\t\t\t\t\t\t\t<span class=\"penci-social-buttons penci-social-share-footer\"><span class=\"penci-social-share-text\">Compartilhar<\/span><a href=\"#\" class=\"penci-post-like penci_post-meta_item  single-like-button penci-social-item like\" data-post_id=\"475656\" title=\"Like\" data-like=\"Like\" data-unlike=\"Unlike\"><i class=\"fa fa-thumbs-o-up\"\/><span class=\"penci-share-number\">0<\/span><\/a><i class=\"fa fa-facebook\"\/><a class=\"penci-social-item twitter\" target=\"_blank\" rel=\"noopener\" title=\"\" href=\"https:\/\/twitter.com\/intent\/tweet?text=Escolas%20abrem%20\u2028matr\u00edcula%20hoje%20-%20https:\/\/www.tribunaribeirao.com.br\/escolas-abrem-matricula-hoje\/\"><i class=\"fa fa-twitter\"\/><\/a><i class=\"fa fa-linkedin\"\/><i class=\"fa fa-whatsapp\"\/><i class=\"fa fa-telegram\"\/><i class=\"fa fa-envelope\"\/><\/span>\t\t\t\t\t\t\t<\/div>\n<div>\n<p class=\"p1\"><i>Escolas municipais e estaduais recebem at\u00e9 18 de setembro matr\u00edcula de novos estudantes para 2027; cadastro poder\u00e1 ser feito online ou presencialmente<\/i><\/p>\n<p class=\"p1\">As fam\u00edlias que desejam inscrever os filhos no Ensino Fundamental das redes municipal e estadual para o ano letivo de 2027 devem ficar atentas ao prazo de inscri\u00e7\u00f5es. O per\u00edodo come\u00e7a nesta ter\u00e7a-feira (1\u00ba) e segue at\u00e9 18 de setembro.<\/p>\n<p>Ribeir\u00e3o Preto conta com 33 Escolas Municipais de Ensino Fundamental, com 23.374 alunos. S\u00e3o 146 unidades no total, contando com a educa\u00e7\u00e3o infantil, com cerca de 50 mil estudantes. A rede estadual tem 87 mil alunos na regi\u00e3o, em 167 escolas de ensino fundamental e m\u00e9dio.<\/p>\n<p>Em Ribeir\u00e3o Preto, a da Secretaria da Educa\u00e7\u00e3o do Estado de S\u00e3o Paulo mant\u00e9m cerca de 45 mil alunos em 76 escolas. A medida \u00e9 destinada a estudantes que, em 2026, est\u00e3o fora da rede p\u00fablica \u2013 como aqueles matriculados em escolas particulares \u2013 e pretendem ingressar em uma unidade municipal ou estadual no pr\u00f3ximo ano.<\/p>\n<p>Podem participar do processo crian\u00e7as e adolescentes de 6 a 17 anos. A inscri\u00e7\u00e3o pode ser feita presencialmente em qualquer unidade p\u00fablica de ensino, municipal ou estadual, no posto da Secretaria Municipal de Educa\u00e7\u00e3o no Poupatempo (Novo Shopping, avenida Presidente Kennedy n\u00ba 1.500, Nova Ribeir\u00e2nia) ou online, por meio do portal da Educa\u00e7\u00e3o de S\u00e3o Paulo (https:\/\/sed.educacao.sp.gov.br\/NCA\/PreInscricaoOnline\/login).<\/p>\n<p>Para realizar o cadastro, \u00e9 necess\u00e1rio apresentar a certid\u00e3o de nascimento, comprovante de endere\u00e7o e hist\u00f3rico escolar, quando houver. Os pais ou respons\u00e1veis n\u00e3o v\u00e3o indicar uma escola espec\u00edfica no momento da inscri\u00e7\u00e3o. A defini\u00e7\u00e3o da unidade ocorrer\u00e1 por meio de compatibiliza\u00e7\u00e3o autom\u00e1tica, com base na geolocaliza\u00e7\u00e3o do endere\u00e7o informado. O resultado ser\u00e1 divulgado em 4 de janeiro de 2027.<\/p>\n<p>\u201cEsse processo \u00e9 importante para organizar o atendimento da rede p\u00fablica e garantir que cada aluno tenha uma vaga para o pr\u00f3ximo ano letivo. Orientamos as fam\u00edlias a respeitarem o per\u00edodo de inscri\u00e7\u00e3o e manterem os dados, principalmente o endere\u00e7o, atualizados. Dessa forma, o sistema poder\u00e1 realizar a aloca\u00e7\u00e3o de acordo com os crit\u00e9rios estabelecidos\u201d, destaca o secret\u00e1rio Municipal de Educa\u00e7\u00e3o, Christian Viana Oliveira.<\/p>\n<p>Os estudantes que j\u00e1 frequentam a rede p\u00fablica e possuem continuidade de estudos ter\u00e3o a matr\u00edcula para 2027 assegurada de forma autom\u00e1tica. Nesses casos, os pais ou respons\u00e1veis n\u00e3o precisam realizar outra inscri\u00e7\u00e3o. Para os alunos matriculados em unidades que n\u00e3o oferecem a etapa seguinte, ser\u00e1 indicada outra escola da rede p\u00fablica.<\/p>\n<p>A partir de 4 de janeiro de 2027, as fam\u00edlias poder\u00e3o solicitar transfer\u00eancia em caso de mudan\u00e7a de endere\u00e7o. Quando n\u00e3o houver altera\u00e7\u00e3o, mas existir interesse em outra unidade, ser\u00e1 poss\u00edvel manifestar \u201cinten\u00e7\u00e3o de transfer\u00eancia\u201d, conforme disponibilidade de vagas e os crit\u00e9rios do sistema<\/p>\n<div style=\"background-color: #f4f4f5; border: 1px solid #d4d4d8; padding: 15px; margin: 20px 0; border-radius: 6px; font-family: sans-serif; line-height: 1.5;\">\n    <span style=\"color: #27272a;\">Inscreva-se em nosso Canal no Whatsapp e fique por dentro de tudo que acontece na regi\u00e3o. <\/span><br \/>\n    <a href=\"https:\/\/whatsapp.com\/channel\/0029VanuE2o7z4kYjo0XVS3u\" target=\"_blank\" rel=\"noopener noreferrer\" style=\"color: #16a34a; font-weight: bold; text-decoration: underline;\">Clique Aqui!<\/a>\n<\/div>\n<\/div>\n<p><script async src=\"\/\/platform.twitter.com\/widgets.js\" charset=\"utf-8\"><\/script><br \/>\n<br \/><br \/>\n<br \/><a href=\"https:\/\/www.tribunaribeirao.com.br\/escolas-abrem-matricula-hoje\/\">Texto original daqui <\/a><\/p>\n<!-- CONTENT END 1 -->\n","protected":false},"excerpt":{"rendered":"<p>&#13; &#13; &#13; 1 de setembro de 2026 07:03 &#13; Compartilhar0 Escolas municipais e estaduais recebem at\u00e9 18 de setembro matr\u00edcula de novos estudantes para&#8230;<\/p>\n","protected":false},"author":1,"featured_media":90861,"comment_status":"","ping_status":"","sticky":false,"template":"","format":"standard","meta":{"advanced_seo_description":"","jetpack_seo_html_title":"","jetpack_seo_noindex":false,"jetpack_seo_schema_type":"","_jetpack_newsletter_access":"","_jetpack_dont_email_post_to_subs":false,"_jetpack_newsletter_tier_id":0,"_jetpack_memberships_contains_paywalled_content":false,"_jetpack_feature_clip_id":0,"_jetpack_memberships_contains_paid_content":false,"footnotes":"","jetpack_publicize_message":"","jetpack_publicize_feature_enabled":true,"jetpack_social_post_already_shared":true,"jetpack_social_options":{"image_generator_settings":{"template":"highway","default_image_id":0,"font":"","enabled":false},"version":2},"jetpack_post_was_ever_published":false},"categories":[11],"tags":[2761,590,1752,4076,26,786],"class_list":["post-90860","post","type-post","status-publish","format-standard","has-post-thumbnail","hentry","category-noticias-de-ribeirao-preto-sp-e-regiao-ismael-colosi","tag-abrem","tag-escolas","tag-hoje","tag-matricula","tag-ribeirao","tag-tribuna"],"jetpack_publicize_connections":[],"jetpack-related-posts":[{"id":79639,"url":"https:\/\/noticiasribeiraopreto.com.br\/index.php\/2025\/11\/05\/educacao-infantil-divulga-matriculas-tribuna-ribeirao\/","url_meta":{"origin":90860,"position":0},"title":"Educa\u00e7\u00e3o infantil \u2028divulga matr\u00edculas &#8211; Tribuna Ribeir\u00e3o","author":"noticiasribeiraopreto.com.br","date":"5 de November de 2025","format":false,"excerpt":"5 de novembro de 2025 10:205 de novembro de 2025 08:5914 Compartilhar0 A Secretaria Municipal da Educa\u00e7\u00e3o divulga nesta quarta-feira, 5 de novembro, o resultado das inscri\u00e7\u00f5es para o ensino infantil referente ao ano letivo de 2026. As fam\u00edlias poder\u00e3o consultar o resultado diretamente nas unidades escolares, no Poupatempo ou\u2026","rel":"","context":"In &quot;Not\u00edcias de Ribeir\u00e3o Preto-SP e Regi\u00e3o&quot;","block_context":{"text":"Not\u00edcias de Ribeir\u00e3o Preto-SP e Regi\u00e3o","link":"https:\/\/noticiasribeiraopreto.com.br\/index.php\/category\/noticias-de-ribeirao-preto-sp-e-regiao-ismael-colosi\/"},"img":{"alt_text":"","src":"https:\/\/i0.wp.com\/noticiasribeiraopreto.com.br\/wp-content\/uploads\/2025\/11\/AulaRP-Guilherme-Sircili-scaled.jpg?fit=1170%2C780&ssl=1&resize=350%2C200","width":350,"height":200,"srcset":"https:\/\/i0.wp.com\/noticiasribeiraopreto.com.br\/wp-content\/uploads\/2025\/11\/AulaRP-Guilherme-Sircili-scaled.jpg?fit=1170%2C780&ssl=1&resize=350%2C200 1x, https:\/\/i0.wp.com\/noticiasribeiraopreto.com.br\/wp-content\/uploads\/2025\/11\/AulaRP-Guilherme-Sircili-scaled.jpg?fit=1170%2C780&ssl=1&resize=525%2C300 1.5x, https:\/\/i0.wp.com\/noticiasribeiraopreto.com.br\/wp-content\/uploads\/2025\/11\/AulaRP-Guilherme-Sircili-scaled.jpg?fit=1170%2C780&ssl=1&resize=700%2C400 2x, https:\/\/i0.wp.com\/noticiasribeiraopreto.com.br\/wp-content\/uploads\/2025\/11\/AulaRP-Guilherme-Sircili-scaled.jpg?fit=1170%2C780&ssl=1&resize=1050%2C600 3x"},"classes":[]},{"id":89325,"url":"https:\/\/noticiasribeiraopreto.com.br\/index.php\/2026\/08\/03\/ceeja-ribeirao-preto-esta-com-matriculas-abertas-para-o-segundo-semestre-veja-como-se-inscrever\/","url_meta":{"origin":90860,"position":1},"title":"CEEJA de Ribeir\u00e3o Preto est\u00e1 com matr\u00edculas abertas para o segundo semestre; Veja como se inscrever","author":"noticiasribeiraopreto.com.br","date":"3 de August de 2026","format":false,"excerpt":"O CEEJA Cec\u00edlia Dultra Caram, escola estadual de Educa\u00e7\u00e3o de Jovens e Adultos localizada em Ribeir\u00e3o Preto, est\u00e1 com matr\u00edculas abertas para o segundo semestre. O atendimento \u00e9 voltado para pessoas com 18 anos ou mais que n\u00e3o conclu\u00edram o Ensino Fundamental ou o Ensino M\u00e9dio. A inscri\u00e7\u00e3o \u00e9 presencial\u2026","rel":"","context":"In &quot;Not\u00edcias de Ribeir\u00e3o Preto-SP e Regi\u00e3o&quot;","block_context":{"text":"Not\u00edcias de Ribeir\u00e3o Preto-SP e Regi\u00e3o","link":"https:\/\/noticiasribeiraopreto.com.br\/index.php\/category\/noticias-de-ribeirao-preto-sp-e-regiao-ismael-colosi\/"},"img":{"alt_text":"","src":"https:\/\/i0.wp.com\/noticiasribeiraopreto.com.br\/wp-content\/uploads\/2026\/08\/CEEJA-3.jpeg?fit=1200%2C557&ssl=1&resize=350%2C200","width":350,"height":200,"srcset":"https:\/\/i0.wp.com\/noticiasribeiraopreto.com.br\/wp-content\/uploads\/2026\/08\/CEEJA-3.jpeg?fit=1200%2C557&ssl=1&resize=350%2C200 1x, https:\/\/i0.wp.com\/noticiasribeiraopreto.com.br\/wp-content\/uploads\/2026\/08\/CEEJA-3.jpeg?fit=1200%2C557&ssl=1&resize=525%2C300 1.5x, https:\/\/i0.wp.com\/noticiasribeiraopreto.com.br\/wp-content\/uploads\/2026\/08\/CEEJA-3.jpeg?fit=1200%2C557&ssl=1&resize=700%2C400 2x, https:\/\/i0.wp.com\/noticiasribeiraopreto.com.br\/wp-content\/uploads\/2026\/08\/CEEJA-3.jpeg?fit=1200%2C557&ssl=1&resize=1050%2C600 3x"},"classes":[]},{"id":69887,"url":"https:\/\/noticiasribeiraopreto.com.br\/index.php\/2025\/05\/10\/jornal-da-franca-projeto-garante-matricula-de-irmaos-na-mesma-escola-da-rede-municipal-de-franca\/","url_meta":{"origin":90860,"position":2},"title":"Jornal da Franca &#8211; Projeto garante matr\u00edcula de irm\u00e3os na mesma escola da rede municipal de Franca","author":"noticiasribeiraopreto.com.br","date":"10 de May de 2025","format":false,"excerpt":"compartilhar no whatsapp compartilhar no telegram compartilhar no facebook compartilhar no linkedin Na aus\u00eancia de vaga na mesma escola, os irm\u00e3os ter\u00e3o prioridade de matr\u00edcula na unidade mais pr\u00f3xima da resid\u00eancia da fam\u00edlia. De autoria do vereador Leandro O Patriota (PL) ser\u00e1 votado o\u00a0Projeto de Lei Ordin\u00e1ria n\u00ba 46\/2025\u00a0que garante\u2026","rel":"","context":"In &quot;Not\u00edcias de Franca-SP&quot;","block_context":{"text":"Not\u00edcias de Franca-SP","link":"https:\/\/noticiasribeiraopreto.com.br\/index.php\/category\/noticias-de-ribeirao-preto-sp-e-regiao-ismael-colosi\/noticias-franca-sp\/"},"img":{"alt_text":"","src":"https:\/\/i0.wp.com\/noticiasribeiraopreto.com.br\/wp-content\/uploads\/2025\/05\/patriotatribuna.jpg?fit=930%2C558&ssl=1&resize=350%2C200","width":350,"height":200,"srcset":"https:\/\/i0.wp.com\/noticiasribeiraopreto.com.br\/wp-content\/uploads\/2025\/05\/patriotatribuna.jpg?fit=930%2C558&ssl=1&resize=350%2C200 1x, https:\/\/i0.wp.com\/noticiasribeiraopreto.com.br\/wp-content\/uploads\/2025\/05\/patriotatribuna.jpg?fit=930%2C558&ssl=1&resize=525%2C300 1.5x, https:\/\/i0.wp.com\/noticiasribeiraopreto.com.br\/wp-content\/uploads\/2025\/05\/patriotatribuna.jpg?fit=930%2C558&ssl=1&resize=700%2C400 2x"},"classes":[]},{"id":73029,"url":"https:\/\/noticiasribeiraopreto.com.br\/index.php\/2025\/06\/24\/confessionario-tribuna-ribeirao-35\/","url_meta":{"origin":90860,"position":3},"title":"Confession\u00e1rio &#8211; Tribuna Ribeir\u00e3o","author":"noticiasribeiraopreto.com.br","date":"24 de June de 2025","format":false,"excerpt":"24 de junho de 2025 10:094 Compartilhar0 Em terras cearenses Chaim Zaher, empres\u00e1rio e fundador do Grupo SEB, ser\u00e1 Conselheiro Pedag\u00f3gico do Ensino Fundamental da TreeHouse, escola bil\u00edngue em Fortaleza (CE). A nova etapa est\u00e1 prevista para ter in\u00edcio em janeiro de 2026. Na \u00e1rea bilingue, Zaher possui a experi\u00eancia\u2026","rel":"","context":"In &quot;Not\u00edcias de Ribeir\u00e3o Preto-SP e Regi\u00e3o&quot;","block_context":{"text":"Not\u00edcias de Ribeir\u00e3o Preto-SP e Regi\u00e3o","link":"https:\/\/noticiasribeiraopreto.com.br\/index.php\/category\/noticias-de-ribeirao-preto-sp-e-regiao-ismael-colosi\/"},"img":{"alt_text":"","src":"https:\/\/i0.wp.com\/noticiasribeiraopreto.com.br\/wp-content\/uploads\/2025\/06\/timeline-educacao-bilingue-scaled.jpg?fit=800%2C418&ssl=1&resize=350%2C200","width":350,"height":200,"srcset":"https:\/\/i0.wp.com\/noticiasribeiraopreto.com.br\/wp-content\/uploads\/2025\/06\/timeline-educacao-bilingue-scaled.jpg?fit=800%2C418&ssl=1&resize=350%2C200 1x, https:\/\/i0.wp.com\/noticiasribeiraopreto.com.br\/wp-content\/uploads\/2025\/06\/timeline-educacao-bilingue-scaled.jpg?fit=800%2C418&ssl=1&resize=525%2C300 1.5x, https:\/\/i0.wp.com\/noticiasribeiraopreto.com.br\/wp-content\/uploads\/2025\/06\/timeline-educacao-bilingue-scaled.jpg?fit=800%2C418&ssl=1&resize=700%2C400 2x"},"classes":[]},{"id":51357,"url":"https:\/\/noticiasribeiraopreto.com.br\/index.php\/2024\/05\/25\/escolas-abrem-cadastro-para-pais-que-precisam-de-auxilio-durante-ferias-em-ribeirao-preto\/","url_meta":{"origin":90860,"position":4},"title":"Escolas abrem cadastro para pais que precisam de aux\u00edlio durante f\u00e9rias em Ribeir\u00e3o Preto","author":"noticiasribeiraopreto.com.br","date":"25 de May de 2024","format":false,"excerpt":"A Prefeitura de Ribeir\u00e3o Preto abrir\u00e1, na segunda-feira (27), o cadastro para as escolas de educa\u00e7\u00e3o infantil que atender\u00e3o os estudantes durante o recesso escolar, que ocorrer\u00e1 de 4 a 19 de julho. Ser\u00e3o oferecidas vagas em 22 polos municipais e 28 escolas conveniadas para auxiliar os pais e respons\u00e1veis\u2026","rel":"","context":"In &quot;Not\u00edcias de Ribeir\u00e3o Preto-SP e Regi\u00e3o&quot;","block_context":{"text":"Not\u00edcias de Ribeir\u00e3o Preto-SP e Regi\u00e3o","link":"https:\/\/noticiasribeiraopreto.com.br\/index.php\/category\/noticias-de-ribeirao-preto-sp-e-regiao-ismael-colosi\/"},"img":{"alt_text":"","src":"https:\/\/i0.wp.com\/noticiasribeiraopreto.com.br\/wp-content\/uploads\/2024\/05\/poloseducacaoinfantil_2405_capa_2024-05-25_15-33-14_jpg_2024-05-25_15-33-14.webp.webp?fit=1000%2C666&ssl=1&resize=350%2C200","width":350,"height":200,"srcset":"https:\/\/i0.wp.com\/noticiasribeiraopreto.com.br\/wp-content\/uploads\/2024\/05\/poloseducacaoinfantil_2405_capa_2024-05-25_15-33-14_jpg_2024-05-25_15-33-14.webp.webp?fit=1000%2C666&ssl=1&resize=350%2C200 1x, https:\/\/i0.wp.com\/noticiasribeiraopreto.com.br\/wp-content\/uploads\/2024\/05\/poloseducacaoinfantil_2405_capa_2024-05-25_15-33-14_jpg_2024-05-25_15-33-14.webp.webp?fit=1000%2C666&ssl=1&resize=525%2C300 1.5x, https:\/\/i0.wp.com\/noticiasribeiraopreto.com.br\/wp-content\/uploads\/2024\/05\/poloseducacaoinfantil_2405_capa_2024-05-25_15-33-14_jpg_2024-05-25_15-33-14.webp.webp?fit=1000%2C666&ssl=1&resize=700%2C400 2x"},"classes":[]},{"id":64676,"url":"https:\/\/noticiasribeiraopreto.com.br\/index.php\/2025\/03\/11\/hc-ribeirao-e-usp-abrem-concursos-publicos-com-salarios-de-ate-r-15-mil\/","url_meta":{"origin":90860,"position":5},"title":"HC Ribeir\u00e3o e USP abrem concursos p\u00fablicos com sal\u00e1rios de at\u00e9 R$ 15 mil","author":"noticiasribeiraopreto.com.br","date":"11 de March de 2025","format":false,"excerpt":"O HC-RP (Hospital das Cl\u00ednicas de Ribeir\u00e3o Preto) e a USP (Universidade de S\u00e3o Paulo) publicaram nesta ter\u00e7a-feira (11) tr\u00eas editais de concurso p\u00fablico. Os sal\u00e1rios para os cargos variam entre R$ 2,7 mil e R$ 15,4 mil. Veja as vagas USP A Escola de Enfermagem de Ribeir\u00e3o Preto da\u2026","rel":"","context":"In &quot;Not\u00edcias de Ribeir\u00e3o Preto-SP e Regi\u00e3o&quot;","block_context":{"text":"Not\u00edcias de Ribeir\u00e3o Preto-SP e Regi\u00e3o","link":"https:\/\/noticiasribeiraopreto.com.br\/index.php\/category\/noticias-de-ribeirao-preto-sp-e-regiao-ismael-colosi\/"},"img":{"alt_text":"","src":"https:\/\/i0.wp.com\/noticiasribeiraopreto.com.br\/wp-content\/uploads\/2025\/01\/Copia-de-Copia-de-TAMANHO-EXATO-PARA-FOTOS-NO-SISTEMA-NOVO_2024-07-10_14-29-47_jpg_2024-07-10_14-29-47.webp.webp?fit=1200%2C675&ssl=1&resize=350%2C200","width":350,"height":200,"srcset":"https:\/\/i0.wp.com\/noticiasribeiraopreto.com.br\/wp-content\/uploads\/2025\/01\/Copia-de-Copia-de-TAMANHO-EXATO-PARA-FOTOS-NO-SISTEMA-NOVO_2024-07-10_14-29-47_jpg_2024-07-10_14-29-47.webp.webp?fit=1200%2C675&ssl=1&resize=350%2C200 1x, https:\/\/i0.wp.com\/noticiasribeiraopreto.com.br\/wp-content\/uploads\/2025\/01\/Copia-de-Copia-de-TAMANHO-EXATO-PARA-FOTOS-NO-SISTEMA-NOVO_2024-07-10_14-29-47_jpg_2024-07-10_14-29-47.webp.webp?fit=1200%2C675&ssl=1&resize=525%2C300 1.5x, https:\/\/i0.wp.com\/noticiasribeiraopreto.com.br\/wp-content\/uploads\/2025\/01\/Copia-de-Copia-de-TAMANHO-EXATO-PARA-FOTOS-NO-SISTEMA-NOVO_2024-07-10_14-29-47_jpg_2024-07-10_14-29-47.webp.webp?fit=1200%2C675&ssl=1&resize=700%2C400 2x, https:\/\/i0.wp.com\/noticiasribeiraopreto.com.br\/wp-content\/uploads\/2025\/01\/Copia-de-Copia-de-TAMANHO-EXATO-PARA-FOTOS-NO-SISTEMA-NOVO_2024-07-10_14-29-47_jpg_2024-07-10_14-29-47.webp.webp?fit=1200%2C675&ssl=1&resize=1050%2C600 3x"},"classes":[]}],"jetpack_sharing_enabled":true,"jetpack_shortlink":"https:\/\/wp.me\/peQAOb-nDu","jetpack_featured_media_url":"https:\/\/i0.wp.com\/noticiasribeiraopreto.com.br\/wp-content\/uploads\/2026\/09\/AulaRP-Guilherme-Sircili-scaled.jpg?fit=1170%2C780&ssl=1","_links":{"self":[{"href":"https:\/\/noticiasribeiraopreto.com.br\/index.php\/wp-json\/wp\/v2\/posts\/90860","targetHints":{"allow":["GET"]}}],"collection":[{"href":"https:\/\/noticiasribeiraopreto.com.br\/index.php\/wp-json\/wp\/v2\/posts"}],"about":[{"href":"https:\/\/noticiasribeiraopreto.com.br\/index.php\/wp-json\/wp\/v2\/types\/post"}],"author":[{"embeddable":true,"href":"https:\/\/noticiasribeiraopreto.com.br\/index.php\/wp-json\/wp\/v2\/users\/1"}],"replies":[{"embeddable":true,"href":"https:\/\/noticiasribeiraopreto.com.br\/index.php\/wp-json\/wp\/v2\/comments?post=90860"}],"version-history":[{"count":0,"href":"https:\/\/noticiasribeiraopreto.com.br\/index.php\/wp-json\/wp\/v2\/posts\/90860\/revisions"}],"wp:featuredmedia":[{"embeddable":true,"href":"https:\/\/noticiasribeiraopreto.com.br\/index.php\/wp-json\/wp\/v2\/media\/90861"}],"wp:attachment":[{"href":"https:\/\/noticiasribeiraopreto.com.br\/index.php\/wp-json\/wp\/v2\/media?parent=90860"}],"wp:term":[{"taxonomy":"category","embeddable":true,"href":"https:\/\/noticiasribeiraopreto.com.br\/index.php\/wp-json\/wp\/v2\/categories?post=90860"},{"taxonomy":"post_tag","embeddable":true,"href":"https:\/\/noticiasribeiraopreto.com.br\/index.php\/wp-json\/wp\/v2\/tags?post=90860"}],"curies":[{"name":"wp","href":"https:\/\/api.w.org\/{rel}","templated":true}]}}