{"id":90862,"date":"2026-09-01T07:30:06","date_gmt":"2026-09-01T10:30:06","guid":{"rendered":"https:\/\/noticiasribeiraopreto.com.br\/index.php\/2026\/09\/01\/o-que-acontece-ao-recusar-a-fazer-o-bafometro\/"},"modified":"2026-09-01T07:30:06","modified_gmt":"2026-09-01T10:30:06","slug":"o-que-acontece-ao-recusar-a-fazer-o-bafometro","status":"publish","type":"post","link":"https:\/\/noticiasribeiraopreto.com.br\/index.php\/2026\/09\/01\/o-que-acontece-ao-recusar-a-fazer-o-bafometro\/","title":{"rendered":"O que acontece ao recusar a fazer o baf\u00f4metro?"},"content":{"rendered":"<div class='code-block code-block-1' style='margin: 8px 0 8px auto; text-align: right; display: block; clear: both;'>\n<p><a href=\"https:\/\/wa.link\/vpicfd\"><img data-recalc-dims=\"1\" class=\"wp-image-4922\" style=\"aspect-ratio: 2.0253164556962027; width: 561px; height: auto;\" src=\"https:\/\/i0.wp.com\/ismaelcolosi.com.br\/wp-content\/uploads\/2023\/11\/grupo-de-empregos-whatsapp-e-facebook-ismael-colosi-vagas.jpg?ssl=1\" alt=\"\" \/><\/a><\/p>\n<!-- \/wp:image -->\n<\/div>\n<p> <br \/>\n<\/p>\n<div>\n<p class=\"wp-block-paragraph\">Quem dirige alcoolizado pode perder a Carteira Nacional de Habilita\u00e7\u00e3o e levar multa de quase R$ 3 mil. \u00c9 o que prev\u00ea o C\u00f3digo de Tr\u00e2nsito Brasileiro (CTB). Mas o simples fato de <strong>recusar o teste do baf\u00f4metro resulta em penalidades id\u00eanticas \u00e0s aplicadas a quem \u00e9 pego dirigindo sob efeito de \u00e1lcool.<\/strong><\/p>\n<p class=\"wp-block-paragraph\">Segundo Detran-SP, instaura-se processo administrativo de suspens\u00e3o da Carteira Nacional de Habilita\u00e7\u00e3o (CNH) e o ve\u00edculo \u00e9 retido na abordagem, at\u00e9 a apresenta\u00e7\u00e3o de um condutor habilitado e s\u00f3brio, podendo ser recolhido a p\u00e1tio se n\u00e3o houver apresenta\u00e7\u00e3o deste segundo motorista.<\/p>\n<p class=\"wp-block-paragraph\">A multa prevista \u00e9 de <strong>R$ 2.934,70<\/strong> e suspens\u00e3o do direito de dirigir dura <strong>12 meses.\u00a0<\/strong><\/p>\n<p class=\"wp-block-paragraph\">Veja abaixo todas as consequ\u00eancias de conduzir ve\u00edculo embriagado e o que fazer para recuperar a carteira de habilita\u00e7\u00e3o, segundo o Detran-SP.<\/p>\n<h2 class=\"wp-block-heading\">Perda da CNH<\/h2>\n<p class=\"wp-block-paragraph\">Dirigir alcoolizado faz o motorista ter a Carteira Nacional de Habilita\u00e7\u00e3o (CNH) suspensa por 12 meses, al\u00e9m de ter de pagar uma multa por infra\u00e7\u00e3o grav\u00edssima no valor de R$ 2.934,70.\u00a0<\/p>\n<p class=\"wp-block-paragraph\">A multa por alcoolemia d\u00e1 margem \u00e0 instaura\u00e7\u00e3o de um <strong>processo administrativo de suspens\u00e3o de CNH <\/strong>pelo Detran-SP. No momento da abordagem, o ve\u00edculo s\u00f3 \u00e9 liberado para outro condutor que esteja habilitado e comprovadamente s\u00f3brio para dirigir. Se esse condutor n\u00e3o se apresentar, o ve\u00edculo \u00e9 recolhido ao p\u00e1tio.\u00a0<\/p>\n<p class=\"wp-block-paragraph\">Dentro desses 12 meses de suspens\u00e3o de CNH, o motorista precisa concluir um<strong> curso de reciclagem e ser aprovado em uma prova te\u00f3rica<\/strong> para reaver o documento.<\/p>\n<p class=\"wp-block-paragraph\">Em caso de reincid\u00eancia dentro do per\u00edodo de 12 meses, o valor da multa dobra para <strong>R$ 5.869,40<\/strong> e o prazo de suspens\u00e3o da CNH aumenta.<\/p>\n<p class=\"wp-block-paragraph\"> Na autua\u00e7\u00e3o por dire\u00e7\u00e3o sob efeito de \u00e1lcool, quando h\u00e1 nova ocorr\u00eancia durante o per\u00edodo de suspens\u00e3o da CNH, al\u00e9m da multa em dobro, o motorista responder\u00e1 ainda a<strong> processo administrativo que poder\u00e1 culminar na cassa\u00e7\u00e3o do seu direito de dirigir, se forem esgotados todos os meios de defesa.<\/strong> Nesta \u00faltima situa\u00e7\u00e3o, ele ter\u00e1 de reiniciar todo o processo de habilita\u00e7\u00e3o para voltar a dirigir \u2013 e somente ap\u00f3s transcorrido o prazo de 24 meses depois da cassa\u00e7\u00e3o.\u00a0\u00a0<\/p>\n<h2 class=\"wp-block-heading\">Gradua\u00e7\u00e3o do n\u00edvel de ingest\u00e3o de \u00e1lcool e penalidades<\/h2>\n<p class=\"wp-block-paragraph\"><strong>De 0,01 mg\/L a 0,33 mg\/L<\/strong>: infra\u00e7\u00e3o administrativa grav\u00edssima, com multa de R$ 2.934,70 e suspens\u00e3o da Carteira Nacional de Habilita\u00e7\u00e3o (CNH) por 12 meses.<\/p>\n<p class=\"wp-block-paragraph\"><strong>A partir de 0,34 mg\/L<\/strong>: al\u00e9m da\u00a0 infra\u00e7\u00e3o administrativa grav\u00edssima, com multa de R$ 2.934,70 e suspens\u00e3o da Carteira Nacional de Habilita\u00e7\u00e3o (CNH) por 12 meses, h\u00e1 caracteriza\u00e7\u00e3o de crime de tr\u00e2nsito, com pena de deten\u00e7\u00e3o de seis meses a tr\u00eas anos, se houver condena\u00e7\u00e3o no processo criminal.<\/p>\n<h2 class=\"wp-block-heading\">Deten\u00e7\u00e3o<\/h2>\n<p class=\"wp-block-paragraph\">Se o teste do baf\u00f4metro apontar a partir de 0,34 mg\/l de \u00e1lcool (ou 6 decigramas por litro de sangue) ou se houver sinais claros de altera\u00e7\u00e3o da capacidade psicomotora, o <strong>condutor \u00e9 encaminhado \u00e0 delegacia.<\/strong><\/p>\n<p class=\"wp-block-paragraph\">A pena prevista no C\u00f3digo de Tr\u00e2nsito Brasileiro \u00e9 <strong>deten\u00e7\u00e3o de seis meses a tr\u00eas anos<\/strong>, al\u00e9m da suspens\u00e3o ou proibi\u00e7\u00e3o de obter a habilita\u00e7\u00e3o, no caso de condena\u00e7\u00e3o no processo criminal.<\/p>\n<h2 class=\"wp-block-heading\">Fian\u00e7a\u00a0<\/h2>\n<p class=\"wp-block-paragraph\">O valor da fian\u00e7a por dirigir embriagado varia <strong>de 1 a 100 sal\u00e1rios m\u00ednimos<\/strong>, a pol\u00edcia define com base na situa\u00e7\u00e3o financeira do motorista e na gravidade do caso.<\/p>\n<p class=\"wp-block-paragraph\">Por\u00e9m, a aplica\u00e7\u00e3o da<strong> fian\u00e7a s\u00f3 \u00e9 v\u00e1lida se a alcoolemia do motorista n\u00e3o causar sinistros com les\u00f5es graves ou morte.<\/strong> O valor da fian\u00e7a \u00e9 definido pelo delegado. Quem n\u00e3o tem o dinheiro para pagar fica preso at\u00e9 passar por uma audi\u00eancia de cust\u00f3dia com um juiz.<\/p>\n<h2 class=\"wp-block-heading\">Prazos do processo\u00a0<\/h2>\n<ul class=\"wp-block-list\">\n<li>Expedi\u00e7\u00e3o da multa: o \u00f3rg\u00e3o de tr\u00e2nsito tem o prazo m\u00e1ximo de 30 dias para expedir e enviar a notifica\u00e7\u00e3o de autua\u00e7\u00e3o da infra\u00e7\u00e3o.\u00a0<\/li>\n<li>Registro no sistema: costuma ocorrer em at\u00e9 tr\u00eas semanas.<\/li>\n<li>Defesa pr\u00e9via e recursos: processo completo de julgamento de defesas e recursos administrativos pode levar de 1 a 3 anos para ser conclu\u00eddo em definitivo.<\/li>\n<li>Suspens\u00e3o da CNH: a penalidade padr\u00e3o de suspens\u00e3o do direito de dirigir \u00e9 de 12 meses, aplicada ap\u00f3s o encerramento da defesa.<\/li>\n<li>Prescri\u00e7\u00e3o do crime de embriaguez ao volante: o crime prescreve em tr\u00eas anos, pois a pena m\u00e1xima aplicada a esse delito \u00e9 de tr\u00eas anos de deten\u00e7\u00e3o.<\/li>\n<\/ul>\n<p class=\"wp-block-paragraph\">\u00c9 poss\u00edvel pedir a <strong>anula\u00e7\u00e3o de uma multa de baf\u00f4metro<\/strong> por meio de recursos administrativos, mas \u00e9 preciso identificar erros no auto de infra\u00e7\u00e3o, falhas no aparelho ou irregularidades na abordagem.<\/p>\n<h2 class=\"wp-block-heading\">Aumento das fiscaliza\u00e7\u00f5es<\/h2>\n<p class=\"wp-block-paragraph\">As fiscaliza\u00e7\u00f5es contra o consumo de \u00e1lcool ao volante aumentaram entre 2022 e 2025 no estado de S\u00e3o Paulo, o avan\u00e7o no n\u00famero de ve\u00edculos fiscalizados foi de <strong>450%<\/strong>. Em oito superintend\u00eancias do Detran-SP, o <strong>crescimento foi maior que a m\u00e9dia estadual.<\/strong> Entre elas est\u00e1 Jundia\u00ed, com maior aumento no Estado (quase 1.300%), seguida por Itapeva, Presidente Prudente, Franca, Ribeir\u00e3o Preto, Piracicaba, S\u00e3o Jos\u00e9 do Rio Preto e Bauru.<\/p>\n<p class=\"wp-block-paragraph\">As opera\u00e7\u00f5es tiveram crescimento ano a ano em todas as regi\u00f5es das superintend\u00eancias do Detran-SP. Em quatro delas, o n\u00famero de ve\u00edculos fiscalizados de janeiro a julho \u00e9 maior do que em todo o ano de 2025: Campinas, S\u00e3o Bernardo do Campo, S\u00e3o Jos\u00e9 dos Campos e Sorocaba.<\/p>\n<p class=\"wp-block-paragraph\">O n\u00famero de opera\u00e7\u00f5es tamb\u00e9m \u00e9 expressivo. No estado, o crescimento foi de 234% no ano passado em rela\u00e7\u00e3o a 2022. Em seis regi\u00f5es, o n\u00famero de opera\u00e7\u00f5es nestes primeiros sete meses do ano foi maior que em 2025: capital, Campinas, Osasco, S\u00e3o Bernardo do Campo, S\u00e3o Jos\u00e9 dos Campos e Sorocaba.<\/p>\n<figure class=\"wp-block-image size-full\"><\/figure>\n<figure class=\"wp-block-image size-full is-style-default\"><a href=\"https:\/\/whatsapp.com\/channel\/0029VaMvyGt6LwHpMsKAea0f\"><img data-recalc-dims=\"1\" loading=\"lazy\" data-lazyloaded=\"1\" decoding=\"async\" width=\"600\" height=\"90\" src=\"https:\/\/i0.wp.com\/static1.thmais.com.br\/wp-content\/uploads\/2026\/08\/CANAL-WHATS-PORTAL.jpg?resize=600%2C90&#038;ssl=1\" alt=\"\" class=\"wp-image-662392\" srcset=\"https:\/\/thmais.com.br\/wp-content\/uploads\/2026\/08\/CANAL-WHATS-PORTAL.jpg 600w, https:\/\/thmais.com.br\/wp-content\/uploads\/2026\/08\/CANAL-WHATS-PORTAL-300x45.jpg 300w, https:\/\/thmais.com.br\/wp-content\/uploads\/2026\/08\/CANAL-WHATS-PORTAL-150x23.jpg 150w\" data-sizes=\"(max-width: 600px) 100vw, 600px\"\/><\/a><\/figure>\n<figure class=\"wp-block-image size-full is-style-default\"><a href=\"https:\/\/www.instagram.com\/thmaisnews\/\"><img data-recalc-dims=\"1\" loading=\"lazy\" data-lazyloaded=\"1\" decoding=\"async\" width=\"600\" height=\"90\" src=\"https:\/\/i0.wp.com\/static1.thmais.com.br\/wp-content\/uploads\/2026\/08\/INSTAGRAM.jpg?resize=600%2C90&#038;ssl=1\" alt=\"\" class=\"wp-image-662396\" srcset=\"https:\/\/thmais.com.br\/wp-content\/uploads\/2026\/08\/INSTAGRAM.jpg 600w, https:\/\/thmais.com.br\/wp-content\/uploads\/2026\/08\/INSTAGRAM-300x45.jpg 300w, https:\/\/thmais.com.br\/wp-content\/uploads\/2026\/08\/INSTAGRAM-150x23.jpg 150w\" data-sizes=\"(max-width: 600px) 100vw, 600px\"\/><\/a><\/figure>\n<\/div>\n<p><script async src=\"\/\/www.instagram.com\/embed.js\"><\/script><br \/>\n<br \/><br \/>\n<br \/><a href=\"https:\/\/thmais.com.br\/noticias\/brasil-e-mundo\/o-que-acontece-ao-recusar-a-fazer-o-bafometro\/\">Link para o texto original aqui <\/a><\/p>\n<!-- CONTENT END 1 -->\n","protected":false},"excerpt":{"rendered":"<p>Quem dirige alcoolizado pode perder a Carteira Nacional de Habilita\u00e7\u00e3o e levar multa de quase R$ 3 mil. \u00c9 o que prev\u00ea o C\u00f3digo de&#8230;<\/p>\n","protected":false},"author":1,"featured_media":90863,"comment_status":"","ping_status":"","sticky":false,"template":"","format":"standard","meta":{"advanced_seo_description":"","jetpack_seo_html_title":"","jetpack_seo_noindex":false,"jetpack_seo_schema_type":"","_jetpack_newsletter_access":"","_jetpack_dont_email_post_to_subs":false,"_jetpack_newsletter_tier_id":0,"_jetpack_memberships_contains_paywalled_content":false,"_jetpack_feature_clip_id":0,"_jetpack_memberships_contains_paid_content":false,"footnotes":"","jetpack_publicize_message":"","jetpack_publicize_feature_enabled":true,"jetpack_social_post_already_shared":true,"jetpack_social_options":{"image_generator_settings":{"template":"highway","default_image_id":0,"font":"","enabled":false},"version":2},"jetpack_post_was_ever_published":false},"categories":[11],"tags":[124,2556,284,8845],"class_list":["post-90862","post","type-post","status-publish","format-standard","has-post-thumbnail","hentry","category-noticias-de-ribeirao-preto-sp-e-regiao-ismael-colosi","tag-acontece","tag-bafometro","tag-fazer","tag-recusar"],"jetpack_publicize_connections":[],"jetpack-related-posts":[{"id":71207,"url":"https:\/\/noticiasribeiraopreto.com.br\/index.php\/2025\/06\/03\/operacao-multa-62-motoristas-por-recusa-ao-bafometro-em-ribeirao-preto-e-regiao\/","url_meta":{"origin":90862,"position":0},"title":"Opera\u00e7\u00e3o multa 62 motoristas por recusa ao baf\u00f4metro em Ribeir\u00e3o Preto e regi\u00e3o","author":"noticiasribeiraopreto.com.br","date":"3 de June de 2025","format":false,"excerpt":"As opera\u00e7\u00f5es de fiscaliza\u00e7\u00e3o do Detran contra alcoolemia realizadas na \u00faltima semana em Ribeir\u00e3o Preto, Bebedouro, Monte Azul Paulista e Jaboticabal resultaram em 62 recusas de motoristas ao teste do baf\u00f4metro. Em Ribeir\u00e3o Preto e Jaboticabal, foram registradas 25 recusas ao teste do baf\u00f4metro e uma autua\u00e7\u00e3o por crime de\u2026","rel":"","context":"In &quot;Not\u00edcias de Ribeir\u00e3o Preto-SP e Regi\u00e3o&quot;","block_context":{"text":"Not\u00edcias de Ribeir\u00e3o Preto-SP e Regi\u00e3o","link":"https:\/\/noticiasribeiraopreto.com.br\/index.php\/category\/noticias-de-ribeirao-preto-sp-e-regiao-ismael-colosi\/"},"img":{"alt_text":"","src":"https:\/\/i0.wp.com\/noticiasribeiraopreto.com.br\/wp-content\/uploads\/2025\/06\/Copia-de-Copia-de-Copia-de-TAMANHO-EXATO-PARA-FOTOS-NO-SISTEMA-NOVO-2025-06-03T150746.923_2025-06-03_18-12-38.webp.webp?fit=1200%2C675&ssl=1&resize=350%2C200","width":350,"height":200,"srcset":"https:\/\/i0.wp.com\/noticiasribeiraopreto.com.br\/wp-content\/uploads\/2025\/06\/Copia-de-Copia-de-Copia-de-TAMANHO-EXATO-PARA-FOTOS-NO-SISTEMA-NOVO-2025-06-03T150746.923_2025-06-03_18-12-38.webp.webp?fit=1200%2C675&ssl=1&resize=350%2C200 1x, https:\/\/i0.wp.com\/noticiasribeiraopreto.com.br\/wp-content\/uploads\/2025\/06\/Copia-de-Copia-de-Copia-de-TAMANHO-EXATO-PARA-FOTOS-NO-SISTEMA-NOVO-2025-06-03T150746.923_2025-06-03_18-12-38.webp.webp?fit=1200%2C675&ssl=1&resize=525%2C300 1.5x, https:\/\/i0.wp.com\/noticiasribeiraopreto.com.br\/wp-content\/uploads\/2025\/06\/Copia-de-Copia-de-Copia-de-TAMANHO-EXATO-PARA-FOTOS-NO-SISTEMA-NOVO-2025-06-03T150746.923_2025-06-03_18-12-38.webp.webp?fit=1200%2C675&ssl=1&resize=700%2C400 2x, https:\/\/i0.wp.com\/noticiasribeiraopreto.com.br\/wp-content\/uploads\/2025\/06\/Copia-de-Copia-de-Copia-de-TAMANHO-EXATO-PARA-FOTOS-NO-SISTEMA-NOVO-2025-06-03T150746.923_2025-06-03_18-12-38.webp.webp?fit=1200%2C675&ssl=1&resize=1050%2C600 3x"},"classes":[]},{"id":64757,"url":"https:\/\/noticiasribeiraopreto.com.br\/index.php\/2025\/03\/12\/detran-multa-22-motoristas-apos-recusa-do-teste-do-bafometro-na-regiao-de-ribeirao\/","url_meta":{"origin":90862,"position":1},"title":"Detran multa 22 motoristas ap\u00f3s recusa do teste do baf\u00f4metro na regi\u00e3o de Ribeir\u00e3o","author":"noticiasribeiraopreto.com.br","date":"12 de March de 2025","format":false,"excerpt":"O Detran-SP autuou 22 motoristas por recusarem a fazer o teste do baf\u00f4metro no \u00faltimo s\u00e1bado (8), durante a Opera\u00e7\u00e3o Dire\u00e7\u00e3o Segura Integrada (ODSI), realizada em Barretos, cidade a aproximadamente 130 quil\u00f4metros de Ribeir\u00e3o Preto. Foram abordados 606 ve\u00edculos na avenida Professor Roberto Frade Monte, com apoio das pol\u00edcias Militar,\u2026","rel":"","context":"In &quot;Not\u00edcias de Ribeir\u00e3o Preto-SP e Regi\u00e3o&quot;","block_context":{"text":"Not\u00edcias de Ribeir\u00e3o Preto-SP e Regi\u00e3o","link":"https:\/\/noticiasribeiraopreto.com.br\/index.php\/category\/noticias-de-ribeirao-preto-sp-e-regiao-ismael-colosi\/"},"img":{"alt_text":"","src":"https:\/\/i0.wp.com\/noticiasribeiraopreto.com.br\/wp-content\/uploads\/2025\/03\/teste-do-bafometro.jpg?fit=1200%2C845&ssl=1&resize=350%2C200","width":350,"height":200,"srcset":"https:\/\/i0.wp.com\/noticiasribeiraopreto.com.br\/wp-content\/uploads\/2025\/03\/teste-do-bafometro.jpg?fit=1200%2C845&ssl=1&resize=350%2C200 1x, https:\/\/i0.wp.com\/noticiasribeiraopreto.com.br\/wp-content\/uploads\/2025\/03\/teste-do-bafometro.jpg?fit=1200%2C845&ssl=1&resize=525%2C300 1.5x, https:\/\/i0.wp.com\/noticiasribeiraopreto.com.br\/wp-content\/uploads\/2025\/03\/teste-do-bafometro.jpg?fit=1200%2C845&ssl=1&resize=700%2C400 2x, https:\/\/i0.wp.com\/noticiasribeiraopreto.com.br\/wp-content\/uploads\/2025\/03\/teste-do-bafometro.jpg?fit=1200%2C845&ssl=1&resize=1050%2C600 3x"},"classes":[]},{"id":75641,"url":"https:\/\/noticiasribeiraopreto.com.br\/index.php\/2025\/08\/13\/detran-sp-multa-9-motoristas-durante-blitz-na-regiao-de-ribeirao-preto\/","url_meta":{"origin":90862,"position":2},"title":"Detran-SP multa 9 motoristas durante blitz na regi\u00e3o de Ribeir\u00e3o Preto","author":"noticiasribeiraopreto.com.br","date":"13 de August de 2025","format":false,"excerpt":"Uma opera\u00e7\u00e3o do Detran-SP realizada no \u00faltimo s\u00e1bado (9) contra embriaguez ao volante autuou nove motoristas em Sert\u00e3ozinho, na regi\u00e3o de Ribeir\u00e3o Preto. A a\u00e7\u00e3o foi realizada com apoio da PM (Pol\u00edcia Militar). O \u00f3rg\u00e3o informou que as autua\u00e7\u00f5es ocorreram na liga\u00e7\u00e3o da avenida Ant\u00f4nio Paschoal com a rua Jo\u00e3o\u2026","rel":"","context":"In &quot;Not\u00edcias de Ribeir\u00e3o Preto-SP e Regi\u00e3o&quot;","block_context":{"text":"Not\u00edcias de Ribeir\u00e3o Preto-SP e Regi\u00e3o","link":"https:\/\/noticiasribeiraopreto.com.br\/index.php\/category\/noticias-de-ribeirao-preto-sp-e-regiao-ismael-colosi\/"},"img":{"alt_text":"","src":"","width":0,"height":0},"classes":[]},{"id":71885,"url":"https:\/\/noticiasribeiraopreto.com.br\/index.php\/2025\/06\/11\/detran-multa-47-motoristas-em-operacao-de-combate-a-embriaguez-em-ribeirao-preto-e-sertaozinho\/","url_meta":{"origin":90862,"position":3},"title":"Detran multa 47 motoristas em opera\u00e7\u00e3o de combate \u00e0 embriaguez em Ribeir\u00e3o Preto e Sert\u00e3ozinho","author":"noticiasribeiraopreto.com.br","date":"11 de June de 2025","format":false,"excerpt":"Uma opera\u00e7\u00e3o do Detran-SP realizada no \u00faltimo final de semana contra embriaguez ao volante autuou 47 motoristas em Ribeir\u00e3o Preto e Sert\u00e3ozinho. O \u00f3rg\u00e3o informou que em Ribeir\u00e3o foram 32 autua\u00e7\u00f5es, das quais seis na avenida Adelmo Perdizza e outras 26 na avenida Castelo Branco. J\u00e1 em Sert\u00e3ozinho, 15 motoristas\u2026","rel":"","context":"In &quot;Not\u00edcias de Ribeir\u00e3o Preto-SP e Regi\u00e3o&quot;","block_context":{"text":"Not\u00edcias de Ribeir\u00e3o Preto-SP e Regi\u00e3o","link":"https:\/\/noticiasribeiraopreto.com.br\/index.php\/category\/noticias-de-ribeirao-preto-sp-e-regiao-ismael-colosi\/"},"img":{"alt_text":"","src":"https:\/\/i0.wp.com\/noticiasribeiraopreto.com.br\/wp-content\/uploads\/2025\/06\/castelo_branco_2.jpg?fit=1200%2C751&ssl=1&resize=350%2C200","width":350,"height":200,"srcset":"https:\/\/i0.wp.com\/noticiasribeiraopreto.com.br\/wp-content\/uploads\/2025\/06\/castelo_branco_2.jpg?fit=1200%2C751&ssl=1&resize=350%2C200 1x, https:\/\/i0.wp.com\/noticiasribeiraopreto.com.br\/wp-content\/uploads\/2025\/06\/castelo_branco_2.jpg?fit=1200%2C751&ssl=1&resize=525%2C300 1.5x, https:\/\/i0.wp.com\/noticiasribeiraopreto.com.br\/wp-content\/uploads\/2025\/06\/castelo_branco_2.jpg?fit=1200%2C751&ssl=1&resize=700%2C400 2x, https:\/\/i0.wp.com\/noticiasribeiraopreto.com.br\/wp-content\/uploads\/2025\/06\/castelo_branco_2.jpg?fit=1200%2C751&ssl=1&resize=1050%2C600 3x"},"classes":[]},{"id":62238,"url":"https:\/\/noticiasribeiraopreto.com.br\/index.php\/2025\/01\/08\/blitz-da-lei-seca-multa-19-motoristas-em-avenida-de-ribeirao-preto\/","url_meta":{"origin":90862,"position":4},"title":"Blitz da Lei Seca multa 19 motoristas em avenida de Ribeir\u00e3o Preto","author":"noticiasribeiraopreto.com.br","date":"8 de January de 2025","format":false,"excerpt":"Uma blitz da Lei Seca realizada no \u00faltimo s\u00e1bado (4), na avenida Treze Maio, na zona Leste de Ribeir\u00e3o Preto, terminou com 19 motoristas multados. Isso porque, os condutores se recusaram a realizar o teste do baf\u00f4metro. A fiscaliza\u00e7\u00e3o do Detran-SP, que tem o objetivo de reduzir e prevenir os\u2026","rel":"","context":"In &quot;Not\u00edcias de Ribeir\u00e3o Preto-SP e Regi\u00e3o&quot;","block_context":{"text":"Not\u00edcias de Ribeir\u00e3o Preto-SP e Regi\u00e3o","link":"https:\/\/noticiasribeiraopreto.com.br\/index.php\/category\/noticias-de-ribeirao-preto-sp-e-regiao-ismael-colosi\/"},"img":{"alt_text":"","src":"https:\/\/i0.wp.com\/noticiasribeiraopreto.com.br\/wp-content\/uploads\/2025\/01\/lei-seca.jpeg?fit=1200%2C900&ssl=1&resize=350%2C200","width":350,"height":200,"srcset":"https:\/\/i0.wp.com\/noticiasribeiraopreto.com.br\/wp-content\/uploads\/2025\/01\/lei-seca.jpeg?fit=1200%2C900&ssl=1&resize=350%2C200 1x, https:\/\/i0.wp.com\/noticiasribeiraopreto.com.br\/wp-content\/uploads\/2025\/01\/lei-seca.jpeg?fit=1200%2C900&ssl=1&resize=525%2C300 1.5x, https:\/\/i0.wp.com\/noticiasribeiraopreto.com.br\/wp-content\/uploads\/2025\/01\/lei-seca.jpeg?fit=1200%2C900&ssl=1&resize=700%2C400 2x, https:\/\/i0.wp.com\/noticiasribeiraopreto.com.br\/wp-content\/uploads\/2025\/01\/lei-seca.jpeg?fit=1200%2C900&ssl=1&resize=1050%2C600 3x"},"classes":[]},{"id":73468,"url":"https:\/\/noticiasribeiraopreto.com.br\/index.php\/2025\/07\/03\/detran-multa-39-motoristas-em-operacao-contra-embriaguez-em-ribeirao-preto-e-sertaozinho\/","url_meta":{"origin":90862,"position":5},"title":"Detran multa 39 motoristas em opera\u00e7\u00e3o contra embriaguez em Ribeir\u00e3o Preto e Sert\u00e3ozinho","author":"noticiasribeiraopreto.com.br","date":"3 de July de 2025","format":false,"excerpt":"O Detran-SP autuou 39 motoristas durante opera\u00e7\u00e3o contra embriaguez ao volante no \u00faltimo final de semana, em Ribeir\u00e3o Preto e Sert\u00e3ozinho. Segundo balan\u00e7o divulgado nesta quarta-feira (2), os motoristas autuados recusaram o teste do baf\u00f4metro \u2013 foram 21 em Ribeir\u00e3o e 18 em Sert\u00e3ozinho. Ao todo, 1.423 ve\u00edculos foram abordados,\u2026","rel":"","context":"In &quot;Not\u00edcias de Ribeir\u00e3o Preto-SP e Regi\u00e3o&quot;","block_context":{"text":"Not\u00edcias de Ribeir\u00e3o Preto-SP e Regi\u00e3o","link":"https:\/\/noticiasribeiraopreto.com.br\/index.php\/category\/noticias-de-ribeirao-preto-sp-e-regiao-ismael-colosi\/"},"img":{"alt_text":"","src":"https:\/\/i0.wp.com\/noticiasribeiraopreto.com.br\/wp-content\/uploads\/2025\/07\/policia_rodoviaria_1024x576_19022020160908.jpg?fit=1024%2C576&ssl=1&resize=350%2C200","width":350,"height":200,"srcset":"https:\/\/i0.wp.com\/noticiasribeiraopreto.com.br\/wp-content\/uploads\/2025\/07\/policia_rodoviaria_1024x576_19022020160908.jpg?fit=1024%2C576&ssl=1&resize=350%2C200 1x, https:\/\/i0.wp.com\/noticiasribeiraopreto.com.br\/wp-content\/uploads\/2025\/07\/policia_rodoviaria_1024x576_19022020160908.jpg?fit=1024%2C576&ssl=1&resize=525%2C300 1.5x, https:\/\/i0.wp.com\/noticiasribeiraopreto.com.br\/wp-content\/uploads\/2025\/07\/policia_rodoviaria_1024x576_19022020160908.jpg?fit=1024%2C576&ssl=1&resize=700%2C400 2x"},"classes":[]}],"jetpack_sharing_enabled":true,"jetpack_shortlink":"https:\/\/wp.me\/peQAOb-nDw","jetpack_featured_media_url":"https:\/\/i0.wp.com\/noticiasribeiraopreto.com.br\/wp-content\/uploads\/2026\/09\/image.png?fit=1600%2C1066&ssl=1","_links":{"self":[{"href":"https:\/\/noticiasribeiraopreto.com.br\/index.php\/wp-json\/wp\/v2\/posts\/90862","targetHints":{"allow":["GET"]}}],"collection":[{"href":"https:\/\/noticiasribeiraopreto.com.br\/index.php\/wp-json\/wp\/v2\/posts"}],"about":[{"href":"https:\/\/noticiasribeiraopreto.com.br\/index.php\/wp-json\/wp\/v2\/types\/post"}],"author":[{"embeddable":true,"href":"https:\/\/noticiasribeiraopreto.com.br\/index.php\/wp-json\/wp\/v2\/users\/1"}],"replies":[{"embeddable":true,"href":"https:\/\/noticiasribeiraopreto.com.br\/index.php\/wp-json\/wp\/v2\/comments?post=90862"}],"version-history":[{"count":0,"href":"https:\/\/noticiasribeiraopreto.com.br\/index.php\/wp-json\/wp\/v2\/posts\/90862\/revisions"}],"wp:featuredmedia":[{"embeddable":true,"href":"https:\/\/noticiasribeiraopreto.com.br\/index.php\/wp-json\/wp\/v2\/media\/90863"}],"wp:attachment":[{"href":"https:\/\/noticiasribeiraopreto.com.br\/index.php\/wp-json\/wp\/v2\/media?parent=90862"}],"wp:term":[{"taxonomy":"category","embeddable":true,"href":"https:\/\/noticiasribeiraopreto.com.br\/index.php\/wp-json\/wp\/v2\/categories?post=90862"},{"taxonomy":"post_tag","embeddable":true,"href":"https:\/\/noticiasribeiraopreto.com.br\/index.php\/wp-json\/wp\/v2\/tags?post=90862"}],"curies":[{"name":"wp","href":"https:\/\/api.w.org\/{rel}","templated":true}]}}