{"id":90864,"date":"2026-09-01T07:45:04","date_gmt":"2026-09-01T10:45:04","guid":{"rendered":"https:\/\/noticiasribeiraopreto.com.br\/index.php\/2026\/09\/01\/com-chegada-de-frente-fria-ribeirao-pode-ter-minima-invertida-veja-previsao\/"},"modified":"2026-09-01T07:45:04","modified_gmt":"2026-09-01T10:45:04","slug":"com-chegada-de-frente-fria-ribeirao-pode-ter-minima-invertida-veja-previsao","status":"publish","type":"post","link":"https:\/\/noticiasribeiraopreto.com.br\/index.php\/2026\/09\/01\/com-chegada-de-frente-fria-ribeirao-pode-ter-minima-invertida-veja-previsao\/","title":{"rendered":"Com chegada de frente fria, Ribeir\u00e3o pode ter m\u00ednima invertida; Veja previs\u00e3o"},"content":{"rendered":"<div class='code-block code-block-1' style='margin: 8px 0 8px auto; text-align: right; display: block; clear: both;'>\n<p><a href=\"https:\/\/wa.link\/vpicfd\"><img data-recalc-dims=\"1\" class=\"wp-image-4922\" style=\"aspect-ratio: 2.0253164556962027; width: 561px; height: auto;\" src=\"https:\/\/i0.wp.com\/ismaelcolosi.com.br\/wp-content\/uploads\/2023\/11\/grupo-de-empregos-whatsapp-e-facebook-ismael-colosi-vagas.jpg?ssl=1\" alt=\"\" \/><\/a><\/p>\n<!-- \/wp:image -->\n<\/div>\n<p> <br \/>\n<\/p>\n<p>Ap\u00f3s dias marcados por tempo seco e altas temperaturas, uma <strong>nova frente fria<\/strong> avan\u00e7a elo Estado de S\u00e3o Paulo nesta<strong> ter\u00e7a-feira (1\u00ba)<\/strong> e provoca <strong>chuva fort<\/strong>e, <strong>temporais <\/strong>e <strong>queda significativa das temperaturas<\/strong> em diversas regi\u00f5es, <strong>inclusive em Ribeir\u00e3o Preto<\/strong>.<\/p>\n<p>De acordo com a <strong><a href=\"https:\/\/www.climatempo.com.br\/\" data-type=\"link\" data-id=\"https:\/\/www.climatempo.com.br\/\" target=\"_blank\" rel=\"noreferrer noopener\">Climatempo<\/a><\/strong>, o dia come\u00e7a com sol entre muitas nuvens, mas o tempo vira ao longo do dia, com previs\u00e3o de chuva forte entre a tarde e a noite.<\/p>\n<p>Os term\u00f4metros variam entre <strong>19\u00b0C<\/strong> e <strong>27\u00b0C<\/strong>, mas a temperatura deve diminuir com o avan\u00e7o da frente fria. <mark class=\"has-inline-color\">H\u00e1 possibilidade de <strong>m\u00ednima invertida<\/strong>, quando a menor temperatura do dia n\u00e3o acontece pela manh\u00e3, como \u00e9 comum, mas no fim da tarde ou durante a noite.<\/mark><\/p>\n<p>O fen\u00f4meno tamb\u00e9m aumenta o risco de queda de granizo e de ventos que podem superar os 75 km\/h na regi\u00e3o de Ribeir\u00e3o Preto \u2013 saiba mais logo abaixo.<\/p>\n<figure class=\"wp-block-image size-large\"><figcaption class=\"wp-element-caption\">Chuva forte deve atingir Ribeir\u00e3o Preto no per\u00edodo da tarde e noite \u2013 Foto: V\u00edtor Neves.<\/figcaption><\/figure>\n<p class=\"has-text-align-center has-cyan-bluish-gray-background-color has-background\"><em>Receba not\u00edcias do\u00a0<strong>acidade on Ribeir\u00e3o\u00a0<\/strong>no WhatsApp e fique por dentro de tudo! Basta acessar o link<a href=\"https:\/\/chat.whatsapp.com\/DfXwcjKVIddHUT3BvnQuPZ?mode=hqctshi\" target=\"_blank\" rel=\"noreferrer noopener\">\u00a0aqui<\/a>!<\/em><\/p>\n<h2 class=\"wp-block-heading\"><strong>Chegada de nova frente fria<\/strong><\/h2>\n<p>Segundo a meteorologista<strong> Jos\u00e9lia Pegorim<\/strong>, <mark class=\"has-inline-color\">a ter\u00e7a-feira ser\u00e1 o dia de maior aten\u00e7\u00e3o com a chegada da nova frente fria.<\/mark> Isso porque o sistema avan\u00e7a rapidamente sobre o estado de S\u00e3o Paulo, favorecendo pancadas de chuva moderadas a fortes ao longo do dia.<\/p>\n<p>\u00c0 medida que a frente fria avan\u00e7a para outras \u00e1reas do Sudeste, por\u00e9m, a chuva perde for\u00e7a e as temperaturas diminuem.<\/p>\n<blockquote class=\"wp-block-quote is-layout-flow wp-block-quote-is-layout-flow\">\n<p>\u201cNo interior, o tempo come\u00e7a a ficar mais est\u00e1vel, enquanto o leste e o litoral ainda permanecem com maior nebulosidade devido \u00e0 circula\u00e7\u00e3o mar\u00edtima associada ao ciclone no oceano. A mudan\u00e7a tamb\u00e9m ser\u00e1 percebida nas temperaturas\u201d.<\/p>\n<\/blockquote>\n<figure class=\"wp-block-image size-large\"><img data-recalc-dims=\"1\" loading=\"lazy\" decoding=\"async\" width=\"1024\" height=\"461\" src=\"https:\/\/i0.wp.com\/www.acidadeon.com\/ribeiraopreto\/wp-content\/uploads\/sites\/3\/2026\/02\/nuvens-chuva-ribeirao-preto_2026-02-12_12-20-30-1024x461.webp?resize=1024%2C461&#038;ssl=1\" alt=\"Ribeir\u00e3o Preto tem alerta para chuva forte e temporais - Foto: Ricardo Canaveze.\" class=\"wp-image-145403\" title=\"Com chegada de frente fria, Ribeir\u00e3o pode ter m\u00ednima invertida; Veja previs\u00e3o 2\"><figcaption class=\"wp-element-caption\">Ribeir\u00e3o Preto tem alerta para chuva forte e temporais \u2013 Foto: Ricardo Canaveze.<\/figcaption><\/figure>\n<h2 class=\"wp-block-heading\"><strong>Alerta laranja para ventos de at\u00e9 75 km\/h<\/strong><\/h2>\n<p>A <strong><a href=\"https:\/\/www.defesacivil.sp.gov.br\/sec_defesa_civil\" target=\"_blank\" data-type=\"link\" data-id=\"https:\/\/www.defesacivil.sp.gov.br\/sec_defesa_civil\" rel=\"noreferrer noopener\">Defesa Civil do Estado de S\u00e3o Paulo<\/a><\/strong> emitiu na tarde desta segunda-feira (31), um alerta para a passagem de uma <strong>intensa frente fria<\/strong> trazendo <mark class=\"has-inline-color\">temporais severos, risco de queda de granizo e ventos que podem superar os 75 km\/h.<\/mark><\/p>\n<p>Ap\u00f3s a instabilidade do \u00faltimo fim de semana, o avan\u00e7o deste novo sistema frontal <strong>marca uma virada radical no clima em todo o territ\u00f3rio paulista<\/strong>.<\/p>\n<p>Al\u00e9m das <strong>pancadas de chuva volumosas<\/strong> e das <strong>descargas el\u00e9tricas frequentes<\/strong>, a previs\u00e3o indica um decl\u00ednio acentuado nas temperaturas, quebrando a sequ\u00eancia de calor que vinha predominando no interior.<\/p>\n<blockquote class=\"instagram-media\" data-instgrm-permalink=\"https:\/\/www.instagram.com\/reel\/Dct393TAaiG\/?utm_source=ig_embed&amp;utm_campaign=loading\" data-instgrm-version=\"14\">\n<div> <a href=\"https:\/\/www.instagram.com\/reel\/Dct393TAaiG\/?utm_source=ig_embed&amp;utm_campaign=loading\" target=\"_blank\" rel=\"noopener\"> <\/p>\n<div>\n<div><\/div>\n<div>\n<div><\/div>\n<div><\/div>\n<\/div>\n<\/div>\n<div><\/div>\n<div><\/div>\n<div>\n<div>Ver essa foto no Instagram<\/div>\n<\/div>\n<div><\/div>\n<div>\n<div>\n<div><\/div>\n<div><\/div>\n<div><\/div>\n<\/div>\n<div>\n<div><\/div>\n<div><\/div>\n<\/div>\n<div>\n<div><\/div>\n<div><\/div>\n<div><\/div>\n<\/div>\n<\/div>\n<div>\n<div><\/div>\n<div><\/div>\n<\/div>\n<p><\/a><\/p>\n<p><a href=\"https:\/\/www.instagram.com\/reel\/Dct393TAaiG\/?utm_source=ig_embed&amp;utm_campaign=loading\" target=\"_blank\" rel=\"noopener\">Um post compartilhado por acidade on Ribeir\u00e3o (@acidadeonribeirao)<\/a><\/p>\n<\/div>\n<\/blockquote>\n<p>Al\u00e9m da <strong>regi\u00e3o de Ribeir\u00e3o Preto<\/strong>, a condi\u00e7\u00e3o meteorol\u00f3gica exige aten\u00e7\u00e3o especial para as seguintes regi\u00f5es:<\/p>\n<ul class=\"wp-block-list\">\n<li>Metropolitana da Capital,<\/li>\n<li>Baixada Santista,<\/li>\n<li>Litoral Norte,<\/li>\n<li>Vale do Ribeira,<\/li>\n<li>Vale do Para\u00edba,<\/li>\n<li>Serra da Mantiqueira,<\/li>\n<li>Itapeva,<\/li>\n<li>Registro,<\/li>\n<li>Sorocaba,<\/li>\n<li>Campinas,<\/li>\n<li>Barretos,<\/li>\n<li>Franca,<\/li>\n<li>Presidente Prudente.<\/li>\n<\/ul>\n<p>Nas demais \u00e1reas do Estado, <strong>tamb\u00e9m s\u00e3o esperadas rajadas expressivas associadas \u00e0 passagem da frente fria <\/strong>e <strong>\u00e0 forma\u00e7\u00e3o de tempestades<\/strong>.<\/p>\n<figure class=\"wp-block-image size-large\"><img data-recalc-dims=\"1\" loading=\"lazy\" decoding=\"async\" width=\"1024\" height=\"683\" src=\"https:\/\/i0.wp.com\/www.acidadeon.com\/ribeiraopreto\/wp-content\/uploads\/sites\/3\/2026\/08\/mapa-alerta-defesa-civil-1024x683.jpeg?resize=1024%2C683&#038;ssl=1\" alt=\"mapa alerta defesa civil\" class=\"wp-image-173117\" title=\"Com chegada de frente fria, Ribeir\u00e3o pode ter m\u00ednima invertida; Veja previs\u00e3o 3\"><figcaption class=\"wp-element-caption\">A condi\u00e7\u00e3o meteorol\u00f3gica exige aten\u00e7\u00e3o especial na Regi\u00e3o de Ribeir\u00e3o Preto (Fonte: Defesa Civil SP)<\/figcaption><\/figure>\n<p class=\"has-text-align-center has-cyan-bluish-gray-background-color has-background\"><em>Fa\u00e7a uma den\u00fancia ou sugira uma reportagem sobre\u00a0<strong>Ribeir\u00e3o Preto\u00a0<\/strong>e regi\u00e3o por meio do WhatsApp do\u00a0<strong>acidade on Ribeir\u00e3o<\/strong>: (16) 99117-7802.<\/em><\/p>\n<\/p>\n<p>O post Com chegada de frente fria, Ribeir\u00e3o pode ter m\u00ednima invertida; Veja previs\u00e3o apareceu primeiro em ACidade ON Ribeir\u00e3o Preto.<\/p>\n<p><script async src=\"\/\/www.instagram.com\/embed.js\"><\/script><br \/>\n<br \/><br \/>\n<br \/><a href=\"https:\/\/www.acidadeon.com\/ribeiraopreto\/cotidiano\/com-chegada-de-frente-fria-ribeirao-pode-ter-minima-invertida-veja-previsao\/\">Link para o texto original aqui <\/a><\/p>\n<!-- CONTENT END 1 -->\n","protected":false},"excerpt":{"rendered":"<p>Ap\u00f3s dias marcados por tempo seco e altas temperaturas, uma nova frente fria avan\u00e7a elo Estado de S\u00e3o Paulo nesta ter\u00e7a-feira (1\u00ba) e provoca chuva&#8230;<\/p>\n","protected":false},"author":1,"featured_media":90865,"comment_status":"","ping_status":"","sticky":false,"template":"","format":"standard","meta":{"advanced_seo_description":"","jetpack_seo_html_title":"","jetpack_seo_noindex":false,"jetpack_seo_schema_type":"","_jetpack_newsletter_access":"","_jetpack_dont_email_post_to_subs":false,"_jetpack_newsletter_tier_id":0,"_jetpack_memberships_contains_paywalled_content":false,"_jetpack_feature_clip_id":0,"_jetpack_memberships_contains_paid_content":false,"footnotes":"","jetpack_publicize_message":"","jetpack_publicize_feature_enabled":true,"jetpack_social_post_already_shared":true,"jetpack_social_options":{"image_generator_settings":{"template":"highway","default_image_id":0,"font":"","enabled":false},"version":2},"jetpack_post_was_ever_published":false},"categories":[11],"tags":[1196,490,7201,491,7014,7013,217,350,26,502,48],"class_list":["post-90864","post","type-post","status-publish","format-standard","has-post-thumbnail","hentry","category-noticias-de-ribeirao-preto-sp-e-regiao-ismael-colosi","tag-chegada","tag-frente","tag-frente-fria","tag-fria","tag-invertida","tag-minima","tag-pode","tag-previsao","tag-ribeirao","tag-ter","tag-veja"],"jetpack_publicize_connections":[],"jetpack-related-posts":[{"id":88003,"url":"https:\/\/noticiasribeiraopreto.com.br\/index.php\/2026\/07\/13\/ribeirao-preto-pode-registrar-minima-invertida-veja-previsao\/","url_meta":{"origin":90864,"position":0},"title":"Ribeir\u00e3o Preto pode registrar m\u00ednima invertida; Veja previs\u00e3o","author":"noticiasribeiraopreto.com.br","date":"13 de July de 2026","format":false,"excerpt":"A segunda-feira (13) come\u00e7ou com nebulosidade em Ribeir\u00e3o Preto, ap\u00f3s a chegada da frente fria que trouxe chuva para a cidade na noite deste domingo (12). Receba not\u00edcias do\u00a0acidade on Ribeir\u00e3o\u00a0no WhatsApp e fique por dentro de tudo! Basta acessar o link\u00a0aqui! De acordo com a Climatempo, na manh\u00e3 desta\u2026","rel":"","context":"In &quot;Not\u00edcias de Ribeir\u00e3o Preto-SP e Regi\u00e3o&quot;","block_context":{"text":"Not\u00edcias de Ribeir\u00e3o Preto-SP e Regi\u00e3o","link":"https:\/\/noticiasribeiraopreto.com.br\/index.php\/category\/noticias-de-ribeirao-preto-sp-e-regiao-ismael-colosi\/"},"img":{"alt_text":"","src":"https:\/\/i0.wp.com\/noticiasribeiraopreto.com.br\/wp-content\/uploads\/2026\/07\/tempestade_2025-11-06_17-07-30.webp.webp?fit=1200%2C900&ssl=1&resize=350%2C200","width":350,"height":200,"srcset":"https:\/\/i0.wp.com\/noticiasribeiraopreto.com.br\/wp-content\/uploads\/2026\/07\/tempestade_2025-11-06_17-07-30.webp.webp?fit=1200%2C900&ssl=1&resize=350%2C200 1x, https:\/\/i0.wp.com\/noticiasribeiraopreto.com.br\/wp-content\/uploads\/2026\/07\/tempestade_2025-11-06_17-07-30.webp.webp?fit=1200%2C900&ssl=1&resize=525%2C300 1.5x, https:\/\/i0.wp.com\/noticiasribeiraopreto.com.br\/wp-content\/uploads\/2026\/07\/tempestade_2025-11-06_17-07-30.webp.webp?fit=1200%2C900&ssl=1&resize=700%2C400 2x, https:\/\/i0.wp.com\/noticiasribeiraopreto.com.br\/wp-content\/uploads\/2026\/07\/tempestade_2025-11-06_17-07-30.webp.webp?fit=1200%2C900&ssl=1&resize=1050%2C600 3x"},"classes":[]},{"id":86496,"url":"https:\/\/noticiasribeiraopreto.com.br\/index.php\/2026\/06\/15\/com-entrada-de-ar-frio-interior-de-sp-pode-registrar-minima-invertida-veja-previsao\/","url_meta":{"origin":90864,"position":1},"title":"Com entrada de ar frio, interior de SP pode registrar m\u00ednima invertida; Veja previs\u00e3o","author":"noticiasribeiraopreto.com.br","date":"15 de June de 2026","format":false,"excerpt":"O avan\u00e7o de uma nova frente fria sobre o oceano, a circula\u00e7\u00e3o de umidade e um cavado meteorol\u00f3gico devem manter as condi\u00e7\u00f5es para instabilidades sobre a regi\u00e3o de Ribeir\u00e3o Preto nesta segunda-feira (15). Ar frio Receba not\u00edcias do\u00a0acidade on Ribeir\u00e3o\u00a0no WhatsApp e fique por dentro de tudo! Basta acessar o\u2026","rel":"","context":"In &quot;Not\u00edcias de Ribeir\u00e3o Preto-SP e Regi\u00e3o&quot;","block_context":{"text":"Not\u00edcias de Ribeir\u00e3o Preto-SP e Regi\u00e3o","link":"https:\/\/noticiasribeiraopreto.com.br\/index.php\/category\/noticias-de-ribeirao-preto-sp-e-regiao-ismael-colosi\/"},"img":{"alt_text":"","src":"https:\/\/i0.wp.com\/noticiasribeiraopreto.com.br\/wp-content\/uploads\/2026\/06\/pint4266-e1781517364633.webp.webp?fit=887%2C700&ssl=1&resize=350%2C200","width":350,"height":200,"srcset":"https:\/\/i0.wp.com\/noticiasribeiraopreto.com.br\/wp-content\/uploads\/2026\/06\/pint4266-e1781517364633.webp.webp?fit=887%2C700&ssl=1&resize=350%2C200 1x, https:\/\/i0.wp.com\/noticiasribeiraopreto.com.br\/wp-content\/uploads\/2026\/06\/pint4266-e1781517364633.webp.webp?fit=887%2C700&ssl=1&resize=525%2C300 1.5x, https:\/\/i0.wp.com\/noticiasribeiraopreto.com.br\/wp-content\/uploads\/2026\/06\/pint4266-e1781517364633.webp.webp?fit=887%2C700&ssl=1&resize=700%2C400 2x"},"classes":[]},{"id":86929,"url":"https:\/\/noticiasribeiraopreto.com.br\/index.php\/2026\/06\/24\/ribeirao-preto-pode-registrar-minima-invertida-nesta-quarta-entenda-fenomeno\/","url_meta":{"origin":90864,"position":2},"title":"Ribeir\u00e3o Preto pode registrar m\u00ednima invertida nesta quarta; Entenda fen\u00f4meno","author":"noticiasribeiraopreto.com.br","date":"24 de June de 2026","format":false,"excerpt":"A frente fria que mudou o tempo em Ribeir\u00e3o Preto ainda deixa a cidade sob alerta para mais chuva nesta quarta-feira (24). Tamb\u00e9m h\u00e1 expectativa de m\u00ednima invertida em alguns pontos da regi\u00e3o, fen\u00f4meno meteorol\u00f3gico em que a temperatura mais baixa do dia n\u00e3o ocorre pela manh\u00e3, mas sim no\u2026","rel":"","context":"In &quot;Not\u00edcias de Ribeir\u00e3o Preto-SP e Regi\u00e3o&quot;","block_context":{"text":"Not\u00edcias de Ribeir\u00e3o Preto-SP e Regi\u00e3o","link":"https:\/\/noticiasribeiraopreto.com.br\/index.php\/category\/noticias-de-ribeirao-preto-sp-e-regiao-ismael-colosi\/"},"img":{"alt_text":"","src":"https:\/\/i0.wp.com\/noticiasribeiraopreto.com.br\/wp-content\/uploads\/2026\/06\/frio_blusa_1200x675_20052022064557_2026-06-24_10-01-46.webp.webp?fit=1200%2C675&ssl=1&resize=350%2C200","width":350,"height":200,"srcset":"https:\/\/i0.wp.com\/noticiasribeiraopreto.com.br\/wp-content\/uploads\/2026\/06\/frio_blusa_1200x675_20052022064557_2026-06-24_10-01-46.webp.webp?fit=1200%2C675&ssl=1&resize=350%2C200 1x, https:\/\/i0.wp.com\/noticiasribeiraopreto.com.br\/wp-content\/uploads\/2026\/06\/frio_blusa_1200x675_20052022064557_2026-06-24_10-01-46.webp.webp?fit=1200%2C675&ssl=1&resize=525%2C300 1.5x, https:\/\/i0.wp.com\/noticiasribeiraopreto.com.br\/wp-content\/uploads\/2026\/06\/frio_blusa_1200x675_20052022064557_2026-06-24_10-01-46.webp.webp?fit=1200%2C675&ssl=1&resize=700%2C400 2x, https:\/\/i0.wp.com\/noticiasribeiraopreto.com.br\/wp-content\/uploads\/2026\/06\/frio_blusa_1200x675_20052022064557_2026-06-24_10-01-46.webp.webp?fit=1200%2C675&ssl=1&resize=1050%2C600 3x"},"classes":[]},{"id":73027,"url":"https:\/\/noticiasribeiraopreto.com.br\/index.php\/2025\/06\/24\/minima-invertida-em-ribeirao-preto-entenda-o-fenomeno-e-veja-as-temperaturas\/","url_meta":{"origin":90864,"position":3},"title":"M\u00ednima invertida em Ribeir\u00e3o Preto? Entenda o fen\u00f4meno e veja as temperaturas","author":"noticiasribeiraopreto.com.br","date":"24 de June de 2025","format":false,"excerpt":"A frente fria que chegou nesta segunda-feira (23) mudou o tempo em Ribeir\u00e3o Preto e ainda deixa a cidade sob alerta para mais chuva, que pode ser forte, na manh\u00e3 desta ter\u00e7a-feira (24). Est\u00e3o previstas rajadas de vento entre 40 km\/h e 50 km\/h. Segundo a Climatempo, ao longo do\u2026","rel":"","context":"In &quot;Not\u00edcias de Ribeir\u00e3o Preto-SP e Regi\u00e3o&quot;","block_context":{"text":"Not\u00edcias de Ribeir\u00e3o Preto-SP e Regi\u00e3o","link":"https:\/\/noticiasribeiraopreto.com.br\/index.php\/category\/noticias-de-ribeirao-preto-sp-e-regiao-ismael-colosi\/"},"img":{"alt_text":"","src":"https:\/\/i0.wp.com\/noticiasribeiraopreto.com.br\/wp-content\/uploads\/2025\/06\/frio_mcamgo_abr_180520221818-3_2025-04-15_20-46-56_jpg_2025-04-15_20-46-58-scaled.webp.webp?fit=1200%2C800&ssl=1&resize=350%2C200","width":350,"height":200,"srcset":"https:\/\/i0.wp.com\/noticiasribeiraopreto.com.br\/wp-content\/uploads\/2025\/06\/frio_mcamgo_abr_180520221818-3_2025-04-15_20-46-56_jpg_2025-04-15_20-46-58-scaled.webp.webp?fit=1200%2C800&ssl=1&resize=350%2C200 1x, https:\/\/i0.wp.com\/noticiasribeiraopreto.com.br\/wp-content\/uploads\/2025\/06\/frio_mcamgo_abr_180520221818-3_2025-04-15_20-46-56_jpg_2025-04-15_20-46-58-scaled.webp.webp?fit=1200%2C800&ssl=1&resize=525%2C300 1.5x, https:\/\/i0.wp.com\/noticiasribeiraopreto.com.br\/wp-content\/uploads\/2025\/06\/frio_mcamgo_abr_180520221818-3_2025-04-15_20-46-56_jpg_2025-04-15_20-46-58-scaled.webp.webp?fit=1200%2C800&ssl=1&resize=700%2C400 2x, https:\/\/i0.wp.com\/noticiasribeiraopreto.com.br\/wp-content\/uploads\/2025\/06\/frio_mcamgo_abr_180520221818-3_2025-04-15_20-46-56_jpg_2025-04-15_20-46-58-scaled.webp.webp?fit=1200%2C800&ssl=1&resize=1050%2C600 3x"},"classes":[]},{"id":90733,"url":"https:\/\/noticiasribeiraopreto.com.br\/index.php\/2026\/08\/28\/calorao-com-os-dias-contados-frente-fria-avanca-e-atinge-ribeirao-preto\/","url_meta":{"origin":90864,"position":4},"title":"Calor\u00e3o com os dias contados? Frente fria avan\u00e7a e atinge interior de SP; veja quando","author":"noticiasribeiraopreto.com.br","date":"28 de August de 2026","format":false,"excerpt":"O calor\u00e3o ganha for\u00e7a nesse final de semana, e Ribeir\u00e3o Preto pode se aproximar dos 40\u00baC nos pr\u00f3ximos dias, antes da chegada de uma nova frente fria na pr\u00f3xima semana. Nesta sexta-feira (28), o dia ser\u00e1 de sol, com aumento de nuvens a partir da tarde, mas sem chances de\u2026","rel":"","context":"In &quot;Not\u00edcias de Ribeir\u00e3o Preto-SP e Regi\u00e3o&quot;","block_context":{"text":"Not\u00edcias de Ribeir\u00e3o Preto-SP e Regi\u00e3o","link":"https:\/\/noticiasribeiraopreto.com.br\/index.php\/category\/noticias-de-ribeirao-preto-sp-e-regiao-ismael-colosi\/"},"img":{"alt_text":"","src":"https:\/\/i0.wp.com\/noticiasribeiraopreto.com.br\/wp-content\/uploads\/2026\/06\/previsao-tempo-ceu-azul_2026-05-02_12-14-39.webp.webp?fit=1200%2C900&ssl=1&resize=350%2C200","width":350,"height":200,"srcset":"https:\/\/i0.wp.com\/noticiasribeiraopreto.com.br\/wp-content\/uploads\/2026\/06\/previsao-tempo-ceu-azul_2026-05-02_12-14-39.webp.webp?fit=1200%2C900&ssl=1&resize=350%2C200 1x, https:\/\/i0.wp.com\/noticiasribeiraopreto.com.br\/wp-content\/uploads\/2026\/06\/previsao-tempo-ceu-azul_2026-05-02_12-14-39.webp.webp?fit=1200%2C900&ssl=1&resize=525%2C300 1.5x, https:\/\/i0.wp.com\/noticiasribeiraopreto.com.br\/wp-content\/uploads\/2026\/06\/previsao-tempo-ceu-azul_2026-05-02_12-14-39.webp.webp?fit=1200%2C900&ssl=1&resize=700%2C400 2x, https:\/\/i0.wp.com\/noticiasribeiraopreto.com.br\/wp-content\/uploads\/2026\/06\/previsao-tempo-ceu-azul_2026-05-02_12-14-39.webp.webp?fit=1200%2C900&ssl=1&resize=1050%2C600 3x"},"classes":[]},{"id":78726,"url":"https:\/\/noticiasribeiraopreto.com.br\/index.php\/2025\/10\/17\/frente-fria-traz-chuva-e-queda-na-temperatura-veja-previsao-no-interior-de-sp\/","url_meta":{"origin":90864,"position":5},"title":"Frente fria traz chuva e queda na temperatura; Veja previs\u00e3o no interior de SP","author":"noticiasribeiraopreto.com.br","date":"17 de October de 2025","format":false,"excerpt":"O interior de S\u00e3o Paulo tem previs\u00e3o de chuva com a chegada de uma frente fria ao Sudeste neste fim de semana. Segundo a Climatempo, nesta sexta-feira (17) o predom\u00ednio ainda deve ser de sol com possibilidade de pancadas isoladas de chuva sobre a regi\u00e3o de Ribeir\u00e3o Preto devido ao\u2026","rel":"","context":"In &quot;Not\u00edcias de Ribeir\u00e3o Preto-SP e Regi\u00e3o&quot;","block_context":{"text":"Not\u00edcias de Ribeir\u00e3o Preto-SP e Regi\u00e3o","link":"https:\/\/noticiasribeiraopreto.com.br\/index.php\/category\/noticias-de-ribeirao-preto-sp-e-regiao-ismael-colosi\/"},"img":{"alt_text":"","src":"https:\/\/i0.wp.com\/noticiasribeiraopreto.com.br\/wp-content\/uploads\/2025\/07\/WhatsApp-Image-2025-04-14-at-16.00.00_2025-04-14_19-33-51_jpeg_2025-04-14_19-33-51.webp.webp?fit=1200%2C553&ssl=1&resize=350%2C200","width":350,"height":200,"srcset":"https:\/\/i0.wp.com\/noticiasribeiraopreto.com.br\/wp-content\/uploads\/2025\/07\/WhatsApp-Image-2025-04-14-at-16.00.00_2025-04-14_19-33-51_jpeg_2025-04-14_19-33-51.webp.webp?fit=1200%2C553&ssl=1&resize=350%2C200 1x, https:\/\/i0.wp.com\/noticiasribeiraopreto.com.br\/wp-content\/uploads\/2025\/07\/WhatsApp-Image-2025-04-14-at-16.00.00_2025-04-14_19-33-51_jpeg_2025-04-14_19-33-51.webp.webp?fit=1200%2C553&ssl=1&resize=525%2C300 1.5x, https:\/\/i0.wp.com\/noticiasribeiraopreto.com.br\/wp-content\/uploads\/2025\/07\/WhatsApp-Image-2025-04-14-at-16.00.00_2025-04-14_19-33-51_jpeg_2025-04-14_19-33-51.webp.webp?fit=1200%2C553&ssl=1&resize=700%2C400 2x, https:\/\/i0.wp.com\/noticiasribeiraopreto.com.br\/wp-content\/uploads\/2025\/07\/WhatsApp-Image-2025-04-14-at-16.00.00_2025-04-14_19-33-51_jpeg_2025-04-14_19-33-51.webp.webp?fit=1200%2C553&ssl=1&resize=1050%2C600 3x"},"classes":[]}],"jetpack_sharing_enabled":true,"jetpack_shortlink":"https:\/\/wp.me\/peQAOb-nDy","jetpack_featured_media_url":"https:\/\/i0.wp.com\/noticiasribeiraopreto.com.br\/wp-content\/uploads\/2026\/09\/WhatsApp-Image-2025-11-08-at-10.56.13_2025-11-08_14-04-47.webp.webp?fit=1200%2C903&ssl=1","_links":{"self":[{"href":"https:\/\/noticiasribeiraopreto.com.br\/index.php\/wp-json\/wp\/v2\/posts\/90864","targetHints":{"allow":["GET"]}}],"collection":[{"href":"https:\/\/noticiasribeiraopreto.com.br\/index.php\/wp-json\/wp\/v2\/posts"}],"about":[{"href":"https:\/\/noticiasribeiraopreto.com.br\/index.php\/wp-json\/wp\/v2\/types\/post"}],"author":[{"embeddable":true,"href":"https:\/\/noticiasribeiraopreto.com.br\/index.php\/wp-json\/wp\/v2\/users\/1"}],"replies":[{"embeddable":true,"href":"https:\/\/noticiasribeiraopreto.com.br\/index.php\/wp-json\/wp\/v2\/comments?post=90864"}],"version-history":[{"count":0,"href":"https:\/\/noticiasribeiraopreto.com.br\/index.php\/wp-json\/wp\/v2\/posts\/90864\/revisions"}],"wp:featuredmedia":[{"embeddable":true,"href":"https:\/\/noticiasribeiraopreto.com.br\/index.php\/wp-json\/wp\/v2\/media\/90865"}],"wp:attachment":[{"href":"https:\/\/noticiasribeiraopreto.com.br\/index.php\/wp-json\/wp\/v2\/media?parent=90864"}],"wp:term":[{"taxonomy":"category","embeddable":true,"href":"https:\/\/noticiasribeiraopreto.com.br\/index.php\/wp-json\/wp\/v2\/categories?post=90864"},{"taxonomy":"post_tag","embeddable":true,"href":"https:\/\/noticiasribeiraopreto.com.br\/index.php\/wp-json\/wp\/v2\/tags?post=90864"}],"curies":[{"name":"wp","href":"https:\/\/api.w.org\/{rel}","templated":true}]}}