{"id":90866,"date":"2026-09-01T08:51:55","date_gmt":"2026-09-01T11:51:55","guid":{"rendered":"https:\/\/noticiasribeiraopreto.com.br\/index.php\/2026\/09\/01\/pesquisas-para-presidente-lula-e-bolsonaro-lideram-e-cury-chama-atencao\/"},"modified":"2026-09-01T08:51:55","modified_gmt":"2026-09-01T11:51:55","slug":"pesquisas-para-presidente-lula-e-bolsonaro-lideram-e-cury-chama-atencao","status":"publish","type":"post","link":"https:\/\/noticiasribeiraopreto.com.br\/index.php\/2026\/09\/01\/pesquisas-para-presidente-lula-e-bolsonaro-lideram-e-cury-chama-atencao\/","title":{"rendered":"Pesquisas para presidente: Lula e Bolsonaro lideram, e Cury chama aten\u00e7\u00e3o"},"content":{"rendered":"<div class='code-block code-block-1' style='margin: 8px 0 8px auto; text-align: right; display: block; clear: both;'>\n<p><a href=\"https:\/\/wa.link\/vpicfd\"><img data-recalc-dims=\"1\" class=\"wp-image-4922\" style=\"aspect-ratio: 2.0253164556962027; width: 561px; height: auto;\" src=\"https:\/\/i0.wp.com\/ismaelcolosi.com.br\/wp-content\/uploads\/2023\/11\/grupo-de-empregos-whatsapp-e-facebook-ismael-colosi-vagas.jpg?ssl=1\" alt=\"\" \/><\/a><\/p>\n<!-- \/wp:image -->\n<\/div>\n<p> <br \/>\n<\/p>\n<p>A pesquisa<strong> Real Time Big Data<\/strong>, divulgada nesta ter\u00e7a-feira (1\u00ba), mostra <strong>Luiz In\u00e1cio Lula da Silva (PT)<\/strong> na lideran\u00e7a da disputa pela <strong>Presid\u00eancia da Rep\u00fablica<\/strong> no primeiro turno. O presidente aparece com <strong>38% das inten\u00e7\u00f5es de voto<\/strong>, seguido por <strong>Fl\u00e1vio Bolsonaro (PL), com 30%<\/strong>, e <strong>Augusto Cury (Avante), com 11%<\/strong>.<\/p>\n<p>Al\u00e9m da inten\u00e7\u00e3o de voto no primeiro turno, o estudo apresentou simula\u00e7\u00f5es de segundo turno entre diferentes candidatos \u2013 veja logo abaixo.<\/p>\n<p>O levantamento ouviu <strong>2 mil eleitores em todo o pa\u00eds entre os dias 27 e 31 de agosto<\/strong>. A margem de erro \u00e9 de 2 pontos porcentuais para mais ou para menos, com n\u00edvel de confian\u00e7a de 95%.<\/p>\n<p><mark class=\"has-inline-color\">A pesquisa foi realizada por telefone, com entrevistadores humanos, e est\u00e1 registrada no <\/mark><strong><a href=\"https:\/\/www.tse.jus.br\/\" target=\"_blank\" data-type=\"link\" data-id=\"https:\/\/www.tse.jus.br\/\" rel=\"noreferrer noopener\"><mark class=\"has-inline-color\">Tribunal Superior Eleitoral (TSE)<\/mark><\/a><\/strong><mark class=\"has-inline-color\"> sob o n\u00famero <strong>BR-03490\/2026<\/strong>.<\/mark><\/p>\n<p class=\"has-text-align-center has-cyan-bluish-gray-background-color has-background\"><em>Receba not\u00edcias do\u00a0<strong>acidade on Ribeir\u00e3o\u00a0<\/strong>no WhatsApp e fique por dentro de tudo! Basta acessar o link<a href=\"https:\/\/chat.whatsapp.com\/DfXwcjKVIddHUT3BvnQuPZ?mode=hqctshi\" target=\"_blank\" rel=\"noreferrer noopener\">\u00a0aqui<\/a>!<\/em><\/p>\n<h2 class=\"wp-block-heading\"><strong>Inten\u00e7\u00f5es de voto para presidente no primeiro turno<\/strong><\/h2>\n<p>No cen\u00e1rio estimulado, <strong>Renan Santos (Miss\u00e3o) aparece com 7% das inten\u00e7\u00f5es de voto<\/strong>, seguido por <strong>Ronaldo Caiado (PSD), com 4%<\/strong>, e <strong>Romeu Zema (Novo), com 2%<\/strong>. Outros candidatos somam 2%.<\/p>\n<p>Brancos e nulos representam 3% das respostas, enquanto 2% dos entrevistados n\u00e3o souberam ou n\u00e3o responderam. <strong>Esse cen\u00e1rio n\u00e3o inclui Pablo Mar\u00e7al (PRTB)<\/strong>. Confira:<\/p>\n<ul class=\"wp-block-list\">\n<li>Lula (PT): 38%<\/li>\n<li>Fl\u00e1vio Bolsonaro (PL): 30%<\/li>\n<li>Augusto Cury (Avante): 11%<\/li>\n<li>Renan Santos (Miss\u00e3o): 7%<\/li>\n<li>Ronaldo Caiado (PSD): 4%<\/li>\n<li>Romeu Zema (Novo): 2%<\/li>\n<li>Outros candidatos: 2%<\/li>\n<li>Brancos e nulos: 3%<\/li>\n<li>N\u00e3o sabem ou n\u00e3o responderam: 2%<\/li>\n<\/ul>\n<h2 class=\"wp-block-heading\"><strong>Lula e Fl\u00e1vio Bolsonaro empatam no segundo turno<\/strong><\/h2>\n<p>Em uma eventual disputa de segundo turno entre <strong>Lula <\/strong>e <strong>Fl\u00e1vio Bolsonaro<\/strong>, <mark class=\"has-inline-color\">a pesquisa aponta empate de 44% para cada candidato.<\/mark><\/p>\n<p>Brancos e nulos somam 9%, enquanto 3% dos entrevistados n\u00e3o souberam ou n\u00e3o responderam. Na pesquisa anterior, realizada em julho, Lula tinha 45% e Fl\u00e1vio Bolsonaro aparecia com 42%.<\/p>\n<figure class=\"wp-block-image size-large\"><figcaption class=\"wp-element-caption\">Lula e Fl\u00e1vio empatam no 2\u00ba turno (Fotos: Ricardo Stuckert\/Geraldo Magela\/Ag\u00eancia Senado)<\/figcaption><\/figure>\n<h2 class=\"wp-block-heading\"><strong>Caiado aparece \u00e0 frente de Lula em simula\u00e7\u00e3o<\/strong><\/h2>\n<p>Entre os demais cen\u00e1rios de segundo turno apresentados pela pesquisa, <strong>Ronaldo Caiado \u00e9 quem aparece com a maior vantagem sobre Lula<\/strong>. O candidato do PSD registra 45%, contra 43% do presidente. <mark class=\"has-inline-color\">O resultado \u00e9 considerado empate t\u00e9cnico considerando a margem de erro.<\/mark><\/p>\n<p>Nos outros confrontos apresentados, Lula tamb\u00e9m aparece \u00e0 frente:<\/p>\n<ul class=\"wp-block-list\">\n<li><strong>Contra Romeu Zema<\/strong>: Lula tem 43%, e Zema, 40%.<\/li>\n<li><strong>Contra Renan Santos<\/strong>: Lula registra 44%, contra 37%.<\/li>\n<li><strong>Contra Pablo Mar\u00e7al<\/strong>: Lula aparece com 44%, contra 40%.<\/li>\n<\/ul>\n<p><strong>A pesquisa n\u00e3o apresenta uma simula\u00e7\u00e3o de segundo turno entre Lula e Augusto Cury.<\/strong><\/p>\n<p>O levantamento tamb\u00e9m perguntou, <strong>independentemente da prefer\u00eancia eleitoral<\/strong>, quem os entrevistados acreditam que ser\u00e1 o pr\u00f3ximo presidente do Brasil. <strong>Lula foi citado por 49%<\/strong>, <strong>ante 36% de Fl\u00e1vio Bolsonaro.<\/strong><\/p>\n<p>Renan Santos aparece com 5%, Augusto Cury, com 4%, e Pablo Mar\u00e7al, com 1%. Outros 5% disseram n\u00e3o saber.<\/p>\n<p><em>*Com informa\u00e7\u00f5es de Gabriel Gon\u00e7alves, especial para a AE<\/em><\/p>\n<figure class=\"wp-block-gallery has-nested-images columns-default is-cropped wp-block-gallery-1 is-layout-flex wp-block-gallery-is-layout-flex\">\n<figure class=\"wp-block-image size-large\"><img data-recalc-dims=\"1\" loading=\"lazy\" decoding=\"async\" width=\"1024\" height=\"576\" data-id=\"173171\" src=\"https:\/\/i0.wp.com\/www.acidadeon.com\/ribeiraopreto\/wp-content\/uploads\/sites\/3\/2026\/09\/eleicoes-2026-pesquisas-1024x576.jpg?resize=1024%2C576&#038;ssl=1\" alt=\"Romeu Zema (Novo), candidato a presidente do Brasil - Foto: Paulo Guereta\/ Governo do Estado de SP\" class=\"wp-image-173171\" title=\"Pesquisas para presidente: Lula e Bolsonaro lideram, e Cury chama aten\u00e7\u00e3o 2\"><figcaption class=\"wp-element-caption\">Romeu Zema (Novo), candidato a presidente do Brasil \u2013 Foto: Paulo Guereta\/ Governo do Estado de SP<\/figcaption><\/figure>\n<figure class=\"wp-block-image size-large\"><img data-recalc-dims=\"1\" loading=\"lazy\" decoding=\"async\" width=\"1024\" height=\"576\" data-id=\"173170\" src=\"https:\/\/i0.wp.com\/www.acidadeon.com\/ribeiraopreto\/wp-content\/uploads\/sites\/3\/2026\/09\/eleicoes-2026-pesquisas-1-1024x576.jpg?resize=1024%2C576&#038;ssl=1\" alt=\"Renan Santos (Miss\u00e3o), candidato a presidente do Brasil - Foto: S\u00e9rgio Lima\/Novo Selo\" class=\"wp-image-173170\" title=\"Pesquisas para presidente: Lula e Bolsonaro lideram, e Cury chama aten\u00e7\u00e3o 3\"><figcaption class=\"wp-element-caption\">Renan Santos (Miss\u00e3o), candidato a presidente do Brasil \u2013 Foto: S\u00e9rgio Lima\/Novo Selo<\/figcaption><\/figure>\n<figure class=\"wp-block-image size-large\"><img data-recalc-dims=\"1\" loading=\"lazy\" decoding=\"async\" width=\"1024\" height=\"576\" data-id=\"173169\" src=\"https:\/\/i0.wp.com\/www.acidadeon.com\/ribeiraopreto\/wp-content\/uploads\/sites\/3\/2026\/09\/eleicoes-2026-pesquisas-2-1024x576.jpg?resize=1024%2C576&#038;ssl=1\" alt=\"Pablo Mar\u00e7al (PRTB), candidato a presidente do Brasil - Foto: Leandro Torres\/ divulga\u00e7\u00e3o.\" class=\"wp-image-173169\" title=\"Pesquisas para presidente: Lula e Bolsonaro lideram, e Cury chama aten\u00e7\u00e3o 4\"><figcaption class=\"wp-element-caption\">Pablo Mar\u00e7al (PRTB), candidato a presidente do Brasil \u2013 Foto: Leandro Torres\/ divulga\u00e7\u00e3o.<\/figcaption><\/figure>\n<\/figure>\n<p class=\"has-text-align-center has-cyan-bluish-gray-background-color has-background\"><em>Fa\u00e7a uma den\u00fancia ou sugira uma reportagem sobre\u00a0<strong>Ribeir\u00e3o Preto\u00a0<\/strong>e regi\u00e3o por meio do WhatsApp do\u00a0<strong>acidade on Ribeir\u00e3o<\/strong>: (16) 99117-7802.<\/em><\/p>\n<\/p>\n<p>O post Pesquisas para presidente: Lula e Bolsonaro lideram, e Cury chama aten\u00e7\u00e3o apareceu primeiro em ACidade ON Ribeir\u00e3o Preto.<\/p>\n<p><br \/>\n<br \/><a href=\"https:\/\/www.acidadeon.com\/ribeiraopreto\/politica\/eleicoes\/pesquisas-para-presidente-lula-e-bolsonaro-lideram-e-cury-chama-atencao\/\">Link para o texto original aqui <\/a><\/p>\n<!-- CONTENT END 1 -->\n","protected":false},"excerpt":{"rendered":"<p>A pesquisa Real Time Big Data, divulgada nesta ter\u00e7a-feira (1\u00ba), mostra Luiz In\u00e1cio Lula da Silva (PT) na lideran\u00e7a da disputa pela Presid\u00eancia da Rep\u00fablica&#8230;<\/p>\n","protected":false},"author":1,"featured_media":90867,"comment_status":"","ping_status":"","sticky":false,"template":"","format":"standard","meta":{"advanced_seo_description":"","jetpack_seo_html_title":"","jetpack_seo_noindex":false,"jetpack_seo_schema_type":"","_jetpack_newsletter_access":"","_jetpack_dont_email_post_to_subs":false,"_jetpack_newsletter_tier_id":0,"_jetpack_memberships_contains_paywalled_content":false,"_jetpack_feature_clip_id":0,"_jetpack_memberships_contains_paid_content":false,"footnotes":"","jetpack_publicize_message":"","jetpack_publicize_feature_enabled":true,"jetpack_social_post_already_shared":true,"jetpack_social_options":{"image_generator_settings":{"template":"highway","default_image_id":0,"font":"","enabled":false},"version":2},"jetpack_post_was_ever_published":false},"categories":[11],"tags":[1468,3964,1467,1933,8825,750,71,2888,487],"class_list":["post-90866","post","type-post","status-publish","format-standard","has-post-thumbnail","hentry","category-noticias-de-ribeirao-preto-sp-e-regiao-ismael-colosi","tag-atencao","tag-bolsonaro","tag-chama","tag-cury","tag-lideram","tag-lula","tag-para","tag-pesquisas","tag-presidente"],"jetpack_publicize_connections":[],"jetpack-related-posts":[{"id":90807,"url":"https:\/\/noticiasribeiraopreto.com.br\/index.php\/2026\/08\/31\/pesquisas-para-presidente-lula-e-flavio-lideram-e-novo-nome-assume-o-3o-lugar\/","url_meta":{"origin":90866,"position":0},"title":"Pesquisas para presidente: Lula e Fl\u00e1vio lideram e novo nome assume o 3\u00ba lugar","author":"noticiasribeiraopreto.com.br","date":"31 de August de 2026","format":false,"excerpt":"Duas pesquisas eleitorais para a disputa da Presid\u00eancia da Rep\u00fablica nas Elei\u00e7\u00f5es 2026 foram divulgadas nesta segunda-feira (31). Segundo os levantamentos da Atlas\/Bloomberg e da BTG\/Nexus, o escritor Augusto Cury (Avante) aparece na terceira coloca\u00e7\u00e3o das pesquisas, que seguem lideradas por Luiz In\u00e1cio Lula da Silva (PT) e Fl\u00e1vio Bolsonaro\u2026","rel":"","context":"In &quot;Not\u00edcias de Ribeir\u00e3o Preto-SP e Regi\u00e3o&quot;","block_context":{"text":"Not\u00edcias de Ribeir\u00e3o Preto-SP e Regi\u00e3o","link":"https:\/\/noticiasribeiraopreto.com.br\/index.php\/category\/noticias-de-ribeirao-preto-sp-e-regiao-ismael-colosi\/"},"img":{"alt_text":"","src":"https:\/\/i0.wp.com\/noticiasribeiraopreto.com.br\/wp-content\/uploads\/2026\/08\/lula-flavio-pesquisa.jpeg?fit=1200%2C674&ssl=1&resize=350%2C200","width":350,"height":200,"srcset":"https:\/\/i0.wp.com\/noticiasribeiraopreto.com.br\/wp-content\/uploads\/2026\/08\/lula-flavio-pesquisa.jpeg?fit=1200%2C674&ssl=1&resize=350%2C200 1x, https:\/\/i0.wp.com\/noticiasribeiraopreto.com.br\/wp-content\/uploads\/2026\/08\/lula-flavio-pesquisa.jpeg?fit=1200%2C674&ssl=1&resize=525%2C300 1.5x, https:\/\/i0.wp.com\/noticiasribeiraopreto.com.br\/wp-content\/uploads\/2026\/08\/lula-flavio-pesquisa.jpeg?fit=1200%2C674&ssl=1&resize=700%2C400 2x, https:\/\/i0.wp.com\/noticiasribeiraopreto.com.br\/wp-content\/uploads\/2026\/08\/lula-flavio-pesquisa.jpeg?fit=1200%2C674&ssl=1&resize=1050%2C600 3x"},"classes":[]},{"id":90868,"url":"https:\/\/noticiasribeiraopreto.com.br\/index.php\/2026\/09\/01\/eleicoes-2026-acidade-on-entrevista-candidatos-ao-governo-do-estado-de-sp\/","url_meta":{"origin":90866,"position":1},"title":"Elei\u00e7\u00f5es 2026: acidade on entrevista candidatos ao Governo do Estado de SP","author":"noticiasribeiraopreto.com.br","date":"1 de September de 2026","format":false,"excerpt":"O Portal acidade on entrevista, nesta semana, os candidatos ao Governo do Estado de S\u00e3o Paulo nas Elei\u00e7\u00f5es 2026. Foram convidados os candidatos que somaram mais de 5% das inten\u00e7\u00f5es de voto na \u00faltima pesquisa Quaest, divulgada na \u00faltima ter\u00e7a-feira (25). As perguntas ser\u00e3o voltadas \u00e0s regi\u00f5es de Campinas e\u2026","rel":"","context":"In &quot;Not\u00edcias de Ribeir\u00e3o Preto-SP e Regi\u00e3o&quot;","block_context":{"text":"Not\u00edcias de Ribeir\u00e3o Preto-SP e Regi\u00e3o","link":"https:\/\/noticiasribeiraopreto.com.br\/index.php\/category\/noticias-de-ribeirao-preto-sp-e-regiao-ismael-colosi\/"},"img":{"alt_text":"","src":"https:\/\/i0.wp.com\/noticiasribeiraopreto.com.br\/wp-content\/uploads\/2026\/09\/tarcisio-haddad-entrevista.jpeg?fit=768%2C432&ssl=1&resize=350%2C200","width":350,"height":200,"srcset":"https:\/\/i0.wp.com\/noticiasribeiraopreto.com.br\/wp-content\/uploads\/2026\/09\/tarcisio-haddad-entrevista.jpeg?fit=768%2C432&ssl=1&resize=350%2C200 1x, https:\/\/i0.wp.com\/noticiasribeiraopreto.com.br\/wp-content\/uploads\/2026\/09\/tarcisio-haddad-entrevista.jpeg?fit=768%2C432&ssl=1&resize=525%2C300 1.5x, https:\/\/i0.wp.com\/noticiasribeiraopreto.com.br\/wp-content\/uploads\/2026\/09\/tarcisio-haddad-entrevista.jpeg?fit=768%2C432&ssl=1&resize=700%2C400 2x"},"classes":[]},{"id":87782,"url":"https:\/\/noticiasribeiraopreto.com.br\/index.php\/2026\/07\/09\/lula-e-flavio-bolsonaro-empatam-em-sp-para-presidente-mas-petista-tem-rejeicao-maior-aponta-datafolha\/","url_meta":{"origin":90866,"position":2},"title":"Lula e Fl\u00e1vio Bolsonaro empatam em SP para presidente, mas petista tem rejei\u00e7\u00e3o maior, aponta Datafolha","author":"noticiasribeiraopreto.com.br","date":"9 de July de 2026","format":false,"excerpt":"O presidente Lula (PT) e o senador Fl\u00e1vio Bolsonaro (PL-RJ) empatam nas inten\u00e7\u00f5es de voto em S\u00e3o Paulo para a disputa ao Pal\u00e1cio do Planalto no primeiro e no segundo turno, mas o petista tem rejei\u00e7\u00e3o maior entre o eleitorado paulista, segundo nova pesquisa Datafolha.Tanto Lula quanto o filho do\u2026","rel":"","context":"In &quot;Not\u00edcias de Ribeir\u00e3o Preto-SP e Regi\u00e3o&quot;","block_context":{"text":"Not\u00edcias de Ribeir\u00e3o Preto-SP e Regi\u00e3o","link":"https:\/\/noticiasribeiraopreto.com.br\/index.php\/category\/noticias-de-ribeirao-preto-sp-e-regiao-ismael-colosi\/"},"img":{"alt_text":"","src":"https:\/\/i0.wp.com\/noticiasribeiraopreto.com.br\/wp-content\/uploads\/2026\/07\/TH-PORTAL-IMAGEM-2.png?fit=1200%2C675&ssl=1&resize=350%2C200","width":350,"height":200,"srcset":"https:\/\/i0.wp.com\/noticiasribeiraopreto.com.br\/wp-content\/uploads\/2026\/07\/TH-PORTAL-IMAGEM-2.png?fit=1200%2C675&ssl=1&resize=350%2C200 1x, https:\/\/i0.wp.com\/noticiasribeiraopreto.com.br\/wp-content\/uploads\/2026\/07\/TH-PORTAL-IMAGEM-2.png?fit=1200%2C675&ssl=1&resize=525%2C300 1.5x, https:\/\/i0.wp.com\/noticiasribeiraopreto.com.br\/wp-content\/uploads\/2026\/07\/TH-PORTAL-IMAGEM-2.png?fit=1200%2C675&ssl=1&resize=700%2C400 2x, https:\/\/i0.wp.com\/noticiasribeiraopreto.com.br\/wp-content\/uploads\/2026\/07\/TH-PORTAL-IMAGEM-2.png?fit=1200%2C675&ssl=1&resize=1050%2C600 3x"},"classes":[]},{"id":32005,"url":"https:\/\/noticiasribeiraopreto.com.br\/index.php\/2024\/01\/23\/esta-agradando-pesquisa-mostra-a-taxa-de-aprovacao-do-governo-lula-e-o-que-o-petista-precisa-fazer-para-uma-possivel-reeleicao\/","url_meta":{"origin":90866,"position":3},"title":"Est\u00e1 agradando? Pesquisa mostra a taxa de aprova\u00e7\u00e3o do governo Lula e o que o petista precisa fazer para uma poss\u00edvel reelei\u00e7\u00e3o","author":"noticiasribeiraopreto.com.br","date":"23 de January de 2024","format":false,"excerpt":"O governo Lula completou o primeiro ano da terceira gest\u00e3o do petista na virada do ano e uma pesquisa da Confedera\u00e7\u00e3o Nacional do Transporte (CNT) divulgada nesta ter\u00e7a-feira (23) mostrou que 42,7% dos entrevistados avaliam a atual administra\u00e7\u00e3o como \u00f3tima ou boa, enquanto 27,9% consideram ruim ou p\u00e9ssimo. De acordo\u2026","rel":"","context":"In &quot;Dinheiro e Investimento&quot;","block_context":{"text":"Dinheiro e Investimento","link":"https:\/\/noticiasribeiraopreto.com.br\/index.php\/category\/dinheiro-e-investimento-como-fazer-como-ganhar\/"},"img":{"alt_text":"","src":"https:\/\/i0.wp.com\/noticiasribeiraopreto.com.br\/wp-content\/uploads\/2024\/01\/image1-4-715x402.png?fit=715%2C402&ssl=1&resize=350%2C200","width":350,"height":200,"srcset":"https:\/\/i0.wp.com\/noticiasribeiraopreto.com.br\/wp-content\/uploads\/2024\/01\/image1-4-715x402.png?fit=715%2C402&ssl=1&resize=350%2C200 1x, https:\/\/i0.wp.com\/noticiasribeiraopreto.com.br\/wp-content\/uploads\/2024\/01\/image1-4-715x402.png?fit=715%2C402&ssl=1&resize=525%2C300 1.5x, https:\/\/i0.wp.com\/noticiasribeiraopreto.com.br\/wp-content\/uploads\/2024\/01\/image1-4-715x402.png?fit=715%2C402&ssl=1&resize=700%2C400 2x"},"classes":[]},{"id":90075,"url":"https:\/\/noticiasribeiraopreto.com.br\/index.php\/2026\/08\/16\/eleicoes-2026-campanha-comeca-nas-ruas-e-na-internet-neste-domingo-veja-o-que-esta-liberado\/","url_meta":{"origin":90866,"position":4},"title":"Elei\u00e7\u00f5es 2026: campanha come\u00e7a nas ruas e na internet neste domingo; Veja o que est\u00e1 liberado","author":"noticiasribeiraopreto.com.br","date":"16 de August de 2026","format":false,"excerpt":"A campanha eleitoral para as Elei\u00e7\u00f5es 2026 come\u00e7a oficialmente neste domingo (16). A partir de agora, candidatos e candidatas est\u00e3o autorizados a pedir votos nas ruas e na internet, seguindo as regras estabelecidas para o per\u00edodo eleitoral. Entre as a\u00e7\u00f5es liberadas est\u00e3o carreatas, passeatas e distribui\u00e7\u00e3o de material de campanha,\u2026","rel":"","context":"In &quot;Not\u00edcias de Ribeir\u00e3o Preto-SP e Regi\u00e3o&quot;","block_context":{"text":"Not\u00edcias de Ribeir\u00e3o Preto-SP e Regi\u00e3o","link":"https:\/\/noticiasribeiraopreto.com.br\/index.php\/category\/noticias-de-ribeirao-preto-sp-e-regiao-ismael-colosi\/"},"img":{"alt_text":"","src":"https:\/\/i0.wp.com\/noticiasribeiraopreto.com.br\/wp-content\/uploads\/2026\/07\/eleicoes_2026-07-11_15-18-50.webp.webp?fit=1200%2C675&ssl=1&resize=350%2C200","width":350,"height":200,"srcset":"https:\/\/i0.wp.com\/noticiasribeiraopreto.com.br\/wp-content\/uploads\/2026\/07\/eleicoes_2026-07-11_15-18-50.webp.webp?fit=1200%2C675&ssl=1&resize=350%2C200 1x, https:\/\/i0.wp.com\/noticiasribeiraopreto.com.br\/wp-content\/uploads\/2026\/07\/eleicoes_2026-07-11_15-18-50.webp.webp?fit=1200%2C675&ssl=1&resize=525%2C300 1.5x, https:\/\/i0.wp.com\/noticiasribeiraopreto.com.br\/wp-content\/uploads\/2026\/07\/eleicoes_2026-07-11_15-18-50.webp.webp?fit=1200%2C675&ssl=1&resize=700%2C400 2x, https:\/\/i0.wp.com\/noticiasribeiraopreto.com.br\/wp-content\/uploads\/2026\/07\/eleicoes_2026-07-11_15-18-50.webp.webp?fit=1200%2C675&ssl=1&resize=1050%2C600 3x"},"classes":[]},{"id":90725,"url":"https:\/\/noticiasribeiraopreto.com.br\/index.php\/2026\/08\/28\/horario-eleitoral-gratuito-comeca-nesta-sexta-feira\/","url_meta":{"origin":90866,"position":5},"title":"Hor\u00e1rio eleitoral gratuito \u2028come\u00e7a nesta sexta-feira","author":"noticiasribeiraopreto.com.br","date":"28 de August de 2026","format":false,"excerpt":"\r \r \r 28 de agosto de 2026 00:44 \r Compartilhar0 Para presidente da Rep\u00fablica, somente Lula, Fl\u00e1vio Bolsonaro, Ronaldo Caiado e Augusto Cury ter\u00e3o tempo no r\u00e1dio e na TV Come\u00e7a nesta sexta-feira, 28 de agosto, o hor\u00e1rio eleitoral gratuito do primeiro turno das elei\u00e7\u00f5es 2026 nas emissoras de\u2026","rel":"","context":"In &quot;Not\u00edcias de Ribeir\u00e3o Preto-SP e Regi\u00e3o&quot;","block_context":{"text":"Not\u00edcias de Ribeir\u00e3o Preto-SP e Regi\u00e3o","link":"https:\/\/noticiasribeiraopreto.com.br\/index.php\/category\/noticias-de-ribeirao-preto-sp-e-regiao-ismael-colosi\/"},"img":{"alt_text":"","src":"https:\/\/i0.wp.com\/noticiasribeiraopreto.com.br\/wp-content\/uploads\/2026\/08\/EleicaoTV-Agencia-Brasil.jpg?fit=1170%2C700&ssl=1&resize=350%2C200","width":350,"height":200,"srcset":"https:\/\/i0.wp.com\/noticiasribeiraopreto.com.br\/wp-content\/uploads\/2026\/08\/EleicaoTV-Agencia-Brasil.jpg?fit=1170%2C700&ssl=1&resize=350%2C200 1x, https:\/\/i0.wp.com\/noticiasribeiraopreto.com.br\/wp-content\/uploads\/2026\/08\/EleicaoTV-Agencia-Brasil.jpg?fit=1170%2C700&ssl=1&resize=525%2C300 1.5x, https:\/\/i0.wp.com\/noticiasribeiraopreto.com.br\/wp-content\/uploads\/2026\/08\/EleicaoTV-Agencia-Brasil.jpg?fit=1170%2C700&ssl=1&resize=700%2C400 2x, https:\/\/i0.wp.com\/noticiasribeiraopreto.com.br\/wp-content\/uploads\/2026\/08\/EleicaoTV-Agencia-Brasil.jpg?fit=1170%2C700&ssl=1&resize=1050%2C600 3x"},"classes":[]}],"jetpack_sharing_enabled":true,"jetpack_shortlink":"https:\/\/wp.me\/peQAOb-nDA","jetpack_featured_media_url":"https:\/\/i0.wp.com\/noticiasribeiraopreto.com.br\/wp-content\/uploads\/2026\/09\/lula-bolsonaro-cury-eleicoes-2026.jpg?fit=1200%2C675&ssl=1","_links":{"self":[{"href":"https:\/\/noticiasribeiraopreto.com.br\/index.php\/wp-json\/wp\/v2\/posts\/90866","targetHints":{"allow":["GET"]}}],"collection":[{"href":"https:\/\/noticiasribeiraopreto.com.br\/index.php\/wp-json\/wp\/v2\/posts"}],"about":[{"href":"https:\/\/noticiasribeiraopreto.com.br\/index.php\/wp-json\/wp\/v2\/types\/post"}],"author":[{"embeddable":true,"href":"https:\/\/noticiasribeiraopreto.com.br\/index.php\/wp-json\/wp\/v2\/users\/1"}],"replies":[{"embeddable":true,"href":"https:\/\/noticiasribeiraopreto.com.br\/index.php\/wp-json\/wp\/v2\/comments?post=90866"}],"version-history":[{"count":0,"href":"https:\/\/noticiasribeiraopreto.com.br\/index.php\/wp-json\/wp\/v2\/posts\/90866\/revisions"}],"wp:featuredmedia":[{"embeddable":true,"href":"https:\/\/noticiasribeiraopreto.com.br\/index.php\/wp-json\/wp\/v2\/media\/90867"}],"wp:attachment":[{"href":"https:\/\/noticiasribeiraopreto.com.br\/index.php\/wp-json\/wp\/v2\/media?parent=90866"}],"wp:term":[{"taxonomy":"category","embeddable":true,"href":"https:\/\/noticiasribeiraopreto.com.br\/index.php\/wp-json\/wp\/v2\/categories?post=90866"},{"taxonomy":"post_tag","embeddable":true,"href":"https:\/\/noticiasribeiraopreto.com.br\/index.php\/wp-json\/wp\/v2\/tags?post=90866"}],"curies":[{"name":"wp","href":"https:\/\/api.w.org\/{rel}","templated":true}]}}