{"id":90868,"date":"2026-09-01T09:16:43","date_gmt":"2026-09-01T12:16:43","guid":{"rendered":"https:\/\/noticiasribeiraopreto.com.br\/index.php\/2026\/09\/01\/eleicoes-2026-acidade-on-entrevista-candidatos-ao-governo-do-estado-de-sp\/"},"modified":"2026-09-01T09:16:43","modified_gmt":"2026-09-01T12:16:43","slug":"eleicoes-2026-acidade-on-entrevista-candidatos-ao-governo-do-estado-de-sp","status":"publish","type":"post","link":"https:\/\/noticiasribeiraopreto.com.br\/index.php\/2026\/09\/01\/eleicoes-2026-acidade-on-entrevista-candidatos-ao-governo-do-estado-de-sp\/","title":{"rendered":"Elei\u00e7\u00f5es 2026: acidade on entrevista candidatos ao Governo do Estado de SP"},"content":{"rendered":"<div class='code-block code-block-1' style='margin: 8px 0 8px auto; text-align: right; display: block; clear: both;'>\n<p><a href=\"https:\/\/wa.link\/vpicfd\"><img data-recalc-dims=\"1\" class=\"wp-image-4922\" style=\"aspect-ratio: 2.0253164556962027; width: 561px; height: auto;\" src=\"https:\/\/i0.wp.com\/ismaelcolosi.com.br\/wp-content\/uploads\/2023\/11\/grupo-de-empregos-whatsapp-e-facebook-ismael-colosi-vagas.jpg?ssl=1\" alt=\"\" \/><\/a><\/p>\n<!-- \/wp:image -->\n<\/div>\n<p> <br \/>\n<\/p>\n<p>O <strong>Portal acidade on<\/strong> entrevista, nesta semana, os candidatos ao<strong> Governo do Estado de S\u00e3o Paulo<\/strong> nas <strong>Elei\u00e7\u00f5es 2026<\/strong>. Foram convidados os candidatos que somaram mais de 5% das inten\u00e7\u00f5es de voto na \u00faltima pesquisa Quaest, divulgada na \u00faltima ter\u00e7a-feira (25). As perguntas ser\u00e3o voltadas \u00e0s regi\u00f5es de Campinas e Ribeir\u00e3o Preto.<\/p>\n<p class=\"has-cyan-bluish-gray-background-color has-background\"><em>Receba not\u00edcias do\u00a0<strong>acidade on Ribeir\u00e3o\u00a0<\/strong>no WhatsApp e fique por dentro de tudo! Basta acessar o link<a href=\"https:\/\/chat.whatsapp.com\/DfXwcjKVIddHUT3BvnQuPZ?mode=hqctshi\" target=\"_blank\" rel=\"noreferrer noopener\">\u00a0aqui<\/a>!<\/em><\/p>\n<p>A ordem das entrevistas foi acordada com representantes das campanhas. O primeiro candidato a ser sabatinado seria<strong> Tarc\u00edsio de Freitas (Republicanos)<\/strong>, que busca a reelei\u00e7\u00e3o, na segunda-feira (31).<\/p>\n<p>Por\u00e9m, na \u00faltima sexta-feira (28),<mark class=\"has-inline-color has-black-color\"> a assessoria do candidato enviou uma nota ao <strong>Grupo EP<\/strong> informando que ele estava com dificuldades para reservar uma data para atender \u00e0 demanda da entrevista.<\/mark> Tarc\u00edsio n\u00e3o compareceu nesta segunda-feira (31) para falar com os eleitores das regi\u00f5es de Campinas e Ribeir\u00e3o Preto.<\/p>\n<h2 class=\"wp-block-heading\"><strong>Entrevista com Fernando Haddad<\/strong><\/h2>\n<p>Nesta ter\u00e7a-feira (1\u00ba), o candidato<strong> Fernando Haddad (PT)<\/strong> ser\u00e1 entrevistado pelo acidade on. A transmiss\u00e3o ser\u00e1 realizada ao vivo pelo<a href=\"https:\/\/www.youtube.com\/@ACidadeONoficial\/featured\" data-type=\"link\" data-id=\"https:\/\/www.youtube.com\/@ACidadeONoficial\/featured\" target=\"_blank\" rel=\"noopener\"> YouTube do acidade on<\/a> e tamb\u00e9m pelos canais do <a href=\"https:\/\/www.facebook.com\/acidadeonribeirao\" data-type=\"link\" data-id=\"https:\/\/www.facebook.com\/acidadeonribeirao\" target=\"_blank\" rel=\"noopener\">Facebook<\/a> do <strong>acidade on Campinas e Ribeir\u00e3o Preto<\/strong>, a partir das 12h20.<\/p>\n<figure class=\"wp-block-gallery has-nested-images columns-default is-cropped wp-block-gallery-1 is-layout-flex wp-block-gallery-is-layout-flex\">\n<figure class=\"wp-block-image size-large\"><figcaption class=\"wp-element-caption\">O candidato ao governo de S\u00e3o Paulo, Tarc\u00edsio de Freitas (Republicanos), durante discurso na Festa do Pe\u00e3o de Barretos 2026 \u2013 Foto: Caiu\u00e1 Maia\/ Divulga\u00e7\u00e3o.<\/figcaption><\/figure>\n<figure class=\"wp-block-image size-large\"><img data-recalc-dims=\"1\" loading=\"lazy\" decoding=\"async\" width=\"1024\" height=\"576\" data-id=\"170667\" src=\"https:\/\/i0.wp.com\/www.acidadeon.com\/ribeiraopreto\/wp-content\/uploads\/sites\/3\/2026\/08\/INCENDIO-1024x576.png?resize=1024%2C576&#038;ssl=1\" alt=\"INCENDIO\" class=\"wp-image-170667\" title=\"Elei\u00e7\u00f5es 2026: acidade on entrevista candidatos ao Governo do Estado de SP 2\"><figcaption class=\"wp-element-caption\">Fernando Haddad durante visita \u00e0 Fenasucro \u2013 Foto: Eudis Filho\/CBN<\/figcaption><\/figure>\n<\/figure>\n<p class=\"has-cyan-bluish-gray-background-color has-background\"><em>Fa\u00e7a uma den\u00fancia ou sugira uma reportagem sobre\u00a0<strong>Ribeir\u00e3o Preto\u00a0<\/strong>e regi\u00e3o por meio do WhatsApp do\u00a0<strong>acidade on Ribeir\u00e3o<\/strong>: (16) 99117-7802.<\/em><\/p>\n<h2 class=\"wp-block-heading\"><strong>Viu essa?<\/strong><\/h2>\n<h3 class=\"wp-block-heading\"><strong>Pesquisas para presidente: Lula e Fl\u00e1vio Bolsonaro lideram, e Cury chama aten\u00e7\u00e3o<\/strong><\/h3>\n<figure class=\"wp-block-image size-large\"><img data-recalc-dims=\"1\" loading=\"lazy\" decoding=\"async\" width=\"1024\" height=\"576\" src=\"https:\/\/i0.wp.com\/www.acidadeon.com\/ribeiraopreto\/wp-content\/uploads\/sites\/3\/2026\/09\/lula-bolsonaro-cury-eleicoes-2026-1024x576.jpg?resize=1024%2C576&#038;ssl=1\" alt=\"elei\u00e7\u00f5es\" class=\"wp-image-173172\" title=\"Elei\u00e7\u00f5es 2026: acidade on entrevista candidatos ao Governo do Estado de SP 3\"><figcaption class=\"wp-element-caption\">Lula, Fl\u00e1vio Bolsonaro e Augusto Cury s\u00e3o candidatos a presidente do Brasil \u2013 Foto: Ricardo Stuckert | Charles Vieira | Divulga\u00e7\u00e3o.<\/figcaption><\/figure>\n<p>A pesquisa<strong>\u00a0Real Time Big Data<\/strong>, divulgada nesta ter\u00e7a-feira (1\u00ba), mostra\u00a0<strong>Luiz In\u00e1cio Lula da Silva (PT)<\/strong>\u00a0na lideran\u00e7a da disputa pela\u00a0<strong>Presid\u00eancia da Rep\u00fablica<\/strong>\u00a0no primeiro turno. O presidente aparece com\u00a0<strong>38% das inten\u00e7\u00f5es de voto<\/strong>, seguido por\u00a0<strong>Fl\u00e1vio Bolsonaro (PL), com 30%<\/strong>, e\u00a0<strong>Augusto Cury (Avante), com 11%<\/strong>.<\/p>\n<p>Al\u00e9m da inten\u00e7\u00e3o de voto no primeiro turno, o estudo apresentou simula\u00e7\u00f5es de segundo turno entre diferentes candidatos \u2013 veja logo abaixo.<\/p>\n<p>O levantamento ouviu\u00a0<strong>2 mil eleitores em todo o pa\u00eds entre os dias 27 e 31 de agosto<\/strong>. A margem de erro \u00e9 de 2 pontos porcentuais para mais ou para menos, com n\u00edvel de confian\u00e7a de 95%.<\/p>\n<p><mark>A pesquisa foi realizada por telefone, com entrevistadores humanos, e est\u00e1 registrada no\u00a0<\/mark><strong><a href=\"https:\/\/www.tse.jus.br\/\" target=\"_blank\" rel=\"noreferrer noopener\"><mark>Tribunal Superior Eleitoral (TSE)<\/mark><\/a><\/strong><mark>\u00a0sob o n\u00famero\u00a0<strong>BR-03490\/2026<\/strong>.<\/mark><\/p>\n<p><strong>Inten\u00e7\u00f5es de voto para presidente no primeiro turno<\/strong><\/p>\n<p>No cen\u00e1rio estimulado,\u00a0<strong>Renan Santos (Miss\u00e3o) aparece com 7% das inten\u00e7\u00f5es de voto<\/strong>, seguido por\u00a0<strong>Ronaldo Caiado (PSD), com 4%<\/strong>, e\u00a0<strong>Romeu Zema (Novo), com 2%<\/strong>. Outros candidatos somam 2%.<\/p>\n<p>Brancos e nulos representam 3% das respostas, enquanto 2% dos entrevistados n\u00e3o souberam ou n\u00e3o responderam.\u00a0<strong>Esse cen\u00e1rio n\u00e3o inclui Pablo Mar\u00e7al (PRTB)<\/strong>. Confira:<\/p>\n<p>Lula (PT): 38%<\/p>\n<p>Fl\u00e1vio Bolsonaro (PL): 30%<\/p>\n<p>Augusto Cury (Avante): 11%<\/p>\n<p>Renan Santos (Miss\u00e3o): 7%<\/p>\n<p>Ronaldo Caiado (PSD): 4%<\/p>\n<p>Romeu Zema (Novo): 2%<\/p>\n<p>Outros candidatos: 2%<\/p>\n<p>Brancos e nulos: 3%<\/p>\n<p>N\u00e3o sabem ou n\u00e3o responderam: 2%<\/p>\n<h2 class=\"wp-block-heading\"><strong>Lula e Fl\u00e1vio Bolsonaro empatam no segundo turno<\/strong><\/h2>\n<p>Em uma eventual disputa de segundo turno entre\u00a0<strong>Lula\u00a0<\/strong>e\u00a0<strong>Fl\u00e1vio Bolsonaro<\/strong>,\u00a0<mark>a pesquisa aponta empate de 44% para cada candidato.<\/mark><\/p>\n<p>Brancos e nulos somam 9%, enquanto 3% dos entrevistados n\u00e3o souberam ou n\u00e3o responderam. Na pesquisa anterior, realizada em julho, Lula tinha 45% e Fl\u00e1vio Bolsonaro aparecia com 42%.<\/p>\n<figure class=\"wp-block-image\"><img data-recalc-dims=\"1\" loading=\"lazy\" decoding=\"async\" width=\"1024\" height=\"575\" src=\"https:\/\/i0.wp.com\/www.acidadeon.com\/ribeiraopreto\/wp-content\/uploads\/sites\/3\/2026\/08\/lula-flavio-pesquisa-1024x575.jpeg?resize=1024%2C575&#038;ssl=1\" alt=\"lula flavio bolsonaro pesquisa eleitoral\" class=\"wp-image-173035\" title=\"Pesquisas para presidente: Lula e Fl\u00e1vio Bolsonaro lideram, e Cury chama aten\u00e7\u00e3o 1\"><figcaption class=\"wp-element-caption\">Lula e Fl\u00e1vio empatam no 2\u00ba turno (Fotos: Ricardo Stuckert\/Geraldo Magela\/Ag\u00eancia Senado)<\/figcaption><\/figure>\n<h2 class=\"wp-block-heading\"><strong>Caiado aparece \u00e0 frente de Lula em simula\u00e7\u00e3o<\/strong><\/h2>\n<p>Entre os demais cen\u00e1rios de segundo turno apresentados pela pesquisa,\u00a0<strong>Ronaldo Caiado \u00e9 quem aparece com a maior vantagem sobre Lula<\/strong>. O candidato do PSD registra 45%, contra 43% do presidente.\u00a0<mark>O resultado \u00e9 considerado empate t\u00e9cnico considerando a margem de erro.<\/mark><\/p>\n<p>Nos outros confrontos apresentados, Lula tamb\u00e9m aparece \u00e0 frente:<\/p>\n<ul class=\"wp-block-list\">\n<li><strong>Contra Romeu Zema<\/strong>: Lula tem 43%, e Zema, 40%.<\/li>\n<li><strong>Contra Renan Santos<\/strong>: Lula registra 44%, contra 37%.<\/li>\n<li><strong>Contra Pablo Mar\u00e7al<\/strong>: Lula aparece com 44%, contra 40%.<\/li>\n<\/ul>\n<p><strong>A pesquisa n\u00e3o apresenta uma simula\u00e7\u00e3o de segundo turno entre Lula e Augusto Cury.<\/strong><\/p>\n<p>O levantamento tamb\u00e9m perguntou,\u00a0<strong>independentemente da prefer\u00eancia eleitoral<\/strong>, quem os entrevistados acreditam que ser\u00e1 o pr\u00f3ximo presidente do Brasil.\u00a0<strong>Lula foi citado por 49%<\/strong>,\u00a0<strong>ante 36% de Fl\u00e1vio Bolsonaro.<\/strong><\/p>\n<p>Renan Santos aparece com 5%, Augusto Cury, com 4%, e Pablo Mar\u00e7al, com 1%. Outros 5% disseram n\u00e3o saber.<\/p>\n<p><em>*Com informa\u00e7\u00f5es de Gabriel Gon\u00e7alves, especial para a AE<\/em><\/p>\n<figure class=\"wp-block-image\"><img data-recalc-dims=\"1\" loading=\"lazy\" decoding=\"async\" width=\"1024\" height=\"576\" src=\"https:\/\/i0.wp.com\/www.acidadeon.com\/ribeiraopreto\/wp-content\/uploads\/sites\/3\/2026\/09\/eleicoes-2026-pesquisas-1024x576.jpg?resize=1024%2C576&#038;ssl=1\" alt=\"Romeu Zema (Novo), candidato a presidente do Brasil - Foto: Paulo Guereta\/ Governo do Estado de SP\" class=\"wp-image-173171\" title=\"Pesquisas para presidente: Lula e Fl\u00e1vio Bolsonaro lideram, e Cury chama aten\u00e7\u00e3o 2\"><figcaption class=\"wp-element-caption\">Romeu Zema (Novo), candidato a presidente do Brasil \u2013 Foto: Paulo Guereta\/ Governo do Estado de SP<\/figcaption><\/figure>\n<p><strong><br \/><\/strong><\/p>\n<p>O post Elei\u00e7\u00f5es 2026: acidade on entrevista candidatos ao Governo do Estado de SP apareceu primeiro em ACidade ON Ribeir\u00e3o Preto.<\/p>\n<p><br \/>\n<br \/><a href=\"https:\/\/www.acidadeon.com\/ribeiraopreto\/politica\/eleicoes\/eleicoes-2026-acidade-on-entrevista-candidatos-ao-governo-do-estado-de-sp\/\">Link para o texto original aqui <\/a><\/p>\n<!-- CONTENT END 1 -->\n","protected":false},"excerpt":{"rendered":"<p>O Portal acidade on entrevista, nesta semana, os candidatos ao Governo do Estado de S\u00e3o Paulo nas Elei\u00e7\u00f5es 2026. Foram convidados os candidatos que somaram&#8230;<\/p>\n","protected":false},"author":1,"featured_media":90869,"comment_status":"","ping_status":"","sticky":false,"template":"","format":"standard","meta":{"advanced_seo_description":"","jetpack_seo_html_title":"","jetpack_seo_noindex":false,"jetpack_seo_schema_type":"","_jetpack_newsletter_access":"","_jetpack_dont_email_post_to_subs":false,"_jetpack_newsletter_tier_id":0,"_jetpack_memberships_contains_paywalled_content":false,"_jetpack_feature_clip_id":0,"_jetpack_memberships_contains_paid_content":false,"footnotes":"","jetpack_publicize_message":"","jetpack_publicize_feature_enabled":true,"jetpack_social_post_already_shared":true,"jetpack_social_options":{"image_generator_settings":{"template":"highway","default_image_id":0,"font":"","enabled":false},"version":2},"jetpack_post_was_ever_published":false},"categories":[11],"tags":[1124,1518,1328,560,160,1271],"class_list":["post-90868","post","type-post","status-publish","format-standard","has-post-thumbnail","hentry","category-noticias-de-ribeirao-preto-sp-e-regiao-ismael-colosi","tag-acidade","tag-candidatos","tag-eleicoes","tag-entrevista","tag-estado","tag-governo"],"jetpack_publicize_connections":[],"jetpack-related-posts":[{"id":58245,"url":"https:\/\/noticiasribeiraopreto.com.br\/index.php\/2024\/09\/22\/eleicoes-2024-acidade-on-realiza-entrevistas-com-candidatos-a-prefeitura-de-ribeirao-preto\/","url_meta":{"origin":90868,"position":0},"title":"Elei\u00e7\u00f5es 2024: acidade on realiza entrevistas com candidatos \u00e0 Prefeitura de Ribeir\u00e3o Preto","author":"noticiasribeiraopreto.com.br","date":"22 de September de 2024","format":false,"excerpt":"A partir da pr\u00f3xima ter\u00e7a-feira (24), o acidade on Ribeir\u00e3o realiza uma s\u00e9rie de entrevistas com os candidatos \u00e0 Prefeitura de Ribeir\u00e3o Preto. As entrevistas ser\u00e3o realizadas ao vivo e transmitidas pelo canal no YouTube e no portal acidade on Ribeir\u00e3o ap\u00f3s a participa\u00e7\u00e3o dos candidatos no telejornal EPTV 1\u2026","rel":"","context":"In &quot;Not\u00edcias de Ribeir\u00e3o Preto-SP e Regi\u00e3o&quot;","block_context":{"text":"Not\u00edcias de Ribeir\u00e3o Preto-SP e Regi\u00e3o","link":"https:\/\/noticiasribeiraopreto.com.br\/index.php\/category\/noticias-de-ribeirao-preto-sp-e-regiao-ismael-colosi\/"},"img":{"alt_text":"","src":"https:\/\/i0.wp.com\/noticiasribeiraopreto.com.br\/wp-content\/uploads\/2024\/09\/eleicoes-2024_2024-09-22_18-03-07_jpeg_2024-09-22_18-03-07.webp.webp?fit=1200%2C674&ssl=1&resize=350%2C200","width":350,"height":200,"srcset":"https:\/\/i0.wp.com\/noticiasribeiraopreto.com.br\/wp-content\/uploads\/2024\/09\/eleicoes-2024_2024-09-22_18-03-07_jpeg_2024-09-22_18-03-07.webp.webp?fit=1200%2C674&ssl=1&resize=350%2C200 1x, https:\/\/i0.wp.com\/noticiasribeiraopreto.com.br\/wp-content\/uploads\/2024\/09\/eleicoes-2024_2024-09-22_18-03-07_jpeg_2024-09-22_18-03-07.webp.webp?fit=1200%2C674&ssl=1&resize=525%2C300 1.5x, https:\/\/i0.wp.com\/noticiasribeiraopreto.com.br\/wp-content\/uploads\/2024\/09\/eleicoes-2024_2024-09-22_18-03-07_jpeg_2024-09-22_18-03-07.webp.webp?fit=1200%2C674&ssl=1&resize=700%2C400 2x, https:\/\/i0.wp.com\/noticiasribeiraopreto.com.br\/wp-content\/uploads\/2024\/09\/eleicoes-2024_2024-09-22_18-03-07_jpeg_2024-09-22_18-03-07.webp.webp?fit=1200%2C674&ssl=1&resize=1050%2C600 3x"},"classes":[]},{"id":59146,"url":"https:\/\/noticiasribeiraopreto.com.br\/index.php\/2024\/10\/15\/ao-vivo-acidade-on-ribeirao-entrevista-marco-aurelio-nesta-terca-feira\/","url_meta":{"origin":90868,"position":1},"title":"AO VIVO: acidade on Ribeir\u00e3o entrevista Marco Aur\u00e9lio nesta ter\u00e7a-feira","author":"noticiasribeiraopreto.com.br","date":"15 de October de 2024","format":false,"excerpt":"O acidade on Ribeir\u00e3o entrevista nesta ter\u00e7a-feira (15) o candidato Marco Aur\u00e9lio (Novo), que est\u00e1 no segundo turno das elei\u00e7\u00f5es 2024 na disputa pela Prefeitura de Ribeir\u00e3o Preto. A sabatina ser\u00e1 transmitida ao vivo no canal no YouTube do acidade on \u2013 veja o player acima \u2013 ap\u00f3s a participa\u00e7\u00e3o\u2026","rel":"","context":"In &quot;Not\u00edcias de Ribeir\u00e3o Preto-SP e Regi\u00e3o&quot;","block_context":{"text":"Not\u00edcias de Ribeir\u00e3o Preto-SP e Regi\u00e3o","link":"https:\/\/noticiasribeiraopreto.com.br\/index.php\/category\/noticias-de-ribeirao-preto-sp-e-regiao-ismael-colosi\/"},"img":{"alt_text":"","src":"https:\/\/i0.wp.com\/noticiasribeiraopreto.com.br\/wp-content\/uploads\/2024\/09\/marco-aurelio_2024-09-19_21-26-57_jpg_2024-09-19_21-26-57.webp.webp?fit=1200%2C755&ssl=1&resize=350%2C200","width":350,"height":200,"srcset":"https:\/\/i0.wp.com\/noticiasribeiraopreto.com.br\/wp-content\/uploads\/2024\/09\/marco-aurelio_2024-09-19_21-26-57_jpg_2024-09-19_21-26-57.webp.webp?fit=1200%2C755&ssl=1&resize=350%2C200 1x, https:\/\/i0.wp.com\/noticiasribeiraopreto.com.br\/wp-content\/uploads\/2024\/09\/marco-aurelio_2024-09-19_21-26-57_jpg_2024-09-19_21-26-57.webp.webp?fit=1200%2C755&ssl=1&resize=525%2C300 1.5x, https:\/\/i0.wp.com\/noticiasribeiraopreto.com.br\/wp-content\/uploads\/2024\/09\/marco-aurelio_2024-09-19_21-26-57_jpg_2024-09-19_21-26-57.webp.webp?fit=1200%2C755&ssl=1&resize=700%2C400 2x, https:\/\/i0.wp.com\/noticiasribeiraopreto.com.br\/wp-content\/uploads\/2024\/09\/marco-aurelio_2024-09-19_21-26-57_jpg_2024-09-19_21-26-57.webp.webp?fit=1200%2C755&ssl=1&resize=1050%2C600 3x"},"classes":[]},{"id":57707,"url":"https:\/\/noticiasribeiraopreto.com.br\/index.php\/2024\/09\/08\/eleicoes-2024-acidade-on-realiza-serie-de-entrevistas-com-candidatos-a-prefeitura-de-franca\/","url_meta":{"origin":90868,"position":2},"title":"Elei\u00e7\u00f5es 2024: acidade on realiza s\u00e9rie de entrevistas com candidatos \u00e0 Prefeitura de Franca","author":"noticiasribeiraopreto.com.br","date":"8 de September de 2024","format":false,"excerpt":"A partir desta segunda-feira (9), o acidade on Ribeir\u00e3o realiza uma s\u00e9rie de entrevistas com os candidatos \u00e0 Prefeitura de Franca. As entrevistas ser\u00e3o realizadas ao vivo e transmitidas pelo canal no YouTube e no portal acidade on Ribeir\u00e3o ap\u00f3s a participa\u00e7\u00e3o dos candidatos no telejornal EPTV 1 entre segunda-feira\u2026","rel":"","context":"In &quot;Not\u00edcias de Ribeir\u00e3o Preto-SP e Regi\u00e3o&quot;","block_context":{"text":"Not\u00edcias de Ribeir\u00e3o Preto-SP e Regi\u00e3o","link":"https:\/\/noticiasribeiraopreto.com.br\/index.php\/category\/noticias-de-ribeirao-preto-sp-e-regiao-ismael-colosi\/"},"img":{"alt_text":"","src":"https:\/\/i0.wp.com\/noticiasribeiraopreto.com.br\/wp-content\/uploads\/2024\/09\/urna_2024-09-06_19-24-20_jpg_2024-09-06_19-24-20.webp.webp?fit=1170%2C700&ssl=1&resize=350%2C200","width":350,"height":200,"srcset":"https:\/\/i0.wp.com\/noticiasribeiraopreto.com.br\/wp-content\/uploads\/2024\/09\/urna_2024-09-06_19-24-20_jpg_2024-09-06_19-24-20.webp.webp?fit=1170%2C700&ssl=1&resize=350%2C200 1x, https:\/\/i0.wp.com\/noticiasribeiraopreto.com.br\/wp-content\/uploads\/2024\/09\/urna_2024-09-06_19-24-20_jpg_2024-09-06_19-24-20.webp.webp?fit=1170%2C700&ssl=1&resize=525%2C300 1.5x, https:\/\/i0.wp.com\/noticiasribeiraopreto.com.br\/wp-content\/uploads\/2024\/09\/urna_2024-09-06_19-24-20_jpg_2024-09-06_19-24-20.webp.webp?fit=1170%2C700&ssl=1&resize=700%2C400 2x, https:\/\/i0.wp.com\/noticiasribeiraopreto.com.br\/wp-content\/uploads\/2024\/09\/urna_2024-09-06_19-24-20_jpg_2024-09-06_19-24-20.webp.webp?fit=1170%2C700&ssl=1&resize=1050%2C600 3x"},"classes":[]},{"id":58304,"url":"https:\/\/noticiasribeiraopreto.com.br\/index.php\/2024\/09\/24\/andre-trindade-participa-nesta-terca-da-serie-de-entrevistas-com-candidatos-a-prefeitura-de-ribeirao-preto\/","url_meta":{"origin":90868,"position":3},"title":"Andr\u00e9 Trindade participa nesta ter\u00e7a da s\u00e9rie de entrevistas com candidatos \u00e0 Prefeitura de Ribeir\u00e3o Preto","author":"noticiasribeiraopreto.com.br","date":"24 de September de 2024","format":false,"excerpt":"O acidade on Ribeir\u00e3o realiza nesta semana uma s\u00e9rie de entrevistas com os candidatos \u00e0 Prefeitura de Ribeir\u00e3o Preto nas elei\u00e7\u00f5es 2024. Nesta ter\u00e7a-feira (24) \u00e9 a vez da sabatina do empres\u00e1rio e ex-vereador Andr\u00e9 Trindade (Uni\u00e3o) \u2013 veja o player acima. A entrevista ter\u00e1 12 minutos e vai ao\u2026","rel":"","context":"In &quot;Not\u00edcias de Ribeir\u00e3o Preto-SP e Regi\u00e3o&quot;","block_context":{"text":"Not\u00edcias de Ribeir\u00e3o Preto-SP e Regi\u00e3o","link":"https:\/\/noticiasribeiraopreto.com.br\/index.php\/category\/noticias-de-ribeirao-preto-sp-e-regiao-ismael-colosi\/"},"img":{"alt_text":"","src":"https:\/\/i0.wp.com\/noticiasribeiraopreto.com.br\/wp-content\/uploads\/2024\/09\/Copia-de-Copia-de-Copia-de-TAMANHO-EXATO-PARA-FOTOS-NO-SISTEMA-NOVO-60_2024-09-19_21-29-32_png_2024-09-19_21-29-32.webp.webp?fit=1200%2C675&ssl=1&resize=350%2C200","width":350,"height":200,"srcset":"https:\/\/i0.wp.com\/noticiasribeiraopreto.com.br\/wp-content\/uploads\/2024\/09\/Copia-de-Copia-de-Copia-de-TAMANHO-EXATO-PARA-FOTOS-NO-SISTEMA-NOVO-60_2024-09-19_21-29-32_png_2024-09-19_21-29-32.webp.webp?fit=1200%2C675&ssl=1&resize=350%2C200 1x, https:\/\/i0.wp.com\/noticiasribeiraopreto.com.br\/wp-content\/uploads\/2024\/09\/Copia-de-Copia-de-Copia-de-TAMANHO-EXATO-PARA-FOTOS-NO-SISTEMA-NOVO-60_2024-09-19_21-29-32_png_2024-09-19_21-29-32.webp.webp?fit=1200%2C675&ssl=1&resize=525%2C300 1.5x, https:\/\/i0.wp.com\/noticiasribeiraopreto.com.br\/wp-content\/uploads\/2024\/09\/Copia-de-Copia-de-Copia-de-TAMANHO-EXATO-PARA-FOTOS-NO-SISTEMA-NOVO-60_2024-09-19_21-29-32_png_2024-09-19_21-29-32.webp.webp?fit=1200%2C675&ssl=1&resize=700%2C400 2x, https:\/\/i0.wp.com\/noticiasribeiraopreto.com.br\/wp-content\/uploads\/2024\/09\/Copia-de-Copia-de-Copia-de-TAMANHO-EXATO-PARA-FOTOS-NO-SISTEMA-NOVO-60_2024-09-19_21-29-32_png_2024-09-19_21-29-32.webp.webp?fit=1200%2C675&ssl=1&resize=1050%2C600 3x"},"classes":[]},{"id":58343,"url":"https:\/\/noticiasribeiraopreto.com.br\/index.php\/2024\/09\/25\/marco-aurelio-participa-nesta-quarta-da-serie-de-entrevistas-com-candidatos-a-prefeitura-de-ribeirao-preto\/","url_meta":{"origin":90868,"position":4},"title":"Marco Aur\u00e9lio participa nesta quarta da s\u00e9rie de entrevistas com candidatos \u00e0 Prefeitura de Ribeir\u00e3o Preto","author":"noticiasribeiraopreto.com.br","date":"25 de September de 2024","format":false,"excerpt":"O acidade on Ribeir\u00e3o realiza nesta semana uma s\u00e9rie de entrevistas com os candidatos \u00e0 Prefeitura de Ribeir\u00e3o Preto nas elei\u00e7\u00f5es 2024. Nesta quarta-feira (25) \u00e9 a vez da sabatina do empres\u00e1rio Marco Aur\u00e9lio (Novo) \u2013 veja o player acima. A entrevista ter\u00e1 12 minutos e vai ao ar, ao\u2026","rel":"","context":"In &quot;Not\u00edcias de Ribeir\u00e3o Preto-SP e Regi\u00e3o&quot;","block_context":{"text":"Not\u00edcias de Ribeir\u00e3o Preto-SP e Regi\u00e3o","link":"https:\/\/noticiasribeiraopreto.com.br\/index.php\/category\/noticias-de-ribeirao-preto-sp-e-regiao-ismael-colosi\/"},"img":{"alt_text":"","src":"https:\/\/i0.wp.com\/noticiasribeiraopreto.com.br\/wp-content\/uploads\/2024\/09\/marco-aurelio_2024-09-19_21-26-57_jpg_2024-09-19_21-26-57.webp.webp?fit=1200%2C755&ssl=1&resize=350%2C200","width":350,"height":200,"srcset":"https:\/\/i0.wp.com\/noticiasribeiraopreto.com.br\/wp-content\/uploads\/2024\/09\/marco-aurelio_2024-09-19_21-26-57_jpg_2024-09-19_21-26-57.webp.webp?fit=1200%2C755&ssl=1&resize=350%2C200 1x, https:\/\/i0.wp.com\/noticiasribeiraopreto.com.br\/wp-content\/uploads\/2024\/09\/marco-aurelio_2024-09-19_21-26-57_jpg_2024-09-19_21-26-57.webp.webp?fit=1200%2C755&ssl=1&resize=525%2C300 1.5x, https:\/\/i0.wp.com\/noticiasribeiraopreto.com.br\/wp-content\/uploads\/2024\/09\/marco-aurelio_2024-09-19_21-26-57_jpg_2024-09-19_21-26-57.webp.webp?fit=1200%2C755&ssl=1&resize=700%2C400 2x, https:\/\/i0.wp.com\/noticiasribeiraopreto.com.br\/wp-content\/uploads\/2024\/09\/marco-aurelio_2024-09-19_21-26-57_jpg_2024-09-19_21-26-57.webp.webp?fit=1200%2C755&ssl=1&resize=1050%2C600 3x"},"classes":[]},{"id":59182,"url":"https:\/\/noticiasribeiraopreto.com.br\/index.php\/2024\/10\/16\/saiba-quais-sao-as-propostas-de-ricardo-silva-psd-antes-do-2o-turno-em-ribeirao\/","url_meta":{"origin":90868,"position":5},"title":"Saiba quais s\u00e3o as propostas de Ricardo Silva (PSD) antes do 2\u00ba turno em Ribeir\u00e3o","author":"noticiasribeiraopreto.com.br","date":"16 de October de 2024","format":false,"excerpt":"O candidato Ricardo Silva (PSD) participou de uma nova entrevista com o portal acidade on na \u00faltima segunda-feira (14). Na ocasi\u00e3o, o deputado federal falou mais sobre as suas propostas caso seja eleito prefeito de Ribeir\u00e3o Preto \u2013 veja o player acima. Nesta rodada de entrevista, o candidato disse ser\u2026","rel":"","context":"In &quot;Not\u00edcias de Ribeir\u00e3o Preto-SP e Regi\u00e3o&quot;","block_context":{"text":"Not\u00edcias de Ribeir\u00e3o Preto-SP e Regi\u00e3o","link":"https:\/\/noticiasribeiraopreto.com.br\/index.php\/category\/noticias-de-ribeirao-preto-sp-e-regiao-ismael-colosi\/"},"img":{"alt_text":"","src":"https:\/\/i0.wp.com\/noticiasribeiraopreto.com.br\/wp-content\/uploads\/2024\/09\/ricardo-silva_2024-09-27_14-05-41_jpg_2024-09-27_14-05-41.webp.webp?fit=1200%2C863&ssl=1&resize=350%2C200","width":350,"height":200,"srcset":"https:\/\/i0.wp.com\/noticiasribeiraopreto.com.br\/wp-content\/uploads\/2024\/09\/ricardo-silva_2024-09-27_14-05-41_jpg_2024-09-27_14-05-41.webp.webp?fit=1200%2C863&ssl=1&resize=350%2C200 1x, https:\/\/i0.wp.com\/noticiasribeiraopreto.com.br\/wp-content\/uploads\/2024\/09\/ricardo-silva_2024-09-27_14-05-41_jpg_2024-09-27_14-05-41.webp.webp?fit=1200%2C863&ssl=1&resize=525%2C300 1.5x, https:\/\/i0.wp.com\/noticiasribeiraopreto.com.br\/wp-content\/uploads\/2024\/09\/ricardo-silva_2024-09-27_14-05-41_jpg_2024-09-27_14-05-41.webp.webp?fit=1200%2C863&ssl=1&resize=700%2C400 2x, https:\/\/i0.wp.com\/noticiasribeiraopreto.com.br\/wp-content\/uploads\/2024\/09\/ricardo-silva_2024-09-27_14-05-41_jpg_2024-09-27_14-05-41.webp.webp?fit=1200%2C863&ssl=1&resize=1050%2C600 3x"},"classes":[]}],"jetpack_sharing_enabled":true,"jetpack_shortlink":"https:\/\/wp.me\/peQAOb-nDC","jetpack_featured_media_url":"https:\/\/i0.wp.com\/noticiasribeiraopreto.com.br\/wp-content\/uploads\/2026\/09\/tarcisio-haddad-entrevista.jpeg?fit=768%2C432&ssl=1","_links":{"self":[{"href":"https:\/\/noticiasribeiraopreto.com.br\/index.php\/wp-json\/wp\/v2\/posts\/90868","targetHints":{"allow":["GET"]}}],"collection":[{"href":"https:\/\/noticiasribeiraopreto.com.br\/index.php\/wp-json\/wp\/v2\/posts"}],"about":[{"href":"https:\/\/noticiasribeiraopreto.com.br\/index.php\/wp-json\/wp\/v2\/types\/post"}],"author":[{"embeddable":true,"href":"https:\/\/noticiasribeiraopreto.com.br\/index.php\/wp-json\/wp\/v2\/users\/1"}],"replies":[{"embeddable":true,"href":"https:\/\/noticiasribeiraopreto.com.br\/index.php\/wp-json\/wp\/v2\/comments?post=90868"}],"version-history":[{"count":0,"href":"https:\/\/noticiasribeiraopreto.com.br\/index.php\/wp-json\/wp\/v2\/posts\/90868\/revisions"}],"wp:featuredmedia":[{"embeddable":true,"href":"https:\/\/noticiasribeiraopreto.com.br\/index.php\/wp-json\/wp\/v2\/media\/90869"}],"wp:attachment":[{"href":"https:\/\/noticiasribeiraopreto.com.br\/index.php\/wp-json\/wp\/v2\/media?parent=90868"}],"wp:term":[{"taxonomy":"category","embeddable":true,"href":"https:\/\/noticiasribeiraopreto.com.br\/index.php\/wp-json\/wp\/v2\/categories?post=90868"},{"taxonomy":"post_tag","embeddable":true,"href":"https:\/\/noticiasribeiraopreto.com.br\/index.php\/wp-json\/wp\/v2\/tags?post=90868"}],"curies":[{"name":"wp","href":"https:\/\/api.w.org\/{rel}","templated":true}]}}