{"id":90870,"date":"2026-09-01T09:28:58","date_gmt":"2026-09-01T12:28:58","guid":{"rendered":"https:\/\/noticiasribeiraopreto.com.br\/index.php\/2026\/09\/01\/show-da-pitty-veja-valores-dos-ingressos\/"},"modified":"2026-09-01T09:28:58","modified_gmt":"2026-09-01T12:28:58","slug":"show-da-pitty-veja-valores-dos-ingressos","status":"publish","type":"post","link":"https:\/\/noticiasribeiraopreto.com.br\/index.php\/2026\/09\/01\/show-da-pitty-veja-valores-dos-ingressos\/","title":{"rendered":"Show da Pitty em Ribeir\u00e3o Preto: veja valores dos ingressos"},"content":{"rendered":"<div class='code-block code-block-1' style='margin: 8px 0 8px auto; text-align: right; display: block; clear: both;'>\n<p><a href=\"https:\/\/wa.link\/vpicfd\"><img data-recalc-dims=\"1\" class=\"wp-image-4922\" style=\"aspect-ratio: 2.0253164556962027; width: 561px; height: auto;\" src=\"https:\/\/i0.wp.com\/ismaelcolosi.com.br\/wp-content\/uploads\/2023\/11\/grupo-de-empregos-whatsapp-e-facebook-ismael-colosi-vagas.jpg?ssl=1\" alt=\"\" \/><\/a><\/p>\n<!-- \/wp:image -->\n<\/div>\n<p> <br \/>\n<\/p>\n<p>Os ingressos para o <strong>show da Pitty em Ribeir\u00e3o Preto<\/strong> come\u00e7am a ser vendidos nesta <strong>ter\u00e7a-feira (1\u00ba)<\/strong>, a partir das 12h. A cantora se apresenta na cidade no dia <strong>12 de dezembro<\/strong>, no CHF Espa\u00e7o Cultural, com a nova turn\u00ea do \u00e1lbum \u201c<strong>PITTY<\/strong>\u201d.<\/p>\n<p>Os interessados podem adquirir os ingressos atrav\u00e9s da plataforma da <strong>\u201cTicketmaster\u201d (<a href=\"https:\/\/www.ticketmaster.com.br\/\" data-type=\"link\" data-id=\"https:\/\/www.ticketmaster.com.br\/\" target=\"_blank\" rel=\"noopener\">clique aqui<\/a>)<\/strong> e pelo <strong>site oficial da cantora (<a href=\"https:\/\/www.pitty.com.br\/\" target=\"_blank\" data-type=\"link\" data-id=\"https:\/\/www.pitty.com.br\/\" rel=\"noreferrer noopener\">clique aqui para acessar<\/a>)<\/strong>.<\/p>\n<p><mark class=\"has-inline-color\"><strong>Ribeir\u00e3o Preto <\/strong>ser\u00e1 a primeira cidade do interior paulista a receber a nova turn\u00ea<\/mark>, que passa por dez cidades nesta primeira sequ\u00eancia de apresenta\u00e7\u00f5es pelo pa\u00eds.<\/p>\n<figure class=\"wp-block-image size-large\"><figcaption class=\"wp-element-caption\"> Imagem: redes sociais \/ @pitty<\/figcaption><\/figure>\n<p class=\"has-text-align-center has-cyan-bluish-gray-background-color has-background\"><em>Receba not\u00edcias do\u00a0<strong>acidade on Ribeir\u00e3o\u00a0<\/strong>no WhatsApp e fique por dentro de tudo! Basta acessar o link<a href=\"https:\/\/chat.whatsapp.com\/DfXwcjKVIddHUT3BvnQuPZ?mode=hqctshi\" target=\"_blank\" rel=\"noreferrer noopener\">\u00a0aqui<\/a>!<\/em><\/p>\n<h2 class=\"wp-block-heading\"><strong>O que esperar da nova turn\u00ea de Pitty<\/strong><\/h2>\n<p>O repert\u00f3rio do show vai reunir <strong>m\u00fasicas do novo \u00e1lbum<\/strong> e <strong>can\u00e7\u00f5es de diferentes momentos da carreira da artista<\/strong>.<\/p>\n<p>A proposta do espet\u00e1culo \u00e9 <mark class=\"has-inline-color\">explorar ao vivo diferentes caracter\u00edsticas do novo trabalho, alternando momentos de peso, movimento e energia com passagens de maior intimidade.<\/mark><\/p>\n<p>Com mais de duas d\u00e9cadas de carreira, Pitty construiu um repert\u00f3rio que atravessa diferentes fases do rock brasileiro. <strong>O novo \u00e1lbum nasceu de um processo criativo iniciado no fim de 2025 e chega \u00e0s plataformas digitais em 16 de outubro.<\/strong><\/p>\n<figure class=\"wp-block-image size-large\"><img data-recalc-dims=\"1\" loading=\"lazy\" decoding=\"async\" width=\"1024\" height=\"576\" src=\"https:\/\/i0.wp.com\/www.acidadeon.com\/ribeiraopreto\/wp-content\/uploads\/sites\/3\/2026\/08\/Nova-turne-da-Pitty-1024x576.png?resize=1024%2C576&#038;ssl=1\" alt=\"Pitty anuncia show em Ribeir\u00e3o Preto para promover novo \u00e1lbum\" class=\"wp-image-172332\" title=\"Show da Pitty em Ribeir\u00e3o Preto: veja valores dos ingressos 2\"><figcaption class=\"wp-element-caption\"> Imagem: redes sociais \/ @pitty<\/figcaption><\/figure>\n<h2 class=\"wp-block-heading\"><strong>Valores e setores<\/strong><\/h2>\n<p>A venda dos ingressos ter\u00e1 duas op\u00e7\u00f5es de setores, permitindo ao p\u00fablico escolher entre a pista e uma \u00e1rea premium com acesso \u00e0 frente do palco. Confira os valores:<\/p>\n<ul class=\"wp-block-list\">\n<li><strong>Equalize (setor pista):<\/strong> R$ 100 (meia-entrada) | R$ 110 (entrada solid\u00e1ria) | R$ 200 (inteira)<\/li>\n<\/ul>\n<ul class=\"wp-block-list\">\n<li><strong>Me Adora (pista premium):<\/strong> R$ 170 (meia-entrada) | R$ 190 (entrada solid\u00e1ria) | R$ 340 (inteira)<\/li>\n<\/ul>\n<p>A modalidade solid\u00e1ria \u00e9 v\u00e1lida mediante a doa\u00e7\u00e3o de 1 kg de alimento n\u00e3o perec\u00edvel. Os ingressos do primeiro lote podem ser parcelados em at\u00e9 tr\u00eas vezes sem juros.<\/p>\n<p><em>Vale lembrar que os valores e a disponibilidade dos ingressos est\u00e3o sujeitos a altera\u00e7\u00f5es sem aviso pr\u00e9vio.<\/em><\/p>\n<h3 class=\"wp-block-heading\"><strong>Servi\u00e7o<\/strong><\/h3>\n<p><em><\/em> <em>Show da Pitty em Ribeir\u00e3o Preto<\/em><\/p>\n<p>Quando: 12 de dezembro<\/p>\n<p>Local: CHF Espa\u00e7o Cultural<\/p>\n<p>Ingresso: a partir de R$ 100 \u2013 <a href=\"https:\/\/www.pitty.com.br\/\" target=\"_blank\" data-type=\"link\" data-id=\"https:\/\/www.pitty.com.br\/\" rel=\"noreferrer noopener\">clique aqui<\/a><\/p>\n<figure class=\"wp-block-gallery has-nested-images columns-default is-cropped wp-block-gallery-1 is-layout-flex wp-block-gallery-is-layout-flex\">\n<figure class=\"wp-block-image size-large\"><img data-recalc-dims=\"1\" loading=\"lazy\" decoding=\"async\" width=\"1024\" height=\"576\" data-id=\"172330\" src=\"https:\/\/i0.wp.com\/www.acidadeon.com\/ribeiraopreto\/wp-content\/uploads\/sites\/3\/2026\/08\/Nova-turne-da-Pitty-4-1024x576.png?resize=1024%2C576&#038;ssl=1\" alt=\"Pitty anuncia show em Ribeir\u00e3o Preto para promover novo \u00e1lbum\" class=\"wp-image-172330\" title=\"Show da Pitty em Ribeir\u00e3o Preto: veja valores dos ingressos 3\"><figcaption class=\"wp-element-caption\">Imagem: redes sociais \/ @pitty<\/figcaption><\/figure>\n<figure class=\"wp-block-image size-large\"><img data-recalc-dims=\"1\" loading=\"lazy\" decoding=\"async\" width=\"1024\" height=\"576\" data-id=\"172328\" src=\"https:\/\/i0.wp.com\/www.acidadeon.com\/ribeiraopreto\/wp-content\/uploads\/sites\/3\/2026\/08\/Nova-turne-da-Pitty-2-1024x576.png?resize=1024%2C576&#038;ssl=1\" alt=\"Pitty anuncia show em Ribeir\u00e3o Preto para promover novo \u00e1lbum\" class=\"wp-image-172328\" title=\"Show da Pitty em Ribeir\u00e3o Preto: veja valores dos ingressos 4\"><figcaption class=\"wp-element-caption\"> Imagem: redes sociais \/ @pitty<\/figcaption><\/figure>\n<\/figure>\n<p class=\"has-text-align-center has-cyan-bluish-gray-background-color has-background\"><em>Fa\u00e7a uma den\u00fancia ou sugira uma reportagem sobre\u00a0<strong>Ribeir\u00e3o Preto\u00a0<\/strong>e regi\u00e3o por meio do WhatsApp do\u00a0<strong>acidade on Ribeir\u00e3o<\/strong>: (16) 99117-7802.<\/em><\/p>\n<p>O post Show da Pitty em Ribeir\u00e3o Preto: veja valores dos ingressos apareceu primeiro em ACidade ON Ribeir\u00e3o Preto.<\/p>\n<p><br \/>\n<br \/><a href=\"https:\/\/www.acidadeon.com\/ribeiraopreto\/lazer-e-cultura\/show-da-pitty-veja-valores-dos-ingressos\/\">Link para o texto original aqui <\/a><\/p>\n<!-- CONTENT END 1 -->\n","protected":false},"excerpt":{"rendered":"<p>Os ingressos para o show da Pitty em Ribeir\u00e3o Preto come\u00e7am a ser vendidos nesta ter\u00e7a-feira (1\u00ba), a partir das 12h. A cantora se apresenta&#8230;<\/p>\n","protected":false},"author":1,"featured_media":90871,"comment_status":"","ping_status":"","sticky":false,"template":"","format":"standard","meta":{"advanced_seo_description":"","jetpack_seo_html_title":"","jetpack_seo_noindex":false,"jetpack_seo_schema_type":"","_jetpack_newsletter_access":"","_jetpack_dont_email_post_to_subs":false,"_jetpack_newsletter_tier_id":0,"_jetpack_memberships_contains_paywalled_content":false,"_jetpack_feature_clip_id":0,"_jetpack_memberships_contains_paid_content":false,"footnotes":"","jetpack_publicize_message":"","jetpack_publicize_feature_enabled":true,"jetpack_social_post_already_shared":true,"jetpack_social_options":{"image_generator_settings":{"template":"highway","default_image_id":0,"font":"","enabled":false},"version":2},"jetpack_post_was_ever_published":false},"categories":[11],"tags":[470,370,8755,27,26,360,521,48],"class_list":["post-90870","post","type-post","status-publish","format-standard","has-post-thumbnail","hentry","category-noticias-de-ribeirao-preto-sp-e-regiao-ismael-colosi","tag-dos","tag-ingressos","tag-pitty","tag-preto","tag-ribeirao","tag-show","tag-valores","tag-veja"],"jetpack_publicize_connections":[],"jetpack-related-posts":[{"id":64609,"url":"https:\/\/noticiasribeiraopreto.com.br\/index.php\/2025\/03\/10\/pitty-e-fresno-se-apresentam-nesta-semana-em-ribeirao-preto\/","url_meta":{"origin":90870,"position":0},"title":"Pitty e Fresno se apresentam nesta semana em Ribeir\u00e3o Preto","author":"noticiasribeiraopreto.com.br","date":"10 de March de 2025","format":false,"excerpt":"A cantora Pitty e a banda Fresno se apresentam em Ribeir\u00e3o Preto na sexta-feira (14). Os shows fazem parte do projeto \u201cEu Quero Rock\u201d, que acontece no Alcans Hall, localizado na rodovia Anhanguera (SP-330). Os ingressos para as apresenta\u00e7\u00f5es ainda est\u00e3o dispon\u00edveis e podem ser adquiridos de forma on-line \u2013\u2026","rel":"","context":"In &quot;Not\u00edcias de Ribeir\u00e3o Preto-SP e Regi\u00e3o&quot;","block_context":{"text":"Not\u00edcias de Ribeir\u00e3o Preto-SP e Regi\u00e3o","link":"https:\/\/noticiasribeiraopreto.com.br\/index.php\/category\/noticias-de-ribeirao-preto-sp-e-regiao-ismael-colosi\/"},"img":{"alt_text":"","src":"https:\/\/i0.wp.com\/noticiasribeiraopreto.com.br\/wp-content\/uploads\/2025\/03\/Copia-de-Copia-de-Copia-de-TAMANHO-EXATO-PARA-FOTOS-NO-SISTEMA-NOVO-2025-03-10T164728.266_2025-03-10_19-47-31_png_2025-03-10_19-47-31.webp.webp?fit=1200%2C675&ssl=1&resize=350%2C200","width":350,"height":200,"srcset":"https:\/\/i0.wp.com\/noticiasribeiraopreto.com.br\/wp-content\/uploads\/2025\/03\/Copia-de-Copia-de-Copia-de-TAMANHO-EXATO-PARA-FOTOS-NO-SISTEMA-NOVO-2025-03-10T164728.266_2025-03-10_19-47-31_png_2025-03-10_19-47-31.webp.webp?fit=1200%2C675&ssl=1&resize=350%2C200 1x, https:\/\/i0.wp.com\/noticiasribeiraopreto.com.br\/wp-content\/uploads\/2025\/03\/Copia-de-Copia-de-Copia-de-TAMANHO-EXATO-PARA-FOTOS-NO-SISTEMA-NOVO-2025-03-10T164728.266_2025-03-10_19-47-31_png_2025-03-10_19-47-31.webp.webp?fit=1200%2C675&ssl=1&resize=525%2C300 1.5x, https:\/\/i0.wp.com\/noticiasribeiraopreto.com.br\/wp-content\/uploads\/2025\/03\/Copia-de-Copia-de-Copia-de-TAMANHO-EXATO-PARA-FOTOS-NO-SISTEMA-NOVO-2025-03-10T164728.266_2025-03-10_19-47-31_png_2025-03-10_19-47-31.webp.webp?fit=1200%2C675&ssl=1&resize=700%2C400 2x, https:\/\/i0.wp.com\/noticiasribeiraopreto.com.br\/wp-content\/uploads\/2025\/03\/Copia-de-Copia-de-Copia-de-TAMANHO-EXATO-PARA-FOTOS-NO-SISTEMA-NOVO-2025-03-10T164728.266_2025-03-10_19-47-31_png_2025-03-10_19-47-31.webp.webp?fit=1200%2C675&ssl=1&resize=1050%2C600 3x"},"classes":[]},{"id":90585,"url":"https:\/\/noticiasribeiraopreto.com.br\/index.php\/2026\/08\/25\/pitty-anuncia-show-em-ribeirao-preto-veja-quando-ingressos-estarao-a-venda\/","url_meta":{"origin":90870,"position":1},"title":"Pitty anuncia show em Ribeir\u00e3o Preto; Veja quando ingressos estar\u00e3o \u00e0 venda","author":"noticiasribeiraopreto.com.br","date":"25 de August de 2026","format":false,"excerpt":"A cantora Pitty incluiu Ribeir\u00e3o Preto na rota da sua nova turn\u00ea, que vai promover o \u00e1lbum \u201cPitty\u201d, marcado para ser lan\u00e7ado no dia 16 de outubro. A apresenta\u00e7\u00e3o na cidade est\u00e1 marcada para o dia 12 de dezembro, no CHF Espa\u00e7o Cultural. Conforme publicado em suas redes sociais, os\u2026","rel":"","context":"In &quot;Not\u00edcias de Ribeir\u00e3o Preto-SP e Regi\u00e3o&quot;","block_context":{"text":"Not\u00edcias de Ribeir\u00e3o Preto-SP e Regi\u00e3o","link":"https:\/\/noticiasribeiraopreto.com.br\/index.php\/category\/noticias-de-ribeirao-preto-sp-e-regiao-ismael-colosi\/"},"img":{"alt_text":"","src":"https:\/\/i0.wp.com\/noticiasribeiraopreto.com.br\/wp-content\/uploads\/2026\/08\/Nova-turne-da-Pitty-2-1024x576.png?fit=1024%2C576&ssl=1&resize=350%2C200","width":350,"height":200,"srcset":"https:\/\/i0.wp.com\/noticiasribeiraopreto.com.br\/wp-content\/uploads\/2026\/08\/Nova-turne-da-Pitty-2-1024x576.png?fit=1024%2C576&ssl=1&resize=350%2C200 1x, https:\/\/i0.wp.com\/noticiasribeiraopreto.com.br\/wp-content\/uploads\/2026\/08\/Nova-turne-da-Pitty-2-1024x576.png?fit=1024%2C576&ssl=1&resize=525%2C300 1.5x, https:\/\/i0.wp.com\/noticiasribeiraopreto.com.br\/wp-content\/uploads\/2026\/08\/Nova-turne-da-Pitty-2-1024x576.png?fit=1024%2C576&ssl=1&resize=700%2C400 2x"},"classes":[]},{"id":62930,"url":"https:\/\/noticiasribeiraopreto.com.br\/index.php\/2025\/01\/28\/pitty-fara-show-em-ribeirao-preto-antes-de-pausa-na-carreira\/","url_meta":{"origin":90870,"position":2},"title":"Pitty far\u00e1 show em Ribeir\u00e3o Preto antes de pausa na carreira","author":"noticiasribeiraopreto.com.br","date":"28 de January de 2025","format":false,"excerpt":"Antes de dar uma pausa na carreira, a cantora Pitty se apresentar\u00e1 em Ribeir\u00e3o Preto no dia 14 de mar\u00e7o, junto com a banda Fresno. O projeto Eu Quero Rock acontecer\u00e1 no Alcans Hall. Os ingressos come\u00e7ar\u00e3o a ser vendidos nesta quinta-feira (30), exclusivamente no site (clique aqui). No come\u00e7o\u2026","rel":"","context":"In &quot;Not\u00edcias de Ribeir\u00e3o Preto-SP e Regi\u00e3o&quot;","block_context":{"text":"Not\u00edcias de Ribeir\u00e3o Preto-SP e Regi\u00e3o","link":"https:\/\/noticiasribeiraopreto.com.br\/index.php\/category\/noticias-de-ribeirao-preto-sp-e-regiao-ismael-colosi\/"},"img":{"alt_text":"","src":"https:\/\/i0.wp.com\/noticiasribeiraopreto.com.br\/wp-content\/uploads\/2025\/01\/Copia-de-Copia-de-Copia-de-TAMANHO-EXATO-PARA-FOTOS-NO-SISTEMA-NOVO-2025-01-28T175054.198_2025-01-28_20-51-06_png_2025-01-28_20-51-06.webp.webp?fit=1200%2C675&ssl=1&resize=350%2C200","width":350,"height":200,"srcset":"https:\/\/i0.wp.com\/noticiasribeiraopreto.com.br\/wp-content\/uploads\/2025\/01\/Copia-de-Copia-de-Copia-de-TAMANHO-EXATO-PARA-FOTOS-NO-SISTEMA-NOVO-2025-01-28T175054.198_2025-01-28_20-51-06_png_2025-01-28_20-51-06.webp.webp?fit=1200%2C675&ssl=1&resize=350%2C200 1x, https:\/\/i0.wp.com\/noticiasribeiraopreto.com.br\/wp-content\/uploads\/2025\/01\/Copia-de-Copia-de-Copia-de-TAMANHO-EXATO-PARA-FOTOS-NO-SISTEMA-NOVO-2025-01-28T175054.198_2025-01-28_20-51-06_png_2025-01-28_20-51-06.webp.webp?fit=1200%2C675&ssl=1&resize=525%2C300 1.5x, https:\/\/i0.wp.com\/noticiasribeiraopreto.com.br\/wp-content\/uploads\/2025\/01\/Copia-de-Copia-de-Copia-de-TAMANHO-EXATO-PARA-FOTOS-NO-SISTEMA-NOVO-2025-01-28T175054.198_2025-01-28_20-51-06_png_2025-01-28_20-51-06.webp.webp?fit=1200%2C675&ssl=1&resize=700%2C400 2x, https:\/\/i0.wp.com\/noticiasribeiraopreto.com.br\/wp-content\/uploads\/2025\/01\/Copia-de-Copia-de-Copia-de-TAMANHO-EXATO-PARA-FOTOS-NO-SISTEMA-NOVO-2025-01-28T175054.198_2025-01-28_20-51-06_png_2025-01-28_20-51-06.webp.webp?fit=1200%2C675&ssl=1&resize=1050%2C600 3x"},"classes":[]},{"id":64985,"url":"https:\/\/noticiasribeiraopreto.com.br\/index.php\/2025\/03\/14\/pitty-fresno-pixote-e-kl-jay-veja-opcoes-para-curtir-o-fim-de-semana-em-ribeirao-preto\/","url_meta":{"origin":90870,"position":3},"title":"Pitty, Fresno, Pixote e KL Jay: Veja op\u00e7\u00f5es para curtir o fim de semana em Ribeir\u00e3o Preto","author":"noticiasribeiraopreto.com.br","date":"14 de March de 2025","format":false,"excerpt":"O fim de semana chegou e o acidade on listou as melhores op\u00e7\u00f5es para quem deseja curtir o fim de semana fora de casa. Os destaques da agenda cultural s\u00e3o as apresenta\u00e7\u00f5es de Pitty e Fresno, Pixote e KL Jay. Veja: Eu Quero Rock com Pitty e Fresno A cantora\u00a0Pitty\u00a0e\u2026","rel":"","context":"In &quot;Not\u00edcias de Ribeir\u00e3o Preto-SP e Regi\u00e3o&quot;","block_context":{"text":"Not\u00edcias de Ribeir\u00e3o Preto-SP e Regi\u00e3o","link":"https:\/\/noticiasribeiraopreto.com.br\/index.php\/category\/noticias-de-ribeirao-preto-sp-e-regiao-ismael-colosi\/"},"img":{"alt_text":"","src":"https:\/\/i0.wp.com\/noticiasribeiraopreto.com.br\/wp-content\/uploads\/2025\/03\/pitty_2025-03-14_12-46-44_jpg_2025-03-14_12-46-44.webp.webp?fit=1079%2C815&ssl=1&resize=350%2C200","width":350,"height":200,"srcset":"https:\/\/i0.wp.com\/noticiasribeiraopreto.com.br\/wp-content\/uploads\/2025\/03\/pitty_2025-03-14_12-46-44_jpg_2025-03-14_12-46-44.webp.webp?fit=1079%2C815&ssl=1&resize=350%2C200 1x, https:\/\/i0.wp.com\/noticiasribeiraopreto.com.br\/wp-content\/uploads\/2025\/03\/pitty_2025-03-14_12-46-44_jpg_2025-03-14_12-46-44.webp.webp?fit=1079%2C815&ssl=1&resize=525%2C300 1.5x, https:\/\/i0.wp.com\/noticiasribeiraopreto.com.br\/wp-content\/uploads\/2025\/03\/pitty_2025-03-14_12-46-44_jpg_2025-03-14_12-46-44.webp.webp?fit=1079%2C815&ssl=1&resize=700%2C400 2x, https:\/\/i0.wp.com\/noticiasribeiraopreto.com.br\/wp-content\/uploads\/2025\/03\/pitty_2025-03-14_12-46-44_jpg_2025-03-14_12-46-44.webp.webp?fit=1079%2C815&ssl=1&resize=1050%2C600 3x"},"classes":[]},{"id":64529,"url":"https:\/\/noticiasribeiraopreto.com.br\/index.php\/2025\/03\/09\/numanice-em-ribeirao-ingressos-ainda-estao-disponiveis-veja-precos-e-como-comprar\/","url_meta":{"origin":90870,"position":4},"title":"Numanice em Ribeir\u00e3o: Ingressos ainda est\u00e3o dispon\u00edveis; Veja pre\u00e7os e como comprar","author":"noticiasribeiraopreto.com.br","date":"9 de March de 2025","format":false,"excerpt":"Ainda est\u00e3o dispon\u00edveis os ingressos para a turn\u00ea Numanice, da cantora Ludmilla, em Ribeir\u00e3o Preto. A apresenta\u00e7\u00e3o acontece no dia 31 de maio, a partir das 15h, no est\u00e1dio Santa Cruz\/Arena Nicnet. Os valores para o show variam entre R$ 260 e R$ 360 \u2013 veja mais abaixo. A turn\u00ea\u2026","rel":"","context":"In &quot;Not\u00edcias de Ribeir\u00e3o Preto-SP e Regi\u00e3o&quot;","block_context":{"text":"Not\u00edcias de Ribeir\u00e3o Preto-SP e Regi\u00e3o","link":"https:\/\/noticiasribeiraopreto.com.br\/index.php\/category\/noticias-de-ribeirao-preto-sp-e-regiao-ismael-colosi\/"},"img":{"alt_text":"","src":"https:\/\/i0.wp.com\/noticiasribeiraopreto.com.br\/wp-content\/uploads\/2024\/10\/Copia-de-Copia-de-Copia-de-TAMANHO-EXATO-PARA-FOTOS-NO-SISTEMA-NOVO-38_2024-10-23_18-07-44_png_2024-10-23_18-07-44.webp.webp?fit=1200%2C675&ssl=1&resize=350%2C200","width":350,"height":200,"srcset":"https:\/\/i0.wp.com\/noticiasribeiraopreto.com.br\/wp-content\/uploads\/2024\/10\/Copia-de-Copia-de-Copia-de-TAMANHO-EXATO-PARA-FOTOS-NO-SISTEMA-NOVO-38_2024-10-23_18-07-44_png_2024-10-23_18-07-44.webp.webp?fit=1200%2C675&ssl=1&resize=350%2C200 1x, https:\/\/i0.wp.com\/noticiasribeiraopreto.com.br\/wp-content\/uploads\/2024\/10\/Copia-de-Copia-de-Copia-de-TAMANHO-EXATO-PARA-FOTOS-NO-SISTEMA-NOVO-38_2024-10-23_18-07-44_png_2024-10-23_18-07-44.webp.webp?fit=1200%2C675&ssl=1&resize=525%2C300 1.5x, https:\/\/i0.wp.com\/noticiasribeiraopreto.com.br\/wp-content\/uploads\/2024\/10\/Copia-de-Copia-de-Copia-de-TAMANHO-EXATO-PARA-FOTOS-NO-SISTEMA-NOVO-38_2024-10-23_18-07-44_png_2024-10-23_18-07-44.webp.webp?fit=1200%2C675&ssl=1&resize=700%2C400 2x, https:\/\/i0.wp.com\/noticiasribeiraopreto.com.br\/wp-content\/uploads\/2024\/10\/Copia-de-Copia-de-Copia-de-TAMANHO-EXATO-PARA-FOTOS-NO-SISTEMA-NOVO-38_2024-10-23_18-07-44_png_2024-10-23_18-07-44.webp.webp?fit=1200%2C675&ssl=1&resize=1050%2C600 3x"},"classes":[]},{"id":36978,"url":"https:\/\/noticiasribeiraopreto.com.br\/index.php\/2024\/02\/13\/ultimo-dia-de-carnaval-tem-anitta-na-regiao-de-ribeirao-ainda-ha-ingressos\/","url_meta":{"origin":90870,"position":5},"title":"\u00daltimo dia de Carnaval tem Anitta na regi\u00e3o de Ribeir\u00e3o; Ainda h\u00e1 ingressos","author":"noticiasribeiraopreto.com.br","date":"13 de February de 2024","format":false,"excerpt":"A cantora Anitta encerra o Carnaval em Barretos, cidade na regi\u00e3o de Ribeir\u00e3o Preto, nesta ter\u00e7a-feira (13). Os ingressos para o show ainda est\u00e3o dispon\u00edveis e podem ser adquiridos de forma on-line (clique aqui). A apresenta\u00e7\u00e3o faz parte da 4\u00aa edi\u00e7\u00e3o do \u201cBloquim\u201d, bloco universit\u00e1rio que re\u00fane milhares de jovens\u2026","rel":"","context":"In &quot;Not\u00edcias de Ribeir\u00e3o Preto-SP e Regi\u00e3o&quot;","block_context":{"text":"Not\u00edcias de Ribeir\u00e3o Preto-SP e Regi\u00e3o","link":"https:\/\/noticiasribeiraopreto.com.br\/index.php\/category\/noticias-de-ribeirao-preto-sp-e-regiao-ismael-colosi\/"},"img":{"alt_text":"","src":"https:\/\/i0.wp.com\/noticiasribeiraopreto.com.br\/wp-content\/uploads\/2024\/02\/1707842900_WhatsApp-Image-2024-02-07-at-10.55.25.jpeg?fit=1080%2C670&ssl=1&resize=350%2C200","width":350,"height":200,"srcset":"https:\/\/i0.wp.com\/noticiasribeiraopreto.com.br\/wp-content\/uploads\/2024\/02\/1707842900_WhatsApp-Image-2024-02-07-at-10.55.25.jpeg?fit=1080%2C670&ssl=1&resize=350%2C200 1x, https:\/\/i0.wp.com\/noticiasribeiraopreto.com.br\/wp-content\/uploads\/2024\/02\/1707842900_WhatsApp-Image-2024-02-07-at-10.55.25.jpeg?fit=1080%2C670&ssl=1&resize=525%2C300 1.5x, https:\/\/i0.wp.com\/noticiasribeiraopreto.com.br\/wp-content\/uploads\/2024\/02\/1707842900_WhatsApp-Image-2024-02-07-at-10.55.25.jpeg?fit=1080%2C670&ssl=1&resize=700%2C400 2x, https:\/\/i0.wp.com\/noticiasribeiraopreto.com.br\/wp-content\/uploads\/2024\/02\/1707842900_WhatsApp-Image-2024-02-07-at-10.55.25.jpeg?fit=1080%2C670&ssl=1&resize=1050%2C600 3x"},"classes":[]}],"jetpack_sharing_enabled":true,"jetpack_shortlink":"https:\/\/wp.me\/peQAOb-nDE","jetpack_featured_media_url":"https:\/\/i0.wp.com\/noticiasribeiraopreto.com.br\/wp-content\/uploads\/2026\/09\/Nova-turne-da-Pitty-5-1024x576.png?fit=1024%2C576&ssl=1","_links":{"self":[{"href":"https:\/\/noticiasribeiraopreto.com.br\/index.php\/wp-json\/wp\/v2\/posts\/90870","targetHints":{"allow":["GET"]}}],"collection":[{"href":"https:\/\/noticiasribeiraopreto.com.br\/index.php\/wp-json\/wp\/v2\/posts"}],"about":[{"href":"https:\/\/noticiasribeiraopreto.com.br\/index.php\/wp-json\/wp\/v2\/types\/post"}],"author":[{"embeddable":true,"href":"https:\/\/noticiasribeiraopreto.com.br\/index.php\/wp-json\/wp\/v2\/users\/1"}],"replies":[{"embeddable":true,"href":"https:\/\/noticiasribeiraopreto.com.br\/index.php\/wp-json\/wp\/v2\/comments?post=90870"}],"version-history":[{"count":0,"href":"https:\/\/noticiasribeiraopreto.com.br\/index.php\/wp-json\/wp\/v2\/posts\/90870\/revisions"}],"wp:featuredmedia":[{"embeddable":true,"href":"https:\/\/noticiasribeiraopreto.com.br\/index.php\/wp-json\/wp\/v2\/media\/90871"}],"wp:attachment":[{"href":"https:\/\/noticiasribeiraopreto.com.br\/index.php\/wp-json\/wp\/v2\/media?parent=90870"}],"wp:term":[{"taxonomy":"category","embeddable":true,"href":"https:\/\/noticiasribeiraopreto.com.br\/index.php\/wp-json\/wp\/v2\/categories?post=90870"},{"taxonomy":"post_tag","embeddable":true,"href":"https:\/\/noticiasribeiraopreto.com.br\/index.php\/wp-json\/wp\/v2\/tags?post=90870"}],"curies":[{"name":"wp","href":"https:\/\/api.w.org\/{rel}","templated":true}]}}