{"id":90872,"date":"2026-09-01T09:30:03","date_gmt":"2026-09-01T12:30:03","guid":{"rendered":"https:\/\/noticiasribeiraopreto.com.br\/index.php\/2026\/09\/01\/homem-ateia-fogo-casa-jardim-cristo-redentor-ribeirao-preto\/"},"modified":"2026-09-01T09:30:03","modified_gmt":"2026-09-01T12:30:03","slug":"homem-ateia-fogo-casa-jardim-cristo-redentor-ribeirao-preto","status":"publish","type":"post","link":"https:\/\/noticiasribeiraopreto.com.br\/index.php\/2026\/09\/01\/homem-ateia-fogo-casa-jardim-cristo-redentor-ribeirao-preto\/","title":{"rendered":"Homem ateia fogo em uma casa no Jardim Cristo Redentor em Ribeir\u00e3o Preto"},"content":{"rendered":"<div class='code-block code-block-1' style='margin: 8px 0 8px auto; text-align: right; display: block; clear: both;'>\n<p><a href=\"https:\/\/wa.link\/vpicfd\"><img data-recalc-dims=\"1\" class=\"wp-image-4922\" style=\"aspect-ratio: 2.0253164556962027; width: 561px; height: auto;\" src=\"https:\/\/i0.wp.com\/ismaelcolosi.com.br\/wp-content\/uploads\/2023\/11\/grupo-de-empregos-whatsapp-e-facebook-ismael-colosi-vagas.jpg?ssl=1\" alt=\"\" \/><\/a><\/p>\n<!-- \/wp:image -->\n<\/div>\n<p> <br \/>\n<\/p>\n<div data-td-block-uid=\"tdi_142\">\n<div class=\"tdb-block-inner td-fix-index\">\n<p class=\"wp-block-paragraph\">Imagens de c\u00e2meras de seguran\u00e7a flagraram um <strong>homem que ateou fogo em frente \u00e0 uma casa e um com\u00e9rcio, <\/strong>no Bairro Jardim Cristo Redentor, em Ribeir\u00e3o Preto.<\/p>\n<p class=\"wp-block-paragraph\">O crime aconteceu <strong>na madrugada desta segunda-feira (31)<\/strong>, na Rua Jair Rodrigues.<\/p>\n<figure class=\"wp-block-video\"><video height=\"544\" style=\"aspect-ratio: 480 \/ 544;\" width=\"480\" controls=\"\" src=\"https:\/\/static1.thmais.com.br\/wp-content\/uploads\/2026\/09\/WhatsApp-Video-2026-09-01-at-07.51.49-2.mp4\"\/><\/figure>\n<p class=\"wp-block-paragraph\">Nas imagens \u00e9 poss\u00edvel ver um homem, vestido de blusa e cal\u00e7a preta carregando um gal\u00e3o nas m\u00e3os enquanto caminha at\u00e9 o im\u00f3vel. Ap\u00f3s olhar a sua volta, o suspeito j<strong>ogo o l\u00edquido por debaixo do port\u00e3o e nas paredes. <\/strong><\/p>\n<p class=\"wp-block-paragraph\">As chamas rapidamente se alastram. Ainda segundoo v\u00eddeo, o<strong> fogo deve ter acertado o p\u00e9 do homem<\/strong>, que abandona o chinelo e corre.<\/p>\n<p class=\"wp-block-paragraph\">Os moradoes da casa estavam dormindo qaundo o inc\u00eandio come\u00e7ou. De acordo com propriet\u00e1ria, o quarto do casal fica mais ao fundo do im\u00f3vel e <strong>s\u00f3 perceberam as chamas quando acordoram. <\/strong><\/p>\n<p class=\"wp-block-paragraph\">O casal tem uma filha de tr\u00eas anos e a fam\u00edlia mora no bairro h\u00e1 cerca de sete anos. O casal registou boletim de ocorr\u00eancia, mas ainda se sentem inseguros na casa ap\u00f3s o inc\u00eandio criminoso.<\/p>\n<p class=\"wp-block-paragraph\">O suspeito deixou o chinelo e o gal\u00e3o para tr\u00e1s. <strong>A Pol\u00edcia Civil investiga o caso.<\/strong><\/p>\n<\/div>\n<\/div>\n<p><br \/>\n<br \/><a href=\"https:\/\/thmais.com.br\/noticias\/homem-ateia-fogo-casa-jardim-cristo-redentor-ribeirao-preto\/\">Link para o texto original aqui <\/a><\/p>\n<!-- CONTENT END 1 -->\n","protected":false},"excerpt":{"rendered":"<p>Imagens de c\u00e2meras de seguran\u00e7a flagraram um homem que ateou fogo em frente \u00e0 uma casa e um com\u00e9rcio, no Bairro Jardim Cristo Redentor, em&#8230;<\/p>\n","protected":false},"author":1,"featured_media":90873,"comment_status":"","ping_status":"","sticky":false,"template":"","format":"standard","meta":{"advanced_seo_description":"","jetpack_seo_html_title":"","jetpack_seo_noindex":false,"jetpack_seo_schema_type":"","_jetpack_newsletter_access":"","_jetpack_dont_email_post_to_subs":false,"_jetpack_newsletter_tier_id":0,"_jetpack_memberships_contains_paywalled_content":false,"_jetpack_feature_clip_id":0,"_jetpack_memberships_contains_paid_content":false,"footnotes":"","jetpack_publicize_message":"","jetpack_publicize_feature_enabled":true,"jetpack_social_post_already_shared":true,"jetpack_social_options":{"image_generator_settings":{"template":"highway","default_image_id":0,"font":"","enabled":false},"version":2},"jetpack_post_was_ever_published":false},"categories":[11],"tags":[8846,289,7598,426,59,971,27,8847,26,85],"class_list":["post-90872","post","type-post","status-publish","format-standard","has-post-thumbnail","hentry","category-noticias-de-ribeirao-preto-sp-e-regiao-ismael-colosi","tag-ateia","tag-casa","tag-cristo","tag-fogo","tag-homem","tag-jardim","tag-preto","tag-redentor","tag-ribeirao","tag-uma"],"jetpack_publicize_connections":[],"jetpack-related-posts":[{"id":75539,"url":"https:\/\/noticiasribeiraopreto.com.br\/index.php\/2025\/08\/11\/policia-prende-suspeito-da-morte-de-garota-no-cristo-redentor\/","url_meta":{"origin":90872,"position":0},"title":"Pol\u00edcia prende suspeito da morte de garota no Cristo Redentor","author":"noticiasribeiraopreto.com.br","date":"11 de August de 2025","format":false,"excerpt":"Por: Adalberto Luque Um homem identificado como Rodrigo Mussi e que se identifica como o locutor Rodrigo Totti, foi preso na manh\u00e3 desta segunda-feira (11). Ele \u00e9 suspeito da morte da jovem Karina Cristina Queiroz, de 22 anos, ocorrida em 1\u00ba de agosto. Segundo o delegado Targino Donizete Os\u00f3rio, ele\u2026","rel":"","context":"In &quot;Not\u00edcias de Ribeir\u00e3o Preto-SP e Regi\u00e3o&quot;","block_context":{"text":"Not\u00edcias de Ribeir\u00e3o Preto-SP e Regi\u00e3o","link":"https:\/\/noticiasribeiraopreto.com.br\/index.php\/category\/noticias-de-ribeirao-preto-sp-e-regiao-ismael-colosi\/"},"img":{"alt_text":"","src":"https:\/\/i0.wp.com\/noticiasribeiraopreto.com.br\/wp-content\/uploads\/2025\/08\/11-ago-2025-crimecristoredentor8-scaled.jpg?fit=1200%2C627&ssl=1&resize=350%2C200","width":350,"height":200,"srcset":"https:\/\/i0.wp.com\/noticiasribeiraopreto.com.br\/wp-content\/uploads\/2025\/08\/11-ago-2025-crimecristoredentor8-scaled.jpg?fit=1200%2C627&ssl=1&resize=350%2C200 1x, https:\/\/i0.wp.com\/noticiasribeiraopreto.com.br\/wp-content\/uploads\/2025\/08\/11-ago-2025-crimecristoredentor8-scaled.jpg?fit=1200%2C627&ssl=1&resize=525%2C300 1.5x, https:\/\/i0.wp.com\/noticiasribeiraopreto.com.br\/wp-content\/uploads\/2025\/08\/11-ago-2025-crimecristoredentor8-scaled.jpg?fit=1200%2C627&ssl=1&resize=700%2C400 2x, https:\/\/i0.wp.com\/noticiasribeiraopreto.com.br\/wp-content\/uploads\/2025\/08\/11-ago-2025-crimecristoredentor8-scaled.jpg?fit=1200%2C627&ssl=1&resize=1050%2C600 3x"},"classes":[]},{"id":12454,"url":"https:\/\/noticiasribeiraopreto.com.br\/index.php\/2023\/12\/08\/video-flagra-mulher-ateando-fogo-em-marido-que-estava-dentro-de-bar-imagens-viralizam\/","url_meta":{"origin":90872,"position":1},"title":"V\u00eddeo flagra mulher ateando fogo em marido que estava dentro de bar \u2013 Imagens viralizam","author":"noticiasribeiraopreto.com.br","date":"8 de December de 2023","format":false,"excerpt":"Nas \u00faltimas horas um v\u00eddeo come\u00e7ou a circular nas redes sociais e as imagens chocantes viralizaram. As imagens foram capturadas por uma c\u00e2mera de seguran\u00e7a de um estabelecimento que se parece com um bar.\u00c9 poss\u00edvel ver o momento em que uma mulher ateia fogo em um homem que pelas informa\u00e7\u00f5es\u2026","rel":"","context":"In &quot;Blog&quot;","block_context":{"text":"Blog","link":"https:\/\/noticiasribeiraopreto.com.br\/index.php\/category\/blog\/"},"img":{"alt_text":"","src":"https:\/\/i0.wp.com\/noticiasribeiraopreto.com.br\/wp-content\/uploads\/2023\/12\/postimg-657298117a3751587.jpg?fit=1200%2C628&ssl=1&resize=350%2C200","width":350,"height":200,"srcset":"https:\/\/i0.wp.com\/noticiasribeiraopreto.com.br\/wp-content\/uploads\/2023\/12\/postimg-657298117a3751587.jpg?fit=1200%2C628&ssl=1&resize=350%2C200 1x, https:\/\/i0.wp.com\/noticiasribeiraopreto.com.br\/wp-content\/uploads\/2023\/12\/postimg-657298117a3751587.jpg?fit=1200%2C628&ssl=1&resize=525%2C300 1.5x, https:\/\/i0.wp.com\/noticiasribeiraopreto.com.br\/wp-content\/uploads\/2023\/12\/postimg-657298117a3751587.jpg?fit=1200%2C628&ssl=1&resize=700%2C400 2x, https:\/\/i0.wp.com\/noticiasribeiraopreto.com.br\/wp-content\/uploads\/2023\/12\/postimg-657298117a3751587.jpg?fit=1200%2C628&ssl=1&resize=1050%2C600 3x"},"classes":[]},{"id":75536,"url":"https:\/\/noticiasribeiraopreto.com.br\/index.php\/2025\/08\/11\/suspeito-de-matar-mulher-de-22-anos-e-preso-em-casa-na-zona-norte-de-ribeirao-preto\/","url_meta":{"origin":90872,"position":2},"title":"Suspeito de matar mulher de 22 anos \u00e9 preso em casa na zona Norte de Ribeir\u00e3o Preto","author":"noticiasribeiraopreto.com.br","date":"11 de August de 2025","format":false,"excerpt":"A Pol\u00edcia Civil prendeu nesta segunda-feira (11) o homem suspeito de matar Karina Cristina Queiroz, de 22 anos, em Ribeir\u00e3o Preto. O crime ocorreu no \u00faltimo dia 1\u00ba, na casa onde a v\u00edtima morava, no Jardim Cristo Redentor, zona Norte. Segundo informa\u00e7\u00f5es da pol\u00edcia, o suspeito, identificado como Rodrigo Totti\u2026","rel":"","context":"In &quot;Not\u00edcias de Ribeir\u00e3o Preto-SP e Regi\u00e3o&quot;","block_context":{"text":"Not\u00edcias de Ribeir\u00e3o Preto-SP e Regi\u00e3o","link":"https:\/\/noticiasribeiraopreto.com.br\/index.php\/category\/noticias-de-ribeirao-preto-sp-e-regiao-ismael-colosi\/"},"img":{"alt_text":"","src":"https:\/\/i0.wp.com\/noticiasribeiraopreto.com.br\/wp-content\/uploads\/2025\/08\/RODRIGO-1_2025-08-11_11-30-56.webp.webp?fit=1200%2C911&ssl=1&resize=350%2C200","width":350,"height":200,"srcset":"https:\/\/i0.wp.com\/noticiasribeiraopreto.com.br\/wp-content\/uploads\/2025\/08\/RODRIGO-1_2025-08-11_11-30-56.webp.webp?fit=1200%2C911&ssl=1&resize=350%2C200 1x, https:\/\/i0.wp.com\/noticiasribeiraopreto.com.br\/wp-content\/uploads\/2025\/08\/RODRIGO-1_2025-08-11_11-30-56.webp.webp?fit=1200%2C911&ssl=1&resize=525%2C300 1.5x, https:\/\/i0.wp.com\/noticiasribeiraopreto.com.br\/wp-content\/uploads\/2025\/08\/RODRIGO-1_2025-08-11_11-30-56.webp.webp?fit=1200%2C911&ssl=1&resize=700%2C400 2x, https:\/\/i0.wp.com\/noticiasribeiraopreto.com.br\/wp-content\/uploads\/2025\/08\/RODRIGO-1_2025-08-11_11-30-56.webp.webp?fit=1200%2C911&ssl=1&resize=1050%2C600 3x"},"classes":[]},{"id":75538,"url":"https:\/\/noticiasribeiraopreto.com.br\/index.php\/2025\/08\/11\/policia-civil-prende-acusado-de-matar-mulher-de-22-anos-em-ribeirao-preto\/","url_meta":{"origin":90872,"position":3},"title":"Pol\u00edcia Civil prende acusado de matar mulher de 22 anos em Ribeir\u00e3o Preto","author":"noticiasribeiraopreto.com.br","date":"11 de August de 2025","format":false,"excerpt":"A Pol\u00edcia Civil prendeu nesta segunda-feira (11) um homem suspeito de matar uma mulher de 22 anos, cujo corpo foi encontrado no \u00faltimo dia 1\u00ba, na casa onde a v\u00edtima morava, no Jardim Cristo Redentor, zona Norte de Ribeir\u00e3o Preto. Assista ao v\u00eddeo abaixo. Segundo o boletim de ocorr\u00eancia (BO),\u2026","rel":"","context":"In &quot;Not\u00edcias de Ribeir\u00e3o Preto-SP e Regi\u00e3o&quot;","block_context":{"text":"Not\u00edcias de Ribeir\u00e3o Preto-SP e Regi\u00e3o","link":"https:\/\/noticiasribeiraopreto.com.br\/index.php\/category\/noticias-de-ribeirao-preto-sp-e-regiao-ismael-colosi\/"},"img":{"alt_text":"","src":"https:\/\/i0.wp.com\/noticiasribeiraopreto.com.br\/wp-content\/uploads\/2025\/08\/WhatsApp-Image-2025-08-04-at-10.39.13_2025-08-04_14-23-07.webp.webp?fit=1200%2C675&ssl=1&resize=350%2C200","width":350,"height":200,"srcset":"https:\/\/i0.wp.com\/noticiasribeiraopreto.com.br\/wp-content\/uploads\/2025\/08\/WhatsApp-Image-2025-08-04-at-10.39.13_2025-08-04_14-23-07.webp.webp?fit=1200%2C675&ssl=1&resize=350%2C200 1x, https:\/\/i0.wp.com\/noticiasribeiraopreto.com.br\/wp-content\/uploads\/2025\/08\/WhatsApp-Image-2025-08-04-at-10.39.13_2025-08-04_14-23-07.webp.webp?fit=1200%2C675&ssl=1&resize=525%2C300 1.5x, https:\/\/i0.wp.com\/noticiasribeiraopreto.com.br\/wp-content\/uploads\/2025\/08\/WhatsApp-Image-2025-08-04-at-10.39.13_2025-08-04_14-23-07.webp.webp?fit=1200%2C675&ssl=1&resize=700%2C400 2x, https:\/\/i0.wp.com\/noticiasribeiraopreto.com.br\/wp-content\/uploads\/2025\/08\/WhatsApp-Image-2025-08-04-at-10.39.13_2025-08-04_14-23-07.webp.webp?fit=1200%2C675&ssl=1&resize=1050%2C600 3x"},"classes":[]},{"id":23731,"url":"https:\/\/noticiasribeiraopreto.com.br\/index.php\/2024\/01\/02\/homem-ateia-fogo-em-cadela-e-seus-7-filhotes\/","url_meta":{"origin":90872,"position":4},"title":"homem ateia fogo em cadela e seus 7 filhotes","author":"noticiasribeiraopreto.com.br","date":"2 de January de 2024","format":false,"excerpt":"Um homem foi flagrado cometendo crime de maus-tratos contra animais neste come\u00e7o de ano e o caso tem gerado revolta. O homem foi flagrado ateando fogo em animais, no munic\u00edpio de Jequi\u00e9, no interior da Bahia.As informa\u00e7\u00f5es foram repassadas pela ONG Aprovanimal, que informou ainda que alguns dos animais foram\u2026","rel":"","context":"In &quot;Blog&quot;","block_context":{"text":"Blog","link":"https:\/\/noticiasribeiraopreto.com.br\/index.php\/category\/blog\/"},"img":{"alt_text":"","src":"https:\/\/i0.wp.com\/noticiasribeiraopreto.com.br\/wp-content\/uploads\/2024\/01\/postimg-6594b4626fbef3818.jpg?fit=1200%2C628&ssl=1&resize=350%2C200","width":350,"height":200,"srcset":"https:\/\/i0.wp.com\/noticiasribeiraopreto.com.br\/wp-content\/uploads\/2024\/01\/postimg-6594b4626fbef3818.jpg?fit=1200%2C628&ssl=1&resize=350%2C200 1x, https:\/\/i0.wp.com\/noticiasribeiraopreto.com.br\/wp-content\/uploads\/2024\/01\/postimg-6594b4626fbef3818.jpg?fit=1200%2C628&ssl=1&resize=525%2C300 1.5x, https:\/\/i0.wp.com\/noticiasribeiraopreto.com.br\/wp-content\/uploads\/2024\/01\/postimg-6594b4626fbef3818.jpg?fit=1200%2C628&ssl=1&resize=700%2C400 2x, https:\/\/i0.wp.com\/noticiasribeiraopreto.com.br\/wp-content\/uploads\/2024\/01\/postimg-6594b4626fbef3818.jpg?fit=1200%2C628&ssl=1&resize=1050%2C600 3x"},"classes":[]},{"id":85837,"url":"https:\/\/noticiasribeiraopreto.com.br\/index.php\/2026\/05\/20\/ciclista-e-atropelado-apos-discussao-no-transito\/","url_meta":{"origin":90872,"position":5},"title":"V\u00cdDEO &#8211; Ciclista \u00e9 atropelado ap\u00f3s discuss\u00e3o no tr\u00e2nsito","author":"noticiasribeiraopreto.com.br","date":"20 de May de 2026","format":false,"excerpt":"\r \r \r De acordo com BO, condutora do carro n\u00e3o teria respeitado sinaliza\u00e7\u00e3o, se desentendeu com ciclista, perseguiu e atropelou o homem\r \r 20 de maio de 2026 11:3120 de maio de 2026 11:32 \r Compartilhar2 \r | Por: Adalberto Luque | Um ciclista de 40 anos foi ferido,\u2026","rel":"","context":"In &quot;Not\u00edcias de Ribeir\u00e3o Preto-SP e Regi\u00e3o&quot;","block_context":{"text":"Not\u00edcias de Ribeir\u00e3o Preto-SP e Regi\u00e3o","link":"https:\/\/noticiasribeiraopreto.com.br\/index.php\/category\/noticias-de-ribeirao-preto-sp-e-regiao-ismael-colosi\/"},"img":{"alt_text":"","src":"https:\/\/i0.wp.com\/noticiasribeiraopreto.com.br\/wp-content\/uploads\/2026\/05\/20-mai-2026-atropelamentociclista-scaled.jpg?fit=1200%2C718&ssl=1&resize=350%2C200","width":350,"height":200,"srcset":"https:\/\/i0.wp.com\/noticiasribeiraopreto.com.br\/wp-content\/uploads\/2026\/05\/20-mai-2026-atropelamentociclista-scaled.jpg?fit=1200%2C718&ssl=1&resize=350%2C200 1x, https:\/\/i0.wp.com\/noticiasribeiraopreto.com.br\/wp-content\/uploads\/2026\/05\/20-mai-2026-atropelamentociclista-scaled.jpg?fit=1200%2C718&ssl=1&resize=525%2C300 1.5x, https:\/\/i0.wp.com\/noticiasribeiraopreto.com.br\/wp-content\/uploads\/2026\/05\/20-mai-2026-atropelamentociclista-scaled.jpg?fit=1200%2C718&ssl=1&resize=700%2C400 2x, https:\/\/i0.wp.com\/noticiasribeiraopreto.com.br\/wp-content\/uploads\/2026\/05\/20-mai-2026-atropelamentociclista-scaled.jpg?fit=1200%2C718&ssl=1&resize=1050%2C600 3x"},"classes":[]}],"jetpack_sharing_enabled":true,"jetpack_shortlink":"https:\/\/wp.me\/peQAOb-nDG","jetpack_featured_media_url":"https:\/\/i0.wp.com\/noticiasribeiraopreto.com.br\/wp-content\/uploads\/2026\/09\/PORTAL-THMAIS-5.jpg?fit=1600%2C900&ssl=1","_links":{"self":[{"href":"https:\/\/noticiasribeiraopreto.com.br\/index.php\/wp-json\/wp\/v2\/posts\/90872","targetHints":{"allow":["GET"]}}],"collection":[{"href":"https:\/\/noticiasribeiraopreto.com.br\/index.php\/wp-json\/wp\/v2\/posts"}],"about":[{"href":"https:\/\/noticiasribeiraopreto.com.br\/index.php\/wp-json\/wp\/v2\/types\/post"}],"author":[{"embeddable":true,"href":"https:\/\/noticiasribeiraopreto.com.br\/index.php\/wp-json\/wp\/v2\/users\/1"}],"replies":[{"embeddable":true,"href":"https:\/\/noticiasribeiraopreto.com.br\/index.php\/wp-json\/wp\/v2\/comments?post=90872"}],"version-history":[{"count":0,"href":"https:\/\/noticiasribeiraopreto.com.br\/index.php\/wp-json\/wp\/v2\/posts\/90872\/revisions"}],"wp:featuredmedia":[{"embeddable":true,"href":"https:\/\/noticiasribeiraopreto.com.br\/index.php\/wp-json\/wp\/v2\/media\/90873"}],"wp:attachment":[{"href":"https:\/\/noticiasribeiraopreto.com.br\/index.php\/wp-json\/wp\/v2\/media?parent=90872"}],"wp:term":[{"taxonomy":"category","embeddable":true,"href":"https:\/\/noticiasribeiraopreto.com.br\/index.php\/wp-json\/wp\/v2\/categories?post=90872"},{"taxonomy":"post_tag","embeddable":true,"href":"https:\/\/noticiasribeiraopreto.com.br\/index.php\/wp-json\/wp\/v2\/tags?post=90872"}],"curies":[{"name":"wp","href":"https:\/\/api.w.org\/{rel}","templated":true}]}}