{"id":90874,"date":"2026-09-01T10:06:13","date_gmt":"2026-09-01T13:06:13","guid":{"rendered":"https:\/\/noticiasribeiraopreto.com.br\/index.php\/2026\/09\/01\/interior-de-sp-entra-em-alerta-para-tempestades-e-ventos-de-ate-100-km-h-veja-regioes\/"},"modified":"2026-09-01T10:06:13","modified_gmt":"2026-09-01T13:06:13","slug":"interior-de-sp-entra-em-alerta-para-tempestades-e-ventos-de-ate-100-km-h-veja-regioes","status":"publish","type":"post","link":"https:\/\/noticiasribeiraopreto.com.br\/index.php\/2026\/09\/01\/interior-de-sp-entra-em-alerta-para-tempestades-e-ventos-de-ate-100-km-h-veja-regioes\/","title":{"rendered":"Interior de SP entra em alerta para tempestades e ventos de at\u00e9 100 km\/h; veja regi\u00f5es"},"content":{"rendered":"<div class='code-block code-block-1' style='margin: 8px 0 8px auto; text-align: right; display: block; clear: both;'>\n<p><a href=\"https:\/\/wa.link\/vpicfd\"><img data-recalc-dims=\"1\" class=\"wp-image-4922\" style=\"aspect-ratio: 2.0253164556962027; width: 561px; height: auto;\" src=\"https:\/\/i0.wp.com\/ismaelcolosi.com.br\/wp-content\/uploads\/2023\/11\/grupo-de-empregos-whatsapp-e-facebook-ismael-colosi-vagas.jpg?ssl=1\" alt=\"\" \/><\/a><\/p>\n<!-- \/wp:image -->\n<\/div>\n<p> <br \/>\n<\/p>\n<p>O <strong><a href=\"https:\/\/portal.inmet.gov.br\/\" data-type=\"link\" data-id=\"https:\/\/portal.inmet.gov.br\/\" target=\"_blank\" rel=\"noreferrer noopener\">Instituto Nacional de Meteorologia (Inmet)<\/a><\/strong> emitiu um <strong>alerta de perigo para tempestade<\/strong> <strong>no interior de S\u00e3o Paulo nesta ter\u00e7a-feira (1\u00ba)<\/strong> \u2013 veja regi\u00f5es em destaque logo abaixo.<\/p>\n<p>O aviso ocorre durante a <strong>passagem de uma nova frente fria<\/strong>, que avan\u00e7a pelo estado ap\u00f3s v\u00e1rios dias de calor e <mark class=\"has-inline-color\">provoca chuva forte, temporais e queda significativa das temperaturas<\/mark>, segundo a <strong><a href=\"https:\/\/www.climatempo.com.br\/\" target=\"_blank\" data-type=\"link\" data-id=\"https:\/\/www.climatempo.com.br\/\" rel=\"noreferrer noopener\">Climatempo<\/a><\/strong>.<\/p>\n<figure class=\"wp-block-image size-large\"><figcaption class=\"wp-element-caption\">Ribeir\u00e3o Preto aparece em alerta para tempestade \u2013 Foto: Ricardo Canaveze.<\/figcaption><\/figure>\n<p class=\"has-text-align-center has-cyan-bluish-gray-background-color has-background\"><em>Receba not\u00edcias do\u00a0<strong>acidade on Ribeir\u00e3o\u00a0<\/strong>no WhatsApp e fique por dentro de tudo! Basta acessar o link<a href=\"https:\/\/chat.whatsapp.com\/DfXwcjKVIddHUT3BvnQuPZ?mode=hqctshi\" target=\"_blank\" rel=\"noreferrer noopener\">\u00a0aqui<\/a>!<\/em><\/p>\n<h2 class=\"wp-block-heading\"><strong>Alerta de perigo para tempestade<\/strong><\/h2>\n<p>De acordo com o <strong>Inmet<\/strong>, o comunicado foi emitido devido \u00e0 previs\u00e3o de <strong>chuva que varia entre 30 mm\/h e 60 mm\/h ou at\u00e9 100 mm\/dia<\/strong>, al\u00e9m de <strong>ventos intensos que variam de 60 km\/h a 100 km\/h<\/strong>, e queda de granizo.<\/p>\n<p class=\"has-text-align-center\"><strong><mark class=\"has-inline-color\">O aviso come\u00e7a a valer \u00e0s 12h e \u00e9 v\u00e1lido at\u00e9 \u00e0s 23h59 de hoje.<\/mark><\/strong><\/p>\n<p>O \u00f3rg\u00e3o tamb\u00e9m alerta para o risco de corte de energia el\u00e9trica, estragos em planta\u00e7\u00f5es, queda de galhos de \u00e1rvores e de alagamentos. <strong>Vale lembrar que a Defesa Civil do estado j\u00e1 havia alertado sobre o risco de ventos intensos e granizo.<\/strong><\/p>\n<figure class=\"wp-block-image size-large\"><img data-recalc-dims=\"1\" loading=\"lazy\" decoding=\"async\" width=\"1024\" height=\"683\" src=\"https:\/\/i0.wp.com\/www.acidadeon.com\/ribeiraopreto\/wp-content\/uploads\/sites\/3\/2026\/08\/mapa-alerta-defesa-civil-1024x683.jpeg?resize=1024%2C683&#038;ssl=1\" alt=\"mapa alerta defesa civil\" class=\"wp-image-173117\" title=\"Interior de SP entra em alerta para tempestades e ventos de at\u00e9 100 km\/h; veja regi\u00f5es 2\"><figcaption class=\"wp-element-caption\">A condi\u00e7\u00e3o meteorol\u00f3gica exige aten\u00e7\u00e3o especial na Regi\u00e3o de Ribeir\u00e3o Preto (Fonte: Defesa Civil SP)<\/figcaption><\/figure>\n<h2 class=\"wp-block-heading\"><strong>Confira as regi\u00f5es que est\u00e3o em alerta de perigo<\/strong><\/h2>\n<ul class=\"wp-block-list\">\n<li>Campinas<\/li>\n<li>S\u00e3o Jos\u00e9 do Rio Preto<\/li>\n<li><strong>Ribeir\u00e3o Preto<\/strong><\/li>\n<li>Araraquara<\/li>\n<li>Vale do Para\u00edba Paulista<\/li>\n<li>Piracicaba<\/li>\n<li>Macro Metropolitana Paulista<\/li>\n<\/ul>\n<h3 class=\"wp-block-heading\"><strong>Quais s\u00e3o as recomenda\u00e7\u00f5es?<\/strong><\/h3>\n<p>Ainda de acordo com o <strong>Inmet<\/strong>, durante <strong>per\u00edodos de chuva forte<\/strong> e<strong> rajadas de vento<\/strong>, \u00e9 importante adotar alguns cuidados para reduzir os riscos.<\/p>\n<p>Por isso a orienta\u00e7\u00e3o \u00e9<strong> evitar \u00e1reas abertas e manter dist\u00e2ncia de \u00e1rvores e estruturas que possam cair<\/strong> <strong>ou ser atingidas por descargas el\u00e9tricas<\/strong>. Entre as principais recomenda\u00e7\u00f5es est\u00e3o:<\/p>\n<ul class=\"wp-block-list\">\n<li>N\u00e3o se abrigar debaixo de \u00e1rvores, devido ao risco de quedas e descargas el\u00e9tricas;<\/li>\n<li>N\u00e3o estacionar ve\u00edculos pr\u00f3ximos a torres de transmiss\u00e3o e placas de propaganda;<\/li>\n<li>Evitar o uso de aparelhos eletr\u00f4nicos ligados \u00e0 tomada durante a tempestade.<\/li>\n<\/ul>\n<p>Em caso de emerg\u00eancia ou para obter orienta\u00e7\u00f5es, a popula\u00e7\u00e3o pode acionar a <strong>Defesa Civil pelo telefone 199<\/strong> ou o <strong>Corpo de Bombeiros pelo 193<\/strong>.<\/p>\n<figure class=\"wp-block-image size-large\"><img data-recalc-dims=\"1\" loading=\"lazy\" decoding=\"async\" width=\"1024\" height=\"613\" src=\"https:\/\/i0.wp.com\/www.acidadeon.com\/ribeiraopreto\/wp-content\/uploads\/sites\/3\/2025\/04\/chuva_2601214145_0-1024x613.webp?resize=1024%2C613&#038;ssl=1\" alt=\"Frente fria deve chegar ao Sudeste na pr\u00f3xima semana - Foto: Marcello Casal Jr \/ Ag\u00eancia Brasil\" class=\"wp-image-114482\" title=\"Interior de SP entra em alerta para tempestades e ventos de at\u00e9 100 km\/h; veja regi\u00f5es 3\"><figcaption class=\"wp-element-caption\">Foto: Marcello Casal Jr \/ Ag\u00eancia Brasil<\/figcaption><\/figure>\n<p class=\"has-text-align-center has-cyan-bluish-gray-background-color has-background\"><em>Fa\u00e7a uma den\u00fancia ou sugira uma reportagem sobre\u00a0<strong>Ribeir\u00e3o Preto\u00a0<\/strong>e regi\u00e3o por meio do WhatsApp do\u00a0<strong>acidade on Ribeir\u00e3o<\/strong>: (16) 99117-7802.<\/em><\/p>\n<p>O post Interior de SP entra em alerta para tempestades e ventos de at\u00e9 100 km\/h; veja regi\u00f5es apareceu primeiro em ACidade ON Ribeir\u00e3o Preto.<\/p>\n<p><br \/>\n<br \/><a href=\"https:\/\/www.acidadeon.com\/ribeiraopreto\/cotidiano\/interior-de-sp-entra-em-alerta-para-tempestades-e-ventos-de-ate-100-km-h-veja-regioes\/\">Link para o texto original aqui <\/a><\/p>\n<!-- CONTENT END 1 -->\n","protected":false},"excerpt":{"rendered":"<p>O Instituto Nacional de Meteorologia (Inmet) emitiu um alerta de perigo para tempestade no interior de S\u00e3o Paulo nesta ter\u00e7a-feira (1\u00ba) \u2013 veja regi\u00f5es em&#8230;<\/p>\n","protected":false},"author":1,"featured_media":90875,"comment_status":"","ping_status":"","sticky":false,"template":"","format":"standard","meta":{"advanced_seo_description":"","jetpack_seo_html_title":"","jetpack_seo_noindex":false,"jetpack_seo_schema_type":"","_jetpack_newsletter_access":"","_jetpack_dont_email_post_to_subs":false,"_jetpack_newsletter_tier_id":0,"_jetpack_memberships_contains_paywalled_content":false,"_jetpack_feature_clip_id":0,"_jetpack_memberships_contains_paid_content":false,"footnotes":"","jetpack_publicize_message":"","jetpack_publicize_feature_enabled":true,"jetpack_social_post_already_shared":true,"jetpack_social_options":{"image_generator_settings":{"template":"highway","default_image_id":0,"font":"","enabled":false},"version":2},"jetpack_post_was_ever_published":false},"categories":[11],"tags":[163,103,2499,237,249,71,3022,64,3453,48,248],"class_list":["post-90874","post","type-post","status-publish","format-standard","has-post-thumbnail","hentry","category-noticias-de-ribeirao-preto-sp-e-regiao-ismael-colosi","tag-alerta","tag-ate","tag-entra","tag-interior","tag-kmh","tag-para","tag-regioes","tag-tempestade","tag-tempestades","tag-veja","tag-ventos"],"jetpack_publicize_connections":[],"jetpack-related-posts":[{"id":81210,"url":"https:\/\/noticiasribeiraopreto.com.br\/index.php\/2025\/12\/28\/virada-no-tempo-marca-ultima-semana-do-ano-no-interior-de-sp-veja-regioes-em-alerta-para-tempestade\/","url_meta":{"origin":90874,"position":0},"title":"Virada no tempo marca \u00faltima semana do ano no interior de SP; Veja regi\u00f5es em alerta para tempestade","author":"noticiasribeiraopreto.com.br","date":"28 de December de 2025","format":false,"excerpt":"Os pr\u00f3ximos dias prometem uma virada no tempo em diversas regi\u00f5es de S\u00e3o Paulo, inclusive no interior paulista, ap\u00f3s um per\u00edodo marcado por calor intenso e tempo seco. De acordo com a Climatempo, a mudan\u00e7a ocorre com o enfraquecimento do bloqueio atmosf\u00e9rico que vinha atuando sobre o pa\u00eds e impedindo\u2026","rel":"","context":"In &quot;Not\u00edcias de Ribeir\u00e3o Preto-SP e Regi\u00e3o&quot;","block_context":{"text":"Not\u00edcias de Ribeir\u00e3o Preto-SP e Regi\u00e3o","link":"https:\/\/noticiasribeiraopreto.com.br\/index.php\/category\/noticias-de-ribeirao-preto-sp-e-regiao-ismael-colosi\/"},"img":{"alt_text":"","src":"https:\/\/i0.wp.com\/noticiasribeiraopreto.com.br\/wp-content\/uploads\/2025\/12\/WhatsApp-Image-2024-11-26-at-07.21.59_2024-11-26_10-23-24_jpeg_2024-11-26_10-23-24.webp.webp?fit=1200%2C553&ssl=1&resize=350%2C200","width":350,"height":200,"srcset":"https:\/\/i0.wp.com\/noticiasribeiraopreto.com.br\/wp-content\/uploads\/2025\/12\/WhatsApp-Image-2024-11-26-at-07.21.59_2024-11-26_10-23-24_jpeg_2024-11-26_10-23-24.webp.webp?fit=1200%2C553&ssl=1&resize=350%2C200 1x, https:\/\/i0.wp.com\/noticiasribeiraopreto.com.br\/wp-content\/uploads\/2025\/12\/WhatsApp-Image-2024-11-26-at-07.21.59_2024-11-26_10-23-24_jpeg_2024-11-26_10-23-24.webp.webp?fit=1200%2C553&ssl=1&resize=525%2C300 1.5x, https:\/\/i0.wp.com\/noticiasribeiraopreto.com.br\/wp-content\/uploads\/2025\/12\/WhatsApp-Image-2024-11-26-at-07.21.59_2024-11-26_10-23-24_jpeg_2024-11-26_10-23-24.webp.webp?fit=1200%2C553&ssl=1&resize=700%2C400 2x, https:\/\/i0.wp.com\/noticiasribeiraopreto.com.br\/wp-content\/uploads\/2025\/12\/WhatsApp-Image-2024-11-26-at-07.21.59_2024-11-26_10-23-24_jpeg_2024-11-26_10-23-24.webp.webp?fit=1200%2C553&ssl=1&resize=1050%2C600 3x"},"classes":[]},{"id":78516,"url":"https:\/\/noticiasribeiraopreto.com.br\/index.php\/2025\/10\/12\/inmet-emite-alertas-de-tempestade-e-chuvas-intensas-para-o-interior-de-sp-veja-regioes-afetadas\/","url_meta":{"origin":90874,"position":1},"title":"Inmet emite alertas de tempestade e chuvas intensas para o interior de SP; Veja regi\u00f5es afetadas","author":"noticiasribeiraopreto.com.br","date":"12 de October de 2025","format":false,"excerpt":"O Inmet (Instituto Nacional de Meteorologia) emitiu dois novos alertas para o interior de S\u00e3o Paulo neste domingo (12). Os avisos s\u00e3o de \u201cperigo\u201d para tempestade e \u201cperigo potencial\u201d para chuvas intensas em diferentes regi\u00f5es. Ambos s\u00e3o v\u00e1lidos at\u00e9 \u00e0s 10h desta segunda-feira (13). Confira: Alerta de perigo O comunicado\u2026","rel":"","context":"In &quot;Not\u00edcias de Ribeir\u00e3o Preto-SP e Regi\u00e3o&quot;","block_context":{"text":"Not\u00edcias de Ribeir\u00e3o Preto-SP e Regi\u00e3o","link":"https:\/\/noticiasribeiraopreto.com.br\/index.php\/category\/noticias-de-ribeirao-preto-sp-e-regiao-ismael-colosi\/"},"img":{"alt_text":"","src":"https:\/\/i0.wp.com\/noticiasribeiraopreto.com.br\/wp-content\/uploads\/2025\/10\/WhatsApp-Image-2024-12-03-at-09.16.43_2024-12-03_12-22-10_jpeg_2024-12-03_12-22-10.webp.webp?fit=1200%2C540&ssl=1&resize=350%2C200","width":350,"height":200,"srcset":"https:\/\/i0.wp.com\/noticiasribeiraopreto.com.br\/wp-content\/uploads\/2025\/10\/WhatsApp-Image-2024-12-03-at-09.16.43_2024-12-03_12-22-10_jpeg_2024-12-03_12-22-10.webp.webp?fit=1200%2C540&ssl=1&resize=350%2C200 1x, https:\/\/i0.wp.com\/noticiasribeiraopreto.com.br\/wp-content\/uploads\/2025\/10\/WhatsApp-Image-2024-12-03-at-09.16.43_2024-12-03_12-22-10_jpeg_2024-12-03_12-22-10.webp.webp?fit=1200%2C540&ssl=1&resize=525%2C300 1.5x, https:\/\/i0.wp.com\/noticiasribeiraopreto.com.br\/wp-content\/uploads\/2025\/10\/WhatsApp-Image-2024-12-03-at-09.16.43_2024-12-03_12-22-10_jpeg_2024-12-03_12-22-10.webp.webp?fit=1200%2C540&ssl=1&resize=700%2C400 2x, https:\/\/i0.wp.com\/noticiasribeiraopreto.com.br\/wp-content\/uploads\/2025\/10\/WhatsApp-Image-2024-12-03-at-09.16.43_2024-12-03_12-22-10_jpeg_2024-12-03_12-22-10.webp.webp?fit=1200%2C540&ssl=1&resize=1050%2C600 3x"},"classes":[]},{"id":76971,"url":"https:\/\/noticiasribeiraopreto.com.br\/index.php\/2025\/09\/09\/interior-de-sp-esta-em-alerta-para-tempestade-confira-regioes\/","url_meta":{"origin":90874,"position":2},"title":"Interior de SP est\u00e1 em alerta para tempestade; Confira regi\u00f5es","author":"noticiasribeiraopreto.com.br","date":"9 de September de 2025","format":false,"excerpt":"O interior de S\u00e3o Paulo est\u00e1 em alerta de perigo potencial para tempestades. O aviso, emitido pelo Inmet (Instituto Nacional de Meteorologia) na manh\u00e3 desta ter\u00e7a-feira (9), \u00e9 v\u00e1lido at\u00e9 o fim do dia. Um ciclone extratropical formado no Sul do pa\u00eds provoca forte ventania em diversas regi\u00f5es do estado\u2026","rel":"","context":"In &quot;Not\u00edcias de Ribeir\u00e3o Preto-SP e Regi\u00e3o&quot;","block_context":{"text":"Not\u00edcias de Ribeir\u00e3o Preto-SP e Regi\u00e3o","link":"https:\/\/noticiasribeiraopreto.com.br\/index.php\/category\/noticias-de-ribeirao-preto-sp-e-regiao-ismael-colosi\/"},"img":{"alt_text":"","src":"https:\/\/i0.wp.com\/noticiasribeiraopreto.com.br\/wp-content\/uploads\/2025\/09\/alerta-inmet-tempestade_2025-09-09_15-16-25.webp.webp?fit=495%2C347&ssl=1&resize=350%2C200","width":350,"height":200},"classes":[]},{"id":79944,"url":"https:\/\/noticiasribeiraopreto.com.br\/index.php\/2025\/11\/11\/alerta-de-tempestade-e-emitido-para-o-interior-de-sp-veja-cidades-afetadas\/","url_meta":{"origin":90874,"position":3},"title":"Alerta de tempestade \u00e9 emitido para o interior de SP; Veja cidades afetadas","author":"noticiasribeiraopreto.com.br","date":"11 de November de 2025","format":false,"excerpt":"O\u00a0Inmet (Instituto Nacional de Meteorologia)\u00a0publicou nesta ter\u00e7a-feira (11)\u00a0um alerta de \u201cperigo potencial\u201d para tempestades no interior de S\u00e3o Paulo. As regi\u00f5es oeste e noroeste do estado paulista est\u00e3o na faixa amarela, a primeira em uma escala at\u00e9 tr\u00eas n\u00edveis de severidade. Clique aqui e veja as cidades. O aviso teve\u2026","rel":"","context":"In &quot;Not\u00edcias de Ribeir\u00e3o Preto-SP e Regi\u00e3o&quot;","block_context":{"text":"Not\u00edcias de Ribeir\u00e3o Preto-SP e Regi\u00e3o","link":"https:\/\/noticiasribeiraopreto.com.br\/index.php\/category\/noticias-de-ribeirao-preto-sp-e-regiao-ismael-colosi\/"},"img":{"alt_text":"","src":"https:\/\/i0.wp.com\/noticiasribeiraopreto.com.br\/wp-content\/uploads\/2025\/11\/MAPA_2025-11-11_14-02-16.webp.webp?fit=1200%2C825&ssl=1&resize=350%2C200","width":350,"height":200,"srcset":"https:\/\/i0.wp.com\/noticiasribeiraopreto.com.br\/wp-content\/uploads\/2025\/11\/MAPA_2025-11-11_14-02-16.webp.webp?fit=1200%2C825&ssl=1&resize=350%2C200 1x, https:\/\/i0.wp.com\/noticiasribeiraopreto.com.br\/wp-content\/uploads\/2025\/11\/MAPA_2025-11-11_14-02-16.webp.webp?fit=1200%2C825&ssl=1&resize=525%2C300 1.5x, https:\/\/i0.wp.com\/noticiasribeiraopreto.com.br\/wp-content\/uploads\/2025\/11\/MAPA_2025-11-11_14-02-16.webp.webp?fit=1200%2C825&ssl=1&resize=700%2C400 2x, https:\/\/i0.wp.com\/noticiasribeiraopreto.com.br\/wp-content\/uploads\/2025\/11\/MAPA_2025-11-11_14-02-16.webp.webp?fit=1200%2C825&ssl=1&resize=1050%2C600 3x"},"classes":[]},{"id":81931,"url":"https:\/\/noticiasribeiraopreto.com.br\/index.php\/2026\/01\/30\/novo-ciclone-se-forma-e-coloca-interior-de-sp-em-alerta-para-tempestades-veja-regioes-afetadas\/","url_meta":{"origin":90874,"position":4},"title":"Novo ciclone se forma e coloca interior de SP em alerta para tempestades; Veja regi\u00f5es afetadas","author":"noticiasribeiraopreto.com.br","date":"30 de January de 2026","format":false,"excerpt":"O interior do estado de S\u00e3o Paulo est\u00e1 em alerta para o risco de tempestade nesta quinta-feira (29) \u2013 veja as regi\u00f5es logo abaixo. De acordo com os meteorologistas, um novo ciclone extratropical come\u00e7ou se formar e vai contribuir para a forma\u00e7\u00e3o de \u00e1reas de instabilidade. O Estado de S\u00e3o\u2026","rel":"","context":"In &quot;Not\u00edcias de Ribeir\u00e3o Preto-SP e Regi\u00e3o&quot;","block_context":{"text":"Not\u00edcias de Ribeir\u00e3o Preto-SP e Regi\u00e3o","link":"https:\/\/noticiasribeiraopreto.com.br\/index.php\/category\/noticias-de-ribeirao-preto-sp-e-regiao-ismael-colosi\/"},"img":{"alt_text":"","src":"https:\/\/i0.wp.com\/noticiasribeiraopreto.com.br\/wp-content\/uploads\/2025\/12\/chuva_mudanca_tempo_05_2025-04-08_20-53-35_jpg_2025-04-08_20-53-35-1024x769.webp.webp?fit=1024%2C769&ssl=1&resize=350%2C200","width":350,"height":200,"srcset":"https:\/\/i0.wp.com\/noticiasribeiraopreto.com.br\/wp-content\/uploads\/2025\/12\/chuva_mudanca_tempo_05_2025-04-08_20-53-35_jpg_2025-04-08_20-53-35-1024x769.webp.webp?fit=1024%2C769&ssl=1&resize=350%2C200 1x, https:\/\/i0.wp.com\/noticiasribeiraopreto.com.br\/wp-content\/uploads\/2025\/12\/chuva_mudanca_tempo_05_2025-04-08_20-53-35_jpg_2025-04-08_20-53-35-1024x769.webp.webp?fit=1024%2C769&ssl=1&resize=525%2C300 1.5x, https:\/\/i0.wp.com\/noticiasribeiraopreto.com.br\/wp-content\/uploads\/2025\/12\/chuva_mudanca_tempo_05_2025-04-08_20-53-35_jpg_2025-04-08_20-53-35-1024x769.webp.webp?fit=1024%2C769&ssl=1&resize=700%2C400 2x"},"classes":[]},{"id":57589,"url":"https:\/\/noticiasribeiraopreto.com.br\/index.php\/2024\/09\/04\/interior-de-sp-pode-registrar-ventos-de-ate-50-km-h-veja-quando\/","url_meta":{"origin":90874,"position":5},"title":"Interior de SP pode registrar ventos de at\u00e9 50 km\/h; Veja quando","author":"noticiasribeiraopreto.com.br","date":"4 de September de 2024","format":false,"excerpt":"Uma nova frente fria deve chegar nesta semana e mudar o tempo em algumas cidades do interior de S\u00e3o Paulo, da capital e litoral paulista, de acordo com os meteorologistas. Por conta desse cen\u00e1rio, a Defesa Civil publicou um aviso para ventos fortes em todo o estado de S\u00e3o Paulo.\u2026","rel":"","context":"In &quot;Not\u00edcias de Ribeir\u00e3o Preto-SP e Regi\u00e3o&quot;","block_context":{"text":"Not\u00edcias de Ribeir\u00e3o Preto-SP e Regi\u00e3o","link":"https:\/\/noticiasribeiraopreto.com.br\/index.php\/category\/noticias-de-ribeirao-preto-sp-e-regiao-ismael-colosi\/"},"img":{"alt_text":"","src":"https:\/\/i0.wp.com\/noticiasribeiraopreto.com.br\/wp-content\/uploads\/2024\/06\/WhatsApp-Image-2024-06-05-at-08.22.06_2024-06-05_11-29-47_jpeg_2024-06-05_11-29-48.webp.webp?fit=1200%2C540&ssl=1&resize=350%2C200","width":350,"height":200,"srcset":"https:\/\/i0.wp.com\/noticiasribeiraopreto.com.br\/wp-content\/uploads\/2024\/06\/WhatsApp-Image-2024-06-05-at-08.22.06_2024-06-05_11-29-47_jpeg_2024-06-05_11-29-48.webp.webp?fit=1200%2C540&ssl=1&resize=350%2C200 1x, https:\/\/i0.wp.com\/noticiasribeiraopreto.com.br\/wp-content\/uploads\/2024\/06\/WhatsApp-Image-2024-06-05-at-08.22.06_2024-06-05_11-29-47_jpeg_2024-06-05_11-29-48.webp.webp?fit=1200%2C540&ssl=1&resize=525%2C300 1.5x, https:\/\/i0.wp.com\/noticiasribeiraopreto.com.br\/wp-content\/uploads\/2024\/06\/WhatsApp-Image-2024-06-05-at-08.22.06_2024-06-05_11-29-47_jpeg_2024-06-05_11-29-48.webp.webp?fit=1200%2C540&ssl=1&resize=700%2C400 2x, https:\/\/i0.wp.com\/noticiasribeiraopreto.com.br\/wp-content\/uploads\/2024\/06\/WhatsApp-Image-2024-06-05-at-08.22.06_2024-06-05_11-29-47_jpeg_2024-06-05_11-29-48.webp.webp?fit=1200%2C540&ssl=1&resize=1050%2C600 3x"},"classes":[]}],"jetpack_sharing_enabled":true,"jetpack_shortlink":"https:\/\/wp.me\/peQAOb-nDI","jetpack_featured_media_url":"https:\/\/i0.wp.com\/noticiasribeiraopreto.com.br\/wp-content\/uploads\/2026\/09\/alerta-tempestade-inmet.jpg?fit=1200%2C675&ssl=1","_links":{"self":[{"href":"https:\/\/noticiasribeiraopreto.com.br\/index.php\/wp-json\/wp\/v2\/posts\/90874","targetHints":{"allow":["GET"]}}],"collection":[{"href":"https:\/\/noticiasribeiraopreto.com.br\/index.php\/wp-json\/wp\/v2\/posts"}],"about":[{"href":"https:\/\/noticiasribeiraopreto.com.br\/index.php\/wp-json\/wp\/v2\/types\/post"}],"author":[{"embeddable":true,"href":"https:\/\/noticiasribeiraopreto.com.br\/index.php\/wp-json\/wp\/v2\/users\/1"}],"replies":[{"embeddable":true,"href":"https:\/\/noticiasribeiraopreto.com.br\/index.php\/wp-json\/wp\/v2\/comments?post=90874"}],"version-history":[{"count":0,"href":"https:\/\/noticiasribeiraopreto.com.br\/index.php\/wp-json\/wp\/v2\/posts\/90874\/revisions"}],"wp:featuredmedia":[{"embeddable":true,"href":"https:\/\/noticiasribeiraopreto.com.br\/index.php\/wp-json\/wp\/v2\/media\/90875"}],"wp:attachment":[{"href":"https:\/\/noticiasribeiraopreto.com.br\/index.php\/wp-json\/wp\/v2\/media?parent=90874"}],"wp:term":[{"taxonomy":"category","embeddable":true,"href":"https:\/\/noticiasribeiraopreto.com.br\/index.php\/wp-json\/wp\/v2\/categories?post=90874"},{"taxonomy":"post_tag","embeddable":true,"href":"https:\/\/noticiasribeiraopreto.com.br\/index.php\/wp-json\/wp\/v2\/tags?post=90874"}],"curies":[{"name":"wp","href":"https:\/\/api.w.org\/{rel}","templated":true}]}}