{"id":90876,"date":"2026-09-01T10:18:33","date_gmt":"2026-09-01T13:18:33","guid":{"rendered":"https:\/\/noticiasribeiraopreto.com.br\/index.php\/2026\/09\/01\/sevandija-10-anos-relembre-maior-escandalo-politico-ribeirao-preto-impasse-stf\/"},"modified":"2026-09-01T10:18:33","modified_gmt":"2026-09-01T13:18:33","slug":"sevandija-10-anos-relembre-maior-escandalo-politico-ribeirao-preto-impasse-stf","status":"publish","type":"post","link":"https:\/\/noticiasribeiraopreto.com.br\/index.php\/2026\/09\/01\/sevandija-10-anos-relembre-maior-escandalo-politico-ribeirao-preto-impasse-stf\/","title":{"rendered":"Sevandija 10 anos: relembre o maior esc\u00e2ndalo pol\u00edtico de Ribeir\u00e3o Preto e o impasse no STF"},"content":{"rendered":"<div class='code-block code-block-1' style='margin: 8px 0 8px auto; text-align: right; display: block; clear: both;'>\n<p><a href=\"https:\/\/wa.link\/vpicfd\"><img data-recalc-dims=\"1\" class=\"wp-image-4922\" style=\"aspect-ratio: 2.0253164556962027; width: 561px; height: auto;\" src=\"https:\/\/i0.wp.com\/ismaelcolosi.com.br\/wp-content\/uploads\/2023\/11\/grupo-de-empregos-whatsapp-e-facebook-ismael-colosi-vagas.jpg?ssl=1\" alt=\"\" \/><\/a><\/p>\n<!-- \/wp:image -->\n<\/div>\n<p> <br \/>\n<\/p>\n<p>Nesta ter\u00e7a-feira (1\u00ba de setembro de 2026), a<strong> Opera\u00e7\u00e3o Sevandija <\/strong>completa 10 anos de sua deflagra\u00e7\u00e3o. Considerada o maior esc\u00e2ndalo de corrup\u00e7\u00e3o da hist\u00f3ria pol\u00edtica de<strong> Ribeir\u00e3o Preto<\/strong>, a investiga\u00e7\u00e3o exp\u00f4s um esquema na prefeitura da cidade. Uma d\u00e9cada depois, no entanto, o desfecho dos processos oriundos da investiga\u00e7\u00e3o ainda aguarda a retomada do julgamento pelo <a href=\"https:\/\/portal.stf.jus.br\/processos\/detalhe.asp?incidente=6577095\" data-type=\"link\" data-id=\"https:\/\/portal.stf.jus.br\/processos\/detalhe.asp?incidente=6577095\" target=\"_blank\" rel=\"noopener\">STF (Supremo Tribunal Federal)<\/a>.<\/p>\n<div class=\"wp-block-rank-math-toc-block\" id=\"rank-math-toc\">\n<nav>\n<ul>\n<li class=\"\">O que foi a Sevandija?<\/li>\n<li class=\"\">Julgamento no STF<\/li>\n<li class=\"\">\u2018Tr\u00eas anos de paralisa\u00e7\u00e3o apenas favorecem a impunidade\u2019, avalia Cristiano Pavini<\/li>\n<li class=\"\">Outro lado<\/li>\n<\/ul>\n<\/nav>\n<\/div>\n<p class=\"has-cyan-bluish-gray-background-color has-background\"><em>Receba not\u00edcias do\u00a0<strong>acidade on Ribeir\u00e3o\u00a0<\/strong>no WhatsApp e fique por dentro de tudo! Basta acessar o link<a href=\"https:\/\/chat.whatsapp.com\/DfXwcjKVIddHUT3BvnQuPZ?mode=hqctshi\" target=\"_blank\" rel=\"noreferrer noopener\">\u00a0aqui<\/a>!<\/em><\/p>\n<h2 class=\"wp-block-heading\" id=\"o-que-foi-a-sevandija\"><strong>O que foi a Sevandija?<\/strong><\/h2>\n<p>A opera\u00e7\u00e3o foi deflagrada pela<strong><a href=\"https:\/\/www.gov.br\/pf\/pt-br\" data-type=\"link\" data-id=\"https:\/\/www.gov.br\/pf\/pt-br\" target=\"_blank\" rel=\"noopener\"> PF (Pol\u00edcia Federal)<\/a> <\/strong>em conjunto com o <a href=\"https:\/\/www.mpsp.mp.br\/gaeco\" data-type=\"link\" data-id=\"https:\/\/www.mpsp.mp.br\/gaeco\" target=\"_blank\" rel=\"noopener\"><strong>Gaeco (Grupo de Atua\u00e7\u00e3o Especial de Combate ao Crime Organizado) do MP-SP (Minist\u00e9rio P\u00fablico de S\u00e3o Paulo)<\/strong><\/a>. As investiga\u00e7\u00f5es apontaram para desvios de mais de R$ 200 milh\u00f5es dos cofres p\u00fablicos de Ribeir\u00e3o Preto.<\/p>\n<p>A investiga\u00e7\u00e3o apontou que o esquema estava divididos em <a href=\"https:\/\/mpsp.mp.br\/w\/pol%C3%ADcia-federal-e-gaeco-de-ribeir%C3%A3o-preto-deflagram-opera%C3%A7%C3%A3o-sevandija\" data-type=\"link\" data-id=\"https:\/\/mpsp.mp.br\/w\/pol%C3%ADcia-federal-e-gaeco-de-ribeir%C3%A3o-preto-deflagram-opera%C3%A7%C3%A3o-sevandija\" target=\"_blank\" rel=\"noopener\">4 n\u00facleos:<\/a><\/p>\n<p><strong>Honor\u00e1rios (Acordo dos 28%):<\/strong> pagamentos ilegais e propinas disfar\u00e7adas de honor\u00e1rios para libera\u00e7\u00e3o de honor\u00e1rios advocat\u00edcios ligados ao acordo judicial entre prefeitura e o Sindicato dos Servidores.<\/p>\n<p><strong>Terceirizados: <\/strong>Uso da empresa Atmosphera para contratar indicados pol\u00edticos (cabos eleitorais) e garantir votos de vereadores ao Executivo, somado ao pagamento de propinas em contratos que somaram R$ 49 milh\u00f5es.<\/p>\n<p><strong>Daerp: <\/strong>Edital com servi\u00e7os artificialmente concentrados para habilitar apenas uma empresa, resultando em superfaturamento, pagamento de propina a agentes p\u00fablicos e contratos de R$ 84 milh\u00f5es.<\/p>\n<p><strong>Caso das catracas: <\/strong>Suspeita de fraude iniciada em 2011 na compra de catracas para Secretaria da Educa\u00e7\u00e3o, envolvendo empresas de um mesmo grupo familiar em contrato superior a R$ 24 milh\u00f5es.<\/p>\n<p>A opera\u00e7\u00e3o resultou no afastamento e na pris\u00e3o de secret\u00e1rios municipais, empres\u00e1rios, vereadores e da ex-prefeita D\u00e1rcy Vera.<\/p>\n<p><strong>Leia mais:<\/strong><br \/>Elei\u00e7\u00f5es 2026: acidade on entrevista candidatos ao Governo do Estado de SP<\/p>\n<h2 class=\"wp-block-heading\" id=\"julgamento-no-stf\"><strong>Julgamento no STF<\/strong><\/h2>\n<p>Mesmo com as condena\u00e7\u00f5es na Justi\u00e7a de Ribeir\u00e3o Preto, que foram confirmadas pelo TJ-SP (Tribunal de Justi\u00e7a de S\u00e3o Paulo), a Sevandija aguarda o julgamento de recursos no STF.<\/p>\n<p>O Supremo deve analisar a validade das escutas telef\u00f4nicas autorizadas pela Justi\u00e7a na ocasi\u00e3o e que foram questionadas pela defesa do ex-secret\u00e1rio Marco Antonio dos Santos. O caso chegou \u00e0 2\u00aa Turma do STF, onde o processo come\u00e7ou a julgado no plen\u00e1rio virtual, mas deve ir para o plen\u00e1rio f\u00edsico.<\/p>\n<p>Na ocasi\u00e3o, o relator do processo, ministro <strong>Kassio Nunes Marques<\/strong>, votou para manter a validade dessas provas. J\u00e1 <strong>Gilmar Mendes<\/strong> divergiu do voto do relator e pediu para que a discuss\u00e3o seja levada a plen\u00e1rio, o que ainda n\u00e3o ocorreu.<\/p>\n<figure class=\"wp-block-gallery has-nested-images columns-default is-cropped wp-block-gallery-1 is-layout-flex wp-block-gallery-is-layout-flex\">\n<figure class=\"wp-block-image size-large\"><figcaption class=\"wp-element-caption\">Ministro Nunes Marques em sess\u00e3o plen\u00e1ria do STF (Foto: Sophia Santos\/STF)<\/figcaption><\/figure>\n<figure class=\"wp-block-image size-large\"><img data-recalc-dims=\"1\" loading=\"lazy\" decoding=\"async\" width=\"1024\" height=\"683\" data-id=\"145537\" src=\"https:\/\/i0.wp.com\/www.acidadeon.com\/ribeiraopreto\/wp-content\/uploads\/sites\/3\/2026\/02\/gilmar-mendes_2026-02-13_12-41-47-1024x683.webp?resize=1024%2C683&#038;ssl=1\" alt=\"Ministro Gilmar Mendes, do STF (Foto: Rosinei Coutinho\/STF)\" class=\"wp-image-145537\" title=\"Sevandija 10 anos: relembre o maior esc\u00e2ndalo pol\u00edtico de Ribeir\u00e3o Preto e o impasse no STF 2\"><figcaption class=\"wp-element-caption\">Ministro Gilmar Mendes, do STF (Foto: Rosinei Coutinho\/STF)<\/figcaption><\/figure>\n<\/figure>\n<h2 class=\"wp-block-heading\" id=\"tres-anos-de-paralisacao-apenas-favorecem-a-impunidade-avalia-cristiano-pavini\"><strong>\u2018Tr\u00eas anos de paralisa\u00e7\u00e3o apenas favorecem a impunidade\u2019, avalia Cristiano Pavini<\/strong><\/h2>\n<p>O jornalista <strong>Cristiano Pavini<\/strong>, autor do livro<strong><a href=\"https:\/\/www.travessa.com.br\/sevandija-a-historia-da-operacao-contra-corrupcao-que-estremeceu-uma-das-maiores-cidades-brasileiras\/artigo\/49c69214-2659-4312-8103-f6e293564577?srsltid=AfmBOop8KEd17R_EYXu8ixcE8m5AgPZWYdFRX7Zyg1bu9cCMV03C6uc-\" data-type=\"link\" data-id=\"https:\/\/www.travessa.com.br\/sevandija-a-historia-da-operacao-contra-corrupcao-que-estremeceu-uma-das-maiores-cidades-brasileiras\/artigo\/49c69214-2659-4312-8103-f6e293564577?srsltid=AfmBOop8KEd17R_EYXu8ixcE8m5AgPZWYdFRX7Zyg1bu9cCMV03C6uc-\" target=\"_blank\" rel=\"noopener\"> \u201cSevandija: a hist\u00f3ria da opera\u00e7\u00e3o contra corrup\u00e7\u00e3o que estremeceu uma das maiores cidades brasileiras\u201d<\/a><\/strong>, lan\u00e7ado pelo Grupo EP, ressalta o significado desta marca e a necessidade de um veredito definitivo.<\/p>\n<p>Pavini cobriu o passo a passo da Opera\u00e7\u00e3o Sevandija pelo Jornal A Cidade. \u201cOs dez anos de deflagra\u00e7\u00e3o da Sevandija deve servir como reflex\u00e3o sobre os crimes praticados contra o er\u00e1rio e sobre quais medidas foram, e principalmente quais n\u00e3o foram, adotadas para blindar a administra\u00e7\u00e3o p\u00fablica de il\u00edcitos. \u00c9 essencial que a Suprema Corte enfim julgue a validade das intercepta\u00e7\u00f5es telef\u00f4nicas, para que as doze a\u00e7\u00f5es penais tenham um desfecho, com condena\u00e7\u00e3o de culpados e eventual absolvi\u00e7\u00e3o de inocentes. Esses tr\u00eas anos de paralisa\u00e7\u00e3o apenas favorecem a impunidade\u201d, disse.<\/p>\n<figure class=\"wp-block-image size-large\"><img data-recalc-dims=\"1\" loading=\"lazy\" decoding=\"async\" width=\"1024\" height=\"819\" src=\"https:\/\/i0.wp.com\/www.acidadeon.com\/ribeiraopreto\/wp-content\/uploads\/sites\/3\/2025\/02\/livro-pavini-2_2025-02-13_14-59-13_jpeg_2025-02-13_14-59-13-1024x819.webp?resize=1024%2C819&#038;ssl=1\" alt=\"sevandija\" class=\"wp-image-107857\" title=\"Sevandija 10 anos: relembre o maior esc\u00e2ndalo pol\u00edtico de Ribeir\u00e3o Preto e o impasse no STF 3\"><figcaption class=\"wp-element-caption\">Foto: divulga\u00e7\u00e3o<\/figcaption><\/figure>\n<h2 class=\"wp-block-heading\" id=\"outro-lado\"><strong>Outro lado<\/strong><\/h2>\n<p>\u00c9 v\u00e1lido lembrar que a defesa da ex-prefeita de Ribeir\u00e3o Preto D\u00e1rcy Vera sempre negou qualquer envolvimento nos esquemas investigados.<\/p>\n<p class=\"has-cyan-bluish-gray-background-color has-background\"><em>Fa\u00e7a uma den\u00fancia ou sugira uma reportagem sobre\u00a0<strong>Ribeir\u00e3o Preto\u00a0<\/strong>e regi\u00e3o por meio do WhatsApp do\u00a0<strong>acidade on Ribeir\u00e3o<\/strong>: (16) 99117-7802.<\/em><\/p>\n<p>O post Sevandija 10 anos: relembre o maior esc\u00e2ndalo pol\u00edtico de Ribeir\u00e3o Preto e o impasse no STF apareceu primeiro em ACidade ON Ribeir\u00e3o Preto.<\/p>\n<p><br \/>\n<br \/><a href=\"https:\/\/www.acidadeon.com\/ribeiraopreto\/politica\/sevandija-10-anos-relembre-maior-escandalo-politico-ribeirao-preto-impasse-stf\/\">Link para o texto original aqui <\/a><\/p>\n<!-- CONTENT END 1 -->\n","protected":false},"excerpt":{"rendered":"<p>Nesta ter\u00e7a-feira (1\u00ba de setembro de 2026), a Opera\u00e7\u00e3o Sevandija completa 10 anos de sua deflagra\u00e7\u00e3o. Considerada o maior esc\u00e2ndalo de corrup\u00e7\u00e3o da hist\u00f3ria pol\u00edtica&#8230;<\/p>\n","protected":false},"author":1,"featured_media":90877,"comment_status":"","ping_status":"","sticky":false,"template":"","format":"standard","meta":{"advanced_seo_description":"","jetpack_seo_html_title":"","jetpack_seo_noindex":false,"jetpack_seo_schema_type":"","_jetpack_newsletter_access":"","_jetpack_dont_email_post_to_subs":false,"_jetpack_newsletter_tier_id":0,"_jetpack_memberships_contains_paywalled_content":false,"_jetpack_feature_clip_id":0,"_jetpack_memberships_contains_paid_content":false,"footnotes":"","jetpack_publicize_message":"","jetpack_publicize_feature_enabled":true,"jetpack_social_post_already_shared":true,"jetpack_social_options":{"image_generator_settings":{"template":"highway","default_image_id":0,"font":"","enabled":false},"version":2},"jetpack_post_was_ever_published":false},"categories":[11],"tags":[84,985,8849,201,8848,27,3846,26,8395,892],"class_list":["post-90876","post","type-post","status-publish","format-standard","has-post-thumbnail","hentry","category-noticias-de-ribeirao-preto-sp-e-regiao-ismael-colosi","tag-anos","tag-escandalo","tag-impasse","tag-maior","tag-politico","tag-preto","tag-relembre","tag-ribeirao","tag-sevandija","tag-stf"],"jetpack_publicize_connections":[],"jetpack-related-posts":[{"id":77186,"url":"https:\/\/noticiasribeiraopreto.com.br\/index.php\/2025\/09\/13\/stf-retoma-julgamento-da-sevandija\/","url_meta":{"origin":90876,"position":0},"title":"STF retoma julgamento da Sevandija","author":"noticiasribeiraopreto.com.br","date":"13 de September de 2025","format":false,"excerpt":"13 de setembro de 2025 11:3013 de setembro de 2025 00:4811 Compartilhar0 O ministro Kassio Nunes Marques, do Supremo Tribunal Federal (STF), agendou para 19 de setembro, \u00e1s onze horas, o in\u00edcio do julgamento de recurso extraordin\u00e1rio sobre a legalidade das intercepta\u00e7\u00f5es telef\u00f4nicas usadas na investiga\u00e7\u00e3o da Opera\u00e7\u00e3o Sevandija, interposto\u2026","rel":"","context":"In &quot;Not\u00edcias de Ribeir\u00e3o Preto-SP e Regi\u00e3o&quot;","block_context":{"text":"Not\u00edcias de Ribeir\u00e3o Preto-SP e Regi\u00e3o","link":"https:\/\/noticiasribeiraopreto.com.br\/index.php\/category\/noticias-de-ribeirao-preto-sp-e-regiao-ismael-colosi\/"},"img":{"alt_text":"","src":"https:\/\/i0.wp.com\/noticiasribeiraopreto.com.br\/wp-content\/uploads\/2025\/09\/Sevandija-Marcelo-Camargo-Ag.Br_.jpg?fit=1170%2C700&ssl=1&resize=350%2C200","width":350,"height":200,"srcset":"https:\/\/i0.wp.com\/noticiasribeiraopreto.com.br\/wp-content\/uploads\/2025\/09\/Sevandija-Marcelo-Camargo-Ag.Br_.jpg?fit=1170%2C700&ssl=1&resize=350%2C200 1x, https:\/\/i0.wp.com\/noticiasribeiraopreto.com.br\/wp-content\/uploads\/2025\/09\/Sevandija-Marcelo-Camargo-Ag.Br_.jpg?fit=1170%2C700&ssl=1&resize=525%2C300 1.5x, https:\/\/i0.wp.com\/noticiasribeiraopreto.com.br\/wp-content\/uploads\/2025\/09\/Sevandija-Marcelo-Camargo-Ag.Br_.jpg?fit=1170%2C700&ssl=1&resize=700%2C400 2x, https:\/\/i0.wp.com\/noticiasribeiraopreto.com.br\/wp-content\/uploads\/2025\/09\/Sevandija-Marcelo-Camargo-Ag.Br_.jpg?fit=1170%2C700&ssl=1&resize=1050%2C600 3x"},"classes":[]},{"id":82993,"url":"https:\/\/noticiasribeiraopreto.com.br\/index.php\/2026\/03\/06\/stf-volta-a-julgar-escutas-da-sevandija\/","url_meta":{"origin":90876,"position":1},"title":"STF volta a julgar escutas da Sevandija","author":"noticiasribeiraopreto.com.br","date":"6 de March de 2026","format":false,"excerpt":"Supremo Tribunal Federal (STF) retoma nesta sexta-feira (6) a conclus\u00e3o do julgamento que decidir\u00e1 sobre a legalidade das escutas telef\u00f4nicas da Opera\u00e7\u00e3o Sevandija O Supremo Tribunal Federal (STF) retoma nesta sexta-feira, 6 de mar\u00e7o, a conclus\u00e3o do julgamento que decidir\u00e1 sobre a legalidade das escutas telef\u00f4nicas da Opera\u00e7\u00e3o Sevandija que\u2026","rel":"","context":"In &quot;Not\u00edcias de Ribeir\u00e3o Preto-SP e Regi\u00e3o&quot;","block_context":{"text":"Not\u00edcias de Ribeir\u00e3o Preto-SP e Regi\u00e3o","link":"https:\/\/noticiasribeiraopreto.com.br\/index.php\/category\/noticias-de-ribeirao-preto-sp-e-regiao-ismael-colosi\/"},"img":{"alt_text":"","src":"https:\/\/i0.wp.com\/noticiasribeiraopreto.com.br\/wp-content\/uploads\/2026\/03\/SevandijaDV-Dar-JF-Pimenta-Arquivo-scaled.jpg?fit=1170%2C780&ssl=1&resize=350%2C200","width":350,"height":200,"srcset":"https:\/\/i0.wp.com\/noticiasribeiraopreto.com.br\/wp-content\/uploads\/2026\/03\/SevandijaDV-Dar-JF-Pimenta-Arquivo-scaled.jpg?fit=1170%2C780&ssl=1&resize=350%2C200 1x, https:\/\/i0.wp.com\/noticiasribeiraopreto.com.br\/wp-content\/uploads\/2026\/03\/SevandijaDV-Dar-JF-Pimenta-Arquivo-scaled.jpg?fit=1170%2C780&ssl=1&resize=525%2C300 1.5x, https:\/\/i0.wp.com\/noticiasribeiraopreto.com.br\/wp-content\/uploads\/2026\/03\/SevandijaDV-Dar-JF-Pimenta-Arquivo-scaled.jpg?fit=1170%2C780&ssl=1&resize=700%2C400 2x, https:\/\/i0.wp.com\/noticiasribeiraopreto.com.br\/wp-content\/uploads\/2026\/03\/SevandijaDV-Dar-JF-Pimenta-Arquivo-scaled.jpg?fit=1170%2C780&ssl=1&resize=1050%2C600 3x"},"classes":[]},{"id":82294,"url":"https:\/\/noticiasribeiraopreto.com.br\/index.php\/2026\/02\/10\/stf-retoma-votacao-da-sevandija\/","url_meta":{"origin":90876,"position":2},"title":"STF retoma vota\u00e7\u00e3o da Sevandija","author":"noticiasribeiraopreto.com.br","date":"10 de February de 2026","format":false,"excerpt":"Nesta ter\u00e7a-feira (10) termina o prazo regimental de 90 dias para que o ministro Gilmar Mendes devolva o processo com sua manifesta\u00e7\u00e3o A Segunda Turma do Supremo Tribunal Federal (STF) deve retomar nesta quarta-feira, 11 de fevereiro, o julgamento de recurso extraordin\u00e1rio sobre a legalidade das intercepta\u00e7\u00f5es telef\u00f4nicas usadas na\u2026","rel":"","context":"In &quot;Not\u00edcias de Ribeir\u00e3o Preto-SP e Regi\u00e3o&quot;","block_context":{"text":"Not\u00edcias de Ribeir\u00e3o Preto-SP e Regi\u00e3o","link":"https:\/\/noticiasribeiraopreto.com.br\/index.php\/category\/noticias-de-ribeirao-preto-sp-e-regiao-ismael-colosi\/"},"img":{"alt_text":"","src":"https:\/\/i0.wp.com\/noticiasribeiraopreto.com.br\/wp-content\/uploads\/2026\/02\/Sevandija-Fellipe-Sampaio-STF-scaled.jpeg?fit=1200%2C713&ssl=1&resize=350%2C200","width":350,"height":200,"srcset":"https:\/\/i0.wp.com\/noticiasribeiraopreto.com.br\/wp-content\/uploads\/2026\/02\/Sevandija-Fellipe-Sampaio-STF-scaled.jpeg?fit=1200%2C713&ssl=1&resize=350%2C200 1x, https:\/\/i0.wp.com\/noticiasribeiraopreto.com.br\/wp-content\/uploads\/2026\/02\/Sevandija-Fellipe-Sampaio-STF-scaled.jpeg?fit=1200%2C713&ssl=1&resize=525%2C300 1.5x, https:\/\/i0.wp.com\/noticiasribeiraopreto.com.br\/wp-content\/uploads\/2026\/02\/Sevandija-Fellipe-Sampaio-STF-scaled.jpeg?fit=1200%2C713&ssl=1&resize=700%2C400 2x, https:\/\/i0.wp.com\/noticiasribeiraopreto.com.br\/wp-content\/uploads\/2026\/02\/Sevandija-Fellipe-Sampaio-STF-scaled.jpeg?fit=1200%2C713&ssl=1&resize=1050%2C600 3x"},"classes":[]},{"id":82364,"url":"https:\/\/noticiasribeiraopreto.com.br\/index.php\/2026\/02\/12\/sevandija-ribeirao-aguarda-voto-de-gilmar-mendes\/","url_meta":{"origin":90876,"position":3},"title":"Sevandija: Ribeir\u00e3o aguarda voto de Gilmar Mendes","author":"noticiasribeiraopreto.com.br","date":"12 de February de 2026","format":false,"excerpt":"Voto de ministro do STF sobre a validade das escutas telef\u00f4nicas da Sevandija n\u00e3o havia sido publicado at\u00e9 a tarde desta quarta-feira (11) At\u00e9 a tarde desta quarta-feira, 11 de fevereiro, o Supremo Tribunal Federal (STF) n\u00e3o havia publicado o voto do ministro Gilmar Mendes, presidente da Segunda da Corte,\u2026","rel":"","context":"In &quot;Not\u00edcias de Ribeir\u00e3o Preto-SP e Regi\u00e3o&quot;","block_context":{"text":"Not\u00edcias de Ribeir\u00e3o Preto-SP e Regi\u00e3o","link":"https:\/\/noticiasribeiraopreto.com.br\/index.php\/category\/noticias-de-ribeirao-preto-sp-e-regiao-ismael-colosi\/"},"img":{"alt_text":"","src":"https:\/\/i0.wp.com\/noticiasribeiraopreto.com.br\/wp-content\/uploads\/2026\/02\/SevandijaDV-Antonio-Augusto-STF.jpg?fit=1170%2C700&ssl=1&resize=350%2C200","width":350,"height":200,"srcset":"https:\/\/i0.wp.com\/noticiasribeiraopreto.com.br\/wp-content\/uploads\/2026\/02\/SevandijaDV-Antonio-Augusto-STF.jpg?fit=1170%2C700&ssl=1&resize=350%2C200 1x, https:\/\/i0.wp.com\/noticiasribeiraopreto.com.br\/wp-content\/uploads\/2026\/02\/SevandijaDV-Antonio-Augusto-STF.jpg?fit=1170%2C700&ssl=1&resize=525%2C300 1.5x, https:\/\/i0.wp.com\/noticiasribeiraopreto.com.br\/wp-content\/uploads\/2026\/02\/SevandijaDV-Antonio-Augusto-STF.jpg?fit=1170%2C700&ssl=1&resize=700%2C400 2x, https:\/\/i0.wp.com\/noticiasribeiraopreto.com.br\/wp-content\/uploads\/2026\/02\/SevandijaDV-Antonio-Augusto-STF.jpg?fit=1170%2C700&ssl=1&resize=1050%2C600 3x"},"classes":[]},{"id":82423,"url":"https:\/\/noticiasribeiraopreto.com.br\/index.php\/2026\/02\/14\/stf-decidira-sobre-escutas-em-marco\/","url_meta":{"origin":90876,"position":4},"title":"STF decidir\u00e1 sobre escutas em mar\u00e7o","author":"noticiasribeiraopreto.com.br","date":"14 de February de 2026","format":false,"excerpt":"O Supremo Tribunal Federal (STF) agendou para o per\u00edodo de 6 a 13 de mar\u00e7o a conclus\u00e3o do julgamento que decidir\u00e1 sobre a legalidade das escutas telef\u00f4nicas da Opera\u00e7\u00e3o Sevandija que serviram de provas para os processos da investiga\u00e7\u00e3o, o maior esc\u00e2ndalo pol\u00edtico de Ribeir\u00e3o Preto \u2013 Minist\u00e9rio P\u00fablico de\u2026","rel":"","context":"In &quot;Not\u00edcias de Ribeir\u00e3o Preto-SP e Regi\u00e3o&quot;","block_context":{"text":"Not\u00edcias de Ribeir\u00e3o Preto-SP e Regi\u00e3o","link":"https:\/\/noticiasribeiraopreto.com.br\/index.php\/category\/noticias-de-ribeirao-preto-sp-e-regiao-ismael-colosi\/"},"img":{"alt_text":"","src":"https:\/\/i0.wp.com\/noticiasribeiraopreto.com.br\/wp-content\/uploads\/2026\/02\/SevandijaDV-Dar-JF-Pimenta-Arquivo-scaled.jpg?fit=1200%2C800&ssl=1&resize=350%2C200","width":350,"height":200,"srcset":"https:\/\/i0.wp.com\/noticiasribeiraopreto.com.br\/wp-content\/uploads\/2026\/02\/SevandijaDV-Dar-JF-Pimenta-Arquivo-scaled.jpg?fit=1200%2C800&ssl=1&resize=350%2C200 1x, https:\/\/i0.wp.com\/noticiasribeiraopreto.com.br\/wp-content\/uploads\/2026\/02\/SevandijaDV-Dar-JF-Pimenta-Arquivo-scaled.jpg?fit=1200%2C800&ssl=1&resize=525%2C300 1.5x, https:\/\/i0.wp.com\/noticiasribeiraopreto.com.br\/wp-content\/uploads\/2026\/02\/SevandijaDV-Dar-JF-Pimenta-Arquivo-scaled.jpg?fit=1200%2C800&ssl=1&resize=700%2C400 2x, https:\/\/i0.wp.com\/noticiasribeiraopreto.com.br\/wp-content\/uploads\/2026\/02\/SevandijaDV-Dar-JF-Pimenta-Arquivo-scaled.jpg?fit=1200%2C800&ssl=1&resize=1050%2C600 3x"},"classes":[]},{"id":90856,"url":"https:\/\/noticiasribeiraopreto.com.br\/index.php\/2026\/09\/01\/sevandija-faz-10-anos-sem-conclusao\/","url_meta":{"origin":90876,"position":5},"title":"Sevandija faz 10 anos sem conclus\u00e3o","author":"noticiasribeiraopreto.com.br","date":"1 de September de 2026","format":false,"excerpt":"Suposto esquema de corrup\u00e7\u00e3o na prefeitura de Ribeir\u00e3o Preto teria desviado mais de R$ 200 milh\u00f5es A Opera\u00e7\u00e3o Sevandija, o maior esc\u00e2ndalo pol\u00edtico da hist\u00f3ria de Ribeir\u00e3o Preto, completa dez anos nesta ter\u00e7a-feira, 1\u00ba de setembro, sem conclus\u00e3o e com os acusados em liberdade. O desvio de verba, segundo o\u2026","rel":"","context":"In &quot;Not\u00edcias de Ribeir\u00e3o Preto-SP e Regi\u00e3o&quot;","block_context":{"text":"Not\u00edcias de Ribeir\u00e3o Preto-SP e Regi\u00e3o","link":"https:\/\/noticiasribeiraopreto.com.br\/index.php\/category\/noticias-de-ribeirao-preto-sp-e-regiao-ismael-colosi\/"},"img":{"alt_text":"","src":"https:\/\/i0.wp.com\/noticiasribeiraopreto.com.br\/wp-content\/uploads\/2026\/09\/SevandijaDV-Sergio-Masson-Arquivo-scaled.jpg?fit=1170%2C780&ssl=1&resize=350%2C200","width":350,"height":200,"srcset":"https:\/\/i0.wp.com\/noticiasribeiraopreto.com.br\/wp-content\/uploads\/2026\/09\/SevandijaDV-Sergio-Masson-Arquivo-scaled.jpg?fit=1170%2C780&ssl=1&resize=350%2C200 1x, https:\/\/i0.wp.com\/noticiasribeiraopreto.com.br\/wp-content\/uploads\/2026\/09\/SevandijaDV-Sergio-Masson-Arquivo-scaled.jpg?fit=1170%2C780&ssl=1&resize=525%2C300 1.5x, https:\/\/i0.wp.com\/noticiasribeiraopreto.com.br\/wp-content\/uploads\/2026\/09\/SevandijaDV-Sergio-Masson-Arquivo-scaled.jpg?fit=1170%2C780&ssl=1&resize=700%2C400 2x, https:\/\/i0.wp.com\/noticiasribeiraopreto.com.br\/wp-content\/uploads\/2026\/09\/SevandijaDV-Sergio-Masson-Arquivo-scaled.jpg?fit=1170%2C780&ssl=1&resize=1050%2C600 3x"},"classes":[]}],"jetpack_sharing_enabled":true,"jetpack_shortlink":"https:\/\/wp.me\/peQAOb-nDK","jetpack_featured_media_url":"https:\/\/i0.wp.com\/noticiasribeiraopreto.com.br\/wp-content\/uploads\/2026\/09\/darcy-vera-sevandija.jpeg?fit=984%2C616&ssl=1","_links":{"self":[{"href":"https:\/\/noticiasribeiraopreto.com.br\/index.php\/wp-json\/wp\/v2\/posts\/90876","targetHints":{"allow":["GET"]}}],"collection":[{"href":"https:\/\/noticiasribeiraopreto.com.br\/index.php\/wp-json\/wp\/v2\/posts"}],"about":[{"href":"https:\/\/noticiasribeiraopreto.com.br\/index.php\/wp-json\/wp\/v2\/types\/post"}],"author":[{"embeddable":true,"href":"https:\/\/noticiasribeiraopreto.com.br\/index.php\/wp-json\/wp\/v2\/users\/1"}],"replies":[{"embeddable":true,"href":"https:\/\/noticiasribeiraopreto.com.br\/index.php\/wp-json\/wp\/v2\/comments?post=90876"}],"version-history":[{"count":0,"href":"https:\/\/noticiasribeiraopreto.com.br\/index.php\/wp-json\/wp\/v2\/posts\/90876\/revisions"}],"wp:featuredmedia":[{"embeddable":true,"href":"https:\/\/noticiasribeiraopreto.com.br\/index.php\/wp-json\/wp\/v2\/media\/90877"}],"wp:attachment":[{"href":"https:\/\/noticiasribeiraopreto.com.br\/index.php\/wp-json\/wp\/v2\/media?parent=90876"}],"wp:term":[{"taxonomy":"category","embeddable":true,"href":"https:\/\/noticiasribeiraopreto.com.br\/index.php\/wp-json\/wp\/v2\/categories?post=90876"},{"taxonomy":"post_tag","embeddable":true,"href":"https:\/\/noticiasribeiraopreto.com.br\/index.php\/wp-json\/wp\/v2\/tags?post=90876"}],"curies":[{"name":"wp","href":"https:\/\/api.w.org\/{rel}","templated":true}]}}