{"id":90878,"date":"2026-09-01T10:50:21","date_gmt":"2026-09-01T13:50:21","guid":{"rendered":"https:\/\/noticiasribeiraopreto.com.br\/index.php\/2026\/09\/01\/juiza-encerra-depoimentos-no-caso-nathalia\/"},"modified":"2026-09-01T10:50:21","modified_gmt":"2026-09-01T13:50:21","slug":"juiza-encerra-depoimentos-no-caso-nathalia","status":"publish","type":"post","link":"https:\/\/noticiasribeiraopreto.com.br\/index.php\/2026\/09\/01\/juiza-encerra-depoimentos-no-caso-nathalia\/","title":{"rendered":"Ju\u00edza encerra depoimentos no caso Nath\u00e1lia"},"content":{"rendered":"<div class='code-block code-block-1' style='margin: 8px 0 8px auto; text-align: right; display: block; clear: both;'>\n<p><a href=\"https:\/\/wa.link\/vpicfd\"><img data-recalc-dims=\"1\" class=\"wp-image-4922\" style=\"aspect-ratio: 2.0253164556962027; width: 561px; height: auto;\" src=\"https:\/\/i0.wp.com\/ismaelcolosi.com.br\/wp-content\/uploads\/2023\/11\/grupo-de-empregos-whatsapp-e-facebook-ismael-colosi-vagas.jpg?ssl=1\" alt=\"\" \/><\/a><\/p>\n<!-- \/wp:image -->\n<\/div>\n<p> <br \/>\n<\/p>\n<div id=\"\">&#13;<\/p>\n<h2 class=\"penci-post-subtitle\">Elizabete foi ouvida de forma online, e a ju\u00edza determinou prazo para MP e defesa apresentarem as alega\u00e7\u00f5es finais<\/h2>\n<p>&#13;<\/p>\n<p>&#13;<br \/>\n\t\t\t\t\t\t\t\t\t<span class=\"entry-meta-item penci-posted-on\"><i class=\"fa fa-clock-o\"\/><time class=\"entry-date published updated\" datetime=\"2026-09-01T10:49:51-03:00\">1 de setembro de 2026 10:49<\/time><\/span><span class=\"entry-meta-item penci-post-countview\"\/>\t\t\t\t\t\t\t\t<\/p>\n<p><!-- .entry-meta -->&#13;<br \/>\n\t\t\t\t\t\t\t\t<span class=\"penci-social-buttons penci-social-share-footer\"><span class=\"penci-social-share-text\">Compartilhar<\/span><a href=\"#\" class=\"penci-post-like penci_post-meta_item  single-like-button penci-social-item like\" data-post_id=\"475664\" title=\"Like\" data-like=\"Like\" data-unlike=\"Unlike\"><i class=\"fa fa-thumbs-o-up\"\/><span class=\"penci-share-number\">1<\/span><\/a><i class=\"fa fa-facebook\"\/><a class=\"penci-social-item twitter\" target=\"_blank\" rel=\"noopener\" title=\"\" href=\"https:\/\/twitter.com\/intent\/tweet?text=Ju\u00edza%20encerra%20depoimentos%20no%20caso%20Nath\u00e1lia%20-%20https:\/\/www.tribunaribeirao.com.br\/juiza-encerra-depoimentos-no-caso-nathalia\/\"><i class=\"fa fa-twitter\"\/><\/a><i class=\"fa fa-linkedin\"\/><i class=\"fa fa-whatsapp\"\/><i class=\"fa fa-telegram\"\/><i class=\"fa fa-envelope\"\/><\/span>\t\t\t\t\t\t\t<\/div>\n<div>\n<p>| Por: Adalberto Luque |<\/p>\n<p>A audi\u00eancia de instru\u00e7\u00e3o e julgamento de Elizabete Eug\u00eanio Arraba\u00e7a, que vai determinar se ela ir\u00e1 ou n\u00e3o a j\u00fari popular pelo feminic\u00eddio de sua filha, Nath\u00e1lia Garnica, foi realizada nesta segunda-feira (31), no F\u00f3rum de Pontal, de forma h\u00edbrida.<\/p>\n<p>A audi\u00eancia terminou no per\u00edodo da noite. Segundo o advogado de Elizabete, Bruno Corr\u00eaa Ribeiro, a ju\u00edza respons\u00e1vel pelo caso, Bruna Ara\u00fajo Capelin Matioli, da 1\u00aa Vara da Comarca de Pontal, conseguiu ouvir todas as testemunhas de defesa e acusa\u00e7\u00e3o, al\u00e9m de Elizabete, que prestou seu depoimento de forma virtual, da Penitenci\u00e1ria de Trememb\u00e9, na regi\u00e3o do Vale do Para\u00edba, onde est\u00e1 presa.<\/p>\n<p>\u201cDevido ao adiantado da hora, a ju\u00edza alterou a sustenta\u00e7\u00e3o oral para escrita. Ela deu prazo de cinco dias para o promotor apresentar suas considera\u00e7\u00f5es finais e, na sequ\u00eancia, outros cinco dias para a defesa apresentar sua tese\u201d, explicou Ribeiro.<\/p>\n<figure id=\"attachment_436111\" aria-describedby=\"caption-attachment-436111\" style=\"width: 1170px\" class=\"wp-caption alignnone\"><figcaption id=\"caption-attachment-436111\" class=\"wp-caption-text\">Idosa foi ouvida pela ju\u00edza de forma remota (Foto: Reprodu\u00e7\u00e3o)<\/figcaption><\/figure>\n<p>O defensor espera que a ju\u00edza acate sua tese de que Elizabete n\u00e3o tinha v\u00edcio em jogos de azar e n\u00e3o estava endividada. \u201cEla estava adimplente\u201d, garante. Depois de receber as considera\u00e7\u00f5es finais, a ju\u00edza deve analisar todo o material e, s\u00f3 ent\u00e3o, decidir se Elizabete \u00e9 ou n\u00e3o imput\u00e1vel.<\/p>\n<p>Se considerar Elizabete imput\u00e1vel, ela pode ser levada ao Tribunal do J\u00fari. Seria o segundo julgamento, j\u00e1 que ela tamb\u00e9m ser\u00e1 submetida ao Tribunal do J\u00fari pela morte de sua nora, Larissa Talle Le\u00f4ncio Rodrigues. O filho de Elizabete, o m\u00e9dico ortopedista Luiz Ant\u00f4nio Garnica, marido de Larissa, tamb\u00e9m \u00e9 r\u00e9u nesse processo.<\/p>\n<p><strong>Relembre o caso<\/strong><\/p>\n<p>Nath\u00e1lia morreu em 9 de fevereiro de 2025. Inicialmente, a morte foi considerada natural, mas, ap\u00f3s as investiga\u00e7\u00f5es sobre a morte da professora Larissa, nora de Elizabete, o corpo de Nath\u00e1lia foi exumado.<\/p>\n<p>Exame do Instituto M\u00e9dico Legal (IML) apontou que ela tamb\u00e9m havia sido envenenada com \u201cchumbinho\u201d. A investiga\u00e7\u00e3o concluiu que Elizabete seria a \u00fanica respons\u00e1vel pela morte, e o Minist\u00e9rio P\u00fablico ofereceu den\u00fancia.<\/p>\n<p>Elizabete tamb\u00e9m responde pela morte de Larissa, processo no qual foi pronunciada, junto com o filho, Luiz Ant\u00f4nio Garnica, para julgamento pelo Tribunal do J\u00fari. O caso est\u00e1 em fase de recurso e ainda n\u00e3o tem data para julgamento.<\/p>\n<p>Em abril deste ano, Elizabete passou a responder tamb\u00e9m por tentativa de homic\u00eddio qualificado contra a amiga Neusa Maria Costa de Andrade Ghioto, de 78 anos. A defesa sustenta a inoc\u00eancia da acusada nos tr\u00eas casos.<\/p>\n<p>Elizabete ainda foi investigada pela morte da prima \u00c9lede Guidi, de 80 anos, em dezembro de 2016. O inqu\u00e9rito foi arquivado.<\/p>\n<p>Ela est\u00e1 presa em Trememb\u00e9 (SP) desde 20 de agosto do ano passado.<\/p>\n<div style=\"background-color: #f4f4f5; border: 1px solid #d4d4d8; padding: 15px; margin: 20px 0; border-radius: 6px; font-family: sans-serif; line-height: 1.5;\">\n    <span style=\"color: #27272a;\">Inscreva-se em nosso Canal no Whatsapp e fique por dentro de tudo que acontece na regi\u00e3o. <\/span><br \/>\n    <a href=\"https:\/\/whatsapp.com\/channel\/0029VanuE2o7z4kYjo0XVS3u\" target=\"_blank\" rel=\"noopener noreferrer\" style=\"color: #16a34a; font-weight: bold; text-decoration: underline;\">Clique Aqui!<\/a>\n<\/div>\n<\/div>\n<p><script async src=\"\/\/platform.twitter.com\/widgets.js\" charset=\"utf-8\"><\/script><br \/>\n<br \/><br \/>\n<br \/><a href=\"https:\/\/www.tribunaribeirao.com.br\/juiza-encerra-depoimentos-no-caso-nathalia\/\">Texto original daqui <\/a><\/p>\n<!-- CONTENT END 1 -->\n","protected":false},"excerpt":{"rendered":"<p>&#13; Elizabete foi ouvida de forma online, e a ju\u00edza determinou prazo para MP e defesa apresentarem as alega\u00e7\u00f5es finais &#13; &#13; 1 de setembro&#8230;<\/p>\n","protected":false},"author":1,"featured_media":90879,"comment_status":"","ping_status":"","sticky":false,"template":"","format":"standard","meta":{"advanced_seo_description":"","jetpack_seo_html_title":"","jetpack_seo_noindex":false,"jetpack_seo_schema_type":"","_jetpack_newsletter_access":"","_jetpack_dont_email_post_to_subs":false,"_jetpack_newsletter_tier_id":0,"_jetpack_memberships_contains_paywalled_content":false,"_jetpack_feature_clip_id":0,"_jetpack_memberships_contains_paid_content":false,"footnotes":"","jetpack_publicize_message":"","jetpack_publicize_feature_enabled":true,"jetpack_social_post_already_shared":true,"jetpack_social_options":{"image_generator_settings":{"template":"highway","default_image_id":0,"font":"","enabled":false},"version":2},"jetpack_post_was_ever_published":false},"categories":[11],"tags":[3778,8850,1325,4107,8851],"class_list":["post-90878","post","type-post","status-publish","format-standard","has-post-thumbnail","hentry","category-noticias-de-ribeirao-preto-sp-e-regiao-ismael-colosi","tag-caso","tag-depoimentos","tag-encerra","tag-juiza","tag-nathalia"],"jetpack_publicize_connections":[],"jetpack-related-posts":[{"id":80275,"url":"https:\/\/noticiasribeiraopreto.com.br\/index.php\/2025\/11\/18\/juiza-de-pontal-transfere-caso-de-nathalia-garnica-para-ribeirao-mas-mp-barra-denuncia-entenda\/","url_meta":{"origin":90878,"position":0},"title":"Ju\u00edza de Pontal transfere caso de Nath\u00e1lia Garnica para Ribeir\u00e3o, mas MP barra den\u00fancia; Entenda","author":"noticiasribeiraopreto.com.br","date":"18 de November de 2025","format":false,"excerpt":"O Minist\u00e9rio P\u00fablico de Ribeir\u00e3o Preto recusou a den\u00fancia enviada pela Justi\u00e7a de Pontal no processo que investiga a morte da veterin\u00e1ria Nath\u00e1lia Garnica, de 42 anos, envenenada em fevereiro deste ano. De acordo com os documentos assinado no come\u00e7o do m\u00eas de novembro, a ju\u00edza titular de Pontal, Bruna\u2026","rel":"","context":"In &quot;Not\u00edcias de Ribeir\u00e3o Preto-SP e Regi\u00e3o&quot;","block_context":{"text":"Not\u00edcias de Ribeir\u00e3o Preto-SP e Regi\u00e3o","link":"https:\/\/noticiasribeiraopreto.com.br\/index.php\/category\/noticias-de-ribeirao-preto-sp-e-regiao-ismael-colosi\/"},"img":{"alt_text":"","src":"https:\/\/i0.wp.com\/noticiasribeiraopreto.com.br\/wp-content\/uploads\/2025\/11\/Copia-de-Copia-de-Copia-de-TAMANHO-EXATO-PARA-FOTOS-NO-SISTEMA-NOVO-2025-11-18T205210.520_2025-11-18_23-52-19.webp.webp?fit=1200%2C675&ssl=1&resize=350%2C200","width":350,"height":200,"srcset":"https:\/\/i0.wp.com\/noticiasribeiraopreto.com.br\/wp-content\/uploads\/2025\/11\/Copia-de-Copia-de-Copia-de-TAMANHO-EXATO-PARA-FOTOS-NO-SISTEMA-NOVO-2025-11-18T205210.520_2025-11-18_23-52-19.webp.webp?fit=1200%2C675&ssl=1&resize=350%2C200 1x, https:\/\/i0.wp.com\/noticiasribeiraopreto.com.br\/wp-content\/uploads\/2025\/11\/Copia-de-Copia-de-Copia-de-TAMANHO-EXATO-PARA-FOTOS-NO-SISTEMA-NOVO-2025-11-18T205210.520_2025-11-18_23-52-19.webp.webp?fit=1200%2C675&ssl=1&resize=525%2C300 1.5x, https:\/\/i0.wp.com\/noticiasribeiraopreto.com.br\/wp-content\/uploads\/2025\/11\/Copia-de-Copia-de-Copia-de-TAMANHO-EXATO-PARA-FOTOS-NO-SISTEMA-NOVO-2025-11-18T205210.520_2025-11-18_23-52-19.webp.webp?fit=1200%2C675&ssl=1&resize=700%2C400 2x, https:\/\/i0.wp.com\/noticiasribeiraopreto.com.br\/wp-content\/uploads\/2025\/11\/Copia-de-Copia-de-Copia-de-TAMANHO-EXATO-PARA-FOTOS-NO-SISTEMA-NOVO-2025-11-18T205210.520_2025-11-18_23-52-19.webp.webp?fit=1200%2C675&ssl=1&resize=1050%2C600 3x"},"classes":[]},{"id":80872,"url":"https:\/\/noticiasribeiraopreto.com.br\/index.php\/2025\/12\/16\/juiz-de-ribeirao-preto-diz-nao-ser-competente-para-julgar-caso-nathalia-garnica-entenda\/","url_meta":{"origin":90878,"position":1},"title":"Juiz de Ribeir\u00e3o Preto diz n\u00e3o ser competente para julgar caso Nath\u00e1lia Garnica; Entenda","author":"noticiasribeiraopreto.com.br","date":"16 de December de 2025","format":false,"excerpt":"O juiz Jos\u00e9 Roberto Bernardi Liberal, da 2\u00aa Vara do Tribunal do J\u00fari de Ribeir\u00e3o Preto, declarou n\u00e3o ser competente para julgar o caso que apura a morte de Nath\u00e1lia Garnica, ocorrida em Pontal. A m\u00e3e de Nath\u00e1lia, Elisabete Arraba\u00e7a, \u00e9 suspeita de matar a pr\u00f3pria filha e tamb\u00e9m a\u2026","rel":"","context":"In &quot;Not\u00edcias de Ribeir\u00e3o Preto-SP e Regi\u00e3o&quot;","block_context":{"text":"Not\u00edcias de Ribeir\u00e3o Preto-SP e Regi\u00e3o","link":"https:\/\/noticiasribeiraopreto.com.br\/index.php\/category\/noticias-de-ribeirao-preto-sp-e-regiao-ismael-colosi\/"},"img":{"alt_text":"","src":"https:\/\/i0.wp.com\/noticiasribeiraopreto.com.br\/wp-content\/uploads\/2025\/06\/WhatsApp-Image-2025-05-07-at-10.51.41-1_2025-05-07_13-52-19.webp.webp?fit=1200%2C675&ssl=1&resize=350%2C200","width":350,"height":200,"srcset":"https:\/\/i0.wp.com\/noticiasribeiraopreto.com.br\/wp-content\/uploads\/2025\/06\/WhatsApp-Image-2025-05-07-at-10.51.41-1_2025-05-07_13-52-19.webp.webp?fit=1200%2C675&ssl=1&resize=350%2C200 1x, https:\/\/i0.wp.com\/noticiasribeiraopreto.com.br\/wp-content\/uploads\/2025\/06\/WhatsApp-Image-2025-05-07-at-10.51.41-1_2025-05-07_13-52-19.webp.webp?fit=1200%2C675&ssl=1&resize=525%2C300 1.5x, https:\/\/i0.wp.com\/noticiasribeiraopreto.com.br\/wp-content\/uploads\/2025\/06\/WhatsApp-Image-2025-05-07-at-10.51.41-1_2025-05-07_13-52-19.webp.webp?fit=1200%2C675&ssl=1&resize=700%2C400 2x, https:\/\/i0.wp.com\/noticiasribeiraopreto.com.br\/wp-content\/uploads\/2025\/06\/WhatsApp-Image-2025-05-07-at-10.51.41-1_2025-05-07_13-52-19.webp.webp?fit=1200%2C675&ssl=1&resize=1050%2C600 3x"},"classes":[]},{"id":87304,"url":"https:\/\/noticiasribeiraopreto.com.br\/index.php\/2026\/07\/01\/audiencia-define-futuro-de-elizabete-arrabaca-em-pontal\/","url_meta":{"origin":90878,"position":2},"title":"Audi\u00eancia define futuro de Elizabete Arraba\u00e7a em Pontal","author":"noticiasribeiraopreto.com.br","date":"1 de July de 2026","format":false,"excerpt":"| Por: Adalberto Luque | O Tribunal de Justi\u00e7a de S\u00e3o Paulo (TJSP) definiu a data da audi\u00eancia de instru\u00e7\u00e3o que poder\u00e1 decidir se Elizabete Arraba\u00e7a ser\u00e1 levada ao Tribunal do J\u00fari pela morte, por envenenamento, da filha Nathalia Garnica. A audi\u00eancia foi marcada para o dia 31 de agosto,\u2026","rel":"","context":"In &quot;Not\u00edcias de Ribeir\u00e3o Preto-SP e Regi\u00e3o&quot;","block_context":{"text":"Not\u00edcias de Ribeir\u00e3o Preto-SP e Regi\u00e3o","link":"https:\/\/noticiasribeiraopreto.com.br\/index.php\/category\/noticias-de-ribeirao-preto-sp-e-regiao-ismael-colosi\/"},"img":{"alt_text":"","src":"https:\/\/i0.wp.com\/noticiasribeiraopreto.com.br\/wp-content\/uploads\/2026\/07\/MortePRO-Nat-Reproducao.jpg?fit=906%2C752&ssl=1&resize=350%2C200","width":350,"height":200,"srcset":"https:\/\/i0.wp.com\/noticiasribeiraopreto.com.br\/wp-content\/uploads\/2026\/07\/MortePRO-Nat-Reproducao.jpg?fit=906%2C752&ssl=1&resize=350%2C200 1x, https:\/\/i0.wp.com\/noticiasribeiraopreto.com.br\/wp-content\/uploads\/2026\/07\/MortePRO-Nat-Reproducao.jpg?fit=906%2C752&ssl=1&resize=525%2C300 1.5x, https:\/\/i0.wp.com\/noticiasribeiraopreto.com.br\/wp-content\/uploads\/2026\/07\/MortePRO-Nat-Reproducao.jpg?fit=906%2C752&ssl=1&resize=700%2C400 2x"},"classes":[]},{"id":83900,"url":"https:\/\/noticiasribeiraopreto.com.br\/index.php\/2026\/03\/27\/justica-decide-que-caso-de-nathalia-garnica-deve-ser-julgado-em-pontal\/","url_meta":{"origin":90878,"position":3},"title":"Justi\u00e7a decide que caso de Nath\u00e1lia Garnica deve ser julgado em Pontal","author":"noticiasribeiraopreto.com.br","date":"27 de March de 2026","format":false,"excerpt":"O Tribunal de Justi\u00e7a de S\u00e3o Paulo decidiu que o caso da morte da veterin\u00e1ria Nath\u00e1lia Garnica ser\u00e1 julgado pelo f\u00f3rum de Pontal, cidade na regi\u00e3o de Ribeir\u00e3o Preto. A mulher, de 42 anos, morreu ap\u00f3s ser envenenada, e a principal suspeita do crime \u00e9 a pr\u00f3pria m\u00e3e, Elizabete Arraba\u00e7a.\u2026","rel":"","context":"In &quot;Not\u00edcias de Ribeir\u00e3o Preto-SP e Regi\u00e3o&quot;","block_context":{"text":"Not\u00edcias de Ribeir\u00e3o Preto-SP e Regi\u00e3o","link":"https:\/\/noticiasribeiraopreto.com.br\/index.php\/category\/noticias-de-ribeirao-preto-sp-e-regiao-ismael-colosi\/"},"img":{"alt_text":"","src":"https:\/\/i0.wp.com\/noticiasribeiraopreto.com.br\/wp-content\/uploads\/2025\/11\/Copia-de-Copia-de-Copia-de-TAMANHO-EXATO-PARA-FOTOS-NO-SISTEMA-NOVO-2025-11-18T205210.520_2025-11-18_23-52-19.webp.webp?fit=1200%2C675&ssl=1&resize=350%2C200","width":350,"height":200,"srcset":"https:\/\/i0.wp.com\/noticiasribeiraopreto.com.br\/wp-content\/uploads\/2025\/11\/Copia-de-Copia-de-Copia-de-TAMANHO-EXATO-PARA-FOTOS-NO-SISTEMA-NOVO-2025-11-18T205210.520_2025-11-18_23-52-19.webp.webp?fit=1200%2C675&ssl=1&resize=350%2C200 1x, https:\/\/i0.wp.com\/noticiasribeiraopreto.com.br\/wp-content\/uploads\/2025\/11\/Copia-de-Copia-de-Copia-de-TAMANHO-EXATO-PARA-FOTOS-NO-SISTEMA-NOVO-2025-11-18T205210.520_2025-11-18_23-52-19.webp.webp?fit=1200%2C675&ssl=1&resize=525%2C300 1.5x, https:\/\/i0.wp.com\/noticiasribeiraopreto.com.br\/wp-content\/uploads\/2025\/11\/Copia-de-Copia-de-Copia-de-TAMANHO-EXATO-PARA-FOTOS-NO-SISTEMA-NOVO-2025-11-18T205210.520_2025-11-18_23-52-19.webp.webp?fit=1200%2C675&ssl=1&resize=700%2C400 2x, https:\/\/i0.wp.com\/noticiasribeiraopreto.com.br\/wp-content\/uploads\/2025\/11\/Copia-de-Copia-de-Copia-de-TAMANHO-EXATO-PARA-FOTOS-NO-SISTEMA-NOVO-2025-11-18T205210.520_2025-11-18_23-52-19.webp.webp?fit=1200%2C675&ssl=1&resize=1050%2C600 3x"},"classes":[]},{"id":90815,"url":"https:\/\/noticiasribeiraopreto.com.br\/index.php\/2026\/08\/31\/justica-define-se-elizabete-sera-submetida-a-novo-juri-popular\/","url_meta":{"origin":90878,"position":4},"title":"Justi\u00e7a define se Elizabete ser\u00e1 submetida a novo j\u00fari popular","author":"noticiasribeiraopreto.com.br","date":"31 de August de 2026","format":false,"excerpt":"| Por: Adalberto Luque | Come\u00e7a hoje, \u00e0s 13h30, a audi\u00eancia de instru\u00e7\u00e3o e julgamento de Elizabete Arraba\u00e7a, acusada de feminic\u00eddio contra a pr\u00f3pria filha, Nathalia Garnica, que morreu em fevereiro do ano passado. A sess\u00e3o ser\u00e1 realizada no F\u00f3rum de Pontal, na regi\u00e3o metropolitana de Ribeir\u00e3o Preto, de forma\u2026","rel":"","context":"In &quot;Not\u00edcias de Ribeir\u00e3o Preto-SP e Regi\u00e3o&quot;","block_context":{"text":"Not\u00edcias de Ribeir\u00e3o Preto-SP e Regi\u00e3o","link":"https:\/\/noticiasribeiraopreto.com.br\/index.php\/category\/noticias-de-ribeirao-preto-sp-e-regiao-ismael-colosi\/"},"img":{"alt_text":"","src":"https:\/\/i0.wp.com\/noticiasribeiraopreto.com.br\/wp-content\/uploads\/2026\/08\/MortePRO-Nat-Reproducao.jpg?fit=906%2C752&ssl=1&resize=350%2C200","width":350,"height":200,"srcset":"https:\/\/i0.wp.com\/noticiasribeiraopreto.com.br\/wp-content\/uploads\/2026\/08\/MortePRO-Nat-Reproducao.jpg?fit=906%2C752&ssl=1&resize=350%2C200 1x, https:\/\/i0.wp.com\/noticiasribeiraopreto.com.br\/wp-content\/uploads\/2026\/08\/MortePRO-Nat-Reproducao.jpg?fit=906%2C752&ssl=1&resize=525%2C300 1.5x, https:\/\/i0.wp.com\/noticiasribeiraopreto.com.br\/wp-content\/uploads\/2026\/08\/MortePRO-Nat-Reproducao.jpg?fit=906%2C752&ssl=1&resize=700%2C400 2x"},"classes":[]},{"id":73186,"url":"https:\/\/noticiasribeiraopreto.com.br\/index.php\/2025\/06\/26\/suspeita-pede-prisao-domiciliar-em-novo-depoimento-sobre-o-caso-larissa-veja-video\/","url_meta":{"origin":90878,"position":5},"title":"Suspeita pede pris\u00e3o domiciliar em novo depoimento sobre o caso Larissa; veja video","author":"noticiasribeiraopreto.com.br","date":"26 de June de 2025","format":false,"excerpt":"Elizabete Arraba\u00e7a, presa desde 6 de maio junto com o filho, Luis Carlos Garnica, prestou novo depoimento \u00e0 Justi\u00e7a nesta quarta-feira (25). Ambos s\u00e3o investigados pela morte de Larissa Rodrigues, esposa de Garnica e nora de Elizabete, envenenada com subst\u00e2ncia conhecida como chumbinho. Durante a audi\u00eancia, Elizabete solicitou ao juiz\u2026","rel":"","context":"In &quot;Not\u00edcias de Ribeir\u00e3o Preto-SP e Regi\u00e3o&quot;","block_context":{"text":"Not\u00edcias de Ribeir\u00e3o Preto-SP e Regi\u00e3o","link":"https:\/\/noticiasribeiraopreto.com.br\/index.php\/category\/noticias-de-ribeirao-preto-sp-e-regiao-ismael-colosi\/"},"img":{"alt_text":"","src":"https:\/\/i0.wp.com\/noticiasribeiraopreto.com.br\/wp-content\/uploads\/2025\/06\/ret_2025-06-26_17-04-24.webp.webp?fit=1200%2C675&ssl=1&resize=350%2C200","width":350,"height":200,"srcset":"https:\/\/i0.wp.com\/noticiasribeiraopreto.com.br\/wp-content\/uploads\/2025\/06\/ret_2025-06-26_17-04-24.webp.webp?fit=1200%2C675&ssl=1&resize=350%2C200 1x, https:\/\/i0.wp.com\/noticiasribeiraopreto.com.br\/wp-content\/uploads\/2025\/06\/ret_2025-06-26_17-04-24.webp.webp?fit=1200%2C675&ssl=1&resize=525%2C300 1.5x, https:\/\/i0.wp.com\/noticiasribeiraopreto.com.br\/wp-content\/uploads\/2025\/06\/ret_2025-06-26_17-04-24.webp.webp?fit=1200%2C675&ssl=1&resize=700%2C400 2x, https:\/\/i0.wp.com\/noticiasribeiraopreto.com.br\/wp-content\/uploads\/2025\/06\/ret_2025-06-26_17-04-24.webp.webp?fit=1200%2C675&ssl=1&resize=1050%2C600 3x"},"classes":[]}],"jetpack_sharing_enabled":true,"jetpack_shortlink":"https:\/\/wp.me\/peQAOb-nDM","jetpack_featured_media_url":"https:\/\/i0.wp.com\/noticiasribeiraopreto.com.br\/wp-content\/uploads\/2026\/09\/12-set-2025-betechumbinhonathalia2.jpg?fit=934%2C780&ssl=1","_links":{"self":[{"href":"https:\/\/noticiasribeiraopreto.com.br\/index.php\/wp-json\/wp\/v2\/posts\/90878","targetHints":{"allow":["GET"]}}],"collection":[{"href":"https:\/\/noticiasribeiraopreto.com.br\/index.php\/wp-json\/wp\/v2\/posts"}],"about":[{"href":"https:\/\/noticiasribeiraopreto.com.br\/index.php\/wp-json\/wp\/v2\/types\/post"}],"author":[{"embeddable":true,"href":"https:\/\/noticiasribeiraopreto.com.br\/index.php\/wp-json\/wp\/v2\/users\/1"}],"replies":[{"embeddable":true,"href":"https:\/\/noticiasribeiraopreto.com.br\/index.php\/wp-json\/wp\/v2\/comments?post=90878"}],"version-history":[{"count":0,"href":"https:\/\/noticiasribeiraopreto.com.br\/index.php\/wp-json\/wp\/v2\/posts\/90878\/revisions"}],"wp:featuredmedia":[{"embeddable":true,"href":"https:\/\/noticiasribeiraopreto.com.br\/index.php\/wp-json\/wp\/v2\/media\/90879"}],"wp:attachment":[{"href":"https:\/\/noticiasribeiraopreto.com.br\/index.php\/wp-json\/wp\/v2\/media?parent=90878"}],"wp:term":[{"taxonomy":"category","embeddable":true,"href":"https:\/\/noticiasribeiraopreto.com.br\/index.php\/wp-json\/wp\/v2\/categories?post=90878"},{"taxonomy":"post_tag","embeddable":true,"href":"https:\/\/noticiasribeiraopreto.com.br\/index.php\/wp-json\/wp\/v2\/tags?post=90878"}],"curies":[{"name":"wp","href":"https:\/\/api.w.org\/{rel}","templated":true}]}}