{"id":90880,"date":"2026-09-01T11:11:42","date_gmt":"2026-09-01T14:11:42","guid":{"rendered":"https:\/\/noticiasribeiraopreto.com.br\/index.php\/2026\/09\/01\/video-pm-salva-bebe-de-30-dias-engasgada-em-rp\/"},"modified":"2026-09-01T11:11:42","modified_gmt":"2026-09-01T14:11:42","slug":"video-pm-salva-bebe-de-30-dias-engasgada-em-rp","status":"publish","type":"post","link":"https:\/\/noticiasribeiraopreto.com.br\/index.php\/2026\/09\/01\/video-pm-salva-bebe-de-30-dias-engasgada-em-rp\/","title":{"rendered":"V\u00cdDEO &#8211; PM salva beb\u00ea de 30 dias engasgada em RP"},"content":{"rendered":"<div class='code-block code-block-1' style='margin: 8px 0 8px auto; text-align: right; display: block; clear: both;'>\n<p><a href=\"https:\/\/wa.link\/vpicfd\"><img data-recalc-dims=\"1\" class=\"wp-image-4922\" style=\"aspect-ratio: 2.0253164556962027; width: 561px; height: auto;\" src=\"https:\/\/i0.wp.com\/ismaelcolosi.com.br\/wp-content\/uploads\/2023\/11\/grupo-de-empregos-whatsapp-e-facebook-ismael-colosi-vagas.jpg?ssl=1\" alt=\"\" \/><\/a><\/p>\n<!-- \/wp:image -->\n<\/div>\n<p> <br \/>\n<\/p>\n<div id=\"post-475666\">&#13;<br \/>\n&#13;<\/p>\n<header class=\"entry-header penci-entry-header penci-title-center\">&#13;<\/p>\n<h2 class=\"penci-post-subtitle\">Rec\u00e9m-nascida n\u00e3o respondia a est\u00edmulos e estava com o rosto e as unhas arroxeados quando a m\u00e3e encontrou uma viatura policial e pediu ajuda<\/h2>\n<p>&#13;<\/p>\n<p>&#13;<br \/>\n\t\t\t\t\t\t\t\t\t<span class=\"entry-meta-item penci-posted-on\"><i class=\"fa fa-clock-o\"\/><time class=\"entry-date published updated\" datetime=\"2026-09-01T11:07:49-03:00\">1 de setembro de 2026 11:07<\/time><\/span><span class=\"entry-meta-item penci-post-countview\"\/>\t\t\t\t\t\t\t\t<\/p>\n<p><!-- .entry-meta -->&#13;<br \/>\n\t\t\t\t\t\t\t\t<span class=\"penci-social-buttons penci-social-share-footer\"><span class=\"penci-social-share-text\">Compartilhar<\/span><a href=\"#\" class=\"penci-post-like penci_post-meta_item  single-like-button penci-social-item like\" data-post_id=\"475666\" title=\"Like\" data-like=\"Like\" data-unlike=\"Unlike\"><i class=\"fa fa-thumbs-o-up\"\/><span class=\"penci-share-number\">2<\/span><\/a><i class=\"fa fa-facebook\"\/><a class=\"penci-social-item twitter\" target=\"_blank\" rel=\"noopener\" title=\"\" href=\"https:\/\/twitter.com\/intent\/tweet?text=V\u00cdDEO%20-%20PM%20salva%20beb\u00ea%20de%2030%20dias%20engasgada%20em%20RP%20-%20https:\/\/www.tribunaribeirao.com.br\/video-pm-salva-bebe-de-30-dias-engasgada-em-rp\/\"><i class=\"fa fa-twitter\"\/><\/a><i class=\"fa fa-linkedin\"\/><i class=\"fa fa-whatsapp\"\/><i class=\"fa fa-telegram\"\/><i class=\"fa fa-envelope\"\/><\/span>\t\t\t\t\t\t\t<\/header>\n<p><!-- .entry-header -->&#13;<\/p>\n<div class=\"entry-media penci-entry-media\">\n<p><iframe loading=\"lazy\" title=\"Beb\u00ea engasgado\" width=\"500\" height=\"281\" src=\"https:\/\/www.youtube.com\/embed\/uezfZv4x-6I?feature=oembed\" frameborder=\"0\" allow=\"accelerometer; autoplay; clipboard-write; encrypted-media; gyroscope; picture-in-picture; web-share\" referrerpolicy=\"strict-origin-when-cross-origin\" allowfullscreen><\/iframe><\/p>\n<\/p><\/div>\n<div class=\"penci-entry-content entry-content\">\n<p>| Por: Adalberto Luque |<\/p>\n<p>Uma equipe da Pol\u00edcia Militar seguia pela zona Norte de Ribeir\u00e3o Preto para atender outra ocorr\u00eancia na noite de domingo (30), quando um ve\u00edculo parou ao lado da viatura. Os policiais, que integram o 3\u00ba Batalh\u00e3o de Ca\u00e7adores (BC), foram abordados por uma mulher que carregava um beb\u00ea nos bra\u00e7os.<\/p>\n<p>Desesperada, a mulher disse que precisava de ajuda com a filha, de apenas 30 dias. A m\u00e3e relatou que a beb\u00ea possivelmente estava engasgada e n\u00e3o estaria respirando.<\/p>\n<figure id=\"attachment_475667\" aria-describedby=\"caption-attachment-475667\" style=\"width: 933px\" class=\"wp-caption alignnone\"><figcaption id=\"caption-attachment-475667\" class=\"wp-caption-text\">Manobra realizada por policial, captada por c\u00e2mera corporal, foi fundamental para que a beb\u00ea sobrevivesse (Foto: Divulga\u00e7\u00e3o)<\/figcaption><\/figure>\n<p>Ao perceberem a situa\u00e7\u00e3o, os policiais constataram que a rec\u00e9m-nascida n\u00e3o reagia a est\u00edmulos e estava com o rosto e as unhas arroxeados. A equipe iniciou imediatamente a manobra de desengasgamento, na tentativa de reverter o quadro.<\/p>\n<p>A ocorr\u00eancia foi registrada pelas c\u00e2meras corporais dos policiais militares. Enquanto a equipe realizava o atendimento, policiais do 11\u00ba Batalh\u00e3o de A\u00e7\u00f5es Especiais de Pol\u00edcia (BAEP) foram acionados para dar apoio ao deslocamento at\u00e9 a unidade de sa\u00fade.<\/p>\n<figure id=\"attachment_475668\" aria-describedby=\"caption-attachment-475668\" style=\"width: 929px\" class=\"wp-caption alignnone\"><img data-recalc-dims=\"1\" loading=\"lazy\" decoding=\"async\" class=\"size-full wp-image-475668 lazyload\" src=\"https:\/\/i0.wp.com\/www.tribunaribeirao.com.br\/wp-content\/uploads\/2026\/09\/01-set-2026-bebeengasgado2.jpg?resize=929%2C524&#038;ssl=1\" alt=\"\" width=\"929\" height=\"524\" srcset=\"https:\/\/www.tribunaribeirao.com.br\/wp-content\/uploads\/2026\/09\/01-set-2026-bebeengasgado2.jpg 929w, https:\/\/www.tribunaribeirao.com.br\/wp-content\/uploads\/2026\/09\/01-set-2026-bebeengasgado2-300x169.jpg 300w, https:\/\/www.tribunaribeirao.com.br\/wp-content\/uploads\/2026\/09\/01-set-2026-bebeengasgado2-768x433.jpg 768w, https:\/\/www.tribunaribeirao.com.br\/wp-content\/uploads\/2026\/09\/01-set-2026-bebeengasgado2-709x400.jpg 709w, https:\/\/www.tribunaribeirao.com.br\/wp-content\/uploads\/2026\/09\/01-set-2026-bebeengasgado2-585x330.jpg 585w\" data-sizes=\"(max-width: 929px) 100vw, 929px\" style=\"--smush-placeholder-width: 929px; --smush-placeholder-aspect-ratio: 929\/524;\"\/><figcaption id=\"caption-attachment-475668\" class=\"wp-caption-text\">Na UPA Norte, a crian\u00e7a recebeu atendimento m\u00e9dico e ficou em observa\u00e7\u00e3o (Foto: Divulga\u00e7\u00e3o)<\/figcaption><\/figure>\n<p>A crian\u00e7a reagiu aos est\u00edmulos provocados pela manobra realizada pelos PMs. Em seguida, m\u00e3e e filha foram levadas para a Unidade de Pronto Atendimento (UPA) Norte. Policiais do BAEP auxiliaram no trajeto e no bloqueio de vias para facilitar o deslocamento.<\/p>\n<p>Na unidade de sa\u00fade, a beb\u00ea recebeu atendimento pedi\u00e1trico e permaneceu em observa\u00e7\u00e3o. A crian\u00e7a recebeu alta nesta segunda-feira (31), sem sequelas.<\/p>\n<div style=\"background-color: #f4f4f5; border: 1px solid #d4d4d8; padding: 15px; margin: 20px 0; border-radius: 6px; font-family: sans-serif; line-height: 1.5;\">\n    <span style=\"color: #27272a;\">Inscreva-se em nosso Canal no Whatsapp e fique por dentro de tudo que acontece na regi\u00e3o. <\/span><br \/>\n    <a href=\"https:\/\/whatsapp.com\/channel\/0029VanuE2o7z4kYjo0XVS3u\" target=\"_blank\" rel=\"noopener noreferrer\" style=\"color: #16a34a; font-weight: bold; text-decoration: underline;\">Clique Aqui!<\/a>\n<\/div>\n<\/div>\n<p><!-- .entry-content -->&#13;<br \/>\n&#13;<\/p>\n<footer class=\"penci-entry-footer\">&#13;<br \/>\n\t\t\t\t\t\t\t\t<span class=\"penci-social-buttons penci-social-share-footer\"><span class=\"penci-social-share-text\">Compartilhar<\/span><a href=\"#\" class=\"penci-post-like penci_post-meta_item  single-like-button penci-social-item like\" data-post_id=\"475666\" title=\"Like\" data-like=\"Like\" data-unlike=\"Unlike\"><i class=\"fa fa-thumbs-o-up\"\/><span class=\"penci-share-number\">2<\/span><\/a><i class=\"fa fa-facebook\"\/><a class=\"penci-social-item twitter\" target=\"_blank\" rel=\"noopener\" title=\"\" href=\"https:\/\/twitter.com\/intent\/tweet?text=V\u00cdDEO%20-%20PM%20salva%20beb\u00ea%20de%2030%20dias%20engasgada%20em%20RP%20-%20https:\/\/www.tribunaribeirao.com.br\/video-pm-salva-bebe-de-30-dias-engasgada-em-rp\/\"><i class=\"fa fa-twitter\"\/><\/a><i class=\"fa fa-linkedin\"\/><i class=\"fa fa-whatsapp\"\/><i class=\"fa fa-telegram\"\/><i class=\"fa fa-envelope\"\/><\/span>\t\t\t\t\t\t\t<\/footer>\n<p><!-- .entry-footer -->&#13;\n\t\t\t\t\t\t<\/div>\n<p><script async src=\"\/\/platform.twitter.com\/widgets.js\" charset=\"utf-8\"><\/script><br \/>\n<br \/><br \/>\n<br \/><a href=\"https:\/\/www.tribunaribeirao.com.br\/video-pm-salva-bebe-de-30-dias-engasgada-em-rp\/\">Texto original daqui <\/a><\/p>\n<!-- CONTENT END 1 -->\n","protected":false},"excerpt":{"rendered":"<p>&#13; &#13; &#13; Rec\u00e9m-nascida n\u00e3o respondia a est\u00edmulos e estava com o rosto e as unhas arroxeados quando a m\u00e3e encontrou uma viatura policial e&#8230;<\/p>\n","protected":false},"author":1,"featured_media":90881,"comment_status":"","ping_status":"","sticky":false,"template":"","format":"standard","meta":{"advanced_seo_description":"","jetpack_seo_html_title":"","jetpack_seo_noindex":false,"jetpack_seo_schema_type":"","_jetpack_newsletter_access":"","_jetpack_dont_email_post_to_subs":false,"_jetpack_newsletter_tier_id":0,"_jetpack_memberships_contains_paywalled_content":false,"_jetpack_feature_clip_id":0,"_jetpack_memberships_contains_paid_content":false,"footnotes":"","jetpack_publicize_message":"","jetpack_publicize_feature_enabled":true,"jetpack_social_post_already_shared":true,"jetpack_social_options":{"image_generator_settings":{"template":"highway","default_image_id":0,"font":"","enabled":false},"version":2},"jetpack_post_was_ever_published":false},"categories":[11],"tags":[270,493,8853,8852,67],"class_list":["post-90880","post","type-post","status-publish","format-standard","has-post-thumbnail","hentry","category-noticias-de-ribeirao-preto-sp-e-regiao-ismael-colosi","tag-bebe","tag-dias","tag-engasgada","tag-salva","tag-video"],"jetpack_publicize_connections":[],"jetpack-related-posts":[{"id":68895,"url":"https:\/\/noticiasribeiraopreto.com.br\/index.php\/2025\/04\/30\/bebe-e-salva-pela-gcm-apos-se-engasgar-na-regiao-de-ribeirao-preto\/","url_meta":{"origin":90880,"position":0},"title":"Beb\u00ea \u00e9 salva pela GCM ap\u00f3s se engasgar na regi\u00e3o de Ribeir\u00e3o Preto","author":"noticiasribeiraopreto.com.br","date":"30 de April de 2025","format":false,"excerpt":"Uma beb\u00ea de um m\u00eas foi salva nesta ter\u00e7a-feira (29), ap\u00f3s se engasgar com leite materno em Batatais, cidade a aproximadamente 40 quil\u00f4metros de Ribeir\u00e3o Preto. A av\u00f3 da crian\u00e7a foi at\u00e9 a sede da corpora\u00e7\u00e3o em busca de socorro. Imediatamente, foi realizada a manobra de Heimlich adaptada para beb\u00eas,\u2026","rel":"","context":"In &quot;Not\u00edcias de Ribeir\u00e3o Preto-SP e Regi\u00e3o&quot;","block_context":{"text":"Not\u00edcias de Ribeir\u00e3o Preto-SP e Regi\u00e3o","link":"https:\/\/noticiasribeiraopreto.com.br\/index.php\/category\/noticias-de-ribeirao-preto-sp-e-regiao-ismael-colosi\/"},"img":{"alt_text":"","src":"https:\/\/i0.wp.com\/noticiasribeiraopreto.com.br\/wp-content\/uploads\/2025\/04\/BEBE_2025-04-30_09-50-08.webp.webp?fit=1200%2C813&ssl=1&resize=350%2C200","width":350,"height":200,"srcset":"https:\/\/i0.wp.com\/noticiasribeiraopreto.com.br\/wp-content\/uploads\/2025\/04\/BEBE_2025-04-30_09-50-08.webp.webp?fit=1200%2C813&ssl=1&resize=350%2C200 1x, https:\/\/i0.wp.com\/noticiasribeiraopreto.com.br\/wp-content\/uploads\/2025\/04\/BEBE_2025-04-30_09-50-08.webp.webp?fit=1200%2C813&ssl=1&resize=525%2C300 1.5x, https:\/\/i0.wp.com\/noticiasribeiraopreto.com.br\/wp-content\/uploads\/2025\/04\/BEBE_2025-04-30_09-50-08.webp.webp?fit=1200%2C813&ssl=1&resize=700%2C400 2x, https:\/\/i0.wp.com\/noticiasribeiraopreto.com.br\/wp-content\/uploads\/2025\/04\/BEBE_2025-04-30_09-50-08.webp.webp?fit=1200%2C813&ssl=1&resize=1050%2C600 3x"},"classes":[]},{"id":62356,"url":"https:\/\/noticiasribeiraopreto.com.br\/index.php\/2025\/01\/11\/atleta-olimpico-salva-jovem-de-afogamento-veja-video\/","url_meta":{"origin":90880,"position":1},"title":"Atleta ol\u00edmpico salva jovem\u00a0de\u00a0afogamento; veja v\u00eddeo","author":"noticiasribeiraopreto.com.br","date":"11 de January de 2025","format":false,"excerpt":"O atleta brasileiro de kitsurf, Bruno Lobo, salvou a vida de uma adolescente que estava em afogamento na Praia do Olho d\u2019\u00c1gua, em S\u00e3o Lu\u00eds. Um v\u00eddeo, gravado pelo pr\u00f3prio Bruno, registra o momento do resgate. Na filmagem, \u00e9 poss\u00edvel ver o kitesurfista levando a jovem at\u00e9 a areia, onde\u2026","rel":"","context":"In &quot;Not\u00edcias de Ribeir\u00e3o Preto-SP e Regi\u00e3o&quot;","block_context":{"text":"Not\u00edcias de Ribeir\u00e3o Preto-SP e Regi\u00e3o","link":"https:\/\/noticiasribeiraopreto.com.br\/index.php\/category\/noticias-de-ribeirao-preto-sp-e-regiao-ismael-colosi\/"},"img":{"alt_text":"","src":"https:\/\/i0.wp.com\/noticiasribeiraopreto.com.br\/wp-content\/uploads\/2025\/01\/Copia-de-Copia-de-Copia-de-TAMANHO-EXATO-PARA-FOTOS-NO-SISTEMA-NOVO-2025-01-11T162718.484_2025-01-11_19-40-29_png_2025-01-11_19-40-29.webp.webp?fit=1200%2C675&ssl=1&resize=350%2C200","width":350,"height":200,"srcset":"https:\/\/i0.wp.com\/noticiasribeiraopreto.com.br\/wp-content\/uploads\/2025\/01\/Copia-de-Copia-de-Copia-de-TAMANHO-EXATO-PARA-FOTOS-NO-SISTEMA-NOVO-2025-01-11T162718.484_2025-01-11_19-40-29_png_2025-01-11_19-40-29.webp.webp?fit=1200%2C675&ssl=1&resize=350%2C200 1x, https:\/\/i0.wp.com\/noticiasribeiraopreto.com.br\/wp-content\/uploads\/2025\/01\/Copia-de-Copia-de-Copia-de-TAMANHO-EXATO-PARA-FOTOS-NO-SISTEMA-NOVO-2025-01-11T162718.484_2025-01-11_19-40-29_png_2025-01-11_19-40-29.webp.webp?fit=1200%2C675&ssl=1&resize=525%2C300 1.5x, https:\/\/i0.wp.com\/noticiasribeiraopreto.com.br\/wp-content\/uploads\/2025\/01\/Copia-de-Copia-de-Copia-de-TAMANHO-EXATO-PARA-FOTOS-NO-SISTEMA-NOVO-2025-01-11T162718.484_2025-01-11_19-40-29_png_2025-01-11_19-40-29.webp.webp?fit=1200%2C675&ssl=1&resize=700%2C400 2x, https:\/\/i0.wp.com\/noticiasribeiraopreto.com.br\/wp-content\/uploads\/2025\/01\/Copia-de-Copia-de-Copia-de-TAMANHO-EXATO-PARA-FOTOS-NO-SISTEMA-NOVO-2025-01-11T162718.484_2025-01-11_19-40-29_png_2025-01-11_19-40-29.webp.webp?fit=1200%2C675&ssl=1&resize=1050%2C600 3x"},"classes":[]},{"id":57532,"url":"https:\/\/noticiasribeiraopreto.com.br\/index.php\/2024\/09\/03\/poste-salva-mae-e-filha-de-acidente-na-regiao-de-ribeirao-veja-video\/","url_meta":{"origin":90880,"position":2},"title":"Poste salva m\u00e3e e filha de acidente na regi\u00e3o de Ribeir\u00e3o; veja v\u00eddeo","author":"noticiasribeiraopreto.com.br","date":"3 de September de 2024","format":false,"excerpt":"Na tarde de segunda-feira (2), m\u00e3e e filha passaram por um susto quando quase foram atingidas por um carro que bateu em um poste. O acidente aconteceu no bairro Jardim S\u00e3o Gabriel, zona Oeste de Franca, no interior de S\u00e3o Paulo. Nas imagens de c\u00e2mera de seguran\u00e7a, \u00e9 poss\u00edvel ver\u2026","rel":"","context":"In &quot;Not\u00edcias de Ribeir\u00e3o Preto-SP e Regi\u00e3o&quot;","block_context":{"text":"Not\u00edcias de Ribeir\u00e3o Preto-SP e Regi\u00e3o","link":"https:\/\/noticiasribeiraopreto.com.br\/index.php\/category\/noticias-de-ribeirao-preto-sp-e-regiao-ismael-colosi\/"},"img":{"alt_text":"","src":"https:\/\/i0.wp.com\/noticiasribeiraopreto.com.br\/wp-content\/uploads\/2024\/09\/acidente-franca_2024-09-03_17-44-37_png_2024-09-03_17-44-37.webp.webp?fit=859%2C484&ssl=1&resize=350%2C200","width":350,"height":200,"srcset":"https:\/\/i0.wp.com\/noticiasribeiraopreto.com.br\/wp-content\/uploads\/2024\/09\/acidente-franca_2024-09-03_17-44-37_png_2024-09-03_17-44-37.webp.webp?fit=859%2C484&ssl=1&resize=350%2C200 1x, https:\/\/i0.wp.com\/noticiasribeiraopreto.com.br\/wp-content\/uploads\/2024\/09\/acidente-franca_2024-09-03_17-44-37_png_2024-09-03_17-44-37.webp.webp?fit=859%2C484&ssl=1&resize=525%2C300 1.5x, https:\/\/i0.wp.com\/noticiasribeiraopreto.com.br\/wp-content\/uploads\/2024\/09\/acidente-franca_2024-09-03_17-44-37_png_2024-09-03_17-44-37.webp.webp?fit=859%2C484&ssl=1&resize=700%2C400 2x"},"classes":[]},{"id":6441,"url":"https:\/\/noticiasribeiraopreto.com.br\/index.php\/2023\/11\/25\/filho-salva-a-mae-de-grave-acidente-domestico-com-atitude-que-tomou-para-evitar-que-o-pior-acontecesse\/","url_meta":{"origin":90880,"position":3},"title":"Filho salva a m\u00e3e de grave acidente dom\u00e9stico com atitude que tomou para evitar que o pior acontecesse","author":"noticiasribeiraopreto.com.br","date":"25 de November de 2023","format":false,"excerpt":"Um menino de apenas 10 anos de idade salvou a vida da pr\u00f3pria m\u00e3e ap\u00f3s ter se lembrado dos ensinamentos que adquiriu durante uma aula.Jos\u00e9 Gabriel Gomes Botelho conseguiu agir com rapidez para salvar a servidora p\u00fablica Lucirene Gomes Botelho, que estava sendo eletrocutada.Ao ser entrevistado por um canal de\u2026","rel":"","context":"In &quot;Blog&quot;","block_context":{"text":"Blog","link":"https:\/\/noticiasribeiraopreto.com.br\/index.php\/category\/blog\/"},"img":{"alt_text":"","src":"https:\/\/i0.wp.com\/noticiasribeiraopreto.com.br\/wp-content\/uploads\/2023\/11\/postimg-656281d6e60e83219.jpg?fit=1200%2C628&ssl=1&resize=350%2C200","width":350,"height":200,"srcset":"https:\/\/i0.wp.com\/noticiasribeiraopreto.com.br\/wp-content\/uploads\/2023\/11\/postimg-656281d6e60e83219.jpg?fit=1200%2C628&ssl=1&resize=350%2C200 1x, https:\/\/i0.wp.com\/noticiasribeiraopreto.com.br\/wp-content\/uploads\/2023\/11\/postimg-656281d6e60e83219.jpg?fit=1200%2C628&ssl=1&resize=525%2C300 1.5x, https:\/\/i0.wp.com\/noticiasribeiraopreto.com.br\/wp-content\/uploads\/2023\/11\/postimg-656281d6e60e83219.jpg?fit=1200%2C628&ssl=1&resize=700%2C400 2x, https:\/\/i0.wp.com\/noticiasribeiraopreto.com.br\/wp-content\/uploads\/2023\/11\/postimg-656281d6e60e83219.jpg?fit=1200%2C628&ssl=1&resize=1050%2C600 3x"},"classes":[]},{"id":65027,"url":"https:\/\/noticiasribeiraopreto.com.br\/index.php\/2025\/03\/14\/jornal-da-franca-ta-calor-ne-saiba-como-reduzir-os-efeitos-desses-dias-mais-quentes-nos-bebes\/","url_meta":{"origin":90880,"position":4},"title":"Jornal da Franca &#8211; T\u00e1 calor n\u00e9? Saiba como reduzir os efeitos desses dias mais quentes nos beb\u00eas","author":"noticiasribeiraopreto.com.br","date":"14 de March de 2025","format":false,"excerpt":"compartilhar no whatsapp compartilhar no telegram compartilhar no facebook compartilhar no linkedin Uma d\u00favida que pode surgir na cabe\u00e7a de muitos pais de beb\u00eas \u00e9 como amenizar o calor sem causar impactos Nesses dias de dias de calor, que t\u00eam sido comuns em Franca, uma d\u00favida que pode surgir na\u2026","rel":"","context":"In &quot;Not\u00edcias de Franca-SP&quot;","block_context":{"text":"Not\u00edcias de Franca-SP","link":"https:\/\/noticiasribeiraopreto.com.br\/index.php\/category\/noticias-de-ribeirao-preto-sp-e-regiao-ismael-colosi\/noticias-franca-sp\/"},"img":{"alt_text":"","src":"https:\/\/i0.wp.com\/noticiasribeiraopreto.com.br\/wp-content\/uploads\/2025\/03\/bebe-na-piscina-freepik-scaled.jpg?fit=1200%2C762&ssl=1&resize=350%2C200","width":350,"height":200,"srcset":"https:\/\/i0.wp.com\/noticiasribeiraopreto.com.br\/wp-content\/uploads\/2025\/03\/bebe-na-piscina-freepik-scaled.jpg?fit=1200%2C762&ssl=1&resize=350%2C200 1x, https:\/\/i0.wp.com\/noticiasribeiraopreto.com.br\/wp-content\/uploads\/2025\/03\/bebe-na-piscina-freepik-scaled.jpg?fit=1200%2C762&ssl=1&resize=525%2C300 1.5x, https:\/\/i0.wp.com\/noticiasribeiraopreto.com.br\/wp-content\/uploads\/2025\/03\/bebe-na-piscina-freepik-scaled.jpg?fit=1200%2C762&ssl=1&resize=700%2C400 2x, https:\/\/i0.wp.com\/noticiasribeiraopreto.com.br\/wp-content\/uploads\/2025\/03\/bebe-na-piscina-freepik-scaled.jpg?fit=1200%2C762&ssl=1&resize=1050%2C600 3x"},"classes":[]},{"id":68893,"url":"https:\/\/noticiasribeiraopreto.com.br\/index.php\/2025\/04\/30\/veja-como-fica-o-tempo-na-vespera-e-no-feriado-de-1-de-maio-em-ribeirao-preto\/","url_meta":{"origin":90880,"position":5},"title":"Veja como fica o tempo na v\u00e9spera e no feriado de 1\u00b0 de maio em Ribeir\u00e3o Preto","author":"noticiasribeiraopreto.com.br","date":"30 de April de 2025","format":false,"excerpt":"As manh\u00e3s seguem mais frias e as tardes t\u00eam aquecimento gradual com a presen\u00e7a do sol nos pr\u00f3ximos dias, segundo a Climatempo. Confira a previs\u00e3o: A quarta-feira (30) tem predom\u00ednio de sol em Ribeir\u00e3o Preto, com algumas nuvens altas. N\u00e3o h\u00e1 previs\u00e3o de chuva e a m\u00e1xima pode atingir os\u2026","rel":"","context":"In &quot;Not\u00edcias de Ribeir\u00e3o Preto-SP e Regi\u00e3o&quot;","block_context":{"text":"Not\u00edcias de Ribeir\u00e3o Preto-SP e Regi\u00e3o","link":"https:\/\/noticiasribeiraopreto.com.br\/index.php\/category\/noticias-de-ribeirao-preto-sp-e-regiao-ismael-colosi\/"},"img":{"alt_text":"","src":"https:\/\/i0.wp.com\/noticiasribeiraopreto.com.br\/wp-content\/uploads\/2025\/04\/RIBEIRAO_2025-04-30_10-58-49.webp.webp?fit=1200%2C736&ssl=1&resize=350%2C200","width":350,"height":200,"srcset":"https:\/\/i0.wp.com\/noticiasribeiraopreto.com.br\/wp-content\/uploads\/2025\/04\/RIBEIRAO_2025-04-30_10-58-49.webp.webp?fit=1200%2C736&ssl=1&resize=350%2C200 1x, https:\/\/i0.wp.com\/noticiasribeiraopreto.com.br\/wp-content\/uploads\/2025\/04\/RIBEIRAO_2025-04-30_10-58-49.webp.webp?fit=1200%2C736&ssl=1&resize=525%2C300 1.5x, https:\/\/i0.wp.com\/noticiasribeiraopreto.com.br\/wp-content\/uploads\/2025\/04\/RIBEIRAO_2025-04-30_10-58-49.webp.webp?fit=1200%2C736&ssl=1&resize=700%2C400 2x, https:\/\/i0.wp.com\/noticiasribeiraopreto.com.br\/wp-content\/uploads\/2025\/04\/RIBEIRAO_2025-04-30_10-58-49.webp.webp?fit=1200%2C736&ssl=1&resize=1050%2C600 3x"},"classes":[]}],"jetpack_sharing_enabled":true,"jetpack_shortlink":"https:\/\/wp.me\/peQAOb-nDO","jetpack_featured_media_url":"https:\/\/i0.wp.com\/noticiasribeiraopreto.com.br\/wp-content\/uploads\/2026\/09\/01-set-2026-bebeengasgado.jpg?fit=933%2C525&ssl=1","_links":{"self":[{"href":"https:\/\/noticiasribeiraopreto.com.br\/index.php\/wp-json\/wp\/v2\/posts\/90880","targetHints":{"allow":["GET"]}}],"collection":[{"href":"https:\/\/noticiasribeiraopreto.com.br\/index.php\/wp-json\/wp\/v2\/posts"}],"about":[{"href":"https:\/\/noticiasribeiraopreto.com.br\/index.php\/wp-json\/wp\/v2\/types\/post"}],"author":[{"embeddable":true,"href":"https:\/\/noticiasribeiraopreto.com.br\/index.php\/wp-json\/wp\/v2\/users\/1"}],"replies":[{"embeddable":true,"href":"https:\/\/noticiasribeiraopreto.com.br\/index.php\/wp-json\/wp\/v2\/comments?post=90880"}],"version-history":[{"count":0,"href":"https:\/\/noticiasribeiraopreto.com.br\/index.php\/wp-json\/wp\/v2\/posts\/90880\/revisions"}],"wp:featuredmedia":[{"embeddable":true,"href":"https:\/\/noticiasribeiraopreto.com.br\/index.php\/wp-json\/wp\/v2\/media\/90881"}],"wp:attachment":[{"href":"https:\/\/noticiasribeiraopreto.com.br\/index.php\/wp-json\/wp\/v2\/media?parent=90880"}],"wp:term":[{"taxonomy":"category","embeddable":true,"href":"https:\/\/noticiasribeiraopreto.com.br\/index.php\/wp-json\/wp\/v2\/categories?post=90880"},{"taxonomy":"post_tag","embeddable":true,"href":"https:\/\/noticiasribeiraopreto.com.br\/index.php\/wp-json\/wp\/v2\/tags?post=90880"}],"curies":[{"name":"wp","href":"https:\/\/api.w.org\/{rel}","templated":true}]}}