{"id":90882,"date":"2026-09-01T11:17:19","date_gmt":"2026-09-01T14:17:19","guid":{"rendered":"https:\/\/noticiasribeiraopreto.com.br\/index.php\/2026\/09\/01\/acusado-envolvimento-morte-empresario-preso-ribeirao-preto\/"},"modified":"2026-09-01T11:17:19","modified_gmt":"2026-09-01T14:17:19","slug":"acusado-envolvimento-morte-empresario-preso-ribeirao-preto","status":"publish","type":"post","link":"https:\/\/noticiasribeiraopreto.com.br\/index.php\/2026\/09\/01\/acusado-envolvimento-morte-empresario-preso-ribeirao-preto\/","title":{"rendered":"Acusado de envolvimento na morte de empres\u00e1rio \u00e9 preso em Ribeir\u00e3o Preto"},"content":{"rendered":"<div class='code-block code-block-1' style='margin: 8px 0 8px auto; text-align: right; display: block; clear: both;'>\n<p><a href=\"https:\/\/wa.link\/vpicfd\"><img data-recalc-dims=\"1\" class=\"wp-image-4922\" style=\"aspect-ratio: 2.0253164556962027; width: 561px; height: auto;\" src=\"https:\/\/i0.wp.com\/ismaelcolosi.com.br\/wp-content\/uploads\/2023\/11\/grupo-de-empregos-whatsapp-e-facebook-ismael-colosi-vagas.jpg?ssl=1\" alt=\"\" \/><\/a><\/p>\n<!-- \/wp:image -->\n<\/div>\n<p> <br \/>\n<\/p>\n<p>Foi preso nesta ter\u00e7a-feira (1\u00ba de setembro) um dos homens acusados de envolvimento na morte do empres\u00e1rio <strong>Paulo de Tarso Vallini<\/strong>, de 69 anos. O crime aconteceu na <strong>Vila Seixas<\/strong>, na zona Sul de Ribeir\u00e3o Preto, no dia 13 de agosto. Jonas Matheus Campos Isac, conhecido como Joninha, de 19 anos, se entregou para a pol\u00edcia.\u00a0<\/p>\n<div class=\"wp-block-rank-math-toc-block\" id=\"rank-math-toc\">\n<nav>\n<ul>\n<li class=\"\">Acusado nega participa\u00e7\u00e3o<\/li>\n<li class=\"\">Perseguido pelos criminosos<\/li>\n<li class=\"\">Autor dos disparos<\/li>\n<li class=\"\">O crime<\/li>\n<\/ul>\n<\/nav>\n<\/div>\n<p class=\"has-cyan-bluish-gray-background-color has-background\"><em>Receba not\u00edcias do\u00a0<strong>acidade on Ribeir\u00e3o\u00a0<\/strong>no WhatsApp e fique por dentro de tudo! Basta acessar o link<a href=\"https:\/\/chat.whatsapp.com\/DfXwcjKVIddHUT3BvnQuPZ?mode=hqctshi\" target=\"_blank\" rel=\"noreferrer noopener\">\u00a0aqui<\/a>!<\/em><\/p>\n<h2 class=\"wp-block-heading\" id=\"acusado-nega-participacao\"><strong>Acusado nega participa\u00e7\u00e3o<\/strong><\/h2>\n<p>Ele estava acompanhado do advogado de defesa e era considerado foragido da Justi\u00e7a desde a semana passada, quando teve a pris\u00e3o tempor\u00e1ria decretada pelo envolvimento no latroc\u00ednio do empres\u00e1rio. A defesa do suspeito negou \u00e0<strong> EPTV <\/strong>que o Joninha estivesse na cena do crime.<\/p>\n<blockquote class=\"wp-block-quote is-layout-flow wp-block-quote-is-layout-flow\">\n<p>\u201cInicialmente, ele se disse inocente e que n\u00e3o tem envolvimento nem com o ve\u00edculo, mas n\u00f3s temos provas que ele est\u00e1 mentindo\u201d, disse o delegado Jos\u00e9 Carvalho de Ara\u00fajo Junior, da Deic (<strong>Divis\u00e3o Especializada de Investiga\u00e7\u00f5es Criminai<\/strong>l)<\/p>\n<\/blockquote>\n<p>De acordo com a pol\u00edcia, a investiga\u00e7\u00e3o realizada pela DIG (Delegacia de Investiga\u00e7\u00f5es Gerais) chegou ao piloto ap\u00f3s a an\u00e1lise de imagens de c\u00e2meras de seguran\u00e7a instaladas em diferentes pontos da cidade.<\/p>\n<p>\u201cA an\u00e1lise integrada desses elementos permitiu reconstituir a din\u00e2mica da a\u00e7\u00e3o criminosa, identificar o trajeto percorrido pelos autores e individualizar a motocicleta utilizada no delito\u201d, informou a Pol\u00edcia Civil em nota.<\/p>\n<figure class=\"wp-block-gallery has-nested-images columns-default is-cropped wp-block-gallery-1 is-layout-flex wp-block-gallery-is-layout-flex\">\n<figure class=\"wp-block-image size-large\"><figcaption class=\"wp-element-caption\">Empres\u00e1rio foi morto no dia 13 \u2013 Foto: Reprodu\u00e7\u00e3o\/EPTV<\/figcaption><\/figure>\n<\/figure>\n<h2 class=\"wp-block-heading\" id=\"perseguido-pelos-criminosos\">Perseguido pelos criminosos<\/h2>\n<p>As investiga\u00e7\u00f5es demonstraram que Paulo de Tarso Vallini deixou sua oficina e, durante o deslocamento at\u00e9 sua resid\u00eancia, foi seguido pelos criminosos ao longo de todo o percurso. Ao chegar ao im\u00f3vel, o empres\u00e1rio foi abordado. Durante a a\u00e7\u00e3o, um dos criminosos efetuou um disparo de arma de fogo, provocando a morte da v\u00edtima.<\/p>\n<p>A pol\u00edcia identificou caracter\u00edsticas particulares da moto, que foram confrontadas com as imagens obtidas ao longo do trajeto.<\/p>\n<p>A partir do trabalho investigativo, foi poss\u00edvel identificar Jonas Matheus Campos Isac como o piloto do ve\u00edculo. Segundo a pol\u00edcia, o suspeito possui registros anteriores por atos infracionais praticados durante a adolesc\u00eancia, inclusive por condutas violentas.<\/p>\n<p><strong>Leia mais:<\/strong><br \/>Com chegada de frente fria, Ribeir\u00e3o pode ter m\u00ednima invertida; Veja previs\u00e3o<\/p>\n<h2 class=\"wp-block-heading\" id=\"autor-dos-disparos\"><strong>Autor dos disparos<\/strong><\/h2>\n<p>Na \u00faltima quarta-feira (26), o delegado Andr\u00e9 Baldochi disse que a pol\u00edcia est\u00e1 pr\u00f3xima de identificar o autor do disparo que matou o empres\u00e1rio Paulo de Tarso Vallini. Segundo Baldochi, a pol\u00edcia segue em dilig\u00eancias para identificar o atirador.\u00a0<\/p>\n<blockquote class=\"wp-block-quote is-layout-flow wp-block-quote-is-layout-flow\">\n<p>\u201cN\u00f3s j\u00e1 temos algumas suspeitas. O que nos falta s\u00e3o elementos fortes de prova para que a gente possa pedir o mandado de pris\u00e3o em rela\u00e7\u00e3o a ele. Mas n\u00f3s estamos caminhando nesse sentido. Ainda n\u00e3o terminamos a investiga\u00e7\u00e3o\u201d, disse.<\/p>\n<\/blockquote>\n<p>Em entrevista, o delegado afirmou que as investiga\u00e7\u00f5es conclu\u00edram que o caso se trata de um latroc\u00ednio (roubo seguido de morte), e n\u00e3o de execu\u00e7\u00e3o. \u201cRestou claro que se trata de um latroc\u00ednio. Ele n\u00e3o chegou atirando, o que, de certa forma, afasta [a hip\u00f3tese de execu\u00e7\u00e3o]. Primeiro ele abordou e, somente ap\u00f3s uma breve rea\u00e7\u00e3o da v\u00edtima, \u00e9 que efetuou disparos\u201d, explicou.<\/p>\n<h2 class=\"wp-block-heading\" id=\"o-crime\"><strong>O crime<\/strong><\/h2>\n<p>Paulo de Tarso Vallini foi surpreendido por dois homens que estavam em uma motocicleta quando entrava de carro em uma resid\u00eancia na rua Guimar\u00e3es Passos, na Vila Seixas, no dia 13 de agosto. Os criminosos efetuaram pelo menos tr\u00eas disparos e fugiram.<\/p>\n<p>Segundo a investiga\u00e7\u00e3o, Vallini estava com correntes de ouro e um rel\u00f3gio de luxo no momento do crime. Os objetos foram encontrados com a v\u00edtima.<\/p>\n<figure class=\"wp-block-gallery has-nested-images columns-default is-cropped wp-block-gallery-2 is-layout-flex wp-block-gallery-is-layout-flex\">\n<figure class=\"wp-block-image size-large\"><img data-recalc-dims=\"1\" loading=\"lazy\" decoding=\"async\" width=\"984\" height=\"616\" data-id=\"170682\" src=\"https:\/\/i0.wp.com\/www.acidadeon.com\/ribeiraopreto\/wp-content\/uploads\/sites\/3\/2026\/08\/image-84.png?resize=984%2C616&#038;ssl=1\" alt=\"image 84\" class=\"wp-image-170682\" title=\"Acusado de envolvimento na morte de empres\u00e1rio \u00e9 preso em Ribeir\u00e3o Preto 2\"><figcaption class=\"wp-element-caption\">Foto: reprodu\u00e7\u00e3o\/C\u00e2mera de seguran\u00e7a<\/figcaption><\/figure>\n<figure class=\"wp-block-image size-large\"><img data-recalc-dims=\"1\" loading=\"lazy\" decoding=\"async\" width=\"984\" height=\"637\" data-id=\"170683\" src=\"https:\/\/i0.wp.com\/www.acidadeon.com\/ribeiraopreto\/wp-content\/uploads\/sites\/3\/2026\/08\/image-85.png?resize=984%2C637&#038;ssl=1\" alt=\"image 85\" class=\"wp-image-170683\" title=\"Acusado de envolvimento na morte de empres\u00e1rio \u00e9 preso em Ribeir\u00e3o Preto 3\"><figcaption class=\"wp-element-caption\">Foto: reprodu\u00e7\u00e3o\/EPTV<\/figcaption><\/figure>\n<figure class=\"wp-block-image size-large\"><img data-recalc-dims=\"1\" loading=\"lazy\" decoding=\"async\" width=\"984\" height=\"637\" data-id=\"170684\" src=\"https:\/\/i0.wp.com\/www.acidadeon.com\/ribeiraopreto\/wp-content\/uploads\/sites\/3\/2026\/08\/image-86.png?resize=984%2C637&#038;ssl=1\" alt=\"image 86\" class=\"wp-image-170684\" title=\"Acusado de envolvimento na morte de empres\u00e1rio \u00e9 preso em Ribeir\u00e3o Preto 4\"><figcaption class=\"wp-element-caption\">Foto: reprodu\u00e7\u00e3o\/EPTV<\/figcaption><\/figure>\n<figure class=\"wp-block-image size-large\"><img data-recalc-dims=\"1\" loading=\"lazy\" decoding=\"async\" width=\"1024\" height=\"576\" data-id=\"170671\" src=\"https:\/\/i0.wp.com\/www.acidadeon.com\/ribeiraopreto\/wp-content\/uploads\/sites\/3\/2026\/08\/IDOSO-MORTO-1024x576.jpg?resize=1024%2C576&#038;ssl=1\" alt=\"acusado\" class=\"wp-image-170671\" title=\"Acusado de envolvimento na morte de empres\u00e1rio \u00e9 preso em Ribeir\u00e3o Preto 5\"><figcaption class=\"wp-element-caption\">Idoso de 69 anos morre baleado em Ribeir\u00e3o Preto \u2013 Foto: C\u00e2mera de seguran\u00e7a.<\/figcaption><\/figure>\n<\/figure>\n<p class=\"has-cyan-bluish-gray-background-color has-background\"><em>Fa\u00e7a uma den\u00fancia ou sugira uma reportagem sobre\u00a0<strong>Ribeir\u00e3o Preto\u00a0<\/strong>e regi\u00e3o por meio do WhatsApp do\u00a0<strong>acidade on Ribeir\u00e3o<\/strong>: (16) 99117-7802.<\/em><\/p>\n<p>O post Acusado de envolvimento na morte de empres\u00e1rio \u00e9 preso em Ribeir\u00e3o Preto apareceu primeiro em ACidade ON Ribeir\u00e3o Preto.<\/p>\n<p><br \/>\n<br \/><a href=\"https:\/\/www.acidadeon.com\/ribeiraopreto\/cotidiano\/acusado-envolvimento-morte-empresario-preso-ribeirao-preto\/\">Link para o texto original aqui <\/a><\/p>\n<!-- CONTENT END 1 -->\n","protected":false},"excerpt":{"rendered":"<p>Foi preso nesta ter\u00e7a-feira (1\u00ba de setembro) um dos homens acusados de envolvimento na morte do empres\u00e1rio Paulo de Tarso Vallini, de 69 anos. O&#8230;<\/p>\n","protected":false},"author":1,"featured_media":90883,"comment_status":"","ping_status":"","sticky":false,"template":"","format":"standard","meta":{"advanced_seo_description":"","jetpack_seo_html_title":"","jetpack_seo_noindex":false,"jetpack_seo_schema_type":"","_jetpack_newsletter_access":"","_jetpack_dont_email_post_to_subs":false,"_jetpack_newsletter_tier_id":0,"_jetpack_memberships_contains_paywalled_content":false,"_jetpack_feature_clip_id":0,"_jetpack_memberships_contains_paid_content":false,"footnotes":"","jetpack_publicize_message":"","jetpack_publicize_feature_enabled":true,"jetpack_social_post_already_shared":true,"jetpack_social_options":{"image_generator_settings":{"template":"highway","default_image_id":0,"font":"","enabled":false},"version":2},"jetpack_post_was_ever_published":false},"categories":[11],"tags":[637,23,6314,558,36,27,26],"class_list":["post-90882","post","type-post","status-publish","format-standard","has-post-thumbnail","hentry","category-noticias-de-ribeirao-preto-sp-e-regiao-ismael-colosi","tag-acusado","tag-empresario","tag-envolvimento","tag-morte","tag-preso","tag-preto","tag-ribeirao"],"jetpack_publicize_connections":[],"jetpack-related-posts":[{"id":76035,"url":"https:\/\/noticiasribeiraopreto.com.br\/index.php\/2025\/08\/21\/suspeito-nega-envolvimento-em-mortes-de-tio-e-advogada-na-regiao-de-ribeirao\/","url_meta":{"origin":90882,"position":0},"title":"Suspeito nega envolvimento em mortes de tio e advogada na regi\u00e3o de Ribeir\u00e3o","author":"noticiasribeiraopreto.com.br","date":"21 de August de 2025","format":false,"excerpt":"Bruno Carlos Orioli, suspeito de envolvimento nas mortes do tio, Rog\u00e9rio Salom\u00e3o, e da advogada Lilian Cl\u00e1udia Jorge, afirma que n\u00e3o estava no local no momento do crime. O caso ocorreu em outubro do ano passado, em Jardin\u00f3polis, na regi\u00e3o de Ribeir\u00e3o Preto. Ele, o pai, Carlos Alberto Orioli Salom\u00e3o,\u2026","rel":"","context":"In &quot;Not\u00edcias de Ribeir\u00e3o Preto-SP e Regi\u00e3o&quot;","block_context":{"text":"Not\u00edcias de Ribeir\u00e3o Preto-SP e Regi\u00e3o","link":"https:\/\/noticiasribeiraopreto.com.br\/index.php\/category\/noticias-de-ribeirao-preto-sp-e-regiao-ismael-colosi\/"},"img":{"alt_text":"","src":"https:\/\/i0.wp.com\/noticiasribeiraopreto.com.br\/wp-content\/uploads\/2025\/08\/WhatsApp-Image-2024-10-30-at-12.05.07_2024-10-30_15-06-48_jpeg_2024-10-30_15-06-48.webp.webp?fit=1200%2C997&ssl=1&resize=350%2C200","width":350,"height":200,"srcset":"https:\/\/i0.wp.com\/noticiasribeiraopreto.com.br\/wp-content\/uploads\/2025\/08\/WhatsApp-Image-2024-10-30-at-12.05.07_2024-10-30_15-06-48_jpeg_2024-10-30_15-06-48.webp.webp?fit=1200%2C997&ssl=1&resize=350%2C200 1x, https:\/\/i0.wp.com\/noticiasribeiraopreto.com.br\/wp-content\/uploads\/2025\/08\/WhatsApp-Image-2024-10-30-at-12.05.07_2024-10-30_15-06-48_jpeg_2024-10-30_15-06-48.webp.webp?fit=1200%2C997&ssl=1&resize=525%2C300 1.5x, https:\/\/i0.wp.com\/noticiasribeiraopreto.com.br\/wp-content\/uploads\/2025\/08\/WhatsApp-Image-2024-10-30-at-12.05.07_2024-10-30_15-06-48_jpeg_2024-10-30_15-06-48.webp.webp?fit=1200%2C997&ssl=1&resize=700%2C400 2x, https:\/\/i0.wp.com\/noticiasribeiraopreto.com.br\/wp-content\/uploads\/2025\/08\/WhatsApp-Image-2024-10-30-at-12.05.07_2024-10-30_15-06-48_jpeg_2024-10-30_15-06-48.webp.webp?fit=1200%2C997&ssl=1&resize=1050%2C600 3x"},"classes":[]},{"id":32669,"url":"https:\/\/noticiasribeiraopreto.com.br\/index.php\/2024\/01\/26\/acusado-por-morte-de-engenheiro-em-ribeirao-preto-diz-que-crime-foi-acidental\/","url_meta":{"origin":90882,"position":1},"title":"Acusado por morte de engenheiro em Ribeir\u00e3o Preto diz que crime foi acidental","author":"noticiasribeiraopreto.com.br","date":"26 de January de 2024","format":false,"excerpt":"O segundo acusado pelo envolvimento na morte do engenheiro Paulo Roberto Carvalho Pena Braga Filho, disse ao chegar na delegacia em Ribeir\u00e3o Preto que o crime foi acidental. Marcelo Fernandes da Fonseca foi preso em Diadema, na Grande S\u00e3o Paulo, na manh\u00e3 desta quinta-feira (25). Ao chegar na CPJ (Central\u2026","rel":"","context":"In &quot;Not\u00edcias de Ribeir\u00e3o Preto-SP e Regi\u00e3o&quot;","block_context":{"text":"Not\u00edcias de Ribeir\u00e3o Preto-SP e Regi\u00e3o","link":"https:\/\/noticiasribeiraopreto.com.br\/index.php\/category\/noticias-de-ribeirao-preto-sp-e-regiao-ismael-colosi\/"},"img":{"alt_text":"","src":"https:\/\/i0.wp.com\/noticiasribeiraopreto.com.br\/wp-content\/uploads\/2024\/01\/marcelo-fernandes-scaled.jpeg?fit=1200%2C900&ssl=1&resize=350%2C200","width":350,"height":200,"srcset":"https:\/\/i0.wp.com\/noticiasribeiraopreto.com.br\/wp-content\/uploads\/2024\/01\/marcelo-fernandes-scaled.jpeg?fit=1200%2C900&ssl=1&resize=350%2C200 1x, https:\/\/i0.wp.com\/noticiasribeiraopreto.com.br\/wp-content\/uploads\/2024\/01\/marcelo-fernandes-scaled.jpeg?fit=1200%2C900&ssl=1&resize=525%2C300 1.5x, https:\/\/i0.wp.com\/noticiasribeiraopreto.com.br\/wp-content\/uploads\/2024\/01\/marcelo-fernandes-scaled.jpeg?fit=1200%2C900&ssl=1&resize=700%2C400 2x, https:\/\/i0.wp.com\/noticiasribeiraopreto.com.br\/wp-content\/uploads\/2024\/01\/marcelo-fernandes-scaled.jpeg?fit=1200%2C900&ssl=1&resize=1050%2C600 3x"},"classes":[]},{"id":77870,"url":"https:\/\/noticiasribeiraopreto.com.br\/index.php\/2025\/09\/27\/video-mostra-prisao-de-acusado-de-envolvimento-em-assalto-em-predio-no-centro-de-ribeirao-preto\/","url_meta":{"origin":90882,"position":2},"title":"V\u00eddeo mostra pris\u00e3o de acusado de envolvimento em assalto em pr\u00e9dio no Centro de Ribeir\u00e3o Preto","author":"noticiasribeiraopreto.com.br","date":"27 de September de 2025","format":false,"excerpt":"A Pol\u00edcia Civil revelou imagens que mostram a pris\u00e3o de Carlos Alberto da Silva, de 44 anos, acusado de envolvimento no assalto a um pr\u00e9dio residencial no Centro de Ribeir\u00e3o Preto. A pris\u00e3o aconteceu no Jardim Jo\u00e3o Rossi, na zona Sul, na noite de sexta-feira (26). Ver essa foto no\u2026","rel":"","context":"In &quot;Not\u00edcias de Ribeir\u00e3o Preto-SP e Regi\u00e3o&quot;","block_context":{"text":"Not\u00edcias de Ribeir\u00e3o Preto-SP e Regi\u00e3o","link":"https:\/\/noticiasribeiraopreto.com.br\/index.php\/category\/noticias-de-ribeirao-preto-sp-e-regiao-ismael-colosi\/"},"img":{"alt_text":"","src":"https:\/\/i0.wp.com\/noticiasribeiraopreto.com.br\/wp-content\/uploads\/2025\/09\/prisao-apartamento_2025-09-27_14-08-38.webp.webp?fit=1200%2C829&ssl=1&resize=350%2C200","width":350,"height":200,"srcset":"https:\/\/i0.wp.com\/noticiasribeiraopreto.com.br\/wp-content\/uploads\/2025\/09\/prisao-apartamento_2025-09-27_14-08-38.webp.webp?fit=1200%2C829&ssl=1&resize=350%2C200 1x, https:\/\/i0.wp.com\/noticiasribeiraopreto.com.br\/wp-content\/uploads\/2025\/09\/prisao-apartamento_2025-09-27_14-08-38.webp.webp?fit=1200%2C829&ssl=1&resize=525%2C300 1.5x, https:\/\/i0.wp.com\/noticiasribeiraopreto.com.br\/wp-content\/uploads\/2025\/09\/prisao-apartamento_2025-09-27_14-08-38.webp.webp?fit=1200%2C829&ssl=1&resize=700%2C400 2x, https:\/\/i0.wp.com\/noticiasribeiraopreto.com.br\/wp-content\/uploads\/2025\/09\/prisao-apartamento_2025-09-27_14-08-38.webp.webp?fit=1200%2C829&ssl=1&resize=1050%2C600 3x"},"classes":[]},{"id":77027,"url":"https:\/\/noticiasribeiraopreto.com.br\/index.php\/2025\/09\/10\/empresario-acusado-de-homicidio-em-cravinhos-sera-julgado-por-morte-em-mg\/","url_meta":{"origin":90882,"position":3},"title":"Empres\u00e1rio acusado de homic\u00eddio em Cravinhos ser\u00e1 julgado por morte em MG","author":"noticiasribeiraopreto.com.br","date":"10 de September de 2025","format":false,"excerpt":"O empres\u00e1rio Marlon Couto Paula J\u00fanior ser\u00e1 julgado nesta quarta-feira (10), em Uberaba (MG), pela morte de Daniel Rodrigues da Silva, que foi atropelado enquanto trabalhava em uma rodovia, em dezembro de 2022. Marlon, que est\u00e1 foragido, tamb\u00e9m \u00e9 acusado de matar o empres\u00e1rio Nelson Carreira Filho, em Cravinhos, na\u2026","rel":"","context":"In &quot;Not\u00edcias de Ribeir\u00e3o Preto-SP e Regi\u00e3o&quot;","block_context":{"text":"Not\u00edcias de Ribeir\u00e3o Preto-SP e Regi\u00e3o","link":"https:\/\/noticiasribeiraopreto.com.br\/index.php\/category\/noticias-de-ribeirao-preto-sp-e-regiao-ismael-colosi\/"},"img":{"alt_text":"","src":"https:\/\/i0.wp.com\/noticiasribeiraopreto.com.br\/wp-content\/uploads\/2025\/06\/MARLON-COUTO_2025-05-28_16-15-29.webp.webp?fit=1143%2C824&ssl=1&resize=350%2C200","width":350,"height":200,"srcset":"https:\/\/i0.wp.com\/noticiasribeiraopreto.com.br\/wp-content\/uploads\/2025\/06\/MARLON-COUTO_2025-05-28_16-15-29.webp.webp?fit=1143%2C824&ssl=1&resize=350%2C200 1x, https:\/\/i0.wp.com\/noticiasribeiraopreto.com.br\/wp-content\/uploads\/2025\/06\/MARLON-COUTO_2025-05-28_16-15-29.webp.webp?fit=1143%2C824&ssl=1&resize=525%2C300 1.5x, https:\/\/i0.wp.com\/noticiasribeiraopreto.com.br\/wp-content\/uploads\/2025\/06\/MARLON-COUTO_2025-05-28_16-15-29.webp.webp?fit=1143%2C824&ssl=1&resize=700%2C400 2x, https:\/\/i0.wp.com\/noticiasribeiraopreto.com.br\/wp-content\/uploads\/2025\/06\/MARLON-COUTO_2025-05-28_16-15-29.webp.webp?fit=1143%2C824&ssl=1&resize=1050%2C600 3x"},"classes":[]},{"id":76019,"url":"https:\/\/noticiasribeiraopreto.com.br\/index.php\/2025\/08\/20\/empresario-acusado-de-matar-irmao-e-advogada-em-jardinopolis-e-preso-na-bahia\/","url_meta":{"origin":90882,"position":4},"title":"Empres\u00e1rio acusado de matar irm\u00e3o e advogada em Jardin\u00f3polis \u00e9 preso na Bahia","author":"noticiasribeiraopreto.com.br","date":"20 de August de 2025","format":false,"excerpt":"O empres\u00e1rio Carlos Alberto Orioli Salom\u00e3o, suspeito de matar o irm\u00e3o e uma advogada em outubro do ano passado, em Jardin\u00f3polis, na regi\u00e3o de Ribeir\u00e3o Preto, foi preso nesta quarta-feira (20), no estado da Bahia. Segundo as informa\u00e7\u00f5es, o filho de Carlos, Bruno Carlos Orioli, e o funcion\u00e1rio, Wagner Queiroz\u2026","rel":"","context":"In &quot;Not\u00edcias de Ribeir\u00e3o Preto-SP e Regi\u00e3o&quot;","block_context":{"text":"Not\u00edcias de Ribeir\u00e3o Preto-SP e Regi\u00e3o","link":"https:\/\/noticiasribeiraopreto.com.br\/index.php\/category\/noticias-de-ribeirao-preto-sp-e-regiao-ismael-colosi\/"},"img":{"alt_text":"","src":"https:\/\/i0.wp.com\/noticiasribeiraopreto.com.br\/wp-content\/uploads\/2025\/08\/calos-salomao_2025-08-20_14-43-53.webp.webp?fit=1200%2C720&ssl=1&resize=350%2C200","width":350,"height":200,"srcset":"https:\/\/i0.wp.com\/noticiasribeiraopreto.com.br\/wp-content\/uploads\/2025\/08\/calos-salomao_2025-08-20_14-43-53.webp.webp?fit=1200%2C720&ssl=1&resize=350%2C200 1x, https:\/\/i0.wp.com\/noticiasribeiraopreto.com.br\/wp-content\/uploads\/2025\/08\/calos-salomao_2025-08-20_14-43-53.webp.webp?fit=1200%2C720&ssl=1&resize=525%2C300 1.5x, https:\/\/i0.wp.com\/noticiasribeiraopreto.com.br\/wp-content\/uploads\/2025\/08\/calos-salomao_2025-08-20_14-43-53.webp.webp?fit=1200%2C720&ssl=1&resize=700%2C400 2x, https:\/\/i0.wp.com\/noticiasribeiraopreto.com.br\/wp-content\/uploads\/2025\/08\/calos-salomao_2025-08-20_14-43-53.webp.webp?fit=1200%2C720&ssl=1&resize=1050%2C600 3x"},"classes":[]},{"id":53913,"url":"https:\/\/noticiasribeiraopreto.com.br\/index.php\/2024\/06\/26\/empresario-e-preso-acusado-de-agredir-e-ameacar-a-mulher-na-regiao-de-ribeirao-preto\/","url_meta":{"origin":90882,"position":5},"title":"Empres\u00e1rio \u00e9 preso acusado de agredir e amea\u00e7ar a mulher na regi\u00e3o de Ribeir\u00e3o Preto","author":"noticiasribeiraopreto.com.br","date":"26 de June de 2024","format":false,"excerpt":"Um empres\u00e1rio, de 43 anos, foi preso ap\u00f3s ser denunciado por viol\u00eancia dom\u00e9stica na noite desta segunda-feira (24), em Monte Alto, cidade na regi\u00e3o de Ribeir\u00e3o Preto. De acordo com o boletim de ocorr\u00eancia (BO), equipes da Pol\u00edcia Militar (PM) foram acionadas pela esposa do acusado, ap\u00f3s uma discuss\u00e3o entre\u2026","rel":"","context":"In &quot;Not\u00edcias de Ribeir\u00e3o Preto-SP e Regi\u00e3o&quot;","block_context":{"text":"Not\u00edcias de Ribeir\u00e3o Preto-SP e Regi\u00e3o","link":"https:\/\/noticiasribeiraopreto.com.br\/index.php\/category\/noticias-de-ribeirao-preto-sp-e-regiao-ismael-colosi\/"},"img":{"alt_text":"","src":"https:\/\/i0.wp.com\/noticiasribeiraopreto.com.br\/wp-content\/uploads\/2024\/06\/WhatsApp-Image-2023-12-23-at-12.01.31.jpeg?fit=480%2C245&ssl=1&resize=350%2C200","width":350,"height":200},"classes":[]}],"jetpack_sharing_enabled":true,"jetpack_shortlink":"https:\/\/wp.me\/peQAOb-nDQ","jetpack_featured_media_url":"https:\/\/i0.wp.com\/noticiasribeiraopreto.com.br\/wp-content\/uploads\/2026\/09\/jonas-matheus-campos-isac-joninha.jpeg?fit=1600%2C899&ssl=1","_links":{"self":[{"href":"https:\/\/noticiasribeiraopreto.com.br\/index.php\/wp-json\/wp\/v2\/posts\/90882","targetHints":{"allow":["GET"]}}],"collection":[{"href":"https:\/\/noticiasribeiraopreto.com.br\/index.php\/wp-json\/wp\/v2\/posts"}],"about":[{"href":"https:\/\/noticiasribeiraopreto.com.br\/index.php\/wp-json\/wp\/v2\/types\/post"}],"author":[{"embeddable":true,"href":"https:\/\/noticiasribeiraopreto.com.br\/index.php\/wp-json\/wp\/v2\/users\/1"}],"replies":[{"embeddable":true,"href":"https:\/\/noticiasribeiraopreto.com.br\/index.php\/wp-json\/wp\/v2\/comments?post=90882"}],"version-history":[{"count":0,"href":"https:\/\/noticiasribeiraopreto.com.br\/index.php\/wp-json\/wp\/v2\/posts\/90882\/revisions"}],"wp:featuredmedia":[{"embeddable":true,"href":"https:\/\/noticiasribeiraopreto.com.br\/index.php\/wp-json\/wp\/v2\/media\/90883"}],"wp:attachment":[{"href":"https:\/\/noticiasribeiraopreto.com.br\/index.php\/wp-json\/wp\/v2\/media?parent=90882"}],"wp:term":[{"taxonomy":"category","embeddable":true,"href":"https:\/\/noticiasribeiraopreto.com.br\/index.php\/wp-json\/wp\/v2\/categories?post=90882"},{"taxonomy":"post_tag","embeddable":true,"href":"https:\/\/noticiasribeiraopreto.com.br\/index.php\/wp-json\/wp\/v2\/tags?post=90882"}],"curies":[{"name":"wp","href":"https:\/\/api.w.org\/{rel}","templated":true}]}}