{"id":90884,"date":"2026-09-01T11:34:56","date_gmt":"2026-09-01T14:34:56","guid":{"rendered":"https:\/\/noticiasribeiraopreto.com.br\/index.php\/2026\/09\/01\/adotar-e-transformar-conheca-o-trabalho-do-dr-caopaixao\/"},"modified":"2026-09-01T11:34:56","modified_gmt":"2026-09-01T14:34:56","slug":"adotar-e-transformar-conheca-o-trabalho-do-dr-caopaixao","status":"publish","type":"post","link":"https:\/\/noticiasribeiraopreto.com.br\/index.php\/2026\/09\/01\/adotar-e-transformar-conheca-o-trabalho-do-dr-caopaixao\/","title":{"rendered":"Adotar \u00e9 transformar: conhe\u00e7a o trabalho do Dr. C\u00e3opaix\u00e3o"},"content":{"rendered":"<div class='code-block code-block-1' style='margin: 8px 0 8px auto; text-align: right; display: block; clear: both;'>\n<p><a href=\"https:\/\/wa.link\/vpicfd\"><img data-recalc-dims=\"1\" class=\"wp-image-4922\" style=\"aspect-ratio: 2.0253164556962027; width: 561px; height: auto;\" src=\"https:\/\/i0.wp.com\/ismaelcolosi.com.br\/wp-content\/uploads\/2023\/11\/grupo-de-empregos-whatsapp-e-facebook-ismael-colosi-vagas.jpg?ssl=1\" alt=\"\" \/><\/a><\/p>\n<!-- \/wp:image -->\n<\/div>\n<p> <br \/>\n<\/p>\n<h2 class=\"wp-block-heading\">Adotar \u00e9 transformar: Dr. C\u00e3opaix\u00e3o convida popula\u00e7\u00e3o a apoiar projeto<\/h2>\n<p>A ado\u00e7\u00e3o de um animal pode transformar duas vidas: a de quem recebe um novo companheiro e a de um c\u00e3o que ganha a oportunidade de ter uma fam\u00edlia. Esse foi o recado deixado pela equipe do <strong>Dr. C\u00e3opaix\u00e3o<\/strong> durante participa\u00e7\u00e3o no <strong>Momento da Fam\u00edlia<\/strong>, apresentado por Andr\u00e9a Vitaliano.<\/p>\n<p>A iniciativa refor\u00e7a a import\u00e2ncia de abrir o cora\u00e7\u00e3o para c\u00e3es resgatados e abandonados. Al\u00e9m de receberem uma nova oportunidade, os animais podem levar amor, carinho e alegria para os lares que os acolhem.<\/p>\n<p>Durante a conversa, Andr\u00e9a tamb\u00e9m compartilhou sua experi\u00eancia pessoal com a ado\u00e7\u00e3o. Tutora de Mel, uma cadela adotada, a apresentadora destacou o carinho e a alegria proporcionados pela conviv\u00eancia com um animal resgatado.<\/p>\n<p>Al\u00e9m do trabalho de resgate e incentivo \u00e0 ado\u00e7\u00e3o, o projeto conta atualmente com <strong>16 c\u00e3es terapeutas<\/strong>, que atuam levando acolhimento e contato afetivo para diferentes p\u00fablicos.<\/p>\n<p>A equipe do Dr. C\u00e3opaix\u00e3o tamb\u00e9m convida a comunidade a contribuir com o projeto. Entre as formas de ajuda est\u00e3o doa\u00e7\u00f5es de ra\u00e7\u00e3o e outros recursos necess\u00e1rios para a manuten\u00e7\u00e3o e os cuidados com os animais.<\/p>\n<p>Atualmente, a ONG realiza uma campanha para revitalizar o espa\u00e7o onde os c\u00e3es ficam. Parte da pintura j\u00e1 foi realizada ap\u00f3s a doa\u00e7\u00e3o de tintas, mas o projeto ainda busca apoio para conseguir m\u00e3o de obra e realizar melhorias, como a troca das telhas do local.<\/p>\n<p>A expectativa \u00e9 que, com a revitaliza\u00e7\u00e3o do espa\u00e7o, o projeto possa ampliar suas atividades e receber escolas e crian\u00e7as para conhecer o centro de reabilita\u00e7\u00e3o e os c\u00e3es que fazem parte da iniciativa.<\/p>\n<p>A mensagem final \u00e9 um convite para que mais pessoas conhe\u00e7am e apoiem a causa. Seja por meio da ado\u00e7\u00e3o, da doa\u00e7\u00e3o ou da colabora\u00e7\u00e3o com o trabalho da ONG, toda contribui\u00e7\u00e3o pode ajudar a transformar a vida de animais e pessoas.<\/p>\n<p><strong>Adotar, contribuir e participar: pequenos gestos que podem gerar grandes transforma\u00e7\u00f5es.<\/strong><\/p>\n<figure class=\"wp-block-embed is-type-video is-provider-youtube wp-block-embed-youtube wp-embed-aspect-16-9 wp-has-aspect-ratio\">\n<div class=\"wp-block-embed__wrapper\">\n<\/div>\n<\/figure>\n<p>Site <a href=\"https:\/\/www.youtube.com\/redirect?event=channel_description&amp;redir_token=QUFFLUhqbWJqOVJ4MXBubXIyQ0dtc0JVc0FDVUZNRE9ZZ3xBQ3Jtc0tuLXNPR1VEN3VRRV84dzV6RkpUSmMzUzV1cXZUNUhoUkJ4VHNVYXZZU01uZWt3d0d5NzlxTXVwanpiblpCa1JfamhaWGJGeVNRMmpWMnh2aHlFU1RfZ3RlcU43ZjFEcThfN0dZelg1Wi0tVWtJbTdjTQ&amp;q=https%3A%2F%2Fwww.familiaprever.com.br%2F\" target=\"_blank\" rel=\"noreferrer noopener\">familiaprever.com.br<\/a><\/p>\n<p>Instagram <a href=\"https:\/\/www.youtube.com\/redirect?event=channel_description&amp;redir_token=QUFFLUhqbVo3MjRWcWlMbHNNSWMzdkZsS3NOQXVlTkNBUXxBQ3Jtc0ttWDVCOTlNTkh1MHVpNzMwQ29BUXoyMDlwNkQ0LUtJUGJVUTF2Q0E4Wjk1NTk1c0hxbk80d0VyRE1FUEtmZEpucjNhaDE4bFA1ZGljdHpqRWRBcWFtOFEwalRlbzcwYmxXY2JOZ0RSNm1rTEo1NjRrRQ&amp;q=https%3A%2F%2Fwww.instagram.com%2Fprevercamposeliseos%2F\" target=\"_blank\" rel=\"noreferrer noopener\">instagram.com\/prevercamposeliseos<\/a><\/p>\n<p>Twitter <a href=\"https:\/\/www.youtube.com\/redirect?event=channel_description&amp;redir_token=QUFFLUhqbGEzWTBYTnRSLXFMSzl6NVZDSE41Y0xYNzZwd3xBQ3Jtc0trdHlDajNpaUswYnp3T3RyZkw2Ujd0OUJFLWNrcktvX05PeFNpWVk2QTVFNHVpTzM3U3RiQjFhU2tHTUZWbGxBMlZsc2V5WTUyaklpWFRXM0E2cFRNZ0xYUG1tQllWYVo2azU1S3NNVlRVS3JteGNZZw&amp;q=https%3A%2F%2Ftwitter.com%2Ffamiliaprever\" target=\"_blank\" rel=\"noreferrer noopener\">twitter.com\/familiaprever<\/a><\/p>\n<p>Facebook <a href=\"https:\/\/www.youtube.com\/redirect?event=channel_description&amp;redir_token=QUFFLUhqa2luQnFib0VieXpYNXBEQWVwWmwwWlRZZjRmZ3xBQ3Jtc0trTHp3ZTU2dFh1dzRWZEd0SHpnQXhjMjVnSUd0X0ZRQTFqTDBJVU04Njc4b1oxeml0NzJSdG1JVHVnM3kwdFU0UlllQmdzc0x3ZEdvbXNYTUxyeUZtUlVvcU50eUJOUko1VUJKZF9tLXhNWUQxTzZkUQ&amp;q=https%3A%2F%2Fwww.facebook.com%2FFamiliaPrever%2F\" target=\"_blank\" rel=\"noreferrer noopener\">facebook.com\/FamiliaPrever<\/a><\/p>\n<p>Linkedin <a href=\"https:\/\/www.youtube.com\/redirect?event=channel_description&amp;redir_token=QUFFLUhqbjBnWl9JRnZsSDMzWUVfMmlJcmJ4aXJHWmhJZ3xBQ3Jtc0tuYlpYMVM2TFZ6ZnJnMElsVGhFazd3UEItWEduSldIOFQyVVFWemdxQUVGSWhQTW9ZMzlON005dDl6T2NUNUtFamNpSURSUUZJeXRPanZxWlV6aDVFcFNLOWlUQlR0SGJ2SC1VeE5KS19xRVhlV0V5dw&amp;q=https%3A%2F%2Fwww.linkedin.com%2Fcompany%2Ffamiliaprever%2F\" target=\"_blank\" rel=\"noreferrer noopener\">linkedin.com\/company\/familiaprever<\/a><\/p>\n<\/p>\n<p>O post Adotar \u00e9 transformar: conhe\u00e7a o trabalho do Dr. C\u00e3opaix\u00e3o apareceu primeiro em ACidade ON Ribeir\u00e3o Preto.<\/p>\n<p><script async src=\"https:\/\/platform.twitter.com\/widgets.js\" charset=\"utf-8\"><\/script><script async src=\"\/\/www.instagram.com\/embed.js\"><\/script><br \/>\n<br \/><br \/>\n<br \/><a href=\"https:\/\/www.acidadeon.com\/ribeiraopreto\/conteudo-patrocinado\/momento-da-familia\/adotar-e-transformar-conheca-o-trabalho-do-dr-caopaixao\/\">Link para o texto original aqui <\/a><\/p>\n<!-- CONTENT END 1 -->\n","protected":false},"excerpt":{"rendered":"<p>Adotar \u00e9 transformar: Dr. C\u00e3opaix\u00e3o convida popula\u00e7\u00e3o a apoiar projeto A ado\u00e7\u00e3o de um animal pode transformar duas vidas: a de quem recebe um novo&#8230;<\/p>\n","protected":false},"author":1,"featured_media":90885,"comment_status":"","ping_status":"","sticky":false,"template":"","format":"standard","meta":{"advanced_seo_description":"","jetpack_seo_html_title":"","jetpack_seo_noindex":false,"jetpack_seo_schema_type":"","_jetpack_newsletter_access":"","_jetpack_dont_email_post_to_subs":false,"_jetpack_newsletter_tier_id":0,"_jetpack_memberships_contains_paywalled_content":false,"_jetpack_feature_clip_id":0,"_jetpack_memberships_contains_paid_content":false,"footnotes":"","jetpack_publicize_message":"","jetpack_publicize_feature_enabled":true,"jetpack_social_post_already_shared":true,"jetpack_social_options":{"image_generator_settings":{"template":"highway","default_image_id":0,"font":"","enabled":false},"version":2},"jetpack_post_was_ever_published":false},"categories":[11],"tags":[2171,3880,8854,3503,583,4617],"class_list":["post-90884","post","type-post","status-publish","format-standard","has-post-thumbnail","hentry","category-noticias-de-ribeirao-preto-sp-e-regiao-ismael-colosi","tag-adotar","tag-cao","tag-caopaixao","tag-conheca","tag-trabalho","tag-transformar"],"jetpack_publicize_connections":[],"jetpack-related-posts":[{"id":89561,"url":"https:\/\/noticiasribeiraopreto.com.br\/index.php\/2026\/08\/07\/projeto-transforma-caes-resgatados-em-agentes-de-acolhimento\/","url_meta":{"origin":90884,"position":0},"title":"Projeto transforma c\u00e3es resgatados em agentes de acolhimento","author":"noticiasribeiraopreto.com.br","date":"7 de August de 2026","format":false,"excerpt":"O v\u00ednculo entre seres humanos e c\u00e3es vai muito al\u00e9m da companhia e da conviv\u00eancia dentro de casa. Para muitas pessoas, a presen\u00e7a de um animal pode representar conforto, seguran\u00e7a, afeto e at\u00e9 mesmo uma importante contribui\u00e7\u00e3o para a sa\u00fade f\u00edsica e emocional. Foi justamente essa rela\u00e7\u00e3o de cuidado e\u2026","rel":"","context":"In &quot;Not\u00edcias de Ribeir\u00e3o Preto-SP e Regi\u00e3o&quot;","block_context":{"text":"Not\u00edcias de Ribeir\u00e3o Preto-SP e Regi\u00e3o","link":"https:\/\/noticiasribeiraopreto.com.br\/index.php\/category\/noticias-de-ribeirao-preto-sp-e-regiao-ismael-colosi\/"},"img":{"alt_text":"","src":"https:\/\/i0.wp.com\/noticiasribeiraopreto.com.br\/wp-content\/uploads\/2026\/08\/Foto-1.png?fit=1200%2C670&ssl=1&resize=350%2C200","width":350,"height":200,"srcset":"https:\/\/i0.wp.com\/noticiasribeiraopreto.com.br\/wp-content\/uploads\/2026\/08\/Foto-1.png?fit=1200%2C670&ssl=1&resize=350%2C200 1x, https:\/\/i0.wp.com\/noticiasribeiraopreto.com.br\/wp-content\/uploads\/2026\/08\/Foto-1.png?fit=1200%2C670&ssl=1&resize=525%2C300 1.5x, https:\/\/i0.wp.com\/noticiasribeiraopreto.com.br\/wp-content\/uploads\/2026\/08\/Foto-1.png?fit=1200%2C670&ssl=1&resize=700%2C400 2x, https:\/\/i0.wp.com\/noticiasribeiraopreto.com.br\/wp-content\/uploads\/2026\/08\/Foto-1.png?fit=1200%2C670&ssl=1&resize=1050%2C600 3x"},"classes":[]},{"id":29614,"url":"https:\/\/noticiasribeiraopreto.com.br\/index.php\/2024\/01\/18\/ribeirao-tem-a-1o-feira-de-adocao-de-animais-do-ano-neste-sabado-veja-como-adotar\/","url_meta":{"origin":90884,"position":1},"title":"Ribeir\u00e3o tem a 1\u00ba Feira de Ado\u00e7\u00e3o de Animais do ano neste s\u00e1bado; Veja como adotar","author":"noticiasribeiraopreto.com.br","date":"18 de January de 2024","format":false,"excerpt":"A Divis\u00e3o de Bem-Estar Animal (DBEA) de Ribeir\u00e3o Preto realiza neste s\u00e1bado (20), a primeira feira de ado\u00e7\u00e3o de c\u00e3es e gatos do ano. O evento acontece das 9h \u00e0s 14h, na sede da divis\u00e3o, avenida Eduardo Andrea Matarazzo (Via Norte), n\u00ba4255. De acordo com a divis\u00e3o, ligada a Secretaria\u2026","rel":"","context":"In &quot;Not\u00edcias de Ribeir\u00e3o Preto-SP e Regi\u00e3o&quot;","block_context":{"text":"Not\u00edcias de Ribeir\u00e3o Preto-SP e Regi\u00e3o","link":"https:\/\/noticiasribeiraopreto.com.br\/index.php\/category\/noticias-de-ribeirao-preto-sp-e-regiao-ismael-colosi\/"},"img":{"alt_text":"","src":"https:\/\/i0.wp.com\/noticiasribeiraopreto.com.br\/wp-content\/uploads\/2024\/01\/adocao_dbea_-_foto_fernando_gonzaga_11.jpg?fit=1200%2C800&ssl=1&resize=350%2C200","width":350,"height":200,"srcset":"https:\/\/i0.wp.com\/noticiasribeiraopreto.com.br\/wp-content\/uploads\/2024\/01\/adocao_dbea_-_foto_fernando_gonzaga_11.jpg?fit=1200%2C800&ssl=1&resize=350%2C200 1x, https:\/\/i0.wp.com\/noticiasribeiraopreto.com.br\/wp-content\/uploads\/2024\/01\/adocao_dbea_-_foto_fernando_gonzaga_11.jpg?fit=1200%2C800&ssl=1&resize=525%2C300 1.5x, https:\/\/i0.wp.com\/noticiasribeiraopreto.com.br\/wp-content\/uploads\/2024\/01\/adocao_dbea_-_foto_fernando_gonzaga_11.jpg?fit=1200%2C800&ssl=1&resize=700%2C400 2x, https:\/\/i0.wp.com\/noticiasribeiraopreto.com.br\/wp-content\/uploads\/2024\/01\/adocao_dbea_-_foto_fernando_gonzaga_11.jpg?fit=1200%2C800&ssl=1&resize=1050%2C600 3x"},"classes":[]},{"id":29956,"url":"https:\/\/noticiasribeiraopreto.com.br\/index.php\/2024\/01\/19\/divisao-de-bem-estar-animal-realiza-1o-evento-de-adocao-do-ano\/","url_meta":{"origin":90884,"position":2},"title":"Divis\u00e3o de Bem-Estar Animal realiza 1\u00ba Evento de Ado\u00e7\u00e3o do ano","author":"noticiasribeiraopreto.com.br","date":"19 de January de 2024","format":false,"excerpt":"19 de janeiro de 2024 | 18:0015 de janeiro de 2024 | 12:41 0Adotar um pet \u00e9 mais que um simples ato de possibilitar ao animal a chance de ter uma nova fam\u00edlia. A decis\u00e3o representa fatores positivos para os novos tutores, como uma nova companhia e est\u00edmulo \u00e0s pr\u00e1ticas\u2026","rel":"","context":"In &quot;Not\u00edcias de Ribeir\u00e3o Preto-SP e Regi\u00e3o&quot;","block_context":{"text":"Not\u00edcias de Ribeir\u00e3o Preto-SP e Regi\u00e3o","link":"https:\/\/noticiasribeiraopreto.com.br\/index.php\/category\/noticias-de-ribeirao-preto-sp-e-regiao-ismael-colosi\/"},"img":{"alt_text":"","src":"https:\/\/i0.wp.com\/noticiasribeiraopreto.com.br\/wp-content\/uploads\/2024\/01\/adocao_dbea_-_foto_fernando_gonzaga_11-scaled.jpg?fit=967%2C645&ssl=1&resize=350%2C200","width":350,"height":200,"srcset":"https:\/\/i0.wp.com\/noticiasribeiraopreto.com.br\/wp-content\/uploads\/2024\/01\/adocao_dbea_-_foto_fernando_gonzaga_11-scaled.jpg?fit=967%2C645&ssl=1&resize=350%2C200 1x, https:\/\/i0.wp.com\/noticiasribeiraopreto.com.br\/wp-content\/uploads\/2024\/01\/adocao_dbea_-_foto_fernando_gonzaga_11-scaled.jpg?fit=967%2C645&ssl=1&resize=525%2C300 1.5x, https:\/\/i0.wp.com\/noticiasribeiraopreto.com.br\/wp-content\/uploads\/2024\/01\/adocao_dbea_-_foto_fernando_gonzaga_11-scaled.jpg?fit=967%2C645&ssl=1&resize=700%2C400 2x"},"classes":[]},{"id":1240,"url":"https:\/\/noticiasribeiraopreto.com.br\/index.php\/2023\/11\/11\/feira-de-adocao-de-animais-acontece-neste-sabado-11\/","url_meta":{"origin":90884,"position":3},"title":"Feira de ado\u00e7\u00e3o de animais acontece neste s\u00e1bado, 11","author":"noticiasribeiraopreto.com.br","date":"11 de November de 2023","format":false,"excerpt":"11 de novembro de 2023 | 9:0310 de novembro de 2023 | 17:09 0A Divis\u00e3o de Bem-Estar Animal, ligada a Secretaria de Meio Ambiente realiza neste s\u00e1bado, 11, das 9h \u00e0s 14h, um evento de ado\u00e7\u00e3o. S\u00e3o mais de 100 c\u00e3es de todas as idades e portes aguardando uma nova\u2026","rel":"","context":"In &quot;Not\u00edcias de Ribeir\u00e3o Preto-SP e Regi\u00e3o&quot;","block_context":{"text":"Not\u00edcias de Ribeir\u00e3o Preto-SP e Regi\u00e3o","link":"https:\/\/noticiasribeiraopreto.com.br\/index.php\/category\/noticias-de-ribeirao-preto-sp-e-regiao-ismael-colosi\/"},"img":{"alt_text":"","src":"https:\/\/i0.wp.com\/noticiasribeiraopreto.com.br\/wp-content\/uploads\/2023\/11\/adocao-animais.jpeg?fit=809%2C607&ssl=1&resize=350%2C200","width":350,"height":200,"srcset":"https:\/\/i0.wp.com\/noticiasribeiraopreto.com.br\/wp-content\/uploads\/2023\/11\/adocao-animais.jpeg?fit=809%2C607&ssl=1&resize=350%2C200 1x, https:\/\/i0.wp.com\/noticiasribeiraopreto.com.br\/wp-content\/uploads\/2023\/11\/adocao-animais.jpeg?fit=809%2C607&ssl=1&resize=525%2C300 1.5x, https:\/\/i0.wp.com\/noticiasribeiraopreto.com.br\/wp-content\/uploads\/2023\/11\/adocao-animais.jpeg?fit=809%2C607&ssl=1&resize=700%2C400 2x"},"classes":[]},{"id":42653,"url":"https:\/\/noticiasribeiraopreto.com.br\/index.php\/2024\/03\/15\/divisao-tem-20-pets-filhotes-para-adocao\/","url_meta":{"origin":90884,"position":4},"title":"Divis\u00e3o tem 20 pets filhotes para ado\u00e7\u00e3o\u00a0","author":"noticiasribeiraopreto.com.br","date":"15 de March de 2024","format":false,"excerpt":"15 de mar\u00e7o de 2024 | 18:0015 de mar\u00e7o de 2024 | 12:45 0A Divis\u00e3o de Bem-Estar Animal, ligada a Secretaria Municipal de Meio Ambiente, realizar\u00e1 neste s\u00e1bado, 16 de mar\u00e7o, das nove \u00e0s 14 horas, mais um evento para ado\u00e7\u00e3o de animais. Al\u00e9m de c\u00e3es e gatos de todas\u2026","rel":"","context":"In &quot;Not\u00edcias de Ribeir\u00e3o Preto-SP e Regi\u00e3o&quot;","block_context":{"text":"Not\u00edcias de Ribeir\u00e3o Preto-SP e Regi\u00e3o","link":"https:\/\/noticiasribeiraopreto.com.br\/index.php\/category\/noticias-de-ribeirao-preto-sp-e-regiao-ismael-colosi\/"},"img":{"alt_text":"","src":"https:\/\/i0.wp.com\/noticiasribeiraopreto.com.br\/wp-content\/uploads\/2024\/03\/Adocao-Divulgacao-scaled.jpeg?fit=824%2C645&ssl=1&resize=350%2C200","width":350,"height":200,"srcset":"https:\/\/i0.wp.com\/noticiasribeiraopreto.com.br\/wp-content\/uploads\/2024\/03\/Adocao-Divulgacao-scaled.jpeg?fit=824%2C645&ssl=1&resize=350%2C200 1x, https:\/\/i0.wp.com\/noticiasribeiraopreto.com.br\/wp-content\/uploads\/2024\/03\/Adocao-Divulgacao-scaled.jpeg?fit=824%2C645&ssl=1&resize=525%2C300 1.5x, https:\/\/i0.wp.com\/noticiasribeiraopreto.com.br\/wp-content\/uploads\/2024\/03\/Adocao-Divulgacao-scaled.jpeg?fit=824%2C645&ssl=1&resize=700%2C400 2x"},"classes":[]},{"id":9157,"url":"https:\/\/noticiasribeiraopreto.com.br\/index.php\/2023\/12\/01\/feira-de-adocao-de-caes-e-gatos-acontece-neste-sabado-2\/","url_meta":{"origin":90884,"position":5},"title":"Feira de ado\u00e7\u00e3o de c\u00e3es e gatos acontece neste s\u00e1bado (2)","author":"noticiasribeiraopreto.com.br","date":"1 de December de 2023","format":false,"excerpt":"1 de dezembro de 2023 | 16:0030 de novembro de 2023 | 8:25 0A Divis\u00e3o de Bem-Estar Animal, ligada a Secretaria de Meio Ambiente realiza neste s\u00e1bado, 2 de dezembro, das 9h \u00e0s 14h, um evento de ado\u00e7\u00e3o. S\u00e3o mais de 100 c\u00e3es de todas as idades e portes aguardando\u2026","rel":"","context":"In &quot;Not\u00edcias de Ribeir\u00e3o Preto-SP e Regi\u00e3o&quot;","block_context":{"text":"Not\u00edcias de Ribeir\u00e3o Preto-SP e Regi\u00e3o","link":"https:\/\/noticiasribeiraopreto.com.br\/index.php\/category\/noticias-de-ribeirao-preto-sp-e-regiao-ismael-colosi\/"},"img":{"alt_text":"","src":"https:\/\/i0.wp.com\/noticiasribeiraopreto.com.br\/wp-content\/uploads\/2023\/12\/cachorro-scaled.jpg?fit=1000%2C563&ssl=1&resize=350%2C200","width":350,"height":200,"srcset":"https:\/\/i0.wp.com\/noticiasribeiraopreto.com.br\/wp-content\/uploads\/2023\/12\/cachorro-scaled.jpg?fit=1000%2C563&ssl=1&resize=350%2C200 1x, https:\/\/i0.wp.com\/noticiasribeiraopreto.com.br\/wp-content\/uploads\/2023\/12\/cachorro-scaled.jpg?fit=1000%2C563&ssl=1&resize=525%2C300 1.5x, https:\/\/i0.wp.com\/noticiasribeiraopreto.com.br\/wp-content\/uploads\/2023\/12\/cachorro-scaled.jpg?fit=1000%2C563&ssl=1&resize=700%2C400 2x"},"classes":[]}],"jetpack_sharing_enabled":true,"jetpack_shortlink":"https:\/\/wp.me\/peQAOb-nDS","jetpack_featured_media_url":"https:\/\/i0.wp.com\/noticiasribeiraopreto.com.br\/wp-content\/uploads\/2026\/09\/Foto-1.png?fit=1600%2C900&ssl=1","_links":{"self":[{"href":"https:\/\/noticiasribeiraopreto.com.br\/index.php\/wp-json\/wp\/v2\/posts\/90884","targetHints":{"allow":["GET"]}}],"collection":[{"href":"https:\/\/noticiasribeiraopreto.com.br\/index.php\/wp-json\/wp\/v2\/posts"}],"about":[{"href":"https:\/\/noticiasribeiraopreto.com.br\/index.php\/wp-json\/wp\/v2\/types\/post"}],"author":[{"embeddable":true,"href":"https:\/\/noticiasribeiraopreto.com.br\/index.php\/wp-json\/wp\/v2\/users\/1"}],"replies":[{"embeddable":true,"href":"https:\/\/noticiasribeiraopreto.com.br\/index.php\/wp-json\/wp\/v2\/comments?post=90884"}],"version-history":[{"count":0,"href":"https:\/\/noticiasribeiraopreto.com.br\/index.php\/wp-json\/wp\/v2\/posts\/90884\/revisions"}],"wp:featuredmedia":[{"embeddable":true,"href":"https:\/\/noticiasribeiraopreto.com.br\/index.php\/wp-json\/wp\/v2\/media\/90885"}],"wp:attachment":[{"href":"https:\/\/noticiasribeiraopreto.com.br\/index.php\/wp-json\/wp\/v2\/media?parent=90884"}],"wp:term":[{"taxonomy":"category","embeddable":true,"href":"https:\/\/noticiasribeiraopreto.com.br\/index.php\/wp-json\/wp\/v2\/categories?post=90884"},{"taxonomy":"post_tag","embeddable":true,"href":"https:\/\/noticiasribeiraopreto.com.br\/index.php\/wp-json\/wp\/v2\/tags?post=90884"}],"curies":[{"name":"wp","href":"https:\/\/api.w.org\/{rel}","templated":true}]}}