{"id":90886,"date":"2026-09-01T12:21:00","date_gmt":"2026-09-01T15:21:00","guid":{"rendered":"https:\/\/noticiasribeiraopreto.com.br\/index.php\/2026\/09\/01\/homem-e-encontrado-morto-com-marcas-de-facadas-em-ribeirao-preto\/"},"modified":"2026-09-01T12:21:00","modified_gmt":"2026-09-01T15:21:00","slug":"homem-e-encontrado-morto-com-marcas-de-facadas-em-ribeirao-preto","status":"publish","type":"post","link":"https:\/\/noticiasribeiraopreto.com.br\/index.php\/2026\/09\/01\/homem-e-encontrado-morto-com-marcas-de-facadas-em-ribeirao-preto\/","title":{"rendered":"Homem \u00e9 encontrado morto com marcas de facadas em Ribeir\u00e3o Preto"},"content":{"rendered":"<div class='code-block code-block-1' style='margin: 8px 0 8px auto; text-align: right; display: block; clear: both;'>\n<p><a href=\"https:\/\/wa.link\/vpicfd\"><img data-recalc-dims=\"1\" class=\"wp-image-4922\" style=\"aspect-ratio: 2.0253164556962027; width: 561px; height: auto;\" src=\"https:\/\/i0.wp.com\/ismaelcolosi.com.br\/wp-content\/uploads\/2023\/11\/grupo-de-empregos-whatsapp-e-facebook-ismael-colosi-vagas.jpg?ssl=1\" alt=\"\" \/><\/a><\/p>\n<!-- \/wp:image -->\n<\/div>\n<p> <br \/>\n<\/p>\n<p>A<strong> Pol\u00edcia Civil <\/strong>investiga a morte de um homem de 51 anos, cujo corpo foi localizado na noite da \u00faltima segunda-feira (31) dentro da resid\u00eancia onde morava, no bairro <strong>Jardim Castelo Branco II<\/strong>, na zona Leste de <strong>Ribeir\u00e3o Preto<\/strong>.\u00a0<\/p>\n<p class=\"has-cyan-bluish-gray-background-color has-background\"><em>Receba not\u00edcias do\u00a0<strong>acidade on Ribeir\u00e3o\u00a0<\/strong>no WhatsApp e fique por dentro de tudo! Basta acessar o link<a href=\"https:\/\/chat.whatsapp.com\/DfXwcjKVIddHUT3BvnQuPZ?mode=hqctshi\" target=\"_blank\" rel=\"noreferrer noopener\">\u00a0aqui<\/a>!<\/em><\/p>\n<p>O caso foi registrado como<strong> latroc\u00ednio<\/strong> (roubo seguido de morte). De acordo com o<strong> BO (boletim de ocorr\u00eancia)<\/strong>, o irm\u00e3o da v\u00edtima foi at\u00e9 a casa e encontrou o homem j\u00e1 sem vida, ca\u00eddo no ch\u00e3o, sem roupas e cercado por marcas de sangue. O <strong>Samu (Servi\u00e7o de Atendimento M\u00f3vel de Urg\u00eancia) <\/strong>foi acionado e constatou o \u00f3bito.\u00a0\u00a0<\/p>\n<figure class=\"wp-block-gallery has-nested-images columns-default is-cropped wp-block-gallery-1 is-layout-flex wp-block-gallery-is-layout-flex\">\n<figure class=\"wp-block-image size-large\"><figcaption class=\"wp-element-caption\">Foto: divulga\u00e7\u00e3o\/Pol\u00edcia Civil<\/figcaption><\/figure>\n<figure class=\"wp-block-image size-large\"><img data-recalc-dims=\"1\" loading=\"lazy\" decoding=\"async\" width=\"1024\" height=\"608\" data-id=\"173215\" src=\"https:\/\/i0.wp.com\/www.acidadeon.com\/ribeiraopreto\/wp-content\/uploads\/sites\/3\/2026\/09\/latrocinio-castelo-branco-ii-2-1024x608.jpeg?resize=1024%2C608&#038;ssl=1\" alt=\"homem\" class=\"wp-image-173215\" title=\"Homem \u00e9 encontrado morto com marcas de facadas em Ribeir\u00e3o Preto 2\"><figcaption class=\"wp-element-caption\">Foto: divulga\u00e7\u00e3o\/Pol\u00edcia Civil<\/figcaption><\/figure>\n<\/figure>\n<p>Segundo o<strong> delegado Jos\u00e9 Carvalho de Ara\u00fajo Junior<\/strong>, da Deic (Divis\u00e3o Especializada de Investiga\u00e7\u00f5es Criminais), o homem apresentava duas perfura\u00e7\u00f5es provocadas por golpes de faca na regi\u00e3o do t\u00f3rax.\u00a0<\/p>\n<p>A arma utilizada n\u00e3o foi encontrada no im\u00f3vel durante a per\u00edcia t\u00e9cnica, e a causa definitiva da morte ser\u00e1 confirmada pelo <strong>IML (laudo do Instituto M\u00e9dico Legal)<\/strong>.\u00a0\u00a0<\/p>\n<h2 class=\"wp-block-heading\" id=\"homem-autorizou-entrada-de-dupla\"><strong>Homem autorizou entrada de dupla<\/strong><\/h2>\n<p>Imagens de c\u00e2meras de seguran\u00e7a instaladas nas proximidades j\u00e1 foram recolhidas e est\u00e3o sendo analisadas pela pol\u00edcia. Os registros mostram a aproxima\u00e7\u00e3o de duas pessoas que entraram na casa durante a madrugada com a autoriza\u00e7\u00e3o da v\u00edtima.\u00a0<\/p>\n<p>Em seguida, um dos suspeitos foi visto saindo da resid\u00eancia levando a bicicleta motorizada do morador. O aparelho celular da v\u00edtima tamb\u00e9m foi roubado.\u00a0\u00a0<\/p>\n<p>Segundo o delegado, a v\u00edtima n\u00e3o possu\u00eda antecedentes criminais e trabalhava como churrasqueiro. A pol\u00edcia investiga quem s\u00e3o os autores do crime e o que o motivou.<\/p>\n<p class=\"has-cyan-bluish-gray-background-color has-background\"><em>Fa\u00e7a uma den\u00fancia ou sugira uma reportagem sobre\u00a0<strong>Ribeir\u00e3o Preto\u00a0<\/strong>e regi\u00e3o por meio do WhatsApp do\u00a0<strong>acidade on Ribeir\u00e3o<\/strong>: (16) 99117-7802.<\/em><\/p>\n<div class=\"wp-block-rank-math-toc-block\" id=\"rank-math-toc\">\n<nav>\n<ul>\n<li class=\"\">Homem autorizou entrada de dupla<\/li>\n<\/ul>\n<\/nav>\n<\/div>\n<p>O post Homem \u00e9 encontrado morto com marcas de facadas em Ribeir\u00e3o Preto apareceu primeiro em ACidade ON Ribeir\u00e3o Preto.<\/p>\n<p><br \/>\n<br \/><a href=\"https:\/\/www.acidadeon.com\/ribeiraopreto\/cotidiano\/homem-e-encontrado-morto-com-marcas-de-facadas-em-ribeirao-preto\/\">Link para o texto original aqui <\/a><\/p>\n<!-- CONTENT END 1 -->\n","protected":false},"excerpt":{"rendered":"<p>A Pol\u00edcia Civil investiga a morte de um homem de 51 anos, cujo corpo foi localizado na noite da \u00faltima segunda-feira (31) dentro da resid\u00eancia&#8230;<\/p>\n","protected":false},"author":1,"featured_media":90887,"comment_status":"","ping_status":"","sticky":false,"template":"","format":"standard","meta":{"advanced_seo_description":"","jetpack_seo_html_title":"","jetpack_seo_noindex":false,"jetpack_seo_schema_type":"","_jetpack_newsletter_access":"","_jetpack_dont_email_post_to_subs":false,"_jetpack_newsletter_tier_id":0,"_jetpack_memberships_contains_paywalled_content":false,"_jetpack_feature_clip_id":0,"_jetpack_memberships_contains_paid_content":false,"footnotes":"","jetpack_publicize_message":"","jetpack_publicize_feature_enabled":true,"jetpack_social_post_already_shared":true,"jetpack_social_options":{"image_generator_settings":{"template":"highway","default_image_id":0,"font":"","enabled":false},"version":2},"jetpack_post_was_ever_published":false},"categories":[11],"tags":[404,844,59,5094,405,27,26],"class_list":["post-90886","post","type-post","status-publish","format-standard","has-post-thumbnail","hentry","category-noticias-de-ribeirao-preto-sp-e-regiao-ismael-colosi","tag-encontrado","tag-facadas","tag-homem","tag-marcas","tag-morto","tag-preto","tag-ribeirao"],"jetpack_publicize_connections":[],"jetpack-related-posts":[{"id":85078,"url":"https:\/\/noticiasribeiraopreto.com.br\/index.php\/2026\/04\/21\/homem-e-encontrado-morto-com-ferimento-no-peito\/","url_meta":{"origin":90886,"position":0},"title":"Homem \u00e9 encontrado morto com ferimento no peito","author":"noticiasribeiraopreto.com.br","date":"21 de April de 2026","format":false,"excerpt":"Ler o resumo da not\u00edcia Homem de 25\u202fanos, Crysthian Martins de Oliveira, foi encontrado morto na madrugada de 21\/04 em Pontal, a 40\u202fkm de Ribeir\u00e3o Preto. A v\u00edtima apresentava ferimento no t\u00f3rax, semelhante a facada, na rua Orlando Pedrili, no Jardim das Aroeiras. Pol\u00edcia Militar e equipe do SAMU atenderam;\u2026","rel":"","context":"In &quot;Not\u00edcias de Ribeir\u00e3o Preto-SP e Regi\u00e3o&quot;","block_context":{"text":"Not\u00edcias de Ribeir\u00e3o Preto-SP e Regi\u00e3o","link":"https:\/\/noticiasribeiraopreto.com.br\/index.php\/category\/noticias-de-ribeirao-preto-sp-e-regiao-ismael-colosi\/"},"img":{"alt_text":"","src":"https:\/\/i0.wp.com\/noticiasribeiraopreto.com.br\/wp-content\/uploads\/2026\/04\/PM_2025-10-07_13-33-41.webp.webp?fit=1200%2C692&ssl=1&resize=350%2C200","width":350,"height":200,"srcset":"https:\/\/i0.wp.com\/noticiasribeiraopreto.com.br\/wp-content\/uploads\/2026\/04\/PM_2025-10-07_13-33-41.webp.webp?fit=1200%2C692&ssl=1&resize=350%2C200 1x, https:\/\/i0.wp.com\/noticiasribeiraopreto.com.br\/wp-content\/uploads\/2026\/04\/PM_2025-10-07_13-33-41.webp.webp?fit=1200%2C692&ssl=1&resize=525%2C300 1.5x, https:\/\/i0.wp.com\/noticiasribeiraopreto.com.br\/wp-content\/uploads\/2026\/04\/PM_2025-10-07_13-33-41.webp.webp?fit=1200%2C692&ssl=1&resize=700%2C400 2x, https:\/\/i0.wp.com\/noticiasribeiraopreto.com.br\/wp-content\/uploads\/2026\/04\/PM_2025-10-07_13-33-41.webp.webp?fit=1200%2C692&ssl=1&resize=1050%2C600 3x"},"classes":[]},{"id":81898,"url":"https:\/\/noticiasribeiraopreto.com.br\/index.php\/2026\/01\/29\/homem-e-encontrado-morto-no-centro\/","url_meta":{"origin":90886,"position":1},"title":"Homem \u00e9 encontrado morto no Centro","author":"noticiasribeiraopreto.com.br","date":"29 de January de 2026","format":false,"excerpt":"\r \r \r V\u00edtima, que era diab\u00e9tica e hipertensa, foi encontrada ca\u00edda dentro de um pr\u00e9dio, pr\u00f3ximo a seu apartamento\r \r 29 de janeiro de 2026 10:2129 de janeiro de 2026 10:55 \r Compartilhar2 \r Por: Adalberto Luque Um homem de 61 anos foi encontrado morto, nesta quarta-feira (28). O\u2026","rel":"","context":"In &quot;Not\u00edcias de Ribeir\u00e3o Preto-SP e Regi\u00e3o&quot;","block_context":{"text":"Not\u00edcias de Ribeir\u00e3o Preto-SP e Regi\u00e3o","link":"https:\/\/noticiasribeiraopreto.com.br\/index.php\/category\/noticias-de-ribeirao-preto-sp-e-regiao-ismael-colosi\/"},"img":{"alt_text":"","src":"https:\/\/i0.wp.com\/noticiasribeiraopreto.com.br\/wp-content\/uploads\/2026\/01\/samuluque1fotorisk-e1756483668231.jpg?fit=1200%2C800&ssl=1&resize=350%2C200","width":350,"height":200,"srcset":"https:\/\/i0.wp.com\/noticiasribeiraopreto.com.br\/wp-content\/uploads\/2026\/01\/samuluque1fotorisk-e1756483668231.jpg?fit=1200%2C800&ssl=1&resize=350%2C200 1x, https:\/\/i0.wp.com\/noticiasribeiraopreto.com.br\/wp-content\/uploads\/2026\/01\/samuluque1fotorisk-e1756483668231.jpg?fit=1200%2C800&ssl=1&resize=525%2C300 1.5x, https:\/\/i0.wp.com\/noticiasribeiraopreto.com.br\/wp-content\/uploads\/2026\/01\/samuluque1fotorisk-e1756483668231.jpg?fit=1200%2C800&ssl=1&resize=700%2C400 2x, https:\/\/i0.wp.com\/noticiasribeiraopreto.com.br\/wp-content\/uploads\/2026\/01\/samuluque1fotorisk-e1756483668231.jpg?fit=1200%2C800&ssl=1&resize=1050%2C600 3x"},"classes":[]},{"id":76510,"url":"https:\/\/noticiasribeiraopreto.com.br\/index.php\/2025\/08\/30\/homem-e-encontrado-morto-no-quintal-de-uma-casa-na-regiao-de-ribeirao\/","url_meta":{"origin":90886,"position":2},"title":"Homem \u00e9 encontrado morto no quintal de uma casa na regi\u00e3o de Ribeir\u00e3o","author":"noticiasribeiraopreto.com.br","date":"30 de August de 2025","format":false,"excerpt":"Um homem de 32 anos foi encontrado morto no quintal de uma casa localizada no Jardim Am\u00e9lia II, em Serrana, cidade na regi\u00e3o de Ribeir\u00e3o Preto, na manh\u00e3 deste s\u00e1bado (30). De acordo com o boletim de ocorr\u00eancia, a moradora da resid\u00eancia encontrou o corpo da v\u00edtima ao acordar. O\u2026","rel":"","context":"In &quot;Not\u00edcias de Ribeir\u00e3o Preto-SP e Regi\u00e3o&quot;","block_context":{"text":"Not\u00edcias de Ribeir\u00e3o Preto-SP e Regi\u00e3o","link":"https:\/\/noticiasribeiraopreto.com.br\/index.php\/category\/noticias-de-ribeirao-preto-sp-e-regiao-ismael-colosi\/"},"img":{"alt_text":"","src":"https:\/\/i0.wp.com\/noticiasribeiraopreto.com.br\/wp-content\/uploads\/2025\/08\/WhatsApp-Image-2023-12-09-at-13.55.44.jpeg?fit=1024%2C576&ssl=1&resize=350%2C200","width":350,"height":200,"srcset":"https:\/\/i0.wp.com\/noticiasribeiraopreto.com.br\/wp-content\/uploads\/2025\/08\/WhatsApp-Image-2023-12-09-at-13.55.44.jpeg?fit=1024%2C576&ssl=1&resize=350%2C200 1x, https:\/\/i0.wp.com\/noticiasribeiraopreto.com.br\/wp-content\/uploads\/2025\/08\/WhatsApp-Image-2023-12-09-at-13.55.44.jpeg?fit=1024%2C576&ssl=1&resize=525%2C300 1.5x, https:\/\/i0.wp.com\/noticiasribeiraopreto.com.br\/wp-content\/uploads\/2025\/08\/WhatsApp-Image-2023-12-09-at-13.55.44.jpeg?fit=1024%2C576&ssl=1&resize=700%2C400 2x"},"classes":[]},{"id":67435,"url":"https:\/\/noticiasribeiraopreto.com.br\/index.php\/2025\/04\/14\/homem-e-morto-a-facadas-apos-ataque-motivado-por-ciumes-em-ribeirao-preto\/","url_meta":{"origin":90886,"position":3},"title":"Homem \u00e9 morto a facadas ap\u00f3s ataque motivado por ci\u00fames em Ribeir\u00e3o Preto","author":"noticiasribeiraopreto.com.br","date":"14 de April de 2025","format":false,"excerpt":"Um homem de 44 anos foi morto a facadas na noite do \u00faltimo s\u00e1bado (12), no Jardim Dona Branca Salles, zona Oeste de Ribeir\u00e3o Preto. Um suspeito, de 40 anos, fugiu. Segundo o boletim de ocorr\u00eancia (BO), Leandro de Almeida Moreira chegou a ser socorrido, mas j\u00e1 chegou sem vida\u2026","rel":"","context":"In &quot;Not\u00edcias de Ribeir\u00e3o Preto-SP e Regi\u00e3o&quot;","block_context":{"text":"Not\u00edcias de Ribeir\u00e3o Preto-SP e Regi\u00e3o","link":"https:\/\/noticiasribeiraopreto.com.br\/index.php\/category\/noticias-de-ribeirao-preto-sp-e-regiao-ismael-colosi\/"},"img":{"alt_text":"","src":"https:\/\/i0.wp.com\/noticiasribeiraopreto.com.br\/wp-content\/uploads\/2025\/04\/1744637643_policia_qru_1024x576_25052021184749.jpg?fit=1024%2C576&ssl=1&resize=350%2C200","width":350,"height":200,"srcset":"https:\/\/i0.wp.com\/noticiasribeiraopreto.com.br\/wp-content\/uploads\/2025\/04\/1744637643_policia_qru_1024x576_25052021184749.jpg?fit=1024%2C576&ssl=1&resize=350%2C200 1x, https:\/\/i0.wp.com\/noticiasribeiraopreto.com.br\/wp-content\/uploads\/2025\/04\/1744637643_policia_qru_1024x576_25052021184749.jpg?fit=1024%2C576&ssl=1&resize=525%2C300 1.5x, https:\/\/i0.wp.com\/noticiasribeiraopreto.com.br\/wp-content\/uploads\/2025\/04\/1744637643_policia_qru_1024x576_25052021184749.jpg?fit=1024%2C576&ssl=1&resize=700%2C400 2x"},"classes":[]},{"id":87972,"url":"https:\/\/noticiasribeiraopreto.com.br\/index.php\/2026\/07\/12\/homem-e-encontrado-morto-com-sinais-de-violencia-em-calcada\/","url_meta":{"origin":90886,"position":4},"title":"Homem \u00e9 encontrado morto com sinais de viol\u00eancia em cal\u00e7ada","author":"noticiasribeiraopreto.com.br","date":"12 de July de 2026","format":false,"excerpt":"Um homem de 33 anos foi encontrado morto com ferimentos pelo corpo na madrugada deste domingo (12), aparentemente provocados por faca, em uma cal\u00e7ada de Taquaral, a 80 quil\u00f4metros de Ribeir\u00e3o Preto. Receba not\u00edcias do\u00a0acidade on Ribeir\u00e3o\u00a0no WhatsApp e fique por dentro de tudo! Basta acessar o link\u00a0aqui! Homem apresentava\u2026","rel":"","context":"In &quot;Not\u00edcias de Ribeir\u00e3o Preto-SP e Regi\u00e3o&quot;","block_context":{"text":"Not\u00edcias de Ribeir\u00e3o Preto-SP e Regi\u00e3o","link":"https:\/\/noticiasribeiraopreto.com.br\/index.php\/category\/noticias-de-ribeirao-preto-sp-e-regiao-ismael-colosi\/"},"img":{"alt_text":"","src":"https:\/\/i0.wp.com\/noticiasribeiraopreto.com.br\/wp-content\/uploads\/2026\/07\/POLICIA_2025-10-28_11-14-06.webp.webp?fit=1200%2C763&ssl=1&resize=350%2C200","width":350,"height":200,"srcset":"https:\/\/i0.wp.com\/noticiasribeiraopreto.com.br\/wp-content\/uploads\/2026\/07\/POLICIA_2025-10-28_11-14-06.webp.webp?fit=1200%2C763&ssl=1&resize=350%2C200 1x, https:\/\/i0.wp.com\/noticiasribeiraopreto.com.br\/wp-content\/uploads\/2026\/07\/POLICIA_2025-10-28_11-14-06.webp.webp?fit=1200%2C763&ssl=1&resize=525%2C300 1.5x, https:\/\/i0.wp.com\/noticiasribeiraopreto.com.br\/wp-content\/uploads\/2026\/07\/POLICIA_2025-10-28_11-14-06.webp.webp?fit=1200%2C763&ssl=1&resize=700%2C400 2x, https:\/\/i0.wp.com\/noticiasribeiraopreto.com.br\/wp-content\/uploads\/2026\/07\/POLICIA_2025-10-28_11-14-06.webp.webp?fit=1200%2C763&ssl=1&resize=1050%2C600 3x"},"classes":[]},{"id":78991,"url":"https:\/\/noticiasribeiraopreto.com.br\/index.php\/2025\/10\/22\/homem-e-encontrado-morto-em-frente-ao-terminal-rodoviario-de-ribeirao-preto\/","url_meta":{"origin":90886,"position":5},"title":"Homem \u00e9 encontrado morto em frente ao Terminal Rodovi\u00e1rio de Ribeir\u00e3o Preto","author":"noticiasribeiraopreto.com.br","date":"22 de October de 2025","format":false,"excerpt":"Um homem foi encontrado morto na manh\u00e3 desta quarta-feira (22), em frente ao Terminal Rodovi\u00e1rio de Ribeir\u00e3o Preto, na avenida Jer\u00f4nimo Gon\u00e7alves. Segundo informa\u00e7\u00f5es, o homem, ainda sem identifica\u00e7\u00e3o e apar\u00eancia de 60 anos de idade, estava ca\u00eddo na cal\u00e7ada ao lado de um ponto de \u00f4nibus, onde h\u00e1 um\u2026","rel":"","context":"In &quot;Not\u00edcias de Ribeir\u00e3o Preto-SP e Regi\u00e3o&quot;","block_context":{"text":"Not\u00edcias de Ribeir\u00e3o Preto-SP e Regi\u00e3o","link":"https:\/\/noticiasribeiraopreto.com.br\/index.php\/category\/noticias-de-ribeirao-preto-sp-e-regiao-ismael-colosi\/"},"img":{"alt_text":"","src":"https:\/\/i0.wp.com\/noticiasribeiraopreto.com.br\/wp-content\/uploads\/2025\/10\/CORPO_2025-10-22_13-28-46.webp.webp?fit=1029%2C606&ssl=1&resize=350%2C200","width":350,"height":200,"srcset":"https:\/\/i0.wp.com\/noticiasribeiraopreto.com.br\/wp-content\/uploads\/2025\/10\/CORPO_2025-10-22_13-28-46.webp.webp?fit=1029%2C606&ssl=1&resize=350%2C200 1x, https:\/\/i0.wp.com\/noticiasribeiraopreto.com.br\/wp-content\/uploads\/2025\/10\/CORPO_2025-10-22_13-28-46.webp.webp?fit=1029%2C606&ssl=1&resize=525%2C300 1.5x, https:\/\/i0.wp.com\/noticiasribeiraopreto.com.br\/wp-content\/uploads\/2025\/10\/CORPO_2025-10-22_13-28-46.webp.webp?fit=1029%2C606&ssl=1&resize=700%2C400 2x"},"classes":[]}],"jetpack_sharing_enabled":true,"jetpack_shortlink":"https:\/\/wp.me\/peQAOb-nDU","jetpack_featured_media_url":"https:\/\/i0.wp.com\/noticiasribeiraopreto.com.br\/wp-content\/uploads\/2026\/09\/latrocinio-castelo-branco-ii-2.jpeg?fit=1183%2C702&ssl=1","_links":{"self":[{"href":"https:\/\/noticiasribeiraopreto.com.br\/index.php\/wp-json\/wp\/v2\/posts\/90886","targetHints":{"allow":["GET"]}}],"collection":[{"href":"https:\/\/noticiasribeiraopreto.com.br\/index.php\/wp-json\/wp\/v2\/posts"}],"about":[{"href":"https:\/\/noticiasribeiraopreto.com.br\/index.php\/wp-json\/wp\/v2\/types\/post"}],"author":[{"embeddable":true,"href":"https:\/\/noticiasribeiraopreto.com.br\/index.php\/wp-json\/wp\/v2\/users\/1"}],"replies":[{"embeddable":true,"href":"https:\/\/noticiasribeiraopreto.com.br\/index.php\/wp-json\/wp\/v2\/comments?post=90886"}],"version-history":[{"count":0,"href":"https:\/\/noticiasribeiraopreto.com.br\/index.php\/wp-json\/wp\/v2\/posts\/90886\/revisions"}],"wp:featuredmedia":[{"embeddable":true,"href":"https:\/\/noticiasribeiraopreto.com.br\/index.php\/wp-json\/wp\/v2\/media\/90887"}],"wp:attachment":[{"href":"https:\/\/noticiasribeiraopreto.com.br\/index.php\/wp-json\/wp\/v2\/media?parent=90886"}],"wp:term":[{"taxonomy":"category","embeddable":true,"href":"https:\/\/noticiasribeiraopreto.com.br\/index.php\/wp-json\/wp\/v2\/categories?post=90886"},{"taxonomy":"post_tag","embeddable":true,"href":"https:\/\/noticiasribeiraopreto.com.br\/index.php\/wp-json\/wp\/v2\/tags?post=90886"}],"curies":[{"name":"wp","href":"https:\/\/api.w.org\/{rel}","templated":true}]}}