{"id":90888,"date":"2026-09-01T12:28:05","date_gmt":"2026-09-01T15:28:05","guid":{"rendered":"https:\/\/noticiasribeiraopreto.com.br\/index.php\/2026\/09\/01\/homem-e-vitima-de-latrocinio-na-zona-leste\/"},"modified":"2026-09-01T12:28:05","modified_gmt":"2026-09-01T15:28:05","slug":"homem-e-vitima-de-latrocinio-na-zona-leste","status":"publish","type":"post","link":"https:\/\/noticiasribeiraopreto.com.br\/index.php\/2026\/09\/01\/homem-e-vitima-de-latrocinio-na-zona-leste\/","title":{"rendered":"Homem \u00e9 v\u00edtima de latroc\u00ednio na zona Leste"},"content":{"rendered":"<div class='code-block code-block-1' style='margin: 8px 0 8px auto; text-align: right; display: block; clear: both;'>\n<p><a href=\"https:\/\/wa.link\/vpicfd\"><img data-recalc-dims=\"1\" class=\"wp-image-4922\" style=\"aspect-ratio: 2.0253164556962027; width: 561px; height: auto;\" src=\"https:\/\/i0.wp.com\/ismaelcolosi.com.br\/wp-content\/uploads\/2023\/11\/grupo-de-empregos-whatsapp-e-facebook-ismael-colosi-vagas.jpg?ssl=1\" alt=\"\" \/><\/a><\/p>\n<!-- \/wp:image -->\n<\/div>\n<p> <br \/>\n<\/p>\n<div id=\"\">&#13;<\/p>\n<h2 class=\"penci-post-subtitle\">Suspeita \u00e9 que criminoso conhecia a v\u00edtima e roubou bicicleta el\u00e9trica e celular<\/h2>\n<p>&#13;<\/p>\n<p>&#13;<br \/>\n\t\t\t\t\t\t\t\t\t<span class=\"entry-meta-item penci-posted-on\"><i class=\"fa fa-clock-o\"\/><time class=\"entry-date published updated\" datetime=\"2026-09-01T12:24:11-03:00\">1 de setembro de 2026 12:24<\/time><\/span><span class=\"entry-meta-item penci-post-countview\"\/>\t\t\t\t\t\t\t\t<\/p>\n<p><!-- .entry-meta -->&#13;<br \/>\n\t\t\t\t\t\t\t\t<span class=\"penci-social-buttons penci-social-share-footer\"><span class=\"penci-social-share-text\">Compartilhar<\/span><a href=\"#\" class=\"penci-post-like penci_post-meta_item  single-like-button penci-social-item like\" data-post_id=\"475684\" title=\"Like\" data-like=\"Like\" data-unlike=\"Unlike\"><i class=\"fa fa-thumbs-o-up\"\/><span class=\"penci-share-number\">2<\/span><\/a><i class=\"fa fa-facebook\"\/><a class=\"penci-social-item twitter\" target=\"_blank\" rel=\"noopener\" title=\"\" href=\"https:\/\/twitter.com\/intent\/tweet?text=Homem%20\u00e9%20v\u00edtima%20de%20latroc\u00ednio%20na%20zona%20Leste%20-%20https:\/\/www.tribunaribeirao.com.br\/homem-e-vitima-de-latrocinio-na-zona-leste\/\"><i class=\"fa fa-twitter\"\/><\/a><i class=\"fa fa-linkedin\"\/><i class=\"fa fa-whatsapp\"\/><i class=\"fa fa-telegram\"\/><i class=\"fa fa-envelope\"\/><\/span>\t\t\t\t\t\t\t<\/div>\n<div>\n<p>| Por: Adalberto Luque |<\/p>\n<p>Um homem de 51 anos foi morto na madrugada desta segunda-feira (31), e a Pol\u00edcia Civil investiga o caso como latroc\u00ednio, j\u00e1 que alguns bens da v\u00edtima foram levados. O crime ocorreu na rua Maestro Joaquim Tom\u00e9 Leite, no Jardim Castelo Branco II, zona Leste de Ribeir\u00e3o Preto.<\/p>\n<p>Imagens de c\u00e2meras de seguran\u00e7a registraram a movimenta\u00e7\u00e3o antes e depois do crime. A pol\u00edcia suspeita que o autor conhecia a v\u00edtima.<\/p>\n<p>As imagens mostram Marcelo Aparecido Ferreira na rua, por volta das 2h10, sem camisa. Ele entra na resid\u00eancia e, cerca de dez minutos depois, outro homem aparece, olha pela fresta do port\u00e3o e chama o morador.<\/p>\n<figure id=\"attachment_475685\" aria-describedby=\"caption-attachment-475685\" style=\"width: 975px\" class=\"wp-caption alignnone\"><figcaption id=\"caption-attachment-475685\" class=\"wp-caption-text\">Imagens de c\u00e2meras de seguran\u00e7a mostram morador sem camisa na rua, depois um homem se aproxima e chama a v\u00edtima, outro homem se aproxima enquanto o primeiro entra e, no final, o suspeito de latroc\u00ednio sai com a bicicleta el\u00e9trica e outros objetos pertencentes ao churrasqueiro de 51 anos (Fotos: Reprodu\u00e7\u00e3o)<\/figcaption><\/figure>\n<p>Nesse momento, um segundo homem se aproxima de bicicleta. Apenas um deles entra na casa, enquanto o outro permanece na rua, circulando com a bicicleta.<\/p>\n<p>Cerca de 30 minutos depois, o homem que entrou na resid\u00eancia sai levando a bicicleta el\u00e9trica de Ferreira, al\u00e9m de mochilas e sacolas. Ele deixa o port\u00e3o entreaberto e foge do local.<\/p>\n<p>A Pol\u00edcia Militar foi acionada e encontrou o corpo dentro da resid\u00eancia. Os policiais apuraram que Ferreira morava sozinho e fazia uso de \u00e1lcool e, possivelmente, de drogas. No im\u00f3vel havia poucos m\u00f3veis e muito entulho.<\/p>\n<p>O corpo estava ca\u00eddo entre o quarto e o banheiro, despido e com muito sangue ao redor. Ferreira j\u00e1 estava sem sinais vitais. O local foi preservado para o trabalho da per\u00edcia, que constatou ferimentos provocados por um objeto perfurocortante, como uma faca.<\/p>\n<figure id=\"attachment_475687\" aria-describedby=\"caption-attachment-475687\" style=\"width: 1170px\" class=\"wp-caption alignnone\"><img data-recalc-dims=\"1\" loading=\"lazy\" decoding=\"async\" class=\"size-full wp-image-475687 lazyload\" src=\"https:\/\/i0.wp.com\/www.tribunaribeirao.com.br\/wp-content\/uploads\/2026\/09\/01-set-2026-latrocinio3-scaled.jpg?resize=1170%2C780&#038;ssl=1\" alt=\"\" width=\"1170\" height=\"780\" srcset=\"https:\/\/www.tribunaribeirao.com.br\/wp-content\/uploads\/2026\/09\/01-set-2026-latrocinio3-scaled.jpg 1170w, https:\/\/www.tribunaribeirao.com.br\/wp-content\/uploads\/2026\/09\/01-set-2026-latrocinio3-300x200.jpg 300w, https:\/\/www.tribunaribeirao.com.br\/wp-content\/uploads\/2026\/09\/01-set-2026-latrocinio3-1024x683.jpg 1024w, https:\/\/www.tribunaribeirao.com.br\/wp-content\/uploads\/2026\/09\/01-set-2026-latrocinio3-768x512.jpg 768w, https:\/\/www.tribunaribeirao.com.br\/wp-content\/uploads\/2026\/09\/01-set-2026-latrocinio3-1536x1024.jpg 1536w, https:\/\/www.tribunaribeirao.com.br\/wp-content\/uploads\/2026\/09\/01-set-2026-latrocinio3-480x320.jpg 480w, https:\/\/www.tribunaribeirao.com.br\/wp-content\/uploads\/2026\/09\/01-set-2026-latrocinio3-280x186.jpg 280w, https:\/\/www.tribunaribeirao.com.br\/wp-content\/uploads\/2026\/09\/01-set-2026-latrocinio3-960x640.jpg 960w, https:\/\/www.tribunaribeirao.com.br\/wp-content\/uploads\/2026\/09\/01-set-2026-latrocinio3-600x400.jpg 600w, https:\/\/www.tribunaribeirao.com.br\/wp-content\/uploads\/2026\/09\/01-set-2026-latrocinio3-585x390.jpg 585w\" data-sizes=\"(max-width: 1170px) 100vw, 1170px\" style=\"--smush-placeholder-width: 1170px; --smush-placeholder-aspect-ratio: 1170\/780;\"\/><figcaption id=\"caption-attachment-475687\" class=\"wp-caption-text\">Ara\u00fajo acredita que autor e v\u00edtima se conheciam pela forma como a entrada foi franqueada (Foto: Alfredo Risk)<\/figcaption><\/figure>\n<p>Segundo o delegado Jos\u00e9 Carvalho de Ara\u00fajo, da Divis\u00e3o Especializada de Investiga\u00e7\u00f5es Criminais (DEIC), o caso \u00e9 investigado como latroc\u00ednio. Para o delegado, as imagens indicam que os autores seriam conhecidos da v\u00edtima.<\/p>\n<p>Outras imagens mostram Ferreira chegando em casa por volta das 0h30. Ele trabalharia como churrasqueiro em um restaurante da zona Leste da cidade.<\/p>\n<p>Al\u00e9m da bicicleta el\u00e9trica, o homem que matou Ferreira teria levado o celular, que n\u00e3o foi encontrado na resid\u00eancia. Outros objetos, ainda n\u00e3o identificados, tamb\u00e9m foram levados.<\/p>\n<p>O corpo foi encaminhado ao Instituto M\u00e9dico Legal (IML). A Pol\u00edcia Civil continua as investiga\u00e7\u00f5es para identificar e prender os autores do crime.<\/p>\n<div style=\"background-color: #f4f4f5; border: 1px solid #d4d4d8; padding: 15px; margin: 20px 0; border-radius: 6px; font-family: sans-serif; line-height: 1.5;\">\n    <span style=\"color: #27272a;\">Inscreva-se em nosso Canal no Whatsapp e fique por dentro de tudo que acontece na regi\u00e3o. <\/span><br \/>\n    <a href=\"https:\/\/whatsapp.com\/channel\/0029VanuE2o7z4kYjo0XVS3u\" target=\"_blank\" rel=\"noopener noreferrer\" style=\"color: #16a34a; font-weight: bold; text-decoration: underline;\">Clique Aqui!<\/a>\n<\/div>\n<\/div>\n<p><script async src=\"\/\/platform.twitter.com\/widgets.js\" charset=\"utf-8\"><\/script><br \/>\n<br \/><br \/>\n<br \/><a href=\"https:\/\/www.tribunaribeirao.com.br\/homem-e-vitima-de-latrocinio-na-zona-leste\/\">Texto original daqui <\/a><\/p>\n<!-- CONTENT END 1 -->\n","protected":false},"excerpt":{"rendered":"<p>&#13; Suspeita \u00e9 que criminoso conhecia a v\u00edtima e roubou bicicleta el\u00e9trica e celular &#13; &#13; 1 de setembro de 2026 12:24 &#13; Compartilhar2 |&#8230;<\/p>\n","protected":false},"author":1,"featured_media":90889,"comment_status":"","ping_status":"","sticky":false,"template":"","format":"standard","meta":{"advanced_seo_description":"","jetpack_seo_html_title":"","jetpack_seo_noindex":false,"jetpack_seo_schema_type":"","_jetpack_newsletter_access":"","_jetpack_dont_email_post_to_subs":false,"_jetpack_newsletter_tier_id":0,"_jetpack_memberships_contains_paywalled_content":false,"_jetpack_feature_clip_id":0,"_jetpack_memberships_contains_paid_content":false,"footnotes":"","jetpack_publicize_message":"","jetpack_publicize_feature_enabled":true,"jetpack_social_post_already_shared":true,"jetpack_social_options":{"image_generator_settings":{"template":"highway","default_image_id":0,"font":"","enabled":false},"version":2},"jetpack_post_was_ever_published":false},"categories":[11],"tags":[59,2270,1557,391,340],"class_list":["post-90888","post","type-post","status-publish","format-standard","has-post-thumbnail","hentry","category-noticias-de-ribeirao-preto-sp-e-regiao-ismael-colosi","tag-homem","tag-latrocinio","tag-leste","tag-vitima","tag-zona"],"jetpack_publicize_connections":[],"jetpack-related-posts":[{"id":60000,"url":"https:\/\/noticiasribeiraopreto.com.br\/index.php\/2024\/11\/04\/o-que-se-sabe-sobre-o-latrocinio-ocorrido-na-zona-norte-de-ribeirao-preto\/","url_meta":{"origin":90888,"position":0},"title":"O que se sabe sobre o latroc\u00ednio ocorrido na zona Norte de Ribeir\u00e3o Preto","author":"noticiasribeiraopreto.com.br","date":"4 de November de 2024","format":false,"excerpt":"A Pol\u00edcia Civil investiga o roubo em que a v\u00edtima, um homem de 35 anos, morreu na noite do \u00faltimo s\u00e1bado (2), no Jardim Alexandre Baldo, zona Norte de Ribeir\u00e3o Preto. Segundo o boletim de ocorr\u00eancia (BO), a William Jos\u00e9 Cabral estava dentro de um carro na rua Celso Camargo\u2026","rel":"","context":"In &quot;Not\u00edcias de Ribeir\u00e3o Preto-SP e Regi\u00e3o&quot;","block_context":{"text":"Not\u00edcias de Ribeir\u00e3o Preto-SP e Regi\u00e3o","link":"https:\/\/noticiasribeiraopreto.com.br\/index.php\/category\/noticias-de-ribeirao-preto-sp-e-regiao-ismael-colosi\/"},"img":{"alt_text":"","src":"https:\/\/i0.wp.com\/noticiasribeiraopreto.com.br\/wp-content\/uploads\/2024\/11\/LATROCINIO_2024-11-04_14-33-04_jpg_2024-11-04_14-33-04.webp.webp?fit=1200%2C676&ssl=1&resize=350%2C200","width":350,"height":200,"srcset":"https:\/\/i0.wp.com\/noticiasribeiraopreto.com.br\/wp-content\/uploads\/2024\/11\/LATROCINIO_2024-11-04_14-33-04_jpg_2024-11-04_14-33-04.webp.webp?fit=1200%2C676&ssl=1&resize=350%2C200 1x, https:\/\/i0.wp.com\/noticiasribeiraopreto.com.br\/wp-content\/uploads\/2024\/11\/LATROCINIO_2024-11-04_14-33-04_jpg_2024-11-04_14-33-04.webp.webp?fit=1200%2C676&ssl=1&resize=525%2C300 1.5x, https:\/\/i0.wp.com\/noticiasribeiraopreto.com.br\/wp-content\/uploads\/2024\/11\/LATROCINIO_2024-11-04_14-33-04_jpg_2024-11-04_14-33-04.webp.webp?fit=1200%2C676&ssl=1&resize=700%2C400 2x, https:\/\/i0.wp.com\/noticiasribeiraopreto.com.br\/wp-content\/uploads\/2024\/11\/LATROCINIO_2024-11-04_14-33-04_jpg_2024-11-04_14-33-04.webp.webp?fit=1200%2C676&ssl=1&resize=1050%2C600 3x"},"classes":[]},{"id":16870,"url":"https:\/\/noticiasribeiraopreto.com.br\/index.php\/2023\/12\/16\/policia-civil-de-ribeirao-preto-prende-acusado-de-sequestro-e-latrocinio\/","url_meta":{"origin":90888,"position":1},"title":"Pol\u00edcia Civil de Ribeir\u00e3o Preto prende acusado de sequestro e latroc\u00ednio","author":"noticiasribeiraopreto.com.br","date":"16 de December de 2023","format":false,"excerpt":"A Pol\u00edcia Civil prendeu neste s\u00e1bado (16) o acusado de ter sequestrado e matado outro homem em Ribeir\u00e3o Preto. O corpo da v\u00edtima, de 50 anos, foi encontrado em uma cova rasa aberta em uma fazenda de Serrana, na \u00faltima quinta-feira (14). A v\u00edtima vivia em Batatais e foi encontrada\u2026","rel":"","context":"In &quot;Not\u00edcias de Ribeir\u00e3o Preto-SP e Regi\u00e3o&quot;","block_context":{"text":"Not\u00edcias de Ribeir\u00e3o Preto-SP e Regi\u00e3o","link":"https:\/\/noticiasribeiraopreto.com.br\/index.php\/category\/noticias-de-ribeirao-preto-sp-e-regiao-ismael-colosi\/"},"img":{"alt_text":"","src":"https:\/\/i0.wp.com\/noticiasribeiraopreto.com.br\/wp-content\/uploads\/2023\/12\/carro-da-vitima.jpg?fit=899%2C721&ssl=1&resize=350%2C200","width":350,"height":200,"srcset":"https:\/\/i0.wp.com\/noticiasribeiraopreto.com.br\/wp-content\/uploads\/2023\/12\/carro-da-vitima.jpg?fit=899%2C721&ssl=1&resize=350%2C200 1x, https:\/\/i0.wp.com\/noticiasribeiraopreto.com.br\/wp-content\/uploads\/2023\/12\/carro-da-vitima.jpg?fit=899%2C721&ssl=1&resize=525%2C300 1.5x, https:\/\/i0.wp.com\/noticiasribeiraopreto.com.br\/wp-content\/uploads\/2023\/12\/carro-da-vitima.jpg?fit=899%2C721&ssl=1&resize=700%2C400 2x"},"classes":[]},{"id":75768,"url":"https:\/\/noticiasribeiraopreto.com.br\/index.php\/2025\/08\/15\/acusado-de-latrocinio-no-sul-e-preso-durante-fuga-na-regiao-de-ribeirao-preto\/","url_meta":{"origin":90888,"position":2},"title":"Acusado de latroc\u00ednio no Sul \u00e9 preso durante fuga na regi\u00e3o de Ribeir\u00e3o Preto","author":"noticiasribeiraopreto.com.br","date":"15 de August de 2025","format":false,"excerpt":"Um homem suspeito de roubar um carro e matar a v\u00edtima, em Itaja\u00ed (SC), foi preso nesta quinta-feira (14), durante fuga com a fam\u00edlia, ao passar por Prad\u00f3polis, a 30 quil\u00f4metros de Ribeir\u00e3o Preto. Segundo a PMR (Pol\u00edcia Militar Rodovi\u00e1ria), o homem estava com a mulher e uma crian\u00e7a de\u2026","rel":"","context":"In &quot;Not\u00edcias de Ribeir\u00e3o Preto-SP e Regi\u00e3o&quot;","block_context":{"text":"Not\u00edcias de Ribeir\u00e3o Preto-SP e Regi\u00e3o","link":"https:\/\/noticiasribeiraopreto.com.br\/index.php\/category\/noticias-de-ribeirao-preto-sp-e-regiao-ismael-colosi\/"},"img":{"alt_text":"","src":"https:\/\/i0.wp.com\/noticiasribeiraopreto.com.br\/wp-content\/uploads\/2025\/08\/LATROCINIO_2025-08-15_11-32-30.webp.webp?fit=1200%2C671&ssl=1&resize=350%2C200","width":350,"height":200,"srcset":"https:\/\/i0.wp.com\/noticiasribeiraopreto.com.br\/wp-content\/uploads\/2025\/08\/LATROCINIO_2025-08-15_11-32-30.webp.webp?fit=1200%2C671&ssl=1&resize=350%2C200 1x, https:\/\/i0.wp.com\/noticiasribeiraopreto.com.br\/wp-content\/uploads\/2025\/08\/LATROCINIO_2025-08-15_11-32-30.webp.webp?fit=1200%2C671&ssl=1&resize=525%2C300 1.5x, https:\/\/i0.wp.com\/noticiasribeiraopreto.com.br\/wp-content\/uploads\/2025\/08\/LATROCINIO_2025-08-15_11-32-30.webp.webp?fit=1200%2C671&ssl=1&resize=700%2C400 2x, https:\/\/i0.wp.com\/noticiasribeiraopreto.com.br\/wp-content\/uploads\/2025\/08\/LATROCINIO_2025-08-15_11-32-30.webp.webp?fit=1200%2C671&ssl=1&resize=1050%2C600 3x"},"classes":[]},{"id":90886,"url":"https:\/\/noticiasribeiraopreto.com.br\/index.php\/2026\/09\/01\/homem-e-encontrado-morto-com-marcas-de-facadas-em-ribeirao-preto\/","url_meta":{"origin":90888,"position":3},"title":"Homem \u00e9 encontrado morto com marcas de facadas em Ribeir\u00e3o Preto","author":"noticiasribeiraopreto.com.br","date":"1 de September de 2026","format":false,"excerpt":"A Pol\u00edcia Civil investiga a morte de um homem de 51 anos, cujo corpo foi localizado na noite da \u00faltima segunda-feira (31) dentro da resid\u00eancia onde morava, no bairro Jardim Castelo Branco II, na zona Leste de Ribeir\u00e3o Preto.\u00a0 Receba not\u00edcias do\u00a0acidade on Ribeir\u00e3o\u00a0no WhatsApp e fique por dentro de\u2026","rel":"","context":"In &quot;Not\u00edcias de Ribeir\u00e3o Preto-SP e Regi\u00e3o&quot;","block_context":{"text":"Not\u00edcias de Ribeir\u00e3o Preto-SP e Regi\u00e3o","link":"https:\/\/noticiasribeiraopreto.com.br\/index.php\/category\/noticias-de-ribeirao-preto-sp-e-regiao-ismael-colosi\/"},"img":{"alt_text":"","src":"https:\/\/i0.wp.com\/noticiasribeiraopreto.com.br\/wp-content\/uploads\/2026\/09\/latrocinio-castelo-branco-ii-2.jpeg?fit=1183%2C702&ssl=1&resize=350%2C200","width":350,"height":200,"srcset":"https:\/\/i0.wp.com\/noticiasribeiraopreto.com.br\/wp-content\/uploads\/2026\/09\/latrocinio-castelo-branco-ii-2.jpeg?fit=1183%2C702&ssl=1&resize=350%2C200 1x, https:\/\/i0.wp.com\/noticiasribeiraopreto.com.br\/wp-content\/uploads\/2026\/09\/latrocinio-castelo-branco-ii-2.jpeg?fit=1183%2C702&ssl=1&resize=525%2C300 1.5x, https:\/\/i0.wp.com\/noticiasribeiraopreto.com.br\/wp-content\/uploads\/2026\/09\/latrocinio-castelo-branco-ii-2.jpeg?fit=1183%2C702&ssl=1&resize=700%2C400 2x, https:\/\/i0.wp.com\/noticiasribeiraopreto.com.br\/wp-content\/uploads\/2026\/09\/latrocinio-castelo-branco-ii-2.jpeg?fit=1183%2C702&ssl=1&resize=1050%2C600 3x"},"classes":[]},{"id":59984,"url":"https:\/\/noticiasribeiraopreto.com.br\/index.php\/2024\/11\/03\/homem-e-morto-por-bandidos-durante-assalto-em-ribeirao-preto\/","url_meta":{"origin":90888,"position":4},"title":"Homem \u00e9 morto por bandidos durante assalto em Ribeir\u00e3o Preto","author":"noticiasribeiraopreto.com.br","date":"3 de November de 2024","format":false,"excerpt":"Um homem de 35 anos foi morto por bandidos na noite de s\u00e1bado (2) durante um assalto no Jardim Alexandre Balbo, na zona Norte de Ribeir\u00e3o Preto. A v\u00edtima estava no carro quando foi abordada por dois criminosos. Segundo a SSP-SP (Secretaria de Seguran\u00e7a P\u00fablica de S\u00e3o Paulo), os ladr\u00f5es\u2026","rel":"","context":"In &quot;Not\u00edcias de Ribeir\u00e3o Preto-SP e Regi\u00e3o&quot;","block_context":{"text":"Not\u00edcias de Ribeir\u00e3o Preto-SP e Regi\u00e3o","link":"https:\/\/noticiasribeiraopreto.com.br\/index.php\/category\/noticias-de-ribeirao-preto-sp-e-regiao-ismael-colosi\/"},"img":{"alt_text":"","src":"https:\/\/i0.wp.com\/noticiasribeiraopreto.com.br\/wp-content\/uploads\/2024\/11\/cpj_1024x576_04082020121137.jpg?fit=1024%2C575&ssl=1&resize=350%2C200","width":350,"height":200,"srcset":"https:\/\/i0.wp.com\/noticiasribeiraopreto.com.br\/wp-content\/uploads\/2024\/11\/cpj_1024x576_04082020121137.jpg?fit=1024%2C575&ssl=1&resize=350%2C200 1x, https:\/\/i0.wp.com\/noticiasribeiraopreto.com.br\/wp-content\/uploads\/2024\/11\/cpj_1024x576_04082020121137.jpg?fit=1024%2C575&ssl=1&resize=525%2C300 1.5x, https:\/\/i0.wp.com\/noticiasribeiraopreto.com.br\/wp-content\/uploads\/2024\/11\/cpj_1024x576_04082020121137.jpg?fit=1024%2C575&ssl=1&resize=700%2C400 2x"},"classes":[]},{"id":24275,"url":"https:\/\/noticiasribeiraopreto.com.br\/index.php\/2024\/01\/03\/policia-estabelece-segredo-de-justica-no-latrocinio-de-executivo-dos-eua\/","url_meta":{"origin":90888,"position":5},"title":"Pol\u00edcia estabelece segredo de Justi\u00e7a no latroc\u00ednio de executivo dos EUA","author":"noticiasribeiraopreto.com.br","date":"3 de January de 2024","format":false,"excerpt":"Caso vem sendo tratado como latroc\u00ednio e dados como a causa morte, motiva\u00e7\u00e3o e autoria s\u00e3o mantidos em segredo para que as investiga\u00e7\u00f5es avancem 3 de janeiro de 2024 | 15:46 2Por: Adalberto LuqueO delegado respons\u00e1vel pela Divis\u00e3o Especializada de Investiga\u00e7\u00f5es Criminais (DEIC) de Ribeir\u00e3o Preto, Kleber de Oliveira Granja,\u2026","rel":"","context":"In &quot;Not\u00edcias de Ribeir\u00e3o Preto-SP e Regi\u00e3o&quot;","block_context":{"text":"Not\u00edcias de Ribeir\u00e3o Preto-SP e Regi\u00e3o","link":"https:\/\/noticiasribeiraopreto.com.br\/index.php\/category\/noticias-de-ribeirao-preto-sp-e-regiao-ismael-colosi\/"},"img":{"alt_text":"","src":"https:\/\/i0.wp.com\/noticiasribeiraopreto.com.br\/wp-content\/uploads\/2024\/01\/416099194_682035960664762_8467959815340802390_n.jpg?fit=632%2C855&ssl=1&resize=350%2C200","width":350,"height":200,"srcset":"https:\/\/i0.wp.com\/noticiasribeiraopreto.com.br\/wp-content\/uploads\/2024\/01\/416099194_682035960664762_8467959815340802390_n.jpg?fit=632%2C855&ssl=1&resize=350%2C200 1x, https:\/\/i0.wp.com\/noticiasribeiraopreto.com.br\/wp-content\/uploads\/2024\/01\/416099194_682035960664762_8467959815340802390_n.jpg?fit=632%2C855&ssl=1&resize=525%2C300 1.5x"},"classes":[]}],"jetpack_sharing_enabled":true,"jetpack_shortlink":"https:\/\/wp.me\/peQAOb-nDW","jetpack_featured_media_url":"https:\/\/i0.wp.com\/noticiasribeiraopreto.com.br\/wp-content\/uploads\/2026\/09\/01-set-2026-latrocinio2.jpg?fit=912%2C508&ssl=1","_links":{"self":[{"href":"https:\/\/noticiasribeiraopreto.com.br\/index.php\/wp-json\/wp\/v2\/posts\/90888","targetHints":{"allow":["GET"]}}],"collection":[{"href":"https:\/\/noticiasribeiraopreto.com.br\/index.php\/wp-json\/wp\/v2\/posts"}],"about":[{"href":"https:\/\/noticiasribeiraopreto.com.br\/index.php\/wp-json\/wp\/v2\/types\/post"}],"author":[{"embeddable":true,"href":"https:\/\/noticiasribeiraopreto.com.br\/index.php\/wp-json\/wp\/v2\/users\/1"}],"replies":[{"embeddable":true,"href":"https:\/\/noticiasribeiraopreto.com.br\/index.php\/wp-json\/wp\/v2\/comments?post=90888"}],"version-history":[{"count":0,"href":"https:\/\/noticiasribeiraopreto.com.br\/index.php\/wp-json\/wp\/v2\/posts\/90888\/revisions"}],"wp:featuredmedia":[{"embeddable":true,"href":"https:\/\/noticiasribeiraopreto.com.br\/index.php\/wp-json\/wp\/v2\/media\/90889"}],"wp:attachment":[{"href":"https:\/\/noticiasribeiraopreto.com.br\/index.php\/wp-json\/wp\/v2\/media?parent=90888"}],"wp:term":[{"taxonomy":"category","embeddable":true,"href":"https:\/\/noticiasribeiraopreto.com.br\/index.php\/wp-json\/wp\/v2\/categories?post=90888"},{"taxonomy":"post_tag","embeddable":true,"href":"https:\/\/noticiasribeiraopreto.com.br\/index.php\/wp-json\/wp\/v2\/tags?post=90888"}],"curies":[{"name":"wp","href":"https:\/\/api.w.org\/{rel}","templated":true}]}}