{"id":90890,"date":"2026-09-01T13:03:58","date_gmt":"2026-09-01T16:03:58","guid":{"rendered":"https:\/\/noticiasribeiraopreto.com.br\/index.php\/2026\/09\/01\/artista-plastico-de-54-anos-e-preso-por-suspeita-de-vender-obras-e-nao-entregar\/"},"modified":"2026-09-01T13:03:58","modified_gmt":"2026-09-01T16:03:58","slug":"artista-plastico-de-54-anos-e-preso-por-suspeita-de-vender-obras-e-nao-entregar","status":"publish","type":"post","link":"https:\/\/noticiasribeiraopreto.com.br\/index.php\/2026\/09\/01\/artista-plastico-de-54-anos-e-preso-por-suspeita-de-vender-obras-e-nao-entregar\/","title":{"rendered":"Artista pl\u00e1stico de 54 anos \u00e9 preso por suspeita de vender obras e n\u00e3o entregar"},"content":{"rendered":"<div class='code-block code-block-1' style='margin: 8px 0 8px auto; text-align: right; display: block; clear: both;'>\n<p><a href=\"https:\/\/wa.link\/vpicfd\"><img data-recalc-dims=\"1\" class=\"wp-image-4922\" style=\"aspect-ratio: 2.0253164556962027; width: 561px; height: auto;\" src=\"https:\/\/i0.wp.com\/ismaelcolosi.com.br\/wp-content\/uploads\/2023\/11\/grupo-de-empregos-whatsapp-e-facebook-ismael-colosi-vagas.jpg?ssl=1\" alt=\"\" \/><\/a><\/p>\n<!-- \/wp:image -->\n<\/div>\n<p> <br \/>\n<\/p>\n<p>Um<strong> artista pl\u00e1stico de 54 anos<\/strong> foi preso na manh\u00e3 desta ter\u00e7a-feira (1\u00ba) em Ribeir\u00e3o Preto, suspeito de estelionato. Segundo a Pol\u00edcia Civil,<strong> Francisco Alberto Scarpellini Priolli <\/strong>recebia pagamentos por<strong> quadros personalizados<\/strong>, mas <strong>n\u00e3o realizava a entrega das obras aos clientes.<\/strong><\/p>\n<p>As investiga\u00e7\u00f5es apontam que o artista oferecia quadros personalizados a partir de fotos compartilhadas pelas v\u00edtimas nas redes sociais. <strong>O valor cobrado pelas obras variava entre R$ 500 e R$ 600.<\/strong><\/p>\n<p>Depois de receber os pagamentos, segundo a pol\u00edcia,<strong> ele deixava de responder \u00e0s mensagens e n\u00e3o entregava os quadros prometidos.<\/strong><\/p>\n<figure class=\"wp-block-gallery has-nested-images columns-default is-cropped wp-block-gallery-1 is-layout-flex wp-block-gallery-is-layout-flex\">\n<figure class=\"wp-block-image size-large\"><figcaption class=\"wp-element-caption\">Foto: Divulga\u00e7\u00e3o\/Pol\u00edcia Civil<\/figcaption><\/figure>\n<figure class=\"wp-block-image size-large\"><img data-recalc-dims=\"1\" loading=\"lazy\" decoding=\"async\" width=\"733\" height=\"922\" data-id=\"173229\" src=\"https:\/\/i0.wp.com\/www.acidadeon.com\/ribeiraopreto\/wp-content\/uploads\/sites\/3\/2026\/09\/WhatsApp-Image-2026-09-01-at-08.10.38.jpeg?resize=733%2C922&#038;ssl=1\" alt=\"WhatsApp Image 2026 09 01 at 08.10.38\" class=\"wp-image-173229\" title=\"Artista pl\u00e1stico de 54 anos \u00e9 preso por suspeita de vender obras e n\u00e3o entregar 2\"><figcaption class=\"wp-element-caption\">Foto: Divulga\u00e7\u00e3o\/Pol\u00edcia Civil<\/figcaption><\/figure>\n<\/figure>\n<p class=\"has-text-align-center has-small-font-size\"><em>Receba not\u00edcias do\u00a0<strong>acidade on Ribeir\u00e3o\u00a0<\/strong>no WhatsApp e fique por dentro de tudo! Basta acessar o link<a href=\"https:\/\/chat.whatsapp.com\/DfXwcjKVIddHUT3BvnQuPZ?mode=hqctshi\" target=\"_blank\" rel=\"noreferrer noopener\">\u00a0aqui<\/a>!<\/em><\/p>\n<h2 class=\"wp-block-heading\">Pol\u00edcia investiga den\u00fancias de v\u00edtimas<\/h2>\n<p><strong>Francisco morava em Barretos<\/strong> e, at\u00e9 o momento, a <strong>Pol\u00edcia Civil identificou ind\u00edcios de que ele atuava em cidades da regi\u00e3o<\/strong>. Pelo menos <strong>dez pessoas <\/strong>procuraram a pol\u00edcia e registraram den\u00fancias ap\u00f3s relatarem preju\u00edzos.<\/p>\n<p>O delegado Gustavo Coelho informou que o artista pl\u00e1stico afirmou, durante depoimento, que n\u00e3o entregou as obras devido a atrasos com fornecedores.<\/p>\n<p>A defesa de Francisco Alberto Scarpellini Priolli n\u00e3o foi localizada.<\/p>\n<div class=\"wp-block-image\">\n<figure class=\"aligncenter size-full\"><img data-recalc-dims=\"1\" loading=\"lazy\" decoding=\"async\" width=\"828\" height=\"461\" src=\"https:\/\/i0.wp.com\/www.acidadeon.com\/ribeiraopreto\/wp-content\/uploads\/sites\/3\/2026\/09\/image.png?resize=828%2C461&#038;ssl=1\" alt=\"image\" class=\"wp-image-173227\" title=\"Artista pl\u00e1stico de 54 anos \u00e9 preso por suspeita de vender obras e n\u00e3o entregar 3\"><figcaption class=\"wp-element-caption\">Foto: Divulga\u00e7\u00e3o\/Pol\u00edcia Civil<\/figcaption><\/figure>\n<\/div>\n<h2 class=\"wp-block-heading\">Artista pl\u00e1stico usava informa\u00e7\u00f5es de redes sociais<\/h2>\n<p>Ainda segundo a Pol\u00edcia Civil, o <strong>investigado utilizava informa\u00e7\u00f5es pessoais e familiares encontradas nas redes sociais das v\u00edtimas durante as conversas.<\/strong> De acordo com as investiga\u00e7\u00f5es, os dados ajudavam a criar uma rela\u00e7\u00e3o de confian\u00e7a com os clientes.<\/p>\n<p>As negocia\u00e7\u00f5es ocorriam por aplicativos de mensagens. Durante as conversas, o artista dizia morar em Uberl\u00e2ndia e informava que enviaria os quadros \u00e0s v\u00edtimas a partir da cidade.<\/p>\n<p>Ap\u00f3s receber os valores, por\u00e9m, ele interrompia o contato e n\u00e3o entregava as obras, segundo a pol\u00edcia.<\/p>\n<p class=\"has-text-align-center has-small-font-size\"><em>Fa\u00e7a uma den\u00fancia ou sugira uma reportagem sobre\u00a0<strong>Ribeir\u00e3o Preto\u00a0<\/strong>e regi\u00e3o por meio do WhatsApp do\u00a0<strong>acidade on Ribeir\u00e3o<\/strong>: (16) 99117-7802.<\/em><\/p>\n<h2 class=\"wp-block-heading\">Pol\u00edcia cumpriu mandados em Ribeir\u00e3o Preto<\/h2>\n<p>A Justi\u00e7a havia expedido um mandado de pris\u00e3o preventiva contra Francisco Alberto Scarpellini Priolli. Ele deve passar por audi\u00eancia de cust\u00f3dia ainda nesta ter\u00e7a-feira (1\u00ba).<\/p>\n<p>Al\u00e9m da pris\u00e3o, a Pol\u00edcia Civil cumpriu dois mandados de busca e apreens\u00e3o em endere\u00e7os vinculados ao investigado. Os policiais recolheram aparelhos celulares, equipamentos de inform\u00e1tica, documentos, registros de comunica\u00e7\u00e3o e outros objetos que podem contribuir com a investiga\u00e7\u00e3o.<\/p>\n<hr class=\"wp-block-separator has-alpha-channel-opacity\">\n<p>O post Artista pl\u00e1stico de 54 anos \u00e9 preso por suspeita de vender obras e n\u00e3o entregar apareceu primeiro em ACidade ON Ribeir\u00e3o Preto.<\/p>\n<p><br \/>\n<br \/><a href=\"https:\/\/www.acidadeon.com\/ribeiraopreto\/cotidiano\/artista-plastico-de-54-anos-e-preso-por-suspeita-de-vender-obras-e-nao-entregar\/\">Link para o texto original aqui <\/a><\/p>\n<!-- CONTENT END 1 -->\n","protected":false},"excerpt":{"rendered":"<p>Um artista pl\u00e1stico de 54 anos foi preso na manh\u00e3 desta ter\u00e7a-feira (1\u00ba) em Ribeir\u00e3o Preto, suspeito de estelionato. Segundo a Pol\u00edcia Civil, Francisco Alberto&#8230;<\/p>\n","protected":false},"author":1,"featured_media":90891,"comment_status":"","ping_status":"","sticky":false,"template":"","format":"standard","meta":{"advanced_seo_description":"","jetpack_seo_html_title":"","jetpack_seo_noindex":false,"jetpack_seo_schema_type":"","_jetpack_newsletter_access":"","_jetpack_dont_email_post_to_subs":false,"_jetpack_newsletter_tier_id":0,"_jetpack_memberships_contains_paywalled_content":false,"_jetpack_feature_clip_id":0,"_jetpack_memberships_contains_paid_content":false,"footnotes":"","jetpack_publicize_message":"","jetpack_publicize_feature_enabled":true,"jetpack_social_post_already_shared":true,"jetpack_social_options":{"image_generator_settings":{"template":"highway","default_image_id":0,"font":"","enabled":false},"version":2},"jetpack_post_was_ever_published":false},"categories":[11],"tags":[84,1429,4874,678,1059,5288,134,36,3966,6042],"class_list":["post-90890","post","type-post","status-publish","format-standard","has-post-thumbnail","hentry","category-noticias-de-ribeirao-preto-sp-e-regiao-ismael-colosi","tag-anos","tag-artista","tag-entregar","tag-nao","tag-obras","tag-plastico","tag-por","tag-preso","tag-suspeita","tag-vender"],"jetpack_publicize_connections":[],"jetpack-related-posts":[{"id":54436,"url":"https:\/\/noticiasribeiraopreto.com.br\/index.php\/2024\/07\/11\/morre-o-artista-plastico-thirso-cruz-autor-de-diversas-esculturas-por-ribeirao-preto\/","url_meta":{"origin":90890,"position":0},"title":"Morre o artista pl\u00e1stico Thirso Cruz, autor de diversas esculturas por Ribeir\u00e3o Preto","author":"noticiasribeiraopreto.com.br","date":"11 de July de 2024","format":false,"excerpt":"Morreu em Ribeir\u00e3o Preto, na \u00faltima ter\u00e7a-feira (9), o artista pl\u00e1stico Thirso Cruz, autor de esculturas como o \u201cTrabalhador do Caf\u00e9\u201d, na entrada da avenida do Caf\u00e9, e do \u201cMotoqueiro\u201d, da pra\u00e7a da B\u00edblia. Thirso Cruz tinha 86 anos e no final de junho foi internado em um hospital de\u2026","rel":"","context":"In &quot;Not\u00edcias de Ribeir\u00e3o Preto-SP e Regi\u00e3o&quot;","block_context":{"text":"Not\u00edcias de Ribeir\u00e3o Preto-SP e Regi\u00e3o","link":"https:\/\/noticiasribeiraopreto.com.br\/index.php\/category\/noticias-de-ribeirao-preto-sp-e-regiao-ismael-colosi\/"},"img":{"alt_text":"","src":"https:\/\/i0.wp.com\/noticiasribeiraopreto.com.br\/wp-content\/uploads\/2024\/07\/thirso-cruz_2024-07-10_18-20-41_jpeg_2024-07-10_18-20-42.webp.webp?fit=1200%2C674&ssl=1&resize=350%2C200","width":350,"height":200,"srcset":"https:\/\/i0.wp.com\/noticiasribeiraopreto.com.br\/wp-content\/uploads\/2024\/07\/thirso-cruz_2024-07-10_18-20-41_jpeg_2024-07-10_18-20-42.webp.webp?fit=1200%2C674&ssl=1&resize=350%2C200 1x, https:\/\/i0.wp.com\/noticiasribeiraopreto.com.br\/wp-content\/uploads\/2024\/07\/thirso-cruz_2024-07-10_18-20-41_jpeg_2024-07-10_18-20-42.webp.webp?fit=1200%2C674&ssl=1&resize=525%2C300 1.5x, https:\/\/i0.wp.com\/noticiasribeiraopreto.com.br\/wp-content\/uploads\/2024\/07\/thirso-cruz_2024-07-10_18-20-41_jpeg_2024-07-10_18-20-42.webp.webp?fit=1200%2C674&ssl=1&resize=700%2C400 2x, https:\/\/i0.wp.com\/noticiasribeiraopreto.com.br\/wp-content\/uploads\/2024\/07\/thirso-cruz_2024-07-10_18-20-41_jpeg_2024-07-10_18-20-42.webp.webp?fit=1200%2C674&ssl=1&resize=1050%2C600 3x"},"classes":[]},{"id":33641,"url":"https:\/\/noticiasribeiraopreto.com.br\/index.php\/2024\/01\/30\/artista-leopoldo-lima-da-nome-a-praca-em-rp\/","url_meta":{"origin":90890,"position":1},"title":"Artista Leopoldo Lima d\u00e1 nome \u00e0 pra\u00e7a em RP","author":"noticiasribeiraopreto.com.br","date":"30 de January de 2024","format":false,"excerpt":"Descerramento da placa marcou homenagem ao artista com presen\u00e7a de autoridades e familiares 30 de janeiro de 2024 | 10:4630 de janeiro de 2024 | 10:51 0No \u00faltimo s\u00e1bado, 27 de janeiro, a prefeitura de RP inaugurou oficialmente a pra\u00e7a Leopoldo Lima, localizada no bairro Jardim Manoel Penna. (Fernando Gonzaga)No\u2026","rel":"","context":"In &quot;Not\u00edcias de Ribeir\u00e3o Preto-SP e Regi\u00e3o&quot;","block_context":{"text":"Not\u00edcias de Ribeir\u00e3o Preto-SP e Regi\u00e3o","link":"https:\/\/noticiasribeiraopreto.com.br\/index.php\/category\/noticias-de-ribeirao-preto-sp-e-regiao-ismael-colosi\/"},"img":{"alt_text":"","src":"https:\/\/i0.wp.com\/noticiasribeiraopreto.com.br\/wp-content\/uploads\/2024\/01\/PracaLL-Fam-Fernando-Gonzaga-scaled.jpg?fit=967%2C645&ssl=1&resize=350%2C200","width":350,"height":200,"srcset":"https:\/\/i0.wp.com\/noticiasribeiraopreto.com.br\/wp-content\/uploads\/2024\/01\/PracaLL-Fam-Fernando-Gonzaga-scaled.jpg?fit=967%2C645&ssl=1&resize=350%2C200 1x, https:\/\/i0.wp.com\/noticiasribeiraopreto.com.br\/wp-content\/uploads\/2024\/01\/PracaLL-Fam-Fernando-Gonzaga-scaled.jpg?fit=967%2C645&ssl=1&resize=525%2C300 1.5x, https:\/\/i0.wp.com\/noticiasribeiraopreto.com.br\/wp-content\/uploads\/2024\/01\/PracaLL-Fam-Fernando-Gonzaga-scaled.jpg?fit=967%2C645&ssl=1&resize=700%2C400 2x"},"classes":[]},{"id":75704,"url":"https:\/\/noticiasribeiraopreto.com.br\/index.php\/2025\/08\/14\/lei-da-arte-atinge-358-edificios\/","url_meta":{"origin":90890,"position":2},"title":"Lei da arte atinge 358 edif\u00edcios","author":"noticiasribeiraopreto.com.br","date":"14 de August de 2025","format":false,"excerpt":"14 de agosto de 2025 08:120 Compartilhar0 Nos \u00faltimos dez anos, a lei municipal de Ribeir\u00e3o Preto que obriga edif\u00edcios com mais de dois mil metros quadrados a expor permanentemente uma obra de arte em local de acesso p\u00fablico atingiu 358 empreendimentos, m\u00e9dia de quase 36 por ano. O compromisso\u2026","rel":"","context":"In &quot;Not\u00edcias de Ribeir\u00e3o Preto-SP e Regi\u00e3o&quot;","block_context":{"text":"Not\u00edcias de Ribeir\u00e3o Preto-SP e Regi\u00e3o","link":"https:\/\/noticiasribeiraopreto.com.br\/index.php\/category\/noticias-de-ribeirao-preto-sp-e-regiao-ismael-colosi\/"},"img":{"alt_text":"","src":"https:\/\/i0.wp.com\/noticiasribeiraopreto.com.br\/wp-content\/uploads\/2025\/08\/ribeiraoat-08.09.57.jpeg?fit=1200%2C800&ssl=1&resize=350%2C200","width":350,"height":200,"srcset":"https:\/\/i0.wp.com\/noticiasribeiraopreto.com.br\/wp-content\/uploads\/2025\/08\/ribeiraoat-08.09.57.jpeg?fit=1200%2C800&ssl=1&resize=350%2C200 1x, https:\/\/i0.wp.com\/noticiasribeiraopreto.com.br\/wp-content\/uploads\/2025\/08\/ribeiraoat-08.09.57.jpeg?fit=1200%2C800&ssl=1&resize=525%2C300 1.5x, https:\/\/i0.wp.com\/noticiasribeiraopreto.com.br\/wp-content\/uploads\/2025\/08\/ribeiraoat-08.09.57.jpeg?fit=1200%2C800&ssl=1&resize=700%2C400 2x, https:\/\/i0.wp.com\/noticiasribeiraopreto.com.br\/wp-content\/uploads\/2025\/08\/ribeiraoat-08.09.57.jpeg?fit=1200%2C800&ssl=1&resize=1050%2C600 3x"},"classes":[]},{"id":60124,"url":"https:\/\/noticiasribeiraopreto.com.br\/index.php\/2024\/11\/06\/oficinas-desvendam-a-importancia-da-obra-do-artista-macale-para-ribeirao-preto\/","url_meta":{"origin":90890,"position":3},"title":"Oficinas desvendam a import\u00e2ncia da obra do artista Macal\u00e9 para Ribeir\u00e3o Preto","author":"noticiasribeiraopreto.com.br","date":"6 de November de 2024","format":false,"excerpt":"O Sesc Ribeir\u00e3o Preto entre 7 e 21 de novembro a s\u00e9rie de oficinas \u201cRetratos\u201d, que tem o intuito de retratar a obra e a vida do artista pl\u00e1stico Macal\u00e9. Ele estar\u00e1 presente no encerramento para um bate-papo e, tamb\u00e9m, na exposi\u00e7\u00e3o dos trabalhos realizados durante as aulas. As atividades\u2026","rel":"","context":"In &quot;Not\u00edcias de Ribeir\u00e3o Preto-SP e Regi\u00e3o&quot;","block_context":{"text":"Not\u00edcias de Ribeir\u00e3o Preto-SP e Regi\u00e3o","link":"https:\/\/noticiasribeiraopreto.com.br\/index.php\/category\/noticias-de-ribeirao-preto-sp-e-regiao-ismael-colosi\/"},"img":{"alt_text":"","src":"https:\/\/i0.wp.com\/noticiasribeiraopreto.com.br\/wp-content\/uploads\/2024\/11\/11.2024-Artes-Visuais-Retratos-4-664x332-1_2024-11-06_16-18-02_png_2024-11-06_16-18-02.webp.webp?fit=664%2C332&ssl=1&resize=350%2C200","width":350,"height":200,"srcset":"https:\/\/i0.wp.com\/noticiasribeiraopreto.com.br\/wp-content\/uploads\/2024\/11\/11.2024-Artes-Visuais-Retratos-4-664x332-1_2024-11-06_16-18-02_png_2024-11-06_16-18-02.webp.webp?fit=664%2C332&ssl=1&resize=350%2C200 1x, https:\/\/i0.wp.com\/noticiasribeiraopreto.com.br\/wp-content\/uploads\/2024\/11\/11.2024-Artes-Visuais-Retratos-4-664x332-1_2024-11-06_16-18-02_png_2024-11-06_16-18-02.webp.webp?fit=664%2C332&ssl=1&resize=525%2C300 1.5x"},"classes":[]},{"id":53314,"url":"https:\/\/noticiasribeiraopreto.com.br\/index.php\/2024\/06\/18\/parque-da-zona-sul-recebe-mostra-de-arte-em-comemoracao-ao-aniversario-de-ribeirao-preto\/","url_meta":{"origin":90890,"position":4},"title":"Parque da zona Sul recebe mostra de arte em comemora\u00e7\u00e3o ao anivers\u00e1rio de Ribeir\u00e3o Preto","author":"noticiasribeiraopreto.com.br","date":"18 de June de 2024","format":false,"excerpt":"O Parque das Artes, na zona Sul de Ribeir\u00e3o Preto recebe nesta quarta-feira (19), a Mostra de Arte Pafil, das 9h \u00e0s 13h, com entrada gratuita. O evento acontecer\u00e1 em comemora\u00e7\u00e3o ao anivers\u00e1rio de 168 anos da cidade. A mostra re\u00fane 13 artistas ribeir\u00e3o-pretanos e conta com a presen\u00e7a do\u2026","rel":"","context":"In &quot;Not\u00edcias de Ribeir\u00e3o Preto-SP e Regi\u00e3o&quot;","block_context":{"text":"Not\u00edcias de Ribeir\u00e3o Preto-SP e Regi\u00e3o","link":"https:\/\/noticiasribeiraopreto.com.br\/index.php\/category\/noticias-de-ribeirao-preto-sp-e-regiao-ismael-colosi\/"},"img":{"alt_text":"","src":"https:\/\/i0.wp.com\/noticiasribeiraopreto.com.br\/wp-content\/uploads\/2024\/06\/mostra-pafil-mosaico_2024-06-18_15-35-52_png_2024-06-18_15-35-52.webp.webp?fit=1200%2C675&ssl=1&resize=350%2C200","width":350,"height":200,"srcset":"https:\/\/i0.wp.com\/noticiasribeiraopreto.com.br\/wp-content\/uploads\/2024\/06\/mostra-pafil-mosaico_2024-06-18_15-35-52_png_2024-06-18_15-35-52.webp.webp?fit=1200%2C675&ssl=1&resize=350%2C200 1x, https:\/\/i0.wp.com\/noticiasribeiraopreto.com.br\/wp-content\/uploads\/2024\/06\/mostra-pafil-mosaico_2024-06-18_15-35-52_png_2024-06-18_15-35-52.webp.webp?fit=1200%2C675&ssl=1&resize=525%2C300 1.5x, https:\/\/i0.wp.com\/noticiasribeiraopreto.com.br\/wp-content\/uploads\/2024\/06\/mostra-pafil-mosaico_2024-06-18_15-35-52_png_2024-06-18_15-35-52.webp.webp?fit=1200%2C675&ssl=1&resize=700%2C400 2x, https:\/\/i0.wp.com\/noticiasribeiraopreto.com.br\/wp-content\/uploads\/2024\/06\/mostra-pafil-mosaico_2024-06-18_15-35-52_png_2024-06-18_15-35-52.webp.webp?fit=1200%2C675&ssl=1&resize=1050%2C600 3x"},"classes":[]},{"id":57425,"url":"https:\/\/noticiasribeiraopreto.com.br\/index.php\/2024\/08\/31\/ribeirao-preto-recebe-exposicao-gratuita-do-artista-plastico-macale-veja-onde\/","url_meta":{"origin":90890,"position":5},"title":"Ribeir\u00e3o Preto recebe exposi\u00e7\u00e3o gratuita do artista pl\u00e1stico Macal\u00e9; Veja onde","author":"noticiasribeiraopreto.com.br","date":"31 de August de 2024","format":false,"excerpt":"Ribeir\u00e3o Preto recebe a exposi\u00e7\u00e3o \u201cN\u00f3s na Multid\u00e3o\u201d, do artista pl\u00e1stico Jaime Domingos Cruz, o Macal\u00e9, radicado no munic\u00edpio, at\u00e9 o dia 29 de setembro. A mostra integra a programa\u00e7\u00e3o \u201cANO MACAL\u00c9\u201d e tem entrada gratuita. \u201cN\u00f3s na Multid\u00e3o\u201d celebra a obra e a trajet\u00f3ria de Jaime como artista e\u2026","rel":"","context":"In &quot;Not\u00edcias de Ribeir\u00e3o Preto-SP e Regi\u00e3o&quot;","block_context":{"text":"Not\u00edcias de Ribeir\u00e3o Preto-SP e Regi\u00e3o","link":"https:\/\/noticiasribeiraopreto.com.br\/index.php\/category\/noticias-de-ribeirao-preto-sp-e-regiao-ismael-colosi\/"},"img":{"alt_text":"","src":"https:\/\/i0.wp.com\/noticiasribeiraopreto.com.br\/wp-content\/uploads\/2024\/08\/Copia-de-Copia-de-Copia-de-TAMANHO-EXATO-PARA-FOTOS-NO-SISTEMA-NOVO-1_2024-08-31_16-08-47_jpg_2024-08-31_16-08-48.webp.webp?fit=1200%2C675&ssl=1&resize=350%2C200","width":350,"height":200,"srcset":"https:\/\/i0.wp.com\/noticiasribeiraopreto.com.br\/wp-content\/uploads\/2024\/08\/Copia-de-Copia-de-Copia-de-TAMANHO-EXATO-PARA-FOTOS-NO-SISTEMA-NOVO-1_2024-08-31_16-08-47_jpg_2024-08-31_16-08-48.webp.webp?fit=1200%2C675&ssl=1&resize=350%2C200 1x, https:\/\/i0.wp.com\/noticiasribeiraopreto.com.br\/wp-content\/uploads\/2024\/08\/Copia-de-Copia-de-Copia-de-TAMANHO-EXATO-PARA-FOTOS-NO-SISTEMA-NOVO-1_2024-08-31_16-08-47_jpg_2024-08-31_16-08-48.webp.webp?fit=1200%2C675&ssl=1&resize=525%2C300 1.5x, https:\/\/i0.wp.com\/noticiasribeiraopreto.com.br\/wp-content\/uploads\/2024\/08\/Copia-de-Copia-de-Copia-de-TAMANHO-EXATO-PARA-FOTOS-NO-SISTEMA-NOVO-1_2024-08-31_16-08-47_jpg_2024-08-31_16-08-48.webp.webp?fit=1200%2C675&ssl=1&resize=700%2C400 2x, https:\/\/i0.wp.com\/noticiasribeiraopreto.com.br\/wp-content\/uploads\/2024\/08\/Copia-de-Copia-de-Copia-de-TAMANHO-EXATO-PARA-FOTOS-NO-SISTEMA-NOVO-1_2024-08-31_16-08-47_jpg_2024-08-31_16-08-48.webp.webp?fit=1200%2C675&ssl=1&resize=1050%2C600 3x"},"classes":[]}],"jetpack_sharing_enabled":true,"jetpack_shortlink":"https:\/\/wp.me\/peQAOb-nDY","jetpack_featured_media_url":"https:\/\/i0.wp.com\/noticiasribeiraopreto.com.br\/wp-content\/uploads\/2026\/09\/artista-preso.jpg?fit=1200%2C675&ssl=1","_links":{"self":[{"href":"https:\/\/noticiasribeiraopreto.com.br\/index.php\/wp-json\/wp\/v2\/posts\/90890","targetHints":{"allow":["GET"]}}],"collection":[{"href":"https:\/\/noticiasribeiraopreto.com.br\/index.php\/wp-json\/wp\/v2\/posts"}],"about":[{"href":"https:\/\/noticiasribeiraopreto.com.br\/index.php\/wp-json\/wp\/v2\/types\/post"}],"author":[{"embeddable":true,"href":"https:\/\/noticiasribeiraopreto.com.br\/index.php\/wp-json\/wp\/v2\/users\/1"}],"replies":[{"embeddable":true,"href":"https:\/\/noticiasribeiraopreto.com.br\/index.php\/wp-json\/wp\/v2\/comments?post=90890"}],"version-history":[{"count":0,"href":"https:\/\/noticiasribeiraopreto.com.br\/index.php\/wp-json\/wp\/v2\/posts\/90890\/revisions"}],"wp:featuredmedia":[{"embeddable":true,"href":"https:\/\/noticiasribeiraopreto.com.br\/index.php\/wp-json\/wp\/v2\/media\/90891"}],"wp:attachment":[{"href":"https:\/\/noticiasribeiraopreto.com.br\/index.php\/wp-json\/wp\/v2\/media?parent=90890"}],"wp:term":[{"taxonomy":"category","embeddable":true,"href":"https:\/\/noticiasribeiraopreto.com.br\/index.php\/wp-json\/wp\/v2\/categories?post=90890"},{"taxonomy":"post_tag","embeddable":true,"href":"https:\/\/noticiasribeiraopreto.com.br\/index.php\/wp-json\/wp\/v2\/tags?post=90890"}],"curies":[{"name":"wp","href":"https:\/\/api.w.org\/{rel}","templated":true}]}}