{"id":90892,"date":"2026-09-01T13:06:13","date_gmt":"2026-09-01T16:06:13","guid":{"rendered":"https:\/\/noticiasribeiraopreto.com.br\/index.php\/2026\/09\/01\/preso-um-dos-suspeitos-de-latrocinio-de-empresario\/"},"modified":"2026-09-01T13:06:13","modified_gmt":"2026-09-01T16:06:13","slug":"preso-um-dos-suspeitos-de-latrocinio-de-empresario","status":"publish","type":"post","link":"https:\/\/noticiasribeiraopreto.com.br\/index.php\/2026\/09\/01\/preso-um-dos-suspeitos-de-latrocinio-de-empresario\/","title":{"rendered":"Preso um dos suspeitos de latroc\u00ednio de empres\u00e1rio"},"content":{"rendered":"<div class='code-block code-block-1' style='margin: 8px 0 8px auto; text-align: right; display: block; clear: both;'>\n<p><a href=\"https:\/\/wa.link\/vpicfd\"><img data-recalc-dims=\"1\" class=\"wp-image-4922\" style=\"aspect-ratio: 2.0253164556962027; width: 561px; height: auto;\" src=\"https:\/\/i0.wp.com\/ismaelcolosi.com.br\/wp-content\/uploads\/2023\/11\/grupo-de-empregos-whatsapp-e-facebook-ismael-colosi-vagas.jpg?ssl=1\" alt=\"\" \/><\/a><\/p>\n<!-- \/wp:image -->\n<\/div>\n<p> <br \/>\n<\/p>\n<div id=\"\">&#13;<\/p>\n<h2 class=\"penci-post-subtitle\">Homem conhecido como \u201cJoninha\u201d seria o piloto da moto e j\u00e1 teve passagens policiais quando era menor; suspeito negou participa\u00e7\u00e3o<\/h2>\n<p>&#13;<\/p>\n<p>&#13;<br \/>\n\t\t\t\t\t\t\t\t\t<span class=\"entry-meta-item penci-posted-on\"><i class=\"fa fa-clock-o\"\/><time class=\"entry-date published updated\" datetime=\"2026-09-01T13:05:56-03:00\">1 de setembro de 2026 13:05<\/time><\/span><span class=\"entry-meta-item penci-post-countview\"\/>\t\t\t\t\t\t\t\t<\/p>\n<p><!-- .entry-meta -->&#13;<br \/>\n\t\t\t\t\t\t\t\t<span class=\"penci-social-buttons penci-social-share-footer\"><span class=\"penci-social-share-text\">Compartilhar<\/span><a href=\"#\" class=\"penci-post-like penci_post-meta_item  single-like-button penci-social-item like\" data-post_id=\"475689\" title=\"Like\" data-like=\"Like\" data-unlike=\"Unlike\"><i class=\"fa fa-thumbs-o-up\"\/><span class=\"penci-share-number\">1<\/span><\/a><i class=\"fa fa-facebook\"\/><a class=\"penci-social-item twitter\" target=\"_blank\" rel=\"noopener\" title=\"\" href=\"https:\/\/twitter.com\/intent\/tweet?text=Preso%20um%20dos%20suspeitos%20de%20latroc\u00ednio%20de%20empres\u00e1rio%20-%20https:\/\/www.tribunaribeirao.com.br\/preso-um-dos-suspeitos-de-latrocinio-de-empresario\/\"><i class=\"fa fa-twitter\"\/><\/a><i class=\"fa fa-linkedin\"\/><i class=\"fa fa-whatsapp\"\/><i class=\"fa fa-telegram\"\/><i class=\"fa fa-envelope\"\/><\/span>\t\t\t\t\t\t\t<\/div>\n<div>\n<p>| Por: Adalberto Luque |<\/p>\n<p>Foi preso na manh\u00e3 desta ter\u00e7a-feira (1\u00ba) um dos homens apontados como autores do latroc\u00ednio do empres\u00e1rio Paulo de Tarso Vallini, de 69 anos, ocorrido em 13 de agosto. O suspeito, Jonas Matheus Campos Isac, conhecido como \u201cJoninha\u201d, de 19 anos, teve a pris\u00e3o tempor\u00e1ria decretada pela Justi\u00e7a e se apresentou na Divis\u00e3o Especializada de Investiga\u00e7\u00f5es Criminais (DEIC), no Centro de Ribeir\u00e3o Preto.<\/p>\n<p>Segundo o delegado respons\u00e1vel pelo departamento, Jos\u00e9 Carvalho de Ara\u00fajo J\u00fanior, \u201cJoninha\u201d estava acompanhado de seu advogado e, em seu primeiro depoimento, negou que estivesse pilotando a motocicleta durante o assalto que terminou com a morte do empres\u00e1rio.<\/p>\n<p>\u201cSeria importante a participa\u00e7\u00e3o dessa pessoa que se apresentou hoje para o encerramento desse inqu\u00e9rito policial, que foi em raz\u00e3o da morte daquele empres\u00e1rio\u201d, disse o delegado. Ele acrescentou: \u201cN\u00f3s estamos bem adiantados com rela\u00e7\u00e3o ao segundo participante, que foi realmente aquele que efetuou os disparos.\u201d<\/p>\n<p>Durante as investiga\u00e7\u00f5es, os policiais apuraram que um dos suspeitos teria entortado a placa da motocicleta para dificultar a identifica\u00e7\u00e3o do ve\u00edculo. A estrat\u00e9gia, por\u00e9m, n\u00e3o impediu que os investigadores chegassem a \u201cJoninha\u201d.<\/p>\n<p>Imagens de c\u00e2meras de seguran\u00e7a mostraram que a dupla seguiu Vallini durante todo o trajeto, desde a oficina do empres\u00e1rio, na Lagoinha, at\u00e9 a resid\u00eancia dele, na rua Guimar\u00e3es Passos.<\/p>\n<figure id=\"attachment_475690\" aria-describedby=\"caption-attachment-475690\" style=\"width: 1170px\" class=\"wp-caption alignnone\"><figcaption id=\"caption-attachment-475690\" class=\"wp-caption-text\">Apesar de negar participa\u00e7\u00e3o, Ara\u00fajo disse ter certeza de que \u201cJoninha\u201d era quem pilotava a moto (Foto: Alfredo Risk)<\/figcaption><\/figure>\n<p>O suspeito permaneceu preso, apesar de negar participa\u00e7\u00e3o no crime. O delegado afirmou que ele ser\u00e1 interrogado ao longo do per\u00edodo em que estiver detido e disse n\u00e3o ter d\u00favidas de que \u201cJoninha\u201d era quem conduzia a motocicleta.<\/p>\n<p><strong>Relembre o caso<\/strong><\/p>\n<p>Paulo de Tarso Vallini, de 69 anos, foi morto a tiros na manh\u00e3 de 13 de agosto, quando chegava de carro \u00e0 resid\u00eancia, na rua Guimar\u00e3es Passos, na Vila Seixas. O empres\u00e1rio aguardava a sa\u00edda de um ve\u00edculo que estava parado em frente \u00e0 garagem quando foi abordado por dois homens em uma motocicleta.<\/p>\n<p>Imagens analisadas na \u00e9poca mostraram um dos homens descendo da moto e se aproximando da porta do carro. Durante a abordagem, Vallini teria reagido e o suspeito efetuou os disparos. Em seguida, pegou algo pr\u00f3ximo \u00e0 porta do ve\u00edculo e voltou para a motocicleta, onde o comparsa o aguardava.<\/p>\n<p>Os dois homens fugiram pela rua, na contram\u00e3o. Vallini foi atingido por tr\u00eas disparos no t\u00f3rax. Equipes de resgate tentaram reanim\u00e1-lo, mas ele morreu no local.<\/p>\n<p>A investiga\u00e7\u00e3o passou a tratar o caso como latroc\u00ednio, hip\u00f3tese sustentada pela din\u00e2mica registrada nas imagens. Na ocasi\u00e3o, o empres\u00e1rio estava com uma corrente de ouro. Um rel\u00f3gio Rolex foi encontrado no bolso dele.<\/p>\n<p>Vallini mantinha uma oficina de restaura\u00e7\u00e3o de ve\u00edculos na regi\u00e3o da Lagoinha, zona Leste, onde tamb\u00e9m trabalhava com carros antigos para colecionadores. Ap\u00f3s o crime, o local foi examinado por policiais civis e peritos.<\/p>\n<div style=\"background-color: #f4f4f5; border: 1px solid #d4d4d8; padding: 15px; margin: 20px 0; border-radius: 6px; font-family: sans-serif; line-height: 1.5;\">\n    <span style=\"color: #27272a;\">Inscreva-se em nosso Canal no Whatsapp e fique por dentro de tudo que acontece na regi\u00e3o. <\/span><br \/>\n    <a href=\"https:\/\/whatsapp.com\/channel\/0029VanuE2o7z4kYjo0XVS3u\" target=\"_blank\" rel=\"noopener noreferrer\" style=\"color: #16a34a; font-weight: bold; text-decoration: underline;\">Clique Aqui!<\/a>\n<\/div>\n<\/div>\n<p><script async src=\"\/\/platform.twitter.com\/widgets.js\" charset=\"utf-8\"><\/script><br \/>\n<br \/><br \/>\n<br \/><a href=\"https:\/\/www.tribunaribeirao.com.br\/preso-um-dos-suspeitos-de-latrocinio-de-empresario\/\">Texto original daqui <\/a><\/p>\n<!-- CONTENT END 1 -->\n","protected":false},"excerpt":{"rendered":"<p>&#13; Homem conhecido como \u201cJoninha\u201d seria o piloto da moto e j\u00e1 teve passagens policiais quando era menor; suspeito negou participa\u00e7\u00e3o &#13; &#13; 1 de&#8230;<\/p>\n","protected":false},"author":1,"featured_media":90893,"comment_status":"","ping_status":"","sticky":false,"template":"","format":"standard","meta":{"advanced_seo_description":"","jetpack_seo_html_title":"","jetpack_seo_noindex":false,"jetpack_seo_schema_type":"","_jetpack_newsletter_access":"","_jetpack_dont_email_post_to_subs":false,"_jetpack_newsletter_tier_id":0,"_jetpack_memberships_contains_paywalled_content":false,"_jetpack_feature_clip_id":0,"_jetpack_memberships_contains_paid_content":false,"footnotes":"","jetpack_publicize_message":"","jetpack_publicize_feature_enabled":true,"jetpack_social_post_already_shared":true,"jetpack_social_options":{"image_generator_settings":{"template":"highway","default_image_id":0,"font":"","enabled":false},"version":2},"jetpack_post_was_ever_published":false},"categories":[11],"tags":[470,23,2270,36,110],"class_list":["post-90892","post","type-post","status-publish","format-standard","has-post-thumbnail","hentry","category-noticias-de-ribeirao-preto-sp-e-regiao-ismael-colosi","tag-dos","tag-empresario","tag-latrocinio","tag-preso","tag-suspeitos"],"jetpack_publicize_connections":[],"jetpack-related-posts":[{"id":32639,"url":"https:\/\/noticiasribeiraopreto.com.br\/index.php\/2024\/01\/25\/utm_sourcerssutm_mediumrssutm_campaignpoliciais-do-goe-e-da-dig-prendem-2o-suspeito-do-latrocinio-do-engenheiro-de-rp-a-prisao-ocorreu-em-diadema-sp\/","url_meta":{"origin":90892,"position":0},"title":"Policiais do GOE e da DIG prendem 2\u00ba suspeito do latroc\u00ednio do engenheiro de RP; a pris\u00e3o ocorreu em Diadema \u2013 SP \u2013 X Tudo Ribeir\u00e3o","author":"noticiasribeiraopreto.com.br","date":"25 de January de 2024","format":false,"excerpt":"A Pol\u00edcia Civil atrav\u00e9s do GOE e da DIG do Deinter 3 prendeu na manh\u00e3 desta quinta-feira (25\/1), em Diadema, o segundo suspeito de envolvimento no latroc\u00ednio (roubo seguido de morte) do engenheiro Beto Braga, que ocorreu no final do ano passado na cidade de Ribeir\u00e3o Preto.\u00a0 Segundo informa\u00e7\u00f5es da\u2026","rel":"","context":"In &quot;Not\u00edcias de Ribeir\u00e3o Preto-SP e Regi\u00e3o&quot;","block_context":{"text":"Not\u00edcias de Ribeir\u00e3o Preto-SP e Regi\u00e3o","link":"https:\/\/noticiasribeiraopreto.com.br\/index.php\/category\/noticias-de-ribeirao-preto-sp-e-regiao-ismael-colosi\/"},"img":{"alt_text":"","src":"https:\/\/i0.wp.com\/noticiasribeiraopreto.com.br\/wp-content\/uploads\/2024\/01\/WhatsApp-Image-2024-01-25-at-10.04.15.jpeg?fit=1200%2C705&ssl=1&resize=350%2C200","width":350,"height":200,"srcset":"https:\/\/i0.wp.com\/noticiasribeiraopreto.com.br\/wp-content\/uploads\/2024\/01\/WhatsApp-Image-2024-01-25-at-10.04.15.jpeg?fit=1200%2C705&ssl=1&resize=350%2C200 1x, https:\/\/i0.wp.com\/noticiasribeiraopreto.com.br\/wp-content\/uploads\/2024\/01\/WhatsApp-Image-2024-01-25-at-10.04.15.jpeg?fit=1200%2C705&ssl=1&resize=525%2C300 1.5x, https:\/\/i0.wp.com\/noticiasribeiraopreto.com.br\/wp-content\/uploads\/2024\/01\/WhatsApp-Image-2024-01-25-at-10.04.15.jpeg?fit=1200%2C705&ssl=1&resize=700%2C400 2x, https:\/\/i0.wp.com\/noticiasribeiraopreto.com.br\/wp-content\/uploads\/2024\/01\/WhatsApp-Image-2024-01-25-at-10.04.15.jpeg?fit=1200%2C705&ssl=1&resize=1050%2C600 3x"},"classes":[]},{"id":90659,"url":"https:\/\/noticiasribeiraopreto.com.br\/index.php\/2026\/08\/26\/video-policia-identifica-suspeito-de-latrocinio-em-rp\/","url_meta":{"origin":90892,"position":1},"title":"V\u00cdDEO &#8211; Pol\u00edcia identifica suspeito de latroc\u00ednio em RP","author":"noticiasribeiraopreto.com.br","date":"26 de August de 2026","format":false,"excerpt":"| Por: Adalberto Luque | A Delegacia de Investiga\u00e7\u00f5es Gerais da Divis\u00e3o Especializada de Investiga\u00e7\u00f5es Criminais (DIG\/DEIC), identificou um dos homens apontados como autores do latroc\u00ednio que matou o empres\u00e1rio Paulo de Tarso Vallini, de 69 anos, em 13 de agosto, na Vila Seixas, zona Leste de Ribeir\u00e3o Preto. O\u2026","rel":"","context":"In &quot;Not\u00edcias de Ribeir\u00e3o Preto-SP e Regi\u00e3o&quot;","block_context":{"text":"Not\u00edcias de Ribeir\u00e3o Preto-SP e Regi\u00e3o","link":"https:\/\/noticiasribeiraopreto.com.br\/index.php\/category\/noticias-de-ribeirao-preto-sp-e-regiao-ismael-colosi\/"},"img":{"alt_text":"","src":"https:\/\/i0.wp.com\/noticiasribeiraopreto.com.br\/wp-content\/uploads\/2026\/08\/26-ago-2026-latrocinioempresario1-scaled.jpg?fit=1200%2C664&ssl=1&resize=350%2C200","width":350,"height":200,"srcset":"https:\/\/i0.wp.com\/noticiasribeiraopreto.com.br\/wp-content\/uploads\/2026\/08\/26-ago-2026-latrocinioempresario1-scaled.jpg?fit=1200%2C664&ssl=1&resize=350%2C200 1x, https:\/\/i0.wp.com\/noticiasribeiraopreto.com.br\/wp-content\/uploads\/2026\/08\/26-ago-2026-latrocinioempresario1-scaled.jpg?fit=1200%2C664&ssl=1&resize=525%2C300 1.5x, https:\/\/i0.wp.com\/noticiasribeiraopreto.com.br\/wp-content\/uploads\/2026\/08\/26-ago-2026-latrocinioempresario1-scaled.jpg?fit=1200%2C664&ssl=1&resize=700%2C400 2x, https:\/\/i0.wp.com\/noticiasribeiraopreto.com.br\/wp-content\/uploads\/2026\/08\/26-ago-2026-latrocinioempresario1-scaled.jpg?fit=1200%2C664&ssl=1&resize=1050%2C600 3x"},"classes":[]},{"id":90882,"url":"https:\/\/noticiasribeiraopreto.com.br\/index.php\/2026\/09\/01\/acusado-envolvimento-morte-empresario-preso-ribeirao-preto\/","url_meta":{"origin":90892,"position":2},"title":"Acusado de envolvimento na morte de empres\u00e1rio \u00e9 preso em Ribeir\u00e3o Preto","author":"noticiasribeiraopreto.com.br","date":"1 de September de 2026","format":false,"excerpt":"Foi preso nesta ter\u00e7a-feira (1\u00ba de setembro) um dos homens acusados de envolvimento na morte do empres\u00e1rio Paulo de Tarso Vallini, de 69 anos. O crime aconteceu na Vila Seixas, na zona Sul de Ribeir\u00e3o Preto, no dia 13 de agosto. Jonas Matheus Campos Isac, conhecido como Joninha, de 19\u2026","rel":"","context":"In &quot;Not\u00edcias de Ribeir\u00e3o Preto-SP e Regi\u00e3o&quot;","block_context":{"text":"Not\u00edcias de Ribeir\u00e3o Preto-SP e Regi\u00e3o","link":"https:\/\/noticiasribeiraopreto.com.br\/index.php\/category\/noticias-de-ribeirao-preto-sp-e-regiao-ismael-colosi\/"},"img":{"alt_text":"","src":"https:\/\/i0.wp.com\/noticiasribeiraopreto.com.br\/wp-content\/uploads\/2026\/09\/jonas-matheus-campos-isac-joninha.jpeg?fit=1200%2C674&ssl=1&resize=350%2C200","width":350,"height":200,"srcset":"https:\/\/i0.wp.com\/noticiasribeiraopreto.com.br\/wp-content\/uploads\/2026\/09\/jonas-matheus-campos-isac-joninha.jpeg?fit=1200%2C674&ssl=1&resize=350%2C200 1x, https:\/\/i0.wp.com\/noticiasribeiraopreto.com.br\/wp-content\/uploads\/2026\/09\/jonas-matheus-campos-isac-joninha.jpeg?fit=1200%2C674&ssl=1&resize=525%2C300 1.5x, https:\/\/i0.wp.com\/noticiasribeiraopreto.com.br\/wp-content\/uploads\/2026\/09\/jonas-matheus-campos-isac-joninha.jpeg?fit=1200%2C674&ssl=1&resize=700%2C400 2x, https:\/\/i0.wp.com\/noticiasribeiraopreto.com.br\/wp-content\/uploads\/2026\/09\/jonas-matheus-campos-isac-joninha.jpeg?fit=1200%2C674&ssl=1&resize=1050%2C600 3x"},"classes":[]},{"id":89950,"url":"https:\/\/noticiasribeiraopreto.com.br\/index.php\/2026\/08\/13\/nos-leva-a-crer-em-latrocinio-diz-delegado-sobre-morte-de-empresario-em-ribeirao-preto\/","url_meta":{"origin":90892,"position":3},"title":"\u2018Nos leva a crer em latroc\u00ednio\u2019, diz delegado sobre morte de empres\u00e1rio em Ribeir\u00e3o Preto","author":"noticiasribeiraopreto.com.br","date":"13 de August de 2026","format":false,"excerpt":"A Pol\u00edcia Civil trabalha com a hip\u00f3tese de latroc\u00ednio na investiga\u00e7\u00e3o da morte do empres\u00e1rio Paulo de Tarso Vallini, de 69 anos, baleado na manh\u00e3 desta quinta-feira (13), na Vila Seixas, em Ribeir\u00e3o Preto. Segundo o delegado Jos\u00e9 Carvalho de Ara\u00fajo, da Delegacia Especializada de Investiga\u00e7\u00f5es Criminais (DEIC), a din\u00e2mica\u2026","rel":"","context":"In &quot;Not\u00edcias de Ribeir\u00e3o Preto-SP e Regi\u00e3o&quot;","block_context":{"text":"Not\u00edcias de Ribeir\u00e3o Preto-SP e Regi\u00e3o","link":"https:\/\/noticiasribeiraopreto.com.br\/index.php\/category\/noticias-de-ribeirao-preto-sp-e-regiao-ismael-colosi\/"},"img":{"alt_text":"","src":"https:\/\/i0.wp.com\/noticiasribeiraopreto.com.br\/wp-content\/uploads\/2026\/08\/1786656606_IDOSO-MORTO.jpg?fit=1200%2C675&ssl=1&resize=350%2C200","width":350,"height":200,"srcset":"https:\/\/i0.wp.com\/noticiasribeiraopreto.com.br\/wp-content\/uploads\/2026\/08\/1786656606_IDOSO-MORTO.jpg?fit=1200%2C675&ssl=1&resize=350%2C200 1x, https:\/\/i0.wp.com\/noticiasribeiraopreto.com.br\/wp-content\/uploads\/2026\/08\/1786656606_IDOSO-MORTO.jpg?fit=1200%2C675&ssl=1&resize=525%2C300 1.5x, https:\/\/i0.wp.com\/noticiasribeiraopreto.com.br\/wp-content\/uploads\/2026\/08\/1786656606_IDOSO-MORTO.jpg?fit=1200%2C675&ssl=1&resize=700%2C400 2x, https:\/\/i0.wp.com\/noticiasribeiraopreto.com.br\/wp-content\/uploads\/2026\/08\/1786656606_IDOSO-MORTO.jpg?fit=1200%2C675&ssl=1&resize=1050%2C600 3x"},"classes":[]},{"id":16870,"url":"https:\/\/noticiasribeiraopreto.com.br\/index.php\/2023\/12\/16\/policia-civil-de-ribeirao-preto-prende-acusado-de-sequestro-e-latrocinio\/","url_meta":{"origin":90892,"position":4},"title":"Pol\u00edcia Civil de Ribeir\u00e3o Preto prende acusado de sequestro e latroc\u00ednio","author":"noticiasribeiraopreto.com.br","date":"16 de December de 2023","format":false,"excerpt":"A Pol\u00edcia Civil prendeu neste s\u00e1bado (16) o acusado de ter sequestrado e matado outro homem em Ribeir\u00e3o Preto. O corpo da v\u00edtima, de 50 anos, foi encontrado em uma cova rasa aberta em uma fazenda de Serrana, na \u00faltima quinta-feira (14). A v\u00edtima vivia em Batatais e foi encontrada\u2026","rel":"","context":"In &quot;Not\u00edcias de Ribeir\u00e3o Preto-SP e Regi\u00e3o&quot;","block_context":{"text":"Not\u00edcias de Ribeir\u00e3o Preto-SP e Regi\u00e3o","link":"https:\/\/noticiasribeiraopreto.com.br\/index.php\/category\/noticias-de-ribeirao-preto-sp-e-regiao-ismael-colosi\/"},"img":{"alt_text":"","src":"https:\/\/i0.wp.com\/noticiasribeiraopreto.com.br\/wp-content\/uploads\/2023\/12\/carro-da-vitima.jpg?fit=899%2C721&ssl=1&resize=350%2C200","width":350,"height":200,"srcset":"https:\/\/i0.wp.com\/noticiasribeiraopreto.com.br\/wp-content\/uploads\/2023\/12\/carro-da-vitima.jpg?fit=899%2C721&ssl=1&resize=350%2C200 1x, https:\/\/i0.wp.com\/noticiasribeiraopreto.com.br\/wp-content\/uploads\/2023\/12\/carro-da-vitima.jpg?fit=899%2C721&ssl=1&resize=525%2C300 1.5x, https:\/\/i0.wp.com\/noticiasribeiraopreto.com.br\/wp-content\/uploads\/2023\/12\/carro-da-vitima.jpg?fit=899%2C721&ssl=1&resize=700%2C400 2x"},"classes":[]},{"id":83636,"url":"https:\/\/noticiasribeiraopreto.com.br\/index.php\/2026\/03\/23\/policia-civil-prende-suspeito-de-matar-homem-durante-assalto-em-ribeirao-preto\/","url_meta":{"origin":90892,"position":5},"title":"Pol\u00edcia Civil prende suspeito de matar homem durante assalto em Ribeir\u00e3o Preto","author":"noticiasribeiraopreto.com.br","date":"23 de March de 2026","format":false,"excerpt":"A Pol\u00edcia Civil prendeu nesta segunda-feira (23) o suspeito de um latroc\u00ednio ocorrido no \u00faltimo dia 20 de fevereiro, perto de um bar no Jardim Presidente Dutra I, zona Norte de Ribeir\u00e3o Preto. Segundo a pol\u00edcia, o homem preso, identificado como Thiago Daniel Freitas Garcia, conhecido como \u201cOreia\u201d, de 23\u2026","rel":"","context":"In &quot;Not\u00edcias de Ribeir\u00e3o Preto-SP e Regi\u00e3o&quot;","block_context":{"text":"Not\u00edcias de Ribeir\u00e3o Preto-SP e Regi\u00e3o","link":"https:\/\/noticiasribeiraopreto.com.br\/index.php\/category\/noticias-de-ribeirao-preto-sp-e-regiao-ismael-colosi\/"},"img":{"alt_text":"","src":"https:\/\/i0.wp.com\/noticiasribeiraopreto.com.br\/wp-content\/uploads\/2026\/03\/WhatsApp-Image-2026-03-23-at-06.47.27_2026-03-23_09-51-42.webp.webp?fit=1200%2C675&ssl=1&resize=350%2C200","width":350,"height":200,"srcset":"https:\/\/i0.wp.com\/noticiasribeiraopreto.com.br\/wp-content\/uploads\/2026\/03\/WhatsApp-Image-2026-03-23-at-06.47.27_2026-03-23_09-51-42.webp.webp?fit=1200%2C675&ssl=1&resize=350%2C200 1x, https:\/\/i0.wp.com\/noticiasribeiraopreto.com.br\/wp-content\/uploads\/2026\/03\/WhatsApp-Image-2026-03-23-at-06.47.27_2026-03-23_09-51-42.webp.webp?fit=1200%2C675&ssl=1&resize=525%2C300 1.5x, https:\/\/i0.wp.com\/noticiasribeiraopreto.com.br\/wp-content\/uploads\/2026\/03\/WhatsApp-Image-2026-03-23-at-06.47.27_2026-03-23_09-51-42.webp.webp?fit=1200%2C675&ssl=1&resize=700%2C400 2x, https:\/\/i0.wp.com\/noticiasribeiraopreto.com.br\/wp-content\/uploads\/2026\/03\/WhatsApp-Image-2026-03-23-at-06.47.27_2026-03-23_09-51-42.webp.webp?fit=1200%2C675&ssl=1&resize=1050%2C600 3x"},"classes":[]}],"jetpack_sharing_enabled":true,"jetpack_shortlink":"https:\/\/wp.me\/peQAOb-nE0","jetpack_featured_media_url":"https:\/\/i0.wp.com\/noticiasribeiraopreto.com.br\/wp-content\/uploads\/2026\/09\/26-ago-2026-latrocinioempresario3.jpg?fit=582%2C323&ssl=1","_links":{"self":[{"href":"https:\/\/noticiasribeiraopreto.com.br\/index.php\/wp-json\/wp\/v2\/posts\/90892","targetHints":{"allow":["GET"]}}],"collection":[{"href":"https:\/\/noticiasribeiraopreto.com.br\/index.php\/wp-json\/wp\/v2\/posts"}],"about":[{"href":"https:\/\/noticiasribeiraopreto.com.br\/index.php\/wp-json\/wp\/v2\/types\/post"}],"author":[{"embeddable":true,"href":"https:\/\/noticiasribeiraopreto.com.br\/index.php\/wp-json\/wp\/v2\/users\/1"}],"replies":[{"embeddable":true,"href":"https:\/\/noticiasribeiraopreto.com.br\/index.php\/wp-json\/wp\/v2\/comments?post=90892"}],"version-history":[{"count":0,"href":"https:\/\/noticiasribeiraopreto.com.br\/index.php\/wp-json\/wp\/v2\/posts\/90892\/revisions"}],"wp:featuredmedia":[{"embeddable":true,"href":"https:\/\/noticiasribeiraopreto.com.br\/index.php\/wp-json\/wp\/v2\/media\/90893"}],"wp:attachment":[{"href":"https:\/\/noticiasribeiraopreto.com.br\/index.php\/wp-json\/wp\/v2\/media?parent=90892"}],"wp:term":[{"taxonomy":"category","embeddable":true,"href":"https:\/\/noticiasribeiraopreto.com.br\/index.php\/wp-json\/wp\/v2\/categories?post=90892"},{"taxonomy":"post_tag","embeddable":true,"href":"https:\/\/noticiasribeiraopreto.com.br\/index.php\/wp-json\/wp\/v2\/tags?post=90892"}],"curies":[{"name":"wp","href":"https:\/\/api.w.org\/{rel}","templated":true}]}}