{"id":90894,"date":"2026-09-01T13:28:15","date_gmt":"2026-09-01T16:28:15","guid":{"rendered":"https:\/\/noticiasribeiraopreto.com.br\/index.php\/2026\/09\/01\/auxilio-aluguel-mulheres-violencia-ribeirao-preto\/"},"modified":"2026-09-01T13:28:15","modified_gmt":"2026-09-01T16:28:15","slug":"auxilio-aluguel-mulheres-violencia-ribeirao-preto","status":"publish","type":"post","link":"https:\/\/noticiasribeiraopreto.com.br\/index.php\/2026\/09\/01\/auxilio-aluguel-mulheres-violencia-ribeirao-preto\/","title":{"rendered":"Aux\u00edlio-Aluguel atende 513 mulheres v\u00edtimas de viol\u00eancia na regi\u00e3o de Ribeir\u00e3o Preto"},"content":{"rendered":"<div class='code-block code-block-1' style='margin: 8px 0 8px auto; text-align: right; display: block; clear: both;'>\n<p><a href=\"https:\/\/wa.link\/vpicfd\"><img data-recalc-dims=\"1\" class=\"wp-image-4922\" style=\"aspect-ratio: 2.0253164556962027; width: 561px; height: auto;\" src=\"https:\/\/i0.wp.com\/ismaelcolosi.com.br\/wp-content\/uploads\/2023\/11\/grupo-de-empregos-whatsapp-e-facebook-ismael-colosi-vagas.jpg?ssl=1\" alt=\"\" \/><\/a><\/p>\n<!-- \/wp:image -->\n<\/div>\n<p> <br \/>\n<\/p>\n<div>\n<p class=\"wp-block-paragraph\">A regi\u00e3o administrativa de <strong>Ribeir\u00e3o Preto teve 513 mulheres v\u00edtimas de viol\u00eancia dom\u00e9stica contempladas pelo Aux\u00edlio-Aluguel em agosto<\/strong>. O benef\u00edcio, concedido pelo Governo do Estado de S\u00e3o Paulo, representou um investimento de <strong>R$ 256,5 mil<\/strong> na regi\u00e3o.<\/p>\n<p class=\"wp-block-paragraph\">Em todo o estado, foram <strong>R$ 2,9 milh\u00f5es destinados a 5,8 mil mulheres<\/strong> somente no m\u00eas de agosto. Desde o in\u00edcio do programa, em fevereiro de 2025, <strong>mais de 9,9 mil mulheres j\u00e1 foram atendidas<\/strong>, com investimento superior a <strong>R$ 29,9 milh\u00f5es<\/strong>.<\/p>\n<p class=\"wp-block-paragraph\">Os dados foram divulgados pela <strong>Secretaria de Desenvolvimento Social do Estado de S\u00e3o Paulo (SEDS)<\/strong>. A iniciativa j\u00e1 chegou a <strong>593 munic\u00edpios paulistas<\/strong>, com a rede municipal de assist\u00eancia social atuando como porta de entrada para o benef\u00edcio.<\/p>\n<h2 class=\"wp-block-heading\">Como funciona o Aux\u00edlio-Aluguel<\/h2>\n<p class=\"wp-block-paragraph\">Criado para auxiliar mulheres que precisam se afastar de situa\u00e7\u00f5es de viol\u00eancia, o programa oferece <strong>R$ 500 por m\u00eas durante seis meses<\/strong>, com possibilidade de renova\u00e7\u00e3o por mais seis meses.<\/p>\n<p class=\"wp-block-paragraph\">A proposta \u00e9 garantir <strong>autonomia financeira e condi\u00e7\u00f5es para que as v\u00edtimas deixem rela\u00e7\u00f5es violentas com maior seguran\u00e7a<\/strong>.<\/p>\n<p class=\"wp-block-paragraph\">\u201cRomper o ciclo da viol\u00eancia dom\u00e9stica exige mais do que coragem, \u00e9 necess\u00e1rio apoio real e condi\u00e7\u00f5es concretas para um recome\u00e7o seguro. O Aux\u00edlio-Aluguel, al\u00e9m de um importante suporte financeiro, \u00e9 uma ferramenta de autonomia e dignidade para que essas mulheres possam reescrever suas hist\u00f3rias longe do medo\u201d, afirma a secret\u00e1ria de Desenvolvimento Social, Andrezza Rosal\u00e9m.<\/p>\n<p class=\"wp-block-paragraph\">Para ter acesso ao benef\u00edcio, \u00e9 necess\u00e1rio que a mulher:<\/p>\n<ul class=\"wp-block-list\">\n<li>tenha medida protetiva expedida pela Justi\u00e7a;<\/li>\n<li>resida no Estado de S\u00e3o Paulo;<\/li>\n<li>esteja em situa\u00e7\u00e3o de vulnerabilidade social;<\/li>\n<li>tenha renda, at\u00e9 o momento da separa\u00e7\u00e3o, de at\u00e9 dois sal\u00e1rios m\u00ednimos.<\/li>\n<\/ul>\n<p class=\"wp-block-paragraph\">O cadastramento \u00e9 realizado pela <strong>rede municipal de assist\u00eancia social<\/strong> das cidades participantes. Depois da an\u00e1lise e aprova\u00e7\u00e3o, o benef\u00edcio \u00e9 disponibilizado por meio de <strong>Poupan\u00e7a Social do Banco do Brasil<\/strong>, diretamente para a benefici\u00e1ria.<\/p>\n<p class=\"wp-block-paragraph\">Al\u00e9m do aux\u00edlio financeiro, o programa tamb\u00e9m busca integrar outras pol\u00edticas p\u00fablicas municipais, facilitando o acesso a <strong>servi\u00e7os de prote\u00e7\u00e3o social, orienta\u00e7\u00e3o e acompanhamento<\/strong>.<\/p>\n<h2 class=\"wp-block-heading\">Onde buscar ajuda<\/h2>\n<p class=\"wp-block-paragraph\">Mulheres v\u00edtimas de viol\u00eancia podem procurar atendimento em diferentes servi\u00e7os da rede p\u00fablica:<\/p>\n<ul class=\"wp-block-list\">\n<li><strong>Assist\u00eancia Social:<\/strong> CRAS, CREAS e Centros de Refer\u00eancia de Atendimento \u00e0 Mulher;<\/li>\n<li><strong>Sa\u00fade:<\/strong> UBS, pronto-socorros e hospitais;<\/li>\n<li><strong>Seguran\u00e7a P\u00fablica:<\/strong> DDM, distritos policiais, Pol\u00edcia Militar e Corpo de Bombeiros;<\/li>\n<li><strong>Sistema de Justi\u00e7a:<\/strong> Minist\u00e9rio P\u00fablico, Defensoria P\u00fablica e OAB;<\/li>\n<li><strong>Den\u00fancias e orienta\u00e7\u00f5es:<\/strong> Ligue <strong>180<\/strong> (Central de Atendimento \u00e0 Mulher) e <strong>190<\/strong> em casos de emerg\u00eancia.<\/li>\n<\/ul>\n<\/div>\n<p><br \/>\n<br \/><a href=\"https:\/\/thmais.com.br\/cidades\/ribeirao-preto\/auxilio-aluguel-mulheres-violencia-ribeirao-preto\/\">Link para o texto original aqui <\/a><\/p>\n<!-- CONTENT END 1 -->\n","protected":false},"excerpt":{"rendered":"<p>A regi\u00e3o administrativa de Ribeir\u00e3o Preto teve 513 mulheres v\u00edtimas de viol\u00eancia dom\u00e9stica contempladas pelo Aux\u00edlio-Aluguel em agosto. O benef\u00edcio, concedido pelo Governo do Estado&#8230;<\/p>\n","protected":false},"author":1,"featured_media":90895,"comment_status":"","ping_status":"","sticky":false,"template":"","format":"standard","meta":{"advanced_seo_description":"","jetpack_seo_html_title":"","jetpack_seo_noindex":false,"jetpack_seo_schema_type":"","_jetpack_newsletter_access":"","_jetpack_dont_email_post_to_subs":false,"_jetpack_newsletter_tier_id":0,"_jetpack_memberships_contains_paywalled_content":false,"_jetpack_feature_clip_id":0,"_jetpack_memberships_contains_paid_content":false,"footnotes":"","jetpack_publicize_message":"","jetpack_publicize_feature_enabled":true,"jetpack_social_post_already_shared":true,"jetpack_social_options":{"image_generator_settings":{"template":"highway","default_image_id":0,"font":"","enabled":false},"version":2},"jetpack_post_was_ever_published":false},"categories":[11],"tags":[7028,1138,8855,980,27,277,26,1587,1856],"class_list":["post-90894","post","type-post","status-publish","format-standard","has-post-thumbnail","hentry","category-noticias-de-ribeirao-preto-sp-e-regiao-ismael-colosi","tag-7028","tag-atende","tag-auxilioaluguel","tag-mulheres","tag-preto","tag-regiao","tag-ribeirao","tag-violencia","tag-vitimas"],"jetpack_publicize_connections":[],"jetpack-related-posts":[{"id":63757,"url":"https:\/\/noticiasribeiraopreto.com.br\/index.php\/2025\/02\/20\/ribeirao-vai-pagar-auxilio-para-mulheres-vitimas-de-violencia-domestica-veja-como-receber\/","url_meta":{"origin":90894,"position":0},"title":"Ribeir\u00e3o vai pagar aux\u00edlio para mulheres v\u00edtimas de viol\u00eancia dom\u00e9stica; veja como receber","author":"noticiasribeiraopreto.com.br","date":"20 de February de 2025","format":false,"excerpt":"Nesta quinta-feira (20), o prefeito de Ribeir\u00e3o Preto, Ricardo Silva (PSD), assinou o termo de ades\u00e3o ao Aux\u00edlio-Aluguel, programa destinado a apoiar mulheres v\u00edtimas de viol\u00eancia dom\u00e9stica. O valor mensal do benef\u00edcio \u00e9 de R$ 500, e pode ser concedido por at\u00e9 6 meses, com a possibilidade de prorroga\u00e7\u00e3o por\u2026","rel":"","context":"In &quot;Not\u00edcias de Ribeir\u00e3o Preto-SP e Regi\u00e3o&quot;","block_context":{"text":"Not\u00edcias de Ribeir\u00e3o Preto-SP e Regi\u00e3o","link":"https:\/\/noticiasribeiraopreto.com.br\/index.php\/category\/noticias-de-ribeirao-preto-sp-e-regiao-ismael-colosi\/"},"img":{"alt_text":"","src":"https:\/\/i0.wp.com\/noticiasribeiraopreto.com.br\/wp-content\/uploads\/2025\/02\/assinatura_ajuda_aluguel_mulheres_-_foto_fernando_gonzaga_7_2025-02-20_20-48-49_jpg_2025-02-20_20-48-50.webp.webp?fit=1200%2C800&ssl=1&resize=350%2C200","width":350,"height":200,"srcset":"https:\/\/i0.wp.com\/noticiasribeiraopreto.com.br\/wp-content\/uploads\/2025\/02\/assinatura_ajuda_aluguel_mulheres_-_foto_fernando_gonzaga_7_2025-02-20_20-48-49_jpg_2025-02-20_20-48-50.webp.webp?fit=1200%2C800&ssl=1&resize=350%2C200 1x, https:\/\/i0.wp.com\/noticiasribeiraopreto.com.br\/wp-content\/uploads\/2025\/02\/assinatura_ajuda_aluguel_mulheres_-_foto_fernando_gonzaga_7_2025-02-20_20-48-49_jpg_2025-02-20_20-48-50.webp.webp?fit=1200%2C800&ssl=1&resize=525%2C300 1.5x, https:\/\/i0.wp.com\/noticiasribeiraopreto.com.br\/wp-content\/uploads\/2025\/02\/assinatura_ajuda_aluguel_mulheres_-_foto_fernando_gonzaga_7_2025-02-20_20-48-49_jpg_2025-02-20_20-48-50.webp.webp?fit=1200%2C800&ssl=1&resize=700%2C400 2x, https:\/\/i0.wp.com\/noticiasribeiraopreto.com.br\/wp-content\/uploads\/2025\/02\/assinatura_ajuda_aluguel_mulheres_-_foto_fernando_gonzaga_7_2025-02-20_20-48-49_jpg_2025-02-20_20-48-50.webp.webp?fit=1200%2C800&ssl=1&resize=1050%2C600 3x"},"classes":[]},{"id":63764,"url":"https:\/\/noticiasribeiraopreto.com.br\/index.php\/2025\/02\/20\/ribeirao-vai-pagar-auxilio-para-mulheres-vitimas-de-violencia-domestica-veja-como-receber-2\/","url_meta":{"origin":90894,"position":1},"title":"Ribeir\u00e3o vai pagar aux\u00edlio para mulheres v\u00edtimas de viol\u00eancia dom\u00e9stica; veja como receber","author":"noticiasribeiraopreto.com.br","date":"20 de February de 2025","format":false,"excerpt":"Nesta quinta-feira (20), o prefeito de Ribeir\u00e3o Preto, Ricardo Silva (PSD), assinou o termo de ades\u00e3o ao Aux\u00edlio-Aluguel, programa destinado a apoiar mulheres v\u00edtimas de viol\u00eancia dom\u00e9stica. O valor mensal do benef\u00edcio \u00e9 de R$ 500, e pode ser concedido por at\u00e9 6 meses, com a possibilidade de prorroga\u00e7\u00e3o por\u2026","rel":"","context":"In &quot;Not\u00edcias de Ribeir\u00e3o Preto-SP e Regi\u00e3o&quot;","block_context":{"text":"Not\u00edcias de Ribeir\u00e3o Preto-SP e Regi\u00e3o","link":"https:\/\/noticiasribeiraopreto.com.br\/index.php\/category\/noticias-de-ribeirao-preto-sp-e-regiao-ismael-colosi\/"},"img":{"alt_text":"","src":"https:\/\/i0.wp.com\/noticiasribeiraopreto.com.br\/wp-content\/uploads\/2025\/02\/dinheiro_2025-02-17_12-54-22_jpg_2025-02-17_12-54-22.webp.webp?fit=1024%2C768&ssl=1&resize=350%2C200","width":350,"height":200,"srcset":"https:\/\/i0.wp.com\/noticiasribeiraopreto.com.br\/wp-content\/uploads\/2025\/02\/dinheiro_2025-02-17_12-54-22_jpg_2025-02-17_12-54-22.webp.webp?fit=1024%2C768&ssl=1&resize=350%2C200 1x, https:\/\/i0.wp.com\/noticiasribeiraopreto.com.br\/wp-content\/uploads\/2025\/02\/dinheiro_2025-02-17_12-54-22_jpg_2025-02-17_12-54-22.webp.webp?fit=1024%2C768&ssl=1&resize=525%2C300 1.5x, https:\/\/i0.wp.com\/noticiasribeiraopreto.com.br\/wp-content\/uploads\/2025\/02\/dinheiro_2025-02-17_12-54-22_jpg_2025-02-17_12-54-22.webp.webp?fit=1024%2C768&ssl=1&resize=700%2C400 2x"},"classes":[]},{"id":64397,"url":"https:\/\/noticiasribeiraopreto.com.br\/index.php\/2025\/03\/07\/delegacia-de-defesa-da-mulher-de-ribeirao-preto-passa-a-atender-24-horas\/","url_meta":{"origin":90894,"position":2},"title":"Delegacia de Defesa da Mulher de Ribeir\u00e3o Preto passa a atender 24 horas","author":"noticiasribeiraopreto.com.br","date":"7 de March de 2025","format":false,"excerpt":"A DDM (Delegacia de Defesa da Mulher) de Ribeir\u00e3o Preto passar\u00e1 a atender 24 horas a partir deste s\u00e1bado (8), data em que \u00e9 comemorado o Dia Internacional da Mulher. A unidade poder\u00e1 oferecer suporte a 93 cidades da regi\u00e3o. Segundo a SSP-SP (Secretaria de Seguran\u00e7a P\u00fablica de S\u00e3o Paulo),\u2026","rel":"","context":"In &quot;Not\u00edcias de Ribeir\u00e3o Preto-SP e Regi\u00e3o&quot;","block_context":{"text":"Not\u00edcias de Ribeir\u00e3o Preto-SP e Regi\u00e3o","link":"https:\/\/noticiasribeiraopreto.com.br\/index.php\/category\/noticias-de-ribeirao-preto-sp-e-regiao-ismael-colosi\/"},"img":{"alt_text":"","src":"https:\/\/i0.wp.com\/noticiasribeiraopreto.com.br\/wp-content\/uploads\/2025\/03\/ddm-ribeirao-preto_2025-03-07_18-48-54_jpg_2025-03-07_18-48-55.webp.webp?fit=1190%2C671&ssl=1&resize=350%2C200","width":350,"height":200,"srcset":"https:\/\/i0.wp.com\/noticiasribeiraopreto.com.br\/wp-content\/uploads\/2025\/03\/ddm-ribeirao-preto_2025-03-07_18-48-54_jpg_2025-03-07_18-48-55.webp.webp?fit=1190%2C671&ssl=1&resize=350%2C200 1x, https:\/\/i0.wp.com\/noticiasribeiraopreto.com.br\/wp-content\/uploads\/2025\/03\/ddm-ribeirao-preto_2025-03-07_18-48-54_jpg_2025-03-07_18-48-55.webp.webp?fit=1190%2C671&ssl=1&resize=525%2C300 1.5x, https:\/\/i0.wp.com\/noticiasribeiraopreto.com.br\/wp-content\/uploads\/2025\/03\/ddm-ribeirao-preto_2025-03-07_18-48-54_jpg_2025-03-07_18-48-55.webp.webp?fit=1190%2C671&ssl=1&resize=700%2C400 2x, https:\/\/i0.wp.com\/noticiasribeiraopreto.com.br\/wp-content\/uploads\/2025\/03\/ddm-ribeirao-preto_2025-03-07_18-48-54_jpg_2025-03-07_18-48-55.webp.webp?fit=1190%2C671&ssl=1&resize=1050%2C600 3x"},"classes":[]},{"id":80518,"url":"https:\/\/noticiasribeiraopreto.com.br\/index.php\/2025\/12\/04\/pm-de-ribeirao-preto-lanca-cabine-lilas-veja-o-que-e-e-como-utilizar-o-servico\/","url_meta":{"origin":90894,"position":3},"title":"PM de Ribeir\u00e3o Preto lan\u00e7a Cabine Lil\u00e1s; Veja o que \u00e9 e como utilizar o servi\u00e7o","author":"noticiasribeiraopreto.com.br","date":"4 de December de 2025","format":false,"excerpt":"O servi\u00e7o da Cabine Lil\u00e1s, voltado para atendimento especializado a mulheres v\u00edtimas de viol\u00eancia, foi inaugurado nesta quinta-feira (4), no Centro de Opera\u00e7\u00f5es da Pol\u00edcia Militar (Copom), no Comando de Policiamento do Interior (CPI) 3, em Ribeir\u00e3o Preto. A inaugura\u00e7\u00e3o aconteceu durante a comemora\u00e7\u00e3o pelos 50 anos de cria\u00e7\u00e3o do\u2026","rel":"","context":"In &quot;Not\u00edcias de Ribeir\u00e3o Preto-SP e Regi\u00e3o&quot;","block_context":{"text":"Not\u00edcias de Ribeir\u00e3o Preto-SP e Regi\u00e3o","link":"https:\/\/noticiasribeiraopreto.com.br\/index.php\/category\/noticias-de-ribeirao-preto-sp-e-regiao-ismael-colosi\/"},"img":{"alt_text":"","src":"https:\/\/i0.wp.com\/noticiasribeiraopreto.com.br\/wp-content\/uploads\/2025\/12\/cabine-lilas_2025-12-04_16-08-11.webp.webp?fit=1200%2C681&ssl=1&resize=350%2C200","width":350,"height":200,"srcset":"https:\/\/i0.wp.com\/noticiasribeiraopreto.com.br\/wp-content\/uploads\/2025\/12\/cabine-lilas_2025-12-04_16-08-11.webp.webp?fit=1200%2C681&ssl=1&resize=350%2C200 1x, https:\/\/i0.wp.com\/noticiasribeiraopreto.com.br\/wp-content\/uploads\/2025\/12\/cabine-lilas_2025-12-04_16-08-11.webp.webp?fit=1200%2C681&ssl=1&resize=525%2C300 1.5x, https:\/\/i0.wp.com\/noticiasribeiraopreto.com.br\/wp-content\/uploads\/2025\/12\/cabine-lilas_2025-12-04_16-08-11.webp.webp?fit=1200%2C681&ssl=1&resize=700%2C400 2x, https:\/\/i0.wp.com\/noticiasribeiraopreto.com.br\/wp-content\/uploads\/2025\/12\/cabine-lilas_2025-12-04_16-08-11.webp.webp?fit=1200%2C681&ssl=1&resize=1050%2C600 3x"},"classes":[]},{"id":89493,"url":"https:\/\/noticiasribeiraopreto.com.br\/index.php\/2026\/08\/06\/prisoes-em-flagrante-por-violencia-domestica-aumentam-257-no-primeiro-semestre\/","url_meta":{"origin":90894,"position":4},"title":"Pris\u00f5es em flagrante por viol\u00eancia dom\u00e9stica aumentam 25,7% no primeiro semestre","author":"noticiasribeiraopreto.com.br","date":"6 de August de 2026","format":false,"excerpt":"As pris\u00f5es em flagrante e apreens\u00f5es de adolescentes por viol\u00eancia dom\u00e9stica e familiar cresceram 25,7% no estado de S\u00e3o Paulo no primeiro semestre deste ano. Entre janeiro e junho, 10.924 autores foram detidos pelas for\u00e7as de seguran\u00e7a. No mesmo per\u00edodo do ano passado, aconteceram 8.692 deten\u00e7\u00f5es.A capital paulista concentrou o\u2026","rel":"","context":"In &quot;Not\u00edcias de Ribeir\u00e3o Preto-SP e Regi\u00e3o&quot;","block_context":{"text":"Not\u00edcias de Ribeir\u00e3o Preto-SP e Regi\u00e3o","link":"https:\/\/noticiasribeiraopreto.com.br\/index.php\/category\/noticias-de-ribeirao-preto-sp-e-regiao-ismael-colosi\/"},"img":{"alt_text":"","src":"https:\/\/i0.wp.com\/noticiasribeiraopreto.com.br\/wp-content\/uploads\/2026\/08\/mulher-e-ameacada-por-namorado-dentro-da-delegacia.jpeg?fit=1040%2C780&ssl=1&resize=350%2C200","width":350,"height":200,"srcset":"https:\/\/i0.wp.com\/noticiasribeiraopreto.com.br\/wp-content\/uploads\/2026\/08\/mulher-e-ameacada-por-namorado-dentro-da-delegacia.jpeg?fit=1040%2C780&ssl=1&resize=350%2C200 1x, https:\/\/i0.wp.com\/noticiasribeiraopreto.com.br\/wp-content\/uploads\/2026\/08\/mulher-e-ameacada-por-namorado-dentro-da-delegacia.jpeg?fit=1040%2C780&ssl=1&resize=525%2C300 1.5x, https:\/\/i0.wp.com\/noticiasribeiraopreto.com.br\/wp-content\/uploads\/2026\/08\/mulher-e-ameacada-por-namorado-dentro-da-delegacia.jpeg?fit=1040%2C780&ssl=1&resize=700%2C400 2x"},"classes":[]},{"id":89681,"url":"https:\/\/noticiasribeiraopreto.com.br\/index.php\/2026\/08\/10\/ribeirao-registra-mais-de-14-mil-violacoes-de-direitos-contra-a-mulher-em-2026\/","url_meta":{"origin":90894,"position":5},"title":"Ribeir\u00e3o registra mais de 1,4 mil viola\u00e7\u00f5es de direitos contra a mulher","author":"noticiasribeiraopreto.com.br","date":"10 de August de 2026","format":false,"excerpt":"\r \r \r 10 de agosto de 2026 07:009 de agosto de 2026 22:51 \r Compartilhar0 O Agosto Lil\u00e1s, m\u00eas dedicado \u00e0 conscientiza\u00e7\u00e3o e ao enfrentamento da viol\u00eancia contra a mulher, refor\u00e7a a import\u00e2ncia da informa\u00e7\u00e3o, da preven\u00e7\u00e3o e do acesso \u00e0 rede de prote\u00e7\u00e3o \u00e0s v\u00edtimas. A campanha, institu\u00edda\u2026","rel":"","context":"In &quot;Not\u00edcias de Ribeir\u00e3o Preto-SP e Regi\u00e3o&quot;","block_context":{"text":"Not\u00edcias de Ribeir\u00e3o Preto-SP e Regi\u00e3o","link":"https:\/\/noticiasribeiraopreto.com.br\/index.php\/category\/noticias-de-ribeirao-preto-sp-e-regiao-ismael-colosi\/"},"img":{"alt_text":"","src":"https:\/\/i0.wp.com\/noticiasribeiraopreto.com.br\/wp-content\/uploads\/2026\/08\/violencia.png?fit=567%2C374&ssl=1&resize=350%2C200","width":350,"height":200,"srcset":"https:\/\/i0.wp.com\/noticiasribeiraopreto.com.br\/wp-content\/uploads\/2026\/08\/violencia.png?fit=567%2C374&ssl=1&resize=350%2C200 1x, https:\/\/i0.wp.com\/noticiasribeiraopreto.com.br\/wp-content\/uploads\/2026\/08\/violencia.png?fit=567%2C374&ssl=1&resize=525%2C300 1.5x"},"classes":[]}],"jetpack_sharing_enabled":true,"jetpack_shortlink":"https:\/\/wp.me\/peQAOb-nE2","jetpack_featured_media_url":"https:\/\/i0.wp.com\/noticiasribeiraopreto.com.br\/wp-content\/uploads\/2026\/09\/cadf639a-ff2d-42c4-9b58-91a49b671910.jpeg?fit=1493%2C888&ssl=1","_links":{"self":[{"href":"https:\/\/noticiasribeiraopreto.com.br\/index.php\/wp-json\/wp\/v2\/posts\/90894","targetHints":{"allow":["GET"]}}],"collection":[{"href":"https:\/\/noticiasribeiraopreto.com.br\/index.php\/wp-json\/wp\/v2\/posts"}],"about":[{"href":"https:\/\/noticiasribeiraopreto.com.br\/index.php\/wp-json\/wp\/v2\/types\/post"}],"author":[{"embeddable":true,"href":"https:\/\/noticiasribeiraopreto.com.br\/index.php\/wp-json\/wp\/v2\/users\/1"}],"replies":[{"embeddable":true,"href":"https:\/\/noticiasribeiraopreto.com.br\/index.php\/wp-json\/wp\/v2\/comments?post=90894"}],"version-history":[{"count":0,"href":"https:\/\/noticiasribeiraopreto.com.br\/index.php\/wp-json\/wp\/v2\/posts\/90894\/revisions"}],"wp:featuredmedia":[{"embeddable":true,"href":"https:\/\/noticiasribeiraopreto.com.br\/index.php\/wp-json\/wp\/v2\/media\/90895"}],"wp:attachment":[{"href":"https:\/\/noticiasribeiraopreto.com.br\/index.php\/wp-json\/wp\/v2\/media?parent=90894"}],"wp:term":[{"taxonomy":"category","embeddable":true,"href":"https:\/\/noticiasribeiraopreto.com.br\/index.php\/wp-json\/wp\/v2\/categories?post=90894"},{"taxonomy":"post_tag","embeddable":true,"href":"https:\/\/noticiasribeiraopreto.com.br\/index.php\/wp-json\/wp\/v2\/tags?post=90894"}],"curies":[{"name":"wp","href":"https:\/\/api.w.org\/{rel}","templated":true}]}}