{"id":90896,"date":"2026-09-01T13:28:52","date_gmt":"2026-09-01T16:28:52","guid":{"rendered":"https:\/\/noticiasribeiraopreto.com.br\/index.php\/2026\/09\/01\/agua-na-cerveja-homem-e-preso-apos-golpe-com-pix\/"},"modified":"2026-09-01T13:28:52","modified_gmt":"2026-09-01T16:28:52","slug":"agua-na-cerveja-homem-e-preso-apos-golpe-com-pix","status":"publish","type":"post","link":"https:\/\/noticiasribeiraopreto.com.br\/index.php\/2026\/09\/01\/agua-na-cerveja-homem-e-preso-apos-golpe-com-pix\/","title":{"rendered":"\u00c1gua na cerveja: homem \u00e9 preso ap\u00f3s golpe com PIX"},"content":{"rendered":"<div class='code-block code-block-1' style='margin: 8px 0 8px auto; text-align: right; display: block; clear: both;'>\n<p><a href=\"https:\/\/wa.link\/vpicfd\"><img data-recalc-dims=\"1\" class=\"wp-image-4922\" style=\"aspect-ratio: 2.0253164556962027; width: 561px; height: auto;\" src=\"https:\/\/i0.wp.com\/ismaelcolosi.com.br\/wp-content\/uploads\/2023\/11\/grupo-de-empregos-whatsapp-e-facebook-ismael-colosi-vagas.jpg?ssl=1\" alt=\"\" \/><\/a><\/p>\n<!-- \/wp:image -->\n<\/div>\n<p> <br \/>\n<\/p>\n<div id=\"\">&#13;<\/p>\n<h2 class=\"penci-post-subtitle\">Suspeito teria realizado compras de cervejas totalizando alto valor, com pagamentos que foram posteriormente cancelados ou n\u00e3o chegaram a ser creditados<\/h2>\n<p>&#13;<\/p>\n<p>&#13;<br \/>\n\t\t\t\t\t\t\t\t\t<span class=\"entry-meta-item penci-posted-on\"><i class=\"fa fa-clock-o\"\/><time class=\"entry-date published updated\" datetime=\"2026-09-01T13:28:16-03:00\">1 de setembro de 2026 13:28<\/time><\/span><span class=\"entry-meta-item penci-post-countview\"\/>\t\t\t\t\t\t\t\t<\/p>\n<p><!-- .entry-meta -->&#13;<br \/>\n\t\t\t\t\t\t\t\t<span class=\"penci-social-buttons penci-social-share-footer\"><span class=\"penci-social-share-text\">Compartilhar<\/span><a href=\"#\" class=\"penci-post-like penci_post-meta_item  single-like-button penci-social-item like\" data-post_id=\"475693\" title=\"Like\" data-like=\"Like\" data-unlike=\"Unlike\"><i class=\"fa fa-thumbs-o-up\"\/><span class=\"penci-share-number\">2<\/span><\/a><i class=\"fa fa-facebook\"\/><a class=\"penci-social-item twitter\" target=\"_blank\" rel=\"noopener\" title=\"\" href=\"https:\/\/twitter.com\/intent\/tweet?text=\u00c1gua%20na%20cerveja:%20homem%20\u00e9%20preso%20ap\u00f3s%20golpe%20com%20PIX%20-%20https:\/\/www.tribunaribeirao.com.br\/agua-na-cerveja-homem-e-preso-apos-golpe-com-pix\/\"><i class=\"fa fa-twitter\"\/><\/a><i class=\"fa fa-linkedin\"\/><i class=\"fa fa-whatsapp\"\/><i class=\"fa fa-telegram\"\/><i class=\"fa fa-envelope\"\/><\/span>\t\t\t\t\t\t\t<\/div>\n<div>\n<p>| Por: Adalberto Luque |<\/p>\n<p>Um homem foi preso em flagrante na noite desta segunda-feira (31), ap\u00f3s ser apontado como respons\u00e1vel por compras de bebidas realizadas com pagamentos via PIX que posteriormente foram cancelados ou n\u00e3o chegaram a ser creditados. As mercadorias foram localizadas em uma \u00e1rea de lazer na rua Carlos da Justina, Parque das Gaivotas, zona Leste de Ribeir\u00e3o Preto.<\/p>\n<p>O caso foi notificado depois que a equipe de seguran\u00e7a de uma rede de supermercados identificou o ve\u00edculo utilizado para transportar os produtos e chegou ao endere\u00e7o. No local, foram encontradas centenas de caixas de cervejas e energ\u00e9ticos, al\u00e9m de dois celulares, cinco comprovantes de compra e o ve\u00edculo utilizado no transporte.<\/p>\n<p>Segundo a Pol\u00edcia Militar, havia dois homens na ch\u00e1cara. Um deles, apontado como respons\u00e1vel pelas compras, afirmou ter sido contratado por uma pessoa que n\u00e3o soube identificar. O outro disse que havia sido contratado apenas para fazer o transporte das mercadorias at\u00e9 Guarulhos (SP).<\/p>\n<p>Imagens das unidades do supermercado e o reconhecimento feito por um representante da empresa indicaram um dos homens como respons\u00e1vel pelas aquisi\u00e7\u00f5es.<\/p>\n<p>Ap\u00f3s a per\u00edcia, as mercadorias foram devolvidas ao representante do supermercado. Os dois homens foram levados para a Central de Pol\u00edcia Judici\u00e1ria (CPJ), no Centro, onde o delegado determinou a pris\u00e3o em flagrante do suspeito apontado como respons\u00e1vel pelas compras.<\/p>\n<p>Ele foi encaminhado para uma unidade prisional e permaneceu \u00e0 disposi\u00e7\u00e3o da Justi\u00e7a para responder por estelionato. O ve\u00edculo, os celulares, os comprovantes e as notas fiscais foram apreendidos.<\/p>\n<div style=\"background-color: #f4f4f5; border: 1px solid #d4d4d8; padding: 15px; margin: 20px 0; border-radius: 6px; font-family: sans-serif; line-height: 1.5;\">\n    <span style=\"color: #27272a;\">Inscreva-se em nosso Canal no Whatsapp e fique por dentro de tudo que acontece na regi\u00e3o. <\/span><br \/>\n    <a href=\"https:\/\/whatsapp.com\/channel\/0029VanuE2o7z4kYjo0XVS3u\" target=\"_blank\" rel=\"noopener noreferrer\" style=\"color: #16a34a; font-weight: bold; text-decoration: underline;\">Clique Aqui!<\/a>\n<\/div>\n<\/div>\n<p><script async src=\"\/\/platform.twitter.com\/widgets.js\" charset=\"utf-8\"><\/script><br \/>\n<br \/><br \/>\n<br \/><a href=\"https:\/\/www.tribunaribeirao.com.br\/agua-na-cerveja-homem-e-preso-apos-golpe-com-pix\/\">Texto original daqui <\/a><\/p>\n<!-- CONTENT END 1 -->\n","protected":false},"excerpt":{"rendered":"<p>&#13; Suspeito teria realizado compras de cervejas totalizando alto valor, com pagamentos que foram posteriormente cancelados ou n\u00e3o chegaram a ser creditados &#13; &#13; 1&#8230;<\/p>\n","protected":false},"author":1,"featured_media":90897,"comment_status":"","ping_status":"","sticky":false,"template":"","format":"standard","meta":{"advanced_seo_description":"","jetpack_seo_html_title":"","jetpack_seo_noindex":false,"jetpack_seo_schema_type":"","_jetpack_newsletter_access":"","_jetpack_dont_email_post_to_subs":false,"_jetpack_newsletter_tier_id":0,"_jetpack_memberships_contains_paywalled_content":false,"_jetpack_feature_clip_id":0,"_jetpack_memberships_contains_paid_content":false,"footnotes":"","jetpack_publicize_message":"","jetpack_publicize_feature_enabled":true,"jetpack_social_post_already_shared":true,"jetpack_social_options":{"image_generator_settings":{"template":"highway","default_image_id":0,"font":"","enabled":false},"version":2},"jetpack_post_was_ever_published":false},"categories":[11],"tags":[32,37,534,25,59,1778,36],"class_list":["post-90896","post","type-post","status-publish","format-standard","has-post-thumbnail","hentry","category-noticias-de-ribeirao-preto-sp-e-regiao-ismael-colosi","tag-agua","tag-apos","tag-cerveja","tag-golpe","tag-homem","tag-pix","tag-preso"],"jetpack_publicize_connections":[],"jetpack-related-posts":[{"id":50989,"url":"https:\/\/noticiasribeiraopreto.com.br\/index.php\/2024\/05\/22\/homem-e-preso-suspeito-de-furtar-cerveja-na-regiao-de-ribeirao-preto\/","url_meta":{"origin":90896,"position":0},"title":"Homem \u00e9 preso suspeito de furtar cerveja na regi\u00e3o de Ribeir\u00e3o Preto","author":"noticiasribeiraopreto.com.br","date":"22 de May de 2024","format":false,"excerpt":"Um homem de 34 anos foi preso na madrugada desta quarta-feira (22), suspeito de furtar dois fardos de cerveja em um supermercado de Jardin\u00f3polis, na regi\u00e3o de Ribeir\u00e3o Preto. Segundo o boletim de ocorr\u00eancia (BO), a PM (Pol\u00edcia Militar) encontrou o suspeito saindo de sua casa nas proximidades do estabelecimento,\u2026","rel":"","context":"In &quot;Not\u00edcias de Ribeir\u00e3o Preto-SP e Regi\u00e3o&quot;","block_context":{"text":"Not\u00edcias de Ribeir\u00e3o Preto-SP e Regi\u00e3o","link":"https:\/\/noticiasribeiraopreto.com.br\/index.php\/category\/noticias-de-ribeirao-preto-sp-e-regiao-ismael-colosi\/"},"img":{"alt_text":"","src":"https:\/\/i0.wp.com\/noticiasribeiraopreto.com.br\/wp-content\/uploads\/2024\/05\/HomempresoacusadodetentarfurtarcervejanaregiodeRibeiroPreto_Tamanho_2_image.jpg?fit=1200%2C900&ssl=1&resize=350%2C200","width":350,"height":200,"srcset":"https:\/\/i0.wp.com\/noticiasribeiraopreto.com.br\/wp-content\/uploads\/2024\/05\/HomempresoacusadodetentarfurtarcervejanaregiodeRibeiroPreto_Tamanho_2_image.jpg?fit=1200%2C900&ssl=1&resize=350%2C200 1x, https:\/\/i0.wp.com\/noticiasribeiraopreto.com.br\/wp-content\/uploads\/2024\/05\/HomempresoacusadodetentarfurtarcervejanaregiodeRibeiroPreto_Tamanho_2_image.jpg?fit=1200%2C900&ssl=1&resize=525%2C300 1.5x, https:\/\/i0.wp.com\/noticiasribeiraopreto.com.br\/wp-content\/uploads\/2024\/05\/HomempresoacusadodetentarfurtarcervejanaregiodeRibeiroPreto_Tamanho_2_image.jpg?fit=1200%2C900&ssl=1&resize=700%2C400 2x, https:\/\/i0.wp.com\/noticiasribeiraopreto.com.br\/wp-content\/uploads\/2024\/05\/HomempresoacusadodetentarfurtarcervejanaregiodeRibeiroPreto_Tamanho_2_image.jpg?fit=1200%2C900&ssl=1&resize=1050%2C600 3x"},"classes":[]},{"id":33787,"url":"https:\/\/noticiasribeiraopreto.com.br\/index.php\/2024\/01\/30\/ladrao-agride-idosa-com-mordidas-e-golpes-de-faca-na-zona-sul-de-ribeirao-preto\/","url_meta":{"origin":90896,"position":1},"title":"Ladr\u00e3o agride idosa com mordidas e golpes de faca na zona Sul de Ribeir\u00e3o Preto","author":"noticiasribeiraopreto.com.br","date":"30 de January de 2024","format":false,"excerpt":"Uma idosa de 64 anos foi violentamente agredida por um ladr\u00e3o que invadiu a casa onde ela mora no bairro Santa Cruz do Jos\u00e9 Jaques, na zona Sul de Ribeir\u00e3o Preto. O crime aconteceu na madrugada de s\u00e1bado (27). Segundo a pol\u00edcia, a v\u00edtima estava no quarto quando foi rendida\u2026","rel":"","context":"In &quot;Not\u00edcias de Ribeir\u00e3o Preto-SP e Regi\u00e3o&quot;","block_context":{"text":"Not\u00edcias de Ribeir\u00e3o Preto-SP e Regi\u00e3o","link":"https:\/\/noticiasribeiraopreto.com.br\/index.php\/category\/noticias-de-ribeirao-preto-sp-e-regiao-ismael-colosi\/"},"img":{"alt_text":"","src":"https:\/\/i0.wp.com\/noticiasribeiraopreto.com.br\/wp-content\/uploads\/2024\/01\/WhatsApp-Image-2024-01-30-at-18.08.45.jpeg?fit=1200%2C670&ssl=1&resize=350%2C200","width":350,"height":200,"srcset":"https:\/\/i0.wp.com\/noticiasribeiraopreto.com.br\/wp-content\/uploads\/2024\/01\/WhatsApp-Image-2024-01-30-at-18.08.45.jpeg?fit=1200%2C670&ssl=1&resize=350%2C200 1x, https:\/\/i0.wp.com\/noticiasribeiraopreto.com.br\/wp-content\/uploads\/2024\/01\/WhatsApp-Image-2024-01-30-at-18.08.45.jpeg?fit=1200%2C670&ssl=1&resize=525%2C300 1.5x, https:\/\/i0.wp.com\/noticiasribeiraopreto.com.br\/wp-content\/uploads\/2024\/01\/WhatsApp-Image-2024-01-30-at-18.08.45.jpeg?fit=1200%2C670&ssl=1&resize=700%2C400 2x, https:\/\/i0.wp.com\/noticiasribeiraopreto.com.br\/wp-content\/uploads\/2024\/01\/WhatsApp-Image-2024-01-30-at-18.08.45.jpeg?fit=1200%2C670&ssl=1&resize=1050%2C600 3x"},"classes":[]},{"id":20515,"url":"https:\/\/noticiasribeiraopreto.com.br\/index.php\/2023\/12\/25\/utm_sourcerssutm_mediumrssutm_campaignhomem-e-preso-apos-tentar-m4t4r-desafeto-com-golpes-de-paulada-na-cabeca-em-ribeirao-preto\/","url_meta":{"origin":90896,"position":2},"title":"Homem \u00e9 preso ap\u00f3s TENTAR M4T4R desafeto com golpes de paulada na cabe\u00e7a em Ribeir\u00e3o Preto \u2013 X Tudo Ribeir\u00e3o","author":"noticiasribeiraopreto.com.br","date":"25 de December de 2023","format":false,"excerpt":"Um homem foi preso pela PM (Pol\u00edcia Militar) ap\u00f3s tentar matar outro homem a pauladas durante uma briga na manh\u00e3 desta segunda-feira (25\/12), na avenida F\u00e1bio Barreto, no bairro Campos El\u00edseos em Ribeir\u00e3o Preto.\u00a0 Segundo informa\u00e7\u00f5es da PM, populares acionaram os Policiais versando sobre uma briga, onde teria um homem\u2026","rel":"","context":"In &quot;Not\u00edcias de Ribeir\u00e3o Preto-SP e Regi\u00e3o&quot;","block_context":{"text":"Not\u00edcias de Ribeir\u00e3o Preto-SP e Regi\u00e3o","link":"https:\/\/noticiasribeiraopreto.com.br\/index.php\/category\/noticias-de-ribeirao-preto-sp-e-regiao-ismael-colosi\/"},"img":{"alt_text":"","src":"https:\/\/i0.wp.com\/noticiasribeiraopreto.com.br\/wp-content\/uploads\/2023\/12\/ambulancia-samu.jpeg?fit=880%2C550&ssl=1&resize=350%2C200","width":350,"height":200,"srcset":"https:\/\/i0.wp.com\/noticiasribeiraopreto.com.br\/wp-content\/uploads\/2023\/12\/ambulancia-samu.jpeg?fit=880%2C550&ssl=1&resize=350%2C200 1x, https:\/\/i0.wp.com\/noticiasribeiraopreto.com.br\/wp-content\/uploads\/2023\/12\/ambulancia-samu.jpeg?fit=880%2C550&ssl=1&resize=525%2C300 1.5x, https:\/\/i0.wp.com\/noticiasribeiraopreto.com.br\/wp-content\/uploads\/2023\/12\/ambulancia-samu.jpeg?fit=880%2C550&ssl=1&resize=700%2C400 2x"},"classes":[]},{"id":32737,"url":"https:\/\/noticiasribeiraopreto.com.br\/index.php\/2024\/01\/26\/utm_sourcerssutm_mediumrssutm_campaignhomem-e-preso-apos-matar-sua-esposa-com-golpes-de-madeira-no-rosto-na-cidade-de-brodowski\/","url_meta":{"origin":90896,"position":3},"title":"Homem \u00e9 preso ap\u00f3s matar sua esposa com golpes de madeira no rosto na cidade de Brodowski \u2013 X Tudo Ribeir\u00e3o","author":"noticiasribeiraopreto.com.br","date":"26 de January de 2024","format":false,"excerpt":"Um valent\u00e3o foi preso pela PM (Pol\u00edcia Militar) ap\u00f3s matar sua esposa com golpes de madeira na tarde desta quinta-feira (25\/1), no Loteamento Parque do S\u00e1bia, na cidade de Brodowski.\u00a0 Segundo informa\u00e7\u00f5es da PM, populares acionaram os PMs atrav\u00e9s do telefone (190) versando sobre uma agress\u00e3o contra uma mulher que\u2026","rel":"","context":"In &quot;Not\u00edcias de Ribeir\u00e3o Preto-SP e Regi\u00e3o&quot;","block_context":{"text":"Not\u00edcias de Ribeir\u00e3o Preto-SP e Regi\u00e3o","link":"https:\/\/noticiasribeiraopreto.com.br\/index.php\/category\/noticias-de-ribeirao-preto-sp-e-regiao-ismael-colosi\/"},"img":{"alt_text":"","src":"https:\/\/i0.wp.com\/noticiasribeiraopreto.com.br\/wp-content\/uploads\/2024\/01\/WhatsApp-Image-2024-01-26-at-10.17.16-3.jpeg?fit=740%2C547&ssl=1&resize=350%2C200","width":350,"height":200,"srcset":"https:\/\/i0.wp.com\/noticiasribeiraopreto.com.br\/wp-content\/uploads\/2024\/01\/WhatsApp-Image-2024-01-26-at-10.17.16-3.jpeg?fit=740%2C547&ssl=1&resize=350%2C200 1x, https:\/\/i0.wp.com\/noticiasribeiraopreto.com.br\/wp-content\/uploads\/2024\/01\/WhatsApp-Image-2024-01-26-at-10.17.16-3.jpeg?fit=740%2C547&ssl=1&resize=525%2C300 1.5x, https:\/\/i0.wp.com\/noticiasribeiraopreto.com.br\/wp-content\/uploads\/2024\/01\/WhatsApp-Image-2024-01-26-at-10.17.16-3.jpeg?fit=740%2C547&ssl=1&resize=700%2C400 2x"},"classes":[]},{"id":45776,"url":"https:\/\/noticiasribeiraopreto.com.br\/index.php\/2024\/04\/07\/homem-e-preso-por-embriaguez-apos-provocar-dois-acidentes-em-ribeirao-preto\/","url_meta":{"origin":90896,"position":4},"title":"Homem \u00e9 preso por embriaguez ap\u00f3s provocar dois acidentes em Ribeir\u00e3o Preto","author":"noticiasribeiraopreto.com.br","date":"7 de April de 2024","format":false,"excerpt":"Um homem de 26 anos foi preso em flagrante depois de bater em dois carros em Ribeir\u00e3o Preto na madrugada de domingo (7). De acordo com a Pol\u00edcia Civil, o motorista estava embriagado. Segundo apura\u00e7\u00e3o da EPTV, o primeiro acidente aconteceu no cruzamento das avenidas Quito Junqueira com a Paschoal\u2026","rel":"","context":"In &quot;Not\u00edcias de Ribeir\u00e3o Preto-SP e Regi\u00e3o&quot;","block_context":{"text":"Not\u00edcias de Ribeir\u00e3o Preto-SP e Regi\u00e3o","link":"https:\/\/noticiasribeiraopreto.com.br\/index.php\/category\/noticias-de-ribeirao-preto-sp-e-regiao-ismael-colosi\/"},"img":{"alt_text":"","src":"https:\/\/i0.wp.com\/noticiasribeiraopreto.com.br\/wp-content\/uploads\/2024\/04\/cpj_1024x576_04082020121137.jpg?fit=1024%2C575&ssl=1&resize=350%2C200","width":350,"height":200,"srcset":"https:\/\/i0.wp.com\/noticiasribeiraopreto.com.br\/wp-content\/uploads\/2024\/04\/cpj_1024x576_04082020121137.jpg?fit=1024%2C575&ssl=1&resize=350%2C200 1x, https:\/\/i0.wp.com\/noticiasribeiraopreto.com.br\/wp-content\/uploads\/2024\/04\/cpj_1024x576_04082020121137.jpg?fit=1024%2C575&ssl=1&resize=525%2C300 1.5x, https:\/\/i0.wp.com\/noticiasribeiraopreto.com.br\/wp-content\/uploads\/2024\/04\/cpj_1024x576_04082020121137.jpg?fit=1024%2C575&ssl=1&resize=700%2C400 2x"},"classes":[]},{"id":39462,"url":"https:\/\/noticiasribeiraopreto.com.br\/index.php\/2024\/02\/26\/motorista-e-preso-por-embriaguez-apos-atropelar-motociclista-em-rp\/","url_meta":{"origin":90896,"position":5},"title":"Motorista \u00e9 preso por embriaguez ap\u00f3s atropelar motociclista em RP","author":"noticiasribeiraopreto.com.br","date":"26 de February de 2024","format":false,"excerpt":"Entregador foi socorrido inconsciente ap\u00f3s acidente onde motorista fugiu do local e teria jogado garrafas de cerveja pela janela do carro 26 de fevereiro de 2024 | 12:25 0Por: Adalberto LuqueUm homem de 44 anos foi preso, na madrugada desta segunda-feira (26), ap\u00f3s atropelar um motociclista que fazia entregas. O\u2026","rel":"","context":"In &quot;Not\u00edcias de Ribeir\u00e3o Preto-SP e Regi\u00e3o&quot;","block_context":{"text":"Not\u00edcias de Ribeir\u00e3o Preto-SP e Regi\u00e3o","link":"https:\/\/noticiasribeiraopreto.com.br\/index.php\/category\/noticias-de-ribeirao-preto-sp-e-regiao-ismael-colosi\/"},"img":{"alt_text":"","src":"https:\/\/i0.wp.com\/noticiasribeiraopreto.com.br\/wp-content\/uploads\/2024\/02\/1708961597_hcemergencia.jpg?fit=800%2C500&ssl=1&resize=350%2C200","width":350,"height":200,"srcset":"https:\/\/i0.wp.com\/noticiasribeiraopreto.com.br\/wp-content\/uploads\/2024\/02\/1708961597_hcemergencia.jpg?fit=800%2C500&ssl=1&resize=350%2C200 1x, https:\/\/i0.wp.com\/noticiasribeiraopreto.com.br\/wp-content\/uploads\/2024\/02\/1708961597_hcemergencia.jpg?fit=800%2C500&ssl=1&resize=525%2C300 1.5x, https:\/\/i0.wp.com\/noticiasribeiraopreto.com.br\/wp-content\/uploads\/2024\/02\/1708961597_hcemergencia.jpg?fit=800%2C500&ssl=1&resize=700%2C400 2x"},"classes":[]}],"jetpack_sharing_enabled":true,"jetpack_shortlink":"https:\/\/wp.me\/peQAOb-nE4","jetpack_featured_media_url":"https:\/\/i0.wp.com\/noticiasribeiraopreto.com.br\/wp-content\/uploads\/2026\/09\/01-set-2026-golpedacerveja1-scaled.jpg?fit=1200%2C675&ssl=1","_links":{"self":[{"href":"https:\/\/noticiasribeiraopreto.com.br\/index.php\/wp-json\/wp\/v2\/posts\/90896","targetHints":{"allow":["GET"]}}],"collection":[{"href":"https:\/\/noticiasribeiraopreto.com.br\/index.php\/wp-json\/wp\/v2\/posts"}],"about":[{"href":"https:\/\/noticiasribeiraopreto.com.br\/index.php\/wp-json\/wp\/v2\/types\/post"}],"author":[{"embeddable":true,"href":"https:\/\/noticiasribeiraopreto.com.br\/index.php\/wp-json\/wp\/v2\/users\/1"}],"replies":[{"embeddable":true,"href":"https:\/\/noticiasribeiraopreto.com.br\/index.php\/wp-json\/wp\/v2\/comments?post=90896"}],"version-history":[{"count":0,"href":"https:\/\/noticiasribeiraopreto.com.br\/index.php\/wp-json\/wp\/v2\/posts\/90896\/revisions"}],"wp:featuredmedia":[{"embeddable":true,"href":"https:\/\/noticiasribeiraopreto.com.br\/index.php\/wp-json\/wp\/v2\/media\/90897"}],"wp:attachment":[{"href":"https:\/\/noticiasribeiraopreto.com.br\/index.php\/wp-json\/wp\/v2\/media?parent=90896"}],"wp:term":[{"taxonomy":"category","embeddable":true,"href":"https:\/\/noticiasribeiraopreto.com.br\/index.php\/wp-json\/wp\/v2\/categories?post=90896"},{"taxonomy":"post_tag","embeddable":true,"href":"https:\/\/noticiasribeiraopreto.com.br\/index.php\/wp-json\/wp\/v2\/tags?post=90896"}],"curies":[{"name":"wp","href":"https:\/\/api.w.org\/{rel}","templated":true}]}}