{"id":90898,"date":"2026-09-01T14:23:13","date_gmt":"2026-09-01T17:23:13","guid":{"rendered":"https:\/\/noticiasribeiraopreto.com.br\/index.php\/2026\/09\/01\/hospital-das-clinicas-abre-inscricoes-para-curso-tecnico-gratuito-de-enfermagem\/"},"modified":"2026-09-01T14:23:13","modified_gmt":"2026-09-01T17:23:13","slug":"hospital-das-clinicas-abre-inscricoes-para-curso-tecnico-gratuito-de-enfermagem","status":"publish","type":"post","link":"https:\/\/noticiasribeiraopreto.com.br\/index.php\/2026\/09\/01\/hospital-das-clinicas-abre-inscricoes-para-curso-tecnico-gratuito-de-enfermagem\/","title":{"rendered":"Hospital das Cl\u00ednicas abre inscri\u00e7\u00f5es para curso t\u00e9cnico gratuito de enfermagem"},"content":{"rendered":"<div class='code-block code-block-1' style='margin: 8px 0 8px auto; text-align: right; display: block; clear: both;'>\n<p><a href=\"https:\/\/wa.link\/vpicfd\"><img data-recalc-dims=\"1\" class=\"wp-image-4922\" style=\"aspect-ratio: 2.0253164556962027; width: 561px; height: auto;\" src=\"https:\/\/i0.wp.com\/ismaelcolosi.com.br\/wp-content\/uploads\/2023\/11\/grupo-de-empregos-whatsapp-e-facebook-ismael-colosi-vagas.jpg?ssl=1\" alt=\"\" \/><\/a><\/p>\n<!-- \/wp:image -->\n<\/div>\n<p> <br \/>\n<\/p>\n<p>O <strong>Centro Interescolar do Hospital das Cl\u00ednicas <\/strong>da <strong>Faculdade de Medicina de Ribeir\u00e3o Preto (HCFMRP-USP)<\/strong> abriu inscri\u00e7\u00f5es para o <strong>processo seletivo<\/strong> do <strong>curso t\u00e9cnico em enfermagem<\/strong>.<\/p>\n<p>Ao todo, s\u00e3o oferecidas <strong>160 vagas divididas nos per\u00edodos da manh\u00e3, tarde e noite<\/strong> \u2013 saiba mais logo abaixo.<\/p>\n<p>As inscri\u00e7\u00f5es devem ser feitas exclusivamente pela <strong>internet (<a href=\"https:\/\/www.hcribeirao.sp.gov.br\/hcfmrp\" target=\"_blank\" data-type=\"link\" data-id=\"https:\/\/www.hcribeirao.sp.gov.br\/hcfmrp\" rel=\"noreferrer noopener\">clique aqui<\/a>) at\u00e9 o dia 18 de setembro de 2026<\/strong>. <mark class=\"has-inline-color\">A taxa de inscri\u00e7\u00e3o \u00e9 de R$ 84,52.<\/mark><\/p>\n<p>O <strong>curso \u00e9 gratuito<\/strong> e integra o eixo tecnol\u00f3gico de Ambiente e Sa\u00fade, preparando profissionais para atua\u00e7\u00e3o na \u00e1rea de enfermagem por meio de aulas te\u00f3ricas, pr\u00e1ticas e est\u00e1gios supervisionados.<\/p>\n<figure class=\"wp-block-image size-large\"><figcaption class=\"wp-element-caption\">Hospital das Cl\u00ednicas publica processo seletivo para curso de t\u00e9cnico de enfermagem \u2013 Foto: Divulga\u00e7\u00e3o.<br \/><\/figcaption><\/figure>\n<p class=\"has-text-align-center has-cyan-bluish-gray-background-color has-background\"><em>Receba not\u00edcias do\u00a0<strong>acidade on Ribeir\u00e3o\u00a0<\/strong>no WhatsApp e fique por dentro de tudo! Basta acessar o link<a href=\"https:\/\/chat.whatsapp.com\/DfXwcjKVIddHUT3BvnQuPZ?mode=hqctshi\" target=\"_blank\" rel=\"noreferrer noopener\">\u00a0aqui<\/a>!<\/em><\/p>\n<h2 class=\"wp-block-heading\"><strong>Quem pode se inscrever no curso t\u00e9cnico em Enfermagem?<\/strong><\/h2>\n<p>Para participar do processo seletivo do hospital, deve ter <strong>18 anos completos at\u00e9 a data da matr\u00edcula<\/strong> e <strong>possuir certificado de conclus\u00e3o do Ensino M\u00e9dio <\/strong>ou declara\u00e7\u00e3o de conclus\u00e3o emitida pela escola.<\/p>\n<h2 class=\"wp-block-heading\"><strong>Como ser\u00e1 a prova do processo seletivo?<\/strong><\/h2>\n<p>O exame de sele\u00e7\u00e3o ser\u00e1 composto por uma prova objetiva com 50 quest\u00f5es de m\u00faltipla escolha de n\u00edvel m\u00e9dio. A avalia\u00e7\u00e3o ter\u00e1 a seguinte distribui\u00e7\u00e3o:<\/p>\n<ul class=\"wp-block-list\">\n<li>15 quest\u00f5es de Portugu\u00eas;<\/li>\n<li>10 quest\u00f5es de Matem\u00e1tica;<\/li>\n<li>15 quest\u00f5es de Biologia;<\/li>\n<li>10 quest\u00f5es de Inform\u00e1tica.<\/li>\n<\/ul>\n<p>Cada quest\u00e3o valer\u00e1 dois pontos, totalizando 100 pontos. Para ser considerado habilitado, o candidato dever\u00e1 obter nota m\u00ednima de 50 pontos. A prova ter\u00e1 dura\u00e7\u00e3o de tr\u00eas horas.<\/p>\n<figure class=\"wp-block-image size-large\"><img data-recalc-dims=\"1\" loading=\"lazy\" decoding=\"async\" width=\"1024\" height=\"736\" src=\"https:\/\/i0.wp.com\/www.acidadeon.com\/ribeiraopreto\/wp-content\/uploads\/sites\/3\/2024\/09\/hc-ribeirao-preto_2024-09-19_13-13-53_jpg_2024-09-19_13-13-53-1024x736.webp?resize=1024%2C736&#038;ssl=1\" alt=\"Hospital das Cl\u00ednicas publica edital de novo concurso p\u00fablico \u2013 Foto: Divulga\u00e7\u00e3o.\" class=\"wp-image-93820\" title=\"Hospital das Cl\u00ednicas abre inscri\u00e7\u00f5es para curso t\u00e9cnico gratuito de enfermagem 2\"><figcaption class=\"wp-element-caption\">Processo seletivo oferece turmas de enfermagem de manh\u00e3, tarde e noite \u2013 Foto: Divulga\u00e7\u00e3o.<\/figcaption><\/figure>\n<h2 class=\"wp-block-heading\"><strong>Quando ser\u00e1 a prova do Hospital das Cl\u00ednicas?<\/strong><\/h2>\n<p>A data, o hor\u00e1rio e o local do exame ainda <strong>ser\u00e3o divulgados em edital espec\u00edfico<\/strong>, publicado no site do Hospital das Cl\u00ednicas de Ribeir\u00e3o Preto com pelo menos cinco dias \u00fateis de anteced\u00eancia.<\/p>\n<p>A convoca\u00e7\u00e3o ser\u00e1 de responsabilidade dos candidatos, que dever\u00e3o acompanhar as publica\u00e7\u00f5es oficiais do processo seletivo.<\/p>\n<h2 class=\"wp-block-heading\"><strong>Qual ser\u00e1 o hor\u00e1rio das aulas?<\/strong><\/h2>\n<p>De acordo com o edital, as aulas t\u00eam in\u00edcio previsto para o dia 19 de outubro de 2026. Os cursos ser\u00e3o oferecidos nos seguintes hor\u00e1rios:<\/p>\n<ul class=\"wp-block-list\">\n<li><strong>Manh\u00e3<\/strong>: 40 vagas. As aulas ser\u00e3o ministradas de segunda \u00e0 sexta-feira no per\u00edodo da manh\u00e3 das 08h \u00e0s 12h15h;<\/li>\n<\/ul>\n<ul class=\"wp-block-list\">\n<li><strong>Tarde<\/strong>: 40 vagas. As aulas ser\u00e3o ministradas de segunda \u00e0 sexta-feira no per\u00edodo da manh\u00e3 das 13h \u00e0s 17h15;<\/li>\n<\/ul>\n<ul class=\"wp-block-list\">\n<li><strong>Noite<\/strong>: 80 vagas. As aulas ser\u00e3o ministradas de segunda \u00e0 sexta-feira no per\u00edodo noturno das 18h30 \u00e0s 22h45.<\/li>\n<\/ul>\n<figure class=\"wp-block-image size-large\"><img data-recalc-dims=\"1\" loading=\"lazy\" decoding=\"async\" width=\"1024\" height=\"690\" src=\"https:\/\/i0.wp.com\/www.acidadeon.com\/ribeiraopreto\/wp-content\/uploads\/sites\/3\/2026\/07\/curso_2026-07-12_20-44-36-1024x690.webp?resize=1024%2C690&#038;ssl=1\" alt=\"Curso de f\u00e9rias ser\u00e1 realizado na Escola de Enfermagem da USP - Foto: Divulga\u00e7\u00e3o\" class=\"wp-image-165398\" title=\"Hospital das Cl\u00ednicas abre inscri\u00e7\u00f5es para curso t\u00e9cnico gratuito de enfermagem 3\"><figcaption class=\"wp-element-caption\">Curso de f\u00e9rias ser\u00e1 realizado na Escola de Enfermagem da USP \u2013 Foto: Divulga\u00e7\u00e3o<\/figcaption><\/figure>\n<p class=\"has-text-align-center has-cyan-bluish-gray-background-color has-background\"><em>Fa\u00e7a uma den\u00fancia ou sugira uma reportagem sobre\u00a0<strong>Ribeir\u00e3o Preto\u00a0<\/strong>e regi\u00e3o por meio do WhatsApp do\u00a0<strong>acidade on Ribeir\u00e3o<\/strong>: (16) 99117-7802.<\/em><\/p>\n<\/p>\n<p>O post Hospital das Cl\u00ednicas abre inscri\u00e7\u00f5es para curso t\u00e9cnico gratuito de enfermagem apareceu primeiro em ACidade ON Ribeir\u00e3o Preto.<\/p>\n<p><br \/>\n<br \/><a href=\"https:\/\/www.acidadeon.com\/ribeiraopreto\/economia\/hospital-das-clinicas-abre-inscricoes-para-curso-tecnico-gratuito-de-enfermagem\/\">Link para o texto original aqui <\/a><\/p>\n<!-- CONTENT END 1 -->\n","protected":false},"excerpt":{"rendered":"<p>O Centro Interescolar do Hospital das Cl\u00ednicas da Faculdade de Medicina de Ribeir\u00e3o Preto (HCFMRP-USP) abriu inscri\u00e7\u00f5es para o processo seletivo do curso t\u00e9cnico em&#8230;<\/p>\n","protected":false},"author":1,"featured_media":90899,"comment_status":"","ping_status":"","sticky":false,"template":"","format":"standard","meta":{"advanced_seo_description":"","jetpack_seo_html_title":"","jetpack_seo_noindex":false,"jetpack_seo_schema_type":"","_jetpack_newsletter_access":"","_jetpack_dont_email_post_to_subs":false,"_jetpack_newsletter_tier_id":0,"_jetpack_memberships_contains_paywalled_content":false,"_jetpack_feature_clip_id":0,"_jetpack_memberships_contains_paid_content":false,"footnotes":"","jetpack_publicize_message":"","jetpack_publicize_feature_enabled":true,"jetpack_social_post_already_shared":true,"jetpack_social_options":{"image_generator_settings":{"template":"highway","default_image_id":0,"font":"","enabled":false},"version":2},"jetpack_post_was_ever_published":false},"categories":[11],"tags":[210,525,549,429,4080,361,524,566,71,1053],"class_list":["post-90898","post","type-post","status-publish","format-standard","has-post-thumbnail","hentry","category-noticias-de-ribeirao-preto-sp-e-regiao-ismael-colosi","tag-abre","tag-clinicas","tag-curso","tag-das","tag-enfermagem","tag-gratuito","tag-hospital","tag-inscricoes","tag-para","tag-tecnico"],"jetpack_publicize_connections":[],"jetpack-related-posts":[{"id":35890,"url":"https:\/\/noticiasribeiraopreto.com.br\/index.php\/2024\/02\/07\/senac-abre-inscricoes-com-vagas-para-curso-tecnico-gratuito-em-enfermagem-saiba-como-participar\/","url_meta":{"origin":90898,"position":0},"title":"Senac abre inscri\u00e7\u00f5es com vagas para curso T\u00e9cnico gratuito em Enfermagem. Saiba como participar","author":"noticiasribeiraopreto.com.br","date":"7 de February de 2024","format":false,"excerpt":"No Senac-MT, est\u00e3o abertas as inscri\u00e7\u00f5es para os cursos t\u00e9cnicos de enfermagem. S\u00e3o 22 vagas para quem tem mais de 17 anos e concluiu o ensino m\u00e9dio, ou est\u00e1 em andamento. O curso gratuito tem dura\u00e7\u00e3o de 2 anos e forma especialistas qualificados para atuar na \u00e1rea da sa\u00fade. Tem\u2026","rel":"","context":"In &quot;Empregos - Classificados&quot;","block_context":{"text":"Empregos - Classificados","link":"https:\/\/noticiasribeiraopreto.com.br\/index.php\/category\/empregos-classificados-vagas-trabalho\/"},"img":{"alt_text":"","src":"https:\/\/i0.wp.com\/noticiasribeiraopreto.com.br\/wp-content\/uploads\/2024\/02\/Curso.png?fit=1200%2C630&ssl=1&resize=350%2C200","width":350,"height":200,"srcset":"https:\/\/i0.wp.com\/noticiasribeiraopreto.com.br\/wp-content\/uploads\/2024\/02\/Curso.png?fit=1200%2C630&ssl=1&resize=350%2C200 1x, https:\/\/i0.wp.com\/noticiasribeiraopreto.com.br\/wp-content\/uploads\/2024\/02\/Curso.png?fit=1200%2C630&ssl=1&resize=525%2C300 1.5x, https:\/\/i0.wp.com\/noticiasribeiraopreto.com.br\/wp-content\/uploads\/2024\/02\/Curso.png?fit=1200%2C630&ssl=1&resize=700%2C400 2x, https:\/\/i0.wp.com\/noticiasribeiraopreto.com.br\/wp-content\/uploads\/2024\/02\/Curso.png?fit=1200%2C630&ssl=1&resize=1050%2C600 3x"},"classes":[]},{"id":87989,"url":"https:\/\/noticiasribeiraopreto.com.br\/index.php\/2026\/07\/12\/escola-de-enfermagem-da-usp-ribeirao-preto-abre-inscricoes-para-curso-gratuito-de-ferias\/","url_meta":{"origin":90898,"position":1},"title":"Escola de Enfermagem da USP Ribeir\u00e3o Preto abre inscri\u00e7\u00f5es para curso gratuito de f\u00e9rias","author":"noticiasribeiraopreto.com.br","date":"12 de July de 2026","format":false,"excerpt":"A\u00a0Escola de Enfermagem de Ribeir\u00e3o Preto da Universidade de S\u00e3o Paulo (EERP-USP)\u00a0abriu inscri\u00e7\u00f5es para um curso gratuito de f\u00e9rias, que ser\u00e1 realizado de 20 a 24 de julho, das 8h \u00e0s 17h, na sede da institui\u00e7\u00e3o. Receba not\u00edcias do\u00a0acidade on Ribeir\u00e3o\u00a0no WhatsApp e fique por dentro de tudo! Basta acessar\u2026","rel":"","context":"In &quot;Not\u00edcias de Ribeir\u00e3o Preto-SP e Regi\u00e3o&quot;","block_context":{"text":"Not\u00edcias de Ribeir\u00e3o Preto-SP e Regi\u00e3o","link":"https:\/\/noticiasribeiraopreto.com.br\/index.php\/category\/noticias-de-ribeirao-preto-sp-e-regiao-ismael-colosi\/"},"img":{"alt_text":"","src":"https:\/\/i0.wp.com\/noticiasribeiraopreto.com.br\/wp-content\/uploads\/2026\/07\/curso_2026-07-12_20-44-36.webp.webp?fit=1200%2C809&ssl=1&resize=350%2C200","width":350,"height":200,"srcset":"https:\/\/i0.wp.com\/noticiasribeiraopreto.com.br\/wp-content\/uploads\/2026\/07\/curso_2026-07-12_20-44-36.webp.webp?fit=1200%2C809&ssl=1&resize=350%2C200 1x, https:\/\/i0.wp.com\/noticiasribeiraopreto.com.br\/wp-content\/uploads\/2026\/07\/curso_2026-07-12_20-44-36.webp.webp?fit=1200%2C809&ssl=1&resize=525%2C300 1.5x, https:\/\/i0.wp.com\/noticiasribeiraopreto.com.br\/wp-content\/uploads\/2026\/07\/curso_2026-07-12_20-44-36.webp.webp?fit=1200%2C809&ssl=1&resize=700%2C400 2x, https:\/\/i0.wp.com\/noticiasribeiraopreto.com.br\/wp-content\/uploads\/2026\/07\/curso_2026-07-12_20-44-36.webp.webp?fit=1200%2C809&ssl=1&resize=1050%2C600 3x"},"classes":[]},{"id":23811,"url":"https:\/\/noticiasribeiraopreto.com.br\/index.php\/2024\/01\/03\/senac-abre-inscricoes-para-cursos-tecnicos-gratuitos-na-area-da-saude-com-certificados-em-enfermagem-massoterapia-e-mais\/","url_meta":{"origin":90898,"position":2},"title":"Senac abre inscri\u00e7\u00f5es para cursos t\u00e9cnicos gratuitos na \u00e1rea da sa\u00fade, com certificados em Enfermagem, Massoterapia e mais!","author":"noticiasribeiraopreto.com.br","date":"3 de January de 2024","format":false,"excerpt":"Senac abre inscri\u00e7\u00f5es para cursos t\u00e9cnicos gratuitos na \u00e1rea da sa\u00fade Oportunidade \u00danica: Senac oferece cursos t\u00e9cnicos gratuitos para amantes da \u00e1rea da sa\u00fade. As inscri\u00e7\u00f5es j\u00e1 est\u00e3o abertas, garanta j\u00e1 a sua vaga! Se voc\u00ea busca uma oportunidade para se capacitar na \u00e1rea da sa\u00fade, o Senac em Manhua\u00e7u,\u2026","rel":"","context":"In &quot;Vagas de Emprego em Ribeir\u00e3o Preto-SP&quot;","block_context":{"text":"Vagas de Emprego em Ribeir\u00e3o Preto-SP","link":"https:\/\/noticiasribeiraopreto.com.br\/index.php\/category\/empregos-classificados-vagas-trabalho\/vagas-de-empregos-em-ribeirao-preto-regiao-brasil\/"},"img":{"alt_text":"","src":"https:\/\/i0.wp.com\/noticiasribeiraopreto.com.br\/wp-content\/uploads\/2024\/01\/SENACCCCC-830x450.png?fit=830%2C450&ssl=1&resize=350%2C200","width":350,"height":200,"srcset":"https:\/\/i0.wp.com\/noticiasribeiraopreto.com.br\/wp-content\/uploads\/2024\/01\/SENACCCCC-830x450.png?fit=830%2C450&ssl=1&resize=350%2C200 1x, https:\/\/i0.wp.com\/noticiasribeiraopreto.com.br\/wp-content\/uploads\/2024\/01\/SENACCCCC-830x450.png?fit=830%2C450&ssl=1&resize=525%2C300 1.5x, https:\/\/i0.wp.com\/noticiasribeiraopreto.com.br\/wp-content\/uploads\/2024\/01\/SENACCCCC-830x450.png?fit=830%2C450&ssl=1&resize=700%2C400 2x"},"classes":[]},{"id":73220,"url":"https:\/\/noticiasribeiraopreto.com.br\/index.php\/2025\/06\/27\/usp-abre-inscricoes-para-curso-gratuito-de-ferias-na-escola-de-enfermagem-de-ribeirao-preto\/","url_meta":{"origin":90898,"position":3},"title":"USP abre inscri\u00e7\u00f5es para curso gratuito de f\u00e9rias na Escola de Enfermagem de Ribeir\u00e3o Preto","author":"noticiasribeiraopreto.com.br","date":"27 de June de 2025","format":false,"excerpt":"A Escola de Enfermagem de Ribeir\u00e3o Preto da Universidade de S\u00e3o Paulo (EERP-USP) abriu inscri\u00e7\u00f5es para um curso gratuito de f\u00e9rias, que ser\u00e1 realizado presencialmente de 14 a 18 de julho, das 8h \u00e0s 18h. Podem participar estudantes do ensino m\u00e9dio da rede p\u00fablica, preferencialmente de Ribeir\u00e3o e regi\u00e3o. Segundo\u2026","rel":"","context":"In &quot;Not\u00edcias de Ribeir\u00e3o Preto-SP e Regi\u00e3o&quot;","block_context":{"text":"Not\u00edcias de Ribeir\u00e3o Preto-SP e Regi\u00e3o","link":"https:\/\/noticiasribeiraopreto.com.br\/index.php\/category\/noticias-de-ribeirao-preto-sp-e-regiao-ismael-colosi\/"},"img":{"alt_text":"","src":"https:\/\/i0.wp.com\/noticiasribeiraopreto.com.br\/wp-content\/uploads\/2025\/06\/AnyConv.com__escola-enfermagem-usp-ribeirao-preto-scaled.webp.webp?fit=1200%2C800&ssl=1&resize=350%2C200","width":350,"height":200,"srcset":"https:\/\/i0.wp.com\/noticiasribeiraopreto.com.br\/wp-content\/uploads\/2025\/06\/AnyConv.com__escola-enfermagem-usp-ribeirao-preto-scaled.webp.webp?fit=1200%2C800&ssl=1&resize=350%2C200 1x, https:\/\/i0.wp.com\/noticiasribeiraopreto.com.br\/wp-content\/uploads\/2025\/06\/AnyConv.com__escola-enfermagem-usp-ribeirao-preto-scaled.webp.webp?fit=1200%2C800&ssl=1&resize=525%2C300 1.5x, https:\/\/i0.wp.com\/noticiasribeiraopreto.com.br\/wp-content\/uploads\/2025\/06\/AnyConv.com__escola-enfermagem-usp-ribeirao-preto-scaled.webp.webp?fit=1200%2C800&ssl=1&resize=700%2C400 2x, https:\/\/i0.wp.com\/noticiasribeiraopreto.com.br\/wp-content\/uploads\/2025\/06\/AnyConv.com__escola-enfermagem-usp-ribeirao-preto-scaled.webp.webp?fit=1200%2C800&ssl=1&resize=1050%2C600 3x"},"classes":[]},{"id":72358,"url":"https:\/\/noticiasribeiraopreto.com.br\/index.php\/2025\/06\/16\/hc-de-ribeirao-abre-concurso-com-salarios-ate-r-56-mil-confira-as-vagas-disponiveis\/","url_meta":{"origin":90898,"position":4},"title":"HC de Ribeir\u00e3o abre concurso com sal\u00e1rios at\u00e9 R$ 5,6 mil; Confira as vagas dispon\u00edveis","author":"noticiasribeiraopreto.com.br","date":"16 de June de 2025","format":false,"excerpt":"O HC (Hospital das Cl\u00ednicas) de Ribeir\u00e3o Preto publicou cinco novos editais de concurso p\u00fablico. Os sal\u00e1rios para as fun\u00e7\u00f5es variam entre R$ 2,7 mil e R$ 5,6 mil. As oportunidades s\u00e3o para as seguintes \u00e1reas: M\u00e9dico I \u2013 Cirurgia Pedi\u00e1trica M\u00e9dico I \u2013 Ginecologia e Obstetr\u00edcia \u2013 Gesta\u00e7\u00e3o de\u2026","rel":"","context":"In &quot;Not\u00edcias de Ribeir\u00e3o Preto-SP e Regi\u00e3o&quot;","block_context":{"text":"Not\u00edcias de Ribeir\u00e3o Preto-SP e Regi\u00e3o","link":"https:\/\/noticiasribeiraopreto.com.br\/index.php\/category\/noticias-de-ribeirao-preto-sp-e-regiao-ismael-colosi\/"},"img":{"alt_text":"","src":"https:\/\/i0.wp.com\/noticiasribeiraopreto.com.br\/wp-content\/uploads\/2025\/06\/close-up-woman-filling-application-form_2024-10-02_18-06-48_jpg_2024-10-02_18-06-50-scaled.webp.webp?fit=1200%2C800&ssl=1&resize=350%2C200","width":350,"height":200,"srcset":"https:\/\/i0.wp.com\/noticiasribeiraopreto.com.br\/wp-content\/uploads\/2025\/06\/close-up-woman-filling-application-form_2024-10-02_18-06-48_jpg_2024-10-02_18-06-50-scaled.webp.webp?fit=1200%2C800&ssl=1&resize=350%2C200 1x, https:\/\/i0.wp.com\/noticiasribeiraopreto.com.br\/wp-content\/uploads\/2025\/06\/close-up-woman-filling-application-form_2024-10-02_18-06-48_jpg_2024-10-02_18-06-50-scaled.webp.webp?fit=1200%2C800&ssl=1&resize=525%2C300 1.5x, https:\/\/i0.wp.com\/noticiasribeiraopreto.com.br\/wp-content\/uploads\/2025\/06\/close-up-woman-filling-application-form_2024-10-02_18-06-48_jpg_2024-10-02_18-06-50-scaled.webp.webp?fit=1200%2C800&ssl=1&resize=700%2C400 2x, https:\/\/i0.wp.com\/noticiasribeiraopreto.com.br\/wp-content\/uploads\/2025\/06\/close-up-woman-filling-application-form_2024-10-02_18-06-48_jpg_2024-10-02_18-06-50-scaled.webp.webp?fit=1200%2C800&ssl=1&resize=1050%2C600 3x"},"classes":[]},{"id":10848,"url":"https:\/\/noticiasribeiraopreto.com.br\/index.php\/2023\/12\/05\/centro-de-educacao-profissional-de-campinas-abre-vagas-em-cursos-tecnicos-gratuitos\/","url_meta":{"origin":90898,"position":5},"title":"Centro de Educa\u00e7\u00e3o Profissional de Campinas abre vagas em cursos t\u00e9cnicos gratuitos","author":"noticiasribeiraopreto.com.br","date":"5 de December de 2023","format":false,"excerpt":"O Centro de Educa\u00e7\u00e3o Profissional de Campinas (Ceprocamp), vinculado \u00e0 Funda\u00e7\u00e3o Municipal para a Educa\u00e7\u00e3o Comunit\u00e1ria (Fumec), abre 150 vagas para cursos t\u00e9cnicos gratuitos em n\u00edvel m\u00e9dio para o primeiro semestre de 2024. As inscri\u00e7\u00f5es come\u00e7am nesta segunda-feira, 4, \u00e0s 9h, e podem ser feitas, exclusivamente, pela internet (fumec.sp.gov.br\/ceprocamp), at\u00e9\u2026","rel":"","context":"In &quot;Variedades&quot;","block_context":{"text":"Variedades","link":"https:\/\/noticiasribeiraopreto.com.br\/index.php\/category\/variedades\/"},"img":{"alt_text":"","src":"https:\/\/i0.wp.com\/noticiasribeiraopreto.com.br\/wp-content\/uploads\/2023\/12\/curso-gratuito-ceprocamp.jpg?fit=1200%2C638&ssl=1&resize=350%2C200","width":350,"height":200,"srcset":"https:\/\/i0.wp.com\/noticiasribeiraopreto.com.br\/wp-content\/uploads\/2023\/12\/curso-gratuito-ceprocamp.jpg?fit=1200%2C638&ssl=1&resize=350%2C200 1x, https:\/\/i0.wp.com\/noticiasribeiraopreto.com.br\/wp-content\/uploads\/2023\/12\/curso-gratuito-ceprocamp.jpg?fit=1200%2C638&ssl=1&resize=525%2C300 1.5x, https:\/\/i0.wp.com\/noticiasribeiraopreto.com.br\/wp-content\/uploads\/2023\/12\/curso-gratuito-ceprocamp.jpg?fit=1200%2C638&ssl=1&resize=700%2C400 2x, https:\/\/i0.wp.com\/noticiasribeiraopreto.com.br\/wp-content\/uploads\/2023\/12\/curso-gratuito-ceprocamp.jpg?fit=1200%2C638&ssl=1&resize=1050%2C600 3x"},"classes":[]}],"jetpack_sharing_enabled":true,"jetpack_shortlink":"https:\/\/wp.me\/peQAOb-nE6","jetpack_featured_media_url":"https:\/\/i0.wp.com\/noticiasribeiraopreto.com.br\/wp-content\/uploads\/2026\/09\/curso-tecnico-enfermagem.jpg?fit=1200%2C675&ssl=1","_links":{"self":[{"href":"https:\/\/noticiasribeiraopreto.com.br\/index.php\/wp-json\/wp\/v2\/posts\/90898","targetHints":{"allow":["GET"]}}],"collection":[{"href":"https:\/\/noticiasribeiraopreto.com.br\/index.php\/wp-json\/wp\/v2\/posts"}],"about":[{"href":"https:\/\/noticiasribeiraopreto.com.br\/index.php\/wp-json\/wp\/v2\/types\/post"}],"author":[{"embeddable":true,"href":"https:\/\/noticiasribeiraopreto.com.br\/index.php\/wp-json\/wp\/v2\/users\/1"}],"replies":[{"embeddable":true,"href":"https:\/\/noticiasribeiraopreto.com.br\/index.php\/wp-json\/wp\/v2\/comments?post=90898"}],"version-history":[{"count":0,"href":"https:\/\/noticiasribeiraopreto.com.br\/index.php\/wp-json\/wp\/v2\/posts\/90898\/revisions"}],"wp:featuredmedia":[{"embeddable":true,"href":"https:\/\/noticiasribeiraopreto.com.br\/index.php\/wp-json\/wp\/v2\/media\/90899"}],"wp:attachment":[{"href":"https:\/\/noticiasribeiraopreto.com.br\/index.php\/wp-json\/wp\/v2\/media?parent=90898"}],"wp:term":[{"taxonomy":"category","embeddable":true,"href":"https:\/\/noticiasribeiraopreto.com.br\/index.php\/wp-json\/wp\/v2\/categories?post=90898"},{"taxonomy":"post_tag","embeddable":true,"href":"https:\/\/noticiasribeiraopreto.com.br\/index.php\/wp-json\/wp\/v2\/tags?post=90898"}],"curies":[{"name":"wp","href":"https:\/\/api.w.org\/{rel}","templated":true}]}}