{"id":90900,"date":"2026-09-01T14:42:29","date_gmt":"2026-09-01T17:42:29","guid":{"rendered":"https:\/\/noticiasribeiraopreto.com.br\/index.php\/2026\/09\/01\/haddad-propoe-criacao-bo-zap-gabinete-integrado-contra-faccoes-confira-entrevista\/"},"modified":"2026-09-01T14:42:29","modified_gmt":"2026-09-01T17:42:29","slug":"haddad-propoe-criacao-bo-zap-gabinete-integrado-contra-faccoes-confira-entrevista","status":"publish","type":"post","link":"https:\/\/noticiasribeiraopreto.com.br\/index.php\/2026\/09\/01\/haddad-propoe-criacao-bo-zap-gabinete-integrado-contra-faccoes-confira-entrevista\/","title":{"rendered":"Haddad prop\u00f5e cria\u00e7\u00e3o de \u2018BO por Zap\u2019 e gabinete integrado contra fac\u00e7\u00f5es; confira a entrevista"},"content":{"rendered":"<div class='code-block code-block-1' style='margin: 8px 0 8px auto; text-align: right; display: block; clear: both;'>\n<p><a href=\"https:\/\/wa.link\/vpicfd\"><img data-recalc-dims=\"1\" class=\"wp-image-4922\" style=\"aspect-ratio: 2.0253164556962027; width: 561px; height: auto;\" src=\"https:\/\/i0.wp.com\/ismaelcolosi.com.br\/wp-content\/uploads\/2023\/11\/grupo-de-empregos-whatsapp-e-facebook-ismael-colosi-vagas.jpg?ssl=1\" alt=\"\" \/><\/a><\/p>\n<!-- \/wp:image -->\n<\/div>\n<p> <br \/>\n<\/p>\n<figure class=\"wp-block-embed is-type-video is-provider-youtube wp-block-embed-youtube wp-embed-aspect-4-3 wp-has-aspect-ratio\">\n<div class=\"wp-block-embed__wrapper\">\n<\/div>\n<\/figure>\n<p>O acidade on entrevistou nesta ter\u00e7a-feira (1\u00ba de setembro) o candidato ao governo do Estado de S\u00e3o Paulo<strong> Fernando Haddad (PT).<\/strong> A sabatina foi transmitida ao vivo pelo canal do YouTube do acidade on e nas p\u00e1ginas do<a href=\"https:\/\/www.facebook.com\/acidadeonribeirao\" data-type=\"link\" data-id=\"https:\/\/www.facebook.com\/acidadeonribeirao\" target=\"_blank\" rel=\"noopener\"> Facebook <\/a>de ambas as pra\u00e7as.<\/p>\n<p class=\"has-cyan-bluish-gray-background-color has-background\"><em>Receba not\u00edcias do\u00a0<strong>acidade on Ribeir\u00e3o\u00a0<\/strong>no WhatsApp e fique por dentro de tudo! Basta acessar o link<a href=\"https:\/\/chat.whatsapp.com\/DfXwcjKVIddHUT3BvnQuPZ?mode=hqctshi\" target=\"_blank\" rel=\"noreferrer noopener\">\u00a0aqui<\/a>!<\/em><\/p>\n<p>Durante a conversa, o candidato ao Pal\u00e1cio dos Bandeirantes nas <strong>Elei\u00e7\u00f5es 2026 <\/strong>abordou propostas para seguran\u00e7a p\u00fablica, agroneg\u00f3cio, mudan\u00e7as clim\u00e1ticas e educa\u00e7\u00e3o. Confira os principais pontos da entrevista:<\/p>\n<div class=\"wp-block-rank-math-toc-block\" id=\"rank-math-toc\">\n<nav>\n<ul>\n<li class=\"\">\u2022 BO feito por \u2018zap\u2019 e intelig\u00eancia artificial<\/li>\n<li class=\"\">\u2022 Gabinete contra o crime organizado<\/li>\n<li class=\"\">\u2022 Agroneg\u00f3cio e seguro rural<\/li>\n<li class=\"\">\u2022 Mudan\u00e7as clim\u00e1ticas<\/li>\n<li class=\"\">\u2022 Educa\u00e7\u00e3o<\/li>\n<li class=\"\">Entrevistas com os candidatos<\/li>\n<\/ul>\n<\/nav>\n<\/div>\n<h2 class=\"wp-block-heading\" id=\"bo-feito-por-zap-e-inteligencia-artificial\"><strong>\u2022 BO feito por \u2018zap\u2019 e intelig\u00eancia artificial<\/strong><\/h2>\n<p>Haddad prop\u00f4s a cria\u00e7\u00e3o de um sistema de registros de ocorr\u00eancia atrav\u00e9s de aplicativos de mensagens para agilizar o atendimento \u00e0 popula\u00e7\u00e3o e otimizar o policiamento por meio de intelig\u00eancia artificial. O candidato destacou a necessidade de obter dados em tempo real para orientar patrulhas e investiga\u00e7\u00f5es.<\/p>\n<blockquote class=\"wp-block-quote is-layout-flow wp-block-quote-is-layout-flow\">\n<p>\u201cEu vou criar, em primeiro lugar, o BO feito por \u2018Zap\u2019. Falo por \u2018ZAP\u2019, mas pode ser por qualquer canal de comunica\u00e7\u00e3o. Eu preciso dos dados em tempo real, porque hoje eu tenho intelig\u00eancia artificial, que me permite processar esses dados em tempo real e planejar o patrulhamento e a investiga\u00e7\u00e3o de acordo com os dados coletados. Isso n\u00e3o \u00e9 feito em S\u00e3o Paulo. Tudo \u00e9 muito moroso. Voc\u00ea vai na delegacia e, \u00e0s vezes, perde um dia para fazer boletim de ocorr\u00eancia. Nem todo mundo sabe fazer um boletim de ocorr\u00eancia na internet\u201d.<\/p>\n<\/blockquote>\n<p>O candidato refor\u00e7ou que esses dados instant\u00e2neos s\u00e3o necess\u00e1rios para mapear os locais onde os crimes est\u00e3o ocorrendo.<\/p>\n<h2 class=\"wp-block-heading\" id=\"gabinete-contra-o-crime-organizado\"><strong>\u2022 Gabinete contra o crime organizado<\/strong><\/h2>\n<p>Para o combate \u00e0s fac\u00e7\u00f5es criminosas no estado, Haddad defendeu uma atua\u00e7\u00e3o integrada entre as esferas estadual e federal, com a cria\u00e7\u00e3o de um gabinete institucional presidido pelo pr\u00f3prio governador.<\/p>\n<blockquote class=\"wp-block-quote is-layout-flow wp-block-quote-is-layout-flow\">\n<p>\u201cPor que o governo do estado tem medo da presen\u00e7a da Pol\u00edcia Federal e da Receita Federal? N\u00e3o faz sentido. At\u00e9 porque, as maiores opera\u00e7\u00f5es de combate ao crime organizado foram feitas com coopera\u00e7\u00e3o, mas a coopera\u00e7\u00e3o n\u00e3o pode ser exce\u00e7\u00e3o. A coopera\u00e7\u00e3o tem que ser a regra\u201d.<\/p>\n<\/blockquote>\n<h2 class=\"wp-block-heading\" id=\"agronegocio-e-seguro-rural\"><strong>\u2022 Agroneg\u00f3cio e seguro rural<\/strong><\/h2>\n<p>O candidato relembrou sua atua\u00e7\u00e3o no Minist\u00e9rio da Fazenda, ressaltando a realiza\u00e7\u00e3o de quatro Planos Safra que bateram recordes em recursos aplicados e detalhou iniciativas voltadas ao fortalecimento da agroind\u00fastria paulista e \u00e0 prote\u00e7\u00e3o contra as mudan\u00e7as clim\u00e1ticas.<\/p>\n<blockquote class=\"wp-block-quote is-layout-flow wp-block-quote-is-layout-flow\">\n<p>\u201cN\u00f3s estamos batendo recorde de produ\u00e7\u00e3o. Recorde de exporta\u00e7\u00e3o. O Brasil n\u00e3o s\u00f3 vai se tornar o maior exportador de alimentos do mundo neste ano, como ele est\u00e1 transitando para se transformar no maior supermercado do mundo e n\u00f3s estamos agregando valor \u00e0 produ\u00e7\u00e3o com a agroind\u00fastria. Uma das coisas que quero fazer muito \u00e9 apoiar agroind\u00fastria em S\u00e3o Paulo. N\u00f3s precisamos agregar valor \u00e0 produ\u00e7\u00e3o agr\u00edcola. Segundo lugar, eu quero criar uma modalidade nova de seguro por causa das mudan\u00e7as clim\u00e1ticas. H\u00e1 subven\u00e7\u00e3o por parte do governo federal e por parte do governo estadual, mas n\u00e3o h\u00e1 um seguro que a gente chama de param\u00e9trico, que estabele\u00e7a as condi\u00e7\u00f5es a partir das quais o produtor se sinta absolutamente seguro para continuar plantando, mesmo com risco de mudan\u00e7a clim\u00e1tica\u201d.<\/p>\n<\/blockquote>\n<h2 class=\"wp-block-heading\" id=\"mudancas-climaticas\"><strong>\u2022 Mudan\u00e7as clim\u00e1ticas<\/strong><\/h2>\n<p>Ao tratar dos impactos ambientais, Haddad afirmou que o enfrentamento da quest\u00e3o exige um conjunto integrado de medidas e investimentos estruturantes. \u201cN\u00e3o tem uma solu\u00e7\u00e3o\u201d, disse.<\/p>\n<p>Ele tamb\u00e9m pontuou que o agroneg\u00f3cio deve avan\u00e7ar na sustentabilidade. \u201cO agro \u00e9 um grande emissor, sobretudo, a agropecu\u00e1ria. N\u00f3s temos tecnologia hoje que pode ser colocada \u00e0 disposi\u00e7\u00e3o para que a gente diminua as emiss\u00f5es\u201d.<\/p>\n<blockquote class=\"wp-block-quote is-layout-flow wp-block-quote-is-layout-flow\">\n<p>Al\u00e9m disso, Haddad defendeu a reformula\u00e7\u00e3o da estrutura de resposta a desastres. \u201cOs eventos v\u00e3o acontecer, ent\u00e3o n\u00f3s temos que preparar a Defesa Civil para a gente conseguir mitigar os efeitos das mudan\u00e7as clim\u00e1ticas e tentar, tanto quanto poss\u00edvel, preveni-los, o que tamb\u00e9m exige investimento em ci\u00eancia\u201d.<\/p>\n<\/blockquote>\n<h2 class=\"wp-block-heading\" id=\"educacao\"><strong>\u2022 Educa\u00e7\u00e3o<\/strong><\/h2>\n<p>Para educa\u00e7\u00e3o, Haddad criticou o desempenho recente da rede estadual no ensino m\u00e9dio e apresentou metas de valoriza\u00e7\u00e3o da carreira docente e moderniza\u00e7\u00e3o curricular. <\/p>\n<blockquote class=\"wp-block-quote is-layout-flow wp-block-quote-is-layout-flow\">\n<p>\u201cEle [estado de S\u00e3o Paulo] caiu da 3\u00aa posi\u00e7\u00e3o para a 10\u00aa posi\u00e7\u00e3o em apenas 4 anos. Ou seja, n\u00f3s estamos com uma crise na escola p\u00fablica paulista, sobretudo no ensino m\u00e9dio. Minha proposta \u00e9 fazer uma vincula\u00e7\u00e3o \u00e0 receita tribut\u00e1ria l\u00edquida, para atender as universidades, e dar um choque de qualidade no ensino m\u00e9dio, com valoriza\u00e7\u00e3o dos professores, infraestrutura correta e educa\u00e7\u00e3o profissional de qualidade, n\u00e3o esse faz de conta que est\u00e1 acontecendo a\u00ed\u201d.<\/p>\n<\/blockquote>\n<h2 class=\"wp-block-heading\" id=\"entrevistas-com-os-candidatos\"><strong>Entrevistas com os candidatos<\/strong><\/h2>\n<p>Foram convidados para a s\u00e9rie de sabatinas os candidatos que registraram mais de 5% das inten\u00e7\u00f5es de voto na pesquisa Quaest para o governo de S\u00e3o Paulo divulgada em 25 de agosto: <strong>Tarc\u00edsio de Freitas (REP) <\/strong>e <strong>Fernando Haddad (PT)<\/strong>. A ordem das entrevistas foi acordada previamente com as respectivas assessorias de campanha.<\/p>\n<p>O primeiro candidato previsto para ser sabatinado foi o atual governador Tarc\u00edsio de Freitas, candidato \u00e0 reelei\u00e7\u00e3o, na segunda-feira (31 de agosto). Contudo, na sexta-feira (28), a assessoria do governador enviou nota ao<strong> Grupo EP<\/strong> comunicando dificuldades de agenda para atender ao compromisso. Diante disso, Tarc\u00edsio de Freitas n\u00e3o compareceu na data reservada para falar aos eleitores das regi\u00f5es de Ribeir\u00e3o Preto e Campinas.<\/p>\n<figure class=\"wp-block-gallery has-nested-images columns-default is-cropped wp-block-gallery-1 is-layout-flex wp-block-gallery-is-layout-flex\">\n<figure class=\"wp-block-image size-large\"><\/figure>\n<figure class=\"wp-block-image size-large\"><img data-recalc-dims=\"1\" loading=\"lazy\" decoding=\"async\" width=\"1024\" height=\"690\" data-id=\"173242\" src=\"https:\/\/i0.wp.com\/www.acidadeon.com\/ribeiraopreto\/wp-content\/uploads\/sites\/3\/2026\/09\/fernando-haddad-entrevista-2-1024x690.jpeg?resize=1024%2C690&#038;ssl=1\" alt=\"haddad\" class=\"wp-image-173242\" title=\"Haddad prop\u00f5e cria\u00e7\u00e3o de \u2018BO por Zap\u2019 e gabinete integrado contra fac\u00e7\u00f5es; confira a entrevista 2\"><\/figure>\n<\/figure>\n<p class=\"has-cyan-bluish-gray-background-color has-background\"><em>Fa\u00e7a uma den\u00fancia ou sugira uma reportagem sobre\u00a0<strong>Ribeir\u00e3o Preto\u00a0<\/strong>e regi\u00e3o por meio do WhatsApp do\u00a0<strong>acidade on Ribeir\u00e3o<\/strong>: (16) 99117-7802.<\/em><\/p>\n<p>O post Haddad prop\u00f5e cria\u00e7\u00e3o de \u2018BO por Zap\u2019 e gabinete integrado contra fac\u00e7\u00f5es; confira a entrevista apareceu primeiro em ACidade ON Ribeir\u00e3o Preto.<\/p>\n<p><br \/>\n<br \/><a href=\"https:\/\/www.acidadeon.com\/ribeiraopreto\/politica\/eleicoes\/haddad-propoe-criacao-bo-zap-gabinete-integrado-contra-faccoes-confira-entrevista\/\">Link para o texto original aqui <\/a><\/p>\n<!-- CONTENT END 1 -->\n","protected":false},"excerpt":{"rendered":"<p>O acidade on entrevistou nesta ter\u00e7a-feira (1\u00ba de setembro) o candidato ao governo do Estado de S\u00e3o Paulo Fernando Haddad (PT). A sabatina foi transmitida&#8230;<\/p>\n","protected":false},"author":1,"featured_media":90901,"comment_status":"","ping_status":"","sticky":false,"template":"","format":"standard","meta":{"advanced_seo_description":"","jetpack_seo_html_title":"","jetpack_seo_noindex":false,"jetpack_seo_schema_type":"","_jetpack_newsletter_access":"","_jetpack_dont_email_post_to_subs":false,"_jetpack_newsletter_tier_id":0,"_jetpack_memberships_contains_paywalled_content":false,"_jetpack_feature_clip_id":0,"_jetpack_memberships_contains_paid_content":false,"footnotes":"","jetpack_publicize_message":"","jetpack_publicize_feature_enabled":true,"jetpack_social_post_already_shared":true,"jetpack_social_options":{"image_generator_settings":{"template":"highway","default_image_id":0,"font":"","enabled":false},"version":2},"jetpack_post_was_ever_published":false},"categories":[11],"tags":[269,109,1816,560,7948,176,6327,6897,134,808,8856],"class_list":["post-90900","post","type-post","status-publish","format-standard","has-post-thumbnail","hentry","category-noticias-de-ribeirao-preto-sp-e-regiao-ismael-colosi","tag-confira","tag-contra","tag-criacao","tag-entrevista","tag-faccoes","tag-gabinete","tag-haddad","tag-integrado","tag-por","tag-propoe","tag-zap"],"jetpack_publicize_connections":[],"jetpack-related-posts":[{"id":90868,"url":"https:\/\/noticiasribeiraopreto.com.br\/index.php\/2026\/09\/01\/eleicoes-2026-acidade-on-entrevista-candidatos-ao-governo-do-estado-de-sp\/","url_meta":{"origin":90900,"position":0},"title":"Elei\u00e7\u00f5es 2026: acidade on entrevista candidatos ao Governo do Estado de SP","author":"noticiasribeiraopreto.com.br","date":"1 de September de 2026","format":false,"excerpt":"O Portal acidade on entrevista, nesta semana, os candidatos ao Governo do Estado de S\u00e3o Paulo nas Elei\u00e7\u00f5es 2026. Foram convidados os candidatos que somaram mais de 5% das inten\u00e7\u00f5es de voto na \u00faltima pesquisa Quaest, divulgada na \u00faltima ter\u00e7a-feira (25). As perguntas ser\u00e3o voltadas \u00e0s regi\u00f5es de Campinas e\u2026","rel":"","context":"In &quot;Not\u00edcias de Ribeir\u00e3o Preto-SP e Regi\u00e3o&quot;","block_context":{"text":"Not\u00edcias de Ribeir\u00e3o Preto-SP e Regi\u00e3o","link":"https:\/\/noticiasribeiraopreto.com.br\/index.php\/category\/noticias-de-ribeirao-preto-sp-e-regiao-ismael-colosi\/"},"img":{"alt_text":"","src":"https:\/\/i0.wp.com\/noticiasribeiraopreto.com.br\/wp-content\/uploads\/2026\/09\/tarcisio-haddad-entrevista.jpeg?fit=768%2C432&ssl=1&resize=350%2C200","width":350,"height":200,"srcset":"https:\/\/i0.wp.com\/noticiasribeiraopreto.com.br\/wp-content\/uploads\/2026\/09\/tarcisio-haddad-entrevista.jpeg?fit=768%2C432&ssl=1&resize=350%2C200 1x, https:\/\/i0.wp.com\/noticiasribeiraopreto.com.br\/wp-content\/uploads\/2026\/09\/tarcisio-haddad-entrevista.jpeg?fit=768%2C432&ssl=1&resize=525%2C300 1.5x, https:\/\/i0.wp.com\/noticiasribeiraopreto.com.br\/wp-content\/uploads\/2026\/09\/tarcisio-haddad-entrevista.jpeg?fit=768%2C432&ssl=1&resize=700%2C400 2x"},"classes":[]},{"id":90914,"url":"https:\/\/noticiasribeiraopreto.com.br\/index.php\/2026\/09\/01\/setembro-previsao-frentes-frias-aumento-chuvas-estado-sao-paulo\/","url_meta":{"origin":90900,"position":1},"title":"Setembro tem previs\u00e3o de frentes frias e aumento de chuvas no estado de S\u00e3o Paulo","author":"noticiasribeiraopreto.com.br","date":"1 de September de 2026","format":false,"excerpt":"O m\u00eas de setembro de 2026 marca a transi\u00e7\u00e3o entre o inverno e a primavera em territ\u00f3rio brasileiro. No estado de S\u00e3o Paulo, o comportamento do tempo ao longo do per\u00edodo ser\u00e1 determinado pela atua\u00e7\u00e3o do fen\u00f4meno El Ni\u00f1o e pela eleva\u00e7\u00e3o de temperatura observada nas \u00e1guas do Oceano Atl\u00e2ntico,\u2026","rel":"","context":"In &quot;Not\u00edcias de Ribeir\u00e3o Preto-SP e Regi\u00e3o&quot;","block_context":{"text":"Not\u00edcias de Ribeir\u00e3o Preto-SP e Regi\u00e3o","link":"https:\/\/noticiasribeiraopreto.com.br\/index.php\/category\/noticias-de-ribeirao-preto-sp-e-regiao-ismael-colosi\/"},"img":{"alt_text":"","src":"https:\/\/i0.wp.com\/noticiasribeiraopreto.com.br\/wp-content\/uploads\/2026\/09\/CHUVA-RIBEIRAO-PRETO_2025-03-23_20-40-26_jpg_2025-03-23_20-40-26.webp.webp?fit=1030%2C644&ssl=1&resize=350%2C200","width":350,"height":200,"srcset":"https:\/\/i0.wp.com\/noticiasribeiraopreto.com.br\/wp-content\/uploads\/2026\/09\/CHUVA-RIBEIRAO-PRETO_2025-03-23_20-40-26_jpg_2025-03-23_20-40-26.webp.webp?fit=1030%2C644&ssl=1&resize=350%2C200 1x, https:\/\/i0.wp.com\/noticiasribeiraopreto.com.br\/wp-content\/uploads\/2026\/09\/CHUVA-RIBEIRAO-PRETO_2025-03-23_20-40-26_jpg_2025-03-23_20-40-26.webp.webp?fit=1030%2C644&ssl=1&resize=525%2C300 1.5x, https:\/\/i0.wp.com\/noticiasribeiraopreto.com.br\/wp-content\/uploads\/2026\/09\/CHUVA-RIBEIRAO-PRETO_2025-03-23_20-40-26_jpg_2025-03-23_20-40-26.webp.webp?fit=1030%2C644&ssl=1&resize=700%2C400 2x"},"classes":[]},{"id":89923,"url":"https:\/\/noticiasribeiraopreto.com.br\/index.php\/2026\/08\/13\/haddad-participa-de-eventos-em-ribeirao-preto-e-regiao-a-partir-de-hoje-confira-a-agenda\/","url_meta":{"origin":90900,"position":2},"title":"Haddad participa de eventos em Ribeir\u00e3o Preto e regi\u00e3o a partir de hoje; Confira a agenda","author":"noticiasribeiraopreto.com.br","date":"13 de August de 2026","format":false,"excerpt":"Fernando Haddad (PT), ex-ministro da Economia e candidato ao Governo de S\u00e3o Paulo em 2026, cumpre agenda em Ribeir\u00e3o Preto e regi\u00e3o a partir desta quinta-feira (13).Nesta manh\u00e3, Haddad cumpriu agenda em Barretos, quando participou do evento: \u201cDi\u00e1logo por S\u00e3o Paulo: Desenvolvimento, Trabalho e Futuro\u201d. Al\u00e9m disso, o pol\u00edtico participa\u2026","rel":"","context":"In &quot;Not\u00edcias de Ribeir\u00e3o Preto-SP e Regi\u00e3o&quot;","block_context":{"text":"Not\u00edcias de Ribeir\u00e3o Preto-SP e Regi\u00e3o","link":"https:\/\/noticiasribeiraopreto.com.br\/index.php\/category\/noticias-de-ribeirao-preto-sp-e-regiao-ismael-colosi\/"},"img":{"alt_text":"","src":"https:\/\/i0.wp.com\/noticiasribeiraopreto.com.br\/wp-content\/uploads\/2026\/08\/Fernando-Haddad.jpg?fit=853%2C568&ssl=1&resize=350%2C200","width":350,"height":200,"srcset":"https:\/\/i0.wp.com\/noticiasribeiraopreto.com.br\/wp-content\/uploads\/2026\/08\/Fernando-Haddad.jpg?fit=853%2C568&ssl=1&resize=350%2C200 1x, https:\/\/i0.wp.com\/noticiasribeiraopreto.com.br\/wp-content\/uploads\/2026\/08\/Fernando-Haddad.jpg?fit=853%2C568&ssl=1&resize=525%2C300 1.5x, https:\/\/i0.wp.com\/noticiasribeiraopreto.com.br\/wp-content\/uploads\/2026\/08\/Fernando-Haddad.jpg?fit=853%2C568&ssl=1&resize=700%2C400 2x"},"classes":[]},{"id":89939,"url":"https:\/\/noticiasribeiraopreto.com.br\/index.php\/2026\/08\/13\/o-que-precisa-e-sanear-as-contas-do-estado-diz-haddad-durante-visita-a-fenasucro\/","url_meta":{"origin":90900,"position":3},"title":"\u2018O que precisa \u00e9 sanear as contas do estado\u2019, diz Haddad durante visita \u00e0 Fenasucro","author":"noticiasribeiraopreto.com.br","date":"13 de August de 2026","format":false,"excerpt":"O ex-ministro da Fazenda Fernando Haddad criticou a situa\u00e7\u00e3o fiscal do estado de S\u00e3o Paulo durante visita \u00e0 Fenasucro & Agrocana, em Sert\u00e3ozinho, nesta quinta-feira (13). Segundo ele, o governo estadual precisa priorizar o equil\u00edbrio das contas antes de ampliar investimentos e atender novas demandas. \u201cEu estou preocupado, e tenho\u2026","rel":"","context":"In &quot;Not\u00edcias de Ribeir\u00e3o Preto-SP e Regi\u00e3o&quot;","block_context":{"text":"Not\u00edcias de Ribeir\u00e3o Preto-SP e Regi\u00e3o","link":"https:\/\/noticiasribeiraopreto.com.br\/index.php\/category\/noticias-de-ribeirao-preto-sp-e-regiao-ismael-colosi\/"},"img":{"alt_text":"","src":"https:\/\/i0.wp.com\/noticiasribeiraopreto.com.br\/wp-content\/uploads\/2026\/08\/INCENDIO.png?fit=1200%2C675&ssl=1&resize=350%2C200","width":350,"height":200,"srcset":"https:\/\/i0.wp.com\/noticiasribeiraopreto.com.br\/wp-content\/uploads\/2026\/08\/INCENDIO.png?fit=1200%2C675&ssl=1&resize=350%2C200 1x, https:\/\/i0.wp.com\/noticiasribeiraopreto.com.br\/wp-content\/uploads\/2026\/08\/INCENDIO.png?fit=1200%2C675&ssl=1&resize=525%2C300 1.5x, https:\/\/i0.wp.com\/noticiasribeiraopreto.com.br\/wp-content\/uploads\/2026\/08\/INCENDIO.png?fit=1200%2C675&ssl=1&resize=700%2C400 2x, https:\/\/i0.wp.com\/noticiasribeiraopreto.com.br\/wp-content\/uploads\/2026\/08\/INCENDIO.png?fit=1200%2C675&ssl=1&resize=1050%2C600 3x"},"classes":[]},{"id":75282,"url":"https:\/\/noticiasribeiraopreto.com.br\/index.php\/2025\/08\/06\/haddad-entrega-hoje-a-lula-plano-contra-efeitos-do-tarifaco-dos-eua\/","url_meta":{"origin":90900,"position":4},"title":"Haddad entrega hoje a Lula plano contra efeitos do tarifa\u00e7o dos EUA","author":"noticiasribeiraopreto.com.br","date":"6 de August de 2025","format":false,"excerpt":"O texto da medida provis\u00f3ria (MP) com as a\u00e7\u00f5es planejadas pelo governo federal, em resposta ao tarifa\u00e7o imposto pelo presidente dos Estados Unidos (EUA), Donald Trump, contra os produtos com origem no Brasil, ser\u00e1 enviado ao Pal\u00e1cio do Planalto pelo Minist\u00e9rio da Fazenda ainda nesta quarta-feira (6). \u201cSer\u00e1 um plano\u2026","rel":"","context":"In &quot;Not\u00edcias de Ribeir\u00e3o Preto-SP e Regi\u00e3o&quot;","block_context":{"text":"Not\u00edcias de Ribeir\u00e3o Preto-SP e Regi\u00e3o","link":"https:\/\/noticiasribeiraopreto.com.br\/index.php\/category\/noticias-de-ribeirao-preto-sp-e-regiao-ismael-colosi\/"},"img":{"alt_text":"","src":"https:\/\/i0.wp.com\/noticiasribeiraopreto.com.br\/wp-content\/uploads\/2025\/08\/Haddad1.jpeg?fit=1170%2C700&ssl=1&resize=350%2C200","width":350,"height":200,"srcset":"https:\/\/i0.wp.com\/noticiasribeiraopreto.com.br\/wp-content\/uploads\/2025\/08\/Haddad1.jpeg?fit=1170%2C700&ssl=1&resize=350%2C200 1x, https:\/\/i0.wp.com\/noticiasribeiraopreto.com.br\/wp-content\/uploads\/2025\/08\/Haddad1.jpeg?fit=1170%2C700&ssl=1&resize=525%2C300 1.5x, https:\/\/i0.wp.com\/noticiasribeiraopreto.com.br\/wp-content\/uploads\/2025\/08\/Haddad1.jpeg?fit=1170%2C700&ssl=1&resize=700%2C400 2x, https:\/\/i0.wp.com\/noticiasribeiraopreto.com.br\/wp-content\/uploads\/2025\/08\/Haddad1.jpeg?fit=1170%2C700&ssl=1&resize=1050%2C600 3x"},"classes":[]},{"id":89843,"url":"https:\/\/noticiasribeiraopreto.com.br\/index.php\/2026\/08\/12\/pianista-e-convidada-de-show-gratuito-em-ribeirao-preto-veja-quando\/","url_meta":{"origin":90900,"position":5},"title":"Pianista \u00e9 convidada de show gratuito em Ribeir\u00e3o Preto; veja quando","author":"noticiasribeiraopreto.com.br","date":"12 de August de 2026","format":false,"excerpt":"A pianista Gisele Laura Haddad \u00e9 a convidada deste domingo (16) do projeto Choro na Esquina, iniciativa que busca propagar o chorinho brasileiro em Ribeir\u00e3o Preto. O espet\u00e1culo acontece \u00e0s 9h30, no Hall do Teatro Minaz, localizado na rua Carlos Chagas, no Jardim Paulista. A entrada \u00e9 gratuita e n\u00e3o\u2026","rel":"","context":"In &quot;Not\u00edcias de Ribeir\u00e3o Preto-SP e Regi\u00e3o&quot;","block_context":{"text":"Not\u00edcias de Ribeir\u00e3o Preto-SP e Regi\u00e3o","link":"https:\/\/noticiasribeiraopreto.com.br\/index.php\/category\/noticias-de-ribeirao-preto-sp-e-regiao-ismael-colosi\/"},"img":{"alt_text":"","src":"https:\/\/i0.wp.com\/noticiasribeiraopreto.com.br\/wp-content\/uploads\/2026\/08\/Pianista-Gisele-Laura-Haddad-e-a-convidada-do-projeto-Choro-na-Esquina.jpeg?fit=1200%2C666&ssl=1&resize=350%2C200","width":350,"height":200,"srcset":"https:\/\/i0.wp.com\/noticiasribeiraopreto.com.br\/wp-content\/uploads\/2026\/08\/Pianista-Gisele-Laura-Haddad-e-a-convidada-do-projeto-Choro-na-Esquina.jpeg?fit=1200%2C666&ssl=1&resize=350%2C200 1x, https:\/\/i0.wp.com\/noticiasribeiraopreto.com.br\/wp-content\/uploads\/2026\/08\/Pianista-Gisele-Laura-Haddad-e-a-convidada-do-projeto-Choro-na-Esquina.jpeg?fit=1200%2C666&ssl=1&resize=525%2C300 1.5x, https:\/\/i0.wp.com\/noticiasribeiraopreto.com.br\/wp-content\/uploads\/2026\/08\/Pianista-Gisele-Laura-Haddad-e-a-convidada-do-projeto-Choro-na-Esquina.jpeg?fit=1200%2C666&ssl=1&resize=700%2C400 2x, https:\/\/i0.wp.com\/noticiasribeiraopreto.com.br\/wp-content\/uploads\/2026\/08\/Pianista-Gisele-Laura-Haddad-e-a-convidada-do-projeto-Choro-na-Esquina.jpeg?fit=1200%2C666&ssl=1&resize=1050%2C600 3x"},"classes":[]}],"jetpack_sharing_enabled":true,"jetpack_shortlink":"https:\/\/wp.me\/peQAOb-nE8","jetpack_featured_media_url":"https:\/\/i0.wp.com\/noticiasribeiraopreto.com.br\/wp-content\/uploads\/2026\/09\/fernando-haddad-entrevista-2.jpeg?fit=1464%2C987&ssl=1","_links":{"self":[{"href":"https:\/\/noticiasribeiraopreto.com.br\/index.php\/wp-json\/wp\/v2\/posts\/90900","targetHints":{"allow":["GET"]}}],"collection":[{"href":"https:\/\/noticiasribeiraopreto.com.br\/index.php\/wp-json\/wp\/v2\/posts"}],"about":[{"href":"https:\/\/noticiasribeiraopreto.com.br\/index.php\/wp-json\/wp\/v2\/types\/post"}],"author":[{"embeddable":true,"href":"https:\/\/noticiasribeiraopreto.com.br\/index.php\/wp-json\/wp\/v2\/users\/1"}],"replies":[{"embeddable":true,"href":"https:\/\/noticiasribeiraopreto.com.br\/index.php\/wp-json\/wp\/v2\/comments?post=90900"}],"version-history":[{"count":0,"href":"https:\/\/noticiasribeiraopreto.com.br\/index.php\/wp-json\/wp\/v2\/posts\/90900\/revisions"}],"wp:featuredmedia":[{"embeddable":true,"href":"https:\/\/noticiasribeiraopreto.com.br\/index.php\/wp-json\/wp\/v2\/media\/90901"}],"wp:attachment":[{"href":"https:\/\/noticiasribeiraopreto.com.br\/index.php\/wp-json\/wp\/v2\/media?parent=90900"}],"wp:term":[{"taxonomy":"category","embeddable":true,"href":"https:\/\/noticiasribeiraopreto.com.br\/index.php\/wp-json\/wp\/v2\/categories?post=90900"},{"taxonomy":"post_tag","embeddable":true,"href":"https:\/\/noticiasribeiraopreto.com.br\/index.php\/wp-json\/wp\/v2\/tags?post=90900"}],"curies":[{"name":"wp","href":"https:\/\/api.w.org\/{rel}","templated":true}]}}